{"id":106184,"date":"2023-07-19T06:00:00","date_gmt":"2023-07-19T04:00:00","guid":{"rendered":"https:\/\/bizkeliza.org\/?p=106184"},"modified":"2023-07-19T12:02:01","modified_gmt":"2023-07-19T10:02:01","slug":"x-goicouria-kongon-gertatze-dana-ikusi-ezik-ezin-da-ulertu","status":"publish","type":"post","link":"https:\/\/bizkeliza.org\/eu\/noticia\/x-goicouria-kongon-gertatze-dana-ikusi-ezik-ezin-da-ulertu\/","title":{"rendered":"X. Goicour\u00eda: \u201cKongon gertatze dana, ikusi ezik, ezin da ulertu\u201d"},"content":{"rendered":"\n<p><p><strong>Interesgarria dalakoan, hona hemen Goikuriak Bilboko gotzainari idatzi deutsan gutuna:<\/strong><\/p><\/p>\n\n<p><p><strong>Querido Joseba<\/strong>:<\/p><\/p>\n\n<p>\u00a0\u00a0\u00a0\u00a0\u00a0\u00a0\u00a0\u00a0\u00a0El d\u00eda que volv\u00edais hacia <strong>Lubumbashi <\/strong>para coger el avi\u00f3n, el ch\u00f3fer os llev\u00f3 a un campo de mineros artesanales y comprobasteis la miseria en la que viv\u00edan.\u00a0Casas construidas con chapas de zinc, sin espacios libres entre ellas, sin calles, sin WC, sin lugares de esparcimiento para los ni\u00f1os, todas api\u00f1adas, con mucho ruido de m\u00fasica de cualquier clase, con cantidad de comercios y peque\u00f1os bares, prost\u00edbulos, gente por todos los lados, barro, etc., y est\u00e1 considerado como un <em>\u201ccampamento\u201d<\/em> de cinco estrellas. En esos lugares es muy peligroso que le vean a alguien con un aparato de fotos porque le pueden linchar. Creen que van a sacar fotos para re\u00edrse despu\u00e9s de ellos.<\/p>\n\n<h3 class=\"wp-block-heading\"><strong>\u00a0\u00a0\u00a0\u00a0\u00a0\u00a0\u00a0\u00a0\u00a0\u00a0\u00a0Las  minas<\/strong><\/h3>\n\n<p>         Est\u00e1 prohibido acercarse a esas minas en las que se trabaja manualmente y normalmente est\u00e1n protegidas por los militares para evitar la llegada de intrusos que puedan filmar lo que no est\u00e1 permitido que se publique. Los mineros est\u00e1n obligados a pagar a sus <em>\u201cprotectores\u201d, <\/em>y a \u00e9stos les da lo mismo que quien entre en la concesi\u00f3n sean ni\u00f1os o mujeres con tal de que les paguen lo que est\u00e1 convenido. All\u00ed trabajan todos, unos con pico y pala sacando el mineral y otros limpiando la tierra y lavando el mineral para que pueda ser vendido m\u00e1s f\u00e1cilmente a los compradores, normalmente chinos. Ellos se encargan de fundirlo y sacar las planchas de cobre que las env\u00edan a su pa\u00eds.<\/p>\n\n<figure class=\"wp-block-image aligncenter size-full is-resized\"><img decoding=\"async\" src=\"https:\/\/bizkeliza.org\/wp-content\/uploads\/656-9.jpg\" alt=\"\" class=\"wp-image-100116\" width=\"520\" height=\"390\" srcset=\"https:\/\/bizkeliza.org\/wp-content\/uploads\/656-9.jpg 520w, https:\/\/bizkeliza.org\/wp-content\/uploads\/656-9-480x360.jpg 480w\" sizes=\"(min-width: 0px) and (max-width: 480px) 480px, (min-width: 481px) 520px, 100vw\" \/><\/figure>\n<p>\u00a0\u00a0\u00a0\u00a0\u00a0\u00a0\u00a0\u00a0\u00a0\u00a0\u00a0 Hay muchos mineros que no est\u00e1n de acuerdo con esa situaci\u00f3n, pero \u00bfd\u00f3nde van a ir a manifestar su descontento? Nadie los escucha y es peligroso aparecer como promotor de gentes que no est\u00e1n contentos con la situaci\u00f3n. Ponen en juego su libertad y a veces incluso su vida. Otros, no se atreven a dejar esa forma de vida, en la que tambi\u00e9n tienen que trabajar sus hijos para poder vivir con una cierta decencia. No tienen valor para dejar esta ocupaci\u00f3n y dedicarse a manejar la azada, porque piensan que ese es un trabajo muy duro y, adem\u00e1s, no hay un terreno cultivable cerca de las ciudades.<\/p>\n\n<figure class=\"wp-block-image aligncenter size-full is-resized\"><img decoding=\"async\" src=\"https:\/\/bizkeliza.org\/wp-content\/uploads\/354585971_673491438156184_2564734924606374716_n.jpg\" alt=\"gotzaina Kongoko ED\" class=\"wp-image-85719\" width=\"567\" height=\"425\" srcset=\"https:\/\/bizkeliza.org\/wp-content\/uploads\/354585971_673491438156184_2564734924606374716_n.jpg 567w, https:\/\/bizkeliza.org\/wp-content\/uploads\/354585971_673491438156184_2564734924606374716_n-480x360.jpg 480w\" sizes=\"(min-width: 0px) and (max-width: 480px) 480px, (min-width: 481px) 567px, 100vw\" \/><figcaption class=\"wp-element-caption\">Xabier, txapel urdinaz, Bilboko gotzainagaz<\/figcaption><\/figure>\n<p>\u00a0\u00a0\u00a0\u00a0\u00a0\u00a0\u00a0\u00a0\u00a0\u00a0\u00a0 Entre las muchas posesiones que tienen aqu\u00ed los chinos, cuentan tambi\u00e9n con una mina de oro en el Norte, pero tuvieron la desgracia de que, como consecuencia de las lluvias torrenciales de finales de la \u00e9poca h\u00fameda, se derrumb\u00f3 una galer\u00eda y fallecieron todos los que trabajaban en ella. Algunos familiares de las v\u00edctimas quisieron acercarse al lugar de la desgracia y no les permitieron los chinos, dici\u00e9ndoles que aquella tierra les pertenec\u00eda y que no podr\u00edan acercarse de la mina. Ya hay algunos que dicen que no viven en el <strong>Congo<\/strong>, porque es una posesi\u00f3n china, sino que han nacido en una tierra que les han cedido los chinos.<\/p>\n\n<p>\u00a0\u00a0\u00a0\u00a0\u00a0\u00a0\u00a0\u00a0\u00a0\u00a0\u00a0 Lo que ocurre en el <strong>Congo <\/strong>es dif\u00edcil de comprender si no se ve. La apat\u00eda, el ego\u00edsmo, la indiferencia, la anarqu\u00eda, el tribalismo, el robo, la prostituci\u00f3n, la mentira, la corrupci\u00f3n, son de tal calibre, que habr\u00e1 pocos pa\u00edses en el mundo en el que tambi\u00e9n puedan sufrir la misma situaci\u00f3n. Se pueden padecer algunas de estas plagas, pero\u2026 \u00bftodas?<\/p>\n\n<h3 class=\"wp-block-heading\"><strong>\u00a0\u00a0\u00a0\u00a0\u00a0\u00a0\u00a0\u00a0\u00a0\u00a0\u00a0Pobreza extrema<\/strong><\/h3>\n\n<p>           Es inconcebible que en un pa\u00eds que est\u00e1 considerado como uno de los m\u00e1s ricos del mundo, exista tanta miseria. Y muchos de los males arriba se\u00f1alados son fruto de la pobreza extrema a la que est\u00e1 sometida la gente. Hay gente que se muere en casa porque no tiene dinero para ir al hospital o pagar la consulta del m\u00e9dico o comprar las medicinas que le han recetado.<\/p>\n\n<p>\u00a0\u00a0\u00a0\u00a0\u00a0\u00a0\u00a0\u00a0\u00a0\u00a0\u00a0 Si el alumno no saca buenas notas y se expone a repetir curso, su padre ir\u00e1 a visitar a su maestro y le llevar\u00e1 algo que alegre su bolsillo y el alumno pasa de curso. En la Universidad, se venden los t\u00edtulos o se convierte en <em>\u201cqueridas\u201d<\/em> del profesor para poder aprobar la asignatura.<\/p>\n\n<p>\u00a0\u00a0\u00a0\u00a0\u00a0\u00a0\u00a0\u00a0\u00a0\u00a0\u00a0 Durante la temporada dura del Covid, hab\u00eda barreras en todas las carreteras de acceso a la ciudad para evitar que la enfermedad atacara a sus habitantes. Todos los veh\u00edculos deb\u00edan pararse y mostrar que hab\u00edan recibido las vacunas para defenderse de la enfermedad, pero quien <em>\u201csoltara\u201d <\/em>una propina a los guardias que custodiaban la barrera, pasaban sin que fueran molestados.<\/p>\n\n<h3 class=\"wp-block-heading\"><strong>\u00a0\u00a0\u00a0\u00a0\u00a0\u00a0\u00a0\u00a0\u00a0Defensa de la naturaleza<\/strong><\/h3>\n\n<p>            En casa tenemos un cami\u00f3n que en su d\u00eda nos concedi\u00f3 <strong>Manos Unidas <\/strong>y la gente viene a alquilarlo. Les pregunto siempre: <em>\u201cQu\u00e9 es lo que vais a transportar\u201d<\/em> y como me digan que <em>\u201cUnos \u00e1rboles que hemos cortado para construir nuestra casa\u201d \u201c\u00bfY hab\u00e9is plantado otros para que vuestros hijos tengan tambi\u00e9n madera, ya sea para cocinar con ella o construir tambi\u00e9n su casa?\u201d <\/em>Y como la respuesta sea negativa, el cami\u00f3n se queda en casa. No hay una pol\u00edtica de defensa de la naturaleza. Sobre el papel existen las leyes, pero no las cumple nadie y si un congole\u00f1o lleva sobre su bicicleta un par de sacos de carb\u00f3n vegetal, la polic\u00eda le impondr\u00e1 una multa y seguir\u00e1 en paz.<\/p>\n\n<p>\u00a0\u00a0\u00a0\u00a0\u00a0\u00a0\u00a0\u00a0\u00a0\u00a0\u00a0 El pa\u00eds nunca est\u00e1 tranquilo. Por una parte, est\u00e1n los guerrilleros de los pa\u00edses vecinos que quieren anexionarse una parte de nuestro territorio, por otra parte, est\u00e1n los enfrentamientos tribales que contin\u00faan y parece que nadie est\u00e1 interesado en calmarles, adem\u00e1s hay bandas de j\u00f3venes que van causando el terror por su violencia. Nadie se enfrenta a ellos. Roban, matan, se escapan y la polic\u00eda no se atreve a hacerles frente. Casi todas las ma\u00f1anas descubren alg\u00fan cad\u00e1ver metido en un saco, en las calles de Lubumbashi, asesinado a machetazos. En nuestra zona est\u00e1n los <strong>Bakata Katanga.<\/strong>\u00a0 Pero no tem\u00e1is por m\u00ed, porque es cuesti\u00f3n de no permanecer en la calle una vez anochecido y procuro ser prudente. Siempre hay algunos faroles que se creen inmortales porque han tomado alguna p\u00f3cima que les ha procurado un curandero y a veces lo pagan caro.<\/p>\n\n<p>\u00a0\u00a0\u00a0\u00a0\u00a0\u00a0\u00a0\u00a0\u00a0\u00a0\u00a0 Ahora hay una ola secuestros que tiene aterrorizado al pa\u00eds. \u00a0El 7 de julio, el tribunal de <strong>Kinshasa <\/strong>ha condenado a la pena capital a 20 personas acusadas de secuestros, violaciones, robos, etc. Corren rumores de que se han escapado, ayudados por sus compa\u00f1eros polic\u00edas y militares. Ahora nos preparamos para las elecciones, que tendr\u00e1n lugar el 20 de diciembre. Hay unos cuantos candidatos para la presidencia y todos los golpes bajos est\u00e1n permitidos para alcanzar lo que se pretende. De hecho, ya han aparecido asesinados varios miembros de la oposici\u00f3n y aunque todos gritan <em>\u201cQue se haga justicia\u201d<\/em>, nadie mueve un dedo para esclarecer los hechos.<\/p>\n\n<p><strong>\u00a0\u00a0\u00a0\u00a0\u00a0\u00a0\u00a0\u00a0\u00a0\u00a0\u00a0 Qu\u00e9 dif\u00edcil es predicar cuando lo bueno y lo malo se confunden y lo mismo da lo uno que lo otro, qu\u00e9 dif\u00edcil es amar cuando se reciben consignas de despreciar a los de la otra tribu, qu\u00e9 dif\u00edcil es hablar de Dios cuando trato de hacer solamente lo que me da la gana, qu\u00e9 dif\u00edcil es ayudar al pr\u00f3jimo cuando \u00fanicamente pretendo que me ayuden a m\u00ed.<\/strong><\/p>\n\n<p>\u00a0\u00a0\u00a0\u00a0\u00a0\u00a0\u00a0\u00a0\u00a0\u00a0\u00a0 Barriro idatzi arte. Besarkada bat<\/p>\n\n<p>\u00a0\u00a0\u00a0\u00a0\u00a0\u00a0\u00a0\u00a0\u00a0\u00a0\u00a0 Xabier<\/p>\n","protected":false},"excerpt":{"rendered":"<p>Interesgarria dalakoan, hona hemen Goikuriak Bilboko gotzainari idatzi deutsan gutuna: Querido Joseba: \u00a0\u00a0\u00a0\u00a0\u00a0\u00a0\u00a0\u00a0\u00a0El d\u00eda que volv\u00edais hacia Lubumbashi para coger el avi\u00f3n, el ch\u00f3fer os llev\u00f3 a un campo de mineros artesanales y comprobasteis la miseria en la que viv\u00edan.\u00a0Casas construidas con chapas de zinc, sin espacios libres entre ellas, sin calles, sin WC, sin [&hellip;]<\/p>\n","protected":false},"author":20,"featured_media":19000,"comment_status":"closed","ping_status":"closed","sticky":false,"template":"","format":"standard","meta":{"_acf_changed":false,"_et_pb_use_builder":"off","_et_pb_old_content":"","_et_gb_content_width":"","footnotes":""},"categories":[506,504],"tags":[511],"class_list":["post-106184","post","type-post","status-publish","format-standard","has-post-thumbnail","hentry","category-lehenengo-orrialdea","category-misinoak","tag-afrika"],"acf":[],"yoast_head":"<!-- This site is optimized with the Yoast SEO Premium plugin v27.5 (Yoast SEO v27.5) - https:\/\/yoast.com\/product\/yoast-seo-premium-wordpress\/ -->\n<title>X. Goicour\u00eda: \u201cKongon gertatze dana, ikusi ezik, ezin da ulertu\u201d<\/title>\n<meta name=\"description\" content=\"Interesgarria dalakoan, hona hemen Goikuriak Bilboko gotzainari idatzi deutsan gutuna: Joseba maitea, ... egunean\" \/>\n<meta name=\"robots\" content=\"index, follow, max-snippet:-1, max-image-preview:large, max-video-preview:-1\" \/>\n<link rel=\"canonical\" href=\"https:\/\/bizkeliza.org\/eu\/noticia\/x-goicouria-kongon-gertatze-dana-ikusi-ezik-ezin-da-ulertu\/\" \/>\n<meta property=\"og:locale\" content=\"eu_ES\" \/>\n<meta property=\"og:type\" content=\"article\" \/>\n<meta property=\"og:title\" content=\"X. Goicour\u00eda: \u201cKongon gertatze dana, ikusi ezik, ezin da ulertu\u201d\" \/>\n<meta property=\"og:description\" content=\"Interesgarria dalakoan, hona hemen Goikuriak Bilboko gotzainari idatzi deutsan gutuna: Joseba maitea, ... egunean\" \/>\n<meta property=\"og:url\" content=\"https:\/\/bizkeliza.org\/eu\/noticia\/x-goicouria-kongon-gertatze-dana-ikusi-ezik-ezin-da-ulertu\/\" \/>\n<meta property=\"og:site_name\" content=\"Bilboko Elizbarrutia - Di\u00f3cesis de Bilbao\" \/>\n<meta property=\"article:publisher\" content=\"https:\/\/www.facebook.com\/DiocesisBilbao\/\" \/>\n<meta property=\"article:published_time\" content=\"2023-07-19T04:00:00+00:00\" \/>\n<meta property=\"article:modified_time\" content=\"2023-07-19T10:02:01+00:00\" \/>\n<meta property=\"og:image\" content=\"https:\/\/bizkeliza.org\/wp-content\/uploads\/whatsapp_image_2021-12-05_at_13-34-01__1_.jpeg\" \/>\n\t<meta property=\"og:image:width\" content=\"754\" \/>\n\t<meta property=\"og:image:height\" content=\"1008\" \/>\n\t<meta property=\"og:image:type\" content=\"image\/jpeg\" \/>\n<meta name=\"author\" content=\"bkareaga\" \/>\n<meta name=\"twitter:card\" content=\"summary_large_image\" \/>\n<meta name=\"twitter:creator\" content=\"@DiocesisBilbao\" \/>\n<meta name=\"twitter:site\" content=\"@DiocesisBilbao\" \/>\n<script type=\"application\/ld+json\" class=\"yoast-schema-graph\">{\"@context\":\"https:\\\/\\\/schema.org\",\"@graph\":[{\"@type\":\"Article\",\"@id\":\"https:\\\/\\\/bizkeliza.org\\\/eu\\\/noticia\\\/x-goicouria-kongon-gertatze-dana-ikusi-ezik-ezin-da-ulertu\\\/#article\",\"isPartOf\":{\"@id\":\"https:\\\/\\\/bizkeliza.org\\\/eu\\\/noticia\\\/x-goicouria-kongon-gertatze-dana-ikusi-ezik-ezin-da-ulertu\\\/\"},\"author\":{\"name\":\"bkareaga\",\"@id\":\"https:\\\/\\\/bizkeliza.org\\\/eu\\\/#\\\/schema\\\/person\\\/1f27c53156256531056d48959c2f2008\"},\"headline\":\"X. Goicour\u00eda: \u201cKongon gertatze dana, ikusi ezik, ezin da ulertu\u201d\",\"datePublished\":\"2023-07-19T04:00:00+00:00\",\"dateModified\":\"2023-07-19T10:02:01+00:00\",\"mainEntityOfPage\":{\"@id\":\"https:\\\/\\\/bizkeliza.org\\\/eu\\\/noticia\\\/x-goicouria-kongon-gertatze-dana-ikusi-ezik-ezin-da-ulertu\\\/\"},\"wordCount\":1267,\"publisher\":{\"@id\":\"https:\\\/\\\/bizkeliza.org\\\/eu\\\/#organization\"},\"image\":{\"@id\":\"https:\\\/\\\/bizkeliza.org\\\/eu\\\/noticia\\\/x-goicouria-kongon-gertatze-dana-ikusi-ezik-ezin-da-ulertu\\\/#primaryimage\"},\"thumbnailUrl\":\"https:\\\/\\\/bizkeliza.org\\\/wp-content\\\/uploads\\\/whatsapp_image_2021-12-05_at_13-34-01__1_.jpeg\",\"keywords\":[\"Afrika\"],\"articleSection\":[\"Lehenengo Orrialdea\",\"Misinoak\"],\"inLanguage\":\"eu-ES\"},{\"@type\":\"WebPage\",\"@id\":\"https:\\\/\\\/bizkeliza.org\\\/eu\\\/noticia\\\/x-goicouria-kongon-gertatze-dana-ikusi-ezik-ezin-da-ulertu\\\/\",\"url\":\"https:\\\/\\\/bizkeliza.org\\\/eu\\\/noticia\\\/x-goicouria-kongon-gertatze-dana-ikusi-ezik-ezin-da-ulertu\\\/\",\"name\":\"X. Goicour\u00eda: \u201cKongon gertatze dana, ikusi ezik, ezin da ulertu\u201d\",\"isPartOf\":{\"@id\":\"https:\\\/\\\/bizkeliza.org\\\/eu\\\/#website\"},\"primaryImageOfPage\":{\"@id\":\"https:\\\/\\\/bizkeliza.org\\\/eu\\\/noticia\\\/x-goicouria-kongon-gertatze-dana-ikusi-ezik-ezin-da-ulertu\\\/#primaryimage\"},\"image\":{\"@id\":\"https:\\\/\\\/bizkeliza.org\\\/eu\\\/noticia\\\/x-goicouria-kongon-gertatze-dana-ikusi-ezik-ezin-da-ulertu\\\/#primaryimage\"},\"thumbnailUrl\":\"https:\\\/\\\/bizkeliza.org\\\/wp-content\\\/uploads\\\/whatsapp_image_2021-12-05_at_13-34-01__1_.jpeg\",\"datePublished\":\"2023-07-19T04:00:00+00:00\",\"dateModified\":\"2023-07-19T10:02:01+00:00\",\"description\":\"Interesgarria dalakoan, hona hemen Goikuriak Bilboko gotzainari idatzi deutsan gutuna: Joseba maitea, ... egunean\",\"breadcrumb\":{\"@id\":\"https:\\\/\\\/bizkeliza.org\\\/eu\\\/noticia\\\/x-goicouria-kongon-gertatze-dana-ikusi-ezik-ezin-da-ulertu\\\/#breadcrumb\"},\"inLanguage\":\"eu-ES\",\"potentialAction\":[{\"@type\":\"ReadAction\",\"target\":[\"https:\\\/\\\/bizkeliza.org\\\/eu\\\/noticia\\\/x-goicouria-kongon-gertatze-dana-ikusi-ezik-ezin-da-ulertu\\\/\"]}]},{\"@type\":\"ImageObject\",\"inLanguage\":\"eu-ES\",\"@id\":\"https:\\\/\\\/bizkeliza.org\\\/eu\\\/noticia\\\/x-goicouria-kongon-gertatze-dana-ikusi-ezik-ezin-da-ulertu\\\/#primaryimage\",\"url\":\"https:\\\/\\\/bizkeliza.org\\\/wp-content\\\/uploads\\\/whatsapp_image_2021-12-05_at_13-34-01__1_.jpeg\",\"contentUrl\":\"https:\\\/\\\/bizkeliza.org\\\/wp-content\\\/uploads\\\/whatsapp_image_2021-12-05_at_13-34-01__1_.jpeg\",\"width\":754,\"height\":1008,\"caption\":\"Xabier Goicouria, ante la escultura inaugurada durante su homenaje.\"},{\"@type\":\"BreadcrumbList\",\"@id\":\"https:\\\/\\\/bizkeliza.org\\\/eu\\\/noticia\\\/x-goicouria-kongon-gertatze-dana-ikusi-ezik-ezin-da-ulertu\\\/#breadcrumb\",\"itemListElement\":[{\"@type\":\"ListItem\",\"position\":1,\"name\":\"Portada\",\"item\":\"https:\\\/\\\/bizkeliza.org\\\/eu\\\/\"},{\"@type\":\"ListItem\",\"position\":2,\"name\":\"X. Goicour\u00eda: \u201cKongon gertatze dana, ikusi ezik, ezin da ulertu\u201d\"}]},{\"@type\":\"WebSite\",\"@id\":\"https:\\\/\\\/bizkeliza.org\\\/eu\\\/#website\",\"url\":\"https:\\\/\\\/bizkeliza.org\\\/eu\\\/\",\"name\":\"Bilboko Elizbarrutia - Di\u00f3cesis de Bilbao\",\"description\":\"Di\u00f3cesis de Bilbao\",\"publisher\":{\"@id\":\"https:\\\/\\\/bizkeliza.org\\\/eu\\\/#organization\"},\"alternateName\":\"Di\u00f3cesis de Bilbao\",\"potentialAction\":[{\"@type\":\"SearchAction\",\"target\":{\"@type\":\"EntryPoint\",\"urlTemplate\":\"https:\\\/\\\/bizkeliza.org\\\/eu\\\/?s={search_term_string}\"},\"query-input\":{\"@type\":\"PropertyValueSpecification\",\"valueRequired\":true,\"valueName\":\"search_term_string\"}}],\"inLanguage\":\"eu-ES\"},{\"@type\":\"Organization\",\"@id\":\"https:\\\/\\\/bizkeliza.org\\\/eu\\\/#organization\",\"name\":\"Di\u00f3cesis de Bilbao\",\"alternateName\":\"Di\u00f3cesis de Bilbao\",\"url\":\"https:\\\/\\\/bizkeliza.org\\\/eu\\\/\",\"logo\":{\"@type\":\"ImageObject\",\"inLanguage\":\"eu-ES\",\"@id\":\"https:\\\/\\\/bizkeliza.org\\\/eu\\\/#\\\/schema\\\/logo\\\/image\\\/\",\"url\":\"https:\\\/\\\/bizkeliza.org\\\/wp-content\\\/uploads\\\/2022\\\/06\\\/Logo-nuevo_2024-1-scaled.jpg\",\"contentUrl\":\"https:\\\/\\\/bizkeliza.org\\\/wp-content\\\/uploads\\\/2022\\\/06\\\/Logo-nuevo_2024-1-scaled.jpg\",\"width\":2560,\"height\":1024,\"caption\":\"Di\u00f3cesis de Bilbao\"},\"image\":{\"@id\":\"https:\\\/\\\/bizkeliza.org\\\/eu\\\/#\\\/schema\\\/logo\\\/image\\\/\"},\"sameAs\":[\"https:\\\/\\\/www.facebook.com\\\/DiocesisBilbao\\\/\",\"https:\\\/\\\/x.com\\\/DiocesisBilbao\",\"https:\\\/\\\/www.instagram.com\\\/obispadobilbao\\\/\",\"https:\\\/\\\/www.youtube.com\\\/user\\\/bilbokoelizbarrutia\"],\"description\":\"Iglesia local de Bilbao perteneciente a la Iglesia Cat\u00f3lica\"},{\"@type\":\"Person\",\"@id\":\"https:\\\/\\\/bizkeliza.org\\\/eu\\\/#\\\/schema\\\/person\\\/1f27c53156256531056d48959c2f2008\",\"name\":\"bkareaga\"}]}<\/script>\n<!-- \/ Yoast SEO Premium plugin. -->","yoast_head_json":{"title":"X. Goicour\u00eda: \u201cKongon gertatze dana, ikusi ezik, ezin da ulertu\u201d","description":"Interesgarria dalakoan, hona hemen Goikuriak Bilboko gotzainari idatzi deutsan gutuna: Joseba maitea, ... egunean","robots":{"index":"index","follow":"follow","max-snippet":"max-snippet:-1","max-image-preview":"max-image-preview:large","max-video-preview":"max-video-preview:-1"},"canonical":"https:\/\/bizkeliza.org\/eu\/noticia\/x-goicouria-kongon-gertatze-dana-ikusi-ezik-ezin-da-ulertu\/","og_locale":"eu_ES","og_type":"article","og_title":"X. Goicour\u00eda: \u201cKongon gertatze dana, ikusi ezik, ezin da ulertu\u201d","og_description":"Interesgarria dalakoan, hona hemen Goikuriak Bilboko gotzainari idatzi deutsan gutuna: Joseba maitea, ... egunean","og_url":"https:\/\/bizkeliza.org\/eu\/noticia\/x-goicouria-kongon-gertatze-dana-ikusi-ezik-ezin-da-ulertu\/","og_site_name":"Bilboko Elizbarrutia - Di\u00f3cesis de Bilbao","article_publisher":"https:\/\/www.facebook.com\/DiocesisBilbao\/","article_published_time":"2023-07-19T04:00:00+00:00","article_modified_time":"2023-07-19T10:02:01+00:00","og_image":[{"width":754,"height":1008,"url":"https:\/\/bizkeliza.org\/wp-content\/uploads\/whatsapp_image_2021-12-05_at_13-34-01__1_.jpeg","type":"image\/jpeg"}],"author":"bkareaga","twitter_card":"summary_large_image","twitter_creator":"@DiocesisBilbao","twitter_site":"@DiocesisBilbao","schema":{"@context":"https:\/\/schema.org","@graph":[{"@type":"Article","@id":"https:\/\/bizkeliza.org\/eu\/noticia\/x-goicouria-kongon-gertatze-dana-ikusi-ezik-ezin-da-ulertu\/#article","isPartOf":{"@id":"https:\/\/bizkeliza.org\/eu\/noticia\/x-goicouria-kongon-gertatze-dana-ikusi-ezik-ezin-da-ulertu\/"},"author":{"name":"bkareaga","@id":"https:\/\/bizkeliza.org\/eu\/#\/schema\/person\/1f27c53156256531056d48959c2f2008"},"headline":"X. Goicour\u00eda: \u201cKongon gertatze dana, ikusi ezik, ezin da ulertu\u201d","datePublished":"2023-07-19T04:00:00+00:00","dateModified":"2023-07-19T10:02:01+00:00","mainEntityOfPage":{"@id":"https:\/\/bizkeliza.org\/eu\/noticia\/x-goicouria-kongon-gertatze-dana-ikusi-ezik-ezin-da-ulertu\/"},"wordCount":1267,"publisher":{"@id":"https:\/\/bizkeliza.org\/eu\/#organization"},"image":{"@id":"https:\/\/bizkeliza.org\/eu\/noticia\/x-goicouria-kongon-gertatze-dana-ikusi-ezik-ezin-da-ulertu\/#primaryimage"},"thumbnailUrl":"https:\/\/bizkeliza.org\/wp-content\/uploads\/whatsapp_image_2021-12-05_at_13-34-01__1_.jpeg","keywords":["Afrika"],"articleSection":["Lehenengo Orrialdea","Misinoak"],"inLanguage":"eu-ES"},{"@type":"WebPage","@id":"https:\/\/bizkeliza.org\/eu\/noticia\/x-goicouria-kongon-gertatze-dana-ikusi-ezik-ezin-da-ulertu\/","url":"https:\/\/bizkeliza.org\/eu\/noticia\/x-goicouria-kongon-gertatze-dana-ikusi-ezik-ezin-da-ulertu\/","name":"X. Goicour\u00eda: \u201cKongon gertatze dana, ikusi ezik, ezin da ulertu\u201d","isPartOf":{"@id":"https:\/\/bizkeliza.org\/eu\/#website"},"primaryImageOfPage":{"@id":"https:\/\/bizkeliza.org\/eu\/noticia\/x-goicouria-kongon-gertatze-dana-ikusi-ezik-ezin-da-ulertu\/#primaryimage"},"image":{"@id":"https:\/\/bizkeliza.org\/eu\/noticia\/x-goicouria-kongon-gertatze-dana-ikusi-ezik-ezin-da-ulertu\/#primaryimage"},"thumbnailUrl":"https:\/\/bizkeliza.org\/wp-content\/uploads\/whatsapp_image_2021-12-05_at_13-34-01__1_.jpeg","datePublished":"2023-07-19T04:00:00+00:00","dateModified":"2023-07-19T10:02:01+00:00","description":"Interesgarria dalakoan, hona hemen Goikuriak Bilboko gotzainari idatzi deutsan gutuna: Joseba maitea, ... egunean","breadcrumb":{"@id":"https:\/\/bizkeliza.org\/eu\/noticia\/x-goicouria-kongon-gertatze-dana-ikusi-ezik-ezin-da-ulertu\/#breadcrumb"},"inLanguage":"eu-ES","potentialAction":[{"@type":"ReadAction","target":["https:\/\/bizkeliza.org\/eu\/noticia\/x-goicouria-kongon-gertatze-dana-ikusi-ezik-ezin-da-ulertu\/"]}]},{"@type":"ImageObject","inLanguage":"eu-ES","@id":"https:\/\/bizkeliza.org\/eu\/noticia\/x-goicouria-kongon-gertatze-dana-ikusi-ezik-ezin-da-ulertu\/#primaryimage","url":"https:\/\/bizkeliza.org\/wp-content\/uploads\/whatsapp_image_2021-12-05_at_13-34-01__1_.jpeg","contentUrl":"https:\/\/bizkeliza.org\/wp-content\/uploads\/whatsapp_image_2021-12-05_at_13-34-01__1_.jpeg","width":754,"height":1008,"caption":"Xabier Goicouria, ante la escultura inaugurada durante su homenaje."},{"@type":"BreadcrumbList","@id":"https:\/\/bizkeliza.org\/eu\/noticia\/x-goicouria-kongon-gertatze-dana-ikusi-ezik-ezin-da-ulertu\/#breadcrumb","itemListElement":[{"@type":"ListItem","position":1,"name":"Portada","item":"https:\/\/bizkeliza.org\/eu\/"},{"@type":"ListItem","position":2,"name":"X. Goicour\u00eda: \u201cKongon gertatze dana, ikusi ezik, ezin da ulertu\u201d"}]},{"@type":"WebSite","@id":"https:\/\/bizkeliza.org\/eu\/#website","url":"https:\/\/bizkeliza.org\/eu\/","name":"Bilboko Elizbarrutia - Di\u00f3cesis de Bilbao","description":"Di\u00f3cesis de Bilbao","publisher":{"@id":"https:\/\/bizkeliza.org\/eu\/#organization"},"alternateName":"Di\u00f3cesis de Bilbao","potentialAction":[{"@type":"SearchAction","target":{"@type":"EntryPoint","urlTemplate":"https:\/\/bizkeliza.org\/eu\/?s={search_term_string}"},"query-input":{"@type":"PropertyValueSpecification","valueRequired":true,"valueName":"search_term_string"}}],"inLanguage":"eu-ES"},{"@type":"Organization","@id":"https:\/\/bizkeliza.org\/eu\/#organization","name":"Di\u00f3cesis de Bilbao","alternateName":"Di\u00f3cesis de Bilbao","url":"https:\/\/bizkeliza.org\/eu\/","logo":{"@type":"ImageObject","inLanguage":"eu-ES","@id":"https:\/\/bizkeliza.org\/eu\/#\/schema\/logo\/image\/","url":"https:\/\/bizkeliza.org\/wp-content\/uploads\/2022\/06\/Logo-nuevo_2024-1-scaled.jpg","contentUrl":"https:\/\/bizkeliza.org\/wp-content\/uploads\/2022\/06\/Logo-nuevo_2024-1-scaled.jpg","width":2560,"height":1024,"caption":"Di\u00f3cesis de Bilbao"},"image":{"@id":"https:\/\/bizkeliza.org\/eu\/#\/schema\/logo\/image\/"},"sameAs":["https:\/\/www.facebook.com\/DiocesisBilbao\/","https:\/\/x.com\/DiocesisBilbao","https:\/\/www.instagram.com\/obispadobilbao\/","https:\/\/www.youtube.com\/user\/bilbokoelizbarrutia"],"description":"Iglesia local de Bilbao perteneciente a la Iglesia Cat\u00f3lica"},{"@type":"Person","@id":"https:\/\/bizkeliza.org\/eu\/#\/schema\/person\/1f27c53156256531056d48959c2f2008","name":"bkareaga"}]}},"jetpack_featured_media_url":"https:\/\/bizkeliza.org\/wp-content\/uploads\/whatsapp_image_2021-12-05_at_13-34-01__1_.jpeg","_links":{"self":[{"href":"https:\/\/bizkeliza.org\/eu\/wp-json\/wp\/v2\/posts\/106184","targetHints":{"allow":["GET"]}}],"collection":[{"href":"https:\/\/bizkeliza.org\/eu\/wp-json\/wp\/v2\/posts"}],"about":[{"href":"https:\/\/bizkeliza.org\/eu\/wp-json\/wp\/v2\/types\/post"}],"author":[{"embeddable":true,"href":"https:\/\/bizkeliza.org\/eu\/wp-json\/wp\/v2\/users\/20"}],"replies":[{"embeddable":true,"href":"https:\/\/bizkeliza.org\/eu\/wp-json\/wp\/v2\/comments?post=106184"}],"version-history":[{"count":0,"href":"https:\/\/bizkeliza.org\/eu\/wp-json\/wp\/v2\/posts\/106184\/revisions"}],"wp:featuredmedia":[{"embeddable":true,"href":"https:\/\/bizkeliza.org\/eu\/wp-json\/wp\/v2\/media\/19000"}],"wp:attachment":[{"href":"https:\/\/bizkeliza.org\/eu\/wp-json\/wp\/v2\/media?parent=106184"}],"wp:term":[{"taxonomy":"category","embeddable":true,"href":"https:\/\/bizkeliza.org\/eu\/wp-json\/wp\/v2\/categories?post=106184"},{"taxonomy":"post_tag","embeddable":true,"href":"https:\/\/bizkeliza.org\/eu\/wp-json\/wp\/v2\/tags?post=106184"}],"curies":[{"name":"wp","href":"https:\/\/api.w.org\/{rel}","templated":true}]}}