{"id":113988,"date":"2023-10-30T12:30:00","date_gmt":"2023-10-30T11:30:00","guid":{"rendered":"https:\/\/bizkeliza.org\/?p=113988"},"modified":"2023-10-30T13:17:07","modified_gmt":"2023-10-30T12:17:07","slug":"asteburuko-jarduerak-2","status":"publish","type":"post","link":"https:\/\/bizkeliza.org\/eu\/noticia\/asteburuko-jarduerak-2\/","title":{"rendered":"Asteburuko jarduerak"},"content":{"rendered":"\n<p><\/p>\n\n<h3 class=\"wp-block-heading\"><p><strong>Lourdeseko hospitalitatea:<\/strong><\/p><\/h3>\n\n<p><p>Barikuz, urriaren erdialdera, <strong>Lourdeseko Bizkaiko Hospitalitatearen<\/strong> eskutik, Lourdesera erromes joan ziranak alkartu ziran. <strong>Eukaristia<\/strong> ospatu eben <strong>Bilboko San NIkolas parrokian, Aitor Uribelarrea<\/strong> kontsiliarioa buru zala eta ondoren alkarregaz <strong>bazkaldu<\/strong> eben.<\/p><\/p>\n\n<div class=\"wp-block-columns is-layout-flex wp-container-core-columns-is-layout-9d6595d7 wp-block-columns-is-layout-flex\">\n<div class=\"wp-block-column is-layout-flow wp-block-column-is-layout-flow\">\n<figure class=\"wp-block-image size-full\"><img decoding=\"async\" width=\"600\" height=\"835\" src=\"https:\/\/bizkeliza.org\/wp-content\/uploads\/0ffb85b8-6ca4-4498-9ff3-9bfd5527e6f8.jpg\" alt=\"\" class=\"wp-image-113683\" srcset=\"https:\/\/bizkeliza.org\/wp-content\/uploads\/0ffb85b8-6ca4-4498-9ff3-9bfd5527e6f8.jpg 600w, https:\/\/bizkeliza.org\/wp-content\/uploads\/0ffb85b8-6ca4-4498-9ff3-9bfd5527e6f8-480x668.jpg 480w\" sizes=\"(min-width: 0px) and (max-width: 480px) 480px, (min-width: 481px) 600px, 100vw\" \/><figcaption class=\"wp-element-caption\">Cristina Gorostiza Hospitalitateko presidentea ospakizunean<\/figcaption><\/figure>\n<\/div>\n\n\n\n<div class=\"wp-block-column is-layout-flow wp-block-column-is-layout-flow\">\n<figure class=\"wp-block-image size-full\"><img decoding=\"async\" width=\"600\" height=\"758\" src=\"https:\/\/bizkeliza.org\/wp-content\/uploads\/99b70f3f-dda6-4da4-8a29-c082aeb90ca3.jpg\" alt=\"\" class=\"wp-image-113701\" srcset=\"https:\/\/bizkeliza.org\/wp-content\/uploads\/99b70f3f-dda6-4da4-8a29-c082aeb90ca3.jpg 600w, https:\/\/bizkeliza.org\/wp-content\/uploads\/99b70f3f-dda6-4da4-8a29-c082aeb90ca3-480x606.jpg 480w\" sizes=\"(min-width: 0px) and (max-width: 480px) 480px, (min-width: 481px) 600px, 100vw\" \/><figcaption class=\"wp-element-caption\">Aitor Uribelarrea kontsiliarioa izan zan buru Eukaristian<\/figcaption><\/figure>\n<\/div>\n<\/div>\n\n<div class=\"wp-block-columns is-layout-flex wp-container-core-columns-is-layout-9d6595d7 wp-block-columns-is-layout-flex\">\n<div class=\"wp-block-column is-layout-flow wp-block-column-is-layout-flow\">\n<figure class=\"wp-block-image size-large\"><img decoding=\"async\" width=\"817\" height=\"1024\" src=\"https:\/\/bizkeliza.org\/wp-content\/uploads\/\/9a61c9c8-d19b-4564-9ea6-994fcfda8928-817x1024.jpg\" alt=\"\" class=\"wp-image-113686\" srcset=\"https:\/\/bizkeliza.org\/wp-content\/uploads\/9a61c9c8-d19b-4564-9ea6-994fcfda8928-817x1024.jpg 817w, https:\/\/bizkeliza.org\/wp-content\/uploads\/9a61c9c8-d19b-4564-9ea6-994fcfda8928-239x300.jpg 239w, https:\/\/bizkeliza.org\/wp-content\/uploads\/9a61c9c8-d19b-4564-9ea6-994fcfda8928-768x963.jpg 768w, https:\/\/bizkeliza.org\/wp-content\/uploads\/9a61c9c8-d19b-4564-9ea6-994fcfda8928-1225x1536.jpg 1225w, https:\/\/bizkeliza.org\/wp-content\/uploads\/9a61c9c8-d19b-4564-9ea6-994fcfda8928-1080x1354.jpg 1080w, https:\/\/bizkeliza.org\/wp-content\/uploads\/9a61c9c8-d19b-4564-9ea6-994fcfda8928-1280x1605.jpg 1280w, https:\/\/bizkeliza.org\/wp-content\/uploads\/9a61c9c8-d19b-4564-9ea6-994fcfda8928-980x1229.jpg 980w, https:\/\/bizkeliza.org\/wp-content\/uploads\/9a61c9c8-d19b-4564-9ea6-994fcfda8928-480x602.jpg 480w, https:\/\/bizkeliza.org\/wp-content\/uploads\/9a61c9c8-d19b-4564-9ea6-994fcfda8928.jpg 1283w\" sizes=\"(max-width: 817px) 100vw, 817px\" \/><\/figure>\n<\/div>\n\n\n\n<div class=\"wp-block-column is-layout-flow wp-block-column-is-layout-flow\">\n<figure class=\"wp-block-image size-full\"><img decoding=\"async\" width=\"600\" height=\"744\" src=\"https:\/\/bizkeliza.org\/wp-content\/uploads\/9b529a18-07f2-4ec2-8384-fd6d5e9d9a67.jpg\" alt=\"\" class=\"wp-image-113689\" srcset=\"https:\/\/bizkeliza.org\/wp-content\/uploads\/9b529a18-07f2-4ec2-8384-fd6d5e9d9a67.jpg 600w, https:\/\/bizkeliza.org\/wp-content\/uploads\/9b529a18-07f2-4ec2-8384-fd6d5e9d9a67-480x595.jpg 480w\" sizes=\"(min-width: 0px) and (max-width: 480px) 480px, (min-width: 481px) 600px, 100vw\" \/><\/figure>\n<\/div>\n<\/div>\n\n<p><\/p>\n\n<h3 class=\"wp-block-heading\"><p><strong>Alde Zaharra Pastoral Barrutiko gaztetxo eta gazteen kurtso hasiera:<\/strong><\/p><\/h3>\n\n<p><p>Zapatuz, <strong>Alde Zaharra Pastoral Barrutiko (PB)<\/strong> gaztetxo eta gazteek kurtso hasierako konbibentzia ospatu eben. Egunari amaiera emoteko, <strong>Eukaristia<\/strong> ospatu eben <strong>San Anton<\/strong> parrokian eta eleizkizunean taldeko <strong>neska batek bateoa<\/strong> hartu eban.<\/p><\/p>\n\n<p><\/p>\n\n<figure class=\"wp-block-image aligncenter size-full is-resized\"><img decoding=\"async\" width=\"800\" height=\"604\" src=\"https:\/\/bizkeliza.org\/wp-content\/uploads\/395428289_18203728264284858_1950482588176762426_n.jpg\" alt=\"Alde Zaharra PBko gazteak\" class=\"wp-image-113622\" style=\"aspect-ratio:1.3245033112582782;width:478px;height:auto\" srcset=\"https:\/\/bizkeliza.org\/wp-content\/uploads\/395428289_18203728264284858_1950482588176762426_n.jpg 800w, https:\/\/bizkeliza.org\/wp-content\/uploads\/395428289_18203728264284858_1950482588176762426_n-480x362.jpg 480w\" sizes=\"(min-width: 0px) and (max-width: 480px) 480px, (min-width: 481px) 800px, 100vw\" \/><\/figure>\n\n<div class=\"wp-block-columns is-layout-flex wp-container-core-columns-is-layout-9d6595d7 wp-block-columns-is-layout-flex\">\n<div class=\"wp-block-column is-layout-flow wp-block-column-is-layout-flow\">\n<figure class=\"wp-block-image size-full\"><img decoding=\"async\" width=\"800\" height=\"600\" src=\"https:\/\/bizkeliza.org\/wp-content\/uploads\/395402102_18203728237284858_7141954796702382588_n.jpg\" alt=\"Alde Zaharra PBko gazteak\" class=\"wp-image-113625\" srcset=\"https:\/\/bizkeliza.org\/wp-content\/uploads\/395402102_18203728237284858_7141954796702382588_n.jpg 800w, https:\/\/bizkeliza.org\/wp-content\/uploads\/395402102_18203728237284858_7141954796702382588_n-480x360.jpg 480w\" sizes=\"(min-width: 0px) and (max-width: 480px) 480px, (min-width: 481px) 800px, 100vw\" \/><\/figure>\n<\/div>\n\n\n\n<div class=\"wp-block-column is-layout-flow wp-block-column-is-layout-flow\">\n<figure class=\"wp-block-image size-full\"><img decoding=\"async\" width=\"800\" height=\"600\" src=\"https:\/\/bizkeliza.org\/wp-content\/uploads\/395397238_18203728255284858_4786354714630916020_n.jpg\" alt=\"Alde Zaharra PBko gazteak\" class=\"wp-image-113616\" srcset=\"https:\/\/bizkeliza.org\/wp-content\/uploads\/395397238_18203728255284858_4786354714630916020_n.jpg 800w, https:\/\/bizkeliza.org\/wp-content\/uploads\/395397238_18203728255284858_4786354714630916020_n-480x360.jpg 480w\" sizes=\"(min-width: 0px) and (max-width: 480px) 480px, (min-width: 481px) 800px, 100vw\" \/><\/figure>\n<\/div>\n<\/div>\n\n<figure class=\"wp-block-image aligncenter size-full is-resized\"><img decoding=\"async\" width=\"800\" height=\"600\" src=\"https:\/\/bizkeliza.org\/wp-content\/uploads\/395392640_18203728228284858_6952684469480507137_n.jpg\" alt=\"Alde Zaharra PBko gazteak\" class=\"wp-image-113613\" style=\"aspect-ratio:1.3333333333333333;width:632px;height:auto\" srcset=\"https:\/\/bizkeliza.org\/wp-content\/uploads\/395392640_18203728228284858_6952684469480507137_n.jpg 800w, https:\/\/bizkeliza.org\/wp-content\/uploads\/395392640_18203728228284858_6952684469480507137_n-480x360.jpg 480w\" sizes=\"(min-width: 0px) and (max-width: 480px) 480px, (min-width: 481px) 800px, 100vw\" \/><\/figure>\n\n<p><\/p>\n\n<h3 class=\"wp-block-heading\"><p><strong>Bilboko bikaritzetako gazteak:<\/strong><\/p><\/h3>\n\n<p><p>Bilboko bikaritzetako <strong>eskaut taldeetako<\/strong> eta<strong> Kristau Sarbideko<\/strong> 50 begitale inguruk bikaritzako topaketan parte hartu eban zapatu goizez, <strong>Bilboko Elorrieta-San Inazioko parrokian<\/strong> ospatu zan otoitzaldian.\u00a0<\/p><\/p>\n\n<figure class=\"wp-block-image aligncenter size-full is-resized\"><img decoding=\"async\" width=\"800\" height=\"600\" src=\"https:\/\/bizkeliza.org\/wp-content\/uploads\/395378497_18203698423284858_3283622932986982682_n.jpg\" alt=\"Bilboko bikaritzetako gazteen topaketa\" class=\"wp-image-113631\" style=\"aspect-ratio:1.3333333333333333;width:556px;height:auto\" srcset=\"https:\/\/bizkeliza.org\/wp-content\/uploads\/395378497_18203698423284858_3283622932986982682_n.jpg 800w, https:\/\/bizkeliza.org\/wp-content\/uploads\/395378497_18203698423284858_3283622932986982682_n-480x360.jpg 480w\" sizes=\"(min-width: 0px) and (max-width: 480px) 480px, (min-width: 481px) 800px, 100vw\" \/><\/figure>\n\n<div class=\"wp-block-columns is-layout-flex wp-container-core-columns-is-layout-9d6595d7 wp-block-columns-is-layout-flex\">\n<div class=\"wp-block-column is-layout-flow wp-block-column-is-layout-flow\">\n<figure class=\"wp-block-image size-full\"><img decoding=\"async\" width=\"800\" height=\"600\" src=\"https:\/\/bizkeliza.org\/wp-content\/uploads\/395391743_18203698435284858_5802953671397133274_n.jpg\" alt=\"Bilboko bikaritzetako gazteen topaketa\" class=\"wp-image-113640\" srcset=\"https:\/\/bizkeliza.org\/wp-content\/uploads\/395391743_18203698435284858_5802953671397133274_n.jpg 800w, https:\/\/bizkeliza.org\/wp-content\/uploads\/395391743_18203698435284858_5802953671397133274_n-480x360.jpg 480w\" sizes=\"(min-width: 0px) and (max-width: 480px) 480px, (min-width: 481px) 800px, 100vw\" \/><\/figure>\n<\/div>\n\n\n\n<div class=\"wp-block-column is-layout-flow wp-block-column-is-layout-flow\">\n<figure class=\"wp-block-image size-large\"><img decoding=\"async\" width=\"1024\" height=\"768\" src=\"https:\/\/bizkeliza.org\/wp-content\/uploads\/\/395389862_18203698453284858_2069325249083295055_n-1024x768.jpg\" alt=\"Bilboko bikaritzetako gazteen topaketa\" class=\"wp-image-113637\" srcset=\"https:\/\/bizkeliza.org\/wp-content\/uploads\/395389862_18203698453284858_2069325249083295055_n-1024x768.jpg 1024w, https:\/\/bizkeliza.org\/wp-content\/uploads\/395389862_18203698453284858_2069325249083295055_n-300x225.jpg 300w, https:\/\/bizkeliza.org\/wp-content\/uploads\/395389862_18203698453284858_2069325249083295055_n-768x576.jpg 768w, https:\/\/bizkeliza.org\/wp-content\/uploads\/395389862_18203698453284858_2069325249083295055_n-1536x1152.jpg 1536w, https:\/\/bizkeliza.org\/wp-content\/uploads\/395389862_18203698453284858_2069325249083295055_n-2048x1536.jpg 2048w, https:\/\/bizkeliza.org\/wp-content\/uploads\/395389862_18203698453284858_2069325249083295055_n-510x382.jpg 510w, https:\/\/bizkeliza.org\/wp-content\/uploads\/395389862_18203698453284858_2069325249083295055_n-1080x810.jpg 1080w, https:\/\/bizkeliza.org\/wp-content\/uploads\/395389862_18203698453284858_2069325249083295055_n-1280x960.jpg 1280w, https:\/\/bizkeliza.org\/wp-content\/uploads\/395389862_18203698453284858_2069325249083295055_n-980x735.jpg 980w, https:\/\/bizkeliza.org\/wp-content\/uploads\/395389862_18203698453284858_2069325249083295055_n-480x360.jpg 480w, https:\/\/bizkeliza.org\/wp-content\/uploads\/395389862_18203698453284858_2069325249083295055_n-1320x990.jpg 1320w\" sizes=\"(max-width: 1024px) 100vw, 1024px\" \/><\/figure>\n<\/div>\n<\/div>\n\n<p><\/p>\n\n<h3 class=\"wp-block-heading\"><p><strong>Familien meza Durangon:<\/strong><\/p><\/h3>\n\n<p><p><strong>Durangoko Andra Mari<\/strong> eta <strong>Santa Ana<\/strong> parrokietako katekesiko familien kurtsoko lehenengo ospakizuna.<\/p><\/p>\n\n<p><p>\u00a0<\/p>&#13;\n<p>\u00a0<\/p><\/p>\n\n<figure class=\"wp-block-image aligncenter is-resized\"><a href=\"https:\/\/www.facebook.com\/photo\/?fbid=749842943854366&amp;set=pcb.749843003854360&amp;__cft__[0]=AZVCaB3ZV9ItOg7Ix7YZzsr_rnb00cim8c2qAGbFaEQmafYJ1zypq34p0S0YjKKFF2ywqy5rBPJXvnL_SYIljcSXtl9KdMBkket-sX1sAj5yFGtuZ41STqo_90ey3nIQWRGOsdYSg3y2H6tkMA9K9LeYc-VB_K0Lr39VZND3wzhk6HoZP-bB10wlLzaH7PHwy1E&amp;__tn__=*bH-R\"><img decoding=\"async\" src=\"https:\/\/scontent.fvit1-1.fna.fbcdn.net\/v\/t39.30808-6\/395422994_18203719546284858_5510324537803698007_n.jpg?stp=dst-jpg_p720x720&amp;_nc_cat=103&amp;ccb=1-7&amp;_nc_sid=5f2048&amp;_nc_ohc=BUQv4Io3MZkAX8uxVkC&amp;_nc_ht=scontent.fvit1-1.fna&amp;oh=00_AfDBdTvxp8M86-ZkMrIVAi4jvJ56pL_hVIWNmTvprrvH8w&amp;oe=6543A89F\" alt=\"\" style=\"aspect-ratio:1.3263888888888888;width:533px;height:auto\"\/><\/a><\/figure>\n\n<p><p>\u00a0<\/p>&#13;\n<p>\u00a0<\/p><\/p>\n\n<figure class=\"wp-block-image aligncenter is-resized\"><a href=\"https:\/\/www.facebook.com\/photo\/?fbid=749842953854365&amp;set=pcb.749843003854360&amp;__cft__[0]=AZVCaB3ZV9ItOg7Ix7YZzsr_rnb00cim8c2qAGbFaEQmafYJ1zypq34p0S0YjKKFF2ywqy5rBPJXvnL_SYIljcSXtl9KdMBkket-sX1sAj5yFGtuZ41STqo_90ey3nIQWRGOsdYSg3y2H6tkMA9K9LeYc-VB_K0Lr39VZND3wzhk6HoZP-bB10wlLzaH7PHwy1E&amp;__tn__=*bH-R\"><img decoding=\"async\" src=\"https:\/\/scontent.fvit1-1.fna.fbcdn.net\/v\/t39.30808-6\/395395162_18203719561284858_1578149590172947909_n.jpg?stp=dst-jpg_p720x720&amp;_nc_cat=111&amp;ccb=1-7&amp;_nc_sid=5f2048&amp;_nc_ohc=8ygU5CgK5PcAX83wpgz&amp;_nc_ht=scontent.fvit1-1.fna&amp;oh=00_AfCGg53A9NtN30RTVC-DGy1hTMFmTpyx-8cJPVnbO_tGgw&amp;oe=65428890\" alt=\"\" style=\"aspect-ratio:1.3333333333333333;width:489px;height:auto\"\/><\/a><\/figure>\n\n<p><\/p>\n\n<p><p>\u00a0<\/p>&#13;\n<p>\u00a0<\/p><\/p>\n\n<div class=\"wp-block-columns is-layout-flex wp-container-core-columns-is-layout-9d6595d7 wp-block-columns-is-layout-flex\">\n<div class=\"wp-block-column is-layout-flow wp-block-column-is-layout-flow\">\n<figure class=\"wp-block-image size-large\"><img decoding=\"async\" width=\"1024\" height=\"768\" src=\"https:\/\/bizkeliza.org\/wp-content\/uploads\/\/395420127_18203719552284858_8003498512681477426_n-1024x768.jpg\" alt=\"Durango\" class=\"wp-image-113649\" srcset=\"https:\/\/bizkeliza.org\/wp-content\/uploads\/395420127_18203719552284858_8003498512681477426_n-1024x768.jpg 1024w, https:\/\/bizkeliza.org\/wp-content\/uploads\/395420127_18203719552284858_8003498512681477426_n-300x225.jpg 300w, https:\/\/bizkeliza.org\/wp-content\/uploads\/395420127_18203719552284858_8003498512681477426_n-768x576.jpg 768w, https:\/\/bizkeliza.org\/wp-content\/uploads\/395420127_18203719552284858_8003498512681477426_n-510x382.jpg 510w, https:\/\/bizkeliza.org\/wp-content\/uploads\/395420127_18203719552284858_8003498512681477426_n-1080x810.jpg 1080w, https:\/\/bizkeliza.org\/wp-content\/uploads\/395420127_18203719552284858_8003498512681477426_n-1280x960.jpg 1280w, https:\/\/bizkeliza.org\/wp-content\/uploads\/395420127_18203719552284858_8003498512681477426_n-980x735.jpg 980w, https:\/\/bizkeliza.org\/wp-content\/uploads\/395420127_18203719552284858_8003498512681477426_n-480x360.jpg 480w, https:\/\/bizkeliza.org\/wp-content\/uploads\/395420127_18203719552284858_8003498512681477426_n-1320x990.jpg 1320w, https:\/\/bizkeliza.org\/wp-content\/uploads\/395420127_18203719552284858_8003498512681477426_n.jpg 1440w\" sizes=\"(max-width: 1024px) 100vw, 1024px\" \/><\/figure>\n<\/div>\n\n\n\n<div class=\"wp-block-column is-layout-flow wp-block-column-is-layout-flow\">\n<figure class=\"wp-block-image size-large\"><img decoding=\"async\" width=\"1024\" height=\"772\" src=\"https:\/\/bizkeliza.org\/wp-content\/uploads\/\/395399749_18203719525284858_3282259834839596447_n-1024x772.jpg\" alt=\"Durango\" class=\"wp-image-113661\" srcset=\"https:\/\/bizkeliza.org\/wp-content\/uploads\/395399749_18203719525284858_3282259834839596447_n-1024x772.jpg 1024w, https:\/\/bizkeliza.org\/wp-content\/uploads\/395399749_18203719525284858_3282259834839596447_n-300x226.jpg 300w, https:\/\/bizkeliza.org\/wp-content\/uploads\/395399749_18203719525284858_3282259834839596447_n-768x579.jpg 768w, https:\/\/bizkeliza.org\/wp-content\/uploads\/395399749_18203719525284858_3282259834839596447_n-1080x815.jpg 1080w, https:\/\/bizkeliza.org\/wp-content\/uploads\/395399749_18203719525284858_3282259834839596447_n-1280x965.jpg 1280w, https:\/\/bizkeliza.org\/wp-content\/uploads\/395399749_18203719525284858_3282259834839596447_n-980x739.jpg 980w, https:\/\/bizkeliza.org\/wp-content\/uploads\/395399749_18203719525284858_3282259834839596447_n-480x362.jpg 480w, https:\/\/bizkeliza.org\/wp-content\/uploads\/395399749_18203719525284858_3282259834839596447_n-1320x996.jpg 1320w, https:\/\/bizkeliza.org\/wp-content\/uploads\/395399749_18203719525284858_3282259834839596447_n.jpg 1440w\" sizes=\"(max-width: 1024px) 100vw, 1024px\" \/><\/figure>\n<\/div>\n<\/div>\n\n<p><\/p>\n\n<h3 class=\"wp-block-heading\"><p><strong>Ipar-Hegoaldea heziketarako ikastaroaren lehenengo saioa:<\/strong><\/p><\/h3>\n\n<p><p><strong><a href=\"https:\/\/idtp.org\/es\/\">Teologia eta Pastoraltza Eleizbarrutiko Institutuak,<\/a><a href=\"https:\/\/www.caritas.es\/\">C\u00e1ritas Bizkaiak <\/a><\/strong>eta <strong><a href=\"https:\/\/bizkeliza.org\/eu\/ebanjelizazinoa\/misioak\/\">Eleizbarrutietako Misinoek<\/a><\/strong> antolatzen daben <strong>Ipar-Hegoaldea<\/strong> ikastaroaren lehenengo saioa zapatuz ospatu zan Bilbon.<\/p><\/p>\n\n<p><p><strong>Asier Arcos<\/strong> EHUko ekonomia-irakasle eta <strong><a href=\"https:\/\/www.hegoa.ehu.eus\/\">HEGOAko<\/a><\/strong> kideak gidatu eban lehenengo saioa. Grafiko eta irudiez baliatuz eta partaideakaz hartu-emonean eta honeen galderei erantzunez, denporaren buruan munduko ekonomiaz zelan jardun dauan ulertarazoteko datuak, giltzak eta testuinguruak aurkeztu ebazan.<\/p><\/p>\n\n<figure class=\"wp-block-image aligncenter size-full is-resized\"><img decoding=\"async\" width=\"800\" height=\"600\" src=\"https:\/\/bizkeliza.org\/wp-content\/uploads\/396549646_18203830702284858_6725683707393160651_n.jpg\" alt=\"Ipar-Hegoaldea ikastaroa\" class=\"wp-image-113816\" style=\"aspect-ratio:1.3333333333333333;width:535px;height:auto\" srcset=\"https:\/\/bizkeliza.org\/wp-content\/uploads\/396549646_18203830702284858_6725683707393160651_n.jpg 800w, https:\/\/bizkeliza.org\/wp-content\/uploads\/396549646_18203830702284858_6725683707393160651_n-480x360.jpg 480w\" sizes=\"(min-width: 0px) and (max-width: 480px) 480px, (min-width: 481px) 800px, 100vw\" \/><\/figure>\n\n<div class=\"wp-block-columns is-layout-flex wp-container-core-columns-is-layout-9d6595d7 wp-block-columns-is-layout-flex\">\n<div class=\"wp-block-column is-layout-flow wp-block-column-is-layout-flow\">\n<figure class=\"wp-block-image size-full\"><img decoding=\"async\" width=\"800\" height=\"603\" src=\"https:\/\/bizkeliza.org\/wp-content\/uploads\/396696977_18203830720284858_491183481181149116_n.jpg\" alt=\"Ipar-Hegoaldea ikastaroa\" class=\"wp-image-113819\" srcset=\"https:\/\/bizkeliza.org\/wp-content\/uploads\/396696977_18203830720284858_491183481181149116_n.jpg 800w, https:\/\/bizkeliza.org\/wp-content\/uploads\/396696977_18203830720284858_491183481181149116_n-480x362.jpg 480w\" sizes=\"(min-width: 0px) and (max-width: 480px) 480px, (min-width: 481px) 800px, 100vw\" \/><\/figure>\n<\/div>\n\n\n\n<div class=\"wp-block-column is-layout-flow wp-block-column-is-layout-flow\">\n<figure class=\"wp-block-image size-full\"><img decoding=\"async\" width=\"800\" height=\"600\" src=\"https:\/\/bizkeliza.org\/wp-content\/uploads\/396518981_18203830711284858_3352820026991913058_n.jpg\" alt=\"Ipar-Hegoaldea ikastaroa\" class=\"wp-image-113813\" srcset=\"https:\/\/bizkeliza.org\/wp-content\/uploads\/396518981_18203830711284858_3352820026991913058_n.jpg 800w, https:\/\/bizkeliza.org\/wp-content\/uploads\/396518981_18203830711284858_3352820026991913058_n-480x360.jpg 480w\" sizes=\"(min-width: 0px) and (max-width: 480px) 480px, (min-width: 481px) 800px, 100vw\" \/><\/figure>\n<\/div>\n<\/div>\n\n<p><\/p>\n\n<h3 class=\"wp-block-heading\"><p><strong>Kurtsoko lehenengo familia meza Lekeition:<\/strong><\/p><\/h3>\n\n<figure class=\"wp-block-image aligncenter size-full is-resized\"><img decoding=\"async\" width=\"600\" height=\"803\" src=\"https:\/\/bizkeliza.org\/wp-content\/uploads\/396825909_750345977137396_6808163551973451981_n.jpg\" alt=\"Lekeitio\" class=\"wp-image-113810\" style=\"aspect-ratio:0.7471980074719801;width:391px;height:auto\" srcset=\"https:\/\/bizkeliza.org\/wp-content\/uploads\/396825909_750345977137396_6808163551973451981_n.jpg 600w, https:\/\/bizkeliza.org\/wp-content\/uploads\/396825909_750345977137396_6808163551973451981_n-480x642.jpg 480w\" sizes=\"(min-width: 0px) and (max-width: 480px) 480px, (min-width: 481px) 600px, 100vw\" \/><figcaption class=\"wp-element-caption\">Lekaitioko Andra Mari<\/figcaption><\/figure>\n\n<h3 class=\"wp-block-heading\"><p><strong>I. bikaritzako gazteak<\/strong><\/p><\/h3>\n\n<p><p><strong>I. bikaritzako<\/strong> 50 gazte inguru batu zan zapatuz,<strong> Euskalerriko Eskautak Bizkaia<\/strong> mobimenduko Ezker-meatzaldeko fede-mahaiak eta bikartitzako <strong>fede-zabalkunde eta katekesirako<\/strong> mahaiak deituta.<\/p><\/p>\n\n<figure class=\"wp-block-image aligncenter size-full is-resized\"><img decoding=\"async\" width=\"800\" height=\"389\" src=\"https:\/\/bizkeliza.org\/wp-content\/uploads\/05b3869c-6ca7-4b42-bbe1-084296acc65b.jpg\" alt=\"I. bikaritzako gazteak\" class=\"wp-image-113993\" style=\"aspect-ratio:2.056555269922879;width:454px;height:auto\" srcset=\"https:\/\/bizkeliza.org\/wp-content\/uploads\/05b3869c-6ca7-4b42-bbe1-084296acc65b.jpg 800w, https:\/\/bizkeliza.org\/wp-content\/uploads\/05b3869c-6ca7-4b42-bbe1-084296acc65b-480x233.jpg 480w\" sizes=\"(min-width: 0px) and (max-width: 480px) 480px, (min-width: 481px) 800px, 100vw\" \/><\/figure>\n\n<p><p>Como anunciaba el t\u00edtulo del encuentro,<strong> &#8220;En busca del tesoro&#8221;,<\/strong> a trav\u00e9s de diferentes momentos y din\u00e1micas los participantes realizaron una b\u00fasqueda que les llev\u00f3 a encontrase consigo mismos, con los dem\u00e1s y con Dios,<em> &#8220;quien unifica y da sentido a nuestras b\u00fasquedas&#8221;.<\/em><\/p><\/p>\n\n<figure class=\"wp-block-image aligncenter size-full is-resized\"><img decoding=\"async\" width=\"800\" height=\"600\" src=\"https:\/\/bizkeliza.org\/wp-content\/uploads\/6ad98f98-7e7c-43df-abb6-384859e1f384.jpg\" alt=\"I. bikaritzako gazteak\" class=\"wp-image-113999\" style=\"aspect-ratio:1.3333333333333333;width:440px;height:auto\" srcset=\"https:\/\/bizkeliza.org\/wp-content\/uploads\/6ad98f98-7e7c-43df-abb6-384859e1f384.jpg 800w, https:\/\/bizkeliza.org\/wp-content\/uploads\/6ad98f98-7e7c-43df-abb6-384859e1f384-480x360.jpg 480w\" sizes=\"(min-width: 0px) and (max-width: 480px) 480px, (min-width: 481px) 800px, 100vw\" \/><\/figure>\n\n<p><p><b>Sergio Buiza\u00a0<\/b>lurraldeko bikarioa partaide zala ospatu zan batzarrean hainbat berba errepikatu zan:\u00a0<strong>bilaketa, topaketa, alkartea, akonpainamendua, itxaropena, zentzuna, askatasuna, poztasuna, esker ona&#8230;<\/strong><\/p><\/p>\n\n<div class=\"wp-block-columns is-layout-flex wp-container-core-columns-is-layout-9d6595d7 wp-block-columns-is-layout-flex\">\n<div class=\"wp-block-column is-layout-flow wp-block-column-is-layout-flow\">\n<figure class=\"wp-block-image size-full\"><img decoding=\"async\" width=\"800\" height=\"600\" src=\"https:\/\/bizkeliza.org\/wp-content\/uploads\/96ca02ab-c0a0-4ea0-a2be-2ee8ff51084e.jpg\" alt=\"I. bikaritzako gazteak\" class=\"wp-image-114005\" srcset=\"https:\/\/bizkeliza.org\/wp-content\/uploads\/96ca02ab-c0a0-4ea0-a2be-2ee8ff51084e.jpg 800w, https:\/\/bizkeliza.org\/wp-content\/uploads\/96ca02ab-c0a0-4ea0-a2be-2ee8ff51084e-480x360.jpg 480w\" sizes=\"(min-width: 0px) and (max-width: 480px) 480px, (min-width: 481px) 800px, 100vw\" \/><\/figure>\n<\/div>\n\n\n\n<div class=\"wp-block-column is-layout-flow wp-block-column-is-layout-flow\">\n<figure class=\"wp-block-image size-full\"><img decoding=\"async\" width=\"800\" height=\"600\" src=\"https:\/\/bizkeliza.org\/wp-content\/uploads\/5b132188-69fd-4f8d-8af4-de8f9e4f7b30.jpg\" alt=\"I. bikaritzako gazteak\" class=\"wp-image-113996\" srcset=\"https:\/\/bizkeliza.org\/wp-content\/uploads\/5b132188-69fd-4f8d-8af4-de8f9e4f7b30.jpg 800w, https:\/\/bizkeliza.org\/wp-content\/uploads\/5b132188-69fd-4f8d-8af4-de8f9e4f7b30-480x360.jpg 480w\" sizes=\"(min-width: 0px) and (max-width: 480px) 480px, (min-width: 481px) 800px, 100vw\" \/><\/figure>\n<\/div>\n<\/div>\n\n<figure class=\"wp-block-image aligncenter size-full is-resized\"><img decoding=\"async\" width=\"600\" height=\"800\" src=\"https:\/\/bizkeliza.org\/wp-content\/uploads\/2cbace61-aefb-4318-ac30-5dfb33ddeb67.jpg\" alt=\"I. bikaritzako gazteak\" class=\"wp-image-114002\" style=\"aspect-ratio:0.75;width:439px;height:auto\" srcset=\"https:\/\/bizkeliza.org\/wp-content\/uploads\/2cbace61-aefb-4318-ac30-5dfb33ddeb67.jpg 600w, https:\/\/bizkeliza.org\/wp-content\/uploads\/2cbace61-aefb-4318-ac30-5dfb33ddeb67-480x640.jpg 480w\" sizes=\"(min-width: 0px) and (max-width: 480px) 480px, (min-width: 481px) 600px, 100vw\" \/><\/figure>\n\n<p>Esperientziak eragindako pozaz eta errepikatzeko gogoaz bueltatu ziran gazteak euren etxe eta familietara.<\/p>\n\n<figure class=\"wp-block-image aligncenter size-full is-resized\"><img decoding=\"async\" width=\"800\" height=\"600\" src=\"https:\/\/bizkeliza.org\/wp-content\/uploads\/64621277-fc00-48b0-9897-339a3aaeb4cb.jpg\" alt=\"I. bikaritzako gazteak\" class=\"wp-image-114008\" style=\"aspect-ratio:1.3333333333333333;width:437px;height:auto\" srcset=\"https:\/\/bizkeliza.org\/wp-content\/uploads\/64621277-fc00-48b0-9897-339a3aaeb4cb.jpg 800w, https:\/\/bizkeliza.org\/wp-content\/uploads\/64621277-fc00-48b0-9897-339a3aaeb4cb-480x360.jpg 480w\" sizes=\"(min-width: 0px) and (max-width: 480px) 480px, (min-width: 481px) 800px, 100vw\" \/><\/figure>\n\n<h3 class=\"wp-block-heading\"><p><b>&#8220;Mufungaren Adiskideak&#8221; Fundazinoaren batzarra:<\/b><\/p><\/h3>\n\n<p id=\"caption-attachment-10338\"><p>Berrogeta hamar lagun baino gehiago batu zan joan dan astean, <strong>Mufungaren Adiskideak fundazinoaren<\/strong> egitasmoei babesa emoteko. <strong>Abandoko San Bizente Martiria parrokiako<\/strong> lokaletan (Bengo-Leku) ospatu eban urteko batzarra.\u00a0<\/p><\/p>\n\n<figure class=\"wp-block-image aligncenter size-full is-resized\"><img decoding=\"async\" src=\"https:\/\/bizkeliza.org\/wp-content\/uploads\/noticia-2023-10-encuentro-anual-fundacion4.jpg\" alt=\"\" class=\"wp-image-113731\" style=\"aspect-ratio:1.62;width:450px;height:auto\"\/><\/figure>\n\n<p><p>Saioan, <strong>On Joseba Segura<\/strong> Bilboko gotzain eta Euskal Eleizbarrutietako MIsinoetarako ordezkariak eta <strong>I\u00f1igo Iriarte<\/strong> fundazinoko kideak udan <strong>Kongoko EDra<\/strong> egin eben bidaiaren ingurukoak azaldu ebezan.\u00a0<\/p><\/p>\n\n<figure class=\"wp-block-image aligncenter size-full is-resized\"><img decoding=\"async\" width=\"810\" height=\"500\" src=\"https:\/\/bizkeliza.org\/wp-content\/uploads\/noticia-2023-10-encuentro-anual-fundacion5.jpg\" alt=\"Mufungaren adiskideak\" class=\"wp-image-113743\" style=\"aspect-ratio:1.62;width:502px;height:auto\" srcset=\"https:\/\/bizkeliza.org\/wp-content\/uploads\/noticia-2023-10-encuentro-anual-fundacion5.jpg 810w, https:\/\/bizkeliza.org\/wp-content\/uploads\/noticia-2023-10-encuentro-anual-fundacion5-480x296.jpg 480w\" sizes=\"(min-width: 0px) and (max-width: 480px) 480px, (min-width: 481px) 810px, 100vw\" \/><figcaption class=\"wp-element-caption\">I\u00f1igo Iriarte<\/figcaption><\/figure>\n\n<p><p>Urteroko batzar honetan, besteak beste, Kongoko Errepublika Demokratikoko Mufungako misinoaren inguruko azken barritasunak emoten dira. Indarrean diran egitasmoak be aztertzen dira eta <strong>&#8220;Adiskide leial&#8221;<\/strong> saria banatu. Oraingoan, beren-beregi egitasmoak garatzeko lagungarrien bialketaren kudeaketan laguntzen daben hiru pertsonari eskaini jake.<\/p><\/p>\n\n<figure class=\"wp-block-image size-full\"><img decoding=\"async\" width=\"810\" height=\"500\" src=\"https:\/\/bizkeliza.org\/wp-content\/uploads\/noticia-2023-10-encuentro-anual-fundacion7.jpg\" alt=\"Mufungaren adiskideak\" class=\"wp-image-113746\" srcset=\"https:\/\/bizkeliza.org\/wp-content\/uploads\/noticia-2023-10-encuentro-anual-fundacion7.jpg 810w, https:\/\/bizkeliza.org\/wp-content\/uploads\/noticia-2023-10-encuentro-anual-fundacion7-480x296.jpg 480w\" sizes=\"(min-width: 0px) and (max-width: 480px) 480px, (min-width: 481px) 810px, 100vw\" \/><\/figure>\n\n<p><p>Fundazinotik azaldu dabenez, <i>&#8220;gure funtsezko balioek, senidetasunean eta aniztasunaren errespetuan oinarrituta, besteen alde dogun konpromisoa islatzen dabe. Eta gehien behar dabenen alde alkartasunez jokatzeko gaitasuna sendotzen dabe&#8221;.\u00a0<\/i><\/p><\/p>\n\n<figure class=\"wp-block-image aligncenter size-full is-resized\"><img decoding=\"async\" width=\"810\" height=\"500\" src=\"https:\/\/bizkeliza.org\/wp-content\/uploads\/noticia-2023-10-encuentro-anual-fundacion6.jpg\" alt=\"Mufungaren adiskideak\" class=\"wp-image-113750\" style=\"aspect-ratio:1.62;width:491px;height:auto\" srcset=\"https:\/\/bizkeliza.org\/wp-content\/uploads\/noticia-2023-10-encuentro-anual-fundacion6.jpg 810w, https:\/\/bizkeliza.org\/wp-content\/uploads\/noticia-2023-10-encuentro-anual-fundacion6-480x296.jpg 480w\" sizes=\"(min-width: 0px) and (max-width: 480px) 480px, (min-width: 481px) 810px, 100vw\" \/><\/figure>\n","protected":false},"excerpt":{"rendered":"<p>Lourdeseko hospitalitatea: Barikuz, urriaren erdialdera, Lourdeseko Bizkaiko Hospitalitatearen eskutik, Lourdesera erromes joan ziranak alkartu ziran. Eukaristia ospatu eben Bilboko San NIkolas parrokian, Aitor Uribelarrea kontsiliarioa buru zala eta ondoren alkarregaz bazkaldu eben. Alde Zaharra Pastoral Barrutiko gaztetxo eta gazteen kurtso hasiera: Zapatuz, Alde Zaharra Pastoral Barrutiko (PB) gaztetxo eta gazteek kurtso hasierako konbibentzia ospatu eben. [&hellip;]<\/p>\n","protected":false},"author":20,"featured_media":113620,"comment_status":"closed","ping_status":"closed","sticky":false,"template":"","format":"standard","meta":{"_acf_changed":false,"_et_pb_use_builder":"off","_et_pb_old_content":"","_et_gb_content_width":"","footnotes":""},"categories":[506,492],"tags":[634],"class_list":["post-113988","post","type-post","status-publish","format-standard","has-post-thumbnail","hentry","category-lehenengo-orrialdea","category-pastoral-ekintza","tag-gazteak"],"acf":[],"yoast_head":"<!-- This site is optimized with the Yoast SEO Premium plugin v27.5 (Yoast SEO v27.5) - https:\/\/yoast.com\/product\/yoast-seo-premium-wordpress\/ -->\n<title>Asteburuko jarduerak<\/title>\n<meta name=\"robots\" content=\"index, follow, max-snippet:-1, max-image-preview:large, max-video-preview:-1\" \/>\n<link rel=\"canonical\" href=\"https:\/\/bizkeliza.org\/eu\/noticia\/asteburuko-jarduerak-2\/\" \/>\n<meta property=\"og:locale\" content=\"eu_ES\" \/>\n<meta property=\"og:type\" content=\"article\" \/>\n<meta property=\"og:title\" content=\"Asteburuko jarduerak\" \/>\n<meta property=\"og:description\" content=\"Lourdeseko hospitalitatea: Barikuz, urriaren erdialdera, Lourdeseko Bizkaiko Hospitalitatearen eskutik, Lourdesera erromes joan ziranak alkartu ziran. Eukaristia ospatu eben Bilboko San NIkolas parrokian, Aitor Uribelarrea kontsiliarioa buru zala eta ondoren alkarregaz bazkaldu eben. Alde Zaharra Pastoral Barrutiko gaztetxo eta gazteen kurtso hasiera: Zapatuz, Alde Zaharra Pastoral Barrutiko (PB) gaztetxo eta gazteek kurtso hasierako konbibentzia ospatu eben. [&hellip;]\" \/>\n<meta property=\"og:url\" content=\"https:\/\/bizkeliza.org\/eu\/noticia\/asteburuko-jarduerak-2\/\" \/>\n<meta property=\"og:site_name\" content=\"Bilboko Elizbarrutia - Di\u00f3cesis de Bilbao\" \/>\n<meta property=\"article:publisher\" content=\"https:\/\/www.facebook.com\/DiocesisBilbao\/\" \/>\n<meta property=\"article:published_time\" content=\"2023-10-30T11:30:00+00:00\" \/>\n<meta property=\"article:modified_time\" content=\"2023-10-30T12:17:07+00:00\" \/>\n<meta property=\"og:image\" content=\"https:\/\/bizkeliza.org\/wp-content\/uploads\/395428093_18203728249284858_7278345695209245193_n.jpg\" \/>\n\t<meta property=\"og:image:width\" content=\"800\" \/>\n\t<meta property=\"og:image:height\" content=\"600\" \/>\n\t<meta property=\"og:image:type\" content=\"image\/jpeg\" \/>\n<meta name=\"author\" content=\"bkareaga\" \/>\n<meta name=\"twitter:card\" content=\"summary_large_image\" \/>\n<meta name=\"twitter:creator\" content=\"@DiocesisBilbao\" \/>\n<meta name=\"twitter:site\" content=\"@DiocesisBilbao\" \/>\n<script type=\"application\/ld+json\" class=\"yoast-schema-graph\">{\"@context\":\"https:\\\/\\\/schema.org\",\"@graph\":[{\"@type\":\"Article\",\"@id\":\"https:\\\/\\\/bizkeliza.org\\\/eu\\\/noticia\\\/asteburuko-jarduerak-2\\\/#article\",\"isPartOf\":{\"@id\":\"https:\\\/\\\/bizkeliza.org\\\/eu\\\/noticia\\\/asteburuko-jarduerak-2\\\/\"},\"author\":{\"name\":\"bkareaga\",\"@id\":\"https:\\\/\\\/bizkeliza.org\\\/eu\\\/#\\\/schema\\\/person\\\/1f27c53156256531056d48959c2f2008\"},\"headline\":\"Asteburuko jarduerak\",\"datePublished\":\"2023-10-30T11:30:00+00:00\",\"dateModified\":\"2023-10-30T12:17:07+00:00\",\"mainEntityOfPage\":{\"@id\":\"https:\\\/\\\/bizkeliza.org\\\/eu\\\/noticia\\\/asteburuko-jarduerak-2\\\/\"},\"wordCount\":431,\"publisher\":{\"@id\":\"https:\\\/\\\/bizkeliza.org\\\/eu\\\/#organization\"},\"image\":{\"@id\":\"https:\\\/\\\/bizkeliza.org\\\/eu\\\/noticia\\\/asteburuko-jarduerak-2\\\/#primaryimage\"},\"thumbnailUrl\":\"https:\\\/\\\/bizkeliza.org\\\/wp-content\\\/uploads\\\/395428093_18203728249284858_7278345695209245193_n.jpg\",\"keywords\":[\"Gazteak\"],\"articleSection\":[\"Lehenengo Orrialdea\",\"Pastoral ekintza\"],\"inLanguage\":\"eu-ES\"},{\"@type\":\"WebPage\",\"@id\":\"https:\\\/\\\/bizkeliza.org\\\/eu\\\/noticia\\\/asteburuko-jarduerak-2\\\/\",\"url\":\"https:\\\/\\\/bizkeliza.org\\\/eu\\\/noticia\\\/asteburuko-jarduerak-2\\\/\",\"name\":\"Asteburuko jarduerak\",\"isPartOf\":{\"@id\":\"https:\\\/\\\/bizkeliza.org\\\/eu\\\/#website\"},\"primaryImageOfPage\":{\"@id\":\"https:\\\/\\\/bizkeliza.org\\\/eu\\\/noticia\\\/asteburuko-jarduerak-2\\\/#primaryimage\"},\"image\":{\"@id\":\"https:\\\/\\\/bizkeliza.org\\\/eu\\\/noticia\\\/asteburuko-jarduerak-2\\\/#primaryimage\"},\"thumbnailUrl\":\"https:\\\/\\\/bizkeliza.org\\\/wp-content\\\/uploads\\\/395428093_18203728249284858_7278345695209245193_n.jpg\",\"datePublished\":\"2023-10-30T11:30:00+00:00\",\"dateModified\":\"2023-10-30T12:17:07+00:00\",\"breadcrumb\":{\"@id\":\"https:\\\/\\\/bizkeliza.org\\\/eu\\\/noticia\\\/asteburuko-jarduerak-2\\\/#breadcrumb\"},\"inLanguage\":\"eu-ES\",\"potentialAction\":[{\"@type\":\"ReadAction\",\"target\":[\"https:\\\/\\\/bizkeliza.org\\\/eu\\\/noticia\\\/asteburuko-jarduerak-2\\\/\"]}]},{\"@type\":\"ImageObject\",\"inLanguage\":\"eu-ES\",\"@id\":\"https:\\\/\\\/bizkeliza.org\\\/eu\\\/noticia\\\/asteburuko-jarduerak-2\\\/#primaryimage\",\"url\":\"https:\\\/\\\/bizkeliza.org\\\/wp-content\\\/uploads\\\/395428093_18203728249284858_7278345695209245193_n.jpg\",\"contentUrl\":\"https:\\\/\\\/bizkeliza.org\\\/wp-content\\\/uploads\\\/395428093_18203728249284858_7278345695209245193_n.jpg\",\"width\":800,\"height\":600,\"caption\":\"Encuentro de inicio de curso de preadolescentes y j\u00f3venes de la Unidad Pastoral (UP) Casco Viejo.\"},{\"@type\":\"BreadcrumbList\",\"@id\":\"https:\\\/\\\/bizkeliza.org\\\/eu\\\/noticia\\\/asteburuko-jarduerak-2\\\/#breadcrumb\",\"itemListElement\":[{\"@type\":\"ListItem\",\"position\":1,\"name\":\"Portada\",\"item\":\"https:\\\/\\\/bizkeliza.org\\\/eu\\\/\"},{\"@type\":\"ListItem\",\"position\":2,\"name\":\"Asteburuko jarduerak\"}]},{\"@type\":\"WebSite\",\"@id\":\"https:\\\/\\\/bizkeliza.org\\\/eu\\\/#website\",\"url\":\"https:\\\/\\\/bizkeliza.org\\\/eu\\\/\",\"name\":\"Bilboko Elizbarrutia - Di\u00f3cesis de Bilbao\",\"description\":\"Di\u00f3cesis de Bilbao\",\"publisher\":{\"@id\":\"https:\\\/\\\/bizkeliza.org\\\/eu\\\/#organization\"},\"alternateName\":\"Di\u00f3cesis de Bilbao\",\"potentialAction\":[{\"@type\":\"SearchAction\",\"target\":{\"@type\":\"EntryPoint\",\"urlTemplate\":\"https:\\\/\\\/bizkeliza.org\\\/eu\\\/?s={search_term_string}\"},\"query-input\":{\"@type\":\"PropertyValueSpecification\",\"valueRequired\":true,\"valueName\":\"search_term_string\"}}],\"inLanguage\":\"eu-ES\"},{\"@type\":\"Organization\",\"@id\":\"https:\\\/\\\/bizkeliza.org\\\/eu\\\/#organization\",\"name\":\"Di\u00f3cesis de Bilbao\",\"alternateName\":\"Di\u00f3cesis de Bilbao\",\"url\":\"https:\\\/\\\/bizkeliza.org\\\/eu\\\/\",\"logo\":{\"@type\":\"ImageObject\",\"inLanguage\":\"eu-ES\",\"@id\":\"https:\\\/\\\/bizkeliza.org\\\/eu\\\/#\\\/schema\\\/logo\\\/image\\\/\",\"url\":\"https:\\\/\\\/bizkeliza.org\\\/wp-content\\\/uploads\\\/2022\\\/06\\\/Logo-nuevo_2024-1-scaled.jpg\",\"contentUrl\":\"https:\\\/\\\/bizkeliza.org\\\/wp-content\\\/uploads\\\/2022\\\/06\\\/Logo-nuevo_2024-1-scaled.jpg\",\"width\":2560,\"height\":1024,\"caption\":\"Di\u00f3cesis de Bilbao\"},\"image\":{\"@id\":\"https:\\\/\\\/bizkeliza.org\\\/eu\\\/#\\\/schema\\\/logo\\\/image\\\/\"},\"sameAs\":[\"https:\\\/\\\/www.facebook.com\\\/DiocesisBilbao\\\/\",\"https:\\\/\\\/x.com\\\/DiocesisBilbao\",\"https:\\\/\\\/www.instagram.com\\\/obispadobilbao\\\/\",\"https:\\\/\\\/www.youtube.com\\\/user\\\/bilbokoelizbarrutia\"],\"description\":\"Iglesia local de Bilbao perteneciente a la Iglesia Cat\u00f3lica\"},{\"@type\":\"Person\",\"@id\":\"https:\\\/\\\/bizkeliza.org\\\/eu\\\/#\\\/schema\\\/person\\\/1f27c53156256531056d48959c2f2008\",\"name\":\"bkareaga\"}]}<\/script>\n<!-- \/ Yoast SEO Premium plugin. -->","yoast_head_json":{"title":"Asteburuko jarduerak","robots":{"index":"index","follow":"follow","max-snippet":"max-snippet:-1","max-image-preview":"max-image-preview:large","max-video-preview":"max-video-preview:-1"},"canonical":"https:\/\/bizkeliza.org\/eu\/noticia\/asteburuko-jarduerak-2\/","og_locale":"eu_ES","og_type":"article","og_title":"Asteburuko jarduerak","og_description":"Lourdeseko hospitalitatea: Barikuz, urriaren erdialdera, Lourdeseko Bizkaiko Hospitalitatearen eskutik, Lourdesera erromes joan ziranak alkartu ziran. Eukaristia ospatu eben Bilboko San NIkolas parrokian, Aitor Uribelarrea kontsiliarioa buru zala eta ondoren alkarregaz bazkaldu eben. Alde Zaharra Pastoral Barrutiko gaztetxo eta gazteen kurtso hasiera: Zapatuz, Alde Zaharra Pastoral Barrutiko (PB) gaztetxo eta gazteek kurtso hasierako konbibentzia ospatu eben. [&hellip;]","og_url":"https:\/\/bizkeliza.org\/eu\/noticia\/asteburuko-jarduerak-2\/","og_site_name":"Bilboko Elizbarrutia - Di\u00f3cesis de Bilbao","article_publisher":"https:\/\/www.facebook.com\/DiocesisBilbao\/","article_published_time":"2023-10-30T11:30:00+00:00","article_modified_time":"2023-10-30T12:17:07+00:00","og_image":[{"width":800,"height":600,"url":"https:\/\/bizkeliza.org\/wp-content\/uploads\/395428093_18203728249284858_7278345695209245193_n.jpg","type":"image\/jpeg"}],"author":"bkareaga","twitter_card":"summary_large_image","twitter_creator":"@DiocesisBilbao","twitter_site":"@DiocesisBilbao","schema":{"@context":"https:\/\/schema.org","@graph":[{"@type":"Article","@id":"https:\/\/bizkeliza.org\/eu\/noticia\/asteburuko-jarduerak-2\/#article","isPartOf":{"@id":"https:\/\/bizkeliza.org\/eu\/noticia\/asteburuko-jarduerak-2\/"},"author":{"name":"bkareaga","@id":"https:\/\/bizkeliza.org\/eu\/#\/schema\/person\/1f27c53156256531056d48959c2f2008"},"headline":"Asteburuko jarduerak","datePublished":"2023-10-30T11:30:00+00:00","dateModified":"2023-10-30T12:17:07+00:00","mainEntityOfPage":{"@id":"https:\/\/bizkeliza.org\/eu\/noticia\/asteburuko-jarduerak-2\/"},"wordCount":431,"publisher":{"@id":"https:\/\/bizkeliza.org\/eu\/#organization"},"image":{"@id":"https:\/\/bizkeliza.org\/eu\/noticia\/asteburuko-jarduerak-2\/#primaryimage"},"thumbnailUrl":"https:\/\/bizkeliza.org\/wp-content\/uploads\/395428093_18203728249284858_7278345695209245193_n.jpg","keywords":["Gazteak"],"articleSection":["Lehenengo Orrialdea","Pastoral ekintza"],"inLanguage":"eu-ES"},{"@type":"WebPage","@id":"https:\/\/bizkeliza.org\/eu\/noticia\/asteburuko-jarduerak-2\/","url":"https:\/\/bizkeliza.org\/eu\/noticia\/asteburuko-jarduerak-2\/","name":"Asteburuko jarduerak","isPartOf":{"@id":"https:\/\/bizkeliza.org\/eu\/#website"},"primaryImageOfPage":{"@id":"https:\/\/bizkeliza.org\/eu\/noticia\/asteburuko-jarduerak-2\/#primaryimage"},"image":{"@id":"https:\/\/bizkeliza.org\/eu\/noticia\/asteburuko-jarduerak-2\/#primaryimage"},"thumbnailUrl":"https:\/\/bizkeliza.org\/wp-content\/uploads\/395428093_18203728249284858_7278345695209245193_n.jpg","datePublished":"2023-10-30T11:30:00+00:00","dateModified":"2023-10-30T12:17:07+00:00","breadcrumb":{"@id":"https:\/\/bizkeliza.org\/eu\/noticia\/asteburuko-jarduerak-2\/#breadcrumb"},"inLanguage":"eu-ES","potentialAction":[{"@type":"ReadAction","target":["https:\/\/bizkeliza.org\/eu\/noticia\/asteburuko-jarduerak-2\/"]}]},{"@type":"ImageObject","inLanguage":"eu-ES","@id":"https:\/\/bizkeliza.org\/eu\/noticia\/asteburuko-jarduerak-2\/#primaryimage","url":"https:\/\/bizkeliza.org\/wp-content\/uploads\/395428093_18203728249284858_7278345695209245193_n.jpg","contentUrl":"https:\/\/bizkeliza.org\/wp-content\/uploads\/395428093_18203728249284858_7278345695209245193_n.jpg","width":800,"height":600,"caption":"Encuentro de inicio de curso de preadolescentes y j\u00f3venes de la Unidad Pastoral (UP) Casco Viejo."},{"@type":"BreadcrumbList","@id":"https:\/\/bizkeliza.org\/eu\/noticia\/asteburuko-jarduerak-2\/#breadcrumb","itemListElement":[{"@type":"ListItem","position":1,"name":"Portada","item":"https:\/\/bizkeliza.org\/eu\/"},{"@type":"ListItem","position":2,"name":"Asteburuko jarduerak"}]},{"@type":"WebSite","@id":"https:\/\/bizkeliza.org\/eu\/#website","url":"https:\/\/bizkeliza.org\/eu\/","name":"Bilboko Elizbarrutia - Di\u00f3cesis de Bilbao","description":"Di\u00f3cesis de Bilbao","publisher":{"@id":"https:\/\/bizkeliza.org\/eu\/#organization"},"alternateName":"Di\u00f3cesis de Bilbao","potentialAction":[{"@type":"SearchAction","target":{"@type":"EntryPoint","urlTemplate":"https:\/\/bizkeliza.org\/eu\/?s={search_term_string}"},"query-input":{"@type":"PropertyValueSpecification","valueRequired":true,"valueName":"search_term_string"}}],"inLanguage":"eu-ES"},{"@type":"Organization","@id":"https:\/\/bizkeliza.org\/eu\/#organization","name":"Di\u00f3cesis de Bilbao","alternateName":"Di\u00f3cesis de Bilbao","url":"https:\/\/bizkeliza.org\/eu\/","logo":{"@type":"ImageObject","inLanguage":"eu-ES","@id":"https:\/\/bizkeliza.org\/eu\/#\/schema\/logo\/image\/","url":"https:\/\/bizkeliza.org\/wp-content\/uploads\/2022\/06\/Logo-nuevo_2024-1-scaled.jpg","contentUrl":"https:\/\/bizkeliza.org\/wp-content\/uploads\/2022\/06\/Logo-nuevo_2024-1-scaled.jpg","width":2560,"height":1024,"caption":"Di\u00f3cesis de Bilbao"},"image":{"@id":"https:\/\/bizkeliza.org\/eu\/#\/schema\/logo\/image\/"},"sameAs":["https:\/\/www.facebook.com\/DiocesisBilbao\/","https:\/\/x.com\/DiocesisBilbao","https:\/\/www.instagram.com\/obispadobilbao\/","https:\/\/www.youtube.com\/user\/bilbokoelizbarrutia"],"description":"Iglesia local de Bilbao perteneciente a la Iglesia Cat\u00f3lica"},{"@type":"Person","@id":"https:\/\/bizkeliza.org\/eu\/#\/schema\/person\/1f27c53156256531056d48959c2f2008","name":"bkareaga"}]}},"jetpack_featured_media_url":"https:\/\/bizkeliza.org\/wp-content\/uploads\/395428093_18203728249284858_7278345695209245193_n.jpg","_links":{"self":[{"href":"https:\/\/bizkeliza.org\/eu\/wp-json\/wp\/v2\/posts\/113988","targetHints":{"allow":["GET"]}}],"collection":[{"href":"https:\/\/bizkeliza.org\/eu\/wp-json\/wp\/v2\/posts"}],"about":[{"href":"https:\/\/bizkeliza.org\/eu\/wp-json\/wp\/v2\/types\/post"}],"author":[{"embeddable":true,"href":"https:\/\/bizkeliza.org\/eu\/wp-json\/wp\/v2\/users\/20"}],"replies":[{"embeddable":true,"href":"https:\/\/bizkeliza.org\/eu\/wp-json\/wp\/v2\/comments?post=113988"}],"version-history":[{"count":0,"href":"https:\/\/bizkeliza.org\/eu\/wp-json\/wp\/v2\/posts\/113988\/revisions"}],"wp:featuredmedia":[{"embeddable":true,"href":"https:\/\/bizkeliza.org\/eu\/wp-json\/wp\/v2\/media\/113620"}],"wp:attachment":[{"href":"https:\/\/bizkeliza.org\/eu\/wp-json\/wp\/v2\/media?parent=113988"}],"wp:term":[{"taxonomy":"category","embeddable":true,"href":"https:\/\/bizkeliza.org\/eu\/wp-json\/wp\/v2\/categories?post=113988"},{"taxonomy":"post_tag","embeddable":true,"href":"https:\/\/bizkeliza.org\/eu\/wp-json\/wp\/v2\/tags?post=113988"}],"curies":[{"name":"wp","href":"https:\/\/api.w.org\/{rel}","templated":true}]}}