{"id":117183,"date":"2023-12-01T10:00:00","date_gmt":"2023-12-01T09:00:00","guid":{"rendered":"https:\/\/bizkeliza.org\/?p=117183"},"modified":"2023-12-01T09:13:37","modified_gmt":"2023-12-01T08:13:37","slug":"enkarterri-hoberantz-saria-deusto-argitalpenak-enpresarentzat","status":"publish","type":"post","link":"https:\/\/bizkeliza.org\/eu\/noticia\/enkarterri-hoberantz-saria-deusto-argitalpenak-enpresarentzat\/","title":{"rendered":"Enkarterri Hoberantz saria Deusto Argitalpenak enpresarentzat"},"content":{"rendered":"\n<p><p>\u00a0<\/p>&#13;\n<p>\u00a0<\/p><\/p>\n\n<p>El vicario general, <strong>Kerman L\u00f3pez,<\/strong> salud\u00f3 a los asistentes en nombre de la Di\u00f3cesis. &#8220;<em>En nombre de la Iglesia que represento, os animo a seguir favoreciendo, <strong>cultura y formaci\u00f3n t\u00e9cnica, ambas<\/strong>, porque son las dos alas que permiten volar hacia un <strong>trabajo digno<\/strong> y hacia una <strong>sociedad menos desigual y m\u00e1s decente<\/strong><\/em>&#8220;, subray\u00f3. <\/p>\n\n<blockquote class=\"twitter-tweet\"><p lang=\"es\" dir=\"ltr\">\ud83d\udcccBikario nagusiaren berbak <a href=\"https:\/\/twitter.com\/San_Viator?ref_src=twsrc%5Etfw\">@San_Viator<\/a> <br\/>\ud83d\udcccEl vicario general en los premios Enkarterri Hoberantz <a href=\"https:\/\/twitter.com\/San_Viator?ref_src=twsrc%5Etfw\">@San_Viator<\/a> \u201cEn nombre de la Iglesia que represento, os animo a seguir favoreciendo, cultura y formaci\u00f3n t\u00e9cnica, ambas, porque son las dos alas que permiten volar hacia un trabajo\u2026 <a href=\"https:\/\/t.co\/D9NifKJGsb\">pic.twitter.com\/D9NifKJGsb<\/a><\/p>\u2014 Bilboko Elizbarrutia (@DiocesisBilbao) <a href=\"https:\/\/twitter.com\/DiocesisBilbao\/status\/1730286832191967442?ref_src=twsrc%5Etfw\">November 30, 2023<\/a><\/blockquote> <script async=\"\" src=\"https:\/\/platform.twitter.com\/widgets.js\" charset=\"utf-8\"><\/script>\n\n<p>La periodista <strong>Nagore Orella <\/strong>present\u00f3 el acto y la ponencia central corri\u00f3 a cargo de <strong>Jos\u00e9 Luis \u00c1valos<\/strong>, profesor de econom\u00eda de <strong>Deusto Business School,<\/strong> bajo el t\u00edtulo <strong>\u201cFunci\u00f3n Social de la empresa: paradojas, mitos y retos\u201d. <\/strong> La actuaci\u00f3n estuvo protagonizada por Agus Barandiar\u00e1n, el trikitilari del grupo de folk `<strong>Korrontzi<\/strong>\u00b4 acompa\u00f1ado por un grupo de j\u00f3venes dantzaris.<\/p>\n\n<figure class=\"wp-block-image size-full\"><img decoding=\"async\" width=\"800\" height=\"547\" src=\"https:\/\/bizkeliza.org\/wp-content\/uploads\/Korrontzi.jpg\" alt=\"Agus Barandiar&#xE1;n\" class=\"wp-image-117177\" srcset=\"https:\/\/bizkeliza.org\/wp-content\/uploads\/Korrontzi.jpg 800w, https:\/\/bizkeliza.org\/wp-content\/uploads\/Korrontzi-480x328.jpg 480w\" sizes=\"(min-width: 0px) and (max-width: 480px) 480px, (min-width: 481px) 800px, 100vw\" \/><figcaption class=\"wp-element-caption\">Agus Barandiar\u00e1n y los dantzaris en un momento de la actuaci\u00f3n<\/figcaption><\/figure>\n\n<p><\/p>\n\n<h3 class=\"wp-block-heading\"><p><strong>\u201cEnkarterri Hoberantz\u201d saria<\/strong><\/p><\/h3>\n\n<p><p>Sari honek <strong>Enkarterrien<\/strong> aldeko ahaleginak batu gura ditu, enpresek eskualdearen garapenean egiten daben lana autortuz eta lana sortzeko, kalitatea lortzeko, barrikuntza teknologikoa hedatzeko eta etenbako prestaketa sustatzeko egiten daben ahalegina sarituz.<\/p><\/p>\n\n<h3 class=\"wp-block-heading\"><p><strong>&#8216;Ediciones Deusto S.A&#8217;<\/strong><\/p><\/h3>\n\n<p><p><strong>&#8216;Ediciones Deusto S.A.&#8217;<\/strong> enpresak <strong>Enkarterrietako<\/strong> enpresa-garapenean izan dauan konpromisoa baloratu dau batez be epaimahaiak. Kontuan izan dau, baita be, nazinoartean hedatzeko eta kalidadea lortzeko apustua, prozesu bidezko kudeaketaren eta SFC ziurtagiria dauan produktuaren bidez. Sormena eta pertsonalizatzea gauzatuz, produktuaren etenbako barrikuntza bultzatzeko estrategia be baloratu deutse eta, jarduera eta balio jasangarriez baliatuz ingurune-jasangarritasuna ardatz estrategikotzat hartu izana.<\/p><\/p>\n\n<h3 class=\"wp-block-heading\"><p><strong>Sarituak<\/strong><\/p><\/h3>\n\n<p><p>Ondorengo enpresok saritu dabez aurreko ekitaldietan: <strong>Balmasedako Fabio Murga tailerrak; Gue\u00f1eseko &#8216;Muebles Vizcaya&#8217;; Zallako &#8216;Muebles El Para\u00edso&#8217;; Balmasedako Trameinsa; Alonsotegiko Thyssenkrupp Bilstenin Ib\u00e9rica; Sodupeko Laenk; Karrantzako Lombera; Balmasedako Ubegi; Arechaederra paketatzeak; Carmusa; Sopuerta tailerrak; P4Q Electronics; Vibacar; Cel taldea; Bizkaia Esnea; Vicinay kateak; Amalura, Mondy Ibersac <\/strong>eta <strong>Karrantzako esnekiak-TGT taldea.<\/strong><\/p><\/p>\n","protected":false},"excerpt":{"rendered":"<p>\u00a0 &#13; \u00a0 El vicario general, Kerman L\u00f3pez, salud\u00f3 a los asistentes en nombre de la Di\u00f3cesis. &#8220;En nombre de la Iglesia que represento, os animo a seguir favoreciendo, cultura y formaci\u00f3n t\u00e9cnica, ambas, porque son las dos alas que permiten volar hacia un trabajo digno y hacia una sociedad menos desigual y m\u00e1s decente&#8220;, [&hellip;]<\/p>\n","protected":false},"author":20,"featured_media":117172,"comment_status":"closed","ping_status":"closed","sticky":false,"template":"","format":"standard","meta":{"_acf_changed":false,"_et_pb_use_builder":"off","_et_pb_old_content":"","_et_gb_content_width":"","footnotes":""},"categories":[506],"tags":[586,595],"class_list":["post-117183","post","type-post","status-publish","format-standard","has-post-thumbnail","hentry","category-lehenengo-orrialdea","tag-ebi-eu","tag-enkarterri-hoberantz-eu"],"acf":[],"yoast_head":"<!-- This site is optimized with the Yoast SEO Premium plugin v27.2 (Yoast SEO v27.2) - https:\/\/yoast.com\/product\/yoast-seo-premium-wordpress\/ -->\n<title>Enkarterri Hoberantz saria Deusto Argitalpenak enpresarentzat<\/title>\n<meta name=\"description\" content=\"&#039;Ediciones Deusto S.A.&#039; enpresak Enkarterrietako enpresa-garapenean izan dauan konpromisoa baloratu dau batez be epaimahaiak,\" \/>\n<meta name=\"robots\" content=\"index, follow, max-snippet:-1, max-image-preview:large, max-video-preview:-1\" \/>\n<link rel=\"canonical\" href=\"https:\/\/bizkeliza.org\/eu\/noticia\/enkarterri-hoberantz-saria-deusto-argitalpenak-enpresarentzat\/\" \/>\n<meta property=\"og:locale\" content=\"eu_ES\" \/>\n<meta property=\"og:type\" content=\"article\" \/>\n<meta property=\"og:title\" content=\"Enkarterri Hoberantz saria Deusto Argitalpenak enpresarentzat\" \/>\n<meta property=\"og:description\" content=\"&#039;Ediciones Deusto S.A.&#039; enpresak Enkarterrietako enpresa-garapenean izan dauan konpromisoa baloratu dau batez be epaimahaiak,\" \/>\n<meta property=\"og:url\" content=\"https:\/\/bizkeliza.org\/eu\/noticia\/enkarterri-hoberantz-saria-deusto-argitalpenak-enpresarentzat\/\" \/>\n<meta property=\"og:site_name\" content=\"Bilboko Elizbarrutia - Di\u00f3cesis de Bilbao\" \/>\n<meta property=\"article:publisher\" content=\"https:\/\/www.facebook.com\/DiocesisBilbao\/\" \/>\n<meta property=\"article:published_time\" content=\"2023-12-01T09:00:00+00:00\" \/>\n<meta property=\"og:image\" content=\"https:\/\/bizkeliza.org\/wp-content\/uploads\/Ediciones-Deusto-scaled.jpg\" \/>\n\t<meta property=\"og:image:width\" content=\"2560\" \/>\n\t<meta property=\"og:image:height\" content=\"2116\" \/>\n\t<meta property=\"og:image:type\" content=\"image\/jpeg\" \/>\n<meta name=\"author\" content=\"bkareaga\" \/>\n<meta name=\"twitter:card\" content=\"summary_large_image\" \/>\n<meta name=\"twitter:creator\" content=\"@DiocesisBilbao\" \/>\n<meta name=\"twitter:site\" content=\"@DiocesisBilbao\" \/>\n<script type=\"application\/ld+json\" class=\"yoast-schema-graph\">{\"@context\":\"https:\/\/schema.org\",\"@graph\":[{\"@type\":\"Article\",\"@id\":\"https:\/\/bizkeliza.org\/eu\/noticia\/enkarterri-hoberantz-saria-deusto-argitalpenak-enpresarentzat\/#article\",\"isPartOf\":{\"@id\":\"https:\/\/bizkeliza.org\/eu\/noticia\/enkarterri-hoberantz-saria-deusto-argitalpenak-enpresarentzat\/\"},\"author\":{\"name\":\"bkareaga\",\"@id\":\"https:\/\/bizkeliza.org\/eu\/#\/schema\/person\/1f27c53156256531056d48959c2f2008\"},\"headline\":\"Enkarterri Hoberantz saria Deusto Argitalpenak enpresarentzat\",\"datePublished\":\"2023-12-01T09:00:00+00:00\",\"mainEntityOfPage\":{\"@id\":\"https:\/\/bizkeliza.org\/eu\/noticia\/enkarterri-hoberantz-saria-deusto-argitalpenak-enpresarentzat\/\"},\"wordCount\":347,\"publisher\":{\"@id\":\"https:\/\/bizkeliza.org\/eu\/#organization\"},\"image\":{\"@id\":\"https:\/\/bizkeliza.org\/eu\/noticia\/enkarterri-hoberantz-saria-deusto-argitalpenak-enpresarentzat\/#primaryimage\"},\"thumbnailUrl\":\"https:\/\/bizkeliza.org\/wp-content\/uploads\/Ediciones-Deusto-scaled.jpg\",\"keywords\":[\"EBI\",\"Enkarterri hoberantz\"],\"articleSection\":[\"Lehenengo Orrialdea\"],\"inLanguage\":\"eu-ES\"},{\"@type\":\"WebPage\",\"@id\":\"https:\/\/bizkeliza.org\/eu\/noticia\/enkarterri-hoberantz-saria-deusto-argitalpenak-enpresarentzat\/\",\"url\":\"https:\/\/bizkeliza.org\/eu\/noticia\/enkarterri-hoberantz-saria-deusto-argitalpenak-enpresarentzat\/\",\"name\":\"Enkarterri Hoberantz saria Deusto Argitalpenak enpresarentzat\",\"isPartOf\":{\"@id\":\"https:\/\/bizkeliza.org\/eu\/#website\"},\"primaryImageOfPage\":{\"@id\":\"https:\/\/bizkeliza.org\/eu\/noticia\/enkarterri-hoberantz-saria-deusto-argitalpenak-enpresarentzat\/#primaryimage\"},\"image\":{\"@id\":\"https:\/\/bizkeliza.org\/eu\/noticia\/enkarterri-hoberantz-saria-deusto-argitalpenak-enpresarentzat\/#primaryimage\"},\"thumbnailUrl\":\"https:\/\/bizkeliza.org\/wp-content\/uploads\/Ediciones-Deusto-scaled.jpg\",\"datePublished\":\"2023-12-01T09:00:00+00:00\",\"description\":\"'Ediciones Deusto S.A.' enpresak Enkarterrietako enpresa-garapenean izan dauan konpromisoa baloratu dau batez be epaimahaiak,\",\"breadcrumb\":{\"@id\":\"https:\/\/bizkeliza.org\/eu\/noticia\/enkarterri-hoberantz-saria-deusto-argitalpenak-enpresarentzat\/#breadcrumb\"},\"inLanguage\":\"eu-ES\",\"potentialAction\":[{\"@type\":\"ReadAction\",\"target\":[\"https:\/\/bizkeliza.org\/eu\/noticia\/enkarterri-hoberantz-saria-deusto-argitalpenak-enpresarentzat\/\"]}]},{\"@type\":\"ImageObject\",\"inLanguage\":\"eu-ES\",\"@id\":\"https:\/\/bizkeliza.org\/eu\/noticia\/enkarterri-hoberantz-saria-deusto-argitalpenak-enpresarentzat\/#primaryimage\",\"url\":\"https:\/\/bizkeliza.org\/wp-content\/uploads\/Ediciones-Deusto-scaled.jpg\",\"contentUrl\":\"https:\/\/bizkeliza.org\/wp-content\/uploads\/Ediciones-Deusto-scaled.jpg\",\"width\":2560,\"height\":2116,\"caption\":\"El director de Ediciones Deusto recibiendo el premio\"},{\"@type\":\"BreadcrumbList\",\"@id\":\"https:\/\/bizkeliza.org\/eu\/noticia\/enkarterri-hoberantz-saria-deusto-argitalpenak-enpresarentzat\/#breadcrumb\",\"itemListElement\":[{\"@type\":\"ListItem\",\"position\":1,\"name\":\"Portada\",\"item\":\"https:\/\/bizkeliza.org\/eu\/\"},{\"@type\":\"ListItem\",\"position\":2,\"name\":\"Enkarterri Hoberantz saria Deusto Argitalpenak enpresarentzat\"}]},{\"@type\":\"WebSite\",\"@id\":\"https:\/\/bizkeliza.org\/eu\/#website\",\"url\":\"https:\/\/bizkeliza.org\/eu\/\",\"name\":\"Bilboko Elizbarrutia - Di\u00f3cesis de Bilbao\",\"description\":\"Di\u00f3cesis de Bilbao\",\"publisher\":{\"@id\":\"https:\/\/bizkeliza.org\/eu\/#organization\"},\"alternateName\":\"Di\u00f3cesis de Bilbao\",\"potentialAction\":[{\"@type\":\"SearchAction\",\"target\":{\"@type\":\"EntryPoint\",\"urlTemplate\":\"https:\/\/bizkeliza.org\/eu\/?s={search_term_string}\"},\"query-input\":{\"@type\":\"PropertyValueSpecification\",\"valueRequired\":true,\"valueName\":\"search_term_string\"}}],\"inLanguage\":\"eu-ES\"},{\"@type\":\"Organization\",\"@id\":\"https:\/\/bizkeliza.org\/eu\/#organization\",\"name\":\"Di\u00f3cesis de Bilbao\",\"alternateName\":\"Di\u00f3cesis de Bilbao\",\"url\":\"https:\/\/bizkeliza.org\/eu\/\",\"logo\":{\"@type\":\"ImageObject\",\"inLanguage\":\"eu-ES\",\"@id\":\"https:\/\/bizkeliza.org\/eu\/#\/schema\/logo\/image\/\",\"url\":\"https:\/\/bizkeliza.org\/wp-content\/uploads\/2022\/06\/Logo-nuevo_2024-1-scaled.jpg\",\"contentUrl\":\"https:\/\/bizkeliza.org\/wp-content\/uploads\/2022\/06\/Logo-nuevo_2024-1-scaled.jpg\",\"width\":2560,\"height\":1024,\"caption\":\"Di\u00f3cesis de Bilbao\"},\"image\":{\"@id\":\"https:\/\/bizkeliza.org\/eu\/#\/schema\/logo\/image\/\"},\"sameAs\":[\"https:\/\/www.facebook.com\/DiocesisBilbao\/\",\"https:\/\/x.com\/DiocesisBilbao\",\"https:\/\/www.instagram.com\/obispadobilbao\/\",\"https:\/\/www.youtube.com\/user\/bilbokoelizbarrutia\"],\"description\":\"Iglesia local de Bilbao perteneciente a la Iglesia Cat\u00f3lica\"},{\"@type\":\"Person\",\"@id\":\"https:\/\/bizkeliza.org\/eu\/#\/schema\/person\/1f27c53156256531056d48959c2f2008\",\"name\":\"bkareaga\"}]}<\/script>\n<!-- \/ Yoast SEO Premium plugin. -->","yoast_head_json":{"title":"Enkarterri Hoberantz saria Deusto Argitalpenak enpresarentzat","description":"'Ediciones Deusto S.A.' enpresak Enkarterrietako enpresa-garapenean izan dauan konpromisoa baloratu dau batez be epaimahaiak,","robots":{"index":"index","follow":"follow","max-snippet":"max-snippet:-1","max-image-preview":"max-image-preview:large","max-video-preview":"max-video-preview:-1"},"canonical":"https:\/\/bizkeliza.org\/eu\/noticia\/enkarterri-hoberantz-saria-deusto-argitalpenak-enpresarentzat\/","og_locale":"eu_ES","og_type":"article","og_title":"Enkarterri Hoberantz saria Deusto Argitalpenak enpresarentzat","og_description":"'Ediciones Deusto S.A.' enpresak Enkarterrietako enpresa-garapenean izan dauan konpromisoa baloratu dau batez be epaimahaiak,","og_url":"https:\/\/bizkeliza.org\/eu\/noticia\/enkarterri-hoberantz-saria-deusto-argitalpenak-enpresarentzat\/","og_site_name":"Bilboko Elizbarrutia - Di\u00f3cesis de Bilbao","article_publisher":"https:\/\/www.facebook.com\/DiocesisBilbao\/","article_published_time":"2023-12-01T09:00:00+00:00","og_image":[{"width":2560,"height":2116,"url":"https:\/\/bizkeliza.org\/wp-content\/uploads\/Ediciones-Deusto-scaled.jpg","type":"image\/jpeg"}],"author":"bkareaga","twitter_card":"summary_large_image","twitter_creator":"@DiocesisBilbao","twitter_site":"@DiocesisBilbao","schema":{"@context":"https:\/\/schema.org","@graph":[{"@type":"Article","@id":"https:\/\/bizkeliza.org\/eu\/noticia\/enkarterri-hoberantz-saria-deusto-argitalpenak-enpresarentzat\/#article","isPartOf":{"@id":"https:\/\/bizkeliza.org\/eu\/noticia\/enkarterri-hoberantz-saria-deusto-argitalpenak-enpresarentzat\/"},"author":{"name":"bkareaga","@id":"https:\/\/bizkeliza.org\/eu\/#\/schema\/person\/1f27c53156256531056d48959c2f2008"},"headline":"Enkarterri Hoberantz saria Deusto Argitalpenak enpresarentzat","datePublished":"2023-12-01T09:00:00+00:00","mainEntityOfPage":{"@id":"https:\/\/bizkeliza.org\/eu\/noticia\/enkarterri-hoberantz-saria-deusto-argitalpenak-enpresarentzat\/"},"wordCount":347,"publisher":{"@id":"https:\/\/bizkeliza.org\/eu\/#organization"},"image":{"@id":"https:\/\/bizkeliza.org\/eu\/noticia\/enkarterri-hoberantz-saria-deusto-argitalpenak-enpresarentzat\/#primaryimage"},"thumbnailUrl":"https:\/\/bizkeliza.org\/wp-content\/uploads\/Ediciones-Deusto-scaled.jpg","keywords":["EBI","Enkarterri hoberantz"],"articleSection":["Lehenengo Orrialdea"],"inLanguage":"eu-ES"},{"@type":"WebPage","@id":"https:\/\/bizkeliza.org\/eu\/noticia\/enkarterri-hoberantz-saria-deusto-argitalpenak-enpresarentzat\/","url":"https:\/\/bizkeliza.org\/eu\/noticia\/enkarterri-hoberantz-saria-deusto-argitalpenak-enpresarentzat\/","name":"Enkarterri Hoberantz saria Deusto Argitalpenak enpresarentzat","isPartOf":{"@id":"https:\/\/bizkeliza.org\/eu\/#website"},"primaryImageOfPage":{"@id":"https:\/\/bizkeliza.org\/eu\/noticia\/enkarterri-hoberantz-saria-deusto-argitalpenak-enpresarentzat\/#primaryimage"},"image":{"@id":"https:\/\/bizkeliza.org\/eu\/noticia\/enkarterri-hoberantz-saria-deusto-argitalpenak-enpresarentzat\/#primaryimage"},"thumbnailUrl":"https:\/\/bizkeliza.org\/wp-content\/uploads\/Ediciones-Deusto-scaled.jpg","datePublished":"2023-12-01T09:00:00+00:00","description":"'Ediciones Deusto S.A.' enpresak Enkarterrietako enpresa-garapenean izan dauan konpromisoa baloratu dau batez be epaimahaiak,","breadcrumb":{"@id":"https:\/\/bizkeliza.org\/eu\/noticia\/enkarterri-hoberantz-saria-deusto-argitalpenak-enpresarentzat\/#breadcrumb"},"inLanguage":"eu-ES","potentialAction":[{"@type":"ReadAction","target":["https:\/\/bizkeliza.org\/eu\/noticia\/enkarterri-hoberantz-saria-deusto-argitalpenak-enpresarentzat\/"]}]},{"@type":"ImageObject","inLanguage":"eu-ES","@id":"https:\/\/bizkeliza.org\/eu\/noticia\/enkarterri-hoberantz-saria-deusto-argitalpenak-enpresarentzat\/#primaryimage","url":"https:\/\/bizkeliza.org\/wp-content\/uploads\/Ediciones-Deusto-scaled.jpg","contentUrl":"https:\/\/bizkeliza.org\/wp-content\/uploads\/Ediciones-Deusto-scaled.jpg","width":2560,"height":2116,"caption":"El director de Ediciones Deusto recibiendo el premio"},{"@type":"BreadcrumbList","@id":"https:\/\/bizkeliza.org\/eu\/noticia\/enkarterri-hoberantz-saria-deusto-argitalpenak-enpresarentzat\/#breadcrumb","itemListElement":[{"@type":"ListItem","position":1,"name":"Portada","item":"https:\/\/bizkeliza.org\/eu\/"},{"@type":"ListItem","position":2,"name":"Enkarterri Hoberantz saria Deusto Argitalpenak enpresarentzat"}]},{"@type":"WebSite","@id":"https:\/\/bizkeliza.org\/eu\/#website","url":"https:\/\/bizkeliza.org\/eu\/","name":"Bilboko Elizbarrutia - Di\u00f3cesis de Bilbao","description":"Di\u00f3cesis de Bilbao","publisher":{"@id":"https:\/\/bizkeliza.org\/eu\/#organization"},"alternateName":"Di\u00f3cesis de Bilbao","potentialAction":[{"@type":"SearchAction","target":{"@type":"EntryPoint","urlTemplate":"https:\/\/bizkeliza.org\/eu\/?s={search_term_string}"},"query-input":{"@type":"PropertyValueSpecification","valueRequired":true,"valueName":"search_term_string"}}],"inLanguage":"eu-ES"},{"@type":"Organization","@id":"https:\/\/bizkeliza.org\/eu\/#organization","name":"Di\u00f3cesis de Bilbao","alternateName":"Di\u00f3cesis de Bilbao","url":"https:\/\/bizkeliza.org\/eu\/","logo":{"@type":"ImageObject","inLanguage":"eu-ES","@id":"https:\/\/bizkeliza.org\/eu\/#\/schema\/logo\/image\/","url":"https:\/\/bizkeliza.org\/wp-content\/uploads\/2022\/06\/Logo-nuevo_2024-1-scaled.jpg","contentUrl":"https:\/\/bizkeliza.org\/wp-content\/uploads\/2022\/06\/Logo-nuevo_2024-1-scaled.jpg","width":2560,"height":1024,"caption":"Di\u00f3cesis de Bilbao"},"image":{"@id":"https:\/\/bizkeliza.org\/eu\/#\/schema\/logo\/image\/"},"sameAs":["https:\/\/www.facebook.com\/DiocesisBilbao\/","https:\/\/x.com\/DiocesisBilbao","https:\/\/www.instagram.com\/obispadobilbao\/","https:\/\/www.youtube.com\/user\/bilbokoelizbarrutia"],"description":"Iglesia local de Bilbao perteneciente a la Iglesia Cat\u00f3lica"},{"@type":"Person","@id":"https:\/\/bizkeliza.org\/eu\/#\/schema\/person\/1f27c53156256531056d48959c2f2008","name":"bkareaga"}]}},"jetpack_featured_media_url":"https:\/\/bizkeliza.org\/wp-content\/uploads\/Ediciones-Deusto-scaled.jpg","_links":{"self":[{"href":"https:\/\/bizkeliza.org\/eu\/wp-json\/wp\/v2\/posts\/117183","targetHints":{"allow":["GET"]}}],"collection":[{"href":"https:\/\/bizkeliza.org\/eu\/wp-json\/wp\/v2\/posts"}],"about":[{"href":"https:\/\/bizkeliza.org\/eu\/wp-json\/wp\/v2\/types\/post"}],"author":[{"embeddable":true,"href":"https:\/\/bizkeliza.org\/eu\/wp-json\/wp\/v2\/users\/20"}],"replies":[{"embeddable":true,"href":"https:\/\/bizkeliza.org\/eu\/wp-json\/wp\/v2\/comments?post=117183"}],"version-history":[{"count":0,"href":"https:\/\/bizkeliza.org\/eu\/wp-json\/wp\/v2\/posts\/117183\/revisions"}],"wp:featuredmedia":[{"embeddable":true,"href":"https:\/\/bizkeliza.org\/eu\/wp-json\/wp\/v2\/media\/117172"}],"wp:attachment":[{"href":"https:\/\/bizkeliza.org\/eu\/wp-json\/wp\/v2\/media?parent=117183"}],"wp:term":[{"taxonomy":"category","embeddable":true,"href":"https:\/\/bizkeliza.org\/eu\/wp-json\/wp\/v2\/categories?post=117183"},{"taxonomy":"post_tag","embeddable":true,"href":"https:\/\/bizkeliza.org\/eu\/wp-json\/wp\/v2\/tags?post=117183"}],"curies":[{"name":"wp","href":"https:\/\/api.w.org\/{rel}","templated":true}]}}