{"id":123838,"date":"2024-02-09T13:45:00","date_gmt":"2024-02-09T12:45:00","guid":{"rendered":"https:\/\/bizkeliza.org\/?p=123838"},"modified":"2024-02-09T13:52:24","modified_gmt":"2024-02-09T12:52:24","slug":"bilboko-eleizbarrutiak-olibondoa-landatu-dau-bizkaiko-eleizan-gehiegikerien-biktima-izan-diranak-gogoratzeko","status":"publish","type":"post","link":"https:\/\/bizkeliza.org\/eu\/noticia\/bilboko-eleizbarrutiak-olibondoa-landatu-dau-bizkaiko-eleizan-gehiegikerien-biktima-izan-diranak-gogoratzeko\/","title":{"rendered":"Bilboko Eleizbarrutiak olibondoa landatu dau Bizkaiko Eleizan gehiegikerien biktima izan diranak gogoratzeko"},"content":{"rendered":"\n<p>El olivo se ha plantado en el marco del <strong>`Zuhaitz Eguna\u00b4,<\/strong> encuentro anual organizado por el <a href=\"https:\/\/seminariozentrum.com\/\"><strong>Seminario Zentrum<\/strong> <\/a>en el que se reconocen valores como la sostenibilidad, la igualdad y la paz social.<\/p>\n\n<figure class=\"wp-block-image size-large\"><img decoding=\"async\" width=\"1024\" height=\"575\" src=\"https:\/\/bizkeliza.org\/wp-content\/uploads\/\/426649080_18218016388284858_9223205183707966686_n-1024x575.jpg\" alt=\"Arbol Derio\" class=\"wp-image-123842\" srcset=\"https:\/\/bizkeliza.org\/wp-content\/uploads\/426649080_18218016388284858_9223205183707966686_n-1024x575.jpg 1024w, https:\/\/bizkeliza.org\/wp-content\/uploads\/426649080_18218016388284858_9223205183707966686_n-300x169.jpg 300w, https:\/\/bizkeliza.org\/wp-content\/uploads\/426649080_18218016388284858_9223205183707966686_n-768x431.jpg 768w, https:\/\/bizkeliza.org\/wp-content\/uploads\/426649080_18218016388284858_9223205183707966686_n-1080x607.jpg 1080w, https:\/\/bizkeliza.org\/wp-content\/uploads\/426649080_18218016388284858_9223205183707966686_n-1280x719.jpg 1280w, https:\/\/bizkeliza.org\/wp-content\/uploads\/426649080_18218016388284858_9223205183707966686_n-980x551.jpg 980w, https:\/\/bizkeliza.org\/wp-content\/uploads\/426649080_18218016388284858_9223205183707966686_n-480x270.jpg 480w, https:\/\/bizkeliza.org\/wp-content\/uploads\/426649080_18218016388284858_9223205183707966686_n-1320x742.jpg 1320w, https:\/\/bizkeliza.org\/wp-content\/uploads\/426649080_18218016388284858_9223205183707966686_n.jpg 1440w\" sizes=\"(max-width: 1024px) 100vw, 1024px\" \/><figcaption class=\"wp-element-caption\">El obispo, en el centro de la imagen, junto a varios miembros de la Comisi\u00f3n de Protecci\u00f3n de Menores: Mar\u00eda G\u00f3mez, Gemma Escapa, Mar\u00eda Manrique y Carlos Bargos.<\/figcaption><\/figure>\n\n<p><p><strong>Biblian sinbolismo handia dauan olibondoa Gernikako arbolaren kimuaren ondoan landatu da, Derioko seminarioa izan zanaren parean.<\/strong> Berton, makina bat abade hezi zan eta, <strong>Deustuko Unibertsitateak<\/strong> egindako ikerketaren arabera, 1953 eta 1970 bitartean, sexu gehiegikeriazko kasuak gertatu ziran <strong>Eleizbarrutiko Seminario Txikian<\/strong> hiru abade hezitzaileren eskutik<\/p><\/p>\n\n<figure class=\"wp-block-image size-large\"><img decoding=\"async\" width=\"1024\" height=\"576\" src=\"https:\/\/bizkeliza.org\/wp-content\/uploads\/\/426666617_18218016379284858_8239304814147301216_n-1024x576.jpg\" alt=\"Arbol Derio\" class=\"wp-image-123845\" srcset=\"https:\/\/bizkeliza.org\/wp-content\/uploads\/426666617_18218016379284858_8239304814147301216_n-1024x576.jpg 1024w, https:\/\/bizkeliza.org\/wp-content\/uploads\/426666617_18218016379284858_8239304814147301216_n-300x169.jpg 300w, https:\/\/bizkeliza.org\/wp-content\/uploads\/426666617_18218016379284858_8239304814147301216_n-768x432.jpg 768w, https:\/\/bizkeliza.org\/wp-content\/uploads\/426666617_18218016379284858_8239304814147301216_n-980x551.jpg 980w, https:\/\/bizkeliza.org\/wp-content\/uploads\/426666617_18218016379284858_8239304814147301216_n-480x270.jpg 480w, https:\/\/bizkeliza.org\/wp-content\/uploads\/426666617_18218016379284858_8239304814147301216_n.jpg 1080w\" sizes=\"(max-width: 1024px) 100vw, 1024px\" \/><\/figure>\n\n<p><p><strong>On Joseba Segura<\/strong> gotzainak landatu dau olibondoa Batzordeko hainbat kidek lagunduta. <strong>Batzordeak,<\/strong> bere aldetik, datozan asteetan <strong>Gotzain Kontseiluan<\/strong> aurkeztuko daben eta web orrialde honetan argitaratuko dan 2023ko ekitaldiko jardueraren oroitza-txostenean jasoten dan zenbait datu emon dau.<\/p><\/p>\n\n<p><p><strong>Gemma Escapa<\/strong> abokatuak hitz egin dau egunotan Bizkaitik kanpo dan <strong>Carlos Olabarri<\/strong> abadeak zuzentzen dauan taldearen izenean.<\/p><\/p>\n\n<h3 class=\"wp-block-heading\"><p><strong>2023ko datu batzuk<\/strong><\/p><\/h3>\n\n<p>Batzordeak 7 espediente barri zabaldu ebazan joan dan urtean. Kaltegileak, hilda dagoan Eleizbarrutiko abade bat, fraile bat, beste Eleizbarruti bateko abade bat, hiru laiko (bat identifikatu barik) ira, eta irekitako azken kasuari dagokionez, biktimagaz batzarra egitekotan dira. 2019an batzordea sortu zanetik 2023ra arte, 39 espediente zabaldu dira eta horreetako 27 itxita dagoz. 2023an, 9 kasu itxi dira.<\/p>\n\n<h3 class=\"wp-block-heading\"><p><strong>Kide barriak Batzordean<\/strong><\/p><\/h3>\n\n<p><p>Aurton Adin Txikikoen Babeserako Batzordean sartu diran kide barri biek, hau da, <strong>Carlos Bargosek<\/strong> (Bilboko Eleizbarrutiko idazkari nagusi eta Caritas Bizkaia erakundeko zuzendari ohi) eta <strong>Maria Manriquek<\/strong> (Fede-zabalkunde eta Katekesirako Ordezkaritzako kide eta Euskalerriko Eskautak Bizkaia mobimentuko presidente ohi) parte hartu dabe olibondoaren landaketan. Aitatutako kide barriok <strong>Teo Santos, Juli Moreno<\/strong> eta <strong>Maria Fernandez Hierroren<\/strong> lekua hartu dabe taldean.<\/p><\/p>\n\n<h3 class=\"wp-block-heading\"><strong>Zuhaitz eguna<\/strong><\/h3>\n\n<p><p><strong>\u00a0\u2018Zuhaitz Eguna\u2019<\/strong> 2014an sortu zan eta orduan Gernikako Arbola historikoaren kimua eta berrogeta hamar haritz eta pago inguru landatu zan. Gaur egun, 270 zuhaitz inguru dago Bizkaiak ingurumenagaz dauan konpromisoaren sinbolo bihurtu dan <strong>\u2018Adiskidetasunaren Basoan\u2019.<\/strong><\/p><\/p>\n\n<figure class=\"wp-block-pullquote\"><blockquote><p><p><strong>Olibondoaz batera, gaurko ekitaldian hamar zuhaitz landatu dira.\u00a0<\/strong><\/p><\/p><\/blockquote><\/figure>\n\n<p><p><strong>Esther Apraiz<\/strong> Derioko alkate eta Eudel erakundeko gaur egungo presidenteak agurra eta ondo etorria egin deutse gonbidatuei eta agerian jarri dau Derioren eta Seminarioa eraikinaren arteko sinbiosia, eraikina udalerriaren izenaz ezagutzen da-eta. Ekitaldian autortzen diran balioen garrantzia be azpimarratu dau.<\/p><\/p>\n\n<p>Por su parte, <strong>Juan Manuel Seco <\/strong>e <strong>I\u00f1aki Santamar\u00eda,<\/strong> presidente y gerente de <strong><a href=\"https:\/\/seminariozentrum.com\/\">Seminario Zentrum, <\/a><\/strong>respectivamente, han sido los encargados de entregar los galardones <strong>\u201cZuhaitza Bihotzean 2024\u201d.<\/strong> Con ellos se reconoce a una empresa y a una persona vinculadas al edificio, que se hayan destacado por su implicaci\u00f3n y apoyo a esta comunidad y su entorno.<\/p>\n\n<p><p><strong>Kaiku Elikagai-korporazinoa<\/strong> izan da saritua enpresen arloan eta <strong>Miren Josune Arrutia<\/strong> pertsona partikular saritua. Merkataritzaren arloan ibilbide profesional zabala dau eta <strong>Bilbolamp<\/strong> dalakoari lotuta dago.\u00a0<\/p><\/p>\n\n<p><p><strong>Gotzainak<\/strong> autortutako erakunde eta pertsonaren ekarpena eskertu dau, bere esanetan, gaur landatutako zuhaitzek lez, <em>\u201carrastoa izten dabe-eta hurrengo belaunaldientzat\u201d.<\/em> Honen haritik, Kalbarioko zoritxarrari lotuta dagoan olibondoa aitatu dau, <em>\u201cberagaz gure Eleizan izan diran sexu gehiegikerien biktimen sufrimentua gogoratu gura\u201d<\/em> dala esanez.<\/p><\/p>\n\n<p><\/p>\n","protected":false},"excerpt":{"rendered":"<p>El olivo se ha plantado en el marco del `Zuhaitz Eguna\u00b4, encuentro anual organizado por el Seminario Zentrum en el que se reconocen valores como la sostenibilidad, la igualdad y la paz social. Biblian sinbolismo handia dauan olibondoa Gernikako arbolaren kimuaren ondoan landatu da, Derioko seminarioa izan zanaren parean. Berton, makina bat abade hezi zan [&hellip;]<\/p>\n","protected":false},"author":20,"featured_media":123846,"comment_status":"closed","ping_status":"closed","sticky":false,"template":"","format":"standard","meta":{"_acf_changed":false,"_et_pb_use_builder":"off","_et_pb_old_content":"","_et_gb_content_width":"","footnotes":""},"categories":[506],"tags":[],"class_list":["post-123838","post","type-post","status-publish","format-standard","has-post-thumbnail","hentry","category-lehenengo-orrialdea"],"acf":[],"yoast_head":"<!-- This site is optimized with the Yoast SEO Premium plugin v27.5 (Yoast SEO v27.5) - https:\/\/yoast.com\/product\/yoast-seo-premium-wordpress\/ -->\n<title>Bilboko Eleizbarrutiak olibondoa landatu dau Bizkaiko Eleizan gehiegikerien biktima izan diranak gogoratzeko<\/title>\n<meta name=\"description\" content=\"&#039;Seminario Zentrum&#039; dalakoak urtero antolatzen dauan &#039;Zuhaitz egunean&#039; landatu da olibondoa.\" \/>\n<meta name=\"robots\" content=\"index, follow, max-snippet:-1, max-image-preview:large, max-video-preview:-1\" \/>\n<link rel=\"canonical\" href=\"https:\/\/bizkeliza.org\/eu\/noticia\/bilboko-eleizbarrutiak-olibondoa-landatu-dau-bizkaiko-eleizan-gehiegikerien-biktima-izan-diranak-gogoratzeko\/\" \/>\n<meta property=\"og:locale\" content=\"eu_ES\" \/>\n<meta property=\"og:type\" content=\"article\" \/>\n<meta property=\"og:title\" content=\"Bilboko Eleizbarrutiak olibondoa landatu dau Bizkaiko Eleizan gehiegikerien biktima izan diranak gogoratzeko\" \/>\n<meta property=\"og:description\" content=\"&#039;Seminario Zentrum&#039; dalakoak urtero antolatzen dauan &#039;Zuhaitz egunean&#039; landatu da olibondoa.\" \/>\n<meta property=\"og:url\" content=\"https:\/\/bizkeliza.org\/eu\/noticia\/bilboko-eleizbarrutiak-olibondoa-landatu-dau-bizkaiko-eleizan-gehiegikerien-biktima-izan-diranak-gogoratzeko\/\" \/>\n<meta property=\"og:site_name\" content=\"Bilboko Elizbarrutia - Di\u00f3cesis de Bilbao\" \/>\n<meta property=\"article:publisher\" content=\"https:\/\/www.facebook.com\/DiocesisBilbao\/\" \/>\n<meta property=\"article:published_time\" content=\"2024-02-09T12:45:00+00:00\" \/>\n<meta property=\"article:modified_time\" content=\"2024-02-09T12:52:24+00:00\" \/>\n<meta property=\"og:image\" content=\"https:\/\/bizkeliza.org\/wp-content\/uploads\/426666617_18218016379284858_8239304814147301216_n.jpg\" \/>\n\t<meta property=\"og:image:width\" content=\"1080\" \/>\n\t<meta property=\"og:image:height\" content=\"607\" \/>\n\t<meta property=\"og:image:type\" content=\"image\/jpeg\" \/>\n<meta name=\"author\" content=\"bkareaga\" \/>\n<meta name=\"twitter:card\" content=\"summary_large_image\" \/>\n<meta name=\"twitter:creator\" content=\"@DiocesisBilbao\" \/>\n<meta name=\"twitter:site\" content=\"@DiocesisBilbao\" \/>\n<script type=\"application\/ld+json\" class=\"yoast-schema-graph\">{\"@context\":\"https:\\\/\\\/schema.org\",\"@graph\":[{\"@type\":\"Article\",\"@id\":\"https:\\\/\\\/bizkeliza.org\\\/eu\\\/noticia\\\/bilboko-eleizbarrutiak-olibondoa-landatu-dau-bizkaiko-eleizan-gehiegikerien-biktima-izan-diranak-gogoratzeko\\\/#article\",\"isPartOf\":{\"@id\":\"https:\\\/\\\/bizkeliza.org\\\/eu\\\/noticia\\\/bilboko-eleizbarrutiak-olibondoa-landatu-dau-bizkaiko-eleizan-gehiegikerien-biktima-izan-diranak-gogoratzeko\\\/\"},\"author\":{\"name\":\"bkareaga\",\"@id\":\"https:\\\/\\\/bizkeliza.org\\\/eu\\\/#\\\/schema\\\/person\\\/1f27c53156256531056d48959c2f2008\"},\"headline\":\"Bilboko Eleizbarrutiak olibondoa landatu dau Bizkaiko Eleizan gehiegikerien biktima izan diranak gogoratzeko\",\"datePublished\":\"2024-02-09T12:45:00+00:00\",\"dateModified\":\"2024-02-09T12:52:24+00:00\",\"mainEntityOfPage\":{\"@id\":\"https:\\\/\\\/bizkeliza.org\\\/eu\\\/noticia\\\/bilboko-eleizbarrutiak-olibondoa-landatu-dau-bizkaiko-eleizan-gehiegikerien-biktima-izan-diranak-gogoratzeko\\\/\"},\"wordCount\":499,\"publisher\":{\"@id\":\"https:\\\/\\\/bizkeliza.org\\\/eu\\\/#organization\"},\"image\":{\"@id\":\"https:\\\/\\\/bizkeliza.org\\\/eu\\\/noticia\\\/bilboko-eleizbarrutiak-olibondoa-landatu-dau-bizkaiko-eleizan-gehiegikerien-biktima-izan-diranak-gogoratzeko\\\/#primaryimage\"},\"thumbnailUrl\":\"https:\\\/\\\/bizkeliza.org\\\/wp-content\\\/uploads\\\/426666617_18218016379284858_8239304814147301216_n.jpg\",\"articleSection\":[\"Lehenengo Orrialdea\"],\"inLanguage\":\"eu-ES\"},{\"@type\":\"WebPage\",\"@id\":\"https:\\\/\\\/bizkeliza.org\\\/eu\\\/noticia\\\/bilboko-eleizbarrutiak-olibondoa-landatu-dau-bizkaiko-eleizan-gehiegikerien-biktima-izan-diranak-gogoratzeko\\\/\",\"url\":\"https:\\\/\\\/bizkeliza.org\\\/eu\\\/noticia\\\/bilboko-eleizbarrutiak-olibondoa-landatu-dau-bizkaiko-eleizan-gehiegikerien-biktima-izan-diranak-gogoratzeko\\\/\",\"name\":\"Bilboko Eleizbarrutiak olibondoa landatu dau Bizkaiko Eleizan gehiegikerien biktima izan diranak gogoratzeko\",\"isPartOf\":{\"@id\":\"https:\\\/\\\/bizkeliza.org\\\/eu\\\/#website\"},\"primaryImageOfPage\":{\"@id\":\"https:\\\/\\\/bizkeliza.org\\\/eu\\\/noticia\\\/bilboko-eleizbarrutiak-olibondoa-landatu-dau-bizkaiko-eleizan-gehiegikerien-biktima-izan-diranak-gogoratzeko\\\/#primaryimage\"},\"image\":{\"@id\":\"https:\\\/\\\/bizkeliza.org\\\/eu\\\/noticia\\\/bilboko-eleizbarrutiak-olibondoa-landatu-dau-bizkaiko-eleizan-gehiegikerien-biktima-izan-diranak-gogoratzeko\\\/#primaryimage\"},\"thumbnailUrl\":\"https:\\\/\\\/bizkeliza.org\\\/wp-content\\\/uploads\\\/426666617_18218016379284858_8239304814147301216_n.jpg\",\"datePublished\":\"2024-02-09T12:45:00+00:00\",\"dateModified\":\"2024-02-09T12:52:24+00:00\",\"description\":\"'Seminario Zentrum' dalakoak urtero antolatzen dauan 'Zuhaitz egunean' landatu da olibondoa.\",\"breadcrumb\":{\"@id\":\"https:\\\/\\\/bizkeliza.org\\\/eu\\\/noticia\\\/bilboko-eleizbarrutiak-olibondoa-landatu-dau-bizkaiko-eleizan-gehiegikerien-biktima-izan-diranak-gogoratzeko\\\/#breadcrumb\"},\"inLanguage\":\"eu-ES\",\"potentialAction\":[{\"@type\":\"ReadAction\",\"target\":[\"https:\\\/\\\/bizkeliza.org\\\/eu\\\/noticia\\\/bilboko-eleizbarrutiak-olibondoa-landatu-dau-bizkaiko-eleizan-gehiegikerien-biktima-izan-diranak-gogoratzeko\\\/\"]}]},{\"@type\":\"ImageObject\",\"inLanguage\":\"eu-ES\",\"@id\":\"https:\\\/\\\/bizkeliza.org\\\/eu\\\/noticia\\\/bilboko-eleizbarrutiak-olibondoa-landatu-dau-bizkaiko-eleizan-gehiegikerien-biktima-izan-diranak-gogoratzeko\\\/#primaryimage\",\"url\":\"https:\\\/\\\/bizkeliza.org\\\/wp-content\\\/uploads\\\/426666617_18218016379284858_8239304814147301216_n.jpg\",\"contentUrl\":\"https:\\\/\\\/bizkeliza.org\\\/wp-content\\\/uploads\\\/426666617_18218016379284858_8239304814147301216_n.jpg\",\"width\":1080,\"height\":607,\"caption\":\"Arbol Derio\"},{\"@type\":\"BreadcrumbList\",\"@id\":\"https:\\\/\\\/bizkeliza.org\\\/eu\\\/noticia\\\/bilboko-eleizbarrutiak-olibondoa-landatu-dau-bizkaiko-eleizan-gehiegikerien-biktima-izan-diranak-gogoratzeko\\\/#breadcrumb\",\"itemListElement\":[{\"@type\":\"ListItem\",\"position\":1,\"name\":\"Portada\",\"item\":\"https:\\\/\\\/bizkeliza.org\\\/eu\\\/\"},{\"@type\":\"ListItem\",\"position\":2,\"name\":\"Bilboko Eleizbarrutiak olibondoa landatu dau Bizkaiko Eleizan gehiegikerien biktima izan diranak gogoratzeko\"}]},{\"@type\":\"WebSite\",\"@id\":\"https:\\\/\\\/bizkeliza.org\\\/eu\\\/#website\",\"url\":\"https:\\\/\\\/bizkeliza.org\\\/eu\\\/\",\"name\":\"Bilboko Elizbarrutia - Di\u00f3cesis de Bilbao\",\"description\":\"Di\u00f3cesis de Bilbao\",\"publisher\":{\"@id\":\"https:\\\/\\\/bizkeliza.org\\\/eu\\\/#organization\"},\"alternateName\":\"Di\u00f3cesis de Bilbao\",\"potentialAction\":[{\"@type\":\"SearchAction\",\"target\":{\"@type\":\"EntryPoint\",\"urlTemplate\":\"https:\\\/\\\/bizkeliza.org\\\/eu\\\/?s={search_term_string}\"},\"query-input\":{\"@type\":\"PropertyValueSpecification\",\"valueRequired\":true,\"valueName\":\"search_term_string\"}}],\"inLanguage\":\"eu-ES\"},{\"@type\":\"Organization\",\"@id\":\"https:\\\/\\\/bizkeliza.org\\\/eu\\\/#organization\",\"name\":\"Di\u00f3cesis de Bilbao\",\"alternateName\":\"Di\u00f3cesis de Bilbao\",\"url\":\"https:\\\/\\\/bizkeliza.org\\\/eu\\\/\",\"logo\":{\"@type\":\"ImageObject\",\"inLanguage\":\"eu-ES\",\"@id\":\"https:\\\/\\\/bizkeliza.org\\\/eu\\\/#\\\/schema\\\/logo\\\/image\\\/\",\"url\":\"https:\\\/\\\/bizkeliza.org\\\/wp-content\\\/uploads\\\/2022\\\/06\\\/Logo-nuevo_2024-1-scaled.jpg\",\"contentUrl\":\"https:\\\/\\\/bizkeliza.org\\\/wp-content\\\/uploads\\\/2022\\\/06\\\/Logo-nuevo_2024-1-scaled.jpg\",\"width\":2560,\"height\":1024,\"caption\":\"Di\u00f3cesis de Bilbao\"},\"image\":{\"@id\":\"https:\\\/\\\/bizkeliza.org\\\/eu\\\/#\\\/schema\\\/logo\\\/image\\\/\"},\"sameAs\":[\"https:\\\/\\\/www.facebook.com\\\/DiocesisBilbao\\\/\",\"https:\\\/\\\/x.com\\\/DiocesisBilbao\",\"https:\\\/\\\/www.instagram.com\\\/obispadobilbao\\\/\",\"https:\\\/\\\/www.youtube.com\\\/user\\\/bilbokoelizbarrutia\"],\"description\":\"Iglesia local de Bilbao perteneciente a la Iglesia Cat\u00f3lica\"},{\"@type\":\"Person\",\"@id\":\"https:\\\/\\\/bizkeliza.org\\\/eu\\\/#\\\/schema\\\/person\\\/1f27c53156256531056d48959c2f2008\",\"name\":\"bkareaga\"}]}<\/script>\n<!-- \/ Yoast SEO Premium plugin. -->","yoast_head_json":{"title":"Bilboko Eleizbarrutiak olibondoa landatu dau Bizkaiko Eleizan gehiegikerien biktima izan diranak gogoratzeko","description":"'Seminario Zentrum' dalakoak urtero antolatzen dauan 'Zuhaitz egunean' landatu da olibondoa.","robots":{"index":"index","follow":"follow","max-snippet":"max-snippet:-1","max-image-preview":"max-image-preview:large","max-video-preview":"max-video-preview:-1"},"canonical":"https:\/\/bizkeliza.org\/eu\/noticia\/bilboko-eleizbarrutiak-olibondoa-landatu-dau-bizkaiko-eleizan-gehiegikerien-biktima-izan-diranak-gogoratzeko\/","og_locale":"eu_ES","og_type":"article","og_title":"Bilboko Eleizbarrutiak olibondoa landatu dau Bizkaiko Eleizan gehiegikerien biktima izan diranak gogoratzeko","og_description":"'Seminario Zentrum' dalakoak urtero antolatzen dauan 'Zuhaitz egunean' landatu da olibondoa.","og_url":"https:\/\/bizkeliza.org\/eu\/noticia\/bilboko-eleizbarrutiak-olibondoa-landatu-dau-bizkaiko-eleizan-gehiegikerien-biktima-izan-diranak-gogoratzeko\/","og_site_name":"Bilboko Elizbarrutia - Di\u00f3cesis de Bilbao","article_publisher":"https:\/\/www.facebook.com\/DiocesisBilbao\/","article_published_time":"2024-02-09T12:45:00+00:00","article_modified_time":"2024-02-09T12:52:24+00:00","og_image":[{"width":1080,"height":607,"url":"https:\/\/bizkeliza.org\/wp-content\/uploads\/426666617_18218016379284858_8239304814147301216_n.jpg","type":"image\/jpeg"}],"author":"bkareaga","twitter_card":"summary_large_image","twitter_creator":"@DiocesisBilbao","twitter_site":"@DiocesisBilbao","schema":{"@context":"https:\/\/schema.org","@graph":[{"@type":"Article","@id":"https:\/\/bizkeliza.org\/eu\/noticia\/bilboko-eleizbarrutiak-olibondoa-landatu-dau-bizkaiko-eleizan-gehiegikerien-biktima-izan-diranak-gogoratzeko\/#article","isPartOf":{"@id":"https:\/\/bizkeliza.org\/eu\/noticia\/bilboko-eleizbarrutiak-olibondoa-landatu-dau-bizkaiko-eleizan-gehiegikerien-biktima-izan-diranak-gogoratzeko\/"},"author":{"name":"bkareaga","@id":"https:\/\/bizkeliza.org\/eu\/#\/schema\/person\/1f27c53156256531056d48959c2f2008"},"headline":"Bilboko Eleizbarrutiak olibondoa landatu dau Bizkaiko Eleizan gehiegikerien biktima izan diranak gogoratzeko","datePublished":"2024-02-09T12:45:00+00:00","dateModified":"2024-02-09T12:52:24+00:00","mainEntityOfPage":{"@id":"https:\/\/bizkeliza.org\/eu\/noticia\/bilboko-eleizbarrutiak-olibondoa-landatu-dau-bizkaiko-eleizan-gehiegikerien-biktima-izan-diranak-gogoratzeko\/"},"wordCount":499,"publisher":{"@id":"https:\/\/bizkeliza.org\/eu\/#organization"},"image":{"@id":"https:\/\/bizkeliza.org\/eu\/noticia\/bilboko-eleizbarrutiak-olibondoa-landatu-dau-bizkaiko-eleizan-gehiegikerien-biktima-izan-diranak-gogoratzeko\/#primaryimage"},"thumbnailUrl":"https:\/\/bizkeliza.org\/wp-content\/uploads\/426666617_18218016379284858_8239304814147301216_n.jpg","articleSection":["Lehenengo Orrialdea"],"inLanguage":"eu-ES"},{"@type":"WebPage","@id":"https:\/\/bizkeliza.org\/eu\/noticia\/bilboko-eleizbarrutiak-olibondoa-landatu-dau-bizkaiko-eleizan-gehiegikerien-biktima-izan-diranak-gogoratzeko\/","url":"https:\/\/bizkeliza.org\/eu\/noticia\/bilboko-eleizbarrutiak-olibondoa-landatu-dau-bizkaiko-eleizan-gehiegikerien-biktima-izan-diranak-gogoratzeko\/","name":"Bilboko Eleizbarrutiak olibondoa landatu dau Bizkaiko Eleizan gehiegikerien biktima izan diranak gogoratzeko","isPartOf":{"@id":"https:\/\/bizkeliza.org\/eu\/#website"},"primaryImageOfPage":{"@id":"https:\/\/bizkeliza.org\/eu\/noticia\/bilboko-eleizbarrutiak-olibondoa-landatu-dau-bizkaiko-eleizan-gehiegikerien-biktima-izan-diranak-gogoratzeko\/#primaryimage"},"image":{"@id":"https:\/\/bizkeliza.org\/eu\/noticia\/bilboko-eleizbarrutiak-olibondoa-landatu-dau-bizkaiko-eleizan-gehiegikerien-biktima-izan-diranak-gogoratzeko\/#primaryimage"},"thumbnailUrl":"https:\/\/bizkeliza.org\/wp-content\/uploads\/426666617_18218016379284858_8239304814147301216_n.jpg","datePublished":"2024-02-09T12:45:00+00:00","dateModified":"2024-02-09T12:52:24+00:00","description":"'Seminario Zentrum' dalakoak urtero antolatzen dauan 'Zuhaitz egunean' landatu da olibondoa.","breadcrumb":{"@id":"https:\/\/bizkeliza.org\/eu\/noticia\/bilboko-eleizbarrutiak-olibondoa-landatu-dau-bizkaiko-eleizan-gehiegikerien-biktima-izan-diranak-gogoratzeko\/#breadcrumb"},"inLanguage":"eu-ES","potentialAction":[{"@type":"ReadAction","target":["https:\/\/bizkeliza.org\/eu\/noticia\/bilboko-eleizbarrutiak-olibondoa-landatu-dau-bizkaiko-eleizan-gehiegikerien-biktima-izan-diranak-gogoratzeko\/"]}]},{"@type":"ImageObject","inLanguage":"eu-ES","@id":"https:\/\/bizkeliza.org\/eu\/noticia\/bilboko-eleizbarrutiak-olibondoa-landatu-dau-bizkaiko-eleizan-gehiegikerien-biktima-izan-diranak-gogoratzeko\/#primaryimage","url":"https:\/\/bizkeliza.org\/wp-content\/uploads\/426666617_18218016379284858_8239304814147301216_n.jpg","contentUrl":"https:\/\/bizkeliza.org\/wp-content\/uploads\/426666617_18218016379284858_8239304814147301216_n.jpg","width":1080,"height":607,"caption":"Arbol Derio"},{"@type":"BreadcrumbList","@id":"https:\/\/bizkeliza.org\/eu\/noticia\/bilboko-eleizbarrutiak-olibondoa-landatu-dau-bizkaiko-eleizan-gehiegikerien-biktima-izan-diranak-gogoratzeko\/#breadcrumb","itemListElement":[{"@type":"ListItem","position":1,"name":"Portada","item":"https:\/\/bizkeliza.org\/eu\/"},{"@type":"ListItem","position":2,"name":"Bilboko Eleizbarrutiak olibondoa landatu dau Bizkaiko Eleizan gehiegikerien biktima izan diranak gogoratzeko"}]},{"@type":"WebSite","@id":"https:\/\/bizkeliza.org\/eu\/#website","url":"https:\/\/bizkeliza.org\/eu\/","name":"Bilboko Elizbarrutia - Di\u00f3cesis de Bilbao","description":"Di\u00f3cesis de Bilbao","publisher":{"@id":"https:\/\/bizkeliza.org\/eu\/#organization"},"alternateName":"Di\u00f3cesis de Bilbao","potentialAction":[{"@type":"SearchAction","target":{"@type":"EntryPoint","urlTemplate":"https:\/\/bizkeliza.org\/eu\/?s={search_term_string}"},"query-input":{"@type":"PropertyValueSpecification","valueRequired":true,"valueName":"search_term_string"}}],"inLanguage":"eu-ES"},{"@type":"Organization","@id":"https:\/\/bizkeliza.org\/eu\/#organization","name":"Di\u00f3cesis de Bilbao","alternateName":"Di\u00f3cesis de Bilbao","url":"https:\/\/bizkeliza.org\/eu\/","logo":{"@type":"ImageObject","inLanguage":"eu-ES","@id":"https:\/\/bizkeliza.org\/eu\/#\/schema\/logo\/image\/","url":"https:\/\/bizkeliza.org\/wp-content\/uploads\/2022\/06\/Logo-nuevo_2024-1-scaled.jpg","contentUrl":"https:\/\/bizkeliza.org\/wp-content\/uploads\/2022\/06\/Logo-nuevo_2024-1-scaled.jpg","width":2560,"height":1024,"caption":"Di\u00f3cesis de Bilbao"},"image":{"@id":"https:\/\/bizkeliza.org\/eu\/#\/schema\/logo\/image\/"},"sameAs":["https:\/\/www.facebook.com\/DiocesisBilbao\/","https:\/\/x.com\/DiocesisBilbao","https:\/\/www.instagram.com\/obispadobilbao\/","https:\/\/www.youtube.com\/user\/bilbokoelizbarrutia"],"description":"Iglesia local de Bilbao perteneciente a la Iglesia Cat\u00f3lica"},{"@type":"Person","@id":"https:\/\/bizkeliza.org\/eu\/#\/schema\/person\/1f27c53156256531056d48959c2f2008","name":"bkareaga"}]}},"jetpack_featured_media_url":"https:\/\/bizkeliza.org\/wp-content\/uploads\/426666617_18218016379284858_8239304814147301216_n.jpg","_links":{"self":[{"href":"https:\/\/bizkeliza.org\/eu\/wp-json\/wp\/v2\/posts\/123838","targetHints":{"allow":["GET"]}}],"collection":[{"href":"https:\/\/bizkeliza.org\/eu\/wp-json\/wp\/v2\/posts"}],"about":[{"href":"https:\/\/bizkeliza.org\/eu\/wp-json\/wp\/v2\/types\/post"}],"author":[{"embeddable":true,"href":"https:\/\/bizkeliza.org\/eu\/wp-json\/wp\/v2\/users\/20"}],"replies":[{"embeddable":true,"href":"https:\/\/bizkeliza.org\/eu\/wp-json\/wp\/v2\/comments?post=123838"}],"version-history":[{"count":0,"href":"https:\/\/bizkeliza.org\/eu\/wp-json\/wp\/v2\/posts\/123838\/revisions"}],"wp:featuredmedia":[{"embeddable":true,"href":"https:\/\/bizkeliza.org\/eu\/wp-json\/wp\/v2\/media\/123846"}],"wp:attachment":[{"href":"https:\/\/bizkeliza.org\/eu\/wp-json\/wp\/v2\/media?parent=123838"}],"wp:term":[{"taxonomy":"category","embeddable":true,"href":"https:\/\/bizkeliza.org\/eu\/wp-json\/wp\/v2\/categories?post=123838"},{"taxonomy":"post_tag","embeddable":true,"href":"https:\/\/bizkeliza.org\/eu\/wp-json\/wp\/v2\/tags?post=123838"}],"curies":[{"name":"wp","href":"https:\/\/api.w.org\/{rel}","templated":true}]}}