{"id":126329,"date":"2024-03-03T10:00:00","date_gmt":"2024-03-03T09:00:00","guid":{"rendered":"https:\/\/bizkeliza.org\/?p=126329"},"modified":"2024-03-01T12:38:03","modified_gmt":"2024-03-01T11:38:03","slug":"aintzane-monteverderen-konpromisoa-san-nikolas-zabalik-dalakoagaz","status":"publish","type":"post","link":"https:\/\/bizkeliza.org\/eu\/noticia\/aintzane-monteverderen-konpromisoa-san-nikolas-zabalik-dalakoagaz\/","title":{"rendered":"Aintzane Monteverderen konpromisoa &#8216;San Nikolas zabalik&#8217; dalakoagaz"},"content":{"rendered":"\n<p><p><strong>Aintzane Monteverde<\/strong> laguntzeko prest dago <em>&#8220;Eleizbarrutiak behar dauanerako&#8221;.\u00a0<\/em>Jarrera hori erakutsi dau urte luzez, gorputz-eta arima jarriz hainbat zerbitzutan. Esate baterako, Eleizbarrutiko Batzar Nagusirako talde kudeatzailean izan zan eta &#8220;Gazteak eta Eleiza&#8221; txostenean parte hartu eban. Azken urteotan, <a href=\"https:\/\/sannikolaszabalik.wordpress.com\/\" target=\"_blank\" rel=\"noreferrer noopener\">San Nikolas zabalik alkarteko\u00a0<\/a>presidentea da.<\/p><\/p>\n\n<blockquote class=\"twitter-tweet\"><p lang=\"es\" dir=\"ltr\">\ud83d\udcccBeste emakume biren bizitza txatalak harrapetan martxoaren 8rako.<br\/>\ud83d\udcccRetazos de vida de dos de las 8 mujeres que reconocer\u00e1 la Di\u00f3cesis el pr\u00f3ximo 8 de marzo. Grabando en Algorta y San Ant\u00f3n de Bilbao <a href=\"https:\/\/t.co\/iS1F5iFpi7\">pic.twitter.com\/iS1F5iFpi7<\/a><\/p>\u2014 Bilboko Elizbarrutia (@DiocesisBilbao) <a href=\"https:\/\/twitter.com\/DiocesisBilbao\/status\/1757820217328107545?ref_src=twsrc%5Etfw\">February 14, 2024<\/a><\/blockquote> <script async=\"\" src=\"https:\/\/platform.twitter.com\/widgets.js\" charset=\"utf-8\"><\/script>\r\n\n<h3 class=\"wp-block-heading\">San Nikolas zabalik<\/h3>\n\n<p>2021ean sortuta, alkarte hau arduratzen da lehenengo gazte etorkinak parrokia etxean hartu ebezanetik garatzen diharduen gizarte ekintzaz.<\/p>\n\n<p><p>Laster, <em>Abegigune<\/em> egitasmoa garatzeko darabilezan etxabeak barriztatu egingo dira. Leku horretan beste leku batzuetatik datozan gazteei aholkua eta laguntasuna emoten jake, ezinbesteko izapideak egin daiezan Bizkaian bizitzeko, Besteak beste, gaztelaniazko eskolak be emoten deutsiez.<\/p><\/p>\n\n<p>Aintzanek nabarmentzen dauanez, gizarte alderdiari eustea garrantzitsua da Eleizarentzat eta boluntario lez jarduteko dino<\/p>\n\n<p><\/p>\n\n<p><\/p>\n\n<p><\/p>\n","protected":false},"excerpt":{"rendered":"<p>Aintzane Monteverde laguntzeko prest dago &#8220;Eleizbarrutiak behar dauanerako&#8221;.\u00a0Jarrera hori erakutsi dau urte luzez, gorputz-eta arima jarriz hainbat zerbitzutan. Esate baterako, Eleizbarrutiko Batzar Nagusirako talde kudeatzailean izan zan eta &#8220;Gazteak eta Eleiza&#8221; txostenean parte hartu eban. Azken urteotan, San Nikolas zabalik alkarteko\u00a0presidentea da. \ud83d\udcccBeste emakume biren bizitza txatalak harrapetan martxoaren 8rako.\ud83d\udcccRetazos de vida de dos de [&hellip;]<\/p>\n","protected":false},"author":19,"featured_media":126186,"comment_status":"closed","ping_status":"closed","sticky":false,"template":"","format":"standard","meta":{"_acf_changed":false,"_et_pb_use_builder":"off","_et_pb_old_content":"","_et_gb_content_width":"","footnotes":""},"categories":[506],"tags":[],"class_list":["post-126329","post","type-post","status-publish","format-standard","has-post-thumbnail","hentry","category-lehenengo-orrialdea"],"acf":[],"yoast_head":"<!-- This site is optimized with the Yoast SEO Premium plugin v27.2 (Yoast SEO v27.2) - https:\/\/yoast.com\/product\/yoast-seo-premium-wordpress\/ -->\n<title>Aintzane Monteverderen konpromisoa &#039;San Nikolas zabalik&#039; dalakoagaz<\/title>\n<meta name=\"description\" content=\"Martxoaren 8an Eleizbarrutiaren autorpena jasoko dauan 8 emakumeen artean dan Aintzane Monteverde &#039;San Nikolas zabalik&#039; dalakoari lotuta dago\" \/>\n<meta name=\"robots\" content=\"index, follow, max-snippet:-1, max-image-preview:large, max-video-preview:-1\" \/>\n<link rel=\"canonical\" href=\"https:\/\/bizkeliza.org\/eu\/noticia\/aintzane-monteverderen-konpromisoa-san-nikolas-zabalik-dalakoagaz\/\" \/>\n<meta property=\"og:locale\" content=\"eu_ES\" \/>\n<meta property=\"og:type\" content=\"article\" \/>\n<meta property=\"og:title\" content=\"Aintzane Monteverderen konpromisoa &#039;San Nikolas zabalik&#039; dalakoagaz\" \/>\n<meta property=\"og:description\" content=\"Martxoaren 8an Eleizbarrutiaren autorpena jasoko dauan 8 emakumeen artean dan Aintzane Monteverde &#039;San Nikolas zabalik&#039; dalakoari lotuta dago\" \/>\n<meta property=\"og:url\" content=\"https:\/\/bizkeliza.org\/eu\/noticia\/aintzane-monteverderen-konpromisoa-san-nikolas-zabalik-dalakoagaz\/\" \/>\n<meta property=\"og:site_name\" content=\"Bilboko Elizbarrutia - Di\u00f3cesis de Bilbao\" \/>\n<meta property=\"article:publisher\" content=\"https:\/\/www.facebook.com\/DiocesisBilbao\/\" \/>\n<meta property=\"article:published_time\" content=\"2024-03-03T09:00:00+00:00\" \/>\n<meta property=\"og:image\" content=\"https:\/\/bizkeliza.org\/wp-content\/uploads\/Aintzane-Monteverde3.jpg\" \/>\n\t<meta property=\"og:image:width\" content=\"800\" \/>\n\t<meta property=\"og:image:height\" content=\"450\" \/>\n\t<meta property=\"og:image:type\" content=\"image\/jpeg\" \/>\n<meta name=\"author\" content=\"dalberdi\" \/>\n<meta name=\"twitter:card\" content=\"summary_large_image\" \/>\n<meta name=\"twitter:creator\" content=\"@DiocesisBilbao\" \/>\n<meta name=\"twitter:site\" content=\"@DiocesisBilbao\" \/>\n<script type=\"application\/ld+json\" class=\"yoast-schema-graph\">{\"@context\":\"https:\/\/schema.org\",\"@graph\":[{\"@type\":\"Article\",\"@id\":\"https:\/\/bizkeliza.org\/eu\/noticia\/aintzane-monteverderen-konpromisoa-san-nikolas-zabalik-dalakoagaz\/#article\",\"isPartOf\":{\"@id\":\"https:\/\/bizkeliza.org\/eu\/noticia\/aintzane-monteverderen-konpromisoa-san-nikolas-zabalik-dalakoagaz\/\"},\"author\":{\"name\":\"dalberdi\",\"@id\":\"https:\/\/bizkeliza.org\/eu\/#\/schema\/person\/acc5e302cb1997bd56026a6980544228\"},\"headline\":\"Aintzane Monteverderen konpromisoa &#8216;San Nikolas zabalik&#8217; dalakoagaz\",\"datePublished\":\"2024-03-03T09:00:00+00:00\",\"mainEntityOfPage\":{\"@id\":\"https:\/\/bizkeliza.org\/eu\/noticia\/aintzane-monteverderen-konpromisoa-san-nikolas-zabalik-dalakoagaz\/\"},\"wordCount\":164,\"publisher\":{\"@id\":\"https:\/\/bizkeliza.org\/eu\/#organization\"},\"image\":{\"@id\":\"https:\/\/bizkeliza.org\/eu\/noticia\/aintzane-monteverderen-konpromisoa-san-nikolas-zabalik-dalakoagaz\/#primaryimage\"},\"thumbnailUrl\":\"https:\/\/bizkeliza.org\/wp-content\/uploads\/Aintzane-Monteverde3.jpg\",\"articleSection\":[\"Lehenengo Orrialdea\"],\"inLanguage\":\"eu-ES\"},{\"@type\":\"WebPage\",\"@id\":\"https:\/\/bizkeliza.org\/eu\/noticia\/aintzane-monteverderen-konpromisoa-san-nikolas-zabalik-dalakoagaz\/\",\"url\":\"https:\/\/bizkeliza.org\/eu\/noticia\/aintzane-monteverderen-konpromisoa-san-nikolas-zabalik-dalakoagaz\/\",\"name\":\"Aintzane Monteverderen konpromisoa 'San Nikolas zabalik' dalakoagaz\",\"isPartOf\":{\"@id\":\"https:\/\/bizkeliza.org\/eu\/#website\"},\"primaryImageOfPage\":{\"@id\":\"https:\/\/bizkeliza.org\/eu\/noticia\/aintzane-monteverderen-konpromisoa-san-nikolas-zabalik-dalakoagaz\/#primaryimage\"},\"image\":{\"@id\":\"https:\/\/bizkeliza.org\/eu\/noticia\/aintzane-monteverderen-konpromisoa-san-nikolas-zabalik-dalakoagaz\/#primaryimage\"},\"thumbnailUrl\":\"https:\/\/bizkeliza.org\/wp-content\/uploads\/Aintzane-Monteverde3.jpg\",\"datePublished\":\"2024-03-03T09:00:00+00:00\",\"description\":\"Martxoaren 8an Eleizbarrutiaren autorpena jasoko dauan 8 emakumeen artean dan Aintzane Monteverde 'San Nikolas zabalik' dalakoari lotuta dago\",\"breadcrumb\":{\"@id\":\"https:\/\/bizkeliza.org\/eu\/noticia\/aintzane-monteverderen-konpromisoa-san-nikolas-zabalik-dalakoagaz\/#breadcrumb\"},\"inLanguage\":\"eu-ES\",\"potentialAction\":[{\"@type\":\"ReadAction\",\"target\":[\"https:\/\/bizkeliza.org\/eu\/noticia\/aintzane-monteverderen-konpromisoa-san-nikolas-zabalik-dalakoagaz\/\"]}]},{\"@type\":\"ImageObject\",\"inLanguage\":\"eu-ES\",\"@id\":\"https:\/\/bizkeliza.org\/eu\/noticia\/aintzane-monteverderen-konpromisoa-san-nikolas-zabalik-dalakoagaz\/#primaryimage\",\"url\":\"https:\/\/bizkeliza.org\/wp-content\/uploads\/Aintzane-Monteverde3.jpg\",\"contentUrl\":\"https:\/\/bizkeliza.org\/wp-content\/uploads\/Aintzane-Monteverde3.jpg\",\"width\":800,\"height\":450,\"caption\":\"Aintzane Monteverde\"},{\"@type\":\"BreadcrumbList\",\"@id\":\"https:\/\/bizkeliza.org\/eu\/noticia\/aintzane-monteverderen-konpromisoa-san-nikolas-zabalik-dalakoagaz\/#breadcrumb\",\"itemListElement\":[{\"@type\":\"ListItem\",\"position\":1,\"name\":\"Portada\",\"item\":\"https:\/\/bizkeliza.org\/eu\/\"},{\"@type\":\"ListItem\",\"position\":2,\"name\":\"Aintzane Monteverderen konpromisoa &#8216;San Nikolas zabalik&#8217; dalakoagaz\"}]},{\"@type\":\"WebSite\",\"@id\":\"https:\/\/bizkeliza.org\/eu\/#website\",\"url\":\"https:\/\/bizkeliza.org\/eu\/\",\"name\":\"Bilboko Elizbarrutia - Di\u00f3cesis de Bilbao\",\"description\":\"Di\u00f3cesis de Bilbao\",\"publisher\":{\"@id\":\"https:\/\/bizkeliza.org\/eu\/#organization\"},\"alternateName\":\"Di\u00f3cesis de Bilbao\",\"potentialAction\":[{\"@type\":\"SearchAction\",\"target\":{\"@type\":\"EntryPoint\",\"urlTemplate\":\"https:\/\/bizkeliza.org\/eu\/?s={search_term_string}\"},\"query-input\":{\"@type\":\"PropertyValueSpecification\",\"valueRequired\":true,\"valueName\":\"search_term_string\"}}],\"inLanguage\":\"eu-ES\"},{\"@type\":\"Organization\",\"@id\":\"https:\/\/bizkeliza.org\/eu\/#organization\",\"name\":\"Di\u00f3cesis de Bilbao\",\"alternateName\":\"Di\u00f3cesis de Bilbao\",\"url\":\"https:\/\/bizkeliza.org\/eu\/\",\"logo\":{\"@type\":\"ImageObject\",\"inLanguage\":\"eu-ES\",\"@id\":\"https:\/\/bizkeliza.org\/eu\/#\/schema\/logo\/image\/\",\"url\":\"https:\/\/bizkeliza.org\/wp-content\/uploads\/2022\/06\/Logo-nuevo_2024-1-scaled.jpg\",\"contentUrl\":\"https:\/\/bizkeliza.org\/wp-content\/uploads\/2022\/06\/Logo-nuevo_2024-1-scaled.jpg\",\"width\":2560,\"height\":1024,\"caption\":\"Di\u00f3cesis de Bilbao\"},\"image\":{\"@id\":\"https:\/\/bizkeliza.org\/eu\/#\/schema\/logo\/image\/\"},\"sameAs\":[\"https:\/\/www.facebook.com\/DiocesisBilbao\/\",\"https:\/\/x.com\/DiocesisBilbao\",\"https:\/\/www.instagram.com\/obispadobilbao\/\",\"https:\/\/www.youtube.com\/user\/bilbokoelizbarrutia\"],\"description\":\"Iglesia local de Bilbao perteneciente a la Iglesia Cat\u00f3lica\"},{\"@type\":\"Person\",\"@id\":\"https:\/\/bizkeliza.org\/eu\/#\/schema\/person\/acc5e302cb1997bd56026a6980544228\",\"name\":\"dalberdi\"}]}<\/script>\n<!-- \/ Yoast SEO Premium plugin. -->","yoast_head_json":{"title":"Aintzane Monteverderen konpromisoa 'San Nikolas zabalik' dalakoagaz","description":"Martxoaren 8an Eleizbarrutiaren autorpena jasoko dauan 8 emakumeen artean dan Aintzane Monteverde 'San Nikolas zabalik' dalakoari lotuta dago","robots":{"index":"index","follow":"follow","max-snippet":"max-snippet:-1","max-image-preview":"max-image-preview:large","max-video-preview":"max-video-preview:-1"},"canonical":"https:\/\/bizkeliza.org\/eu\/noticia\/aintzane-monteverderen-konpromisoa-san-nikolas-zabalik-dalakoagaz\/","og_locale":"eu_ES","og_type":"article","og_title":"Aintzane Monteverderen konpromisoa 'San Nikolas zabalik' dalakoagaz","og_description":"Martxoaren 8an Eleizbarrutiaren autorpena jasoko dauan 8 emakumeen artean dan Aintzane Monteverde 'San Nikolas zabalik' dalakoari lotuta dago","og_url":"https:\/\/bizkeliza.org\/eu\/noticia\/aintzane-monteverderen-konpromisoa-san-nikolas-zabalik-dalakoagaz\/","og_site_name":"Bilboko Elizbarrutia - Di\u00f3cesis de Bilbao","article_publisher":"https:\/\/www.facebook.com\/DiocesisBilbao\/","article_published_time":"2024-03-03T09:00:00+00:00","og_image":[{"width":800,"height":450,"url":"https:\/\/bizkeliza.org\/wp-content\/uploads\/Aintzane-Monteverde3.jpg","type":"image\/jpeg"}],"author":"dalberdi","twitter_card":"summary_large_image","twitter_creator":"@DiocesisBilbao","twitter_site":"@DiocesisBilbao","schema":{"@context":"https:\/\/schema.org","@graph":[{"@type":"Article","@id":"https:\/\/bizkeliza.org\/eu\/noticia\/aintzane-monteverderen-konpromisoa-san-nikolas-zabalik-dalakoagaz\/#article","isPartOf":{"@id":"https:\/\/bizkeliza.org\/eu\/noticia\/aintzane-monteverderen-konpromisoa-san-nikolas-zabalik-dalakoagaz\/"},"author":{"name":"dalberdi","@id":"https:\/\/bizkeliza.org\/eu\/#\/schema\/person\/acc5e302cb1997bd56026a6980544228"},"headline":"Aintzane Monteverderen konpromisoa &#8216;San Nikolas zabalik&#8217; dalakoagaz","datePublished":"2024-03-03T09:00:00+00:00","mainEntityOfPage":{"@id":"https:\/\/bizkeliza.org\/eu\/noticia\/aintzane-monteverderen-konpromisoa-san-nikolas-zabalik-dalakoagaz\/"},"wordCount":164,"publisher":{"@id":"https:\/\/bizkeliza.org\/eu\/#organization"},"image":{"@id":"https:\/\/bizkeliza.org\/eu\/noticia\/aintzane-monteverderen-konpromisoa-san-nikolas-zabalik-dalakoagaz\/#primaryimage"},"thumbnailUrl":"https:\/\/bizkeliza.org\/wp-content\/uploads\/Aintzane-Monteverde3.jpg","articleSection":["Lehenengo Orrialdea"],"inLanguage":"eu-ES"},{"@type":"WebPage","@id":"https:\/\/bizkeliza.org\/eu\/noticia\/aintzane-monteverderen-konpromisoa-san-nikolas-zabalik-dalakoagaz\/","url":"https:\/\/bizkeliza.org\/eu\/noticia\/aintzane-monteverderen-konpromisoa-san-nikolas-zabalik-dalakoagaz\/","name":"Aintzane Monteverderen konpromisoa 'San Nikolas zabalik' dalakoagaz","isPartOf":{"@id":"https:\/\/bizkeliza.org\/eu\/#website"},"primaryImageOfPage":{"@id":"https:\/\/bizkeliza.org\/eu\/noticia\/aintzane-monteverderen-konpromisoa-san-nikolas-zabalik-dalakoagaz\/#primaryimage"},"image":{"@id":"https:\/\/bizkeliza.org\/eu\/noticia\/aintzane-monteverderen-konpromisoa-san-nikolas-zabalik-dalakoagaz\/#primaryimage"},"thumbnailUrl":"https:\/\/bizkeliza.org\/wp-content\/uploads\/Aintzane-Monteverde3.jpg","datePublished":"2024-03-03T09:00:00+00:00","description":"Martxoaren 8an Eleizbarrutiaren autorpena jasoko dauan 8 emakumeen artean dan Aintzane Monteverde 'San Nikolas zabalik' dalakoari lotuta dago","breadcrumb":{"@id":"https:\/\/bizkeliza.org\/eu\/noticia\/aintzane-monteverderen-konpromisoa-san-nikolas-zabalik-dalakoagaz\/#breadcrumb"},"inLanguage":"eu-ES","potentialAction":[{"@type":"ReadAction","target":["https:\/\/bizkeliza.org\/eu\/noticia\/aintzane-monteverderen-konpromisoa-san-nikolas-zabalik-dalakoagaz\/"]}]},{"@type":"ImageObject","inLanguage":"eu-ES","@id":"https:\/\/bizkeliza.org\/eu\/noticia\/aintzane-monteverderen-konpromisoa-san-nikolas-zabalik-dalakoagaz\/#primaryimage","url":"https:\/\/bizkeliza.org\/wp-content\/uploads\/Aintzane-Monteverde3.jpg","contentUrl":"https:\/\/bizkeliza.org\/wp-content\/uploads\/Aintzane-Monteverde3.jpg","width":800,"height":450,"caption":"Aintzane Monteverde"},{"@type":"BreadcrumbList","@id":"https:\/\/bizkeliza.org\/eu\/noticia\/aintzane-monteverderen-konpromisoa-san-nikolas-zabalik-dalakoagaz\/#breadcrumb","itemListElement":[{"@type":"ListItem","position":1,"name":"Portada","item":"https:\/\/bizkeliza.org\/eu\/"},{"@type":"ListItem","position":2,"name":"Aintzane Monteverderen konpromisoa &#8216;San Nikolas zabalik&#8217; dalakoagaz"}]},{"@type":"WebSite","@id":"https:\/\/bizkeliza.org\/eu\/#website","url":"https:\/\/bizkeliza.org\/eu\/","name":"Bilboko Elizbarrutia - Di\u00f3cesis de Bilbao","description":"Di\u00f3cesis de Bilbao","publisher":{"@id":"https:\/\/bizkeliza.org\/eu\/#organization"},"alternateName":"Di\u00f3cesis de Bilbao","potentialAction":[{"@type":"SearchAction","target":{"@type":"EntryPoint","urlTemplate":"https:\/\/bizkeliza.org\/eu\/?s={search_term_string}"},"query-input":{"@type":"PropertyValueSpecification","valueRequired":true,"valueName":"search_term_string"}}],"inLanguage":"eu-ES"},{"@type":"Organization","@id":"https:\/\/bizkeliza.org\/eu\/#organization","name":"Di\u00f3cesis de Bilbao","alternateName":"Di\u00f3cesis de Bilbao","url":"https:\/\/bizkeliza.org\/eu\/","logo":{"@type":"ImageObject","inLanguage":"eu-ES","@id":"https:\/\/bizkeliza.org\/eu\/#\/schema\/logo\/image\/","url":"https:\/\/bizkeliza.org\/wp-content\/uploads\/2022\/06\/Logo-nuevo_2024-1-scaled.jpg","contentUrl":"https:\/\/bizkeliza.org\/wp-content\/uploads\/2022\/06\/Logo-nuevo_2024-1-scaled.jpg","width":2560,"height":1024,"caption":"Di\u00f3cesis de Bilbao"},"image":{"@id":"https:\/\/bizkeliza.org\/eu\/#\/schema\/logo\/image\/"},"sameAs":["https:\/\/www.facebook.com\/DiocesisBilbao\/","https:\/\/x.com\/DiocesisBilbao","https:\/\/www.instagram.com\/obispadobilbao\/","https:\/\/www.youtube.com\/user\/bilbokoelizbarrutia"],"description":"Iglesia local de Bilbao perteneciente a la Iglesia Cat\u00f3lica"},{"@type":"Person","@id":"https:\/\/bizkeliza.org\/eu\/#\/schema\/person\/acc5e302cb1997bd56026a6980544228","name":"dalberdi"}]}},"jetpack_featured_media_url":"https:\/\/bizkeliza.org\/wp-content\/uploads\/Aintzane-Monteverde3.jpg","_links":{"self":[{"href":"https:\/\/bizkeliza.org\/eu\/wp-json\/wp\/v2\/posts\/126329","targetHints":{"allow":["GET"]}}],"collection":[{"href":"https:\/\/bizkeliza.org\/eu\/wp-json\/wp\/v2\/posts"}],"about":[{"href":"https:\/\/bizkeliza.org\/eu\/wp-json\/wp\/v2\/types\/post"}],"author":[{"embeddable":true,"href":"https:\/\/bizkeliza.org\/eu\/wp-json\/wp\/v2\/users\/19"}],"replies":[{"embeddable":true,"href":"https:\/\/bizkeliza.org\/eu\/wp-json\/wp\/v2\/comments?post=126329"}],"version-history":[{"count":0,"href":"https:\/\/bizkeliza.org\/eu\/wp-json\/wp\/v2\/posts\/126329\/revisions"}],"wp:featuredmedia":[{"embeddable":true,"href":"https:\/\/bizkeliza.org\/eu\/wp-json\/wp\/v2\/media\/126186"}],"wp:attachment":[{"href":"https:\/\/bizkeliza.org\/eu\/wp-json\/wp\/v2\/media?parent=126329"}],"wp:term":[{"taxonomy":"category","embeddable":true,"href":"https:\/\/bizkeliza.org\/eu\/wp-json\/wp\/v2\/categories?post=126329"},{"taxonomy":"post_tag","embeddable":true,"href":"https:\/\/bizkeliza.org\/eu\/wp-json\/wp\/v2\/tags?post=126329"}],"curies":[{"name":"wp","href":"https:\/\/api.w.org\/{rel}","templated":true}]}}