{"id":128374,"date":"2024-03-18T06:00:00","date_gmt":"2024-03-18T05:00:00","guid":{"rendered":"https:\/\/bizkeliza.org\/?p=128374"},"modified":"2024-03-15T13:04:08","modified_gmt":"2024-03-15T12:04:08","slug":"bilbao-eleiz-artea-gizakundean-jaialdiaren-ekitaldi-barria","status":"publish","type":"post","link":"https:\/\/bizkeliza.org\/eu\/noticia\/bilbao-eleiz-artea-gizakundean-jaialdiaren-ekitaldi-barria\/","title":{"rendered":"&#8220;Bilbao eleiz-artea Gizakundean&#8221; jaialdiaren ekitaldi barria"},"content":{"rendered":"\n<p><p>Martxoaren 22an, barikuz, <strong>COLLEGIUM 1704<\/strong> taldeak emongo deutso hasiera jaialdiari, J.D. Zelenkaren<em> &#8220;Musica per la Settimana Sant&#8221;<\/em> emonkizunagaz. <strong>Helena Hozova<\/strong> sopranoak eta <strong>Tomas Selc<\/strong> baxuak jardungo dabe <strong>Vaclav Luksen<\/strong> zuzendaritzapean.<\/p><\/p>\n\n<p><p>Martxoaren 23an, <strong>CALMUS ENSEMBLE,\u00a0<\/strong>taldearen txanda izango da, <strong>Elisabeth Gr\u00fcmmer, <\/strong>oboea joten dala, <strong>Magdalena Schenk-Bader,<\/strong> biola eta <strong>Antje N\u00fcmberger,<\/strong> biolontxeloa. J.G. Rheinberger &amp; Moetes, J.S. Bachen &#8220;C<em>antus Missa\u201d\u2019\u00a0<\/em>interpretatuko dabe.<\/p><\/p>\n\n<p><p>Martxoaren 24an, <strong>ENSEMBLE IL CARAVAGGIO<\/strong> taldeak W.A. Mozarten <em>\u201cDie Schuldigkeit des ersten Gebots KV35\u201d <\/em>interpretatuko dau, honeen eskutik: <strong>Gwendoline Blondeel <\/strong>sopranoa, <strong>Mathilde Ortscheidt <\/strong>mezzosopranoa, <strong>Julien Behr<\/strong> tenorea eta <strong>Camile Delaforge\u00a0<\/strong>musika-zuzendaria.<\/p><\/p>\n\n<p><p>Martxoaren 25ean, astelehenez,, <strong>BARBARA HENDRICKSEK<\/strong> <em>\u201cAmazing Grace\u201d <\/em>interpretatuko dau, <strong>Roland P\u00f6ntinen<\/strong> pianistak eta <strong>Ulf Englund\u00a0<\/strong>gitarristak lagunduta.<\/p><\/p>\n\n<p><p>Martxoaren 26an, martitzenez, ospatuko da azken kontzertua <strong>TIBURTINA ENSEMBLE <\/strong>taldea protagonista dala. Hildegard von Bingenen <em>\u201cEgo sum homo\u201d<\/em> interpretatuko dau honeen eskutik: <strong>Ivana Bilej Broukov\u00e1<\/strong> eta <strong>Tereza B\u00f6hmov\u00e1 <\/strong>sopranoak,\u00a0<strong>Daniela Cerm\u00e1kov\u00e1<\/strong>,\u00a0<strong>Anna Chadimov\u00e1<\/strong> eta <strong>Kamila Mazalov\u00e1 <\/strong>altuak, <strong>Margit \u00dcbellacker<\/strong> salterioa eta <strong>Barbora Kab\u00e1tkov\u00e1\u00a0<\/strong>arte-zuzendaria eta harpa-jolea.<\/p><\/p>\n\n<p><p><strong>Sarrerak Arriaga antzokiko txartel-leihatilan<\/strong> eskuratu daitekez, egun eta ordutegi honeetan: zapatutik martizenera, 11:30-14:00 eta 17:00-19:00; eguaztenetik barikura, 11:30-14:00 eta 17:00-20:00 eta baita web honeetan be: <a href=\"http:\/\/www.teatroarriaga.eus\/\"><strong>www.teatroarriaga.eus<\/strong><\/a> eta <a href=\"https:\/\/musika-musica-bilbao.eus\/\"><strong>https:\/\/musika-musica-bilbao.eus<\/strong><\/a><\/p><\/p>\n","protected":false},"excerpt":{"rendered":"<p>Martxoaren 22an, barikuz, COLLEGIUM 1704 taldeak emongo deutso hasiera jaialdiari, J.D. Zelenkaren &#8220;Musica per la Settimana Sant&#8221; emonkizunagaz. Helena Hozova sopranoak eta Tomas Selc baxuak jardungo dabe Vaclav Luksen zuzendaritzapean. Martxoaren 23an, CALMUS ENSEMBLE,\u00a0taldearen txanda izango da, Elisabeth Gr\u00fcmmer, oboea joten dala, Magdalena Schenk-Bader, biola eta Antje N\u00fcmberger, biolontxeloa. J.G. Rheinberger &amp; Moetes, J.S. Bachen [&hellip;]<\/p>\n","protected":false},"author":20,"featured_media":128014,"comment_status":"closed","ping_status":"closed","sticky":false,"template":"","format":"standard","meta":{"_acf_changed":false,"_et_pb_use_builder":"off","_et_pb_old_content":"","_et_gb_content_width":"","footnotes":""},"categories":[506],"tags":[746],"class_list":["post-128374","post","type-post","status-publish","format-standard","has-post-thumbnail","hentry","category-lehenengo-orrialdea","tag-musika"],"acf":[],"yoast_head":"<!-- This site is optimized with the Yoast SEO Premium plugin v27.5 (Yoast SEO v27.5) - https:\/\/yoast.com\/product\/yoast-seo-premium-wordpress\/ -->\n<title>&quot;Bilbao eleiz-artea Gizakundean&quot; jaialdiaren ekitaldi barria<\/title>\n<meta name=\"description\" content=\"Martxoaren 22an, barikuz, COLLEGIUM 1704 taldeak emongo deutso hasiera jaialdiari, &quot;Musica per la Settimana Sant&quot; emonkizunagaz\" \/>\n<meta name=\"robots\" content=\"index, follow, max-snippet:-1, max-image-preview:large, max-video-preview:-1\" \/>\n<link rel=\"canonical\" href=\"https:\/\/bizkeliza.org\/eu\/noticia\/bilbao-eleiz-artea-gizakundean-jaialdiaren-ekitaldi-barria\/\" \/>\n<meta property=\"og:locale\" content=\"eu_ES\" \/>\n<meta property=\"og:type\" content=\"article\" \/>\n<meta property=\"og:title\" content=\"&quot;Bilbao eleiz-artea Gizakundean&quot; jaialdiaren ekitaldi barria\" \/>\n<meta property=\"og:description\" content=\"Martxoaren 22an, barikuz, COLLEGIUM 1704 taldeak emongo deutso hasiera jaialdiari, &quot;Musica per la Settimana Sant&quot; emonkizunagaz\" \/>\n<meta property=\"og:url\" content=\"https:\/\/bizkeliza.org\/eu\/noticia\/bilbao-eleiz-artea-gizakundean-jaialdiaren-ekitaldi-barria\/\" \/>\n<meta property=\"og:site_name\" content=\"Bilboko Elizbarrutia - Di\u00f3cesis de Bilbao\" \/>\n<meta property=\"article:publisher\" content=\"https:\/\/www.facebook.com\/DiocesisBilbao\/\" \/>\n<meta property=\"article:published_time\" content=\"2024-03-18T05:00:00+00:00\" \/>\n<meta property=\"og:image\" content=\"https:\/\/bizkeliza.org\/wp-content\/uploads\/Collegium.jpg\" \/>\n\t<meta property=\"og:image:width\" content=\"800\" \/>\n\t<meta property=\"og:image:height\" content=\"523\" \/>\n\t<meta property=\"og:image:type\" content=\"image\/jpeg\" \/>\n<meta name=\"author\" content=\"bkareaga\" \/>\n<meta name=\"twitter:card\" content=\"summary_large_image\" \/>\n<meta name=\"twitter:creator\" content=\"@DiocesisBilbao\" \/>\n<meta name=\"twitter:site\" content=\"@DiocesisBilbao\" \/>\n<script type=\"application\/ld+json\" class=\"yoast-schema-graph\">{\"@context\":\"https:\\\/\\\/schema.org\",\"@graph\":[{\"@type\":\"Article\",\"@id\":\"https:\\\/\\\/bizkeliza.org\\\/eu\\\/noticia\\\/bilbao-eleiz-artea-gizakundean-jaialdiaren-ekitaldi-barria\\\/#article\",\"isPartOf\":{\"@id\":\"https:\\\/\\\/bizkeliza.org\\\/eu\\\/noticia\\\/bilbao-eleiz-artea-gizakundean-jaialdiaren-ekitaldi-barria\\\/\"},\"author\":{\"name\":\"bkareaga\",\"@id\":\"https:\\\/\\\/bizkeliza.org\\\/eu\\\/#\\\/schema\\\/person\\\/1f27c53156256531056d48959c2f2008\"},\"headline\":\"&#8220;Bilbao eleiz-artea Gizakundean&#8221; jaialdiaren ekitaldi barria\",\"datePublished\":\"2024-03-18T05:00:00+00:00\",\"mainEntityOfPage\":{\"@id\":\"https:\\\/\\\/bizkeliza.org\\\/eu\\\/noticia\\\/bilbao-eleiz-artea-gizakundean-jaialdiaren-ekitaldi-barria\\\/\"},\"wordCount\":201,\"publisher\":{\"@id\":\"https:\\\/\\\/bizkeliza.org\\\/eu\\\/#organization\"},\"image\":{\"@id\":\"https:\\\/\\\/bizkeliza.org\\\/eu\\\/noticia\\\/bilbao-eleiz-artea-gizakundean-jaialdiaren-ekitaldi-barria\\\/#primaryimage\"},\"thumbnailUrl\":\"https:\\\/\\\/bizkeliza.org\\\/wp-content\\\/uploads\\\/Collegium.jpg\",\"keywords\":[\"Musika\"],\"articleSection\":[\"Lehenengo Orrialdea\"],\"inLanguage\":\"eu-ES\"},{\"@type\":\"WebPage\",\"@id\":\"https:\\\/\\\/bizkeliza.org\\\/eu\\\/noticia\\\/bilbao-eleiz-artea-gizakundean-jaialdiaren-ekitaldi-barria\\\/\",\"url\":\"https:\\\/\\\/bizkeliza.org\\\/eu\\\/noticia\\\/bilbao-eleiz-artea-gizakundean-jaialdiaren-ekitaldi-barria\\\/\",\"name\":\"\\\"Bilbao eleiz-artea Gizakundean\\\" jaialdiaren ekitaldi barria\",\"isPartOf\":{\"@id\":\"https:\\\/\\\/bizkeliza.org\\\/eu\\\/#website\"},\"primaryImageOfPage\":{\"@id\":\"https:\\\/\\\/bizkeliza.org\\\/eu\\\/noticia\\\/bilbao-eleiz-artea-gizakundean-jaialdiaren-ekitaldi-barria\\\/#primaryimage\"},\"image\":{\"@id\":\"https:\\\/\\\/bizkeliza.org\\\/eu\\\/noticia\\\/bilbao-eleiz-artea-gizakundean-jaialdiaren-ekitaldi-barria\\\/#primaryimage\"},\"thumbnailUrl\":\"https:\\\/\\\/bizkeliza.org\\\/wp-content\\\/uploads\\\/Collegium.jpg\",\"datePublished\":\"2024-03-18T05:00:00+00:00\",\"description\":\"Martxoaren 22an, barikuz, COLLEGIUM 1704 taldeak emongo deutso hasiera jaialdiari, \\\"Musica per la Settimana Sant\\\" emonkizunagaz\",\"breadcrumb\":{\"@id\":\"https:\\\/\\\/bizkeliza.org\\\/eu\\\/noticia\\\/bilbao-eleiz-artea-gizakundean-jaialdiaren-ekitaldi-barria\\\/#breadcrumb\"},\"inLanguage\":\"eu-ES\",\"potentialAction\":[{\"@type\":\"ReadAction\",\"target\":[\"https:\\\/\\\/bizkeliza.org\\\/eu\\\/noticia\\\/bilbao-eleiz-artea-gizakundean-jaialdiaren-ekitaldi-barria\\\/\"]}]},{\"@type\":\"ImageObject\",\"inLanguage\":\"eu-ES\",\"@id\":\"https:\\\/\\\/bizkeliza.org\\\/eu\\\/noticia\\\/bilbao-eleiz-artea-gizakundean-jaialdiaren-ekitaldi-barria\\\/#primaryimage\",\"url\":\"https:\\\/\\\/bizkeliza.org\\\/wp-content\\\/uploads\\\/Collegium.jpg\",\"contentUrl\":\"https:\\\/\\\/bizkeliza.org\\\/wp-content\\\/uploads\\\/Collegium.jpg\",\"width\":800,\"height\":523,\"caption\":\"La agrupaci\u00f3n Collegium inaugurar\u00e1 el viernes el programa de este a\u00f1o.\"},{\"@type\":\"BreadcrumbList\",\"@id\":\"https:\\\/\\\/bizkeliza.org\\\/eu\\\/noticia\\\/bilbao-eleiz-artea-gizakundean-jaialdiaren-ekitaldi-barria\\\/#breadcrumb\",\"itemListElement\":[{\"@type\":\"ListItem\",\"position\":1,\"name\":\"Portada\",\"item\":\"https:\\\/\\\/bizkeliza.org\\\/eu\\\/\"},{\"@type\":\"ListItem\",\"position\":2,\"name\":\"\u00abBilbao eleiz-artea Gizakundean\u00bb jaialdiaren ekitaldi barria\"}]},{\"@type\":\"WebSite\",\"@id\":\"https:\\\/\\\/bizkeliza.org\\\/eu\\\/#website\",\"url\":\"https:\\\/\\\/bizkeliza.org\\\/eu\\\/\",\"name\":\"Bilboko Elizbarrutia - Di\u00f3cesis de Bilbao\",\"description\":\"Di\u00f3cesis de Bilbao\",\"publisher\":{\"@id\":\"https:\\\/\\\/bizkeliza.org\\\/eu\\\/#organization\"},\"alternateName\":\"Di\u00f3cesis de Bilbao\",\"potentialAction\":[{\"@type\":\"SearchAction\",\"target\":{\"@type\":\"EntryPoint\",\"urlTemplate\":\"https:\\\/\\\/bizkeliza.org\\\/eu\\\/?s={search_term_string}\"},\"query-input\":{\"@type\":\"PropertyValueSpecification\",\"valueRequired\":true,\"valueName\":\"search_term_string\"}}],\"inLanguage\":\"eu-ES\"},{\"@type\":\"Organization\",\"@id\":\"https:\\\/\\\/bizkeliza.org\\\/eu\\\/#organization\",\"name\":\"Di\u00f3cesis de Bilbao\",\"alternateName\":\"Di\u00f3cesis de Bilbao\",\"url\":\"https:\\\/\\\/bizkeliza.org\\\/eu\\\/\",\"logo\":{\"@type\":\"ImageObject\",\"inLanguage\":\"eu-ES\",\"@id\":\"https:\\\/\\\/bizkeliza.org\\\/eu\\\/#\\\/schema\\\/logo\\\/image\\\/\",\"url\":\"https:\\\/\\\/bizkeliza.org\\\/wp-content\\\/uploads\\\/2022\\\/06\\\/Logo-nuevo_2024-1-scaled.jpg\",\"contentUrl\":\"https:\\\/\\\/bizkeliza.org\\\/wp-content\\\/uploads\\\/2022\\\/06\\\/Logo-nuevo_2024-1-scaled.jpg\",\"width\":2560,\"height\":1024,\"caption\":\"Di\u00f3cesis de Bilbao\"},\"image\":{\"@id\":\"https:\\\/\\\/bizkeliza.org\\\/eu\\\/#\\\/schema\\\/logo\\\/image\\\/\"},\"sameAs\":[\"https:\\\/\\\/www.facebook.com\\\/DiocesisBilbao\\\/\",\"https:\\\/\\\/x.com\\\/DiocesisBilbao\",\"https:\\\/\\\/www.instagram.com\\\/obispadobilbao\\\/\",\"https:\\\/\\\/www.youtube.com\\\/user\\\/bilbokoelizbarrutia\"],\"description\":\"Iglesia local de Bilbao perteneciente a la Iglesia Cat\u00f3lica\"},{\"@type\":\"Person\",\"@id\":\"https:\\\/\\\/bizkeliza.org\\\/eu\\\/#\\\/schema\\\/person\\\/1f27c53156256531056d48959c2f2008\",\"name\":\"bkareaga\"}]}<\/script>\n<!-- \/ Yoast SEO Premium plugin. -->","yoast_head_json":{"title":"\"Bilbao eleiz-artea Gizakundean\" jaialdiaren ekitaldi barria","description":"Martxoaren 22an, barikuz, COLLEGIUM 1704 taldeak emongo deutso hasiera jaialdiari, \"Musica per la Settimana Sant\" emonkizunagaz","robots":{"index":"index","follow":"follow","max-snippet":"max-snippet:-1","max-image-preview":"max-image-preview:large","max-video-preview":"max-video-preview:-1"},"canonical":"https:\/\/bizkeliza.org\/eu\/noticia\/bilbao-eleiz-artea-gizakundean-jaialdiaren-ekitaldi-barria\/","og_locale":"eu_ES","og_type":"article","og_title":"\"Bilbao eleiz-artea Gizakundean\" jaialdiaren ekitaldi barria","og_description":"Martxoaren 22an, barikuz, COLLEGIUM 1704 taldeak emongo deutso hasiera jaialdiari, \"Musica per la Settimana Sant\" emonkizunagaz","og_url":"https:\/\/bizkeliza.org\/eu\/noticia\/bilbao-eleiz-artea-gizakundean-jaialdiaren-ekitaldi-barria\/","og_site_name":"Bilboko Elizbarrutia - Di\u00f3cesis de Bilbao","article_publisher":"https:\/\/www.facebook.com\/DiocesisBilbao\/","article_published_time":"2024-03-18T05:00:00+00:00","og_image":[{"width":800,"height":523,"url":"https:\/\/bizkeliza.org\/wp-content\/uploads\/Collegium.jpg","type":"image\/jpeg"}],"author":"bkareaga","twitter_card":"summary_large_image","twitter_creator":"@DiocesisBilbao","twitter_site":"@DiocesisBilbao","schema":{"@context":"https:\/\/schema.org","@graph":[{"@type":"Article","@id":"https:\/\/bizkeliza.org\/eu\/noticia\/bilbao-eleiz-artea-gizakundean-jaialdiaren-ekitaldi-barria\/#article","isPartOf":{"@id":"https:\/\/bizkeliza.org\/eu\/noticia\/bilbao-eleiz-artea-gizakundean-jaialdiaren-ekitaldi-barria\/"},"author":{"name":"bkareaga","@id":"https:\/\/bizkeliza.org\/eu\/#\/schema\/person\/1f27c53156256531056d48959c2f2008"},"headline":"&#8220;Bilbao eleiz-artea Gizakundean&#8221; jaialdiaren ekitaldi barria","datePublished":"2024-03-18T05:00:00+00:00","mainEntityOfPage":{"@id":"https:\/\/bizkeliza.org\/eu\/noticia\/bilbao-eleiz-artea-gizakundean-jaialdiaren-ekitaldi-barria\/"},"wordCount":201,"publisher":{"@id":"https:\/\/bizkeliza.org\/eu\/#organization"},"image":{"@id":"https:\/\/bizkeliza.org\/eu\/noticia\/bilbao-eleiz-artea-gizakundean-jaialdiaren-ekitaldi-barria\/#primaryimage"},"thumbnailUrl":"https:\/\/bizkeliza.org\/wp-content\/uploads\/Collegium.jpg","keywords":["Musika"],"articleSection":["Lehenengo Orrialdea"],"inLanguage":"eu-ES"},{"@type":"WebPage","@id":"https:\/\/bizkeliza.org\/eu\/noticia\/bilbao-eleiz-artea-gizakundean-jaialdiaren-ekitaldi-barria\/","url":"https:\/\/bizkeliza.org\/eu\/noticia\/bilbao-eleiz-artea-gizakundean-jaialdiaren-ekitaldi-barria\/","name":"\"Bilbao eleiz-artea Gizakundean\" jaialdiaren ekitaldi barria","isPartOf":{"@id":"https:\/\/bizkeliza.org\/eu\/#website"},"primaryImageOfPage":{"@id":"https:\/\/bizkeliza.org\/eu\/noticia\/bilbao-eleiz-artea-gizakundean-jaialdiaren-ekitaldi-barria\/#primaryimage"},"image":{"@id":"https:\/\/bizkeliza.org\/eu\/noticia\/bilbao-eleiz-artea-gizakundean-jaialdiaren-ekitaldi-barria\/#primaryimage"},"thumbnailUrl":"https:\/\/bizkeliza.org\/wp-content\/uploads\/Collegium.jpg","datePublished":"2024-03-18T05:00:00+00:00","description":"Martxoaren 22an, barikuz, COLLEGIUM 1704 taldeak emongo deutso hasiera jaialdiari, \"Musica per la Settimana Sant\" emonkizunagaz","breadcrumb":{"@id":"https:\/\/bizkeliza.org\/eu\/noticia\/bilbao-eleiz-artea-gizakundean-jaialdiaren-ekitaldi-barria\/#breadcrumb"},"inLanguage":"eu-ES","potentialAction":[{"@type":"ReadAction","target":["https:\/\/bizkeliza.org\/eu\/noticia\/bilbao-eleiz-artea-gizakundean-jaialdiaren-ekitaldi-barria\/"]}]},{"@type":"ImageObject","inLanguage":"eu-ES","@id":"https:\/\/bizkeliza.org\/eu\/noticia\/bilbao-eleiz-artea-gizakundean-jaialdiaren-ekitaldi-barria\/#primaryimage","url":"https:\/\/bizkeliza.org\/wp-content\/uploads\/Collegium.jpg","contentUrl":"https:\/\/bizkeliza.org\/wp-content\/uploads\/Collegium.jpg","width":800,"height":523,"caption":"La agrupaci\u00f3n Collegium inaugurar\u00e1 el viernes el programa de este a\u00f1o."},{"@type":"BreadcrumbList","@id":"https:\/\/bizkeliza.org\/eu\/noticia\/bilbao-eleiz-artea-gizakundean-jaialdiaren-ekitaldi-barria\/#breadcrumb","itemListElement":[{"@type":"ListItem","position":1,"name":"Portada","item":"https:\/\/bizkeliza.org\/eu\/"},{"@type":"ListItem","position":2,"name":"\u00abBilbao eleiz-artea Gizakundean\u00bb jaialdiaren ekitaldi barria"}]},{"@type":"WebSite","@id":"https:\/\/bizkeliza.org\/eu\/#website","url":"https:\/\/bizkeliza.org\/eu\/","name":"Bilboko Elizbarrutia - Di\u00f3cesis de Bilbao","description":"Di\u00f3cesis de Bilbao","publisher":{"@id":"https:\/\/bizkeliza.org\/eu\/#organization"},"alternateName":"Di\u00f3cesis de Bilbao","potentialAction":[{"@type":"SearchAction","target":{"@type":"EntryPoint","urlTemplate":"https:\/\/bizkeliza.org\/eu\/?s={search_term_string}"},"query-input":{"@type":"PropertyValueSpecification","valueRequired":true,"valueName":"search_term_string"}}],"inLanguage":"eu-ES"},{"@type":"Organization","@id":"https:\/\/bizkeliza.org\/eu\/#organization","name":"Di\u00f3cesis de Bilbao","alternateName":"Di\u00f3cesis de Bilbao","url":"https:\/\/bizkeliza.org\/eu\/","logo":{"@type":"ImageObject","inLanguage":"eu-ES","@id":"https:\/\/bizkeliza.org\/eu\/#\/schema\/logo\/image\/","url":"https:\/\/bizkeliza.org\/wp-content\/uploads\/2022\/06\/Logo-nuevo_2024-1-scaled.jpg","contentUrl":"https:\/\/bizkeliza.org\/wp-content\/uploads\/2022\/06\/Logo-nuevo_2024-1-scaled.jpg","width":2560,"height":1024,"caption":"Di\u00f3cesis de Bilbao"},"image":{"@id":"https:\/\/bizkeliza.org\/eu\/#\/schema\/logo\/image\/"},"sameAs":["https:\/\/www.facebook.com\/DiocesisBilbao\/","https:\/\/x.com\/DiocesisBilbao","https:\/\/www.instagram.com\/obispadobilbao\/","https:\/\/www.youtube.com\/user\/bilbokoelizbarrutia"],"description":"Iglesia local de Bilbao perteneciente a la Iglesia Cat\u00f3lica"},{"@type":"Person","@id":"https:\/\/bizkeliza.org\/eu\/#\/schema\/person\/1f27c53156256531056d48959c2f2008","name":"bkareaga"}]}},"jetpack_featured_media_url":"https:\/\/bizkeliza.org\/wp-content\/uploads\/Collegium.jpg","_links":{"self":[{"href":"https:\/\/bizkeliza.org\/eu\/wp-json\/wp\/v2\/posts\/128374","targetHints":{"allow":["GET"]}}],"collection":[{"href":"https:\/\/bizkeliza.org\/eu\/wp-json\/wp\/v2\/posts"}],"about":[{"href":"https:\/\/bizkeliza.org\/eu\/wp-json\/wp\/v2\/types\/post"}],"author":[{"embeddable":true,"href":"https:\/\/bizkeliza.org\/eu\/wp-json\/wp\/v2\/users\/20"}],"replies":[{"embeddable":true,"href":"https:\/\/bizkeliza.org\/eu\/wp-json\/wp\/v2\/comments?post=128374"}],"version-history":[{"count":0,"href":"https:\/\/bizkeliza.org\/eu\/wp-json\/wp\/v2\/posts\/128374\/revisions"}],"wp:featuredmedia":[{"embeddable":true,"href":"https:\/\/bizkeliza.org\/eu\/wp-json\/wp\/v2\/media\/128014"}],"wp:attachment":[{"href":"https:\/\/bizkeliza.org\/eu\/wp-json\/wp\/v2\/media?parent=128374"}],"wp:term":[{"taxonomy":"category","embeddable":true,"href":"https:\/\/bizkeliza.org\/eu\/wp-json\/wp\/v2\/categories?post=128374"},{"taxonomy":"post_tag","embeddable":true,"href":"https:\/\/bizkeliza.org\/eu\/wp-json\/wp\/v2\/tags?post=128374"}],"curies":[{"name":"wp","href":"https:\/\/api.w.org\/{rel}","templated":true}]}}