{"id":129927,"date":"2024-03-30T06:00:00","date_gmt":"2024-03-30T05:00:00","guid":{"rendered":"https:\/\/bizkeliza.org\/?p=129927"},"modified":"2024-03-27T09:49:25","modified_gmt":"2024-03-27T08:49:25","slug":"zubiaurreren-maisulana-argitaratu-da","status":"publish","type":"post","link":"https:\/\/bizkeliza.org\/eu\/noticia\/zubiaurreren-maisulana-argitaratu-da\/","title":{"rendered":"Zubiaurreren maisulana argitaratu da"},"content":{"rendered":"\n<p>Valentin Maria Zubiaurrek konposatutako eta Bilboko Koral Alkarteak interpretatutako oratorioak San Mateoren liburutik hartutako Jesu Kristoren Nekaldia kontatzen dau.<\/p>\n\n<p><p><strong>Enrique Azurzak<\/strong> zuzendutako grabazinoan artista entzutetsuek esku-hartzen dabe: <strong>Ana Otxoa<\/strong> (sopranoa), <strong>Be\u00f1at Egiarte<\/strong> (tenorea), <strong>Julen Garcia<\/strong> (baritonoa), <strong>Juan Laboreria<\/strong> (baritonoa), <strong>Alberto Saez Puente<\/strong> (piano-jole eta organo-jolea) eta <strong>Ander Marzana<\/strong> (piano-jolea).\u00a0<em>Tramak gorrian\u00a0<\/em>azalaren diseinua <strong>Manu Muniategiandikoetxea<\/strong> artistaren lana da -bekaduna Errpmako Espainiako Akademian, 2023an-, partitura <strong>Angel Brizek<\/strong> editatu dau eta soinu-erregistroa <strong>Jean Michel Olivares<\/strong> teknikoak egin eban 2022ko azaroan Bilboko Santa Monika komentuan.<\/p><\/p>\n\n<figure class=\"wp-block-image size-full\"><img decoding=\"async\" width=\"800\" height=\"533\" src=\"https:\/\/bizkeliza.org\/wp-content\/uploads\/53610652500_e7ecec6e54_o.jpg\" alt=\"Kristoren Nekaldia (Zubiaurre)\" class=\"wp-image-129785\" srcset=\"https:\/\/bizkeliza.org\/wp-content\/uploads\/53610652500_e7ecec6e54_o.jpg 800w, https:\/\/bizkeliza.org\/wp-content\/uploads\/53610652500_e7ecec6e54_o-480x320.jpg 480w\" sizes=\"(min-width: 0px) and (max-width: 480px) 480px, (min-width: 481px) 800px, 100vw\" \/><figcaption class=\"wp-element-caption\">CDare azala<\/figcaption><\/figure>\n\n<h2 class=\"wp-block-heading\">Garaiko semea<\/h2>\n\n<p>Bizkaitar musikagilea Barain jaio zan 1837an, Garaiko San Joan Ebanjelaria eleizako jaiotza-agirian jasoten dan lez. <\/p>\n\n<blockquote class=\"wp-block-quote is-layout-flow wp-block-quote-is-layout-flow\">\n<p>&#8220;Valent\u00edn Maria de Zubiaurre y Uriona-barrenechea\u00a0&#8220;<\/p>\n\n\n\n<p>En 14 de febrero de mil ochocientos treinta y siete, yo el infraescrito\u00a0 Presb\u00edtero Beneficiado de San Juan Evangelista de la AnteYglesia de Berriz y Cura P\u00e1rroco de esta su aneja de igual t\u00edtulo de esta de Garay: bauptic\u00e9 en ella solemnemente a un ni\u00f1o que (seg\u00fan relaci\u00f3n de los que condujeron para el efecto) naci\u00f3 a las siente horas de \u00e1 noche poco m\u00e1s o menos a corta diferencia, \u00e1 quien puse por nombre Valentin Mar\u00eda, es hijo lexitimo de Juan Martin de Zubiaurre y Dominga de Uriona-barrin-Echea, naturales respective \u00e9l de la dicha de Berriz y ella de Zornoza y vecinos de esta referida de Garay. Abuelos paternos Domingo Santiago de Zubiaurre y Marina de Echeita, ya difuntos, naturales y vecinos que fueron respective \u00e9l de la mencionada de Berriz y ella de esta nominada de San Juan Evangelista de Garay. Abuelos maternos Thomas de Urionabarrenechea ya difundo y Rosal\u00eda de Sarazua, naturales el que fue de esta de San Miguel de Garay y ella lo es de la referida de Zornoza y vecinos de esta misma de Garay. Fueron padrinos Domingo de Zubiaurre y Rosalia de Urionabarren-echea naturaes respective \u00e9l de Zaldua y ella de esta de Garay y vecinos parroquianos de San Miguel de la repetida de Garay, a quienes advert\u00ed el parentesco espiritual que contrajeron y dem\u00e1s obligaciones a que se constituieron y en fe de todo firm\u00e9.<\/p>\n\n\n\n<p>Firmado: don Domingo Mar\u00eda de Zubiaurre\u00a0&#8220;<\/p>\n<\/blockquote>\n\n<figure class=\"wp-block-image size-full\"><img decoding=\"async\" width=\"800\" height=\"774\" src=\"https:\/\/bizkeliza.org\/wp-content\/uploads\/219600401_ZubiaurreValentin.jpg1_.jpg\" alt=\"Zubiaurreren jaiotza-agiria\" class=\"wp-image-129788\" srcset=\"https:\/\/bizkeliza.org\/wp-content\/uploads\/219600401_ZubiaurreValentin.jpg1_.jpg 800w, https:\/\/bizkeliza.org\/wp-content\/uploads\/219600401_ZubiaurreValentin.jpg1_-480x464.jpg 480w\" sizes=\"(min-width: 0px) and (max-width: 480px) 480px, (min-width: 481px) 800px, 100vw\" \/><figcaption class=\"wp-element-caption\">Valentin Maria Zubiaurreren jaiotza-agiria (AHEB-BEHA)<\/figcaption><\/figure>\n\n<p><p>Sei urteko zala jaso ebazan lehenengo musika-eskolak herriko eleizako parrokoaren eskutik. 1845ean <strong>Bilboko Santiago basilikako musika-kaperan<\/strong> sartu zan tiple lez. <strong><a href=\"https:\/\/bizkeliza.org\/noticia\/nicolas-ledesma-en-el-callejero-de-bilbao\/\">Nicol\u00e1s Ledesmak<\/a><\/strong> zuzentzen eban kapera orduan eta honek ikasletzat hartu eban eta aholkulari bihurtu jakon. <strong>Zubiaurrek<\/strong> kantua, pianoa, organoa eta harmonia ikasi ebazan <strong>Ledesmagaz<\/strong>. Aldi berean, oinarrizko heziketa jaso eban uribilduko udal eskolan. 1852an,\u00a0<a href=\"https:\/\/santurtzihistorianzehar.net\/165-anos-de-organistas-en-san-jorge-1852-2017\/\">Santurtziko eleizago organista <\/a>izendatu eben, parrokiako organoa inauguratu ebenean. Ondoren, Venezuelara joan zan. 1861ean bueltatu zan Espainiara. <strong>Nicolas Ledesmak<\/strong> animatuta sartu zan Madrileko Kontserbatorioan, <strong>Hilarion Eslavagaz<\/strong> ikasteko. Sasoi horretan, hain zuzen be 1864an, ikasle zala, <em><strong>&#8216;Luis de Camoens&#8217;<\/strong> <\/em>opera konposatu eban, portugaldar olerkariari buruz.\u00a0<\/p><\/p>\n\n<p>Zubiaurre 1914.eko urtarrilaren 13an hil zan Madrilen. Berrehun lan baino gehiago konposatu eban, besteak beste, mezak, ganbera-musikako piezak piano, bokal eta organorako.<\/p>\n\n<h3 class=\"wp-block-heading\">Jesukristo gure Jaunaren Nekaldia<\/h3>\n\n<p><p>Orain kaleratu dan lana <a href=\"https:\/\/bizkeliza.org\/eu\/noticia\/la-sociedad-coral-de-bilbao-en-el-vaticano\/\">Erromako Espainiako Akademian eta San Pedro basilikan<\/a> argitaratu zan lehenengo aldiz, <strong>Bilboko Koral Alkartearen<\/strong> eskutik, 2023ko martxoan, <strong>Erromako Espainiako Errege Akademiaren 150. urteurrena<\/strong> zala-eta.\u00a0<\/p><\/p>\n\n<figure class=\"wp-block-embed is-type-video is-provider-youtube wp-block-embed-youtube wp-embed-aspect-16-9 wp-has-aspect-ratio\"><div class=\"wp-block-embed__wrapper\">\r\n<iframe loading=\"lazy\" title=\"La Pasi\u00f3n, Zubiaurre\" width=\"1080\" height=\"608\" src=\"https:\/\/www.youtube.com\/embed\/IS9G-3rZGYA?feature=oembed\"  allow=\"accelerometer; autoplay; clipboard-write; encrypted-media; gyroscope; picture-in-picture; web-share\" referrerpolicy=\"strict-origin-when-cross-origin\" allowfullscreen><\/iframe>\r\n<\/div><\/figure>\r\n\n<p><\/p>\n\n<p><p>2023ko apirilean, <a href=\"https:\/\/bizkeliza.org\/eu\/noticia\/la-pasion-de-zubiaurre-en-garai\/\">Garaiko eleizan aurkeztu zan pieza hau.<\/a><\/p><\/p>\n\n<p><p>Orain,\u00a0<em>&#8220;Otilia Fidalgo musikologo entzutetsuak gidatutako ikerlan zehatzaren&#8221;\u00a0<\/em>ostean, hainbat formatutan editatu eta argitaratu da.<\/p><\/p>\n\n<p><p><a href=\"https:\/\/www.coraldebilbao.com\/\">Bilboko Koral Alkartetik <\/a>azaldu dabenez, <i>&#8220;oratorioa, San Mateoren liburutik hartutako Jesukristo Gure Jaunaren Nekaldiko gertaerak era hunkigarri eta dramatikoan kontatzen dabezan bederatzi mobimentuz osotzen da. Preludio zirraragarriak emoten deutso hasieta eta ondoren, In illo tempore dixit Jesus dator, bertan tenorearen ahotsa eta korua alkartzen diralarik. Baritono eta koruak Et fecerunt discipuli abesten dabe eta, ondoren, tenore, baritono, baxu eta koruak Et accipiens calicem interpretatzen dabe. Assumpto Petro hunkigarria dator gero, sopranoaren ahotsa nabarmentzen dalarik eta At illi tenentes Jesum hunkigarriak ahots guztiak batzen ditu konposizino zirraragarrian. Principes autem sacerdotum piezak tonu ilunagoa dau eta baxuak eta koruak kantatzen dabe. Ondoren, Postquam autem crucifixeruntz eum lazgarria ahots-hirukoteak interpretatzen dau emozino-bizitasun sakoneko unean. Azkenik, Finale dotoreak emoten deutso amaiera lanari, barriro be sopranoak, tenoreak, baxuak, baritonoak eta koruak esku-hartzen dabelarik&#8221;.<\/i><\/p><\/p>\n","protected":false},"excerpt":{"rendered":"<p>Valentin Maria Zubiaurrek konposatutako eta Bilboko Koral Alkarteak interpretatutako oratorioak San Mateoren liburutik hartutako Jesu Kristoren Nekaldia kontatzen dau. Enrique Azurzak zuzendutako grabazinoan artista entzutetsuek esku-hartzen dabe: Ana Otxoa (sopranoa), Be\u00f1at Egiarte (tenorea), Julen Garcia (baritonoa), Juan Laboreria (baritonoa), Alberto Saez Puente (piano-jole eta organo-jolea) eta Ander Marzana (piano-jolea).\u00a0Tramak gorrian\u00a0azalaren diseinua Manu Muniategiandikoetxea artistaren lana [&hellip;]<\/p>\n","protected":false},"author":19,"featured_media":129764,"comment_status":"closed","ping_status":"closed","sticky":false,"template":"","format":"standard","meta":{"_acf_changed":false,"_et_pb_use_builder":"off","_et_pb_old_content":"","_et_gb_content_width":"","footnotes":""},"categories":[506],"tags":[],"class_list":["post-129927","post","type-post","status-publish","format-standard","has-post-thumbnail","hentry","category-lehenengo-orrialdea"],"acf":[],"yoast_head":"<!-- This site is optimized with the Yoast SEO Premium plugin v27.2 (Yoast SEO v27.2) - https:\/\/yoast.com\/product\/yoast-seo-premium-wordpress\/ -->\n<title>Zubiaurreren maisulana argitaratu da<\/title>\n<meta name=\"description\" content=\"Santurziko eleizan organista izan zan Valentin Maria Zubiaurre musikagilearen maisulana editatu eta argitaratu da\" \/>\n<meta name=\"robots\" content=\"index, follow, max-snippet:-1, max-image-preview:large, max-video-preview:-1\" \/>\n<link rel=\"canonical\" href=\"https:\/\/bizkeliza.org\/eu\/noticia\/zubiaurreren-maisulana-argitaratu-da\/\" \/>\n<meta property=\"og:locale\" content=\"eu_ES\" \/>\n<meta property=\"og:type\" content=\"article\" \/>\n<meta property=\"og:title\" content=\"Zubiaurreren maisulana argitaratu da\" \/>\n<meta property=\"og:description\" content=\"Santurziko eleizan organista izan zan Valentin Maria Zubiaurre musikagilearen maisulana editatu eta argitaratu da\" \/>\n<meta property=\"og:url\" content=\"https:\/\/bizkeliza.org\/eu\/noticia\/zubiaurreren-maisulana-argitaratu-da\/\" \/>\n<meta property=\"og:site_name\" content=\"Bilboko Elizbarrutia - Di\u00f3cesis de Bilbao\" \/>\n<meta property=\"article:publisher\" content=\"https:\/\/www.facebook.com\/DiocesisBilbao\/\" \/>\n<meta property=\"article:published_time\" content=\"2024-03-30T05:00:00+00:00\" \/>\n<meta property=\"og:image\" content=\"https:\/\/bizkeliza.org\/wp-content\/uploads\/valentin-maria-de-zubiaurre-1.jpg\" \/>\n\t<meta property=\"og:image:width\" content=\"385\" \/>\n\t<meta property=\"og:image:height\" content=\"480\" \/>\n\t<meta property=\"og:image:type\" content=\"image\/jpeg\" \/>\n<meta name=\"author\" content=\"dalberdi\" \/>\n<meta name=\"twitter:card\" content=\"summary_large_image\" \/>\n<meta name=\"twitter:creator\" content=\"@DiocesisBilbao\" \/>\n<meta name=\"twitter:site\" content=\"@DiocesisBilbao\" \/>\n<script type=\"application\/ld+json\" class=\"yoast-schema-graph\">{\"@context\":\"https:\/\/schema.org\",\"@graph\":[{\"@type\":\"Article\",\"@id\":\"https:\/\/bizkeliza.org\/eu\/noticia\/zubiaurreren-maisulana-argitaratu-da\/#article\",\"isPartOf\":{\"@id\":\"https:\/\/bizkeliza.org\/eu\/noticia\/zubiaurreren-maisulana-argitaratu-da\/\"},\"author\":{\"name\":\"dalberdi\",\"@id\":\"https:\/\/bizkeliza.org\/eu\/#\/schema\/person\/acc5e302cb1997bd56026a6980544228\"},\"headline\":\"Zubiaurreren maisulana argitaratu da\",\"datePublished\":\"2024-03-30T05:00:00+00:00\",\"mainEntityOfPage\":{\"@id\":\"https:\/\/bizkeliza.org\/eu\/noticia\/zubiaurreren-maisulana-argitaratu-da\/\"},\"wordCount\":677,\"publisher\":{\"@id\":\"https:\/\/bizkeliza.org\/eu\/#organization\"},\"image\":{\"@id\":\"https:\/\/bizkeliza.org\/eu\/noticia\/zubiaurreren-maisulana-argitaratu-da\/#primaryimage\"},\"thumbnailUrl\":\"https:\/\/bizkeliza.org\/wp-content\/uploads\/valentin-maria-de-zubiaurre-1.jpg\",\"articleSection\":[\"Lehenengo Orrialdea\"],\"inLanguage\":\"eu-ES\"},{\"@type\":\"WebPage\",\"@id\":\"https:\/\/bizkeliza.org\/eu\/noticia\/zubiaurreren-maisulana-argitaratu-da\/\",\"url\":\"https:\/\/bizkeliza.org\/eu\/noticia\/zubiaurreren-maisulana-argitaratu-da\/\",\"name\":\"Zubiaurreren maisulana argitaratu da\",\"isPartOf\":{\"@id\":\"https:\/\/bizkeliza.org\/eu\/#website\"},\"primaryImageOfPage\":{\"@id\":\"https:\/\/bizkeliza.org\/eu\/noticia\/zubiaurreren-maisulana-argitaratu-da\/#primaryimage\"},\"image\":{\"@id\":\"https:\/\/bizkeliza.org\/eu\/noticia\/zubiaurreren-maisulana-argitaratu-da\/#primaryimage\"},\"thumbnailUrl\":\"https:\/\/bizkeliza.org\/wp-content\/uploads\/valentin-maria-de-zubiaurre-1.jpg\",\"datePublished\":\"2024-03-30T05:00:00+00:00\",\"description\":\"Santurziko eleizan organista izan zan Valentin Maria Zubiaurre musikagilearen maisulana editatu eta argitaratu da\",\"breadcrumb\":{\"@id\":\"https:\/\/bizkeliza.org\/eu\/noticia\/zubiaurreren-maisulana-argitaratu-da\/#breadcrumb\"},\"inLanguage\":\"eu-ES\",\"potentialAction\":[{\"@type\":\"ReadAction\",\"target\":[\"https:\/\/bizkeliza.org\/eu\/noticia\/zubiaurreren-maisulana-argitaratu-da\/\"]}]},{\"@type\":\"ImageObject\",\"inLanguage\":\"eu-ES\",\"@id\":\"https:\/\/bizkeliza.org\/eu\/noticia\/zubiaurreren-maisulana-argitaratu-da\/#primaryimage\",\"url\":\"https:\/\/bizkeliza.org\/wp-content\/uploads\/valentin-maria-de-zubiaurre-1.jpg\",\"contentUrl\":\"https:\/\/bizkeliza.org\/wp-content\/uploads\/valentin-maria-de-zubiaurre-1.jpg\",\"width\":385,\"height\":480,\"caption\":\"Valent\u00edn Mar\u00eda de Zubiaurre\"},{\"@type\":\"BreadcrumbList\",\"@id\":\"https:\/\/bizkeliza.org\/eu\/noticia\/zubiaurreren-maisulana-argitaratu-da\/#breadcrumb\",\"itemListElement\":[{\"@type\":\"ListItem\",\"position\":1,\"name\":\"Portada\",\"item\":\"https:\/\/bizkeliza.org\/eu\/\"},{\"@type\":\"ListItem\",\"position\":2,\"name\":\"Zubiaurreren maisulana argitaratu da\"}]},{\"@type\":\"WebSite\",\"@id\":\"https:\/\/bizkeliza.org\/eu\/#website\",\"url\":\"https:\/\/bizkeliza.org\/eu\/\",\"name\":\"Bilboko Elizbarrutia - Di\u00f3cesis de Bilbao\",\"description\":\"Di\u00f3cesis de Bilbao\",\"publisher\":{\"@id\":\"https:\/\/bizkeliza.org\/eu\/#organization\"},\"alternateName\":\"Di\u00f3cesis de Bilbao\",\"potentialAction\":[{\"@type\":\"SearchAction\",\"target\":{\"@type\":\"EntryPoint\",\"urlTemplate\":\"https:\/\/bizkeliza.org\/eu\/?s={search_term_string}\"},\"query-input\":{\"@type\":\"PropertyValueSpecification\",\"valueRequired\":true,\"valueName\":\"search_term_string\"}}],\"inLanguage\":\"eu-ES\"},{\"@type\":\"Organization\",\"@id\":\"https:\/\/bizkeliza.org\/eu\/#organization\",\"name\":\"Di\u00f3cesis de Bilbao\",\"alternateName\":\"Di\u00f3cesis de Bilbao\",\"url\":\"https:\/\/bizkeliza.org\/eu\/\",\"logo\":{\"@type\":\"ImageObject\",\"inLanguage\":\"eu-ES\",\"@id\":\"https:\/\/bizkeliza.org\/eu\/#\/schema\/logo\/image\/\",\"url\":\"https:\/\/bizkeliza.org\/wp-content\/uploads\/2022\/06\/Logo-nuevo_2024-1-scaled.jpg\",\"contentUrl\":\"https:\/\/bizkeliza.org\/wp-content\/uploads\/2022\/06\/Logo-nuevo_2024-1-scaled.jpg\",\"width\":2560,\"height\":1024,\"caption\":\"Di\u00f3cesis de Bilbao\"},\"image\":{\"@id\":\"https:\/\/bizkeliza.org\/eu\/#\/schema\/logo\/image\/\"},\"sameAs\":[\"https:\/\/www.facebook.com\/DiocesisBilbao\/\",\"https:\/\/x.com\/DiocesisBilbao\",\"https:\/\/www.instagram.com\/obispadobilbao\/\",\"https:\/\/www.youtube.com\/user\/bilbokoelizbarrutia\"],\"description\":\"Iglesia local de Bilbao perteneciente a la Iglesia Cat\u00f3lica\"},{\"@type\":\"Person\",\"@id\":\"https:\/\/bizkeliza.org\/eu\/#\/schema\/person\/acc5e302cb1997bd56026a6980544228\",\"name\":\"dalberdi\"}]}<\/script>\n<!-- \/ Yoast SEO Premium plugin. -->","yoast_head_json":{"title":"Zubiaurreren maisulana argitaratu da","description":"Santurziko eleizan organista izan zan Valentin Maria Zubiaurre musikagilearen maisulana editatu eta argitaratu da","robots":{"index":"index","follow":"follow","max-snippet":"max-snippet:-1","max-image-preview":"max-image-preview:large","max-video-preview":"max-video-preview:-1"},"canonical":"https:\/\/bizkeliza.org\/eu\/noticia\/zubiaurreren-maisulana-argitaratu-da\/","og_locale":"eu_ES","og_type":"article","og_title":"Zubiaurreren maisulana argitaratu da","og_description":"Santurziko eleizan organista izan zan Valentin Maria Zubiaurre musikagilearen maisulana editatu eta argitaratu da","og_url":"https:\/\/bizkeliza.org\/eu\/noticia\/zubiaurreren-maisulana-argitaratu-da\/","og_site_name":"Bilboko Elizbarrutia - Di\u00f3cesis de Bilbao","article_publisher":"https:\/\/www.facebook.com\/DiocesisBilbao\/","article_published_time":"2024-03-30T05:00:00+00:00","og_image":[{"width":385,"height":480,"url":"https:\/\/bizkeliza.org\/wp-content\/uploads\/valentin-maria-de-zubiaurre-1.jpg","type":"image\/jpeg"}],"author":"dalberdi","twitter_card":"summary_large_image","twitter_creator":"@DiocesisBilbao","twitter_site":"@DiocesisBilbao","schema":{"@context":"https:\/\/schema.org","@graph":[{"@type":"Article","@id":"https:\/\/bizkeliza.org\/eu\/noticia\/zubiaurreren-maisulana-argitaratu-da\/#article","isPartOf":{"@id":"https:\/\/bizkeliza.org\/eu\/noticia\/zubiaurreren-maisulana-argitaratu-da\/"},"author":{"name":"dalberdi","@id":"https:\/\/bizkeliza.org\/eu\/#\/schema\/person\/acc5e302cb1997bd56026a6980544228"},"headline":"Zubiaurreren maisulana argitaratu da","datePublished":"2024-03-30T05:00:00+00:00","mainEntityOfPage":{"@id":"https:\/\/bizkeliza.org\/eu\/noticia\/zubiaurreren-maisulana-argitaratu-da\/"},"wordCount":677,"publisher":{"@id":"https:\/\/bizkeliza.org\/eu\/#organization"},"image":{"@id":"https:\/\/bizkeliza.org\/eu\/noticia\/zubiaurreren-maisulana-argitaratu-da\/#primaryimage"},"thumbnailUrl":"https:\/\/bizkeliza.org\/wp-content\/uploads\/valentin-maria-de-zubiaurre-1.jpg","articleSection":["Lehenengo Orrialdea"],"inLanguage":"eu-ES"},{"@type":"WebPage","@id":"https:\/\/bizkeliza.org\/eu\/noticia\/zubiaurreren-maisulana-argitaratu-da\/","url":"https:\/\/bizkeliza.org\/eu\/noticia\/zubiaurreren-maisulana-argitaratu-da\/","name":"Zubiaurreren maisulana argitaratu da","isPartOf":{"@id":"https:\/\/bizkeliza.org\/eu\/#website"},"primaryImageOfPage":{"@id":"https:\/\/bizkeliza.org\/eu\/noticia\/zubiaurreren-maisulana-argitaratu-da\/#primaryimage"},"image":{"@id":"https:\/\/bizkeliza.org\/eu\/noticia\/zubiaurreren-maisulana-argitaratu-da\/#primaryimage"},"thumbnailUrl":"https:\/\/bizkeliza.org\/wp-content\/uploads\/valentin-maria-de-zubiaurre-1.jpg","datePublished":"2024-03-30T05:00:00+00:00","description":"Santurziko eleizan organista izan zan Valentin Maria Zubiaurre musikagilearen maisulana editatu eta argitaratu da","breadcrumb":{"@id":"https:\/\/bizkeliza.org\/eu\/noticia\/zubiaurreren-maisulana-argitaratu-da\/#breadcrumb"},"inLanguage":"eu-ES","potentialAction":[{"@type":"ReadAction","target":["https:\/\/bizkeliza.org\/eu\/noticia\/zubiaurreren-maisulana-argitaratu-da\/"]}]},{"@type":"ImageObject","inLanguage":"eu-ES","@id":"https:\/\/bizkeliza.org\/eu\/noticia\/zubiaurreren-maisulana-argitaratu-da\/#primaryimage","url":"https:\/\/bizkeliza.org\/wp-content\/uploads\/valentin-maria-de-zubiaurre-1.jpg","contentUrl":"https:\/\/bizkeliza.org\/wp-content\/uploads\/valentin-maria-de-zubiaurre-1.jpg","width":385,"height":480,"caption":"Valent\u00edn Mar\u00eda de Zubiaurre"},{"@type":"BreadcrumbList","@id":"https:\/\/bizkeliza.org\/eu\/noticia\/zubiaurreren-maisulana-argitaratu-da\/#breadcrumb","itemListElement":[{"@type":"ListItem","position":1,"name":"Portada","item":"https:\/\/bizkeliza.org\/eu\/"},{"@type":"ListItem","position":2,"name":"Zubiaurreren maisulana argitaratu da"}]},{"@type":"WebSite","@id":"https:\/\/bizkeliza.org\/eu\/#website","url":"https:\/\/bizkeliza.org\/eu\/","name":"Bilboko Elizbarrutia - Di\u00f3cesis de Bilbao","description":"Di\u00f3cesis de Bilbao","publisher":{"@id":"https:\/\/bizkeliza.org\/eu\/#organization"},"alternateName":"Di\u00f3cesis de Bilbao","potentialAction":[{"@type":"SearchAction","target":{"@type":"EntryPoint","urlTemplate":"https:\/\/bizkeliza.org\/eu\/?s={search_term_string}"},"query-input":{"@type":"PropertyValueSpecification","valueRequired":true,"valueName":"search_term_string"}}],"inLanguage":"eu-ES"},{"@type":"Organization","@id":"https:\/\/bizkeliza.org\/eu\/#organization","name":"Di\u00f3cesis de Bilbao","alternateName":"Di\u00f3cesis de Bilbao","url":"https:\/\/bizkeliza.org\/eu\/","logo":{"@type":"ImageObject","inLanguage":"eu-ES","@id":"https:\/\/bizkeliza.org\/eu\/#\/schema\/logo\/image\/","url":"https:\/\/bizkeliza.org\/wp-content\/uploads\/2022\/06\/Logo-nuevo_2024-1-scaled.jpg","contentUrl":"https:\/\/bizkeliza.org\/wp-content\/uploads\/2022\/06\/Logo-nuevo_2024-1-scaled.jpg","width":2560,"height":1024,"caption":"Di\u00f3cesis de Bilbao"},"image":{"@id":"https:\/\/bizkeliza.org\/eu\/#\/schema\/logo\/image\/"},"sameAs":["https:\/\/www.facebook.com\/DiocesisBilbao\/","https:\/\/x.com\/DiocesisBilbao","https:\/\/www.instagram.com\/obispadobilbao\/","https:\/\/www.youtube.com\/user\/bilbokoelizbarrutia"],"description":"Iglesia local de Bilbao perteneciente a la Iglesia Cat\u00f3lica"},{"@type":"Person","@id":"https:\/\/bizkeliza.org\/eu\/#\/schema\/person\/acc5e302cb1997bd56026a6980544228","name":"dalberdi"}]}},"jetpack_featured_media_url":"https:\/\/bizkeliza.org\/wp-content\/uploads\/valentin-maria-de-zubiaurre-1.jpg","_links":{"self":[{"href":"https:\/\/bizkeliza.org\/eu\/wp-json\/wp\/v2\/posts\/129927","targetHints":{"allow":["GET"]}}],"collection":[{"href":"https:\/\/bizkeliza.org\/eu\/wp-json\/wp\/v2\/posts"}],"about":[{"href":"https:\/\/bizkeliza.org\/eu\/wp-json\/wp\/v2\/types\/post"}],"author":[{"embeddable":true,"href":"https:\/\/bizkeliza.org\/eu\/wp-json\/wp\/v2\/users\/19"}],"replies":[{"embeddable":true,"href":"https:\/\/bizkeliza.org\/eu\/wp-json\/wp\/v2\/comments?post=129927"}],"version-history":[{"count":0,"href":"https:\/\/bizkeliza.org\/eu\/wp-json\/wp\/v2\/posts\/129927\/revisions"}],"wp:featuredmedia":[{"embeddable":true,"href":"https:\/\/bizkeliza.org\/eu\/wp-json\/wp\/v2\/media\/129764"}],"wp:attachment":[{"href":"https:\/\/bizkeliza.org\/eu\/wp-json\/wp\/v2\/media?parent=129927"}],"wp:term":[{"taxonomy":"category","embeddable":true,"href":"https:\/\/bizkeliza.org\/eu\/wp-json\/wp\/v2\/categories?post=129927"},{"taxonomy":"post_tag","embeddable":true,"href":"https:\/\/bizkeliza.org\/eu\/wp-json\/wp\/v2\/tags?post=129927"}],"curies":[{"name":"wp","href":"https:\/\/api.w.org\/{rel}","templated":true}]}}