{"id":131435,"date":"2024-04-15T10:00:00","date_gmt":"2024-04-15T08:00:00","guid":{"rendered":"https:\/\/bizkeliza.org\/noticia\/san-migel-orozko-pastoral-barrutikoak-erromes-joan-dira-estibalizeko-santutegira\/"},"modified":"2024-04-18T14:27:42","modified_gmt":"2024-04-18T12:27:42","slug":"san-migel-orozko-pastoral-barrutikoak-erromes-joan-dira-estibalizeko-santutegira","status":"publish","type":"post","link":"https:\/\/bizkeliza.org\/eu\/noticia\/san-migel-orozko-pastoral-barrutikoak-erromes-joan-dira-estibalizeko-santutegira\/","title":{"rendered":"San Migel-Orozko Pastoral Barrutikoak erromes joan dira Estibalizeko santutegira"},"content":{"rendered":"\n<p>Estibalizeko Andra Mari santutegia Gasteiztik zortzi kilometrotara dago.<\/p>\n\n<div class=\"wp-block-columns is-layout-flex wp-container-core-columns-is-layout-9d6595d7 wp-block-columns-is-layout-flex\">\n<div class=\"wp-block-column is-layout-flow wp-block-column-is-layout-flow\">\n<figure class=\"wp-block-image size-full is-resized\"><img decoding=\"async\" width=\"600\" height=\"800\" src=\"https:\/\/bizkeliza.org\/wp-content\/uploads\/f13f6914-59ad-4636-942d-b5f4a5fe1672.jpg\" alt=\"Erromesaldia Estibalizera\" class=\"wp-image-131175\" style=\"width:377px;height:auto\" srcset=\"https:\/\/bizkeliza.org\/wp-content\/uploads\/f13f6914-59ad-4636-942d-b5f4a5fe1672.jpg 600w, https:\/\/bizkeliza.org\/wp-content\/uploads\/f13f6914-59ad-4636-942d-b5f4a5fe1672-480x640.jpg 480w\" sizes=\"(min-width: 0px) and (max-width: 480px) 480px, (min-width: 481px) 600px, 100vw\" \/><\/figure>\n<\/div>\n\n\n\n<div class=\"wp-block-column is-layout-flow wp-block-column-is-layout-flow\">\n<figure class=\"wp-block-image size-full\"><img decoding=\"async\" width=\"600\" height=\"800\" src=\"https:\/\/bizkeliza.org\/wp-content\/uploads\/15e2aca1-ce6e-4404-9d76-2117f656520c.jpg\" alt=\"Erromesaldia Estibalizera\" class=\"wp-image-131178\" srcset=\"https:\/\/bizkeliza.org\/wp-content\/uploads\/15e2aca1-ce6e-4404-9d76-2117f656520c.jpg 600w, https:\/\/bizkeliza.org\/wp-content\/uploads\/15e2aca1-ce6e-4404-9d76-2117f656520c-480x640.jpg 480w\" sizes=\"(min-width: 0px) and (max-width: 480px) 480px, (min-width: 481px) 600px, 100vw\" \/><\/figure>\n<\/div>\n<\/div>\n\n<h3 class=\"wp-block-heading\"><p><strong>Monasterioa<\/strong><\/p><\/h3>\n\n<p>XI. gizaldian emoten da fraile-komunitate baten barri. 1138an, Naiarako monje beneditar klunitarren esku itzi zan. Gero, arte erromanikoko benetako harribitxi dan eleiza erromantikoa eraiki zan.<\/p>\n\n<figure class=\"wp-block-image aligncenter size-full\"><img decoding=\"async\" width=\"270\" height=\"180\" src=\"https:\/\/bizkeliza.org\/wp-content\/uploads\/IMG-20240410-WA0016.jpg\" alt=\"\" class=\"wp-image-131112\"\/><\/figure>\n\n<p><\/p>\n\n<h3 class=\"wp-block-heading\"><p><strong>Estibalizeko Andra Mari<\/strong><\/p><\/h3>\n\n<p><p><strong>Estibaliz<\/strong> izena latineko <strong>&#8220;Aestivalis&#8221;<\/strong> dalakotik datorrela emoten dau: <em>&#8220;onibar edo erromatar fundusa&#8221;.\u00a0<\/em>Beste batzuen ustez,\u00a0<em>&#8220;leku lasaigarria&#8221; <\/em>izendatzen dau eta <em>&#8216;Esua-Ibaliz<\/em>&#8216; euskal sustraira joz, <em>&#8220;eztia bezain gozo&#8221;<\/em>\u00a0adierazoko leuke.\u00a0<\/p><\/p>\n\n<figure class=\"wp-block-image aligncenter size-large is-resized\"><img decoding=\"async\" width=\"710\" height=\"1024\" src=\"https:\/\/bizkeliza.org\/wp-content\/uploads\/\/IMG-20240410-WA0017-710x1024.jpg\" alt=\"\" class=\"wp-image-131115\" style=\"width:528px;height:auto\" srcset=\"https:\/\/bizkeliza.org\/wp-content\/uploads\/IMG-20240410-WA0017-710x1024.jpg 710w, https:\/\/bizkeliza.org\/wp-content\/uploads\/IMG-20240410-WA0017-208x300.jpg 208w, https:\/\/bizkeliza.org\/wp-content\/uploads\/IMG-20240410-WA0017-480x692.jpg 480w, https:\/\/bizkeliza.org\/wp-content\/uploads\/IMG-20240410-WA0017.jpg 749w\" sizes=\"(max-width: 710px) 100vw, 710px\" \/><\/figure>\n\n<p><p><strong>1923.eko maiatzaren 6an, Estibalizeko Ama Birjina arabatar guztien erregina eta ama lez koroatu eben. eta 1941.eko irailaren 14an, Pio XII.a aita santuak Arabako zaindari izendatu eban Estibalizeko Ama Birjina.<\/strong><\/p><\/p>\n\n<figure class=\"wp-block-pullquote\"><blockquote><p>Ama Birjinaren irudia XII. gizaldikoa da<\/p><\/blockquote><\/figure>\n\n\t\t<div class=\"wppdfemb-frame-container-1\" style=\"-webkit-overflow-scrolling:auto;\">\n\t\t\t<iframe class=\"pdfembed-iframe nonfullscreen wppdf-emb-iframe-1\"\n\t\t\t\tsrc=\"https:\/\/bizkeliza.org\/eu\/?pdfemb-data=eyJwZGZJRCI6MTMxMTI3LCJ1cmwiOiJodHRwczpcL1wvYml6a2VsaXphLm9yZ1wvd3AtY29udGVudFwvdXBsb2Fkc1wvdHJpcHRpY28tanViaWxlby1lc3RpYmFsaXoucGRmIiwidHJhbnNsYXRlZFdpdGhXUE1MVE0iOiIxIiwiaW5kZXgiOjF9\"\n\t\t\t\t\t\t\t\tdata-pdf-id=\"131127\"\n\t\t\t\tdata-pdf-index=\"1\"\n\t\t\t\tstyle=\"border:none;width:100%;max-width:100%;height:100vh;\"\n\t\t\t\tscrolling=\"yes\">\n\t\t\t<\/iframe>\n\t\t<\/div>\n\n\t\t\n<p class=\"wp-block-pdfemb-pdf-embedder-viewer\">\u00a0 \u00a0<\/p>\n","protected":false},"excerpt":{"rendered":"<p>Estibalizeko Andra Mari santutegia Gasteiztik zortzi kilometrotara dago. Monasterioa XI. gizaldian emoten da fraile-komunitate baten barri. 1138an, Naiarako monje beneditar klunitarren esku itzi zan. Gero, arte erromanikoko benetako harribitxi dan eleiza erromantikoa eraiki zan. Estibalizeko Andra Mari Estibaliz izena latineko &#8220;Aestivalis&#8221; dalakotik datorrela emoten dau: &#8220;onibar edo erromatar fundusa&#8221;.\u00a0Beste batzuen ustez,\u00a0&#8220;leku lasaigarria&#8221; izendatzen dau eta [&hellip;]<\/p>\n","protected":false},"author":20,"featured_media":131173,"comment_status":"closed","ping_status":"closed","sticky":false,"template":"","format":"standard","meta":{"_acf_changed":false,"_et_pb_use_builder":"off","_et_pb_old_content":"","_et_gb_content_width":"","footnotes":""},"categories":[506],"tags":[139],"class_list":["post-131435","post","type-post","status-publish","format-standard","has-post-thumbnail","hentry","category-lehenengo-orrialdea","tag-peregrinacion"],"acf":[],"yoast_head":"<!-- This site is optimized with the Yoast SEO Premium plugin v27.2 (Yoast SEO v27.2) - https:\/\/yoast.com\/product\/yoast-seo-premium-wordpress\/ -->\n<title>San Migel-Orozko Pastoral Barrutikoak erromes joan dira Estibalizeko santutegira<\/title>\n<meta name=\"description\" content=\"Estibalizeko Andra Mari santutegia Gasteiztik zortzi kilometrotara dago\" \/>\n<meta name=\"robots\" content=\"index, follow, max-snippet:-1, max-image-preview:large, max-video-preview:-1\" \/>\n<link rel=\"canonical\" href=\"https:\/\/bizkeliza.org\/eu\/noticia\/san-migel-orozko-pastoral-barrutikoak-erromes-joan-dira-estibalizeko-santutegira\/\" \/>\n<meta property=\"og:locale\" content=\"eu_ES\" \/>\n<meta property=\"og:type\" content=\"article\" \/>\n<meta property=\"og:title\" content=\"San Migel-Orozko Pastoral Barrutikoak erromes joan dira Estibalizeko santutegira\" \/>\n<meta property=\"og:description\" content=\"Estibalizeko Andra Mari santutegia Gasteiztik zortzi kilometrotara dago\" \/>\n<meta property=\"og:url\" content=\"https:\/\/bizkeliza.org\/eu\/noticia\/san-migel-orozko-pastoral-barrutikoak-erromes-joan-dira-estibalizeko-santutegira\/\" \/>\n<meta property=\"og:site_name\" content=\"Bilboko Elizbarrutia - Di\u00f3cesis de Bilbao\" \/>\n<meta property=\"article:publisher\" content=\"https:\/\/www.facebook.com\/DiocesisBilbao\/\" \/>\n<meta property=\"article:published_time\" content=\"2024-04-15T08:00:00+00:00\" \/>\n<meta property=\"article:modified_time\" content=\"2024-04-18T12:27:42+00:00\" \/>\n<meta property=\"og:image\" content=\"https:\/\/bizkeliza.org\/wp-content\/uploads\/b7a85653-ba52-46ad-bfa9-dea42cf1cb2c.jpg\" \/>\n\t<meta property=\"og:image:width\" content=\"800\" \/>\n\t<meta property=\"og:image:height\" content=\"600\" \/>\n\t<meta property=\"og:image:type\" content=\"image\/jpeg\" \/>\n<meta name=\"author\" content=\"bkareaga\" \/>\n<meta name=\"twitter:card\" content=\"summary_large_image\" \/>\n<meta name=\"twitter:creator\" content=\"@DiocesisBilbao\" \/>\n<meta name=\"twitter:site\" content=\"@DiocesisBilbao\" \/>\n<script type=\"application\/ld+json\" class=\"yoast-schema-graph\">{\"@context\":\"https:\/\/schema.org\",\"@graph\":[{\"@type\":\"Article\",\"@id\":\"https:\/\/bizkeliza.org\/eu\/noticia\/san-migel-orozko-pastoral-barrutikoak-erromes-joan-dira-estibalizeko-santutegira\/#article\",\"isPartOf\":{\"@id\":\"https:\/\/bizkeliza.org\/eu\/noticia\/san-migel-orozko-pastoral-barrutikoak-erromes-joan-dira-estibalizeko-santutegira\/\"},\"author\":{\"name\":\"bkareaga\",\"@id\":\"https:\/\/bizkeliza.org\/eu\/#\/schema\/person\/1f27c53156256531056d48959c2f2008\"},\"headline\":\"San Migel-Orozko Pastoral Barrutikoak erromes joan dira Estibalizeko santutegira\",\"datePublished\":\"2024-04-15T08:00:00+00:00\",\"dateModified\":\"2024-04-18T12:27:42+00:00\",\"mainEntityOfPage\":{\"@id\":\"https:\/\/bizkeliza.org\/eu\/noticia\/san-migel-orozko-pastoral-barrutikoak-erromes-joan-dira-estibalizeko-santutegira\/\"},\"wordCount\":111,\"publisher\":{\"@id\":\"https:\/\/bizkeliza.org\/eu\/#organization\"},\"image\":{\"@id\":\"https:\/\/bizkeliza.org\/eu\/noticia\/san-migel-orozko-pastoral-barrutikoak-erromes-joan-dira-estibalizeko-santutegira\/#primaryimage\"},\"thumbnailUrl\":\"https:\/\/bizkeliza.org\/wp-content\/uploads\/b7a85653-ba52-46ad-bfa9-dea42cf1cb2c.jpg\",\"keywords\":[\"Erromesaldia\"],\"articleSection\":[\"Lehenengo Orrialdea\"],\"inLanguage\":\"eu-ES\"},{\"@type\":\"WebPage\",\"@id\":\"https:\/\/bizkeliza.org\/eu\/noticia\/san-migel-orozko-pastoral-barrutikoak-erromes-joan-dira-estibalizeko-santutegira\/\",\"url\":\"https:\/\/bizkeliza.org\/eu\/noticia\/san-migel-orozko-pastoral-barrutikoak-erromes-joan-dira-estibalizeko-santutegira\/\",\"name\":\"San Migel-Orozko Pastoral Barrutikoak erromes joan dira Estibalizeko santutegira\",\"isPartOf\":{\"@id\":\"https:\/\/bizkeliza.org\/eu\/#website\"},\"primaryImageOfPage\":{\"@id\":\"https:\/\/bizkeliza.org\/eu\/noticia\/san-migel-orozko-pastoral-barrutikoak-erromes-joan-dira-estibalizeko-santutegira\/#primaryimage\"},\"image\":{\"@id\":\"https:\/\/bizkeliza.org\/eu\/noticia\/san-migel-orozko-pastoral-barrutikoak-erromes-joan-dira-estibalizeko-santutegira\/#primaryimage\"},\"thumbnailUrl\":\"https:\/\/bizkeliza.org\/wp-content\/uploads\/b7a85653-ba52-46ad-bfa9-dea42cf1cb2c.jpg\",\"datePublished\":\"2024-04-15T08:00:00+00:00\",\"dateModified\":\"2024-04-18T12:27:42+00:00\",\"description\":\"Estibalizeko Andra Mari santutegia Gasteiztik zortzi kilometrotara dago\",\"breadcrumb\":{\"@id\":\"https:\/\/bizkeliza.org\/eu\/noticia\/san-migel-orozko-pastoral-barrutikoak-erromes-joan-dira-estibalizeko-santutegira\/#breadcrumb\"},\"inLanguage\":\"eu-ES\",\"potentialAction\":[{\"@type\":\"ReadAction\",\"target\":[\"https:\/\/bizkeliza.org\/eu\/noticia\/san-migel-orozko-pastoral-barrutikoak-erromes-joan-dira-estibalizeko-santutegira\/\"]}]},{\"@type\":\"ImageObject\",\"inLanguage\":\"eu-ES\",\"@id\":\"https:\/\/bizkeliza.org\/eu\/noticia\/san-migel-orozko-pastoral-barrutikoak-erromes-joan-dira-estibalizeko-santutegira\/#primaryimage\",\"url\":\"https:\/\/bizkeliza.org\/wp-content\/uploads\/b7a85653-ba52-46ad-bfa9-dea42cf1cb2c.jpg\",\"contentUrl\":\"https:\/\/bizkeliza.org\/wp-content\/uploads\/b7a85653-ba52-46ad-bfa9-dea42cf1cb2c.jpg\",\"width\":800,\"height\":600,\"caption\":\"Imagen del grupo que particip\u00f3 el s\u00e1bado en la peregrinaci\u00f3n.\"},{\"@type\":\"BreadcrumbList\",\"@id\":\"https:\/\/bizkeliza.org\/eu\/noticia\/san-migel-orozko-pastoral-barrutikoak-erromes-joan-dira-estibalizeko-santutegira\/#breadcrumb\",\"itemListElement\":[{\"@type\":\"ListItem\",\"position\":1,\"name\":\"Portada\",\"item\":\"https:\/\/bizkeliza.org\/eu\/\"},{\"@type\":\"ListItem\",\"position\":2,\"name\":\"San Migel-Orozko Pastoral Barrutikoak erromes joan dira Estibalizeko santutegira\"}]},{\"@type\":\"WebSite\",\"@id\":\"https:\/\/bizkeliza.org\/eu\/#website\",\"url\":\"https:\/\/bizkeliza.org\/eu\/\",\"name\":\"Bilboko Elizbarrutia - Di\u00f3cesis de Bilbao\",\"description\":\"Di\u00f3cesis de Bilbao\",\"publisher\":{\"@id\":\"https:\/\/bizkeliza.org\/eu\/#organization\"},\"alternateName\":\"Di\u00f3cesis de Bilbao\",\"potentialAction\":[{\"@type\":\"SearchAction\",\"target\":{\"@type\":\"EntryPoint\",\"urlTemplate\":\"https:\/\/bizkeliza.org\/eu\/?s={search_term_string}\"},\"query-input\":{\"@type\":\"PropertyValueSpecification\",\"valueRequired\":true,\"valueName\":\"search_term_string\"}}],\"inLanguage\":\"eu-ES\"},{\"@type\":\"Organization\",\"@id\":\"https:\/\/bizkeliza.org\/eu\/#organization\",\"name\":\"Di\u00f3cesis de Bilbao\",\"alternateName\":\"Di\u00f3cesis de Bilbao\",\"url\":\"https:\/\/bizkeliza.org\/eu\/\",\"logo\":{\"@type\":\"ImageObject\",\"inLanguage\":\"eu-ES\",\"@id\":\"https:\/\/bizkeliza.org\/eu\/#\/schema\/logo\/image\/\",\"url\":\"https:\/\/bizkeliza.org\/wp-content\/uploads\/2022\/06\/Logo-nuevo_2024-1-scaled.jpg\",\"contentUrl\":\"https:\/\/bizkeliza.org\/wp-content\/uploads\/2022\/06\/Logo-nuevo_2024-1-scaled.jpg\",\"width\":2560,\"height\":1024,\"caption\":\"Di\u00f3cesis de Bilbao\"},\"image\":{\"@id\":\"https:\/\/bizkeliza.org\/eu\/#\/schema\/logo\/image\/\"},\"sameAs\":[\"https:\/\/www.facebook.com\/DiocesisBilbao\/\",\"https:\/\/x.com\/DiocesisBilbao\",\"https:\/\/www.instagram.com\/obispadobilbao\/\",\"https:\/\/www.youtube.com\/user\/bilbokoelizbarrutia\"],\"description\":\"Iglesia local de Bilbao perteneciente a la Iglesia Cat\u00f3lica\"},{\"@type\":\"Person\",\"@id\":\"https:\/\/bizkeliza.org\/eu\/#\/schema\/person\/1f27c53156256531056d48959c2f2008\",\"name\":\"bkareaga\"}]}<\/script>\n<!-- \/ Yoast SEO Premium plugin. -->","yoast_head_json":{"title":"San Migel-Orozko Pastoral Barrutikoak erromes joan dira Estibalizeko santutegira","description":"Estibalizeko Andra Mari santutegia Gasteiztik zortzi kilometrotara dago","robots":{"index":"index","follow":"follow","max-snippet":"max-snippet:-1","max-image-preview":"max-image-preview:large","max-video-preview":"max-video-preview:-1"},"canonical":"https:\/\/bizkeliza.org\/eu\/noticia\/san-migel-orozko-pastoral-barrutikoak-erromes-joan-dira-estibalizeko-santutegira\/","og_locale":"eu_ES","og_type":"article","og_title":"San Migel-Orozko Pastoral Barrutikoak erromes joan dira Estibalizeko santutegira","og_description":"Estibalizeko Andra Mari santutegia Gasteiztik zortzi kilometrotara dago","og_url":"https:\/\/bizkeliza.org\/eu\/noticia\/san-migel-orozko-pastoral-barrutikoak-erromes-joan-dira-estibalizeko-santutegira\/","og_site_name":"Bilboko Elizbarrutia - Di\u00f3cesis de Bilbao","article_publisher":"https:\/\/www.facebook.com\/DiocesisBilbao\/","article_published_time":"2024-04-15T08:00:00+00:00","article_modified_time":"2024-04-18T12:27:42+00:00","og_image":[{"width":800,"height":600,"url":"https:\/\/bizkeliza.org\/wp-content\/uploads\/b7a85653-ba52-46ad-bfa9-dea42cf1cb2c.jpg","type":"image\/jpeg"}],"author":"bkareaga","twitter_card":"summary_large_image","twitter_creator":"@DiocesisBilbao","twitter_site":"@DiocesisBilbao","schema":{"@context":"https:\/\/schema.org","@graph":[{"@type":"Article","@id":"https:\/\/bizkeliza.org\/eu\/noticia\/san-migel-orozko-pastoral-barrutikoak-erromes-joan-dira-estibalizeko-santutegira\/#article","isPartOf":{"@id":"https:\/\/bizkeliza.org\/eu\/noticia\/san-migel-orozko-pastoral-barrutikoak-erromes-joan-dira-estibalizeko-santutegira\/"},"author":{"name":"bkareaga","@id":"https:\/\/bizkeliza.org\/eu\/#\/schema\/person\/1f27c53156256531056d48959c2f2008"},"headline":"San Migel-Orozko Pastoral Barrutikoak erromes joan dira Estibalizeko santutegira","datePublished":"2024-04-15T08:00:00+00:00","dateModified":"2024-04-18T12:27:42+00:00","mainEntityOfPage":{"@id":"https:\/\/bizkeliza.org\/eu\/noticia\/san-migel-orozko-pastoral-barrutikoak-erromes-joan-dira-estibalizeko-santutegira\/"},"wordCount":111,"publisher":{"@id":"https:\/\/bizkeliza.org\/eu\/#organization"},"image":{"@id":"https:\/\/bizkeliza.org\/eu\/noticia\/san-migel-orozko-pastoral-barrutikoak-erromes-joan-dira-estibalizeko-santutegira\/#primaryimage"},"thumbnailUrl":"https:\/\/bizkeliza.org\/wp-content\/uploads\/b7a85653-ba52-46ad-bfa9-dea42cf1cb2c.jpg","keywords":["Erromesaldia"],"articleSection":["Lehenengo Orrialdea"],"inLanguage":"eu-ES"},{"@type":"WebPage","@id":"https:\/\/bizkeliza.org\/eu\/noticia\/san-migel-orozko-pastoral-barrutikoak-erromes-joan-dira-estibalizeko-santutegira\/","url":"https:\/\/bizkeliza.org\/eu\/noticia\/san-migel-orozko-pastoral-barrutikoak-erromes-joan-dira-estibalizeko-santutegira\/","name":"San Migel-Orozko Pastoral Barrutikoak erromes joan dira Estibalizeko santutegira","isPartOf":{"@id":"https:\/\/bizkeliza.org\/eu\/#website"},"primaryImageOfPage":{"@id":"https:\/\/bizkeliza.org\/eu\/noticia\/san-migel-orozko-pastoral-barrutikoak-erromes-joan-dira-estibalizeko-santutegira\/#primaryimage"},"image":{"@id":"https:\/\/bizkeliza.org\/eu\/noticia\/san-migel-orozko-pastoral-barrutikoak-erromes-joan-dira-estibalizeko-santutegira\/#primaryimage"},"thumbnailUrl":"https:\/\/bizkeliza.org\/wp-content\/uploads\/b7a85653-ba52-46ad-bfa9-dea42cf1cb2c.jpg","datePublished":"2024-04-15T08:00:00+00:00","dateModified":"2024-04-18T12:27:42+00:00","description":"Estibalizeko Andra Mari santutegia Gasteiztik zortzi kilometrotara dago","breadcrumb":{"@id":"https:\/\/bizkeliza.org\/eu\/noticia\/san-migel-orozko-pastoral-barrutikoak-erromes-joan-dira-estibalizeko-santutegira\/#breadcrumb"},"inLanguage":"eu-ES","potentialAction":[{"@type":"ReadAction","target":["https:\/\/bizkeliza.org\/eu\/noticia\/san-migel-orozko-pastoral-barrutikoak-erromes-joan-dira-estibalizeko-santutegira\/"]}]},{"@type":"ImageObject","inLanguage":"eu-ES","@id":"https:\/\/bizkeliza.org\/eu\/noticia\/san-migel-orozko-pastoral-barrutikoak-erromes-joan-dira-estibalizeko-santutegira\/#primaryimage","url":"https:\/\/bizkeliza.org\/wp-content\/uploads\/b7a85653-ba52-46ad-bfa9-dea42cf1cb2c.jpg","contentUrl":"https:\/\/bizkeliza.org\/wp-content\/uploads\/b7a85653-ba52-46ad-bfa9-dea42cf1cb2c.jpg","width":800,"height":600,"caption":"Imagen del grupo que particip\u00f3 el s\u00e1bado en la peregrinaci\u00f3n."},{"@type":"BreadcrumbList","@id":"https:\/\/bizkeliza.org\/eu\/noticia\/san-migel-orozko-pastoral-barrutikoak-erromes-joan-dira-estibalizeko-santutegira\/#breadcrumb","itemListElement":[{"@type":"ListItem","position":1,"name":"Portada","item":"https:\/\/bizkeliza.org\/eu\/"},{"@type":"ListItem","position":2,"name":"San Migel-Orozko Pastoral Barrutikoak erromes joan dira Estibalizeko santutegira"}]},{"@type":"WebSite","@id":"https:\/\/bizkeliza.org\/eu\/#website","url":"https:\/\/bizkeliza.org\/eu\/","name":"Bilboko Elizbarrutia - Di\u00f3cesis de Bilbao","description":"Di\u00f3cesis de Bilbao","publisher":{"@id":"https:\/\/bizkeliza.org\/eu\/#organization"},"alternateName":"Di\u00f3cesis de Bilbao","potentialAction":[{"@type":"SearchAction","target":{"@type":"EntryPoint","urlTemplate":"https:\/\/bizkeliza.org\/eu\/?s={search_term_string}"},"query-input":{"@type":"PropertyValueSpecification","valueRequired":true,"valueName":"search_term_string"}}],"inLanguage":"eu-ES"},{"@type":"Organization","@id":"https:\/\/bizkeliza.org\/eu\/#organization","name":"Di\u00f3cesis de Bilbao","alternateName":"Di\u00f3cesis de Bilbao","url":"https:\/\/bizkeliza.org\/eu\/","logo":{"@type":"ImageObject","inLanguage":"eu-ES","@id":"https:\/\/bizkeliza.org\/eu\/#\/schema\/logo\/image\/","url":"https:\/\/bizkeliza.org\/wp-content\/uploads\/2022\/06\/Logo-nuevo_2024-1-scaled.jpg","contentUrl":"https:\/\/bizkeliza.org\/wp-content\/uploads\/2022\/06\/Logo-nuevo_2024-1-scaled.jpg","width":2560,"height":1024,"caption":"Di\u00f3cesis de Bilbao"},"image":{"@id":"https:\/\/bizkeliza.org\/eu\/#\/schema\/logo\/image\/"},"sameAs":["https:\/\/www.facebook.com\/DiocesisBilbao\/","https:\/\/x.com\/DiocesisBilbao","https:\/\/www.instagram.com\/obispadobilbao\/","https:\/\/www.youtube.com\/user\/bilbokoelizbarrutia"],"description":"Iglesia local de Bilbao perteneciente a la Iglesia Cat\u00f3lica"},{"@type":"Person","@id":"https:\/\/bizkeliza.org\/eu\/#\/schema\/person\/1f27c53156256531056d48959c2f2008","name":"bkareaga"}]}},"jetpack_featured_media_url":"https:\/\/bizkeliza.org\/wp-content\/uploads\/b7a85653-ba52-46ad-bfa9-dea42cf1cb2c.jpg","_links":{"self":[{"href":"https:\/\/bizkeliza.org\/eu\/wp-json\/wp\/v2\/posts\/131435","targetHints":{"allow":["GET"]}}],"collection":[{"href":"https:\/\/bizkeliza.org\/eu\/wp-json\/wp\/v2\/posts"}],"about":[{"href":"https:\/\/bizkeliza.org\/eu\/wp-json\/wp\/v2\/types\/post"}],"author":[{"embeddable":true,"href":"https:\/\/bizkeliza.org\/eu\/wp-json\/wp\/v2\/users\/20"}],"replies":[{"embeddable":true,"href":"https:\/\/bizkeliza.org\/eu\/wp-json\/wp\/v2\/comments?post=131435"}],"version-history":[{"count":0,"href":"https:\/\/bizkeliza.org\/eu\/wp-json\/wp\/v2\/posts\/131435\/revisions"}],"wp:featuredmedia":[{"embeddable":true,"href":"https:\/\/bizkeliza.org\/eu\/wp-json\/wp\/v2\/media\/131173"}],"wp:attachment":[{"href":"https:\/\/bizkeliza.org\/eu\/wp-json\/wp\/v2\/media?parent=131435"}],"wp:term":[{"taxonomy":"category","embeddable":true,"href":"https:\/\/bizkeliza.org\/eu\/wp-json\/wp\/v2\/categories?post=131435"},{"taxonomy":"post_tag","embeddable":true,"href":"https:\/\/bizkeliza.org\/eu\/wp-json\/wp\/v2\/tags?post=131435"}],"curies":[{"name":"wp","href":"https:\/\/api.w.org\/{rel}","templated":true}]}}