{"id":132163,"date":"2024-04-23T06:00:00","date_gmt":"2024-04-23T04:00:00","guid":{"rendered":"https:\/\/bizkeliza.org\/?p=132163"},"modified":"2024-04-24T08:01:08","modified_gmt":"2024-04-24T06:01:08","slug":"etpiko-liburutegian-urtean-maileguz-gehien-emondako-liburuak","status":"publish","type":"post","link":"https:\/\/bizkeliza.org\/eu\/noticia\/etpiko-liburutegian-urtean-maileguz-gehien-emondako-liburuak\/","title":{"rendered":"ETPIko liburutegian urtean maileguz gehien emondako liburuak"},"content":{"rendered":"\n<p><p>Liburuaren Eguna dala-eta, <strong>Marian Canton<\/strong> Eleizbarrutiko Teologia eta Pastoraltza Institutuko (ETPI) arduradunak Charles Dickensen\u00a0<em>&#8216;Historia de dos ciudades&#8217;\u00a0<\/em>liburua berreskuratu dau gogoeta egiteko.\u00a0<\/p><\/p>\n\n<p><p>&#8220;<em><strong>No ha habido tiempos mejores ni peores; eran a\u00f1os de buen sentido y de locuras; \u00e9poca de fe y de incredulidad; temporada de luz y de tinieblas; primavera de esperanza, invierno de desesperaci\u00f3n; lo ten\u00edamos todo ante nosotros, y no hab\u00eda nada; todos \u00edbamos derechos al Cielo, y march\u00e1bamos en sentido contrario\u201d.<\/strong><\/em><\/p><\/p>\n\n<p><p><strong>Cantonen<\/strong> ustez, esaldiok baliagarri dira bizi dogun sasoia deskribatzeko: <em>&#8220;<strong>tiempos revueltos y contradictorios en los que vivimos: guerra y solidaridad, migraciones forzosas y hospitalidad, virus poderosos y avances m\u00e9dicos, inteligencia artificial que deshumaniza y escucha y acogida human\u00edsimas, corrupci\u00f3n pol\u00edtica y sociedad responsable, cambio clim\u00e1tico y pelea por la conservaci\u00f3n ambiental, vida de espaldas a Dios y experiencias vitales que lo transparentan y hacen presente\u2026<\/strong>&#8221; \u00a0<\/em><\/p><\/p>\n\n<p><p><b>ETPIko liburutegian<\/b><strong>,\u00a0<\/strong>urte honetan maileguz gehien emondako (eta irakurritako) liburuen zerrenda eginez ospatuko dabe, besteak beste egun hau. Heziketaren, prestaketa akademiko eta jarraituaren, pastoral akonpainamenduaren&#8230;, arloan konprometituta liburutegira joaten diranen jakin-mina asetzeko liburuak dira, azken batean.\u00a0<\/p><\/p>\n\n<p><p><strong>AURTON MAILEGUZ GEHIEN EMONDAKO 10 LIBURUAK<\/strong><\/p><\/p>\n\n<figure class=\"wp-block-image size-large\"><img decoding=\"async\" width=\"1024\" height=\"490\" src=\"https:\/\/bizkeliza.org\/wp-content\/uploads\/\/Paginas-extraidas-sin-titulo-9-1024x490.jpg\" alt=\"\" class=\"wp-image-132142\" srcset=\"https:\/\/bizkeliza.org\/wp-content\/uploads\/Paginas-extraidas-sin-titulo-9-1024x490.jpg 1024w, https:\/\/bizkeliza.org\/wp-content\/uploads\/Paginas-extraidas-sin-titulo-9-300x144.jpg 300w, https:\/\/bizkeliza.org\/wp-content\/uploads\/Paginas-extraidas-sin-titulo-9-768x368.jpg 768w, https:\/\/bizkeliza.org\/wp-content\/uploads\/Paginas-extraidas-sin-titulo-9-1536x735.jpg 1536w, https:\/\/bizkeliza.org\/wp-content\/uploads\/Paginas-extraidas-sin-titulo-9-1080x517.jpg 1080w, https:\/\/bizkeliza.org\/wp-content\/uploads\/Paginas-extraidas-sin-titulo-9-1280x613.jpg 1280w, https:\/\/bizkeliza.org\/wp-content\/uploads\/Paginas-extraidas-sin-titulo-9-980x469.jpg 980w, https:\/\/bizkeliza.org\/wp-content\/uploads\/Paginas-extraidas-sin-titulo-9-480x230.jpg 480w, https:\/\/bizkeliza.org\/wp-content\/uploads\/Paginas-extraidas-sin-titulo-9-1320x632.jpg 1320w, https:\/\/bizkeliza.org\/wp-content\/uploads\/Paginas-extraidas-sin-titulo-9.jpg 1654w\" sizes=\"(max-width: 1024px) 100vw, 1024px\" \/><\/figure>\n\n<ul class=\"wp-block-list\">\n<li><p>Lohfink, Gerhard, <strong>Al final \u00bfla nada? Sobre la resurrecci\u00f3n y la vida eterna<\/strong>, Sal Terrae, Malia\u00f1o (Kantabria), 2022.<\/p><\/li>\n<\/ul>\n\n<ul class=\"wp-block-list\">\n<li><p>Matteo, Armando, <strong>Convertir a Peter Pan. El destino de la fe en la sociedad de la eterna juventud<\/strong>. Centre de Pastoral Lit\u00fargica, Bartzelona, 2022.<\/p><\/li>\n<\/ul>\n\n<ul class=\"wp-block-list\">\n<li>Meier, John P., <strong>Un jud\u00edo marginal. Nueva visi\u00f3n del Jes\u00fas hist\u00f3rico<\/strong>. Verbo Divino, Estella, 1998-2017<\/li>\n<\/ul>\n\n<ul class=\"wp-block-list\">\n<li><p>Rodr\u00edguez Olaizola, Jose Maria, <strong>En tierra de todos<\/strong>. Sal Terrae, Malia\u00f1o (Santander), 2019.<\/p><\/li>\n<\/ul>\n\n<ul class=\"wp-block-list\">\n<li><p>Morales, Cristina, <strong>\u00daltimas tardes con Teresa de Jes\u00fas<\/strong>. Anagrama, Bartzelona, 2020.<\/p><\/li>\n<\/ul>\n\n<ul class=\"wp-block-list\">\n<li><p>Kasper, Walter eta George Augustin, arg., <strong>La eucarist\u00eda, sacramento de nuestra fe.<\/strong> Sal Terrae, Malia\u00f1o (Kantabria), 2021.<\/p><\/li>\n<\/ul>\n\n<ul class=\"wp-block-list\">\n<li><p>Calabresi Milite, Gemma, <strong>La grieta y la luz: un camino de perd\u00f3n<\/strong>. Encuentro, Madril, 2023.<\/p><\/li>\n<\/ul>\n\n<ul class=\"wp-block-list\">\n<li><p>Steiner, George, <strong>Nostalgia del absoluto<\/strong>. Siruela, Madril, 2001.<\/p><\/li>\n<\/ul>\n\n<ul class=\"wp-block-list\">\n<li><p>Arrieta, Lola eta Elisa Estevez, koord. <strong>Identidades emergentes: acompa\u00f1ar en la cultura del cuidado. IV C\u00edrculos de Encuentro Marisa Moresco.<\/strong> Narcea, Madril, 2023.<\/p><\/li>\n<\/ul>\n\n<ul class=\"wp-block-list\">\n<li><p>Sols Lucia, Jose eta Julia Argem\u00ed, <strong>Carta a In\u00e9s: la fe de tus padres.<\/strong> Herder, Bartzelona, 2023.<\/p><\/li>\n<\/ul>\n\n<p><\/p>\n","protected":false},"excerpt":{"rendered":"<p>Liburuaren Eguna dala-eta, Marian Canton Eleizbarrutiko Teologia eta Pastoraltza Institutuko (ETPI) arduradunak Charles Dickensen\u00a0&#8216;Historia de dos ciudades&#8217;\u00a0liburua berreskuratu dau gogoeta egiteko.\u00a0 &#8220;No ha habido tiempos mejores ni peores; eran a\u00f1os de buen sentido y de locuras; \u00e9poca de fe y de incredulidad; temporada de luz y de tinieblas; primavera de esperanza, invierno de desesperaci\u00f3n; lo [&hellip;]<\/p>\n","protected":false},"author":20,"featured_media":132111,"comment_status":"closed","ping_status":"closed","sticky":false,"template":"","format":"standard","meta":{"_acf_changed":false,"_et_pb_use_builder":"off","_et_pb_old_content":"","_et_gb_content_width":"","footnotes":""},"categories":[506],"tags":[938],"class_list":["post-132163","post","type-post","status-publish","format-standard","has-post-thumbnail","hentry","category-lehenengo-orrialdea","tag-etpi-eu"],"acf":[],"yoast_head":"<!-- This site is optimized with the Yoast SEO Premium plugin v27.5 (Yoast SEO v27.5) - https:\/\/yoast.com\/product\/yoast-seo-premium-wordpress\/ -->\n<title>ETPIko liburutegian urtean maileguz gehien emondako liburuak<\/title>\n<meta name=\"description\" content=\"Marian Canton Eleizbarrutiko Teologia eta Pastoraltza Institutuko liburutegiko arduradunaren esanetan, &quot;geure egiten doguz Dickensen eleberriaren hasierako berbak\" \/>\n<meta name=\"robots\" content=\"index, follow, max-snippet:-1, max-image-preview:large, max-video-preview:-1\" \/>\n<link rel=\"canonical\" href=\"https:\/\/bizkeliza.org\/eu\/noticia\/etpiko-liburutegian-urtean-maileguz-gehien-emondako-liburuak\/\" \/>\n<meta property=\"og:locale\" content=\"eu_ES\" \/>\n<meta property=\"og:type\" content=\"article\" \/>\n<meta property=\"og:title\" content=\"ETPIko liburutegian urtean maileguz gehien emondako liburuak\" \/>\n<meta property=\"og:description\" content=\"Marian Canton Eleizbarrutiko Teologia eta Pastoraltza Institutuko liburutegiko arduradunaren esanetan, &quot;geure egiten doguz Dickensen eleberriaren hasierako berbak\" \/>\n<meta property=\"og:url\" content=\"https:\/\/bizkeliza.org\/eu\/noticia\/etpiko-liburutegian-urtean-maileguz-gehien-emondako-liburuak\/\" \/>\n<meta property=\"og:site_name\" content=\"Bilboko Elizbarrutia - Di\u00f3cesis de Bilbao\" \/>\n<meta property=\"article:publisher\" content=\"https:\/\/www.facebook.com\/DiocesisBilbao\/\" \/>\n<meta property=\"article:published_time\" content=\"2024-04-23T04:00:00+00:00\" \/>\n<meta property=\"article:modified_time\" content=\"2024-04-24T06:01:08+00:00\" \/>\n<meta property=\"og:image\" content=\"https:\/\/bizkeliza.org\/wp-content\/uploads\/pexels-pixabay-159866.jpg\" \/>\n\t<meta property=\"og:image:width\" content=\"800\" \/>\n\t<meta property=\"og:image:height\" content=\"536\" \/>\n\t<meta property=\"og:image:type\" content=\"image\/jpeg\" \/>\n<meta name=\"author\" content=\"bkareaga\" \/>\n<meta name=\"twitter:card\" content=\"summary_large_image\" \/>\n<meta name=\"twitter:creator\" content=\"@DiocesisBilbao\" \/>\n<meta name=\"twitter:site\" content=\"@DiocesisBilbao\" \/>\n<script type=\"application\/ld+json\" class=\"yoast-schema-graph\">{\"@context\":\"https:\\\/\\\/schema.org\",\"@graph\":[{\"@type\":\"Article\",\"@id\":\"https:\\\/\\\/bizkeliza.org\\\/eu\\\/noticia\\\/etpiko-liburutegian-urtean-maileguz-gehien-emondako-liburuak\\\/#article\",\"isPartOf\":{\"@id\":\"https:\\\/\\\/bizkeliza.org\\\/eu\\\/noticia\\\/etpiko-liburutegian-urtean-maileguz-gehien-emondako-liburuak\\\/\"},\"author\":{\"name\":\"bkareaga\",\"@id\":\"https:\\\/\\\/bizkeliza.org\\\/eu\\\/#\\\/schema\\\/person\\\/1f27c53156256531056d48959c2f2008\"},\"headline\":\"ETPIko liburutegian urtean maileguz gehien emondako liburuak\",\"datePublished\":\"2024-04-23T04:00:00+00:00\",\"dateModified\":\"2024-04-24T06:01:08+00:00\",\"mainEntityOfPage\":{\"@id\":\"https:\\\/\\\/bizkeliza.org\\\/eu\\\/noticia\\\/etpiko-liburutegian-urtean-maileguz-gehien-emondako-liburuak\\\/\"},\"wordCount\":367,\"publisher\":{\"@id\":\"https:\\\/\\\/bizkeliza.org\\\/eu\\\/#organization\"},\"image\":{\"@id\":\"https:\\\/\\\/bizkeliza.org\\\/eu\\\/noticia\\\/etpiko-liburutegian-urtean-maileguz-gehien-emondako-liburuak\\\/#primaryimage\"},\"thumbnailUrl\":\"https:\\\/\\\/bizkeliza.org\\\/wp-content\\\/uploads\\\/pexels-pixabay-159866.jpg\",\"keywords\":[\"ETPI\"],\"articleSection\":[\"Lehenengo Orrialdea\"],\"inLanguage\":\"eu-ES\"},{\"@type\":\"WebPage\",\"@id\":\"https:\\\/\\\/bizkeliza.org\\\/eu\\\/noticia\\\/etpiko-liburutegian-urtean-maileguz-gehien-emondako-liburuak\\\/\",\"url\":\"https:\\\/\\\/bizkeliza.org\\\/eu\\\/noticia\\\/etpiko-liburutegian-urtean-maileguz-gehien-emondako-liburuak\\\/\",\"name\":\"ETPIko liburutegian urtean maileguz gehien emondako liburuak\",\"isPartOf\":{\"@id\":\"https:\\\/\\\/bizkeliza.org\\\/eu\\\/#website\"},\"primaryImageOfPage\":{\"@id\":\"https:\\\/\\\/bizkeliza.org\\\/eu\\\/noticia\\\/etpiko-liburutegian-urtean-maileguz-gehien-emondako-liburuak\\\/#primaryimage\"},\"image\":{\"@id\":\"https:\\\/\\\/bizkeliza.org\\\/eu\\\/noticia\\\/etpiko-liburutegian-urtean-maileguz-gehien-emondako-liburuak\\\/#primaryimage\"},\"thumbnailUrl\":\"https:\\\/\\\/bizkeliza.org\\\/wp-content\\\/uploads\\\/pexels-pixabay-159866.jpg\",\"datePublished\":\"2024-04-23T04:00:00+00:00\",\"dateModified\":\"2024-04-24T06:01:08+00:00\",\"description\":\"Marian Canton Eleizbarrutiko Teologia eta Pastoraltza Institutuko liburutegiko arduradunaren esanetan, \\\"geure egiten doguz Dickensen eleberriaren hasierako berbak\",\"breadcrumb\":{\"@id\":\"https:\\\/\\\/bizkeliza.org\\\/eu\\\/noticia\\\/etpiko-liburutegian-urtean-maileguz-gehien-emondako-liburuak\\\/#breadcrumb\"},\"inLanguage\":\"eu-ES\",\"potentialAction\":[{\"@type\":\"ReadAction\",\"target\":[\"https:\\\/\\\/bizkeliza.org\\\/eu\\\/noticia\\\/etpiko-liburutegian-urtean-maileguz-gehien-emondako-liburuak\\\/\"]}]},{\"@type\":\"ImageObject\",\"inLanguage\":\"eu-ES\",\"@id\":\"https:\\\/\\\/bizkeliza.org\\\/eu\\\/noticia\\\/etpiko-liburutegian-urtean-maileguz-gehien-emondako-liburuak\\\/#primaryimage\",\"url\":\"https:\\\/\\\/bizkeliza.org\\\/wp-content\\\/uploads\\\/pexels-pixabay-159866.jpg\",\"contentUrl\":\"https:\\\/\\\/bizkeliza.org\\\/wp-content\\\/uploads\\\/pexels-pixabay-159866.jpg\",\"width\":800,\"height\":536,\"caption\":\"D\u00eda del libro\"},{\"@type\":\"BreadcrumbList\",\"@id\":\"https:\\\/\\\/bizkeliza.org\\\/eu\\\/noticia\\\/etpiko-liburutegian-urtean-maileguz-gehien-emondako-liburuak\\\/#breadcrumb\",\"itemListElement\":[{\"@type\":\"ListItem\",\"position\":1,\"name\":\"Portada\",\"item\":\"https:\\\/\\\/bizkeliza.org\\\/eu\\\/\"},{\"@type\":\"ListItem\",\"position\":2,\"name\":\"ETPIko liburutegian urtean maileguz gehien emondako liburuak\"}]},{\"@type\":\"WebSite\",\"@id\":\"https:\\\/\\\/bizkeliza.org\\\/eu\\\/#website\",\"url\":\"https:\\\/\\\/bizkeliza.org\\\/eu\\\/\",\"name\":\"Bilboko Elizbarrutia - Di\u00f3cesis de Bilbao\",\"description\":\"Di\u00f3cesis de Bilbao\",\"publisher\":{\"@id\":\"https:\\\/\\\/bizkeliza.org\\\/eu\\\/#organization\"},\"alternateName\":\"Di\u00f3cesis de Bilbao\",\"potentialAction\":[{\"@type\":\"SearchAction\",\"target\":{\"@type\":\"EntryPoint\",\"urlTemplate\":\"https:\\\/\\\/bizkeliza.org\\\/eu\\\/?s={search_term_string}\"},\"query-input\":{\"@type\":\"PropertyValueSpecification\",\"valueRequired\":true,\"valueName\":\"search_term_string\"}}],\"inLanguage\":\"eu-ES\"},{\"@type\":\"Organization\",\"@id\":\"https:\\\/\\\/bizkeliza.org\\\/eu\\\/#organization\",\"name\":\"Di\u00f3cesis de Bilbao\",\"alternateName\":\"Di\u00f3cesis de Bilbao\",\"url\":\"https:\\\/\\\/bizkeliza.org\\\/eu\\\/\",\"logo\":{\"@type\":\"ImageObject\",\"inLanguage\":\"eu-ES\",\"@id\":\"https:\\\/\\\/bizkeliza.org\\\/eu\\\/#\\\/schema\\\/logo\\\/image\\\/\",\"url\":\"https:\\\/\\\/bizkeliza.org\\\/wp-content\\\/uploads\\\/2022\\\/06\\\/Logo-nuevo_2024-1-scaled.jpg\",\"contentUrl\":\"https:\\\/\\\/bizkeliza.org\\\/wp-content\\\/uploads\\\/2022\\\/06\\\/Logo-nuevo_2024-1-scaled.jpg\",\"width\":2560,\"height\":1024,\"caption\":\"Di\u00f3cesis de Bilbao\"},\"image\":{\"@id\":\"https:\\\/\\\/bizkeliza.org\\\/eu\\\/#\\\/schema\\\/logo\\\/image\\\/\"},\"sameAs\":[\"https:\\\/\\\/www.facebook.com\\\/DiocesisBilbao\\\/\",\"https:\\\/\\\/x.com\\\/DiocesisBilbao\",\"https:\\\/\\\/www.instagram.com\\\/obispadobilbao\\\/\",\"https:\\\/\\\/www.youtube.com\\\/user\\\/bilbokoelizbarrutia\"],\"description\":\"Iglesia local de Bilbao perteneciente a la Iglesia Cat\u00f3lica\"},{\"@type\":\"Person\",\"@id\":\"https:\\\/\\\/bizkeliza.org\\\/eu\\\/#\\\/schema\\\/person\\\/1f27c53156256531056d48959c2f2008\",\"name\":\"bkareaga\"}]}<\/script>\n<!-- \/ Yoast SEO Premium plugin. -->","yoast_head_json":{"title":"ETPIko liburutegian urtean maileguz gehien emondako liburuak","description":"Marian Canton Eleizbarrutiko Teologia eta Pastoraltza Institutuko liburutegiko arduradunaren esanetan, \"geure egiten doguz Dickensen eleberriaren hasierako berbak","robots":{"index":"index","follow":"follow","max-snippet":"max-snippet:-1","max-image-preview":"max-image-preview:large","max-video-preview":"max-video-preview:-1"},"canonical":"https:\/\/bizkeliza.org\/eu\/noticia\/etpiko-liburutegian-urtean-maileguz-gehien-emondako-liburuak\/","og_locale":"eu_ES","og_type":"article","og_title":"ETPIko liburutegian urtean maileguz gehien emondako liburuak","og_description":"Marian Canton Eleizbarrutiko Teologia eta Pastoraltza Institutuko liburutegiko arduradunaren esanetan, \"geure egiten doguz Dickensen eleberriaren hasierako berbak","og_url":"https:\/\/bizkeliza.org\/eu\/noticia\/etpiko-liburutegian-urtean-maileguz-gehien-emondako-liburuak\/","og_site_name":"Bilboko Elizbarrutia - Di\u00f3cesis de Bilbao","article_publisher":"https:\/\/www.facebook.com\/DiocesisBilbao\/","article_published_time":"2024-04-23T04:00:00+00:00","article_modified_time":"2024-04-24T06:01:08+00:00","og_image":[{"width":800,"height":536,"url":"https:\/\/bizkeliza.org\/wp-content\/uploads\/pexels-pixabay-159866.jpg","type":"image\/jpeg"}],"author":"bkareaga","twitter_card":"summary_large_image","twitter_creator":"@DiocesisBilbao","twitter_site":"@DiocesisBilbao","schema":{"@context":"https:\/\/schema.org","@graph":[{"@type":"Article","@id":"https:\/\/bizkeliza.org\/eu\/noticia\/etpiko-liburutegian-urtean-maileguz-gehien-emondako-liburuak\/#article","isPartOf":{"@id":"https:\/\/bizkeliza.org\/eu\/noticia\/etpiko-liburutegian-urtean-maileguz-gehien-emondako-liburuak\/"},"author":{"name":"bkareaga","@id":"https:\/\/bizkeliza.org\/eu\/#\/schema\/person\/1f27c53156256531056d48959c2f2008"},"headline":"ETPIko liburutegian urtean maileguz gehien emondako liburuak","datePublished":"2024-04-23T04:00:00+00:00","dateModified":"2024-04-24T06:01:08+00:00","mainEntityOfPage":{"@id":"https:\/\/bizkeliza.org\/eu\/noticia\/etpiko-liburutegian-urtean-maileguz-gehien-emondako-liburuak\/"},"wordCount":367,"publisher":{"@id":"https:\/\/bizkeliza.org\/eu\/#organization"},"image":{"@id":"https:\/\/bizkeliza.org\/eu\/noticia\/etpiko-liburutegian-urtean-maileguz-gehien-emondako-liburuak\/#primaryimage"},"thumbnailUrl":"https:\/\/bizkeliza.org\/wp-content\/uploads\/pexels-pixabay-159866.jpg","keywords":["ETPI"],"articleSection":["Lehenengo Orrialdea"],"inLanguage":"eu-ES"},{"@type":"WebPage","@id":"https:\/\/bizkeliza.org\/eu\/noticia\/etpiko-liburutegian-urtean-maileguz-gehien-emondako-liburuak\/","url":"https:\/\/bizkeliza.org\/eu\/noticia\/etpiko-liburutegian-urtean-maileguz-gehien-emondako-liburuak\/","name":"ETPIko liburutegian urtean maileguz gehien emondako liburuak","isPartOf":{"@id":"https:\/\/bizkeliza.org\/eu\/#website"},"primaryImageOfPage":{"@id":"https:\/\/bizkeliza.org\/eu\/noticia\/etpiko-liburutegian-urtean-maileguz-gehien-emondako-liburuak\/#primaryimage"},"image":{"@id":"https:\/\/bizkeliza.org\/eu\/noticia\/etpiko-liburutegian-urtean-maileguz-gehien-emondako-liburuak\/#primaryimage"},"thumbnailUrl":"https:\/\/bizkeliza.org\/wp-content\/uploads\/pexels-pixabay-159866.jpg","datePublished":"2024-04-23T04:00:00+00:00","dateModified":"2024-04-24T06:01:08+00:00","description":"Marian Canton Eleizbarrutiko Teologia eta Pastoraltza Institutuko liburutegiko arduradunaren esanetan, \"geure egiten doguz Dickensen eleberriaren hasierako berbak","breadcrumb":{"@id":"https:\/\/bizkeliza.org\/eu\/noticia\/etpiko-liburutegian-urtean-maileguz-gehien-emondako-liburuak\/#breadcrumb"},"inLanguage":"eu-ES","potentialAction":[{"@type":"ReadAction","target":["https:\/\/bizkeliza.org\/eu\/noticia\/etpiko-liburutegian-urtean-maileguz-gehien-emondako-liburuak\/"]}]},{"@type":"ImageObject","inLanguage":"eu-ES","@id":"https:\/\/bizkeliza.org\/eu\/noticia\/etpiko-liburutegian-urtean-maileguz-gehien-emondako-liburuak\/#primaryimage","url":"https:\/\/bizkeliza.org\/wp-content\/uploads\/pexels-pixabay-159866.jpg","contentUrl":"https:\/\/bizkeliza.org\/wp-content\/uploads\/pexels-pixabay-159866.jpg","width":800,"height":536,"caption":"D\u00eda del libro"},{"@type":"BreadcrumbList","@id":"https:\/\/bizkeliza.org\/eu\/noticia\/etpiko-liburutegian-urtean-maileguz-gehien-emondako-liburuak\/#breadcrumb","itemListElement":[{"@type":"ListItem","position":1,"name":"Portada","item":"https:\/\/bizkeliza.org\/eu\/"},{"@type":"ListItem","position":2,"name":"ETPIko liburutegian urtean maileguz gehien emondako liburuak"}]},{"@type":"WebSite","@id":"https:\/\/bizkeliza.org\/eu\/#website","url":"https:\/\/bizkeliza.org\/eu\/","name":"Bilboko Elizbarrutia - Di\u00f3cesis de Bilbao","description":"Di\u00f3cesis de Bilbao","publisher":{"@id":"https:\/\/bizkeliza.org\/eu\/#organization"},"alternateName":"Di\u00f3cesis de Bilbao","potentialAction":[{"@type":"SearchAction","target":{"@type":"EntryPoint","urlTemplate":"https:\/\/bizkeliza.org\/eu\/?s={search_term_string}"},"query-input":{"@type":"PropertyValueSpecification","valueRequired":true,"valueName":"search_term_string"}}],"inLanguage":"eu-ES"},{"@type":"Organization","@id":"https:\/\/bizkeliza.org\/eu\/#organization","name":"Di\u00f3cesis de Bilbao","alternateName":"Di\u00f3cesis de Bilbao","url":"https:\/\/bizkeliza.org\/eu\/","logo":{"@type":"ImageObject","inLanguage":"eu-ES","@id":"https:\/\/bizkeliza.org\/eu\/#\/schema\/logo\/image\/","url":"https:\/\/bizkeliza.org\/wp-content\/uploads\/2022\/06\/Logo-nuevo_2024-1-scaled.jpg","contentUrl":"https:\/\/bizkeliza.org\/wp-content\/uploads\/2022\/06\/Logo-nuevo_2024-1-scaled.jpg","width":2560,"height":1024,"caption":"Di\u00f3cesis de Bilbao"},"image":{"@id":"https:\/\/bizkeliza.org\/eu\/#\/schema\/logo\/image\/"},"sameAs":["https:\/\/www.facebook.com\/DiocesisBilbao\/","https:\/\/x.com\/DiocesisBilbao","https:\/\/www.instagram.com\/obispadobilbao\/","https:\/\/www.youtube.com\/user\/bilbokoelizbarrutia"],"description":"Iglesia local de Bilbao perteneciente a la Iglesia Cat\u00f3lica"},{"@type":"Person","@id":"https:\/\/bizkeliza.org\/eu\/#\/schema\/person\/1f27c53156256531056d48959c2f2008","name":"bkareaga"}]}},"jetpack_featured_media_url":"https:\/\/bizkeliza.org\/wp-content\/uploads\/pexels-pixabay-159866.jpg","_links":{"self":[{"href":"https:\/\/bizkeliza.org\/eu\/wp-json\/wp\/v2\/posts\/132163","targetHints":{"allow":["GET"]}}],"collection":[{"href":"https:\/\/bizkeliza.org\/eu\/wp-json\/wp\/v2\/posts"}],"about":[{"href":"https:\/\/bizkeliza.org\/eu\/wp-json\/wp\/v2\/types\/post"}],"author":[{"embeddable":true,"href":"https:\/\/bizkeliza.org\/eu\/wp-json\/wp\/v2\/users\/20"}],"replies":[{"embeddable":true,"href":"https:\/\/bizkeliza.org\/eu\/wp-json\/wp\/v2\/comments?post=132163"}],"version-history":[{"count":0,"href":"https:\/\/bizkeliza.org\/eu\/wp-json\/wp\/v2\/posts\/132163\/revisions"}],"wp:featuredmedia":[{"embeddable":true,"href":"https:\/\/bizkeliza.org\/eu\/wp-json\/wp\/v2\/media\/132111"}],"wp:attachment":[{"href":"https:\/\/bizkeliza.org\/eu\/wp-json\/wp\/v2\/media?parent=132163"}],"wp:term":[{"taxonomy":"category","embeddable":true,"href":"https:\/\/bizkeliza.org\/eu\/wp-json\/wp\/v2\/categories?post=132163"},{"taxonomy":"post_tag","embeddable":true,"href":"https:\/\/bizkeliza.org\/eu\/wp-json\/wp\/v2\/tags?post=132163"}],"curies":[{"name":"wp","href":"https:\/\/api.w.org\/{rel}","templated":true}]}}