{"id":134201,"date":"2024-05-07T16:00:00","date_gmt":"2024-05-07T14:00:00","guid":{"rendered":"https:\/\/bizkeliza.org\/noticia\/derion-ospatuko-dan-ekitaldi-nagusiagaz-emongo-deutse-hasiera-eleizbarrutiak-75-urteurreneko-jarduerei\/"},"modified":"2024-05-08T09:58:17","modified_gmt":"2024-05-08T07:58:17","slug":"derion-ospatuko-dan-ekitaldi-nagusiagaz-emongo-deutse-hasiera-eleizbarrutiak-75-urteurreneko-jarduerei","status":"publish","type":"post","link":"https:\/\/bizkeliza.org\/eu\/noticia\/derion-ospatuko-dan-ekitaldi-nagusiagaz-emongo-deutse-hasiera-eleizbarrutiak-75-urteurreneko-jarduerei\/","title":{"rendered":"Derion ospatuko dan ekitaldi nagusiagaz emongo deutse hasiera Eleizbarrutiak 75. urteurreneko jarduerei"},"content":{"rendered":"\n<p><p>Kurtsoari hasiera emoteko ekitaldi nagusia jsoko dauan Derioko kapera nagusia, <strong>Jose Maria de la Vegak<\/strong> tenplu handiagoa egiteko eban egitasmoaren emaitza da. Aurreikusitako eleiza handiaren ordez, kapera txiki ikusgarri hau eraiki zan.<\/p><\/p>\n\n<p><p>Arte-ulerpen modernoari dagokiozan beirateak ditu. Honeen zirriborro gehienak<a href=\"https:\/\/eleizmuseoa.com\/que-ver-en-el-museo-de-arte-sacro-de-bilbao\/\"> Eleiz Museoan <\/a>arte garaikideari eskainitako aretoan dagoz. <a href=\"https:\/\/bizkeliza.org\/eu\/noticia\/recuerdo-a-jose-ma-munoz-en-el-25-aniversario-de-su-fallecimiento\/\"><strong>Jose Maria Mu\u00f1ozek<\/strong> <\/a>egindako beirate honeekaz batera, <strong>Pares<\/strong> eskultorearen kurutze-bidea eta oraintsu hil dan <strong>Vicente Larrea<\/strong> eskultorearen San Pauloren eskultura, absidea burutzen dauana, nabarmentzen dira.<\/p><\/p>\n\n<h3 class=\"wp-block-heading\">Jose Maria Mu\u00f1oz<\/h3>\n\n<p><p><strong>Jose Maria Mu\u00f1oz<\/strong> euskal eskolako<strong> \u00abEmen\u00bb\u00a0<\/strong>taldeko kide izan zan 1966an. Bizkaitar talde hau, sasoiko artistarik nabarmen gehienez osatuta egoan. Askotariko nortasuna eben artistak batu ebazan taldeak, esate baterako: <strong>Agustin Ibarrola <\/strong>eta<strong> Maria Dapena,<\/strong> D<strong>ionisio Blanco, Gabriel Ramos Uranga, Javier Urquijo, Jos\u00e9 Mar\u00eda Ucelay. Ricardo I\u00f1urria, Pelayo Olaortua, Roberto Rodet, Jose de Lorenzo-Sol\u00eds, Anselmo de Guezala, Jose Barcelo, Carmelo Garc\u00eda Barrena, Angel Ca\u00f1ada, Alfonso Ramil; Vicente Larrea, I\u00f1aki Garc\u00eda Erguin, Jose Mar\u00eda Mu\u00f1oz&#8230;\u00a0<\/strong>Azken honek, ordurako, makina bat horma-irudi eukan eginda eta bera arduratzen zan eleiza eraiki barrien eta zaharbarritzen ziran eleizen beirateez. Beronek egin ebazan Derioko Seminarioko kapera nagusiko beirateak, torreko halleko alboetakoak eta Seminario Txikikoak.\u00a0<\/p><\/p>\n\n<div style=\"position:relative;padding-top:max(60%,326px);height:0;width:100%\"><iframe allow=\"clipboard-write\" sandbox=\"allow-top-navigation allow-top-navigation-by-user-activation allow-downloads allow-scripts allow-same-origin allow-popups allow-modals allow-popups-to-escape-sandbox allow-forms\" allowfullscreen=\"true\" style=\"position:absolute;border:none;width:100%;height:100%;left:0;right:0;top:0;bottom:0;\" src=\"https:\/\/e.issuu.com\/embed.html?d=gure_ondarea_vidrieras_de_derio&#038;u=barriatv\"><\/iframe><\/div>\r\n\n<p><\/p>\n\n<h3 class=\"wp-block-heading\">Vicente Larrea<\/h3>\n\n<p><p>Juan Manuel Gonzalez Cembellin Eleiz Museoko zuzendari teknikoak\u00a0 Alkarren Barri aldizkarian argitaratutako artikulu baten adieazo ebanez,\u00a0<em>&#8220;gure herrian, azken gizaldi erdian, eskultore gailenen artean egoan&#8221;.\u00a0<\/em>Ezagunagoa da bere lan publikoagaitik baina, halanda be,\u00a0<em>&#8220;ekarpen handia egin eutsan arte erlijioso garaikideari&#8221;.\u00a0<\/em><\/p><\/p>\n\n<figure class=\"wp-block-image size-full is-resized\"><img decoding=\"async\" width=\"800\" height=\"593\" src=\"https:\/\/bizkeliza.org\/wp-content\/uploads\/San-Pablo.jpg\" alt=\"\" class=\"wp-image-134178\" style=\"width:823px;height:auto\" srcset=\"https:\/\/bizkeliza.org\/wp-content\/uploads\/San-Pablo.jpg 800w, https:\/\/bizkeliza.org\/wp-content\/uploads\/San-Pablo-480x356.jpg 480w\" sizes=\"(min-width: 0px) and (max-width: 480px) 480px, (min-width: 481px) 800px, 100vw\" \/><figcaption class=\"wp-element-caption\">San Pauloren irudia kapera nagusian<\/figcaption><\/figure>\n\n<div style=\"position:relative;padding-top:max(60%,326px);height:0;width:100%\"><iframe allow=\"clipboard-write\" sandbox=\"allow-top-navigation allow-top-navigation-by-user-activation allow-downloads allow-scripts allow-same-origin allow-popups allow-modals allow-popups-to-escape-sandbox allow-forms\" allowfullscreen=\"true\" style=\"position:absolute;border:none;width:100%;height:100%;left:0;right:0;top:0;bottom:0;\" src=\"https:\/\/e.issuu.com\/embed.html?d=alkarren_302_apirila_abril_&#038;pageNumber=20&#038;u=barriatv\"><\/iframe><\/div>\r\n\n<p><\/p>\n","protected":false},"excerpt":{"rendered":"<p>Kurtsoari hasiera emoteko ekitaldi nagusia jsoko dauan Derioko kapera nagusia, Jose Maria de la Vegak tenplu handiagoa egiteko eban egitasmoaren emaitza da. Aurreikusitako eleiza handiaren ordez, kapera txiki ikusgarri hau eraiki zan. Arte-ulerpen modernoari dagokiozan beirateak ditu. Honeen zirriborro gehienak Eleiz Museoan arte garaikideari eskainitako aretoan dagoz. Jose Maria Mu\u00f1ozek egindako beirate honeekaz batera, Pares [&hellip;]<\/p>\n","protected":false},"author":19,"featured_media":134133,"comment_status":"closed","ping_status":"closed","sticky":false,"template":"","format":"standard","meta":{"_acf_changed":false,"_et_pb_use_builder":"off","_et_pb_old_content":"","_et_gb_content_width":"","footnotes":""},"categories":[506],"tags":[],"class_list":["post-134201","post","type-post","status-publish","format-standard","has-post-thumbnail","hentry","category-lehenengo-orrialdea"],"acf":[],"yoast_head":"<!-- This site is optimized with the Yoast SEO Premium plugin v27.2 (Yoast SEO v27.2) - https:\/\/yoast.com\/product\/yoast-seo-premium-wordpress\/ -->\n<title>Derion ospatuko dan ekitaldi nagusiagaz emongo deutse hasiera Eleizbarrutiak 75. urteurreneko jarduerei<\/title>\n<meta name=\"description\" content=\"Eleizbarrutiak irailaren 28an emongo deutso hasiera kurtsoari Derioko Seminario izandakoan. Han jarriko da martxan 75. urteurrena ospatzeko egitaraua\" \/>\n<meta name=\"robots\" content=\"index, follow, max-snippet:-1, max-image-preview:large, max-video-preview:-1\" \/>\n<link rel=\"canonical\" href=\"https:\/\/bizkeliza.org\/eu\/noticia\/derion-ospatuko-dan-ekitaldi-nagusiagaz-emongo-deutse-hasiera-eleizbarrutiak-75-urteurreneko-jarduerei\/\" \/>\n<meta property=\"og:locale\" content=\"eu_ES\" \/>\n<meta property=\"og:type\" content=\"article\" \/>\n<meta property=\"og:title\" content=\"Derion ospatuko dan ekitaldi nagusiagaz emongo deutse hasiera Eleizbarrutiak 75. urteurreneko jarduerei\" \/>\n<meta property=\"og:description\" content=\"Eleizbarrutiak irailaren 28an emongo deutso hasiera kurtsoari Derioko Seminario izandakoan. Han jarriko da martxan 75. urteurrena ospatzeko egitaraua\" \/>\n<meta property=\"og:url\" content=\"https:\/\/bizkeliza.org\/eu\/noticia\/derion-ospatuko-dan-ekitaldi-nagusiagaz-emongo-deutse-hasiera-eleizbarrutiak-75-urteurreneko-jarduerei\/\" \/>\n<meta property=\"og:site_name\" content=\"Bilboko Elizbarrutia - Di\u00f3cesis de Bilbao\" \/>\n<meta property=\"article:publisher\" content=\"https:\/\/www.facebook.com\/DiocesisBilbao\/\" \/>\n<meta property=\"article:published_time\" content=\"2024-05-07T14:00:00+00:00\" \/>\n<meta property=\"article:modified_time\" content=\"2024-05-08T07:58:17+00:00\" \/>\n<meta property=\"og:image\" content=\"https:\/\/bizkeliza.org\/wp-content\/uploads\/Vidrieras1.jpg\" \/>\n\t<meta property=\"og:image:width\" content=\"600\" \/>\n\t<meta property=\"og:image:height\" content=\"450\" \/>\n\t<meta property=\"og:image:type\" content=\"image\/jpeg\" \/>\n<meta name=\"author\" content=\"dalberdi\" \/>\n<meta name=\"twitter:card\" content=\"summary_large_image\" \/>\n<meta name=\"twitter:creator\" content=\"@DiocesisBilbao\" \/>\n<meta name=\"twitter:site\" content=\"@DiocesisBilbao\" \/>\n<script type=\"application\/ld+json\" class=\"yoast-schema-graph\">{\"@context\":\"https:\/\/schema.org\",\"@graph\":[{\"@type\":\"Article\",\"@id\":\"https:\/\/bizkeliza.org\/eu\/noticia\/derion-ospatuko-dan-ekitaldi-nagusiagaz-emongo-deutse-hasiera-eleizbarrutiak-75-urteurreneko-jarduerei\/#article\",\"isPartOf\":{\"@id\":\"https:\/\/bizkeliza.org\/eu\/noticia\/derion-ospatuko-dan-ekitaldi-nagusiagaz-emongo-deutse-hasiera-eleizbarrutiak-75-urteurreneko-jarduerei\/\"},\"author\":{\"name\":\"dalberdi\",\"@id\":\"https:\/\/bizkeliza.org\/eu\/#\/schema\/person\/acc5e302cb1997bd56026a6980544228\"},\"headline\":\"Derion ospatuko dan ekitaldi nagusiagaz emongo deutse hasiera Eleizbarrutiak 75. urteurreneko jarduerei\",\"datePublished\":\"2024-05-07T14:00:00+00:00\",\"dateModified\":\"2024-05-08T07:58:17+00:00\",\"mainEntityOfPage\":{\"@id\":\"https:\/\/bizkeliza.org\/eu\/noticia\/derion-ospatuko-dan-ekitaldi-nagusiagaz-emongo-deutse-hasiera-eleizbarrutiak-75-urteurreneko-jarduerei\/\"},\"wordCount\":252,\"publisher\":{\"@id\":\"https:\/\/bizkeliza.org\/eu\/#organization\"},\"image\":{\"@id\":\"https:\/\/bizkeliza.org\/eu\/noticia\/derion-ospatuko-dan-ekitaldi-nagusiagaz-emongo-deutse-hasiera-eleizbarrutiak-75-urteurreneko-jarduerei\/#primaryimage\"},\"thumbnailUrl\":\"https:\/\/bizkeliza.org\/wp-content\/uploads\/Vidrieras1.jpg\",\"articleSection\":[\"Lehenengo Orrialdea\"],\"inLanguage\":\"eu-ES\"},{\"@type\":\"WebPage\",\"@id\":\"https:\/\/bizkeliza.org\/eu\/noticia\/derion-ospatuko-dan-ekitaldi-nagusiagaz-emongo-deutse-hasiera-eleizbarrutiak-75-urteurreneko-jarduerei\/\",\"url\":\"https:\/\/bizkeliza.org\/eu\/noticia\/derion-ospatuko-dan-ekitaldi-nagusiagaz-emongo-deutse-hasiera-eleizbarrutiak-75-urteurreneko-jarduerei\/\",\"name\":\"Derion ospatuko dan ekitaldi nagusiagaz emongo deutse hasiera Eleizbarrutiak 75. urteurreneko jarduerei\",\"isPartOf\":{\"@id\":\"https:\/\/bizkeliza.org\/eu\/#website\"},\"primaryImageOfPage\":{\"@id\":\"https:\/\/bizkeliza.org\/eu\/noticia\/derion-ospatuko-dan-ekitaldi-nagusiagaz-emongo-deutse-hasiera-eleizbarrutiak-75-urteurreneko-jarduerei\/#primaryimage\"},\"image\":{\"@id\":\"https:\/\/bizkeliza.org\/eu\/noticia\/derion-ospatuko-dan-ekitaldi-nagusiagaz-emongo-deutse-hasiera-eleizbarrutiak-75-urteurreneko-jarduerei\/#primaryimage\"},\"thumbnailUrl\":\"https:\/\/bizkeliza.org\/wp-content\/uploads\/Vidrieras1.jpg\",\"datePublished\":\"2024-05-07T14:00:00+00:00\",\"dateModified\":\"2024-05-08T07:58:17+00:00\",\"description\":\"Eleizbarrutiak irailaren 28an emongo deutso hasiera kurtsoari Derioko Seminario izandakoan. Han jarriko da martxan 75. urteurrena ospatzeko egitaraua\",\"breadcrumb\":{\"@id\":\"https:\/\/bizkeliza.org\/eu\/noticia\/derion-ospatuko-dan-ekitaldi-nagusiagaz-emongo-deutse-hasiera-eleizbarrutiak-75-urteurreneko-jarduerei\/#breadcrumb\"},\"inLanguage\":\"eu-ES\",\"potentialAction\":[{\"@type\":\"ReadAction\",\"target\":[\"https:\/\/bizkeliza.org\/eu\/noticia\/derion-ospatuko-dan-ekitaldi-nagusiagaz-emongo-deutse-hasiera-eleizbarrutiak-75-urteurreneko-jarduerei\/\"]}]},{\"@type\":\"ImageObject\",\"inLanguage\":\"eu-ES\",\"@id\":\"https:\/\/bizkeliza.org\/eu\/noticia\/derion-ospatuko-dan-ekitaldi-nagusiagaz-emongo-deutse-hasiera-eleizbarrutiak-75-urteurreneko-jarduerei\/#primaryimage\",\"url\":\"https:\/\/bizkeliza.org\/wp-content\/uploads\/Vidrieras1.jpg\",\"contentUrl\":\"https:\/\/bizkeliza.org\/wp-content\/uploads\/Vidrieras1.jpg\",\"width\":600,\"height\":450,\"caption\":\"Algunas vidrieras de la la capilla central de Derio\"},{\"@type\":\"BreadcrumbList\",\"@id\":\"https:\/\/bizkeliza.org\/eu\/noticia\/derion-ospatuko-dan-ekitaldi-nagusiagaz-emongo-deutse-hasiera-eleizbarrutiak-75-urteurreneko-jarduerei\/#breadcrumb\",\"itemListElement\":[{\"@type\":\"ListItem\",\"position\":1,\"name\":\"Portada\",\"item\":\"https:\/\/bizkeliza.org\/eu\/\"},{\"@type\":\"ListItem\",\"position\":2,\"name\":\"Derion ospatuko dan ekitaldi nagusiagaz emongo deutse hasiera Eleizbarrutiak 75. urteurreneko jarduerei\"}]},{\"@type\":\"WebSite\",\"@id\":\"https:\/\/bizkeliza.org\/eu\/#website\",\"url\":\"https:\/\/bizkeliza.org\/eu\/\",\"name\":\"Bilboko Elizbarrutia - Di\u00f3cesis de Bilbao\",\"description\":\"Di\u00f3cesis de Bilbao\",\"publisher\":{\"@id\":\"https:\/\/bizkeliza.org\/eu\/#organization\"},\"alternateName\":\"Di\u00f3cesis de Bilbao\",\"potentialAction\":[{\"@type\":\"SearchAction\",\"target\":{\"@type\":\"EntryPoint\",\"urlTemplate\":\"https:\/\/bizkeliza.org\/eu\/?s={search_term_string}\"},\"query-input\":{\"@type\":\"PropertyValueSpecification\",\"valueRequired\":true,\"valueName\":\"search_term_string\"}}],\"inLanguage\":\"eu-ES\"},{\"@type\":\"Organization\",\"@id\":\"https:\/\/bizkeliza.org\/eu\/#organization\",\"name\":\"Di\u00f3cesis de Bilbao\",\"alternateName\":\"Di\u00f3cesis de Bilbao\",\"url\":\"https:\/\/bizkeliza.org\/eu\/\",\"logo\":{\"@type\":\"ImageObject\",\"inLanguage\":\"eu-ES\",\"@id\":\"https:\/\/bizkeliza.org\/eu\/#\/schema\/logo\/image\/\",\"url\":\"https:\/\/bizkeliza.org\/wp-content\/uploads\/2022\/06\/Logo-nuevo_2024-1-scaled.jpg\",\"contentUrl\":\"https:\/\/bizkeliza.org\/wp-content\/uploads\/2022\/06\/Logo-nuevo_2024-1-scaled.jpg\",\"width\":2560,\"height\":1024,\"caption\":\"Di\u00f3cesis de Bilbao\"},\"image\":{\"@id\":\"https:\/\/bizkeliza.org\/eu\/#\/schema\/logo\/image\/\"},\"sameAs\":[\"https:\/\/www.facebook.com\/DiocesisBilbao\/\",\"https:\/\/x.com\/DiocesisBilbao\",\"https:\/\/www.instagram.com\/obispadobilbao\/\",\"https:\/\/www.youtube.com\/user\/bilbokoelizbarrutia\"],\"description\":\"Iglesia local de Bilbao perteneciente a la Iglesia Cat\u00f3lica\"},{\"@type\":\"Person\",\"@id\":\"https:\/\/bizkeliza.org\/eu\/#\/schema\/person\/acc5e302cb1997bd56026a6980544228\",\"name\":\"dalberdi\"}]}<\/script>\n<!-- \/ Yoast SEO Premium plugin. -->","yoast_head_json":{"title":"Derion ospatuko dan ekitaldi nagusiagaz emongo deutse hasiera Eleizbarrutiak 75. urteurreneko jarduerei","description":"Eleizbarrutiak irailaren 28an emongo deutso hasiera kurtsoari Derioko Seminario izandakoan. Han jarriko da martxan 75. urteurrena ospatzeko egitaraua","robots":{"index":"index","follow":"follow","max-snippet":"max-snippet:-1","max-image-preview":"max-image-preview:large","max-video-preview":"max-video-preview:-1"},"canonical":"https:\/\/bizkeliza.org\/eu\/noticia\/derion-ospatuko-dan-ekitaldi-nagusiagaz-emongo-deutse-hasiera-eleizbarrutiak-75-urteurreneko-jarduerei\/","og_locale":"eu_ES","og_type":"article","og_title":"Derion ospatuko dan ekitaldi nagusiagaz emongo deutse hasiera Eleizbarrutiak 75. urteurreneko jarduerei","og_description":"Eleizbarrutiak irailaren 28an emongo deutso hasiera kurtsoari Derioko Seminario izandakoan. Han jarriko da martxan 75. urteurrena ospatzeko egitaraua","og_url":"https:\/\/bizkeliza.org\/eu\/noticia\/derion-ospatuko-dan-ekitaldi-nagusiagaz-emongo-deutse-hasiera-eleizbarrutiak-75-urteurreneko-jarduerei\/","og_site_name":"Bilboko Elizbarrutia - Di\u00f3cesis de Bilbao","article_publisher":"https:\/\/www.facebook.com\/DiocesisBilbao\/","article_published_time":"2024-05-07T14:00:00+00:00","article_modified_time":"2024-05-08T07:58:17+00:00","og_image":[{"width":600,"height":450,"url":"https:\/\/bizkeliza.org\/wp-content\/uploads\/Vidrieras1.jpg","type":"image\/jpeg"}],"author":"dalberdi","twitter_card":"summary_large_image","twitter_creator":"@DiocesisBilbao","twitter_site":"@DiocesisBilbao","schema":{"@context":"https:\/\/schema.org","@graph":[{"@type":"Article","@id":"https:\/\/bizkeliza.org\/eu\/noticia\/derion-ospatuko-dan-ekitaldi-nagusiagaz-emongo-deutse-hasiera-eleizbarrutiak-75-urteurreneko-jarduerei\/#article","isPartOf":{"@id":"https:\/\/bizkeliza.org\/eu\/noticia\/derion-ospatuko-dan-ekitaldi-nagusiagaz-emongo-deutse-hasiera-eleizbarrutiak-75-urteurreneko-jarduerei\/"},"author":{"name":"dalberdi","@id":"https:\/\/bizkeliza.org\/eu\/#\/schema\/person\/acc5e302cb1997bd56026a6980544228"},"headline":"Derion ospatuko dan ekitaldi nagusiagaz emongo deutse hasiera Eleizbarrutiak 75. urteurreneko jarduerei","datePublished":"2024-05-07T14:00:00+00:00","dateModified":"2024-05-08T07:58:17+00:00","mainEntityOfPage":{"@id":"https:\/\/bizkeliza.org\/eu\/noticia\/derion-ospatuko-dan-ekitaldi-nagusiagaz-emongo-deutse-hasiera-eleizbarrutiak-75-urteurreneko-jarduerei\/"},"wordCount":252,"publisher":{"@id":"https:\/\/bizkeliza.org\/eu\/#organization"},"image":{"@id":"https:\/\/bizkeliza.org\/eu\/noticia\/derion-ospatuko-dan-ekitaldi-nagusiagaz-emongo-deutse-hasiera-eleizbarrutiak-75-urteurreneko-jarduerei\/#primaryimage"},"thumbnailUrl":"https:\/\/bizkeliza.org\/wp-content\/uploads\/Vidrieras1.jpg","articleSection":["Lehenengo Orrialdea"],"inLanguage":"eu-ES"},{"@type":"WebPage","@id":"https:\/\/bizkeliza.org\/eu\/noticia\/derion-ospatuko-dan-ekitaldi-nagusiagaz-emongo-deutse-hasiera-eleizbarrutiak-75-urteurreneko-jarduerei\/","url":"https:\/\/bizkeliza.org\/eu\/noticia\/derion-ospatuko-dan-ekitaldi-nagusiagaz-emongo-deutse-hasiera-eleizbarrutiak-75-urteurreneko-jarduerei\/","name":"Derion ospatuko dan ekitaldi nagusiagaz emongo deutse hasiera Eleizbarrutiak 75. urteurreneko jarduerei","isPartOf":{"@id":"https:\/\/bizkeliza.org\/eu\/#website"},"primaryImageOfPage":{"@id":"https:\/\/bizkeliza.org\/eu\/noticia\/derion-ospatuko-dan-ekitaldi-nagusiagaz-emongo-deutse-hasiera-eleizbarrutiak-75-urteurreneko-jarduerei\/#primaryimage"},"image":{"@id":"https:\/\/bizkeliza.org\/eu\/noticia\/derion-ospatuko-dan-ekitaldi-nagusiagaz-emongo-deutse-hasiera-eleizbarrutiak-75-urteurreneko-jarduerei\/#primaryimage"},"thumbnailUrl":"https:\/\/bizkeliza.org\/wp-content\/uploads\/Vidrieras1.jpg","datePublished":"2024-05-07T14:00:00+00:00","dateModified":"2024-05-08T07:58:17+00:00","description":"Eleizbarrutiak irailaren 28an emongo deutso hasiera kurtsoari Derioko Seminario izandakoan. Han jarriko da martxan 75. urteurrena ospatzeko egitaraua","breadcrumb":{"@id":"https:\/\/bizkeliza.org\/eu\/noticia\/derion-ospatuko-dan-ekitaldi-nagusiagaz-emongo-deutse-hasiera-eleizbarrutiak-75-urteurreneko-jarduerei\/#breadcrumb"},"inLanguage":"eu-ES","potentialAction":[{"@type":"ReadAction","target":["https:\/\/bizkeliza.org\/eu\/noticia\/derion-ospatuko-dan-ekitaldi-nagusiagaz-emongo-deutse-hasiera-eleizbarrutiak-75-urteurreneko-jarduerei\/"]}]},{"@type":"ImageObject","inLanguage":"eu-ES","@id":"https:\/\/bizkeliza.org\/eu\/noticia\/derion-ospatuko-dan-ekitaldi-nagusiagaz-emongo-deutse-hasiera-eleizbarrutiak-75-urteurreneko-jarduerei\/#primaryimage","url":"https:\/\/bizkeliza.org\/wp-content\/uploads\/Vidrieras1.jpg","contentUrl":"https:\/\/bizkeliza.org\/wp-content\/uploads\/Vidrieras1.jpg","width":600,"height":450,"caption":"Algunas vidrieras de la la capilla central de Derio"},{"@type":"BreadcrumbList","@id":"https:\/\/bizkeliza.org\/eu\/noticia\/derion-ospatuko-dan-ekitaldi-nagusiagaz-emongo-deutse-hasiera-eleizbarrutiak-75-urteurreneko-jarduerei\/#breadcrumb","itemListElement":[{"@type":"ListItem","position":1,"name":"Portada","item":"https:\/\/bizkeliza.org\/eu\/"},{"@type":"ListItem","position":2,"name":"Derion ospatuko dan ekitaldi nagusiagaz emongo deutse hasiera Eleizbarrutiak 75. urteurreneko jarduerei"}]},{"@type":"WebSite","@id":"https:\/\/bizkeliza.org\/eu\/#website","url":"https:\/\/bizkeliza.org\/eu\/","name":"Bilboko Elizbarrutia - Di\u00f3cesis de Bilbao","description":"Di\u00f3cesis de Bilbao","publisher":{"@id":"https:\/\/bizkeliza.org\/eu\/#organization"},"alternateName":"Di\u00f3cesis de Bilbao","potentialAction":[{"@type":"SearchAction","target":{"@type":"EntryPoint","urlTemplate":"https:\/\/bizkeliza.org\/eu\/?s={search_term_string}"},"query-input":{"@type":"PropertyValueSpecification","valueRequired":true,"valueName":"search_term_string"}}],"inLanguage":"eu-ES"},{"@type":"Organization","@id":"https:\/\/bizkeliza.org\/eu\/#organization","name":"Di\u00f3cesis de Bilbao","alternateName":"Di\u00f3cesis de Bilbao","url":"https:\/\/bizkeliza.org\/eu\/","logo":{"@type":"ImageObject","inLanguage":"eu-ES","@id":"https:\/\/bizkeliza.org\/eu\/#\/schema\/logo\/image\/","url":"https:\/\/bizkeliza.org\/wp-content\/uploads\/2022\/06\/Logo-nuevo_2024-1-scaled.jpg","contentUrl":"https:\/\/bizkeliza.org\/wp-content\/uploads\/2022\/06\/Logo-nuevo_2024-1-scaled.jpg","width":2560,"height":1024,"caption":"Di\u00f3cesis de Bilbao"},"image":{"@id":"https:\/\/bizkeliza.org\/eu\/#\/schema\/logo\/image\/"},"sameAs":["https:\/\/www.facebook.com\/DiocesisBilbao\/","https:\/\/x.com\/DiocesisBilbao","https:\/\/www.instagram.com\/obispadobilbao\/","https:\/\/www.youtube.com\/user\/bilbokoelizbarrutia"],"description":"Iglesia local de Bilbao perteneciente a la Iglesia Cat\u00f3lica"},{"@type":"Person","@id":"https:\/\/bizkeliza.org\/eu\/#\/schema\/person\/acc5e302cb1997bd56026a6980544228","name":"dalberdi"}]}},"jetpack_featured_media_url":"https:\/\/bizkeliza.org\/wp-content\/uploads\/Vidrieras1.jpg","_links":{"self":[{"href":"https:\/\/bizkeliza.org\/eu\/wp-json\/wp\/v2\/posts\/134201","targetHints":{"allow":["GET"]}}],"collection":[{"href":"https:\/\/bizkeliza.org\/eu\/wp-json\/wp\/v2\/posts"}],"about":[{"href":"https:\/\/bizkeliza.org\/eu\/wp-json\/wp\/v2\/types\/post"}],"author":[{"embeddable":true,"href":"https:\/\/bizkeliza.org\/eu\/wp-json\/wp\/v2\/users\/19"}],"replies":[{"embeddable":true,"href":"https:\/\/bizkeliza.org\/eu\/wp-json\/wp\/v2\/comments?post=134201"}],"version-history":[{"count":0,"href":"https:\/\/bizkeliza.org\/eu\/wp-json\/wp\/v2\/posts\/134201\/revisions"}],"wp:featuredmedia":[{"embeddable":true,"href":"https:\/\/bizkeliza.org\/eu\/wp-json\/wp\/v2\/media\/134133"}],"wp:attachment":[{"href":"https:\/\/bizkeliza.org\/eu\/wp-json\/wp\/v2\/media?parent=134201"}],"wp:term":[{"taxonomy":"category","embeddable":true,"href":"https:\/\/bizkeliza.org\/eu\/wp-json\/wp\/v2\/categories?post=134201"},{"taxonomy":"post_tag","embeddable":true,"href":"https:\/\/bizkeliza.org\/eu\/wp-json\/wp\/v2\/tags?post=134201"}],"curies":[{"name":"wp","href":"https:\/\/api.w.org\/{rel}","templated":true}]}}