{"id":134766,"date":"2024-05-14T12:00:00","date_gmt":"2024-05-14T10:00:00","guid":{"rendered":"https:\/\/bizkeliza.org\/noticia\/bilboko-gotzaina-nekane-garcia-misiolariagaz-egon-da\/"},"modified":"2024-05-14T12:00:37","modified_gmt":"2024-05-14T10:00:37","slug":"bilboko-gotzaina-nekane-garcia-misiolariagaz-egon-da","status":"publish","type":"post","link":"https:\/\/bizkeliza.org\/eu\/noticia\/bilboko-gotzaina-nekane-garcia-misiolariagaz-egon-da\/","title":{"rendered":"Bilboko gotzaina Nekane Garcia misiolariagaz egon da"},"content":{"rendered":"\n<p><p><strong>Nekane Garcia<\/strong> gipuzkoarra oporraldiaz gozazen ari da familiagaz <strong>Zaragozan<\/strong> eta bide batez hainbat kudeaketa egiten dihardu, besteak beste, gaur <strong>On Joseba Segura<\/strong> Bilboko gotzainari egin deutsan bisita.\u00a0<\/p><\/p>\n\n<p><p><b>On Joseba Segura<\/b> gotzainak joan dan udan bisitatu eban <strong>Xabier Goikouria<\/strong> misiolaria <strong>Kongoko Errepublika Demokratikoan<\/strong> eta herrialdeko hainbat lekutan sustatzen diharduan egitasmo ugari ezagutzeko aukera izan eban.<\/p><\/p>\n\n<h3 class=\"wp-block-heading\"><strong>Bunkeya<\/strong><\/h3>\n\n<p><p><b>Nekane Garcia<\/b> sendagileak <strong>Bunkeyako<\/strong> ospitale nagusiko zuzendari da azken urteetan. Bertan, urtean 3.000 lagun inguru artatzen dabe eta hilean 100 jaiotza izaten dira. Osasun-arloaz gain emakumearen sustapenerako arloaz arduratzen dira. <strong>Nekanek<\/strong> azaldu dauanez, gaur egun gora egin dabe tuberkulosi iraunkorraren kasuek eta <em>&#8220;despistatze&#8221;<\/em> lanetan -azterketa mediko prebentiboa- dabilz.<\/p><\/p>\n\n<figure class=\"wp-block-pullquote\"><blockquote><p><p><b>Bunkeya,\u00a0<\/b>ospitalea kokatzen dan uria, <strong>Kongoko Errepublika Demokratikoko<\/strong> hegoaldean dagoan <strong>Lubumbashiko Artxidiozesian<\/strong> dago.<\/p><\/p><\/blockquote><\/figure>\n\n<p><p>Aurreko bisita baten, <strong>Nekane Garciak<\/strong> ondoren jasotzen dan alkarrizketa eskaini eutsan <strong><a href=\"https:\/\/issuu.com\/barriatv\/docs\/alkarren_303_v7\">&#8220;Alkarren Barri\/Comunicaci\u00f3n&#8221; <\/a><\/strong>aldizkariari:<\/p><\/p>\n\n<div style=\"position:relative;padding-top:max(60%,326px);height:0;width:100%\"><\/div>\r\n\n<p><\/p>\n","protected":false},"excerpt":{"rendered":"<p>Nekane Garcia gipuzkoarra oporraldiaz gozazen ari da familiagaz Zaragozan eta bide batez hainbat kudeaketa egiten dihardu, besteak beste, gaur On Joseba Segura Bilboko gotzainari egin deutsan bisita.\u00a0 On Joseba Segura gotzainak joan dan udan bisitatu eban Xabier Goikouria misiolaria Kongoko Errepublika Demokratikoan eta herrialdeko hainbat lekutan sustatzen diharduan egitasmo ugari ezagutzeko aukera izan eban. Bunkeya [&hellip;]<\/p>\n","protected":false},"author":20,"featured_media":134744,"comment_status":"closed","ping_status":"closed","sticky":false,"template":"","format":"standard","meta":{"_acf_changed":false,"_et_pb_use_builder":"off","_et_pb_old_content":"","_et_gb_content_width":"","footnotes":""},"categories":[505,506,504],"tags":[],"class_list":["post-134766","post","type-post","status-publish","format-standard","has-post-thumbnail","hentry","category-gotzaina","category-lehenengo-orrialdea","category-misinoak"],"acf":[],"yoast_head":"<!-- This site is optimized with the Yoast SEO Premium plugin v27.2 (Yoast SEO v27.2) - https:\/\/yoast.com\/product\/yoast-seo-premium-wordpress\/ -->\n<title>Bilboko gotzaina Nekane Garcia misiolariagaz egon da<\/title>\n<meta name=\"description\" content=\"Nekane Garcia gipuzkoarra oporraldiaz gozazen ari da familiagaz Zaragozan eta bide batez hainbat kudeaketa egiten dihardu\" \/>\n<meta name=\"robots\" content=\"index, follow, max-snippet:-1, max-image-preview:large, max-video-preview:-1\" \/>\n<link rel=\"canonical\" href=\"https:\/\/bizkeliza.org\/eu\/noticia\/bilboko-gotzaina-nekane-garcia-misiolariagaz-egon-da\/\" \/>\n<meta property=\"og:locale\" content=\"eu_ES\" \/>\n<meta property=\"og:type\" content=\"article\" \/>\n<meta property=\"og:title\" content=\"Bilboko gotzaina Nekane Garcia misiolariagaz egon da\" \/>\n<meta property=\"og:description\" content=\"Nekane Garcia gipuzkoarra oporraldiaz gozazen ari da familiagaz Zaragozan eta bide batez hainbat kudeaketa egiten dihardu\" \/>\n<meta property=\"og:url\" content=\"https:\/\/bizkeliza.org\/eu\/noticia\/bilboko-gotzaina-nekane-garcia-misiolariagaz-egon-da\/\" \/>\n<meta property=\"og:site_name\" content=\"Bilboko Elizbarrutia - Di\u00f3cesis de Bilbao\" \/>\n<meta property=\"article:publisher\" content=\"https:\/\/www.facebook.com\/DiocesisBilbao\/\" \/>\n<meta property=\"article:published_time\" content=\"2024-05-14T10:00:00+00:00\" \/>\n<meta property=\"article:modified_time\" content=\"2024-05-14T10:00:37+00:00\" \/>\n<meta property=\"og:image\" content=\"https:\/\/bizkeliza.org\/wp-content\/uploads\/IMG_2492-scaled.jpg\" \/>\n\t<meta property=\"og:image:width\" content=\"2560\" \/>\n\t<meta property=\"og:image:height\" content=\"1920\" \/>\n\t<meta property=\"og:image:type\" content=\"image\/jpeg\" \/>\n<meta name=\"author\" content=\"bkareaga\" \/>\n<meta name=\"twitter:card\" content=\"summary_large_image\" \/>\n<meta name=\"twitter:creator\" content=\"@DiocesisBilbao\" \/>\n<meta name=\"twitter:site\" content=\"@DiocesisBilbao\" \/>\n<script type=\"application\/ld+json\" class=\"yoast-schema-graph\">{\"@context\":\"https:\/\/schema.org\",\"@graph\":[{\"@type\":\"Article\",\"@id\":\"https:\/\/bizkeliza.org\/eu\/noticia\/bilboko-gotzaina-nekane-garcia-misiolariagaz-egon-da\/#article\",\"isPartOf\":{\"@id\":\"https:\/\/bizkeliza.org\/eu\/noticia\/bilboko-gotzaina-nekane-garcia-misiolariagaz-egon-da\/\"},\"author\":{\"name\":\"bkareaga\",\"@id\":\"https:\/\/bizkeliza.org\/eu\/#\/schema\/person\/1f27c53156256531056d48959c2f2008\"},\"headline\":\"Bilboko gotzaina Nekane Garcia misiolariagaz egon da\",\"datePublished\":\"2024-05-14T10:00:00+00:00\",\"dateModified\":\"2024-05-14T10:00:37+00:00\",\"mainEntityOfPage\":{\"@id\":\"https:\/\/bizkeliza.org\/eu\/noticia\/bilboko-gotzaina-nekane-garcia-misiolariagaz-egon-da\/\"},\"wordCount\":137,\"publisher\":{\"@id\":\"https:\/\/bizkeliza.org\/eu\/#organization\"},\"image\":{\"@id\":\"https:\/\/bizkeliza.org\/eu\/noticia\/bilboko-gotzaina-nekane-garcia-misiolariagaz-egon-da\/#primaryimage\"},\"thumbnailUrl\":\"https:\/\/bizkeliza.org\/wp-content\/uploads\/IMG_2492-scaled.jpg\",\"articleSection\":[\"Gotzaina\",\"Lehenengo Orrialdea\",\"Misinoak\"],\"inLanguage\":\"eu-ES\"},{\"@type\":\"WebPage\",\"@id\":\"https:\/\/bizkeliza.org\/eu\/noticia\/bilboko-gotzaina-nekane-garcia-misiolariagaz-egon-da\/\",\"url\":\"https:\/\/bizkeliza.org\/eu\/noticia\/bilboko-gotzaina-nekane-garcia-misiolariagaz-egon-da\/\",\"name\":\"Bilboko gotzaina Nekane Garcia misiolariagaz egon da\",\"isPartOf\":{\"@id\":\"https:\/\/bizkeliza.org\/eu\/#website\"},\"primaryImageOfPage\":{\"@id\":\"https:\/\/bizkeliza.org\/eu\/noticia\/bilboko-gotzaina-nekane-garcia-misiolariagaz-egon-da\/#primaryimage\"},\"image\":{\"@id\":\"https:\/\/bizkeliza.org\/eu\/noticia\/bilboko-gotzaina-nekane-garcia-misiolariagaz-egon-da\/#primaryimage\"},\"thumbnailUrl\":\"https:\/\/bizkeliza.org\/wp-content\/uploads\/IMG_2492-scaled.jpg\",\"datePublished\":\"2024-05-14T10:00:00+00:00\",\"dateModified\":\"2024-05-14T10:00:37+00:00\",\"description\":\"Nekane Garcia gipuzkoarra oporraldiaz gozazen ari da familiagaz Zaragozan eta bide batez hainbat kudeaketa egiten dihardu\",\"breadcrumb\":{\"@id\":\"https:\/\/bizkeliza.org\/eu\/noticia\/bilboko-gotzaina-nekane-garcia-misiolariagaz-egon-da\/#breadcrumb\"},\"inLanguage\":\"eu-ES\",\"potentialAction\":[{\"@type\":\"ReadAction\",\"target\":[\"https:\/\/bizkeliza.org\/eu\/noticia\/bilboko-gotzaina-nekane-garcia-misiolariagaz-egon-da\/\"]}]},{\"@type\":\"ImageObject\",\"inLanguage\":\"eu-ES\",\"@id\":\"https:\/\/bizkeliza.org\/eu\/noticia\/bilboko-gotzaina-nekane-garcia-misiolariagaz-egon-da\/#primaryimage\",\"url\":\"https:\/\/bizkeliza.org\/wp-content\/uploads\/IMG_2492-scaled.jpg\",\"contentUrl\":\"https:\/\/bizkeliza.org\/wp-content\/uploads\/IMG_2492-scaled.jpg\",\"width\":2560,\"height\":1920,\"caption\":\"Jos\u00e9 Ignacio Iturmendi, Bego\u00f1a D\u00edez, Nekane Garc\u00eda y el obispo de Bilbao, Joseba Segura.\"},{\"@type\":\"BreadcrumbList\",\"@id\":\"https:\/\/bizkeliza.org\/eu\/noticia\/bilboko-gotzaina-nekane-garcia-misiolariagaz-egon-da\/#breadcrumb\",\"itemListElement\":[{\"@type\":\"ListItem\",\"position\":1,\"name\":\"Portada\",\"item\":\"https:\/\/bizkeliza.org\/eu\/\"},{\"@type\":\"ListItem\",\"position\":2,\"name\":\"Bilboko gotzaina Nekane Garcia misiolariagaz egon da\"}]},{\"@type\":\"WebSite\",\"@id\":\"https:\/\/bizkeliza.org\/eu\/#website\",\"url\":\"https:\/\/bizkeliza.org\/eu\/\",\"name\":\"Bilboko Elizbarrutia - Di\u00f3cesis de Bilbao\",\"description\":\"Di\u00f3cesis de Bilbao\",\"publisher\":{\"@id\":\"https:\/\/bizkeliza.org\/eu\/#organization\"},\"alternateName\":\"Di\u00f3cesis de Bilbao\",\"potentialAction\":[{\"@type\":\"SearchAction\",\"target\":{\"@type\":\"EntryPoint\",\"urlTemplate\":\"https:\/\/bizkeliza.org\/eu\/?s={search_term_string}\"},\"query-input\":{\"@type\":\"PropertyValueSpecification\",\"valueRequired\":true,\"valueName\":\"search_term_string\"}}],\"inLanguage\":\"eu-ES\"},{\"@type\":\"Organization\",\"@id\":\"https:\/\/bizkeliza.org\/eu\/#organization\",\"name\":\"Di\u00f3cesis de Bilbao\",\"alternateName\":\"Di\u00f3cesis de Bilbao\",\"url\":\"https:\/\/bizkeliza.org\/eu\/\",\"logo\":{\"@type\":\"ImageObject\",\"inLanguage\":\"eu-ES\",\"@id\":\"https:\/\/bizkeliza.org\/eu\/#\/schema\/logo\/image\/\",\"url\":\"https:\/\/bizkeliza.org\/wp-content\/uploads\/2022\/06\/Logo-nuevo_2024-1-scaled.jpg\",\"contentUrl\":\"https:\/\/bizkeliza.org\/wp-content\/uploads\/2022\/06\/Logo-nuevo_2024-1-scaled.jpg\",\"width\":2560,\"height\":1024,\"caption\":\"Di\u00f3cesis de Bilbao\"},\"image\":{\"@id\":\"https:\/\/bizkeliza.org\/eu\/#\/schema\/logo\/image\/\"},\"sameAs\":[\"https:\/\/www.facebook.com\/DiocesisBilbao\/\",\"https:\/\/x.com\/DiocesisBilbao\",\"https:\/\/www.instagram.com\/obispadobilbao\/\",\"https:\/\/www.youtube.com\/user\/bilbokoelizbarrutia\"],\"description\":\"Iglesia local de Bilbao perteneciente a la Iglesia Cat\u00f3lica\"},{\"@type\":\"Person\",\"@id\":\"https:\/\/bizkeliza.org\/eu\/#\/schema\/person\/1f27c53156256531056d48959c2f2008\",\"name\":\"bkareaga\"}]}<\/script>\n<!-- \/ Yoast SEO Premium plugin. -->","yoast_head_json":{"title":"Bilboko gotzaina Nekane Garcia misiolariagaz egon da","description":"Nekane Garcia gipuzkoarra oporraldiaz gozazen ari da familiagaz Zaragozan eta bide batez hainbat kudeaketa egiten dihardu","robots":{"index":"index","follow":"follow","max-snippet":"max-snippet:-1","max-image-preview":"max-image-preview:large","max-video-preview":"max-video-preview:-1"},"canonical":"https:\/\/bizkeliza.org\/eu\/noticia\/bilboko-gotzaina-nekane-garcia-misiolariagaz-egon-da\/","og_locale":"eu_ES","og_type":"article","og_title":"Bilboko gotzaina Nekane Garcia misiolariagaz egon da","og_description":"Nekane Garcia gipuzkoarra oporraldiaz gozazen ari da familiagaz Zaragozan eta bide batez hainbat kudeaketa egiten dihardu","og_url":"https:\/\/bizkeliza.org\/eu\/noticia\/bilboko-gotzaina-nekane-garcia-misiolariagaz-egon-da\/","og_site_name":"Bilboko Elizbarrutia - Di\u00f3cesis de Bilbao","article_publisher":"https:\/\/www.facebook.com\/DiocesisBilbao\/","article_published_time":"2024-05-14T10:00:00+00:00","article_modified_time":"2024-05-14T10:00:37+00:00","og_image":[{"width":2560,"height":1920,"url":"https:\/\/bizkeliza.org\/wp-content\/uploads\/IMG_2492-scaled.jpg","type":"image\/jpeg"}],"author":"bkareaga","twitter_card":"summary_large_image","twitter_creator":"@DiocesisBilbao","twitter_site":"@DiocesisBilbao","schema":{"@context":"https:\/\/schema.org","@graph":[{"@type":"Article","@id":"https:\/\/bizkeliza.org\/eu\/noticia\/bilboko-gotzaina-nekane-garcia-misiolariagaz-egon-da\/#article","isPartOf":{"@id":"https:\/\/bizkeliza.org\/eu\/noticia\/bilboko-gotzaina-nekane-garcia-misiolariagaz-egon-da\/"},"author":{"name":"bkareaga","@id":"https:\/\/bizkeliza.org\/eu\/#\/schema\/person\/1f27c53156256531056d48959c2f2008"},"headline":"Bilboko gotzaina Nekane Garcia misiolariagaz egon da","datePublished":"2024-05-14T10:00:00+00:00","dateModified":"2024-05-14T10:00:37+00:00","mainEntityOfPage":{"@id":"https:\/\/bizkeliza.org\/eu\/noticia\/bilboko-gotzaina-nekane-garcia-misiolariagaz-egon-da\/"},"wordCount":137,"publisher":{"@id":"https:\/\/bizkeliza.org\/eu\/#organization"},"image":{"@id":"https:\/\/bizkeliza.org\/eu\/noticia\/bilboko-gotzaina-nekane-garcia-misiolariagaz-egon-da\/#primaryimage"},"thumbnailUrl":"https:\/\/bizkeliza.org\/wp-content\/uploads\/IMG_2492-scaled.jpg","articleSection":["Gotzaina","Lehenengo Orrialdea","Misinoak"],"inLanguage":"eu-ES"},{"@type":"WebPage","@id":"https:\/\/bizkeliza.org\/eu\/noticia\/bilboko-gotzaina-nekane-garcia-misiolariagaz-egon-da\/","url":"https:\/\/bizkeliza.org\/eu\/noticia\/bilboko-gotzaina-nekane-garcia-misiolariagaz-egon-da\/","name":"Bilboko gotzaina Nekane Garcia misiolariagaz egon da","isPartOf":{"@id":"https:\/\/bizkeliza.org\/eu\/#website"},"primaryImageOfPage":{"@id":"https:\/\/bizkeliza.org\/eu\/noticia\/bilboko-gotzaina-nekane-garcia-misiolariagaz-egon-da\/#primaryimage"},"image":{"@id":"https:\/\/bizkeliza.org\/eu\/noticia\/bilboko-gotzaina-nekane-garcia-misiolariagaz-egon-da\/#primaryimage"},"thumbnailUrl":"https:\/\/bizkeliza.org\/wp-content\/uploads\/IMG_2492-scaled.jpg","datePublished":"2024-05-14T10:00:00+00:00","dateModified":"2024-05-14T10:00:37+00:00","description":"Nekane Garcia gipuzkoarra oporraldiaz gozazen ari da familiagaz Zaragozan eta bide batez hainbat kudeaketa egiten dihardu","breadcrumb":{"@id":"https:\/\/bizkeliza.org\/eu\/noticia\/bilboko-gotzaina-nekane-garcia-misiolariagaz-egon-da\/#breadcrumb"},"inLanguage":"eu-ES","potentialAction":[{"@type":"ReadAction","target":["https:\/\/bizkeliza.org\/eu\/noticia\/bilboko-gotzaina-nekane-garcia-misiolariagaz-egon-da\/"]}]},{"@type":"ImageObject","inLanguage":"eu-ES","@id":"https:\/\/bizkeliza.org\/eu\/noticia\/bilboko-gotzaina-nekane-garcia-misiolariagaz-egon-da\/#primaryimage","url":"https:\/\/bizkeliza.org\/wp-content\/uploads\/IMG_2492-scaled.jpg","contentUrl":"https:\/\/bizkeliza.org\/wp-content\/uploads\/IMG_2492-scaled.jpg","width":2560,"height":1920,"caption":"Jos\u00e9 Ignacio Iturmendi, Bego\u00f1a D\u00edez, Nekane Garc\u00eda y el obispo de Bilbao, Joseba Segura."},{"@type":"BreadcrumbList","@id":"https:\/\/bizkeliza.org\/eu\/noticia\/bilboko-gotzaina-nekane-garcia-misiolariagaz-egon-da\/#breadcrumb","itemListElement":[{"@type":"ListItem","position":1,"name":"Portada","item":"https:\/\/bizkeliza.org\/eu\/"},{"@type":"ListItem","position":2,"name":"Bilboko gotzaina Nekane Garcia misiolariagaz egon da"}]},{"@type":"WebSite","@id":"https:\/\/bizkeliza.org\/eu\/#website","url":"https:\/\/bizkeliza.org\/eu\/","name":"Bilboko Elizbarrutia - Di\u00f3cesis de Bilbao","description":"Di\u00f3cesis de Bilbao","publisher":{"@id":"https:\/\/bizkeliza.org\/eu\/#organization"},"alternateName":"Di\u00f3cesis de Bilbao","potentialAction":[{"@type":"SearchAction","target":{"@type":"EntryPoint","urlTemplate":"https:\/\/bizkeliza.org\/eu\/?s={search_term_string}"},"query-input":{"@type":"PropertyValueSpecification","valueRequired":true,"valueName":"search_term_string"}}],"inLanguage":"eu-ES"},{"@type":"Organization","@id":"https:\/\/bizkeliza.org\/eu\/#organization","name":"Di\u00f3cesis de Bilbao","alternateName":"Di\u00f3cesis de Bilbao","url":"https:\/\/bizkeliza.org\/eu\/","logo":{"@type":"ImageObject","inLanguage":"eu-ES","@id":"https:\/\/bizkeliza.org\/eu\/#\/schema\/logo\/image\/","url":"https:\/\/bizkeliza.org\/wp-content\/uploads\/2022\/06\/Logo-nuevo_2024-1-scaled.jpg","contentUrl":"https:\/\/bizkeliza.org\/wp-content\/uploads\/2022\/06\/Logo-nuevo_2024-1-scaled.jpg","width":2560,"height":1024,"caption":"Di\u00f3cesis de Bilbao"},"image":{"@id":"https:\/\/bizkeliza.org\/eu\/#\/schema\/logo\/image\/"},"sameAs":["https:\/\/www.facebook.com\/DiocesisBilbao\/","https:\/\/x.com\/DiocesisBilbao","https:\/\/www.instagram.com\/obispadobilbao\/","https:\/\/www.youtube.com\/user\/bilbokoelizbarrutia"],"description":"Iglesia local de Bilbao perteneciente a la Iglesia Cat\u00f3lica"},{"@type":"Person","@id":"https:\/\/bizkeliza.org\/eu\/#\/schema\/person\/1f27c53156256531056d48959c2f2008","name":"bkareaga"}]}},"jetpack_featured_media_url":"https:\/\/bizkeliza.org\/wp-content\/uploads\/IMG_2492-scaled.jpg","_links":{"self":[{"href":"https:\/\/bizkeliza.org\/eu\/wp-json\/wp\/v2\/posts\/134766","targetHints":{"allow":["GET"]}}],"collection":[{"href":"https:\/\/bizkeliza.org\/eu\/wp-json\/wp\/v2\/posts"}],"about":[{"href":"https:\/\/bizkeliza.org\/eu\/wp-json\/wp\/v2\/types\/post"}],"author":[{"embeddable":true,"href":"https:\/\/bizkeliza.org\/eu\/wp-json\/wp\/v2\/users\/20"}],"replies":[{"embeddable":true,"href":"https:\/\/bizkeliza.org\/eu\/wp-json\/wp\/v2\/comments?post=134766"}],"version-history":[{"count":0,"href":"https:\/\/bizkeliza.org\/eu\/wp-json\/wp\/v2\/posts\/134766\/revisions"}],"wp:featuredmedia":[{"embeddable":true,"href":"https:\/\/bizkeliza.org\/eu\/wp-json\/wp\/v2\/media\/134744"}],"wp:attachment":[{"href":"https:\/\/bizkeliza.org\/eu\/wp-json\/wp\/v2\/media?parent=134766"}],"wp:term":[{"taxonomy":"category","embeddable":true,"href":"https:\/\/bizkeliza.org\/eu\/wp-json\/wp\/v2\/categories?post=134766"},{"taxonomy":"post_tag","embeddable":true,"href":"https:\/\/bizkeliza.org\/eu\/wp-json\/wp\/v2\/tags?post=134766"}],"curies":[{"name":"wp","href":"https:\/\/api.w.org\/{rel}","templated":true}]}}