{"id":138615,"date":"2024-06-20T13:00:00","date_gmt":"2024-06-20T11:00:00","guid":{"rendered":"https:\/\/bizkeliza.org\/noticia\/otxandioko-ermitak-bereziak-dira-euren-kantutegia-dabe\/"},"modified":"2024-06-20T13:30:17","modified_gmt":"2024-06-20T11:30:17","slug":"otxandioko-ermitak-bereziak-dira-euren-kantutegia-dabe","status":"publish","type":"post","link":"https:\/\/bizkeliza.org\/eu\/noticia\/otxandioko-ermitak-bereziak-dira-euren-kantutegia-dabe\/","title":{"rendered":"&#8220;OTxandioko ermitak, bereziak dira: euren kantutegia dabe&#8221;"},"content":{"rendered":"\n<p><p><strong>Juan Manuel Gonzalez Cembell\u00ednek<\/strong> herrigunean dagozan lau ermitei buruzko askotariko barriak jasoten dituan <a href=\"https:\/\/ermitasdebizkaia.com\/ermitas-otxandio-bizkaia\/\">web orrialdearen<\/a> inguruko zehaztasunak emon ebazan.\u00a0<\/p><\/p>\n\n<blockquote class=\"twitter-tweet\"><p lang=\"es\" dir=\"ltr\">\ud83d\udcccOtxandion gaur eleizako torrearen konponketa lanen barri. Herriko ermiten irudiak 360 gradutara eta 3 Dimentsinotan. <br\/>\ud83d\udcccPresentaci\u00f3n hoy en la parroquia de Otxandio de los trabajos que se acometer\u00e1n en la torre. Las ermitas del casco urbano en 3 D y en 360 grados y los restos\u2026 <a href=\"https:\/\/t.co\/yekVFS4aTi\">pic.twitter.com\/yekVFS4aTi<\/a><\/p>\u2014 Bilboko Elizbarrutia (@DiocesisBilbao) <a href=\"https:\/\/twitter.com\/DiocesisBilbao\/status\/1803482503560274108?ref_src=twsrc%5Etfw\">June 19, 2024<\/a><\/blockquote> <script async=\"\" src=\"https:\/\/platform.twitter.com\/widgets.js\" charset=\"utf-8\"><\/script>\r\n\n<p><p><strong>Zer dala-eta Otxandioko ermitei eskainitako orrialdea?<\/strong><\/p><\/p>\n\n<p>Eleiz Museoari Otxandioko ermitei buruzko web orrialdea prestatzeko proposamena egin jakonean, ideia bikaina iruditu jakun, aukeran etorrelako gure helburuetarako. Otxandioko ermitak gure jomugan egozan, oraintxe egiten dihardugun -Bizkaiko FOru Aldundiaren dirulaguntzaz- Eleizbarrutiko Monumentuen Katalogoaren eguneratzearen barruan. Baina material espezializatu samarra da. Informazino hori jenteari helarazotea eta jenteak ondare horregaz bat egitea da gatxena.<\/p>\n\n<p><p><strong>Beraz, egitasmo hau &#8216;proba pilotutzat&#8217; hartu daiteke?<\/strong><\/p><\/p>\n\n<p>Benetan, Monumentuen Katalogoa osotzeko prozesua, geldoa da eta Otxandion bidezidorra hartzeko aukera emon jakun. Herri jakin baten eta bertako lau ermitatan arreta jarteko era zan. Adibide jakin batez esperimentatzeko aukera. Donejakue bideko ermitakaz be egin genduan proba. Baina, kasu honetan, gaia orokorragoa zan eta publiko jakin bati zuzenduta egoan.<\/p>\n\n<figure class=\"wp-block-image size-large\"><img decoding=\"async\" width=\"1024\" height=\"768\" src=\"https:\/\/bizkeliza.org\/wp-content\/uploads\/2024\/06\/Otxandio1-1024x768.jpg\" alt=\"Aurkezpena Otxandio\" class=\"wp-image-138577\" srcset=\"https:\/\/bizkeliza.org\/wp-content\/uploads\/2024\/06\/Otxandio1-980x735.jpg 980w, https:\/\/bizkeliza.org\/wp-content\/uploads\/2024\/06\/Otxandio1-480x360.jpg 480w\" sizes=\"(min-width: 0px) and (max-width: 480px) 480px, (min-width: 481px) and (max-width: 980px) 980px, (min-width: 981px) 1024px, 100vw\" \/><figcaption class=\"wp-element-caption\">Atzoko aurkezpena<\/figcaption><\/figure>\n\n<p><p><strong>Ermitak webean arukeztea, ezohiko apustua da?<\/strong><\/p><\/p>\n\n<p>Hemos habilitado un espacio con un tratamiento sencillo, pero creemos que eficaz, con una monograf\u00eda de cada una de ellas. Se puede realizar una visita general al interior del templo en 360 \u00ba, especialmente \u00fatil en el caso de la ermita de San Mart\u00edn, un templo que est\u00e1 cerrado. Pr\u00f3ximamente se ir\u00e1n incorporando planos de las ermitas en 3 D.<\/p>\n\n<p><p><strong>Zergaitik dira baliagarriak 3 dimentsinotako irudiak?<\/strong><\/p><\/p>\n\n<p>Datu honeek, azterketa topografiko eta fotogrametikoaz sendotuta, kartografia, plano oso zehatzak emoten deuskuez. Baliagarri dira, ez gure web orrialderako bakarrik, hau da, ermitak agertzera emoteko, izan be, garrantzitsuak dira ermitan egin beharreko edozein esku-hartzerako. <\/p>\n\n<p><p><strong>Georradarrez egindako azterketaren ostean, hondakinak aurkitu dira?<\/strong><\/p><\/p>\n\n<p>Laureratik zaharrena dan San Martin ermitan -hain zuzen be Otxandioko eraikinik zaharrena da- zorupea arakatu da georradarrez. Eta hondakinak aurkitu doguz. Laster jasoko ditu horreen ikerketaren ondorioak eta webean jarriko doguz.<\/p>\n\n<p><p><strong>Ondare material eta immateriala ezagutzera emoteko era&#8230;<\/strong><\/p><\/p>\n\n<p>En este sentido, es importante destacar el ajuar, el contenido del mueble pero, en el caso de estas cuatro ermitas, nos encontramos adem\u00e1s con una particularidad: <strong>todas cuentan con un cancionero propio. Algo muy especial. <\/strong>Nuestra idea es la de seguir alimentando la web con las grabaciones del audio de las canciones el d\u00eda de las celebraciones en cada templo. <\/p>\n\n<blockquote class=\"twitter-tweet\"><p lang=\"ca\" dir=\"ltr\">Otxandioko ermitetara bisitea, 360\u00ba eta 3D-an <a href=\"https:\/\/t.co\/B9E698misN\">https:\/\/t.co\/B9E698misN<\/a> a trav\u00e9s de <a href=\"https:\/\/twitter.com\/BizkaiaIrratia?ref_src=twsrc%5Etfw\">@BizkaiaIrratia<\/a><\/p>\u2014 Bilboko Elizbarrutia (@DiocesisBilbao) <a href=\"https:\/\/twitter.com\/DiocesisBilbao\/status\/1803719225623679264?ref_src=twsrc%5Etfw\">June 20, 2024<\/a><\/blockquote> <script async=\"\" src=\"https:\/\/platform.twitter.com\/widgets.js\" charset=\"utf-8\"><\/script>\r\n\n<p><\/p>\n\n<p><\/p>\n\n<p><\/p>\n\n<p><\/p>\n\n<p><\/p>\n\n<p><\/p>\n\n<p><\/p>\n\n<p><\/p>\n\n<p><\/p>\n","protected":false},"excerpt":{"rendered":"<p>Juan Manuel Gonzalez Cembell\u00ednek herrigunean dagozan lau ermitei buruzko askotariko barriak jasoten dituan web orrialdearen inguruko zehaztasunak emon ebazan.\u00a0 \ud83d\udcccOtxandion gaur eleizako torrearen konponketa lanen barri. Herriko ermiten irudiak 360 gradutara eta 3 Dimentsinotan. \ud83d\udcccPresentaci\u00f3n hoy en la parroquia de Otxandio de los trabajos que se acometer\u00e1n en la torre. Las ermitas del casco urbano [&hellip;]<\/p>\n","protected":false},"author":19,"featured_media":138566,"comment_status":"closed","ping_status":"closed","sticky":false,"template":"","format":"standard","meta":{"_acf_changed":false,"_et_pb_use_builder":"off","_et_pb_old_content":"","_et_gb_content_width":"","footnotes":""},"categories":[503,506],"tags":[],"class_list":["post-138615","post","type-post","status-publish","format-standard","has-post-thumbnail","hentry","category-kultura","category-lehenengo-orrialdea"],"acf":[],"yoast_head":"<!-- This site is optimized with the Yoast SEO Premium plugin v27.5 (Yoast SEO v27.5) - https:\/\/yoast.com\/product\/yoast-seo-premium-wordpress\/ -->\n<title>&quot;OTxandioko ermitak, bereziak dira: euren kantutegia dabe&quot;<\/title>\n<meta name=\"description\" content=\"Udalerriko ermiten monografikoa jasoten dauan web orrialdea aurkeztu zan atzo Otxandioko parrokian\" \/>\n<meta name=\"robots\" content=\"index, follow, max-snippet:-1, max-image-preview:large, max-video-preview:-1\" \/>\n<link rel=\"canonical\" href=\"https:\/\/bizkeliza.org\/eu\/noticia\/otxandioko-ermitak-bereziak-dira-euren-kantutegia-dabe\/\" \/>\n<meta property=\"og:locale\" content=\"eu_ES\" \/>\n<meta property=\"og:type\" content=\"article\" \/>\n<meta property=\"og:title\" content=\"&quot;OTxandioko ermitak, bereziak dira: euren kantutegia dabe&quot;\" \/>\n<meta property=\"og:description\" content=\"Udalerriko ermiten monografikoa jasoten dauan web orrialdea aurkeztu zan atzo Otxandioko parrokian\" \/>\n<meta property=\"og:url\" content=\"https:\/\/bizkeliza.org\/eu\/noticia\/otxandioko-ermitak-bereziak-dira-euren-kantutegia-dabe\/\" \/>\n<meta property=\"og:site_name\" content=\"Bilboko Elizbarrutia - Di\u00f3cesis de Bilbao\" \/>\n<meta property=\"article:publisher\" content=\"https:\/\/www.facebook.com\/DiocesisBilbao\/\" \/>\n<meta property=\"article:published_time\" content=\"2024-06-20T11:00:00+00:00\" \/>\n<meta property=\"article:modified_time\" content=\"2024-06-20T11:30:17+00:00\" \/>\n<meta property=\"og:image\" content=\"https:\/\/bizkeliza.org\/wp-content\/uploads\/2024\/06\/Otxandio2-scaled.jpg\" \/>\n\t<meta property=\"og:image:width\" content=\"2560\" \/>\n\t<meta property=\"og:image:height\" content=\"1920\" \/>\n\t<meta property=\"og:image:type\" content=\"image\/jpeg\" \/>\n<meta name=\"author\" content=\"dalberdi\" \/>\n<meta name=\"twitter:card\" content=\"summary_large_image\" \/>\n<meta name=\"twitter:creator\" content=\"@DiocesisBilbao\" \/>\n<meta name=\"twitter:site\" content=\"@DiocesisBilbao\" \/>\n<script type=\"application\/ld+json\" class=\"yoast-schema-graph\">{\"@context\":\"https:\\\/\\\/schema.org\",\"@graph\":[{\"@type\":\"Article\",\"@id\":\"https:\\\/\\\/bizkeliza.org\\\/eu\\\/noticia\\\/otxandioko-ermitak-bereziak-dira-euren-kantutegia-dabe\\\/#article\",\"isPartOf\":{\"@id\":\"https:\\\/\\\/bizkeliza.org\\\/eu\\\/noticia\\\/otxandioko-ermitak-bereziak-dira-euren-kantutegia-dabe\\\/\"},\"author\":{\"name\":\"dalberdi\",\"@id\":\"https:\\\/\\\/bizkeliza.org\\\/eu\\\/#\\\/schema\\\/person\\\/acc5e302cb1997bd56026a6980544228\"},\"headline\":\"&#8220;OTxandioko ermitak, bereziak dira: euren kantutegia dabe&#8221;\",\"datePublished\":\"2024-06-20T11:00:00+00:00\",\"dateModified\":\"2024-06-20T11:30:17+00:00\",\"mainEntityOfPage\":{\"@id\":\"https:\\\/\\\/bizkeliza.org\\\/eu\\\/noticia\\\/otxandioko-ermitak-bereziak-dira-euren-kantutegia-dabe\\\/\"},\"wordCount\":430,\"publisher\":{\"@id\":\"https:\\\/\\\/bizkeliza.org\\\/eu\\\/#organization\"},\"image\":{\"@id\":\"https:\\\/\\\/bizkeliza.org\\\/eu\\\/noticia\\\/otxandioko-ermitak-bereziak-dira-euren-kantutegia-dabe\\\/#primaryimage\"},\"thumbnailUrl\":\"https:\\\/\\\/bizkeliza.org\\\/wp-content\\\/uploads\\\/2024\\\/06\\\/Otxandio2-scaled.jpg\",\"articleSection\":[\"Kultura\",\"Lehenengo Orrialdea\"],\"inLanguage\":\"eu-ES\"},{\"@type\":\"WebPage\",\"@id\":\"https:\\\/\\\/bizkeliza.org\\\/eu\\\/noticia\\\/otxandioko-ermitak-bereziak-dira-euren-kantutegia-dabe\\\/\",\"url\":\"https:\\\/\\\/bizkeliza.org\\\/eu\\\/noticia\\\/otxandioko-ermitak-bereziak-dira-euren-kantutegia-dabe\\\/\",\"name\":\"\\\"OTxandioko ermitak, bereziak dira: euren kantutegia dabe\\\"\",\"isPartOf\":{\"@id\":\"https:\\\/\\\/bizkeliza.org\\\/eu\\\/#website\"},\"primaryImageOfPage\":{\"@id\":\"https:\\\/\\\/bizkeliza.org\\\/eu\\\/noticia\\\/otxandioko-ermitak-bereziak-dira-euren-kantutegia-dabe\\\/#primaryimage\"},\"image\":{\"@id\":\"https:\\\/\\\/bizkeliza.org\\\/eu\\\/noticia\\\/otxandioko-ermitak-bereziak-dira-euren-kantutegia-dabe\\\/#primaryimage\"},\"thumbnailUrl\":\"https:\\\/\\\/bizkeliza.org\\\/wp-content\\\/uploads\\\/2024\\\/06\\\/Otxandio2-scaled.jpg\",\"datePublished\":\"2024-06-20T11:00:00+00:00\",\"dateModified\":\"2024-06-20T11:30:17+00:00\",\"description\":\"Udalerriko ermiten monografikoa jasoten dauan web orrialdea aurkeztu zan atzo Otxandioko parrokian\",\"breadcrumb\":{\"@id\":\"https:\\\/\\\/bizkeliza.org\\\/eu\\\/noticia\\\/otxandioko-ermitak-bereziak-dira-euren-kantutegia-dabe\\\/#breadcrumb\"},\"inLanguage\":\"eu-ES\",\"potentialAction\":[{\"@type\":\"ReadAction\",\"target\":[\"https:\\\/\\\/bizkeliza.org\\\/eu\\\/noticia\\\/otxandioko-ermitak-bereziak-dira-euren-kantutegia-dabe\\\/\"]}]},{\"@type\":\"ImageObject\",\"inLanguage\":\"eu-ES\",\"@id\":\"https:\\\/\\\/bizkeliza.org\\\/eu\\\/noticia\\\/otxandioko-ermitak-bereziak-dira-euren-kantutegia-dabe\\\/#primaryimage\",\"url\":\"https:\\\/\\\/bizkeliza.org\\\/wp-content\\\/uploads\\\/2024\\\/06\\\/Otxandio2-scaled.jpg\",\"contentUrl\":\"https:\\\/\\\/bizkeliza.org\\\/wp-content\\\/uploads\\\/2024\\\/06\\\/Otxandio2-scaled.jpg\",\"width\":2560,\"height\":1920,\"caption\":\"La diputada general, Elixabete Etxanobe y el alcalde del municipio estuvieron en la presentaci\u00f3n\"},{\"@type\":\"BreadcrumbList\",\"@id\":\"https:\\\/\\\/bizkeliza.org\\\/eu\\\/noticia\\\/otxandioko-ermitak-bereziak-dira-euren-kantutegia-dabe\\\/#breadcrumb\",\"itemListElement\":[{\"@type\":\"ListItem\",\"position\":1,\"name\":\"Portada\",\"item\":\"https:\\\/\\\/bizkeliza.org\\\/eu\\\/\"},{\"@type\":\"ListItem\",\"position\":2,\"name\":\"&#8220;OTxandioko ermitak, bereziak dira: euren kantutegia dabe&#8221;\"}]},{\"@type\":\"WebSite\",\"@id\":\"https:\\\/\\\/bizkeliza.org\\\/eu\\\/#website\",\"url\":\"https:\\\/\\\/bizkeliza.org\\\/eu\\\/\",\"name\":\"Bilboko Elizbarrutia - Di\u00f3cesis de Bilbao\",\"description\":\"Di\u00f3cesis de Bilbao\",\"publisher\":{\"@id\":\"https:\\\/\\\/bizkeliza.org\\\/eu\\\/#organization\"},\"alternateName\":\"Di\u00f3cesis de Bilbao\",\"potentialAction\":[{\"@type\":\"SearchAction\",\"target\":{\"@type\":\"EntryPoint\",\"urlTemplate\":\"https:\\\/\\\/bizkeliza.org\\\/eu\\\/?s={search_term_string}\"},\"query-input\":{\"@type\":\"PropertyValueSpecification\",\"valueRequired\":true,\"valueName\":\"search_term_string\"}}],\"inLanguage\":\"eu-ES\"},{\"@type\":\"Organization\",\"@id\":\"https:\\\/\\\/bizkeliza.org\\\/eu\\\/#organization\",\"name\":\"Di\u00f3cesis de Bilbao\",\"alternateName\":\"Di\u00f3cesis de Bilbao\",\"url\":\"https:\\\/\\\/bizkeliza.org\\\/eu\\\/\",\"logo\":{\"@type\":\"ImageObject\",\"inLanguage\":\"eu-ES\",\"@id\":\"https:\\\/\\\/bizkeliza.org\\\/eu\\\/#\\\/schema\\\/logo\\\/image\\\/\",\"url\":\"https:\\\/\\\/bizkeliza.org\\\/wp-content\\\/uploads\\\/2022\\\/06\\\/Logo-nuevo_2024-1-scaled.jpg\",\"contentUrl\":\"https:\\\/\\\/bizkeliza.org\\\/wp-content\\\/uploads\\\/2022\\\/06\\\/Logo-nuevo_2024-1-scaled.jpg\",\"width\":2560,\"height\":1024,\"caption\":\"Di\u00f3cesis de Bilbao\"},\"image\":{\"@id\":\"https:\\\/\\\/bizkeliza.org\\\/eu\\\/#\\\/schema\\\/logo\\\/image\\\/\"},\"sameAs\":[\"https:\\\/\\\/www.facebook.com\\\/DiocesisBilbao\\\/\",\"https:\\\/\\\/x.com\\\/DiocesisBilbao\",\"https:\\\/\\\/www.instagram.com\\\/obispadobilbao\\\/\",\"https:\\\/\\\/www.youtube.com\\\/user\\\/bilbokoelizbarrutia\"],\"description\":\"Iglesia local de Bilbao perteneciente a la Iglesia Cat\u00f3lica\"},{\"@type\":\"Person\",\"@id\":\"https:\\\/\\\/bizkeliza.org\\\/eu\\\/#\\\/schema\\\/person\\\/acc5e302cb1997bd56026a6980544228\",\"name\":\"dalberdi\"}]}<\/script>\n<!-- \/ Yoast SEO Premium plugin. -->","yoast_head_json":{"title":"\"OTxandioko ermitak, bereziak dira: euren kantutegia dabe\"","description":"Udalerriko ermiten monografikoa jasoten dauan web orrialdea aurkeztu zan atzo Otxandioko parrokian","robots":{"index":"index","follow":"follow","max-snippet":"max-snippet:-1","max-image-preview":"max-image-preview:large","max-video-preview":"max-video-preview:-1"},"canonical":"https:\/\/bizkeliza.org\/eu\/noticia\/otxandioko-ermitak-bereziak-dira-euren-kantutegia-dabe\/","og_locale":"eu_ES","og_type":"article","og_title":"\"OTxandioko ermitak, bereziak dira: euren kantutegia dabe\"","og_description":"Udalerriko ermiten monografikoa jasoten dauan web orrialdea aurkeztu zan atzo Otxandioko parrokian","og_url":"https:\/\/bizkeliza.org\/eu\/noticia\/otxandioko-ermitak-bereziak-dira-euren-kantutegia-dabe\/","og_site_name":"Bilboko Elizbarrutia - Di\u00f3cesis de Bilbao","article_publisher":"https:\/\/www.facebook.com\/DiocesisBilbao\/","article_published_time":"2024-06-20T11:00:00+00:00","article_modified_time":"2024-06-20T11:30:17+00:00","og_image":[{"width":2560,"height":1920,"url":"https:\/\/bizkeliza.org\/wp-content\/uploads\/2024\/06\/Otxandio2-scaled.jpg","type":"image\/jpeg"}],"author":"dalberdi","twitter_card":"summary_large_image","twitter_creator":"@DiocesisBilbao","twitter_site":"@DiocesisBilbao","schema":{"@context":"https:\/\/schema.org","@graph":[{"@type":"Article","@id":"https:\/\/bizkeliza.org\/eu\/noticia\/otxandioko-ermitak-bereziak-dira-euren-kantutegia-dabe\/#article","isPartOf":{"@id":"https:\/\/bizkeliza.org\/eu\/noticia\/otxandioko-ermitak-bereziak-dira-euren-kantutegia-dabe\/"},"author":{"name":"dalberdi","@id":"https:\/\/bizkeliza.org\/eu\/#\/schema\/person\/acc5e302cb1997bd56026a6980544228"},"headline":"&#8220;OTxandioko ermitak, bereziak dira: euren kantutegia dabe&#8221;","datePublished":"2024-06-20T11:00:00+00:00","dateModified":"2024-06-20T11:30:17+00:00","mainEntityOfPage":{"@id":"https:\/\/bizkeliza.org\/eu\/noticia\/otxandioko-ermitak-bereziak-dira-euren-kantutegia-dabe\/"},"wordCount":430,"publisher":{"@id":"https:\/\/bizkeliza.org\/eu\/#organization"},"image":{"@id":"https:\/\/bizkeliza.org\/eu\/noticia\/otxandioko-ermitak-bereziak-dira-euren-kantutegia-dabe\/#primaryimage"},"thumbnailUrl":"https:\/\/bizkeliza.org\/wp-content\/uploads\/2024\/06\/Otxandio2-scaled.jpg","articleSection":["Kultura","Lehenengo Orrialdea"],"inLanguage":"eu-ES"},{"@type":"WebPage","@id":"https:\/\/bizkeliza.org\/eu\/noticia\/otxandioko-ermitak-bereziak-dira-euren-kantutegia-dabe\/","url":"https:\/\/bizkeliza.org\/eu\/noticia\/otxandioko-ermitak-bereziak-dira-euren-kantutegia-dabe\/","name":"\"OTxandioko ermitak, bereziak dira: euren kantutegia dabe\"","isPartOf":{"@id":"https:\/\/bizkeliza.org\/eu\/#website"},"primaryImageOfPage":{"@id":"https:\/\/bizkeliza.org\/eu\/noticia\/otxandioko-ermitak-bereziak-dira-euren-kantutegia-dabe\/#primaryimage"},"image":{"@id":"https:\/\/bizkeliza.org\/eu\/noticia\/otxandioko-ermitak-bereziak-dira-euren-kantutegia-dabe\/#primaryimage"},"thumbnailUrl":"https:\/\/bizkeliza.org\/wp-content\/uploads\/2024\/06\/Otxandio2-scaled.jpg","datePublished":"2024-06-20T11:00:00+00:00","dateModified":"2024-06-20T11:30:17+00:00","description":"Udalerriko ermiten monografikoa jasoten dauan web orrialdea aurkeztu zan atzo Otxandioko parrokian","breadcrumb":{"@id":"https:\/\/bizkeliza.org\/eu\/noticia\/otxandioko-ermitak-bereziak-dira-euren-kantutegia-dabe\/#breadcrumb"},"inLanguage":"eu-ES","potentialAction":[{"@type":"ReadAction","target":["https:\/\/bizkeliza.org\/eu\/noticia\/otxandioko-ermitak-bereziak-dira-euren-kantutegia-dabe\/"]}]},{"@type":"ImageObject","inLanguage":"eu-ES","@id":"https:\/\/bizkeliza.org\/eu\/noticia\/otxandioko-ermitak-bereziak-dira-euren-kantutegia-dabe\/#primaryimage","url":"https:\/\/bizkeliza.org\/wp-content\/uploads\/2024\/06\/Otxandio2-scaled.jpg","contentUrl":"https:\/\/bizkeliza.org\/wp-content\/uploads\/2024\/06\/Otxandio2-scaled.jpg","width":2560,"height":1920,"caption":"La diputada general, Elixabete Etxanobe y el alcalde del municipio estuvieron en la presentaci\u00f3n"},{"@type":"BreadcrumbList","@id":"https:\/\/bizkeliza.org\/eu\/noticia\/otxandioko-ermitak-bereziak-dira-euren-kantutegia-dabe\/#breadcrumb","itemListElement":[{"@type":"ListItem","position":1,"name":"Portada","item":"https:\/\/bizkeliza.org\/eu\/"},{"@type":"ListItem","position":2,"name":"&#8220;OTxandioko ermitak, bereziak dira: euren kantutegia dabe&#8221;"}]},{"@type":"WebSite","@id":"https:\/\/bizkeliza.org\/eu\/#website","url":"https:\/\/bizkeliza.org\/eu\/","name":"Bilboko Elizbarrutia - Di\u00f3cesis de Bilbao","description":"Di\u00f3cesis de Bilbao","publisher":{"@id":"https:\/\/bizkeliza.org\/eu\/#organization"},"alternateName":"Di\u00f3cesis de Bilbao","potentialAction":[{"@type":"SearchAction","target":{"@type":"EntryPoint","urlTemplate":"https:\/\/bizkeliza.org\/eu\/?s={search_term_string}"},"query-input":{"@type":"PropertyValueSpecification","valueRequired":true,"valueName":"search_term_string"}}],"inLanguage":"eu-ES"},{"@type":"Organization","@id":"https:\/\/bizkeliza.org\/eu\/#organization","name":"Di\u00f3cesis de Bilbao","alternateName":"Di\u00f3cesis de Bilbao","url":"https:\/\/bizkeliza.org\/eu\/","logo":{"@type":"ImageObject","inLanguage":"eu-ES","@id":"https:\/\/bizkeliza.org\/eu\/#\/schema\/logo\/image\/","url":"https:\/\/bizkeliza.org\/wp-content\/uploads\/2022\/06\/Logo-nuevo_2024-1-scaled.jpg","contentUrl":"https:\/\/bizkeliza.org\/wp-content\/uploads\/2022\/06\/Logo-nuevo_2024-1-scaled.jpg","width":2560,"height":1024,"caption":"Di\u00f3cesis de Bilbao"},"image":{"@id":"https:\/\/bizkeliza.org\/eu\/#\/schema\/logo\/image\/"},"sameAs":["https:\/\/www.facebook.com\/DiocesisBilbao\/","https:\/\/x.com\/DiocesisBilbao","https:\/\/www.instagram.com\/obispadobilbao\/","https:\/\/www.youtube.com\/user\/bilbokoelizbarrutia"],"description":"Iglesia local de Bilbao perteneciente a la Iglesia Cat\u00f3lica"},{"@type":"Person","@id":"https:\/\/bizkeliza.org\/eu\/#\/schema\/person\/acc5e302cb1997bd56026a6980544228","name":"dalberdi"}]}},"jetpack_featured_media_url":"https:\/\/bizkeliza.org\/wp-content\/uploads\/2024\/06\/Otxandio2-scaled.jpg","_links":{"self":[{"href":"https:\/\/bizkeliza.org\/eu\/wp-json\/wp\/v2\/posts\/138615","targetHints":{"allow":["GET"]}}],"collection":[{"href":"https:\/\/bizkeliza.org\/eu\/wp-json\/wp\/v2\/posts"}],"about":[{"href":"https:\/\/bizkeliza.org\/eu\/wp-json\/wp\/v2\/types\/post"}],"author":[{"embeddable":true,"href":"https:\/\/bizkeliza.org\/eu\/wp-json\/wp\/v2\/users\/19"}],"replies":[{"embeddable":true,"href":"https:\/\/bizkeliza.org\/eu\/wp-json\/wp\/v2\/comments?post=138615"}],"version-history":[{"count":0,"href":"https:\/\/bizkeliza.org\/eu\/wp-json\/wp\/v2\/posts\/138615\/revisions"}],"wp:featuredmedia":[{"embeddable":true,"href":"https:\/\/bizkeliza.org\/eu\/wp-json\/wp\/v2\/media\/138566"}],"wp:attachment":[{"href":"https:\/\/bizkeliza.org\/eu\/wp-json\/wp\/v2\/media?parent=138615"}],"wp:term":[{"taxonomy":"category","embeddable":true,"href":"https:\/\/bizkeliza.org\/eu\/wp-json\/wp\/v2\/categories?post=138615"},{"taxonomy":"post_tag","embeddable":true,"href":"https:\/\/bizkeliza.org\/eu\/wp-json\/wp\/v2\/tags?post=138615"}],"curies":[{"name":"wp","href":"https:\/\/api.w.org\/{rel}","templated":true}]}}