{"id":141477,"date":"2024-08-03T06:00:00","date_gmt":"2024-08-03T04:00:00","guid":{"rendered":"https:\/\/bizkeliza.org\/?p=141477"},"modified":"2024-08-02T15:16:14","modified_gmt":"2024-08-02T13:16:14","slug":"urdaibaiko-organo-kontzertuak-arratzun-eta-busturin-asteburuan","status":"publish","type":"post","link":"https:\/\/bizkeliza.org\/eu\/noticia\/urdaibaiko-organo-kontzertuak-arratzun-eta-busturin-asteburuan\/","title":{"rendered":"Urdaibaiko organo kontzertuak Arratzun eta Busturin asteburuan"},"content":{"rendered":"\n<p><p>Gaur Arratzuko Santo Tom\u00e1s eleizan egile ugariren lanak entzun ahal izango dira: <strong>Theodore Dubois (1837-1924), Emiliana de Zubeldia, Joaqu\u00edn Turina, Lef\u00e9vure W\u00e9lly, Pablo Soroz\u00e1bal, Mar\u00eda Rodrigo, Carlo Fumagalli, Franz L\u00e9har eta George Gershwin.<\/strong><\/p><\/p>\n\n<p><p><strong>Carmen Paula Romero<\/strong> sopranoak emakumezko musikagileekiko jokera handia dauka. Kontzertu ugari emon dauz Musikaren Auditorio nazionalean eta Valentziako Musika Palau deritxonean be, besteak beste.<\/p><\/p>\n\n<p><p><strong>Benantzi Bilbao Mundakarra,<\/strong> kontzertu zikloaren zuzendaria da. Alakanteko <em>Jose Tomas<\/em> kontserbatorioan musika irakasle modura aritzen da, besteak beste.<\/p><\/p>\n\n<figure class=\"wp-block-image aligncenter size-full\"><img decoding=\"async\" width=\"500\" height=\"500\" src=\"https:\/\/bizkeliza.org\/wp-content\/uploads\/2024\/08\/benantzi.jpg\" alt=\"Benantzi Bilbao organo jolea\" class=\"wp-image-141271\" srcset=\"https:\/\/bizkeliza.org\/wp-content\/uploads\/2024\/08\/benantzi.jpg 500w, https:\/\/bizkeliza.org\/wp-content\/uploads\/2024\/08\/benantzi-480x480.jpg 480w\" sizes=\"(min-width: 0px) and (max-width: 480px) 480px, (min-width: 481px) 500px, 100vw\" \/><figcaption class=\"wp-element-caption\">Benantzi Bilbao organo jolea<\/figcaption><\/figure>\n\n<h3 class=\"wp-block-heading\">Beste hitzordu bat bihar Axpen<\/h3>\n\n<p><p>Bihar, arratsaldeko 20:00retan Busturiako Axpen dagoan Andra Mari eleizan izango da hurrengo kontzertua.<\/p><\/p>\n\n<p><p>Irene Ojanguren Gernikako sopranoa Teleman hirukotearekin batera arituko da.<\/p><\/p>\n\n<figure class=\"wp-block-image aligncenter size-full\"><img decoding=\"async\" width=\"400\" height=\"400\" src=\"https:\/\/bizkeliza.org\/wp-content\/uploads\/2024\/08\/teleman-400x400-1.jpg\" alt=\"\" class=\"wp-image-141277\" srcset=\"https:\/\/bizkeliza.org\/wp-content\/uploads\/2024\/08\/teleman-400x400-1.jpg 400w, https:\/\/bizkeliza.org\/wp-content\/uploads\/2024\/08\/teleman-400x400-1-300x300.jpg 300w, https:\/\/bizkeliza.org\/wp-content\/uploads\/2024\/08\/teleman-400x400-1-150x150.jpg 150w\" sizes=\"(max-width: 400px) 100vw, 400px\" \/><figcaption class=\"wp-element-caption\">Musikariak<\/figcaption><\/figure>\n\n<p><p><strong>Irene Ojangurenek<\/strong> Bilboko Juan Crisostomo Arriaga Kontserbatorioan egin ebazan ikasketak. Kantu irakaslea da Gasteizko Udal Musika eskolan 1997tik.<\/p><\/p>\n\n<p><p><strong>Telemann Trio,<\/strong> 2020an sortutako taldea da eta goi mailako musika emonaldi ugaritan hartu dau parte, besteak beste, `Fair Saturday\u00b4 deritxonean edota Bilboko katedralean zein Nafarroako nazioarteko musika zikloan.<\/p><\/p>\n","protected":false},"excerpt":{"rendered":"<p>Gaur Arratzuko Santo Tom\u00e1s eleizan egile ugariren lanak entzun ahal izango dira: Theodore Dubois (1837-1924), Emiliana de Zubeldia, Joaqu\u00edn Turina, Lef\u00e9vure W\u00e9lly, Pablo Soroz\u00e1bal, Mar\u00eda Rodrigo, Carlo Fumagalli, Franz L\u00e9har eta George Gershwin. Carmen Paula Romero sopranoak emakumezko musikagileekiko jokera handia dauka. Kontzertu ugari emon dauz Musikaren Auditorio nazionalean eta Valentziako Musika Palau deritxonean be, [&hellip;]<\/p>\n","protected":false},"author":20,"featured_media":141275,"comment_status":"closed","ping_status":"closed","sticky":false,"template":"","format":"standard","meta":{"_acf_changed":false,"_et_pb_use_builder":"off","_et_pb_old_content":"","_et_gb_content_width":"","footnotes":""},"categories":[506],"tags":[746],"class_list":["post-141477","post","type-post","status-publish","format-standard","has-post-thumbnail","hentry","category-lehenengo-orrialdea","tag-musika"],"acf":[],"yoast_head":"<!-- This site is optimized with the Yoast SEO Premium plugin v27.5 (Yoast SEO v27.5) - https:\/\/yoast.com\/product\/yoast-seo-premium-wordpress\/ -->\n<title>Urdaibaiko organo kontzertuak Arratzun eta Busturin asteburuan<\/title>\n<meta name=\"description\" content=\"Benatzi Bilbao organo jolea eta \u201cUrdaibaiko Organoak\u201d jaialdiaren antolatzailea\" \/>\n<meta name=\"robots\" content=\"index, follow, max-snippet:-1, max-image-preview:large, max-video-preview:-1\" \/>\n<link rel=\"canonical\" href=\"https:\/\/bizkeliza.org\/eu\/noticia\/urdaibaiko-organo-kontzertuak-arratzun-eta-busturin-asteburuan\/\" \/>\n<meta property=\"og:locale\" content=\"eu_ES\" \/>\n<meta property=\"og:type\" content=\"article\" \/>\n<meta property=\"og:title\" content=\"Urdaibaiko organo kontzertuak Arratzun eta Busturin asteburuan\" \/>\n<meta property=\"og:description\" content=\"Benatzi Bilbao organo jolea eta \u201cUrdaibaiko Organoak\u201d jaialdiaren antolatzailea\" \/>\n<meta property=\"og:url\" content=\"https:\/\/bizkeliza.org\/eu\/noticia\/urdaibaiko-organo-kontzertuak-arratzun-eta-busturin-asteburuan\/\" \/>\n<meta property=\"og:site_name\" content=\"Bilboko Elizbarrutia - Di\u00f3cesis de Bilbao\" \/>\n<meta property=\"article:publisher\" content=\"https:\/\/www.facebook.com\/DiocesisBilbao\/\" \/>\n<meta property=\"article:published_time\" content=\"2024-08-03T04:00:00+00:00\" \/>\n<meta property=\"og:image\" content=\"https:\/\/bizkeliza.org\/wp-content\/uploads\/2024\/08\/romero.jpg\" \/>\n\t<meta property=\"og:image:width\" content=\"500\" \/>\n\t<meta property=\"og:image:height\" content=\"500\" \/>\n\t<meta property=\"og:image:type\" content=\"image\/jpeg\" \/>\n<meta name=\"author\" content=\"bkareaga\" \/>\n<meta name=\"twitter:card\" content=\"summary_large_image\" \/>\n<meta name=\"twitter:creator\" content=\"@DiocesisBilbao\" \/>\n<meta name=\"twitter:site\" content=\"@DiocesisBilbao\" \/>\n<script type=\"application\/ld+json\" class=\"yoast-schema-graph\">{\"@context\":\"https:\\\/\\\/schema.org\",\"@graph\":[{\"@type\":\"Article\",\"@id\":\"https:\\\/\\\/bizkeliza.org\\\/eu\\\/noticia\\\/urdaibaiko-organo-kontzertuak-arratzun-eta-busturin-asteburuan\\\/#article\",\"isPartOf\":{\"@id\":\"https:\\\/\\\/bizkeliza.org\\\/eu\\\/noticia\\\/urdaibaiko-organo-kontzertuak-arratzun-eta-busturin-asteburuan\\\/\"},\"author\":{\"name\":\"bkareaga\",\"@id\":\"https:\\\/\\\/bizkeliza.org\\\/eu\\\/#\\\/schema\\\/person\\\/1f27c53156256531056d48959c2f2008\"},\"headline\":\"Urdaibaiko organo kontzertuak Arratzun eta Busturin asteburuan\",\"datePublished\":\"2024-08-03T04:00:00+00:00\",\"mainEntityOfPage\":{\"@id\":\"https:\\\/\\\/bizkeliza.org\\\/eu\\\/noticia\\\/urdaibaiko-organo-kontzertuak-arratzun-eta-busturin-asteburuan\\\/\"},\"wordCount\":167,\"publisher\":{\"@id\":\"https:\\\/\\\/bizkeliza.org\\\/eu\\\/#organization\"},\"image\":{\"@id\":\"https:\\\/\\\/bizkeliza.org\\\/eu\\\/noticia\\\/urdaibaiko-organo-kontzertuak-arratzun-eta-busturin-asteburuan\\\/#primaryimage\"},\"thumbnailUrl\":\"https:\\\/\\\/bizkeliza.org\\\/wp-content\\\/uploads\\\/2024\\\/08\\\/romero.jpg\",\"keywords\":[\"Musika\"],\"articleSection\":[\"Lehenengo Orrialdea\"],\"inLanguage\":\"eu-ES\"},{\"@type\":\"WebPage\",\"@id\":\"https:\\\/\\\/bizkeliza.org\\\/eu\\\/noticia\\\/urdaibaiko-organo-kontzertuak-arratzun-eta-busturin-asteburuan\\\/\",\"url\":\"https:\\\/\\\/bizkeliza.org\\\/eu\\\/noticia\\\/urdaibaiko-organo-kontzertuak-arratzun-eta-busturin-asteburuan\\\/\",\"name\":\"Urdaibaiko organo kontzertuak Arratzun eta Busturin asteburuan\",\"isPartOf\":{\"@id\":\"https:\\\/\\\/bizkeliza.org\\\/eu\\\/#website\"},\"primaryImageOfPage\":{\"@id\":\"https:\\\/\\\/bizkeliza.org\\\/eu\\\/noticia\\\/urdaibaiko-organo-kontzertuak-arratzun-eta-busturin-asteburuan\\\/#primaryimage\"},\"image\":{\"@id\":\"https:\\\/\\\/bizkeliza.org\\\/eu\\\/noticia\\\/urdaibaiko-organo-kontzertuak-arratzun-eta-busturin-asteburuan\\\/#primaryimage\"},\"thumbnailUrl\":\"https:\\\/\\\/bizkeliza.org\\\/wp-content\\\/uploads\\\/2024\\\/08\\\/romero.jpg\",\"datePublished\":\"2024-08-03T04:00:00+00:00\",\"description\":\"Benatzi Bilbao organo jolea eta \u201cUrdaibaiko Organoak\u201d jaialdiaren antolatzailea\",\"breadcrumb\":{\"@id\":\"https:\\\/\\\/bizkeliza.org\\\/eu\\\/noticia\\\/urdaibaiko-organo-kontzertuak-arratzun-eta-busturin-asteburuan\\\/#breadcrumb\"},\"inLanguage\":\"eu-ES\",\"potentialAction\":[{\"@type\":\"ReadAction\",\"target\":[\"https:\\\/\\\/bizkeliza.org\\\/eu\\\/noticia\\\/urdaibaiko-organo-kontzertuak-arratzun-eta-busturin-asteburuan\\\/\"]}]},{\"@type\":\"ImageObject\",\"inLanguage\":\"eu-ES\",\"@id\":\"https:\\\/\\\/bizkeliza.org\\\/eu\\\/noticia\\\/urdaibaiko-organo-kontzertuak-arratzun-eta-busturin-asteburuan\\\/#primaryimage\",\"url\":\"https:\\\/\\\/bizkeliza.org\\\/wp-content\\\/uploads\\\/2024\\\/08\\\/romero.jpg\",\"contentUrl\":\"https:\\\/\\\/bizkeliza.org\\\/wp-content\\\/uploads\\\/2024\\\/08\\\/romero.jpg\",\"width\":500,\"height\":500,\"caption\":\"La soprano Carmen Paula Romero\"},{\"@type\":\"BreadcrumbList\",\"@id\":\"https:\\\/\\\/bizkeliza.org\\\/eu\\\/noticia\\\/urdaibaiko-organo-kontzertuak-arratzun-eta-busturin-asteburuan\\\/#breadcrumb\",\"itemListElement\":[{\"@type\":\"ListItem\",\"position\":1,\"name\":\"Portada\",\"item\":\"https:\\\/\\\/bizkeliza.org\\\/eu\\\/\"},{\"@type\":\"ListItem\",\"position\":2,\"name\":\"Urdaibaiko organo kontzertuak Arratzun eta Busturin asteburuan\"}]},{\"@type\":\"WebSite\",\"@id\":\"https:\\\/\\\/bizkeliza.org\\\/eu\\\/#website\",\"url\":\"https:\\\/\\\/bizkeliza.org\\\/eu\\\/\",\"name\":\"Bilboko Elizbarrutia - Di\u00f3cesis de Bilbao\",\"description\":\"Di\u00f3cesis de Bilbao\",\"publisher\":{\"@id\":\"https:\\\/\\\/bizkeliza.org\\\/eu\\\/#organization\"},\"alternateName\":\"Di\u00f3cesis de Bilbao\",\"potentialAction\":[{\"@type\":\"SearchAction\",\"target\":{\"@type\":\"EntryPoint\",\"urlTemplate\":\"https:\\\/\\\/bizkeliza.org\\\/eu\\\/?s={search_term_string}\"},\"query-input\":{\"@type\":\"PropertyValueSpecification\",\"valueRequired\":true,\"valueName\":\"search_term_string\"}}],\"inLanguage\":\"eu-ES\"},{\"@type\":\"Organization\",\"@id\":\"https:\\\/\\\/bizkeliza.org\\\/eu\\\/#organization\",\"name\":\"Di\u00f3cesis de Bilbao\",\"alternateName\":\"Di\u00f3cesis de Bilbao\",\"url\":\"https:\\\/\\\/bizkeliza.org\\\/eu\\\/\",\"logo\":{\"@type\":\"ImageObject\",\"inLanguage\":\"eu-ES\",\"@id\":\"https:\\\/\\\/bizkeliza.org\\\/eu\\\/#\\\/schema\\\/logo\\\/image\\\/\",\"url\":\"https:\\\/\\\/bizkeliza.org\\\/wp-content\\\/uploads\\\/2022\\\/06\\\/Logo-nuevo_2024-1-scaled.jpg\",\"contentUrl\":\"https:\\\/\\\/bizkeliza.org\\\/wp-content\\\/uploads\\\/2022\\\/06\\\/Logo-nuevo_2024-1-scaled.jpg\",\"width\":2560,\"height\":1024,\"caption\":\"Di\u00f3cesis de Bilbao\"},\"image\":{\"@id\":\"https:\\\/\\\/bizkeliza.org\\\/eu\\\/#\\\/schema\\\/logo\\\/image\\\/\"},\"sameAs\":[\"https:\\\/\\\/www.facebook.com\\\/DiocesisBilbao\\\/\",\"https:\\\/\\\/x.com\\\/DiocesisBilbao\",\"https:\\\/\\\/www.instagram.com\\\/obispadobilbao\\\/\",\"https:\\\/\\\/www.youtube.com\\\/user\\\/bilbokoelizbarrutia\"],\"description\":\"Iglesia local de Bilbao perteneciente a la Iglesia Cat\u00f3lica\"},{\"@type\":\"Person\",\"@id\":\"https:\\\/\\\/bizkeliza.org\\\/eu\\\/#\\\/schema\\\/person\\\/1f27c53156256531056d48959c2f2008\",\"name\":\"bkareaga\"}]}<\/script>\n<!-- \/ Yoast SEO Premium plugin. -->","yoast_head_json":{"title":"Urdaibaiko organo kontzertuak Arratzun eta Busturin asteburuan","description":"Benatzi Bilbao organo jolea eta \u201cUrdaibaiko Organoak\u201d jaialdiaren antolatzailea","robots":{"index":"index","follow":"follow","max-snippet":"max-snippet:-1","max-image-preview":"max-image-preview:large","max-video-preview":"max-video-preview:-1"},"canonical":"https:\/\/bizkeliza.org\/eu\/noticia\/urdaibaiko-organo-kontzertuak-arratzun-eta-busturin-asteburuan\/","og_locale":"eu_ES","og_type":"article","og_title":"Urdaibaiko organo kontzertuak Arratzun eta Busturin asteburuan","og_description":"Benatzi Bilbao organo jolea eta \u201cUrdaibaiko Organoak\u201d jaialdiaren antolatzailea","og_url":"https:\/\/bizkeliza.org\/eu\/noticia\/urdaibaiko-organo-kontzertuak-arratzun-eta-busturin-asteburuan\/","og_site_name":"Bilboko Elizbarrutia - Di\u00f3cesis de Bilbao","article_publisher":"https:\/\/www.facebook.com\/DiocesisBilbao\/","article_published_time":"2024-08-03T04:00:00+00:00","og_image":[{"width":500,"height":500,"url":"https:\/\/bizkeliza.org\/wp-content\/uploads\/2024\/08\/romero.jpg","type":"image\/jpeg"}],"author":"bkareaga","twitter_card":"summary_large_image","twitter_creator":"@DiocesisBilbao","twitter_site":"@DiocesisBilbao","schema":{"@context":"https:\/\/schema.org","@graph":[{"@type":"Article","@id":"https:\/\/bizkeliza.org\/eu\/noticia\/urdaibaiko-organo-kontzertuak-arratzun-eta-busturin-asteburuan\/#article","isPartOf":{"@id":"https:\/\/bizkeliza.org\/eu\/noticia\/urdaibaiko-organo-kontzertuak-arratzun-eta-busturin-asteburuan\/"},"author":{"name":"bkareaga","@id":"https:\/\/bizkeliza.org\/eu\/#\/schema\/person\/1f27c53156256531056d48959c2f2008"},"headline":"Urdaibaiko organo kontzertuak Arratzun eta Busturin asteburuan","datePublished":"2024-08-03T04:00:00+00:00","mainEntityOfPage":{"@id":"https:\/\/bizkeliza.org\/eu\/noticia\/urdaibaiko-organo-kontzertuak-arratzun-eta-busturin-asteburuan\/"},"wordCount":167,"publisher":{"@id":"https:\/\/bizkeliza.org\/eu\/#organization"},"image":{"@id":"https:\/\/bizkeliza.org\/eu\/noticia\/urdaibaiko-organo-kontzertuak-arratzun-eta-busturin-asteburuan\/#primaryimage"},"thumbnailUrl":"https:\/\/bizkeliza.org\/wp-content\/uploads\/2024\/08\/romero.jpg","keywords":["Musika"],"articleSection":["Lehenengo Orrialdea"],"inLanguage":"eu-ES"},{"@type":"WebPage","@id":"https:\/\/bizkeliza.org\/eu\/noticia\/urdaibaiko-organo-kontzertuak-arratzun-eta-busturin-asteburuan\/","url":"https:\/\/bizkeliza.org\/eu\/noticia\/urdaibaiko-organo-kontzertuak-arratzun-eta-busturin-asteburuan\/","name":"Urdaibaiko organo kontzertuak Arratzun eta Busturin asteburuan","isPartOf":{"@id":"https:\/\/bizkeliza.org\/eu\/#website"},"primaryImageOfPage":{"@id":"https:\/\/bizkeliza.org\/eu\/noticia\/urdaibaiko-organo-kontzertuak-arratzun-eta-busturin-asteburuan\/#primaryimage"},"image":{"@id":"https:\/\/bizkeliza.org\/eu\/noticia\/urdaibaiko-organo-kontzertuak-arratzun-eta-busturin-asteburuan\/#primaryimage"},"thumbnailUrl":"https:\/\/bizkeliza.org\/wp-content\/uploads\/2024\/08\/romero.jpg","datePublished":"2024-08-03T04:00:00+00:00","description":"Benatzi Bilbao organo jolea eta \u201cUrdaibaiko Organoak\u201d jaialdiaren antolatzailea","breadcrumb":{"@id":"https:\/\/bizkeliza.org\/eu\/noticia\/urdaibaiko-organo-kontzertuak-arratzun-eta-busturin-asteburuan\/#breadcrumb"},"inLanguage":"eu-ES","potentialAction":[{"@type":"ReadAction","target":["https:\/\/bizkeliza.org\/eu\/noticia\/urdaibaiko-organo-kontzertuak-arratzun-eta-busturin-asteburuan\/"]}]},{"@type":"ImageObject","inLanguage":"eu-ES","@id":"https:\/\/bizkeliza.org\/eu\/noticia\/urdaibaiko-organo-kontzertuak-arratzun-eta-busturin-asteburuan\/#primaryimage","url":"https:\/\/bizkeliza.org\/wp-content\/uploads\/2024\/08\/romero.jpg","contentUrl":"https:\/\/bizkeliza.org\/wp-content\/uploads\/2024\/08\/romero.jpg","width":500,"height":500,"caption":"La soprano Carmen Paula Romero"},{"@type":"BreadcrumbList","@id":"https:\/\/bizkeliza.org\/eu\/noticia\/urdaibaiko-organo-kontzertuak-arratzun-eta-busturin-asteburuan\/#breadcrumb","itemListElement":[{"@type":"ListItem","position":1,"name":"Portada","item":"https:\/\/bizkeliza.org\/eu\/"},{"@type":"ListItem","position":2,"name":"Urdaibaiko organo kontzertuak Arratzun eta Busturin asteburuan"}]},{"@type":"WebSite","@id":"https:\/\/bizkeliza.org\/eu\/#website","url":"https:\/\/bizkeliza.org\/eu\/","name":"Bilboko Elizbarrutia - Di\u00f3cesis de Bilbao","description":"Di\u00f3cesis de Bilbao","publisher":{"@id":"https:\/\/bizkeliza.org\/eu\/#organization"},"alternateName":"Di\u00f3cesis de Bilbao","potentialAction":[{"@type":"SearchAction","target":{"@type":"EntryPoint","urlTemplate":"https:\/\/bizkeliza.org\/eu\/?s={search_term_string}"},"query-input":{"@type":"PropertyValueSpecification","valueRequired":true,"valueName":"search_term_string"}}],"inLanguage":"eu-ES"},{"@type":"Organization","@id":"https:\/\/bizkeliza.org\/eu\/#organization","name":"Di\u00f3cesis de Bilbao","alternateName":"Di\u00f3cesis de Bilbao","url":"https:\/\/bizkeliza.org\/eu\/","logo":{"@type":"ImageObject","inLanguage":"eu-ES","@id":"https:\/\/bizkeliza.org\/eu\/#\/schema\/logo\/image\/","url":"https:\/\/bizkeliza.org\/wp-content\/uploads\/2022\/06\/Logo-nuevo_2024-1-scaled.jpg","contentUrl":"https:\/\/bizkeliza.org\/wp-content\/uploads\/2022\/06\/Logo-nuevo_2024-1-scaled.jpg","width":2560,"height":1024,"caption":"Di\u00f3cesis de Bilbao"},"image":{"@id":"https:\/\/bizkeliza.org\/eu\/#\/schema\/logo\/image\/"},"sameAs":["https:\/\/www.facebook.com\/DiocesisBilbao\/","https:\/\/x.com\/DiocesisBilbao","https:\/\/www.instagram.com\/obispadobilbao\/","https:\/\/www.youtube.com\/user\/bilbokoelizbarrutia"],"description":"Iglesia local de Bilbao perteneciente a la Iglesia Cat\u00f3lica"},{"@type":"Person","@id":"https:\/\/bizkeliza.org\/eu\/#\/schema\/person\/1f27c53156256531056d48959c2f2008","name":"bkareaga"}]}},"jetpack_featured_media_url":"https:\/\/bizkeliza.org\/wp-content\/uploads\/2024\/08\/romero.jpg","_links":{"self":[{"href":"https:\/\/bizkeliza.org\/eu\/wp-json\/wp\/v2\/posts\/141477","targetHints":{"allow":["GET"]}}],"collection":[{"href":"https:\/\/bizkeliza.org\/eu\/wp-json\/wp\/v2\/posts"}],"about":[{"href":"https:\/\/bizkeliza.org\/eu\/wp-json\/wp\/v2\/types\/post"}],"author":[{"embeddable":true,"href":"https:\/\/bizkeliza.org\/eu\/wp-json\/wp\/v2\/users\/20"}],"replies":[{"embeddable":true,"href":"https:\/\/bizkeliza.org\/eu\/wp-json\/wp\/v2\/comments?post=141477"}],"version-history":[{"count":0,"href":"https:\/\/bizkeliza.org\/eu\/wp-json\/wp\/v2\/posts\/141477\/revisions"}],"wp:featuredmedia":[{"embeddable":true,"href":"https:\/\/bizkeliza.org\/eu\/wp-json\/wp\/v2\/media\/141275"}],"wp:attachment":[{"href":"https:\/\/bizkeliza.org\/eu\/wp-json\/wp\/v2\/media?parent=141477"}],"wp:term":[{"taxonomy":"category","embeddable":true,"href":"https:\/\/bizkeliza.org\/eu\/wp-json\/wp\/v2\/categories?post=141477"},{"taxonomy":"post_tag","embeddable":true,"href":"https:\/\/bizkeliza.org\/eu\/wp-json\/wp\/v2\/tags?post=141477"}],"curies":[{"name":"wp","href":"https:\/\/api.w.org\/{rel}","templated":true}]}}