{"id":142279,"date":"2024-08-21T12:00:00","date_gmt":"2024-08-21T10:00:00","guid":{"rendered":"https:\/\/bizkeliza.org\/noticia\/beste-omenaldi-bat-zirkuko-abadeari\/"},"modified":"2024-09-06T11:45:18","modified_gmt":"2024-09-06T09:45:18","slug":"beste-omenaldi-bat-zirkuko-abadeari","status":"publish","type":"post","link":"https:\/\/bizkeliza.org\/eu\/noticia\/beste-omenaldi-bat-zirkuko-abadeari\/","title":{"rendered":"Beste omenaldi bat &#8220;zirkuko abadeari&#8217;"},"content":{"rendered":"\n<p><p>Ezagutu ebenen <a href=\"https:\/\/www.cope.es\/emisoras\/pais-vasco\/vizcaya\/bilbao\/noticias\/roban-placa-homenaje-cura-del-circo-bilbao-que-caso-barbara-rey-angel-cristo-20240123_3106570\">esanetan, <\/a>&#8216;Mendi&#8217; abade jator eta alaia zan. Bere bizitzan, hainbat sari jaso eban, besteak beste, Tonetti saria (nazinoartekoa, nazionala eta Euskal Herrikoa, 1995ean). Arriaga antzokiko ohorezko bazkide eta Tonettiren Adiskideak Alkarteko presidente be izan zan.\u00a0<\/p><\/p>\n\n<p>Atzo, Aste Nagusi bete-betean, Moskotarrak konpartsak plaka jarri eban bere omenez Hurtado Amezaga kaleko 46. atarian (Quinta parroquia deitutakoaren parean).<\/p>\n\n<p><p>Plaka barria ez da letoi galdatuzkoa, lehengoa lez,\u00a0<em>&#8220;lapurrentzat hain erakargarria izan ez daiten&#8221;, <\/em>konpartsatik azaldu dabenez. Hori bai, idazkia, bera da:\u00a0`<strong><em>En esta casa naci\u00f3 y muri\u00f3 el cura del circo y los feriantes (23-04-1933\/ 19-02-2007). Miguel Mar\u00eda Mendizabal Ruiz. Bilba\u00edno de pro que nos hizo felices con su alegr\u00eda y su humanidad. Beti gure bihotzetan\u00b4<\/em><\/strong><\/p><\/p>\n\n<figure class=\"wp-block-image size-large\"><img decoding=\"async\" width=\"1024\" height=\"711\" src=\"https:\/\/bizkeliza.org\/wp-content\/uploads\/2024\/08\/cura-del-circo-foto-colocacion-placa-1-1024x711.jpg\" alt=\"Mendiren plaka jarten\" class=\"wp-image-142269\" srcset=\"https:\/\/bizkeliza.org\/wp-content\/uploads\/2024\/08\/cura-del-circo-foto-colocacion-placa-1-980x681.jpg 980w, https:\/\/bizkeliza.org\/wp-content\/uploads\/2024\/08\/cura-del-circo-foto-colocacion-placa-1-480x333.jpg 480w\" sizes=\"(min-width: 0px) and (max-width: 480px) 480px, (min-width: 481px) and (max-width: 980px) 980px, (min-width: 981px) 1024px, 100vw\" \/><figcaption class=\"wp-element-caption\">2007an lehenengo plaka jarten<\/figcaption><\/figure>\n\n<h3 class=\"wp-block-heading\">Pastoraltza<\/h3>\n\n<p><p><a href=\"https:\/\/aunamendi.eusko-ikaskuntza.eus\/eu\/mendizabal-ruiz-miguel-maria\/ar-94817\/\">Au\u00f1amendi entziklopedian<\/a> jasoten danez, hainbat kargu izan eban pastoral zerbitzuan. <em>&#8220;Ekintza Katolikoko Gazteen saileko presidente izan zan Santiago Apostolua ikastetxean (1951-1952; abade lagunkide (1961) eta parroko (1962-1969) Urioste-Ortuellako San Bernabe parrokian; Uri-Oste Alkarteko kontsiliario (1961-1969); Zirku, Azoka eta Ikuskizun Ibiltarietarako Espainiako GotzainenBatzarreko Migrazinoetarako Gotzain Batzordeko Apostolutzarako Zuzendari Nazionala (1967-1993); Bilboko Suhiltzaile-gorputzeko (1970-), Artzain-txakurren Lehiaketetako (1973-), Gastronomia-kofradietako (1993-)\u00a0 eta Zirku, Azoka eta Ikuskizun ibiltariko kapilau izan zan&#8221;.<\/em><\/p><\/p>\n\n<p><\/p>\n","protected":false},"excerpt":{"rendered":"<p>Ezagutu ebenen esanetan, &#8216;Mendi&#8217; abade jator eta alaia zan. Bere bizitzan, hainbat sari jaso eban, besteak beste, Tonetti saria (nazinoartekoa, nazionala eta Euskal Herrikoa, 1995ean). Arriaga antzokiko ohorezko bazkide eta Tonettiren Adiskideak Alkarteko presidente be izan zan.\u00a0 Atzo, Aste Nagusi bete-betean, Moskotarrak konpartsak plaka jarri eban bere omenez Hurtado Amezaga kaleko 46. atarian (Quinta parroquia [&hellip;]<\/p>\n","protected":false},"author":19,"featured_media":142264,"comment_status":"closed","ping_status":"closed","sticky":false,"template":"","format":"standard","meta":{"_acf_changed":false,"_et_pb_use_builder":"off","_et_pb_old_content":"","_et_gb_content_width":"","footnotes":""},"categories":[506],"tags":[],"class_list":["post-142279","post","type-post","status-publish","format-standard","has-post-thumbnail","hentry","category-lehenengo-orrialdea"],"acf":[],"yoast_head":"<!-- This site is optimized with the Yoast SEO Premium plugin v27.5 (Yoast SEO v27.5) - https:\/\/yoast.com\/product\/yoast-seo-premium-wordpress\/ -->\n<title>Beste omenaldi bat &quot;zirkuko abadeari&#039;<\/title>\n<meta name=\"description\" content=\"Atzo plaka barria jarri eben Miguel Maria Mendizabal zirkuko abadearen izena eroian lehenengo plaka egoan leku berean\" \/>\n<meta name=\"robots\" content=\"index, follow, max-snippet:-1, max-image-preview:large, max-video-preview:-1\" \/>\n<link rel=\"canonical\" href=\"https:\/\/bizkeliza.org\/eu\/noticia\/beste-omenaldi-bat-zirkuko-abadeari\/\" \/>\n<meta property=\"og:locale\" content=\"eu_ES\" \/>\n<meta property=\"og:type\" content=\"article\" \/>\n<meta property=\"og:title\" content=\"Beste omenaldi bat &quot;zirkuko abadeari&#039;\" \/>\n<meta property=\"og:description\" content=\"Atzo plaka barria jarri eben Miguel Maria Mendizabal zirkuko abadearen izena eroian lehenengo plaka egoan leku berean\" \/>\n<meta property=\"og:url\" content=\"https:\/\/bizkeliza.org\/eu\/noticia\/beste-omenaldi-bat-zirkuko-abadeari\/\" \/>\n<meta property=\"og:site_name\" content=\"Bilboko Elizbarrutia - Di\u00f3cesis de Bilbao\" \/>\n<meta property=\"article:publisher\" content=\"https:\/\/www.facebook.com\/DiocesisBilbao\/\" \/>\n<meta property=\"article:published_time\" content=\"2024-08-21T10:00:00+00:00\" \/>\n<meta property=\"article:modified_time\" content=\"2024-09-06T09:45:18+00:00\" \/>\n<meta property=\"og:image\" content=\"https:\/\/bizkeliza.org\/wp-content\/uploads\/2024\/08\/curadelcirco-366x256-1.jpg\" \/>\n\t<meta property=\"og:image:width\" content=\"366\" \/>\n\t<meta property=\"og:image:height\" content=\"244\" \/>\n\t<meta property=\"og:image:type\" content=\"image\/jpeg\" \/>\n<meta name=\"author\" content=\"dalberdi\" \/>\n<meta name=\"twitter:card\" content=\"summary_large_image\" \/>\n<meta name=\"twitter:creator\" content=\"@DiocesisBilbao\" \/>\n<meta name=\"twitter:site\" content=\"@DiocesisBilbao\" \/>\n<script type=\"application\/ld+json\" class=\"yoast-schema-graph\">{\"@context\":\"https:\\\/\\\/schema.org\",\"@graph\":[{\"@type\":\"Article\",\"@id\":\"https:\\\/\\\/bizkeliza.org\\\/eu\\\/noticia\\\/beste-omenaldi-bat-zirkuko-abadeari\\\/#article\",\"isPartOf\":{\"@id\":\"https:\\\/\\\/bizkeliza.org\\\/eu\\\/noticia\\\/beste-omenaldi-bat-zirkuko-abadeari\\\/\"},\"author\":{\"name\":\"dalberdi\",\"@id\":\"https:\\\/\\\/bizkeliza.org\\\/eu\\\/#\\\/schema\\\/person\\\/acc5e302cb1997bd56026a6980544228\"},\"headline\":\"Beste omenaldi bat &#8220;zirkuko abadeari&#8217;\",\"datePublished\":\"2024-08-21T10:00:00+00:00\",\"dateModified\":\"2024-09-06T09:45:18+00:00\",\"mainEntityOfPage\":{\"@id\":\"https:\\\/\\\/bizkeliza.org\\\/eu\\\/noticia\\\/beste-omenaldi-bat-zirkuko-abadeari\\\/\"},\"wordCount\":194,\"publisher\":{\"@id\":\"https:\\\/\\\/bizkeliza.org\\\/eu\\\/#organization\"},\"image\":{\"@id\":\"https:\\\/\\\/bizkeliza.org\\\/eu\\\/noticia\\\/beste-omenaldi-bat-zirkuko-abadeari\\\/#primaryimage\"},\"thumbnailUrl\":\"https:\\\/\\\/bizkeliza.org\\\/wp-content\\\/uploads\\\/2024\\\/08\\\/curadelcirco-366x256-1.jpg\",\"articleSection\":[\"Lehenengo Orrialdea\"],\"inLanguage\":\"eu-ES\"},{\"@type\":\"WebPage\",\"@id\":\"https:\\\/\\\/bizkeliza.org\\\/eu\\\/noticia\\\/beste-omenaldi-bat-zirkuko-abadeari\\\/\",\"url\":\"https:\\\/\\\/bizkeliza.org\\\/eu\\\/noticia\\\/beste-omenaldi-bat-zirkuko-abadeari\\\/\",\"name\":\"Beste omenaldi bat \\\"zirkuko abadeari'\",\"isPartOf\":{\"@id\":\"https:\\\/\\\/bizkeliza.org\\\/eu\\\/#website\"},\"primaryImageOfPage\":{\"@id\":\"https:\\\/\\\/bizkeliza.org\\\/eu\\\/noticia\\\/beste-omenaldi-bat-zirkuko-abadeari\\\/#primaryimage\"},\"image\":{\"@id\":\"https:\\\/\\\/bizkeliza.org\\\/eu\\\/noticia\\\/beste-omenaldi-bat-zirkuko-abadeari\\\/#primaryimage\"},\"thumbnailUrl\":\"https:\\\/\\\/bizkeliza.org\\\/wp-content\\\/uploads\\\/2024\\\/08\\\/curadelcirco-366x256-1.jpg\",\"datePublished\":\"2024-08-21T10:00:00+00:00\",\"dateModified\":\"2024-09-06T09:45:18+00:00\",\"description\":\"Atzo plaka barria jarri eben Miguel Maria Mendizabal zirkuko abadearen izena eroian lehenengo plaka egoan leku berean\",\"breadcrumb\":{\"@id\":\"https:\\\/\\\/bizkeliza.org\\\/eu\\\/noticia\\\/beste-omenaldi-bat-zirkuko-abadeari\\\/#breadcrumb\"},\"inLanguage\":\"eu-ES\",\"potentialAction\":[{\"@type\":\"ReadAction\",\"target\":[\"https:\\\/\\\/bizkeliza.org\\\/eu\\\/noticia\\\/beste-omenaldi-bat-zirkuko-abadeari\\\/\"]}]},{\"@type\":\"ImageObject\",\"inLanguage\":\"eu-ES\",\"@id\":\"https:\\\/\\\/bizkeliza.org\\\/eu\\\/noticia\\\/beste-omenaldi-bat-zirkuko-abadeari\\\/#primaryimage\",\"url\":\"https:\\\/\\\/bizkeliza.org\\\/wp-content\\\/uploads\\\/2024\\\/08\\\/curadelcirco-366x256-1.jpg\",\"contentUrl\":\"https:\\\/\\\/bizkeliza.org\\\/wp-content\\\/uploads\\\/2024\\\/08\\\/curadelcirco-366x256-1.jpg\",\"width\":366,\"height\":244,\"caption\":\"Ayer colocaron otra placa con la misma inscripci\u00f3n que la original, pero en otro material\"},{\"@type\":\"BreadcrumbList\",\"@id\":\"https:\\\/\\\/bizkeliza.org\\\/eu\\\/noticia\\\/beste-omenaldi-bat-zirkuko-abadeari\\\/#breadcrumb\",\"itemListElement\":[{\"@type\":\"ListItem\",\"position\":1,\"name\":\"Portada\",\"item\":\"https:\\\/\\\/bizkeliza.org\\\/eu\\\/\"},{\"@type\":\"ListItem\",\"position\":2,\"name\":\"Beste omenaldi bat \u00abzirkuko abadeari&#8217;\"}]},{\"@type\":\"WebSite\",\"@id\":\"https:\\\/\\\/bizkeliza.org\\\/eu\\\/#website\",\"url\":\"https:\\\/\\\/bizkeliza.org\\\/eu\\\/\",\"name\":\"Bilboko Elizbarrutia - Di\u00f3cesis de Bilbao\",\"description\":\"Di\u00f3cesis de Bilbao\",\"publisher\":{\"@id\":\"https:\\\/\\\/bizkeliza.org\\\/eu\\\/#organization\"},\"alternateName\":\"Di\u00f3cesis de Bilbao\",\"potentialAction\":[{\"@type\":\"SearchAction\",\"target\":{\"@type\":\"EntryPoint\",\"urlTemplate\":\"https:\\\/\\\/bizkeliza.org\\\/eu\\\/?s={search_term_string}\"},\"query-input\":{\"@type\":\"PropertyValueSpecification\",\"valueRequired\":true,\"valueName\":\"search_term_string\"}}],\"inLanguage\":\"eu-ES\"},{\"@type\":\"Organization\",\"@id\":\"https:\\\/\\\/bizkeliza.org\\\/eu\\\/#organization\",\"name\":\"Di\u00f3cesis de Bilbao\",\"alternateName\":\"Di\u00f3cesis de Bilbao\",\"url\":\"https:\\\/\\\/bizkeliza.org\\\/eu\\\/\",\"logo\":{\"@type\":\"ImageObject\",\"inLanguage\":\"eu-ES\",\"@id\":\"https:\\\/\\\/bizkeliza.org\\\/eu\\\/#\\\/schema\\\/logo\\\/image\\\/\",\"url\":\"https:\\\/\\\/bizkeliza.org\\\/wp-content\\\/uploads\\\/2022\\\/06\\\/Logo-nuevo_2024-1-scaled.jpg\",\"contentUrl\":\"https:\\\/\\\/bizkeliza.org\\\/wp-content\\\/uploads\\\/2022\\\/06\\\/Logo-nuevo_2024-1-scaled.jpg\",\"width\":2560,\"height\":1024,\"caption\":\"Di\u00f3cesis de Bilbao\"},\"image\":{\"@id\":\"https:\\\/\\\/bizkeliza.org\\\/eu\\\/#\\\/schema\\\/logo\\\/image\\\/\"},\"sameAs\":[\"https:\\\/\\\/www.facebook.com\\\/DiocesisBilbao\\\/\",\"https:\\\/\\\/x.com\\\/DiocesisBilbao\",\"https:\\\/\\\/www.instagram.com\\\/obispadobilbao\\\/\",\"https:\\\/\\\/www.youtube.com\\\/user\\\/bilbokoelizbarrutia\"],\"description\":\"Iglesia local de Bilbao perteneciente a la Iglesia Cat\u00f3lica\"},{\"@type\":\"Person\",\"@id\":\"https:\\\/\\\/bizkeliza.org\\\/eu\\\/#\\\/schema\\\/person\\\/acc5e302cb1997bd56026a6980544228\",\"name\":\"dalberdi\"}]}<\/script>\n<!-- \/ Yoast SEO Premium plugin. -->","yoast_head_json":{"title":"Beste omenaldi bat \"zirkuko abadeari'","description":"Atzo plaka barria jarri eben Miguel Maria Mendizabal zirkuko abadearen izena eroian lehenengo plaka egoan leku berean","robots":{"index":"index","follow":"follow","max-snippet":"max-snippet:-1","max-image-preview":"max-image-preview:large","max-video-preview":"max-video-preview:-1"},"canonical":"https:\/\/bizkeliza.org\/eu\/noticia\/beste-omenaldi-bat-zirkuko-abadeari\/","og_locale":"eu_ES","og_type":"article","og_title":"Beste omenaldi bat \"zirkuko abadeari'","og_description":"Atzo plaka barria jarri eben Miguel Maria Mendizabal zirkuko abadearen izena eroian lehenengo plaka egoan leku berean","og_url":"https:\/\/bizkeliza.org\/eu\/noticia\/beste-omenaldi-bat-zirkuko-abadeari\/","og_site_name":"Bilboko Elizbarrutia - Di\u00f3cesis de Bilbao","article_publisher":"https:\/\/www.facebook.com\/DiocesisBilbao\/","article_published_time":"2024-08-21T10:00:00+00:00","article_modified_time":"2024-09-06T09:45:18+00:00","og_image":[{"width":366,"height":244,"url":"https:\/\/bizkeliza.org\/wp-content\/uploads\/2024\/08\/curadelcirco-366x256-1.jpg","type":"image\/jpeg"}],"author":"dalberdi","twitter_card":"summary_large_image","twitter_creator":"@DiocesisBilbao","twitter_site":"@DiocesisBilbao","schema":{"@context":"https:\/\/schema.org","@graph":[{"@type":"Article","@id":"https:\/\/bizkeliza.org\/eu\/noticia\/beste-omenaldi-bat-zirkuko-abadeari\/#article","isPartOf":{"@id":"https:\/\/bizkeliza.org\/eu\/noticia\/beste-omenaldi-bat-zirkuko-abadeari\/"},"author":{"name":"dalberdi","@id":"https:\/\/bizkeliza.org\/eu\/#\/schema\/person\/acc5e302cb1997bd56026a6980544228"},"headline":"Beste omenaldi bat &#8220;zirkuko abadeari&#8217;","datePublished":"2024-08-21T10:00:00+00:00","dateModified":"2024-09-06T09:45:18+00:00","mainEntityOfPage":{"@id":"https:\/\/bizkeliza.org\/eu\/noticia\/beste-omenaldi-bat-zirkuko-abadeari\/"},"wordCount":194,"publisher":{"@id":"https:\/\/bizkeliza.org\/eu\/#organization"},"image":{"@id":"https:\/\/bizkeliza.org\/eu\/noticia\/beste-omenaldi-bat-zirkuko-abadeari\/#primaryimage"},"thumbnailUrl":"https:\/\/bizkeliza.org\/wp-content\/uploads\/2024\/08\/curadelcirco-366x256-1.jpg","articleSection":["Lehenengo Orrialdea"],"inLanguage":"eu-ES"},{"@type":"WebPage","@id":"https:\/\/bizkeliza.org\/eu\/noticia\/beste-omenaldi-bat-zirkuko-abadeari\/","url":"https:\/\/bizkeliza.org\/eu\/noticia\/beste-omenaldi-bat-zirkuko-abadeari\/","name":"Beste omenaldi bat \"zirkuko abadeari'","isPartOf":{"@id":"https:\/\/bizkeliza.org\/eu\/#website"},"primaryImageOfPage":{"@id":"https:\/\/bizkeliza.org\/eu\/noticia\/beste-omenaldi-bat-zirkuko-abadeari\/#primaryimage"},"image":{"@id":"https:\/\/bizkeliza.org\/eu\/noticia\/beste-omenaldi-bat-zirkuko-abadeari\/#primaryimage"},"thumbnailUrl":"https:\/\/bizkeliza.org\/wp-content\/uploads\/2024\/08\/curadelcirco-366x256-1.jpg","datePublished":"2024-08-21T10:00:00+00:00","dateModified":"2024-09-06T09:45:18+00:00","description":"Atzo plaka barria jarri eben Miguel Maria Mendizabal zirkuko abadearen izena eroian lehenengo plaka egoan leku berean","breadcrumb":{"@id":"https:\/\/bizkeliza.org\/eu\/noticia\/beste-omenaldi-bat-zirkuko-abadeari\/#breadcrumb"},"inLanguage":"eu-ES","potentialAction":[{"@type":"ReadAction","target":["https:\/\/bizkeliza.org\/eu\/noticia\/beste-omenaldi-bat-zirkuko-abadeari\/"]}]},{"@type":"ImageObject","inLanguage":"eu-ES","@id":"https:\/\/bizkeliza.org\/eu\/noticia\/beste-omenaldi-bat-zirkuko-abadeari\/#primaryimage","url":"https:\/\/bizkeliza.org\/wp-content\/uploads\/2024\/08\/curadelcirco-366x256-1.jpg","contentUrl":"https:\/\/bizkeliza.org\/wp-content\/uploads\/2024\/08\/curadelcirco-366x256-1.jpg","width":366,"height":244,"caption":"Ayer colocaron otra placa con la misma inscripci\u00f3n que la original, pero en otro material"},{"@type":"BreadcrumbList","@id":"https:\/\/bizkeliza.org\/eu\/noticia\/beste-omenaldi-bat-zirkuko-abadeari\/#breadcrumb","itemListElement":[{"@type":"ListItem","position":1,"name":"Portada","item":"https:\/\/bizkeliza.org\/eu\/"},{"@type":"ListItem","position":2,"name":"Beste omenaldi bat \u00abzirkuko abadeari&#8217;"}]},{"@type":"WebSite","@id":"https:\/\/bizkeliza.org\/eu\/#website","url":"https:\/\/bizkeliza.org\/eu\/","name":"Bilboko Elizbarrutia - Di\u00f3cesis de Bilbao","description":"Di\u00f3cesis de Bilbao","publisher":{"@id":"https:\/\/bizkeliza.org\/eu\/#organization"},"alternateName":"Di\u00f3cesis de Bilbao","potentialAction":[{"@type":"SearchAction","target":{"@type":"EntryPoint","urlTemplate":"https:\/\/bizkeliza.org\/eu\/?s={search_term_string}"},"query-input":{"@type":"PropertyValueSpecification","valueRequired":true,"valueName":"search_term_string"}}],"inLanguage":"eu-ES"},{"@type":"Organization","@id":"https:\/\/bizkeliza.org\/eu\/#organization","name":"Di\u00f3cesis de Bilbao","alternateName":"Di\u00f3cesis de Bilbao","url":"https:\/\/bizkeliza.org\/eu\/","logo":{"@type":"ImageObject","inLanguage":"eu-ES","@id":"https:\/\/bizkeliza.org\/eu\/#\/schema\/logo\/image\/","url":"https:\/\/bizkeliza.org\/wp-content\/uploads\/2022\/06\/Logo-nuevo_2024-1-scaled.jpg","contentUrl":"https:\/\/bizkeliza.org\/wp-content\/uploads\/2022\/06\/Logo-nuevo_2024-1-scaled.jpg","width":2560,"height":1024,"caption":"Di\u00f3cesis de Bilbao"},"image":{"@id":"https:\/\/bizkeliza.org\/eu\/#\/schema\/logo\/image\/"},"sameAs":["https:\/\/www.facebook.com\/DiocesisBilbao\/","https:\/\/x.com\/DiocesisBilbao","https:\/\/www.instagram.com\/obispadobilbao\/","https:\/\/www.youtube.com\/user\/bilbokoelizbarrutia"],"description":"Iglesia local de Bilbao perteneciente a la Iglesia Cat\u00f3lica"},{"@type":"Person","@id":"https:\/\/bizkeliza.org\/eu\/#\/schema\/person\/acc5e302cb1997bd56026a6980544228","name":"dalberdi"}]}},"jetpack_featured_media_url":"https:\/\/bizkeliza.org\/wp-content\/uploads\/2024\/08\/curadelcirco-366x256-1.jpg","_links":{"self":[{"href":"https:\/\/bizkeliza.org\/eu\/wp-json\/wp\/v2\/posts\/142279","targetHints":{"allow":["GET"]}}],"collection":[{"href":"https:\/\/bizkeliza.org\/eu\/wp-json\/wp\/v2\/posts"}],"about":[{"href":"https:\/\/bizkeliza.org\/eu\/wp-json\/wp\/v2\/types\/post"}],"author":[{"embeddable":true,"href":"https:\/\/bizkeliza.org\/eu\/wp-json\/wp\/v2\/users\/19"}],"replies":[{"embeddable":true,"href":"https:\/\/bizkeliza.org\/eu\/wp-json\/wp\/v2\/comments?post=142279"}],"version-history":[{"count":0,"href":"https:\/\/bizkeliza.org\/eu\/wp-json\/wp\/v2\/posts\/142279\/revisions"}],"wp:featuredmedia":[{"embeddable":true,"href":"https:\/\/bizkeliza.org\/eu\/wp-json\/wp\/v2\/media\/142264"}],"wp:attachment":[{"href":"https:\/\/bizkeliza.org\/eu\/wp-json\/wp\/v2\/media?parent=142279"}],"wp:term":[{"taxonomy":"category","embeddable":true,"href":"https:\/\/bizkeliza.org\/eu\/wp-json\/wp\/v2\/categories?post=142279"},{"taxonomy":"post_tag","embeddable":true,"href":"https:\/\/bizkeliza.org\/eu\/wp-json\/wp\/v2\/tags?post=142279"}],"curies":[{"name":"wp","href":"https:\/\/api.w.org\/{rel}","templated":true}]}}