{"id":142423,"date":"2024-08-26T06:00:00","date_gmt":"2024-08-26T04:00:00","guid":{"rendered":"https:\/\/bizkeliza.org\/?p=142423"},"modified":"2024-08-23T17:03:02","modified_gmt":"2024-08-23T15:03:02","slug":"erreguteak-urkiolara-manaria-eta-abadinotik","status":"publish","type":"post","link":"https:\/\/bizkeliza.org\/eu\/noticia\/erreguteak-urkiolara-manaria-eta-abadinotik\/","title":{"rendered":"Erreguteak Urkiolara Ma\u00f1aria eta Abadi\u00f1otik"},"content":{"rendered":"\n<p>Bariku eta zapatuan, errogatibak egingo dira Ma\u00f1ariako parrokiatik eta Abadi\u00f1oko parrokiatik, hurrenez hurren. Abadi\u00f1oko udalak, beste urte batzuetan lez, pertsona nagusientzako bazkaria eta erromeria antolatu ditu Urkiolan.<\/p>\n\n<figure class=\"wp-block-image aligncenter size-full is-resized\"><img decoding=\"async\" width=\"280\" height=\"400\" src=\"https:\/\/bizkeliza.org\/wp-content\/uploads\/2024\/08\/20240823-errogatiba-2024-b.jpg\" alt=\"\" class=\"wp-image-142411\" style=\"width:400px;height:auto\" srcset=\"https:\/\/bizkeliza.org\/wp-content\/uploads\/2024\/08\/20240823-errogatiba-2024-b.jpg 280w, https:\/\/bizkeliza.org\/wp-content\/uploads\/2024\/08\/20240823-errogatiba-2024-b-210x300.jpg 210w\" sizes=\"(max-width: 280px) 100vw, 280px\" \/><\/figure>\n\n<p><p><strong>Kontxi<\/strong> emazteagaz batera santutegiko jagole dan <strong>Felix Morenok<\/strong> <a href=\"https:\/\/bizkeliza.org\/eu\/noticia\/urkiolan-san-antonio-eguna-eta-arratiako-errogatiba-ospatuko-dira\/\">alkarrizketa<\/a> baten azaldu ebanez, Abadi\u00f1oko erreguteetan San Rokeren irudia eroaten dabe prozesinoan eta <em>&#8220;eleizaren kanpoaldean izten dabe. Oraindik badira santutegira otoitz egitera sartzen diran batzuk&#8221;.\u00a0<\/em><\/p><\/p>\n\n<p><p>Ekainean egin ziran lehenengo erreguteak eta Abadinotik egingo dabezanak izango dira azkenak.\u00a0<strong>Felix Morenok\u00a0<\/strong>Abade-etxetik azaldu dauanez,\u00a0<em>&#8220;lehenengoa, Aramaiokoa izaten da. Azken urteetan\u00a0 erromesaldirik egin ez daben arren, parrokia alkartak lore-sortak ekartzen deuskuz eleiza apaintzeko. Izurtzako errogatibak be amaitu dira. Arratiako bailarakoak eta asteburuko biak dira gaur egun egiten diranak&#8221;.<\/em><\/p><\/p>\n\n<h3 class=\"wp-block-heading\">Erreguteak egiteko ohitura<\/h3>\n\n<p><p>Baskoniako <a href=\"https:\/\/atlasetnografico.labayru.eus\/index.php\/Rogativas_a_santuarios\" target=\"_blank\" rel=\"noreferrer noopener\">Atlas Etnografikoan<\/a> jasoten danez, oraindik be egiten dira erregute edo erromesaldiak santutegietara, <em>&#8220;erromesaldi izateari itzi badeutse be&#8221;. <\/em>Lehen, kurutzea eta eleiz jantziez apaindutako abadea buru egiten ziran prozesinoak ziran. Kasu batzuetan, andetan eroaten eben Ama Birjinaren edo santu baten irudia. Gaur egunera arte eutsi jake antxinako erreguteen elementu batzuei, esate baterako, santutegiari buelta emonez santuen litaniak abesteko ohiturari.<\/p><\/p>\n\n<p>Urkiolako santutegiko egutegi erlijiosoan, inguruko herrietatik urtero egiten ebezan erromesaldiek garrantzi handia izan dabe. Egunean zehar, ibilbide luzeak egiten ebezan mendiz mendi, esate baterako Arratia bailarako herri nagusietatik (Zeanuri, Areatza, Artea eta Dima) urtenda, edo Durangaldetik (Ma\u00f1aria, Izurtza eta Abadi\u00f1o) eta Arabagaz mugakide diran Otxandio eta Ubidetik. Arabako iparraldean dagozan Aramaio bailarako hainbat parrokia be eremu berean sartzen zan.<\/p>\n\n<p>XX. gizaldiaren amaierara arte, erromesaldi honeek errogatiben liturgia baldintzak beteten ebezan: parrokiatik ataraten ziran kurutzea eta abadea buru zirala. Herria ordezkatuz, udalbatzak be parte hartzen eban prozesinoan. Herri bakotxaren erregute-eguna udabarri eta uda hartzen ebazan egutegiaren arabera ezartzen zan. <\/p>\n\n<p>Errogatibak, manamenduzkoak izateaz gainera, topagune eta dibertimendurako leku izaten ziran. Ostean, dantza eta kantu ibilten ziran, txistu, danbolin eta eskusoinuaz lagunduta.<\/p>\n","protected":false},"excerpt":{"rendered":"<p>Bariku eta zapatuan, errogatibak egingo dira Ma\u00f1ariako parrokiatik eta Abadi\u00f1oko parrokiatik, hurrenez hurren. Abadi\u00f1oko udalak, beste urte batzuetan lez, pertsona nagusientzako bazkaria eta erromeria antolatu ditu Urkiolan. Kontxi emazteagaz batera santutegiko jagole dan Felix Morenok alkarrizketa baten azaldu ebanez, Abadi\u00f1oko erreguteetan San Rokeren irudia eroaten dabe prozesinoan eta &#8220;eleizaren kanpoaldean izten dabe. Oraindik badira santutegira [&hellip;]<\/p>\n","protected":false},"author":19,"featured_media":138356,"comment_status":"closed","ping_status":"closed","sticky":false,"template":"","format":"standard","meta":{"_acf_changed":false,"_et_pb_use_builder":"off","_et_pb_old_content":"","_et_gb_content_width":"","footnotes":""},"categories":[506],"tags":[688,1041,731],"class_list":["post-142423","post","type-post","status-publish","format-standard","has-post-thumbnail","hentry","category-lehenengo-orrialdea","tag-errogatibak","tag-manaria-eu","tag-urkiola-eu"],"acf":[],"yoast_head":"<!-- This site is optimized with the Yoast SEO Premium plugin v27.5 (Yoast SEO v27.5) - https:\/\/yoast.com\/product\/yoast-seo-premium-wordpress\/ -->\n<title>Erreguteak Urkiolara Ma\u00f1aria eta Abadi\u00f1otik<\/title>\n<meta name=\"robots\" content=\"index, follow, max-snippet:-1, max-image-preview:large, max-video-preview:-1\" \/>\n<link rel=\"canonical\" href=\"https:\/\/bizkeliza.org\/eu\/noticia\/erreguteak-urkiolara-manaria-eta-abadinotik\/\" \/>\n<meta property=\"og:locale\" content=\"eu_ES\" \/>\n<meta property=\"og:type\" content=\"article\" \/>\n<meta property=\"og:title\" content=\"Erreguteak Urkiolara Ma\u00f1aria eta Abadi\u00f1otik\" \/>\n<meta property=\"og:description\" content=\"Bariku eta zapatuan, errogatibak egingo dira Ma\u00f1ariako parrokiatik eta Abadi\u00f1oko parrokiatik, hurrenez hurren. Abadi\u00f1oko udalak, beste urte batzuetan lez, pertsona nagusientzako bazkaria eta erromeria antolatu ditu Urkiolan. Kontxi emazteagaz batera santutegiko jagole dan Felix Morenok alkarrizketa baten azaldu ebanez, Abadi\u00f1oko erreguteetan San Rokeren irudia eroaten dabe prozesinoan eta &#8220;eleizaren kanpoaldean izten dabe. Oraindik badira santutegira [&hellip;]\" \/>\n<meta property=\"og:url\" content=\"https:\/\/bizkeliza.org\/eu\/noticia\/erreguteak-urkiolara-manaria-eta-abadinotik\/\" \/>\n<meta property=\"og:site_name\" content=\"Bilboko Elizbarrutia - Di\u00f3cesis de Bilbao\" \/>\n<meta property=\"article:publisher\" content=\"https:\/\/www.facebook.com\/DiocesisBilbao\/\" \/>\n<meta property=\"article:published_time\" content=\"2024-08-26T04:00:00+00:00\" \/>\n<meta property=\"og:image\" content=\"https:\/\/bizkeliza.org\/wp-content\/uploads\/2024\/06\/Arratia.jpg\" \/>\n\t<meta property=\"og:image:width\" content=\"800\" \/>\n\t<meta property=\"og:image:height\" content=\"600\" \/>\n\t<meta property=\"og:image:type\" content=\"image\/jpeg\" \/>\n<meta name=\"author\" content=\"dalberdi\" \/>\n<meta name=\"twitter:card\" content=\"summary_large_image\" \/>\n<meta name=\"twitter:creator\" content=\"@DiocesisBilbao\" \/>\n<meta name=\"twitter:site\" content=\"@DiocesisBilbao\" \/>\n<script type=\"application\/ld+json\" class=\"yoast-schema-graph\">{\"@context\":\"https:\\\/\\\/schema.org\",\"@graph\":[{\"@type\":\"Article\",\"@id\":\"https:\\\/\\\/bizkeliza.org\\\/eu\\\/noticia\\\/erreguteak-urkiolara-manaria-eta-abadinotik\\\/#article\",\"isPartOf\":{\"@id\":\"https:\\\/\\\/bizkeliza.org\\\/eu\\\/noticia\\\/erreguteak-urkiolara-manaria-eta-abadinotik\\\/\"},\"author\":{\"name\":\"dalberdi\",\"@id\":\"https:\\\/\\\/bizkeliza.org\\\/eu\\\/#\\\/schema\\\/person\\\/acc5e302cb1997bd56026a6980544228\"},\"headline\":\"Erreguteak Urkiolara Ma\u00f1aria eta Abadi\u00f1otik\",\"datePublished\":\"2024-08-26T04:00:00+00:00\",\"mainEntityOfPage\":{\"@id\":\"https:\\\/\\\/bizkeliza.org\\\/eu\\\/noticia\\\/erreguteak-urkiolara-manaria-eta-abadinotik\\\/\"},\"wordCount\":304,\"publisher\":{\"@id\":\"https:\\\/\\\/bizkeliza.org\\\/eu\\\/#organization\"},\"image\":{\"@id\":\"https:\\\/\\\/bizkeliza.org\\\/eu\\\/noticia\\\/erreguteak-urkiolara-manaria-eta-abadinotik\\\/#primaryimage\"},\"thumbnailUrl\":\"https:\\\/\\\/bizkeliza.org\\\/wp-content\\\/uploads\\\/2024\\\/06\\\/Arratia.jpg\",\"keywords\":[\"Errogatibak\",\"Ma\u00f1aria\",\"Urkiola\"],\"articleSection\":[\"Lehenengo Orrialdea\"],\"inLanguage\":\"eu-ES\"},{\"@type\":\"WebPage\",\"@id\":\"https:\\\/\\\/bizkeliza.org\\\/eu\\\/noticia\\\/erreguteak-urkiolara-manaria-eta-abadinotik\\\/\",\"url\":\"https:\\\/\\\/bizkeliza.org\\\/eu\\\/noticia\\\/erreguteak-urkiolara-manaria-eta-abadinotik\\\/\",\"name\":\"Erreguteak Urkiolara Ma\u00f1aria eta Abadi\u00f1otik\",\"isPartOf\":{\"@id\":\"https:\\\/\\\/bizkeliza.org\\\/eu\\\/#website\"},\"primaryImageOfPage\":{\"@id\":\"https:\\\/\\\/bizkeliza.org\\\/eu\\\/noticia\\\/erreguteak-urkiolara-manaria-eta-abadinotik\\\/#primaryimage\"},\"image\":{\"@id\":\"https:\\\/\\\/bizkeliza.org\\\/eu\\\/noticia\\\/erreguteak-urkiolara-manaria-eta-abadinotik\\\/#primaryimage\"},\"thumbnailUrl\":\"https:\\\/\\\/bizkeliza.org\\\/wp-content\\\/uploads\\\/2024\\\/06\\\/Arratia.jpg\",\"datePublished\":\"2024-08-26T04:00:00+00:00\",\"breadcrumb\":{\"@id\":\"https:\\\/\\\/bizkeliza.org\\\/eu\\\/noticia\\\/erreguteak-urkiolara-manaria-eta-abadinotik\\\/#breadcrumb\"},\"inLanguage\":\"eu-ES\",\"potentialAction\":[{\"@type\":\"ReadAction\",\"target\":[\"https:\\\/\\\/bizkeliza.org\\\/eu\\\/noticia\\\/erreguteak-urkiolara-manaria-eta-abadinotik\\\/\"]}]},{\"@type\":\"ImageObject\",\"inLanguage\":\"eu-ES\",\"@id\":\"https:\\\/\\\/bizkeliza.org\\\/eu\\\/noticia\\\/erreguteak-urkiolara-manaria-eta-abadinotik\\\/#primaryimage\",\"url\":\"https:\\\/\\\/bizkeliza.org\\\/wp-content\\\/uploads\\\/2024\\\/06\\\/Arratia.jpg\",\"contentUrl\":\"https:\\\/\\\/bizkeliza.org\\\/wp-content\\\/uploads\\\/2024\\\/06\\\/Arratia.jpg\",\"width\":800,\"height\":600,\"caption\":\"El s\u00e1bado se celebr\u00f3 la rogativa de Arratia a Urkiola\"},{\"@type\":\"BreadcrumbList\",\"@id\":\"https:\\\/\\\/bizkeliza.org\\\/eu\\\/noticia\\\/erreguteak-urkiolara-manaria-eta-abadinotik\\\/#breadcrumb\",\"itemListElement\":[{\"@type\":\"ListItem\",\"position\":1,\"name\":\"Portada\",\"item\":\"https:\\\/\\\/bizkeliza.org\\\/eu\\\/\"},{\"@type\":\"ListItem\",\"position\":2,\"name\":\"Erreguteak Urkiolara Ma\u00f1aria eta Abadi\u00f1otik\"}]},{\"@type\":\"WebSite\",\"@id\":\"https:\\\/\\\/bizkeliza.org\\\/eu\\\/#website\",\"url\":\"https:\\\/\\\/bizkeliza.org\\\/eu\\\/\",\"name\":\"Bilboko Elizbarrutia - Di\u00f3cesis de Bilbao\",\"description\":\"Di\u00f3cesis de Bilbao\",\"publisher\":{\"@id\":\"https:\\\/\\\/bizkeliza.org\\\/eu\\\/#organization\"},\"alternateName\":\"Di\u00f3cesis de Bilbao\",\"potentialAction\":[{\"@type\":\"SearchAction\",\"target\":{\"@type\":\"EntryPoint\",\"urlTemplate\":\"https:\\\/\\\/bizkeliza.org\\\/eu\\\/?s={search_term_string}\"},\"query-input\":{\"@type\":\"PropertyValueSpecification\",\"valueRequired\":true,\"valueName\":\"search_term_string\"}}],\"inLanguage\":\"eu-ES\"},{\"@type\":\"Organization\",\"@id\":\"https:\\\/\\\/bizkeliza.org\\\/eu\\\/#organization\",\"name\":\"Di\u00f3cesis de Bilbao\",\"alternateName\":\"Di\u00f3cesis de Bilbao\",\"url\":\"https:\\\/\\\/bizkeliza.org\\\/eu\\\/\",\"logo\":{\"@type\":\"ImageObject\",\"inLanguage\":\"eu-ES\",\"@id\":\"https:\\\/\\\/bizkeliza.org\\\/eu\\\/#\\\/schema\\\/logo\\\/image\\\/\",\"url\":\"https:\\\/\\\/bizkeliza.org\\\/wp-content\\\/uploads\\\/2022\\\/06\\\/Logo-nuevo_2024-1-scaled.jpg\",\"contentUrl\":\"https:\\\/\\\/bizkeliza.org\\\/wp-content\\\/uploads\\\/2022\\\/06\\\/Logo-nuevo_2024-1-scaled.jpg\",\"width\":2560,\"height\":1024,\"caption\":\"Di\u00f3cesis de Bilbao\"},\"image\":{\"@id\":\"https:\\\/\\\/bizkeliza.org\\\/eu\\\/#\\\/schema\\\/logo\\\/image\\\/\"},\"sameAs\":[\"https:\\\/\\\/www.facebook.com\\\/DiocesisBilbao\\\/\",\"https:\\\/\\\/x.com\\\/DiocesisBilbao\",\"https:\\\/\\\/www.instagram.com\\\/obispadobilbao\\\/\",\"https:\\\/\\\/www.youtube.com\\\/user\\\/bilbokoelizbarrutia\"],\"description\":\"Iglesia local de Bilbao perteneciente a la Iglesia Cat\u00f3lica\"},{\"@type\":\"Person\",\"@id\":\"https:\\\/\\\/bizkeliza.org\\\/eu\\\/#\\\/schema\\\/person\\\/acc5e302cb1997bd56026a6980544228\",\"name\":\"dalberdi\"}]}<\/script>\n<!-- \/ Yoast SEO Premium plugin. -->","yoast_head_json":{"title":"Erreguteak Urkiolara Ma\u00f1aria eta Abadi\u00f1otik","robots":{"index":"index","follow":"follow","max-snippet":"max-snippet:-1","max-image-preview":"max-image-preview:large","max-video-preview":"max-video-preview:-1"},"canonical":"https:\/\/bizkeliza.org\/eu\/noticia\/erreguteak-urkiolara-manaria-eta-abadinotik\/","og_locale":"eu_ES","og_type":"article","og_title":"Erreguteak Urkiolara Ma\u00f1aria eta Abadi\u00f1otik","og_description":"Bariku eta zapatuan, errogatibak egingo dira Ma\u00f1ariako parrokiatik eta Abadi\u00f1oko parrokiatik, hurrenez hurren. Abadi\u00f1oko udalak, beste urte batzuetan lez, pertsona nagusientzako bazkaria eta erromeria antolatu ditu Urkiolan. Kontxi emazteagaz batera santutegiko jagole dan Felix Morenok alkarrizketa baten azaldu ebanez, Abadi\u00f1oko erreguteetan San Rokeren irudia eroaten dabe prozesinoan eta &#8220;eleizaren kanpoaldean izten dabe. Oraindik badira santutegira [&hellip;]","og_url":"https:\/\/bizkeliza.org\/eu\/noticia\/erreguteak-urkiolara-manaria-eta-abadinotik\/","og_site_name":"Bilboko Elizbarrutia - Di\u00f3cesis de Bilbao","article_publisher":"https:\/\/www.facebook.com\/DiocesisBilbao\/","article_published_time":"2024-08-26T04:00:00+00:00","og_image":[{"width":800,"height":600,"url":"https:\/\/bizkeliza.org\/wp-content\/uploads\/2024\/06\/Arratia.jpg","type":"image\/jpeg"}],"author":"dalberdi","twitter_card":"summary_large_image","twitter_creator":"@DiocesisBilbao","twitter_site":"@DiocesisBilbao","schema":{"@context":"https:\/\/schema.org","@graph":[{"@type":"Article","@id":"https:\/\/bizkeliza.org\/eu\/noticia\/erreguteak-urkiolara-manaria-eta-abadinotik\/#article","isPartOf":{"@id":"https:\/\/bizkeliza.org\/eu\/noticia\/erreguteak-urkiolara-manaria-eta-abadinotik\/"},"author":{"name":"dalberdi","@id":"https:\/\/bizkeliza.org\/eu\/#\/schema\/person\/acc5e302cb1997bd56026a6980544228"},"headline":"Erreguteak Urkiolara Ma\u00f1aria eta Abadi\u00f1otik","datePublished":"2024-08-26T04:00:00+00:00","mainEntityOfPage":{"@id":"https:\/\/bizkeliza.org\/eu\/noticia\/erreguteak-urkiolara-manaria-eta-abadinotik\/"},"wordCount":304,"publisher":{"@id":"https:\/\/bizkeliza.org\/eu\/#organization"},"image":{"@id":"https:\/\/bizkeliza.org\/eu\/noticia\/erreguteak-urkiolara-manaria-eta-abadinotik\/#primaryimage"},"thumbnailUrl":"https:\/\/bizkeliza.org\/wp-content\/uploads\/2024\/06\/Arratia.jpg","keywords":["Errogatibak","Ma\u00f1aria","Urkiola"],"articleSection":["Lehenengo Orrialdea"],"inLanguage":"eu-ES"},{"@type":"WebPage","@id":"https:\/\/bizkeliza.org\/eu\/noticia\/erreguteak-urkiolara-manaria-eta-abadinotik\/","url":"https:\/\/bizkeliza.org\/eu\/noticia\/erreguteak-urkiolara-manaria-eta-abadinotik\/","name":"Erreguteak Urkiolara Ma\u00f1aria eta Abadi\u00f1otik","isPartOf":{"@id":"https:\/\/bizkeliza.org\/eu\/#website"},"primaryImageOfPage":{"@id":"https:\/\/bizkeliza.org\/eu\/noticia\/erreguteak-urkiolara-manaria-eta-abadinotik\/#primaryimage"},"image":{"@id":"https:\/\/bizkeliza.org\/eu\/noticia\/erreguteak-urkiolara-manaria-eta-abadinotik\/#primaryimage"},"thumbnailUrl":"https:\/\/bizkeliza.org\/wp-content\/uploads\/2024\/06\/Arratia.jpg","datePublished":"2024-08-26T04:00:00+00:00","breadcrumb":{"@id":"https:\/\/bizkeliza.org\/eu\/noticia\/erreguteak-urkiolara-manaria-eta-abadinotik\/#breadcrumb"},"inLanguage":"eu-ES","potentialAction":[{"@type":"ReadAction","target":["https:\/\/bizkeliza.org\/eu\/noticia\/erreguteak-urkiolara-manaria-eta-abadinotik\/"]}]},{"@type":"ImageObject","inLanguage":"eu-ES","@id":"https:\/\/bizkeliza.org\/eu\/noticia\/erreguteak-urkiolara-manaria-eta-abadinotik\/#primaryimage","url":"https:\/\/bizkeliza.org\/wp-content\/uploads\/2024\/06\/Arratia.jpg","contentUrl":"https:\/\/bizkeliza.org\/wp-content\/uploads\/2024\/06\/Arratia.jpg","width":800,"height":600,"caption":"El s\u00e1bado se celebr\u00f3 la rogativa de Arratia a Urkiola"},{"@type":"BreadcrumbList","@id":"https:\/\/bizkeliza.org\/eu\/noticia\/erreguteak-urkiolara-manaria-eta-abadinotik\/#breadcrumb","itemListElement":[{"@type":"ListItem","position":1,"name":"Portada","item":"https:\/\/bizkeliza.org\/eu\/"},{"@type":"ListItem","position":2,"name":"Erreguteak Urkiolara Ma\u00f1aria eta Abadi\u00f1otik"}]},{"@type":"WebSite","@id":"https:\/\/bizkeliza.org\/eu\/#website","url":"https:\/\/bizkeliza.org\/eu\/","name":"Bilboko Elizbarrutia - Di\u00f3cesis de Bilbao","description":"Di\u00f3cesis de Bilbao","publisher":{"@id":"https:\/\/bizkeliza.org\/eu\/#organization"},"alternateName":"Di\u00f3cesis de Bilbao","potentialAction":[{"@type":"SearchAction","target":{"@type":"EntryPoint","urlTemplate":"https:\/\/bizkeliza.org\/eu\/?s={search_term_string}"},"query-input":{"@type":"PropertyValueSpecification","valueRequired":true,"valueName":"search_term_string"}}],"inLanguage":"eu-ES"},{"@type":"Organization","@id":"https:\/\/bizkeliza.org\/eu\/#organization","name":"Di\u00f3cesis de Bilbao","alternateName":"Di\u00f3cesis de Bilbao","url":"https:\/\/bizkeliza.org\/eu\/","logo":{"@type":"ImageObject","inLanguage":"eu-ES","@id":"https:\/\/bizkeliza.org\/eu\/#\/schema\/logo\/image\/","url":"https:\/\/bizkeliza.org\/wp-content\/uploads\/2022\/06\/Logo-nuevo_2024-1-scaled.jpg","contentUrl":"https:\/\/bizkeliza.org\/wp-content\/uploads\/2022\/06\/Logo-nuevo_2024-1-scaled.jpg","width":2560,"height":1024,"caption":"Di\u00f3cesis de Bilbao"},"image":{"@id":"https:\/\/bizkeliza.org\/eu\/#\/schema\/logo\/image\/"},"sameAs":["https:\/\/www.facebook.com\/DiocesisBilbao\/","https:\/\/x.com\/DiocesisBilbao","https:\/\/www.instagram.com\/obispadobilbao\/","https:\/\/www.youtube.com\/user\/bilbokoelizbarrutia"],"description":"Iglesia local de Bilbao perteneciente a la Iglesia Cat\u00f3lica"},{"@type":"Person","@id":"https:\/\/bizkeliza.org\/eu\/#\/schema\/person\/acc5e302cb1997bd56026a6980544228","name":"dalberdi"}]}},"jetpack_featured_media_url":"https:\/\/bizkeliza.org\/wp-content\/uploads\/2024\/06\/Arratia.jpg","_links":{"self":[{"href":"https:\/\/bizkeliza.org\/eu\/wp-json\/wp\/v2\/posts\/142423","targetHints":{"allow":["GET"]}}],"collection":[{"href":"https:\/\/bizkeliza.org\/eu\/wp-json\/wp\/v2\/posts"}],"about":[{"href":"https:\/\/bizkeliza.org\/eu\/wp-json\/wp\/v2\/types\/post"}],"author":[{"embeddable":true,"href":"https:\/\/bizkeliza.org\/eu\/wp-json\/wp\/v2\/users\/19"}],"replies":[{"embeddable":true,"href":"https:\/\/bizkeliza.org\/eu\/wp-json\/wp\/v2\/comments?post=142423"}],"version-history":[{"count":0,"href":"https:\/\/bizkeliza.org\/eu\/wp-json\/wp\/v2\/posts\/142423\/revisions"}],"wp:featuredmedia":[{"embeddable":true,"href":"https:\/\/bizkeliza.org\/eu\/wp-json\/wp\/v2\/media\/138356"}],"wp:attachment":[{"href":"https:\/\/bizkeliza.org\/eu\/wp-json\/wp\/v2\/media?parent=142423"}],"wp:term":[{"taxonomy":"category","embeddable":true,"href":"https:\/\/bizkeliza.org\/eu\/wp-json\/wp\/v2\/categories?post=142423"},{"taxonomy":"post_tag","embeddable":true,"href":"https:\/\/bizkeliza.org\/eu\/wp-json\/wp\/v2\/tags?post=142423"}],"curies":[{"name":"wp","href":"https:\/\/api.w.org\/{rel}","templated":true}]}}