{"id":144860,"date":"2024-10-02T06:00:00","date_gmt":"2024-10-02T04:00:00","guid":{"rendered":"https:\/\/bizkeliza.org\/?p=144860"},"modified":"2024-10-01T13:26:09","modified_gmt":"2024-10-01T11:26:09","slug":"teresiar-erakundeak-100-urte-daroaz-bilbon-heziketa-arloan","status":"publish","type":"post","link":"https:\/\/bizkeliza.org\/eu\/noticia\/teresiar-erakundeak-100-urte-daroaz-bilbon-heziketa-arloan\/","title":{"rendered":"Teresiar Erakundeak 100 urte daroaz Bilbon heziketa-arloan"},"content":{"rendered":"\n<p><p><b>Urriaren 15ean -martitzena-, Teresa Donearenegunez, Eukaristia ospatuko da Bilboko Karmeneko Ama eleizan, 9:30etan. Azaroaren 12an, mahai-ingurua izango da Erakundearen Ikasbide ikastetxean (Simon Bolibar, 5), 18:30etan, eta Teresiar Erakundearilotutako hainbat lagunek bere esperientzia batera jarriko dau.<\/b><\/p><\/p>\n\n<p><p><strong>Ekitaldiak abenduaren 2an amaituko dira Karmeneko Ama parrokiako areto nagusian ospatuko dan berbaldiagaz:<\/strong> <em>&#8220;Teresiar Erakundea hemen eta orain: hezikeat eraldatzailearen alde eginez&#8221;.\u00a0<\/em><strong>M\u00aa Carmen Aragones\u00a0<\/strong>TEeko Espainiako zuzendariak eta\u00a0<strong>Ana Arancibia\u00a0<\/strong>Interedeko zuzendariak jardungo dabe.\u00a0<\/p><\/p>\n\n<h3 class=\"wp-block-heading\"><p><strong>Biltzarra Karrantzan<\/strong><\/p><\/h3>\n\n<p><p>Abuztuan, ACIT DE federazinoaren mendeurrena zala-eta, erakundeak <em><strong>&#8220;Bizitza ondu&#8221;<\/strong><\/em> XIX. jardunaldiak ospatu ebezan <strong>Karrantzako<\/strong> bainuetxean, <em>&#8220;Gure munduagaz konprometituta. Bakearen eta senidetasunaren egile&#8221;<\/em> goiburuaren haritik. Gehiago jakiteko: <strong><a href=\"https:\/\/bizkeliza.org\/eu\/noticia\/teresiar-erakundearen-ekitaldia-karrantzan-mendeurrena-ospatzeko\/\">hemen<\/a><\/strong><\/p><\/p>\n\n<p><\/p>\n\n<h3 class=\"wp-block-heading\"><strong>Poveda<\/strong><\/h3>\n\n<p><p><b>Pedro Povedak\u00a0<\/b>sortu eban heziketa eta kultur jardueren bidez giza eta gizarte sustapenean konprometituta egozan laikoez osatutako Instituzinoa. Abade hau bizitzea egokitu jakon garaiagaz konprometituta egoan eta UNESCOk autorpena egin eutsan <em><strong>&#8220;pedagogo eta humanista&#8221;<\/strong> <\/em>lez.\u00a0<strong>Joan Paulo II.a aita santuak\u00a0<\/strong>altarara goratu eban 2003an. Emakumeei unibertsitatean sartzea ahalbidetzea izan zan Povedaren egitasmoaren oinarrietako bat, izan be, Erakundea sortu zanean,\u00a0<em>&#8220;Estatu osoan bakarrik 40 emakume egozan unibertsitatean ikasketak egiten&#8221;.<\/em><\/p><\/p>\n\n<p><p><strong>Granadako Cuevas de Guadixeko<\/strong> bazterreko auzoetan abade lez jardun eta gizarte eta heziketa arloko askotariko ekimenak martzen jarri ondoren, <strong>Poveda Covadongara (Asturias) j<\/strong>oan zan. Hantxe sortu eban Erakundearen lehenengo akademia, 1911an. Gaur egun, 30 herrialdetan dago.<\/p><\/p>\n\n<figure class=\"wp-block-pullquote\"><blockquote><p><em>\u201cTanto bueno escuchaba de <strong>Bilbao <\/strong>que me encari\u00f1\u00e9 con la idea de fundar all\u00ed una Academia\u201d<\/em> <br\/>\u00a0Pedro Poveda\u00a0(1912)<\/p><\/blockquote><\/figure>\n","protected":false},"excerpt":{"rendered":"<p>Urriaren 15ean -martitzena-, Teresa Donearenegunez, Eukaristia ospatuko da Bilboko Karmeneko Ama eleizan, 9:30etan. Azaroaren 12an, mahai-ingurua izango da Erakundearen Ikasbide ikastetxean (Simon Bolibar, 5), 18:30etan, eta Teresiar Erakundearilotutako hainbat lagunek bere esperientzia batera jarriko dau. Ekitaldiak abenduaren 2an amaituko dira Karmeneko Ama parrokiako areto nagusian ospatuko dan berbaldiagaz: &#8220;Teresiar Erakundea hemen eta orain: hezikeat eraldatzailearen [&hellip;]<\/p>\n","protected":false},"author":20,"featured_media":144766,"comment_status":"closed","ping_status":"closed","sticky":false,"template":"","format":"standard","meta":{"_acf_changed":false,"_et_pb_use_builder":"off","_et_pb_old_content":"","_et_gb_content_width":"","footnotes":""},"categories":[506],"tags":[1025],"class_list":["post-144860","post","type-post","status-publish","format-standard","has-post-thumbnail","hentry","category-lehenengo-orrialdea","tag-monjak-eu"],"acf":[],"yoast_head":"<!-- This site is optimized with the Yoast SEO Premium plugin v27.2 (Yoast SEO v27.2) - https:\/\/yoast.com\/product\/yoast-seo-premium-wordpress\/ -->\n<title>Teresiar Erakundeak 100 urte daroaz Bilbon heziketa-arloan<\/title>\n<meta name=\"description\" content=\"Ekitaldiak abenduaren 2an amaituko dira Karmeneko Ama parrokiako areto nagusian ospatuko dan berbaldiagaz: &quot;Teresiar Erakundea\" \/>\n<meta name=\"robots\" content=\"index, follow, max-snippet:-1, max-image-preview:large, max-video-preview:-1\" \/>\n<link rel=\"canonical\" href=\"https:\/\/bizkeliza.org\/eu\/noticia\/teresiar-erakundeak-100-urte-daroaz-bilbon-heziketa-arloan\/\" \/>\n<meta property=\"og:locale\" content=\"eu_ES\" \/>\n<meta property=\"og:type\" content=\"article\" \/>\n<meta property=\"og:title\" content=\"Teresiar Erakundeak 100 urte daroaz Bilbon heziketa-arloan\" \/>\n<meta property=\"og:description\" content=\"Ekitaldiak abenduaren 2an amaituko dira Karmeneko Ama parrokiako areto nagusian ospatuko dan berbaldiagaz: &quot;Teresiar Erakundea\" \/>\n<meta property=\"og:url\" content=\"https:\/\/bizkeliza.org\/eu\/noticia\/teresiar-erakundeak-100-urte-daroaz-bilbon-heziketa-arloan\/\" \/>\n<meta property=\"og:site_name\" content=\"Bilboko Elizbarrutia - Di\u00f3cesis de Bilbao\" \/>\n<meta property=\"article:publisher\" content=\"https:\/\/www.facebook.com\/DiocesisBilbao\/\" \/>\n<meta property=\"article:published_time\" content=\"2024-10-02T04:00:00+00:00\" \/>\n<meta property=\"og:image\" content=\"https:\/\/bizkeliza.org\/wp-content\/uploads\/2024\/10\/2-colegio-ikasbide-kristau-eskola-04.jpg\" \/>\n\t<meta property=\"og:image:width\" content=\"800\" \/>\n\t<meta property=\"og:image:height\" content=\"500\" \/>\n\t<meta property=\"og:image:type\" content=\"image\/jpeg\" \/>\n<meta name=\"author\" content=\"bkareaga\" \/>\n<meta name=\"twitter:card\" content=\"summary_large_image\" \/>\n<meta name=\"twitter:creator\" content=\"@DiocesisBilbao\" \/>\n<meta name=\"twitter:site\" content=\"@DiocesisBilbao\" \/>\n<script type=\"application\/ld+json\" class=\"yoast-schema-graph\">{\"@context\":\"https:\/\/schema.org\",\"@graph\":[{\"@type\":\"Article\",\"@id\":\"https:\/\/bizkeliza.org\/eu\/noticia\/teresiar-erakundeak-100-urte-daroaz-bilbon-heziketa-arloan\/#article\",\"isPartOf\":{\"@id\":\"https:\/\/bizkeliza.org\/eu\/noticia\/teresiar-erakundeak-100-urte-daroaz-bilbon-heziketa-arloan\/\"},\"author\":{\"name\":\"bkareaga\",\"@id\":\"https:\/\/bizkeliza.org\/eu\/#\/schema\/person\/1f27c53156256531056d48959c2f2008\"},\"headline\":\"Teresiar Erakundeak 100 urte daroaz Bilbon heziketa-arloan\",\"datePublished\":\"2024-10-02T04:00:00+00:00\",\"mainEntityOfPage\":{\"@id\":\"https:\/\/bizkeliza.org\/eu\/noticia\/teresiar-erakundeak-100-urte-daroaz-bilbon-heziketa-arloan\/\"},\"wordCount\":226,\"publisher\":{\"@id\":\"https:\/\/bizkeliza.org\/eu\/#organization\"},\"image\":{\"@id\":\"https:\/\/bizkeliza.org\/eu\/noticia\/teresiar-erakundeak-100-urte-daroaz-bilbon-heziketa-arloan\/#primaryimage\"},\"thumbnailUrl\":\"https:\/\/bizkeliza.org\/wp-content\/uploads\/2024\/10\/2-colegio-ikasbide-kristau-eskola-04.jpg\",\"keywords\":[\"Monjak\"],\"articleSection\":[\"Lehenengo Orrialdea\"],\"inLanguage\":\"eu-ES\"},{\"@type\":\"WebPage\",\"@id\":\"https:\/\/bizkeliza.org\/eu\/noticia\/teresiar-erakundeak-100-urte-daroaz-bilbon-heziketa-arloan\/\",\"url\":\"https:\/\/bizkeliza.org\/eu\/noticia\/teresiar-erakundeak-100-urte-daroaz-bilbon-heziketa-arloan\/\",\"name\":\"Teresiar Erakundeak 100 urte daroaz Bilbon heziketa-arloan\",\"isPartOf\":{\"@id\":\"https:\/\/bizkeliza.org\/eu\/#website\"},\"primaryImageOfPage\":{\"@id\":\"https:\/\/bizkeliza.org\/eu\/noticia\/teresiar-erakundeak-100-urte-daroaz-bilbon-heziketa-arloan\/#primaryimage\"},\"image\":{\"@id\":\"https:\/\/bizkeliza.org\/eu\/noticia\/teresiar-erakundeak-100-urte-daroaz-bilbon-heziketa-arloan\/#primaryimage\"},\"thumbnailUrl\":\"https:\/\/bizkeliza.org\/wp-content\/uploads\/2024\/10\/2-colegio-ikasbide-kristau-eskola-04.jpg\",\"datePublished\":\"2024-10-02T04:00:00+00:00\",\"description\":\"Ekitaldiak abenduaren 2an amaituko dira Karmeneko Ama parrokiako areto nagusian ospatuko dan berbaldiagaz: \\\"Teresiar Erakundea\",\"breadcrumb\":{\"@id\":\"https:\/\/bizkeliza.org\/eu\/noticia\/teresiar-erakundeak-100-urte-daroaz-bilbon-heziketa-arloan\/#breadcrumb\"},\"inLanguage\":\"eu-ES\",\"potentialAction\":[{\"@type\":\"ReadAction\",\"target\":[\"https:\/\/bizkeliza.org\/eu\/noticia\/teresiar-erakundeak-100-urte-daroaz-bilbon-heziketa-arloan\/\"]}]},{\"@type\":\"ImageObject\",\"inLanguage\":\"eu-ES\",\"@id\":\"https:\/\/bizkeliza.org\/eu\/noticia\/teresiar-erakundeak-100-urte-daroaz-bilbon-heziketa-arloan\/#primaryimage\",\"url\":\"https:\/\/bizkeliza.org\/wp-content\/uploads\/2024\/10\/2-colegio-ikasbide-kristau-eskola-04.jpg\",\"contentUrl\":\"https:\/\/bizkeliza.org\/wp-content\/uploads\/2024\/10\/2-colegio-ikasbide-kristau-eskola-04.jpg\",\"width\":800,\"height\":500,\"caption\":\"Las Teresianas son titulares del colegio Ikasbide, de Bilbao\"},{\"@type\":\"BreadcrumbList\",\"@id\":\"https:\/\/bizkeliza.org\/eu\/noticia\/teresiar-erakundeak-100-urte-daroaz-bilbon-heziketa-arloan\/#breadcrumb\",\"itemListElement\":[{\"@type\":\"ListItem\",\"position\":1,\"name\":\"Portada\",\"item\":\"https:\/\/bizkeliza.org\/eu\/\"},{\"@type\":\"ListItem\",\"position\":2,\"name\":\"Teresiar Erakundeak 100 urte daroaz Bilbon heziketa-arloan\"}]},{\"@type\":\"WebSite\",\"@id\":\"https:\/\/bizkeliza.org\/eu\/#website\",\"url\":\"https:\/\/bizkeliza.org\/eu\/\",\"name\":\"Bilboko Elizbarrutia - Di\u00f3cesis de Bilbao\",\"description\":\"Di\u00f3cesis de Bilbao\",\"publisher\":{\"@id\":\"https:\/\/bizkeliza.org\/eu\/#organization\"},\"alternateName\":\"Di\u00f3cesis de Bilbao\",\"potentialAction\":[{\"@type\":\"SearchAction\",\"target\":{\"@type\":\"EntryPoint\",\"urlTemplate\":\"https:\/\/bizkeliza.org\/eu\/?s={search_term_string}\"},\"query-input\":{\"@type\":\"PropertyValueSpecification\",\"valueRequired\":true,\"valueName\":\"search_term_string\"}}],\"inLanguage\":\"eu-ES\"},{\"@type\":\"Organization\",\"@id\":\"https:\/\/bizkeliza.org\/eu\/#organization\",\"name\":\"Di\u00f3cesis de Bilbao\",\"alternateName\":\"Di\u00f3cesis de Bilbao\",\"url\":\"https:\/\/bizkeliza.org\/eu\/\",\"logo\":{\"@type\":\"ImageObject\",\"inLanguage\":\"eu-ES\",\"@id\":\"https:\/\/bizkeliza.org\/eu\/#\/schema\/logo\/image\/\",\"url\":\"https:\/\/bizkeliza.org\/wp-content\/uploads\/2022\/06\/Logo-nuevo_2024-1-scaled.jpg\",\"contentUrl\":\"https:\/\/bizkeliza.org\/wp-content\/uploads\/2022\/06\/Logo-nuevo_2024-1-scaled.jpg\",\"width\":2560,\"height\":1024,\"caption\":\"Di\u00f3cesis de Bilbao\"},\"image\":{\"@id\":\"https:\/\/bizkeliza.org\/eu\/#\/schema\/logo\/image\/\"},\"sameAs\":[\"https:\/\/www.facebook.com\/DiocesisBilbao\/\",\"https:\/\/x.com\/DiocesisBilbao\",\"https:\/\/www.instagram.com\/obispadobilbao\/\",\"https:\/\/www.youtube.com\/user\/bilbokoelizbarrutia\"],\"description\":\"Iglesia local de Bilbao perteneciente a la Iglesia Cat\u00f3lica\"},{\"@type\":\"Person\",\"@id\":\"https:\/\/bizkeliza.org\/eu\/#\/schema\/person\/1f27c53156256531056d48959c2f2008\",\"name\":\"bkareaga\"}]}<\/script>\n<!-- \/ Yoast SEO Premium plugin. -->","yoast_head_json":{"title":"Teresiar Erakundeak 100 urte daroaz Bilbon heziketa-arloan","description":"Ekitaldiak abenduaren 2an amaituko dira Karmeneko Ama parrokiako areto nagusian ospatuko dan berbaldiagaz: \"Teresiar Erakundea","robots":{"index":"index","follow":"follow","max-snippet":"max-snippet:-1","max-image-preview":"max-image-preview:large","max-video-preview":"max-video-preview:-1"},"canonical":"https:\/\/bizkeliza.org\/eu\/noticia\/teresiar-erakundeak-100-urte-daroaz-bilbon-heziketa-arloan\/","og_locale":"eu_ES","og_type":"article","og_title":"Teresiar Erakundeak 100 urte daroaz Bilbon heziketa-arloan","og_description":"Ekitaldiak abenduaren 2an amaituko dira Karmeneko Ama parrokiako areto nagusian ospatuko dan berbaldiagaz: \"Teresiar Erakundea","og_url":"https:\/\/bizkeliza.org\/eu\/noticia\/teresiar-erakundeak-100-urte-daroaz-bilbon-heziketa-arloan\/","og_site_name":"Bilboko Elizbarrutia - Di\u00f3cesis de Bilbao","article_publisher":"https:\/\/www.facebook.com\/DiocesisBilbao\/","article_published_time":"2024-10-02T04:00:00+00:00","og_image":[{"width":800,"height":500,"url":"https:\/\/bizkeliza.org\/wp-content\/uploads\/2024\/10\/2-colegio-ikasbide-kristau-eskola-04.jpg","type":"image\/jpeg"}],"author":"bkareaga","twitter_card":"summary_large_image","twitter_creator":"@DiocesisBilbao","twitter_site":"@DiocesisBilbao","schema":{"@context":"https:\/\/schema.org","@graph":[{"@type":"Article","@id":"https:\/\/bizkeliza.org\/eu\/noticia\/teresiar-erakundeak-100-urte-daroaz-bilbon-heziketa-arloan\/#article","isPartOf":{"@id":"https:\/\/bizkeliza.org\/eu\/noticia\/teresiar-erakundeak-100-urte-daroaz-bilbon-heziketa-arloan\/"},"author":{"name":"bkareaga","@id":"https:\/\/bizkeliza.org\/eu\/#\/schema\/person\/1f27c53156256531056d48959c2f2008"},"headline":"Teresiar Erakundeak 100 urte daroaz Bilbon heziketa-arloan","datePublished":"2024-10-02T04:00:00+00:00","mainEntityOfPage":{"@id":"https:\/\/bizkeliza.org\/eu\/noticia\/teresiar-erakundeak-100-urte-daroaz-bilbon-heziketa-arloan\/"},"wordCount":226,"publisher":{"@id":"https:\/\/bizkeliza.org\/eu\/#organization"},"image":{"@id":"https:\/\/bizkeliza.org\/eu\/noticia\/teresiar-erakundeak-100-urte-daroaz-bilbon-heziketa-arloan\/#primaryimage"},"thumbnailUrl":"https:\/\/bizkeliza.org\/wp-content\/uploads\/2024\/10\/2-colegio-ikasbide-kristau-eskola-04.jpg","keywords":["Monjak"],"articleSection":["Lehenengo Orrialdea"],"inLanguage":"eu-ES"},{"@type":"WebPage","@id":"https:\/\/bizkeliza.org\/eu\/noticia\/teresiar-erakundeak-100-urte-daroaz-bilbon-heziketa-arloan\/","url":"https:\/\/bizkeliza.org\/eu\/noticia\/teresiar-erakundeak-100-urte-daroaz-bilbon-heziketa-arloan\/","name":"Teresiar Erakundeak 100 urte daroaz Bilbon heziketa-arloan","isPartOf":{"@id":"https:\/\/bizkeliza.org\/eu\/#website"},"primaryImageOfPage":{"@id":"https:\/\/bizkeliza.org\/eu\/noticia\/teresiar-erakundeak-100-urte-daroaz-bilbon-heziketa-arloan\/#primaryimage"},"image":{"@id":"https:\/\/bizkeliza.org\/eu\/noticia\/teresiar-erakundeak-100-urte-daroaz-bilbon-heziketa-arloan\/#primaryimage"},"thumbnailUrl":"https:\/\/bizkeliza.org\/wp-content\/uploads\/2024\/10\/2-colegio-ikasbide-kristau-eskola-04.jpg","datePublished":"2024-10-02T04:00:00+00:00","description":"Ekitaldiak abenduaren 2an amaituko dira Karmeneko Ama parrokiako areto nagusian ospatuko dan berbaldiagaz: \"Teresiar Erakundea","breadcrumb":{"@id":"https:\/\/bizkeliza.org\/eu\/noticia\/teresiar-erakundeak-100-urte-daroaz-bilbon-heziketa-arloan\/#breadcrumb"},"inLanguage":"eu-ES","potentialAction":[{"@type":"ReadAction","target":["https:\/\/bizkeliza.org\/eu\/noticia\/teresiar-erakundeak-100-urte-daroaz-bilbon-heziketa-arloan\/"]}]},{"@type":"ImageObject","inLanguage":"eu-ES","@id":"https:\/\/bizkeliza.org\/eu\/noticia\/teresiar-erakundeak-100-urte-daroaz-bilbon-heziketa-arloan\/#primaryimage","url":"https:\/\/bizkeliza.org\/wp-content\/uploads\/2024\/10\/2-colegio-ikasbide-kristau-eskola-04.jpg","contentUrl":"https:\/\/bizkeliza.org\/wp-content\/uploads\/2024\/10\/2-colegio-ikasbide-kristau-eskola-04.jpg","width":800,"height":500,"caption":"Las Teresianas son titulares del colegio Ikasbide, de Bilbao"},{"@type":"BreadcrumbList","@id":"https:\/\/bizkeliza.org\/eu\/noticia\/teresiar-erakundeak-100-urte-daroaz-bilbon-heziketa-arloan\/#breadcrumb","itemListElement":[{"@type":"ListItem","position":1,"name":"Portada","item":"https:\/\/bizkeliza.org\/eu\/"},{"@type":"ListItem","position":2,"name":"Teresiar Erakundeak 100 urte daroaz Bilbon heziketa-arloan"}]},{"@type":"WebSite","@id":"https:\/\/bizkeliza.org\/eu\/#website","url":"https:\/\/bizkeliza.org\/eu\/","name":"Bilboko Elizbarrutia - Di\u00f3cesis de Bilbao","description":"Di\u00f3cesis de Bilbao","publisher":{"@id":"https:\/\/bizkeliza.org\/eu\/#organization"},"alternateName":"Di\u00f3cesis de Bilbao","potentialAction":[{"@type":"SearchAction","target":{"@type":"EntryPoint","urlTemplate":"https:\/\/bizkeliza.org\/eu\/?s={search_term_string}"},"query-input":{"@type":"PropertyValueSpecification","valueRequired":true,"valueName":"search_term_string"}}],"inLanguage":"eu-ES"},{"@type":"Organization","@id":"https:\/\/bizkeliza.org\/eu\/#organization","name":"Di\u00f3cesis de Bilbao","alternateName":"Di\u00f3cesis de Bilbao","url":"https:\/\/bizkeliza.org\/eu\/","logo":{"@type":"ImageObject","inLanguage":"eu-ES","@id":"https:\/\/bizkeliza.org\/eu\/#\/schema\/logo\/image\/","url":"https:\/\/bizkeliza.org\/wp-content\/uploads\/2022\/06\/Logo-nuevo_2024-1-scaled.jpg","contentUrl":"https:\/\/bizkeliza.org\/wp-content\/uploads\/2022\/06\/Logo-nuevo_2024-1-scaled.jpg","width":2560,"height":1024,"caption":"Di\u00f3cesis de Bilbao"},"image":{"@id":"https:\/\/bizkeliza.org\/eu\/#\/schema\/logo\/image\/"},"sameAs":["https:\/\/www.facebook.com\/DiocesisBilbao\/","https:\/\/x.com\/DiocesisBilbao","https:\/\/www.instagram.com\/obispadobilbao\/","https:\/\/www.youtube.com\/user\/bilbokoelizbarrutia"],"description":"Iglesia local de Bilbao perteneciente a la Iglesia Cat\u00f3lica"},{"@type":"Person","@id":"https:\/\/bizkeliza.org\/eu\/#\/schema\/person\/1f27c53156256531056d48959c2f2008","name":"bkareaga"}]}},"jetpack_featured_media_url":"https:\/\/bizkeliza.org\/wp-content\/uploads\/2024\/10\/2-colegio-ikasbide-kristau-eskola-04.jpg","_links":{"self":[{"href":"https:\/\/bizkeliza.org\/eu\/wp-json\/wp\/v2\/posts\/144860","targetHints":{"allow":["GET"]}}],"collection":[{"href":"https:\/\/bizkeliza.org\/eu\/wp-json\/wp\/v2\/posts"}],"about":[{"href":"https:\/\/bizkeliza.org\/eu\/wp-json\/wp\/v2\/types\/post"}],"author":[{"embeddable":true,"href":"https:\/\/bizkeliza.org\/eu\/wp-json\/wp\/v2\/users\/20"}],"replies":[{"embeddable":true,"href":"https:\/\/bizkeliza.org\/eu\/wp-json\/wp\/v2\/comments?post=144860"}],"version-history":[{"count":0,"href":"https:\/\/bizkeliza.org\/eu\/wp-json\/wp\/v2\/posts\/144860\/revisions"}],"wp:featuredmedia":[{"embeddable":true,"href":"https:\/\/bizkeliza.org\/eu\/wp-json\/wp\/v2\/media\/144766"}],"wp:attachment":[{"href":"https:\/\/bizkeliza.org\/eu\/wp-json\/wp\/v2\/media?parent=144860"}],"wp:term":[{"taxonomy":"category","embeddable":true,"href":"https:\/\/bizkeliza.org\/eu\/wp-json\/wp\/v2\/categories?post=144860"},{"taxonomy":"post_tag","embeddable":true,"href":"https:\/\/bizkeliza.org\/eu\/wp-json\/wp\/v2\/tags?post=144860"}],"curies":[{"name":"wp","href":"https:\/\/api.w.org\/{rel}","templated":true}]}}