{"id":148484,"date":"2024-11-07T12:00:00","date_gmt":"2024-11-07T11:00:00","guid":{"rendered":"https:\/\/bizkeliza.org\/?p=148484"},"modified":"2024-11-11T10:47:28","modified_gmt":"2024-11-11T09:47:28","slug":"karrantzakoen-alkartasuna-paiportagaz","status":"publish","type":"post","link":"https:\/\/bizkeliza.org\/eu\/noticia\/karrantzakoen-alkartasuna-paiportagaz\/","title":{"rendered":"Karrantzakoen alkartasuna Paiportagaz"},"content":{"rendered":"\n<p><p><strong>Esnaolak\u00a0<\/strong>azaldu dauanez, Domu Santu Egunez, 17 parrokia eta 16 kanposantu dituan bailarako jentea bere hildakoak gogoratzera hurreratu ahala, zera iragarri jaken: domeka arratsaldez behar-beharrezko produktuak, gomazko botak, palak, erratzak, musukoak eta eskularruak batuko zirala.<\/p><\/p>\n\n<p><p><b>Sosca\u00f1oko Babesgabeen Andra Maria egoitza\u00a0<\/b>bereziki eskuzabala izan zan ekarpenean, <strong>urak hartutako Paiportako nagusien egoitzako i<\/strong>rudiakaz erabat hunkituta; bertan, zoritxarrez, 6 lagun hil ziran.<\/p><\/p>\n\n<figure class=\"wp-block-image size-full\"><img decoding=\"async\" width=\"800\" height=\"401\" src=\"https:\/\/bizkeliza.org\/wp-content\/uploads\/2024\/11\/IMG-20241107-WA0014.jpg\" alt=\"Esnaola Paiporta\" class=\"wp-image-148433\" srcset=\"https:\/\/bizkeliza.org\/wp-content\/uploads\/2024\/11\/IMG-20241107-WA0014.jpg 800w, https:\/\/bizkeliza.org\/wp-content\/uploads\/2024\/11\/IMG-20241107-WA0014-480x241.jpg 480w\" sizes=\"(min-width: 0px) and (max-width: 480px) 480px, (min-width: 481px) 800px, 100vw\" \/><figcaption class=\"wp-element-caption\">Jardueran parte hartu dabenetako batzuk<\/figcaption><\/figure>\n\n<p><p>Jenteak bere bihotzean ditu Paiporta eta hondamendiaren astindu latza jaso dauan 70 herri inguru. Oraindik shockean bizi izandako zoritxarragaitik, <strong>Paiporta<\/strong> egundoko hondamendi honen bihotzean dago, herri horretan 200 lagun baino gehiago hil eta oraindik beste lagun asko desagertuta dago-eta.<\/p><\/p>\n\n<div class=\"wp-block-columns is-layout-flex wp-container-core-columns-is-layout-9d6595d7 wp-block-columns-is-layout-flex\">\n<div class=\"wp-block-column is-layout-flow wp-block-column-is-layout-flow\">\n<figure class=\"wp-block-video\"><video height=\"478\" style=\"aspect-ratio: 848 \/ 478;\" width=\"848\" controls=\"\" src=\"https:\/\/bizkeliza.org\/wp-content\/uploads\/2024\/11\/VID-20241107-WA0016.mp4\"><\/video><\/figure>\n<\/div>\n\n\n\n<div class=\"wp-block-column is-layout-flow wp-block-column-is-layout-flow\">\n<figure class=\"wp-block-video\"><video height=\"850\" style=\"aspect-ratio: 478 \/ 850;\" width=\"478\" controls=\"\" src=\"https:\/\/bizkeliza.org\/wp-content\/uploads\/2024\/11\/VID-20241107-WA0013.mp4\"><\/video><\/figure>\n<\/div>\n<\/div>\n\n<h3 class=\"wp-block-heading\"><p><strong>Karrantzatik<\/strong><\/p><\/h3>\n\n<p><p>Joan dan astelehenez, azaroak 4, hiru furgoneta heldu ziran <strong>Paiportara,<\/strong> horreetako bat <strong><a href=\"https:\/\/bizkeliza.org\/eu\/noticia\/norai-alkartearentzat-kulturak-inklusinorako-dauan-gaitasunari-lotutako-saria\/\">Norai<\/a><\/strong> alkartekoek gidatuta. Furgonetak, inguruko parrokia eta alkarteek sustatutako ekintzaren bidez, Karrantzako lagun askoren eskuzabaltasunari esker batutako garbitasun-produktuez eta jakiez lepo beteta joiazan.\u00a0<\/p><\/p>\n\n<figure class=\"wp-block-image size-full\"><img decoding=\"async\" width=\"800\" height=\"600\" src=\"https:\/\/bizkeliza.org\/wp-content\/uploads\/2024\/11\/IMG-20241107-WA0010.jpg\" alt=\"Esnaola Paiporta\" class=\"wp-image-148424\" srcset=\"https:\/\/bizkeliza.org\/wp-content\/uploads\/2024\/11\/IMG-20241107-WA0010.jpg 800w, https:\/\/bizkeliza.org\/wp-content\/uploads\/2024\/11\/IMG-20241107-WA0010-480x360.jpg 480w\" sizes=\"(min-width: 0px) and (max-width: 480px) 480px, (min-width: 481px) 800px, 100vw\" \/><\/figure>\n\n<p><\/p>\n\n<p><p>Gau beranduan heldu ziran <strong>Paiportara<\/strong> eta automobilen argiek erakutsi eutsien\u00a0<em>&#8220;egoera negargarria: lokatza nonahi eta ehunka auto zoritxareko eskulturak osotuz. Apur bat aurretik lortu eben kaleak apur bat argiztatzea larrialdietarako zerbitzuak jarri ondoren&#8221;.\u00a0<\/em><\/p><\/p>\n\n<p><\/p>\n\n<div class=\"wp-block-columns is-layout-flex wp-container-core-columns-is-layout-9d6595d7 wp-block-columns-is-layout-flex\">\n<div class=\"wp-block-column is-layout-flow wp-block-column-is-layout-flow\">\n<figure class=\"wp-block-image size-full\"><img decoding=\"async\" width=\"800\" height=\"600\" src=\"https:\/\/bizkeliza.org\/wp-content\/uploads\/2024\/11\/IMG-20241107-WA0022.jpg\" alt=\"Esnaola Paiporta\" class=\"wp-image-148454\" srcset=\"https:\/\/bizkeliza.org\/wp-content\/uploads\/2024\/11\/IMG-20241107-WA0022.jpg 800w, https:\/\/bizkeliza.org\/wp-content\/uploads\/2024\/11\/IMG-20241107-WA0022-480x360.jpg 480w\" sizes=\"(min-width: 0px) and (max-width: 480px) 480px, (min-width: 481px) 800px, 100vw\" \/><\/figure>\n<\/div>\n\n\n\n<div class=\"wp-block-column is-layout-flow wp-block-column-is-layout-flow\">\n<figure class=\"wp-block-image size-full\"><img decoding=\"async\" width=\"800\" height=\"600\" src=\"https:\/\/bizkeliza.org\/wp-content\/uploads\/2024\/11\/IMG-20241107-WA0020.jpg\" alt=\"Esnaola Paiporta\" class=\"wp-image-148448\" srcset=\"https:\/\/bizkeliza.org\/wp-content\/uploads\/2024\/11\/IMG-20241107-WA0020.jpg 800w, https:\/\/bizkeliza.org\/wp-content\/uploads\/2024\/11\/IMG-20241107-WA0020-480x360.jpg 480w\" sizes=\"(min-width: 0px) and (max-width: 480px) 480px, (min-width: 481px) 800px, 100vw\" \/><\/figure>\n<\/div>\n<\/div>\n\n<p><\/p>\n\n<h3 class=\"wp-block-heading\"><p><strong>Zuzenean<\/strong><\/p><\/h3>\n\n<p><p><strong>Miguel Angel Esnaola<\/strong> be joan da Valentziara batutako gauzak eroatea. Hauxe esan dau handik bueltan:\u00a0<\/p><\/p>\n\n<p><em>&#8220;El primer contacto con un punto de recogida de alimentos y material, gestionado por los propios vecinos, nos aconsej\u00f3 regresar a las 7:00 h., y llevar a la localidad de Albal para depositar la carga en el colegio de la localidad. En la puerta de entrada, una fila de vecinos esperaba desde primera hora para recoger alimentos, material de limpieza y enseres de higiene. Parte de lo aportado desde Karrantza sali\u00f3 inmediatamente a localidades m\u00e1s aisladas que, 4 d\u00edas despu\u00e9s de la riada todav\u00eda no hab\u00edan recibido ninguna ayuda.<\/em><\/p>\n\n<p><\/p>\n\n<div class=\"wp-block-columns is-layout-flex wp-container-core-columns-is-layout-9d6595d7 wp-block-columns-is-layout-flex\">\n<div class=\"wp-block-column is-layout-flow wp-block-column-is-layout-flow\">\n<figure class=\"wp-block-image size-full\"><img decoding=\"async\" width=\"600\" height=\"800\" src=\"https:\/\/bizkeliza.org\/wp-content\/uploads\/2024\/11\/IMG-20241107-WA0019.jpg\" alt=\"Esnaola Paiporta\" class=\"wp-image-148445\" srcset=\"https:\/\/bizkeliza.org\/wp-content\/uploads\/2024\/11\/IMG-20241107-WA0019.jpg 600w, https:\/\/bizkeliza.org\/wp-content\/uploads\/2024\/11\/IMG-20241107-WA0019-480x640.jpg 480w\" sizes=\"(min-width: 0px) and (max-width: 480px) 480px, (min-width: 481px) 600px, 100vw\" \/><\/figure>\n<\/div>\n\n\n\n<div class=\"wp-block-column is-layout-flow wp-block-column-is-layout-flow\">\n<figure class=\"wp-block-image size-full\"><img decoding=\"async\" width=\"600\" height=\"800\" src=\"https:\/\/bizkeliza.org\/wp-content\/uploads\/2024\/11\/IMG-20241107-WA0012.jpg\" alt=\"Esnaola Paiporta\" class=\"wp-image-148430\" srcset=\"https:\/\/bizkeliza.org\/wp-content\/uploads\/2024\/11\/IMG-20241107-WA0012.jpg 600w, https:\/\/bizkeliza.org\/wp-content\/uploads\/2024\/11\/IMG-20241107-WA0012-480x640.jpg 480w\" sizes=\"(min-width: 0px) and (max-width: 480px) 480px, (min-width: 481px) 600px, 100vw\" \/><\/figure>\n<\/div>\n<\/div>\n\n<p><\/p>\n\n<p><em>Pasar\u00e1 mucho tiempo hasta que esas localidades afectadas recobren cierta normalidad. Los locales comerciales y viviendas en planta baja han quedado completamente inutilizadas. Hubo lugares donde el nivel del agua alcanz\u00f3 los 3 metros de altura.\u00a0<\/em><\/p>\n\n<p><em>En el viaje de regreso, las im\u00e1genes de cientos de voluntarios, en su mayor\u00eda j\u00f3venes, pertrechado con palas, cubos, rastrillos y escobas quedan en la memoria. En medio de un ambiente apocal\u00edptico, con colas de gente esperando pacientemente recibir comida gratuita cocinada a pie de calle, brillaban en los rostros de una &#8220;riada&#8221; esta vez de voluntarios, los\u00a0rayos del sol de la ma\u00f1ana. Han sido una horas fuertes, tr\u00e1gicas y esperanzadoras al mismo tiempo. Todos los centros educativos est\u00e1n cerrados, pero esas calles se han convertido en una inmensa escuela de solidaridad, que sin duda marcar\u00e1 a quienes all\u00ed se afanan\u201d.<\/em><\/p>\n\n<p><\/p>\n\n<div class=\"wp-block-columns is-layout-flex wp-container-core-columns-is-layout-9d6595d7 wp-block-columns-is-layout-flex\">\n<div class=\"wp-block-column is-layout-flow wp-block-column-is-layout-flow\">\n<figure class=\"wp-block-image size-full\"><img decoding=\"async\" width=\"800\" height=\"600\" src=\"https:\/\/bizkeliza.org\/wp-content\/uploads\/2024\/11\/IMG-20241107-WA0003.jpg\" alt=\"Esnaola Paiporta\" class=\"wp-image-148403\" srcset=\"https:\/\/bizkeliza.org\/wp-content\/uploads\/2024\/11\/IMG-20241107-WA0003.jpg 800w, https:\/\/bizkeliza.org\/wp-content\/uploads\/2024\/11\/IMG-20241107-WA0003-480x360.jpg 480w\" sizes=\"(min-width: 0px) and (max-width: 480px) 480px, (min-width: 481px) 800px, 100vw\" \/><\/figure>\n<\/div>\n\n\n\n<div class=\"wp-block-column is-layout-flow wp-block-column-is-layout-flow\">\n<figure class=\"wp-block-image size-large\"><img decoding=\"async\" width=\"768\" height=\"1024\" src=\"https:\/\/bizkeliza.org\/wp-content\/uploads\/2024\/11\/IMG-20241107-WA0002-768x1024.jpg\" alt=\"Esnaola Paiporta\" class=\"wp-image-148400\" srcset=\"https:\/\/bizkeliza.org\/wp-content\/uploads\/2024\/11\/IMG-20241107-WA0002-768x1024.jpg 768w, https:\/\/bizkeliza.org\/wp-content\/uploads\/2024\/11\/IMG-20241107-WA0002-480x640.jpg 480w\" sizes=\"(min-width: 0px) and (max-width: 480px) 480px, (min-width: 481px) 768px, 100vw\" \/><\/figure>\n<\/div>\n<\/div>\n\n<figure class=\"wp-block-image size-full\"><img decoding=\"async\" width=\"800\" height=\"600\" src=\"https:\/\/bizkeliza.org\/wp-content\/uploads\/2024\/11\/IMG-20241107-WA0007.jpg\" alt=\"Esnaola Paiporta\" class=\"wp-image-148415\" srcset=\"https:\/\/bizkeliza.org\/wp-content\/uploads\/2024\/11\/IMG-20241107-WA0007.jpg 800w, https:\/\/bizkeliza.org\/wp-content\/uploads\/2024\/11\/IMG-20241107-WA0007-480x360.jpg 480w\" sizes=\"(min-width: 0px) and (max-width: 480px) 480px, (min-width: 481px) 800px, 100vw\" \/><\/figure>\n\n<figure class=\"wp-block-image size-full\"><img decoding=\"async\" width=\"800\" height=\"600\" src=\"https:\/\/bizkeliza.org\/wp-content\/uploads\/2024\/11\/IMG-20241107-WA0008.jpg\" alt=\"Esnaola Paiporta\" class=\"wp-image-148418\" srcset=\"https:\/\/bizkeliza.org\/wp-content\/uploads\/2024\/11\/IMG-20241107-WA0008.jpg 800w, https:\/\/bizkeliza.org\/wp-content\/uploads\/2024\/11\/IMG-20241107-WA0008-480x360.jpg 480w\" sizes=\"(min-width: 0px) and (max-width: 480px) 480px, (min-width: 481px) 800px, 100vw\" \/><\/figure>\n","protected":false},"excerpt":{"rendered":"<p>Esnaolak\u00a0azaldu dauanez, Domu Santu Egunez, 17 parrokia eta 16 kanposantu dituan bailarako jentea bere hildakoak gogoratzera hurreratu ahala, zera iragarri jaken: domeka arratsaldez behar-beharrezko produktuak, gomazko botak, palak, erratzak, musukoak eta eskularruak batuko zirala. Sosca\u00f1oko Babesgabeen Andra Maria egoitza\u00a0bereziki eskuzabala izan zan ekarpenean, urak hartutako Paiportako nagusien egoitzako irudiakaz erabat hunkituta; bertan, zoritxarrez, 6 lagun [&hellip;]<\/p>\n","protected":false},"author":20,"featured_media":148437,"comment_status":"closed","ping_status":"closed","sticky":false,"template":"","format":"standard","meta":{"_acf_changed":false,"_et_pb_use_builder":"off","_et_pb_old_content":"","_et_gb_content_width":"","footnotes":""},"categories":[506],"tags":[635],"class_list":["post-148484","post","type-post","status-publish","format-standard","has-post-thumbnail","hentry","category-lehenengo-orrialdea","tag-karrantza-eu"],"acf":[],"yoast_head":"<!-- This site is optimized with the Yoast SEO Premium plugin v27.5 (Yoast SEO v27.5) - https:\/\/yoast.com\/product\/yoast-seo-premium-wordpress\/ -->\n<title>Karrantzakoen alkartasuna Paiportagaz<\/title>\n<meta name=\"description\" content=\"urak hartutako Paiportako nagusien egoitzako irudiak, non, zoritxarrez, 6 lagun hil ziran.\" \/>\n<meta name=\"robots\" content=\"index, follow, max-snippet:-1, max-image-preview:large, max-video-preview:-1\" \/>\n<link rel=\"canonical\" href=\"https:\/\/bizkeliza.org\/eu\/noticia\/karrantzakoen-alkartasuna-paiportagaz\/\" \/>\n<meta property=\"og:locale\" content=\"eu_ES\" \/>\n<meta property=\"og:type\" content=\"article\" \/>\n<meta property=\"og:title\" content=\"Karrantzakoen alkartasuna Paiportagaz\" \/>\n<meta property=\"og:description\" content=\"urak hartutako Paiportako nagusien egoitzako irudiak, non, zoritxarrez, 6 lagun hil ziran.\" \/>\n<meta property=\"og:url\" content=\"https:\/\/bizkeliza.org\/eu\/noticia\/karrantzakoen-alkartasuna-paiportagaz\/\" \/>\n<meta property=\"og:site_name\" content=\"Bilboko Elizbarrutia - Di\u00f3cesis de Bilbao\" \/>\n<meta property=\"article:publisher\" content=\"https:\/\/www.facebook.com\/DiocesisBilbao\/\" \/>\n<meta property=\"article:published_time\" content=\"2024-11-07T11:00:00+00:00\" \/>\n<meta property=\"article:modified_time\" content=\"2024-11-11T09:47:28+00:00\" \/>\n<meta property=\"og:image\" content=\"https:\/\/bizkeliza.org\/wp-content\/uploads\/2024\/11\/IMG-20241107-WA0015.jpg\" \/>\n\t<meta property=\"og:image:width\" content=\"800\" \/>\n\t<meta property=\"og:image:height\" content=\"522\" \/>\n\t<meta property=\"og:image:type\" content=\"image\/jpeg\" \/>\n<meta name=\"author\" content=\"bkareaga\" \/>\n<meta name=\"twitter:card\" content=\"summary_large_image\" \/>\n<meta name=\"twitter:creator\" content=\"@DiocesisBilbao\" \/>\n<meta name=\"twitter:site\" content=\"@DiocesisBilbao\" \/>\n<script type=\"application\/ld+json\" class=\"yoast-schema-graph\">{\"@context\":\"https:\\\/\\\/schema.org\",\"@graph\":[{\"@type\":\"Article\",\"@id\":\"https:\\\/\\\/bizkeliza.org\\\/eu\\\/noticia\\\/karrantzakoen-alkartasuna-paiportagaz\\\/#article\",\"isPartOf\":{\"@id\":\"https:\\\/\\\/bizkeliza.org\\\/eu\\\/noticia\\\/karrantzakoen-alkartasuna-paiportagaz\\\/\"},\"author\":{\"name\":\"bkareaga\",\"@id\":\"https:\\\/\\\/bizkeliza.org\\\/eu\\\/#\\\/schema\\\/person\\\/1f27c53156256531056d48959c2f2008\"},\"headline\":\"Karrantzakoen alkartasuna Paiportagaz\",\"datePublished\":\"2024-11-07T11:00:00+00:00\",\"dateModified\":\"2024-11-11T09:47:28+00:00\",\"mainEntityOfPage\":{\"@id\":\"https:\\\/\\\/bizkeliza.org\\\/eu\\\/noticia\\\/karrantzakoen-alkartasuna-paiportagaz\\\/\"},\"wordCount\":422,\"publisher\":{\"@id\":\"https:\\\/\\\/bizkeliza.org\\\/eu\\\/#organization\"},\"image\":{\"@id\":\"https:\\\/\\\/bizkeliza.org\\\/eu\\\/noticia\\\/karrantzakoen-alkartasuna-paiportagaz\\\/#primaryimage\"},\"thumbnailUrl\":\"https:\\\/\\\/bizkeliza.org\\\/wp-content\\\/uploads\\\/2024\\\/11\\\/IMG-20241107-WA0015.jpg\",\"keywords\":[\"Karrantza\"],\"articleSection\":[\"Lehenengo Orrialdea\"],\"inLanguage\":\"eu-ES\"},{\"@type\":\"WebPage\",\"@id\":\"https:\\\/\\\/bizkeliza.org\\\/eu\\\/noticia\\\/karrantzakoen-alkartasuna-paiportagaz\\\/\",\"url\":\"https:\\\/\\\/bizkeliza.org\\\/eu\\\/noticia\\\/karrantzakoen-alkartasuna-paiportagaz\\\/\",\"name\":\"Karrantzakoen alkartasuna Paiportagaz\",\"isPartOf\":{\"@id\":\"https:\\\/\\\/bizkeliza.org\\\/eu\\\/#website\"},\"primaryImageOfPage\":{\"@id\":\"https:\\\/\\\/bizkeliza.org\\\/eu\\\/noticia\\\/karrantzakoen-alkartasuna-paiportagaz\\\/#primaryimage\"},\"image\":{\"@id\":\"https:\\\/\\\/bizkeliza.org\\\/eu\\\/noticia\\\/karrantzakoen-alkartasuna-paiportagaz\\\/#primaryimage\"},\"thumbnailUrl\":\"https:\\\/\\\/bizkeliza.org\\\/wp-content\\\/uploads\\\/2024\\\/11\\\/IMG-20241107-WA0015.jpg\",\"datePublished\":\"2024-11-07T11:00:00+00:00\",\"dateModified\":\"2024-11-11T09:47:28+00:00\",\"description\":\"urak hartutako Paiportako nagusien egoitzako irudiak, non, zoritxarrez, 6 lagun hil ziran.\",\"breadcrumb\":{\"@id\":\"https:\\\/\\\/bizkeliza.org\\\/eu\\\/noticia\\\/karrantzakoen-alkartasuna-paiportagaz\\\/#breadcrumb\"},\"inLanguage\":\"eu-ES\",\"potentialAction\":[{\"@type\":\"ReadAction\",\"target\":[\"https:\\\/\\\/bizkeliza.org\\\/eu\\\/noticia\\\/karrantzakoen-alkartasuna-paiportagaz\\\/\"]}]},{\"@type\":\"ImageObject\",\"inLanguage\":\"eu-ES\",\"@id\":\"https:\\\/\\\/bizkeliza.org\\\/eu\\\/noticia\\\/karrantzakoen-alkartasuna-paiportagaz\\\/#primaryimage\",\"url\":\"https:\\\/\\\/bizkeliza.org\\\/wp-content\\\/uploads\\\/2024\\\/11\\\/IMG-20241107-WA0015.jpg\",\"contentUrl\":\"https:\\\/\\\/bizkeliza.org\\\/wp-content\\\/uploads\\\/2024\\\/11\\\/IMG-20241107-WA0015.jpg\",\"width\":800,\"height\":522,\"caption\":\"Agurtzane, Miguel \u00c1ngel, Cernin y Luis (de Paiporta), justo antes de emprender el viaje.\"},{\"@type\":\"BreadcrumbList\",\"@id\":\"https:\\\/\\\/bizkeliza.org\\\/eu\\\/noticia\\\/karrantzakoen-alkartasuna-paiportagaz\\\/#breadcrumb\",\"itemListElement\":[{\"@type\":\"ListItem\",\"position\":1,\"name\":\"Portada\",\"item\":\"https:\\\/\\\/bizkeliza.org\\\/eu\\\/\"},{\"@type\":\"ListItem\",\"position\":2,\"name\":\"Karrantzakoen alkartasuna Paiportagaz\"}]},{\"@type\":\"WebSite\",\"@id\":\"https:\\\/\\\/bizkeliza.org\\\/eu\\\/#website\",\"url\":\"https:\\\/\\\/bizkeliza.org\\\/eu\\\/\",\"name\":\"Bilboko Elizbarrutia - Di\u00f3cesis de Bilbao\",\"description\":\"Di\u00f3cesis de Bilbao\",\"publisher\":{\"@id\":\"https:\\\/\\\/bizkeliza.org\\\/eu\\\/#organization\"},\"alternateName\":\"Di\u00f3cesis de Bilbao\",\"potentialAction\":[{\"@type\":\"SearchAction\",\"target\":{\"@type\":\"EntryPoint\",\"urlTemplate\":\"https:\\\/\\\/bizkeliza.org\\\/eu\\\/?s={search_term_string}\"},\"query-input\":{\"@type\":\"PropertyValueSpecification\",\"valueRequired\":true,\"valueName\":\"search_term_string\"}}],\"inLanguage\":\"eu-ES\"},{\"@type\":\"Organization\",\"@id\":\"https:\\\/\\\/bizkeliza.org\\\/eu\\\/#organization\",\"name\":\"Di\u00f3cesis de Bilbao\",\"alternateName\":\"Di\u00f3cesis de Bilbao\",\"url\":\"https:\\\/\\\/bizkeliza.org\\\/eu\\\/\",\"logo\":{\"@type\":\"ImageObject\",\"inLanguage\":\"eu-ES\",\"@id\":\"https:\\\/\\\/bizkeliza.org\\\/eu\\\/#\\\/schema\\\/logo\\\/image\\\/\",\"url\":\"https:\\\/\\\/bizkeliza.org\\\/wp-content\\\/uploads\\\/2022\\\/06\\\/Logo-nuevo_2024-1-scaled.jpg\",\"contentUrl\":\"https:\\\/\\\/bizkeliza.org\\\/wp-content\\\/uploads\\\/2022\\\/06\\\/Logo-nuevo_2024-1-scaled.jpg\",\"width\":2560,\"height\":1024,\"caption\":\"Di\u00f3cesis de Bilbao\"},\"image\":{\"@id\":\"https:\\\/\\\/bizkeliza.org\\\/eu\\\/#\\\/schema\\\/logo\\\/image\\\/\"},\"sameAs\":[\"https:\\\/\\\/www.facebook.com\\\/DiocesisBilbao\\\/\",\"https:\\\/\\\/x.com\\\/DiocesisBilbao\",\"https:\\\/\\\/www.instagram.com\\\/obispadobilbao\\\/\",\"https:\\\/\\\/www.youtube.com\\\/user\\\/bilbokoelizbarrutia\"],\"description\":\"Iglesia local de Bilbao perteneciente a la Iglesia Cat\u00f3lica\"},{\"@type\":\"Person\",\"@id\":\"https:\\\/\\\/bizkeliza.org\\\/eu\\\/#\\\/schema\\\/person\\\/1f27c53156256531056d48959c2f2008\",\"name\":\"bkareaga\"}]}<\/script>\n<!-- \/ Yoast SEO Premium plugin. -->","yoast_head_json":{"title":"Karrantzakoen alkartasuna Paiportagaz","description":"urak hartutako Paiportako nagusien egoitzako irudiak, non, zoritxarrez, 6 lagun hil ziran.","robots":{"index":"index","follow":"follow","max-snippet":"max-snippet:-1","max-image-preview":"max-image-preview:large","max-video-preview":"max-video-preview:-1"},"canonical":"https:\/\/bizkeliza.org\/eu\/noticia\/karrantzakoen-alkartasuna-paiportagaz\/","og_locale":"eu_ES","og_type":"article","og_title":"Karrantzakoen alkartasuna Paiportagaz","og_description":"urak hartutako Paiportako nagusien egoitzako irudiak, non, zoritxarrez, 6 lagun hil ziran.","og_url":"https:\/\/bizkeliza.org\/eu\/noticia\/karrantzakoen-alkartasuna-paiportagaz\/","og_site_name":"Bilboko Elizbarrutia - Di\u00f3cesis de Bilbao","article_publisher":"https:\/\/www.facebook.com\/DiocesisBilbao\/","article_published_time":"2024-11-07T11:00:00+00:00","article_modified_time":"2024-11-11T09:47:28+00:00","og_image":[{"width":800,"height":522,"url":"https:\/\/bizkeliza.org\/wp-content\/uploads\/2024\/11\/IMG-20241107-WA0015.jpg","type":"image\/jpeg"}],"author":"bkareaga","twitter_card":"summary_large_image","twitter_creator":"@DiocesisBilbao","twitter_site":"@DiocesisBilbao","schema":{"@context":"https:\/\/schema.org","@graph":[{"@type":"Article","@id":"https:\/\/bizkeliza.org\/eu\/noticia\/karrantzakoen-alkartasuna-paiportagaz\/#article","isPartOf":{"@id":"https:\/\/bizkeliza.org\/eu\/noticia\/karrantzakoen-alkartasuna-paiportagaz\/"},"author":{"name":"bkareaga","@id":"https:\/\/bizkeliza.org\/eu\/#\/schema\/person\/1f27c53156256531056d48959c2f2008"},"headline":"Karrantzakoen alkartasuna Paiportagaz","datePublished":"2024-11-07T11:00:00+00:00","dateModified":"2024-11-11T09:47:28+00:00","mainEntityOfPage":{"@id":"https:\/\/bizkeliza.org\/eu\/noticia\/karrantzakoen-alkartasuna-paiportagaz\/"},"wordCount":422,"publisher":{"@id":"https:\/\/bizkeliza.org\/eu\/#organization"},"image":{"@id":"https:\/\/bizkeliza.org\/eu\/noticia\/karrantzakoen-alkartasuna-paiportagaz\/#primaryimage"},"thumbnailUrl":"https:\/\/bizkeliza.org\/wp-content\/uploads\/2024\/11\/IMG-20241107-WA0015.jpg","keywords":["Karrantza"],"articleSection":["Lehenengo Orrialdea"],"inLanguage":"eu-ES"},{"@type":"WebPage","@id":"https:\/\/bizkeliza.org\/eu\/noticia\/karrantzakoen-alkartasuna-paiportagaz\/","url":"https:\/\/bizkeliza.org\/eu\/noticia\/karrantzakoen-alkartasuna-paiportagaz\/","name":"Karrantzakoen alkartasuna Paiportagaz","isPartOf":{"@id":"https:\/\/bizkeliza.org\/eu\/#website"},"primaryImageOfPage":{"@id":"https:\/\/bizkeliza.org\/eu\/noticia\/karrantzakoen-alkartasuna-paiportagaz\/#primaryimage"},"image":{"@id":"https:\/\/bizkeliza.org\/eu\/noticia\/karrantzakoen-alkartasuna-paiportagaz\/#primaryimage"},"thumbnailUrl":"https:\/\/bizkeliza.org\/wp-content\/uploads\/2024\/11\/IMG-20241107-WA0015.jpg","datePublished":"2024-11-07T11:00:00+00:00","dateModified":"2024-11-11T09:47:28+00:00","description":"urak hartutako Paiportako nagusien egoitzako irudiak, non, zoritxarrez, 6 lagun hil ziran.","breadcrumb":{"@id":"https:\/\/bizkeliza.org\/eu\/noticia\/karrantzakoen-alkartasuna-paiportagaz\/#breadcrumb"},"inLanguage":"eu-ES","potentialAction":[{"@type":"ReadAction","target":["https:\/\/bizkeliza.org\/eu\/noticia\/karrantzakoen-alkartasuna-paiportagaz\/"]}]},{"@type":"ImageObject","inLanguage":"eu-ES","@id":"https:\/\/bizkeliza.org\/eu\/noticia\/karrantzakoen-alkartasuna-paiportagaz\/#primaryimage","url":"https:\/\/bizkeliza.org\/wp-content\/uploads\/2024\/11\/IMG-20241107-WA0015.jpg","contentUrl":"https:\/\/bizkeliza.org\/wp-content\/uploads\/2024\/11\/IMG-20241107-WA0015.jpg","width":800,"height":522,"caption":"Agurtzane, Miguel \u00c1ngel, Cernin y Luis (de Paiporta), justo antes de emprender el viaje."},{"@type":"BreadcrumbList","@id":"https:\/\/bizkeliza.org\/eu\/noticia\/karrantzakoen-alkartasuna-paiportagaz\/#breadcrumb","itemListElement":[{"@type":"ListItem","position":1,"name":"Portada","item":"https:\/\/bizkeliza.org\/eu\/"},{"@type":"ListItem","position":2,"name":"Karrantzakoen alkartasuna Paiportagaz"}]},{"@type":"WebSite","@id":"https:\/\/bizkeliza.org\/eu\/#website","url":"https:\/\/bizkeliza.org\/eu\/","name":"Bilboko Elizbarrutia - Di\u00f3cesis de Bilbao","description":"Di\u00f3cesis de Bilbao","publisher":{"@id":"https:\/\/bizkeliza.org\/eu\/#organization"},"alternateName":"Di\u00f3cesis de Bilbao","potentialAction":[{"@type":"SearchAction","target":{"@type":"EntryPoint","urlTemplate":"https:\/\/bizkeliza.org\/eu\/?s={search_term_string}"},"query-input":{"@type":"PropertyValueSpecification","valueRequired":true,"valueName":"search_term_string"}}],"inLanguage":"eu-ES"},{"@type":"Organization","@id":"https:\/\/bizkeliza.org\/eu\/#organization","name":"Di\u00f3cesis de Bilbao","alternateName":"Di\u00f3cesis de Bilbao","url":"https:\/\/bizkeliza.org\/eu\/","logo":{"@type":"ImageObject","inLanguage":"eu-ES","@id":"https:\/\/bizkeliza.org\/eu\/#\/schema\/logo\/image\/","url":"https:\/\/bizkeliza.org\/wp-content\/uploads\/2022\/06\/Logo-nuevo_2024-1-scaled.jpg","contentUrl":"https:\/\/bizkeliza.org\/wp-content\/uploads\/2022\/06\/Logo-nuevo_2024-1-scaled.jpg","width":2560,"height":1024,"caption":"Di\u00f3cesis de Bilbao"},"image":{"@id":"https:\/\/bizkeliza.org\/eu\/#\/schema\/logo\/image\/"},"sameAs":["https:\/\/www.facebook.com\/DiocesisBilbao\/","https:\/\/x.com\/DiocesisBilbao","https:\/\/www.instagram.com\/obispadobilbao\/","https:\/\/www.youtube.com\/user\/bilbokoelizbarrutia"],"description":"Iglesia local de Bilbao perteneciente a la Iglesia Cat\u00f3lica"},{"@type":"Person","@id":"https:\/\/bizkeliza.org\/eu\/#\/schema\/person\/1f27c53156256531056d48959c2f2008","name":"bkareaga"}]}},"jetpack_featured_media_url":"https:\/\/bizkeliza.org\/wp-content\/uploads\/2024\/11\/IMG-20241107-WA0015.jpg","_links":{"self":[{"href":"https:\/\/bizkeliza.org\/eu\/wp-json\/wp\/v2\/posts\/148484","targetHints":{"allow":["GET"]}}],"collection":[{"href":"https:\/\/bizkeliza.org\/eu\/wp-json\/wp\/v2\/posts"}],"about":[{"href":"https:\/\/bizkeliza.org\/eu\/wp-json\/wp\/v2\/types\/post"}],"author":[{"embeddable":true,"href":"https:\/\/bizkeliza.org\/eu\/wp-json\/wp\/v2\/users\/20"}],"replies":[{"embeddable":true,"href":"https:\/\/bizkeliza.org\/eu\/wp-json\/wp\/v2\/comments?post=148484"}],"version-history":[{"count":0,"href":"https:\/\/bizkeliza.org\/eu\/wp-json\/wp\/v2\/posts\/148484\/revisions"}],"wp:featuredmedia":[{"embeddable":true,"href":"https:\/\/bizkeliza.org\/eu\/wp-json\/wp\/v2\/media\/148437"}],"wp:attachment":[{"href":"https:\/\/bizkeliza.org\/eu\/wp-json\/wp\/v2\/media?parent=148484"}],"wp:term":[{"taxonomy":"category","embeddable":true,"href":"https:\/\/bizkeliza.org\/eu\/wp-json\/wp\/v2\/categories?post=148484"},{"taxonomy":"post_tag","embeddable":true,"href":"https:\/\/bizkeliza.org\/eu\/wp-json\/wp\/v2\/tags?post=148484"}],"curies":[{"name":"wp","href":"https:\/\/api.w.org\/{rel}","templated":true}]}}