{"id":149625,"date":"2024-11-18T15:30:00","date_gmt":"2024-11-18T14:30:00","guid":{"rendered":"https:\/\/bizkeliza.org\/noticia\/eleiza-biktimen-oroimenerako-eremu-barriaren-inaugurazinoan\/"},"modified":"2024-11-19T08:22:51","modified_gmt":"2024-11-19T07:22:51","slug":"eleiza-biktimen-oroimenerako-eremu-barriaren-inaugurazinoan","status":"publish","type":"post","link":"https:\/\/bizkeliza.org\/eu\/noticia\/eleiza-biktimen-oroimenerako-eremu-barriaren-inaugurazinoan\/","title":{"rendered":"Eleiza, biktimen oroimenerako eremu barriaren inaugurazinoan"},"content":{"rendered":"\n<p><p>Gaur inauguratutako eskultura-multzoa Guggenheim Museoaren eta Euskadi plazaren artean dago, lorategi inguru baten.\u00a0<strong>Bake eta Bizikidetzarako Bilbao Foroak <\/strong>-bertako kide da, Eleizbarrutia ordezkatuz, <strong>Galo Bilbao- <\/strong>bere sasoian egindako eskaeraren emaitza da.<\/p><\/p>\n\n<p><p>Ekitaldian, <strong>Dori Monasteriok<\/strong> (ETAk hil eban Fermin Monasterioren alaba) eta <strong>Ines Nu\u00f1ez de la Parte<\/strong> (poliziaren gehiegikeria eta tratu txarren eraginez hil zan Francisco Javier Nu\u00f1ezen alaba) jarri deutse ahotsa biktimei. Biok partaide dira Bake eta Adiskidetzerako Eleizbarrutiko batzordeko kide eta <strong>Luis Mari Vega<\/strong> batzodekok arduradunak be parte hartu dau ekitaldian.<\/p><\/p>\n\n<blockquote class=\"twitter-tweet\"><p lang=\"es\" dir=\"ltr\">\ud83d\udcccBiktimen ahotsa<br\/>\ud83d\udcccDori Monasterio e In\u00e9s N\u00fa\u00f1ez de la Parte, hijas de v\u00edctimas y miembros del Foro por la paz y la convivencia y de la comisi\u00f3n de paz y reconciliaci\u00f3n de la di\u00f3cesis de Bilbao, agradecen la iniciativa e invitan a familiares de las v\u00edctimas a participar en el\u2026 <a href=\"https:\/\/t.co\/F6VwPeGTK9\">pic.twitter.com\/F6VwPeGTK9<\/a><\/p>\u2014 Bilboko Elizbarrutia (@DiocesisBilbao) <a href=\"https:\/\/twitter.com\/DiocesisBilbao\/status\/1858470566845452524?ref_src=twsrc%5Etfw\">November 18, 2024<\/a><\/blockquote> <script async=\"\" src=\"https:\/\/platform.twitter.com\/widgets.js\" charset=\"utf-8\"><\/script>\r\n\n<blockquote class=\"wp-block-quote is-layout-flow wp-block-quote-is-layout-flow\">\n<p>Biktimen omenez eta eurak oroitzeko gaur inauguratu dogun leku hau autorpenerako, oroimenerako eta urte luzez ezkutatuta egon diran gertaerak agertzera emoteko eremua da guretzat.<\/p>\n\n\n\n<p>(Dori Monasterio)<\/p>\n<\/blockquote>\n\n<h3 class=\"wp-block-heading\">`Atalase\u00b4, oroimenerako eskultura-multzoa<\/h3>\n\n<p><p>Eskultura-multzo berezia da, ezaugarri eta neurri bereziak dituana eta orain arte ez da holakorik izan Euskadin. Hogeta bi tona ditu, erdian dago eskultura nagusia, altzairuzkoa eta marmolezko bost banko be badagoz,\u00a0alkateak esan dauanez,\u00a0<em><strong>&#8220;hausnarketarako, alkartzeko eta bakerako&#8221;.<\/strong><\/em><\/p><\/p>\n\n<p>Aurrerantzean, Bilbon, hementxe ospatuko da azaroaren 10ean, Oroimenaren Eguna. <\/p>\n\n<blockquote class=\"wp-block-quote is-layout-flow wp-block-quote-is-layout-flow\">\n<p>Zazpi urte daroaguz indarkeriari zilegitasuna kenduko deutsan oroimenaren alde egiteko eremua eraikitzen. Giza eskubideen urraketa larriak jasan dabezan biktimen, euren autorpenaren eta erreparazinoaren aldeko konpromisoa dogu.<\/p>\n\n\n\n<p> (Ines Nu\u00f1ez de la Parte)<\/p>\n\n\n\n<p><\/p>\n<\/blockquote>\n","protected":false},"excerpt":{"rendered":"<p>Gaur inauguratutako eskultura-multzoa Guggenheim Museoaren eta Euskadi plazaren artean dago, lorategi inguru baten.\u00a0Bake eta Bizikidetzarako Bilbao Foroak -bertako kide da, Eleizbarrutia ordezkatuz, Galo Bilbao- bere sasoian egindako eskaeraren emaitza da. Ekitaldian, Dori Monasteriok (ETAk hil eban Fermin Monasterioren alaba) eta Ines Nu\u00f1ez de la Parte (poliziaren gehiegikeria eta tratu txarren eraginez hil zan Francisco Javier [&hellip;]<\/p>\n","protected":false},"author":19,"featured_media":149576,"comment_status":"closed","ping_status":"closed","sticky":false,"template":"","format":"standard","meta":{"_acf_changed":false,"_et_pb_use_builder":"off","_et_pb_old_content":"","_et_gb_content_width":"","footnotes":""},"categories":[506,500],"tags":[1021],"class_list":["post-149625","post","type-post","status-publish","format-standard","has-post-thumbnail","hentry","category-lehenengo-orrialdea","category-bake-eta-adiskidetzea","tag-bake-eta-adiskidetzea"],"acf":[],"yoast_head":"<!-- This site is optimized with the Yoast SEO Premium plugin v27.2 (Yoast SEO v27.2) - https:\/\/yoast.com\/product\/yoast-seo-premium-wordpress\/ -->\n<title>Eleiza, biktimen oroimenerako eremu barriaren inaugurazinoan<\/title>\n<meta name=\"description\" content=\"Bilboko Eleizbarrutiak terrorismoaren eta indarkeria politikoaren biktimen omenezko eskulturaren inaugurazinoan parte hartu dau\" \/>\n<meta name=\"robots\" content=\"index, follow, max-snippet:-1, max-image-preview:large, max-video-preview:-1\" \/>\n<link rel=\"canonical\" href=\"https:\/\/bizkeliza.org\/eu\/noticia\/eleiza-biktimen-oroimenerako-eremu-barriaren-inaugurazinoan\/\" \/>\n<meta property=\"og:locale\" content=\"eu_ES\" \/>\n<meta property=\"og:type\" content=\"article\" \/>\n<meta property=\"og:title\" content=\"Eleiza, biktimen oroimenerako eremu barriaren inaugurazinoan\" \/>\n<meta property=\"og:description\" content=\"Bilboko Eleizbarrutiak terrorismoaren eta indarkeria politikoaren biktimen omenezko eskulturaren inaugurazinoan parte hartu dau\" \/>\n<meta property=\"og:url\" content=\"https:\/\/bizkeliza.org\/eu\/noticia\/eleiza-biktimen-oroimenerako-eremu-barriaren-inaugurazinoan\/\" \/>\n<meta property=\"og:site_name\" content=\"Bilboko Elizbarrutia - Di\u00f3cesis de Bilbao\" \/>\n<meta property=\"article:publisher\" content=\"https:\/\/www.facebook.com\/DiocesisBilbao\/\" \/>\n<meta property=\"article:published_time\" content=\"2024-11-18T14:30:00+00:00\" \/>\n<meta property=\"article:modified_time\" content=\"2024-11-19T07:22:51+00:00\" \/>\n<meta property=\"og:image\" content=\"https:\/\/bizkeliza.org\/wp-content\/uploads\/2024\/11\/bCONJUNTOESCULTORICOVICTIMAS9027.jpg\" \/>\n\t<meta property=\"og:image:width\" content=\"800\" \/>\n\t<meta property=\"og:image:height\" content=\"533\" \/>\n\t<meta property=\"og:image:type\" content=\"image\/jpeg\" \/>\n<meta name=\"author\" content=\"dalberdi\" \/>\n<meta name=\"twitter:card\" content=\"summary_large_image\" \/>\n<meta name=\"twitter:creator\" content=\"@DiocesisBilbao\" \/>\n<meta name=\"twitter:site\" content=\"@DiocesisBilbao\" \/>\n<script type=\"application\/ld+json\" class=\"yoast-schema-graph\">{\"@context\":\"https:\/\/schema.org\",\"@graph\":[{\"@type\":\"Article\",\"@id\":\"https:\/\/bizkeliza.org\/eu\/noticia\/eleiza-biktimen-oroimenerako-eremu-barriaren-inaugurazinoan\/#article\",\"isPartOf\":{\"@id\":\"https:\/\/bizkeliza.org\/eu\/noticia\/eleiza-biktimen-oroimenerako-eremu-barriaren-inaugurazinoan\/\"},\"author\":{\"name\":\"dalberdi\",\"@id\":\"https:\/\/bizkeliza.org\/eu\/#\/schema\/person\/acc5e302cb1997bd56026a6980544228\"},\"headline\":\"Eleiza, biktimen oroimenerako eremu barriaren inaugurazinoan\",\"datePublished\":\"2024-11-18T14:30:00+00:00\",\"dateModified\":\"2024-11-19T07:22:51+00:00\",\"mainEntityOfPage\":{\"@id\":\"https:\/\/bizkeliza.org\/eu\/noticia\/eleiza-biktimen-oroimenerako-eremu-barriaren-inaugurazinoan\/\"},\"wordCount\":264,\"publisher\":{\"@id\":\"https:\/\/bizkeliza.org\/eu\/#organization\"},\"image\":{\"@id\":\"https:\/\/bizkeliza.org\/eu\/noticia\/eleiza-biktimen-oroimenerako-eremu-barriaren-inaugurazinoan\/#primaryimage\"},\"thumbnailUrl\":\"https:\/\/bizkeliza.org\/wp-content\/uploads\/2024\/11\/bCONJUNTOESCULTORICOVICTIMAS9027.jpg\",\"keywords\":[\"Bake eta adiskidetzea\"],\"articleSection\":[\"Lehenengo Orrialdea\",\"Bake eta Adiskidetzea\"],\"inLanguage\":\"eu-ES\"},{\"@type\":\"WebPage\",\"@id\":\"https:\/\/bizkeliza.org\/eu\/noticia\/eleiza-biktimen-oroimenerako-eremu-barriaren-inaugurazinoan\/\",\"url\":\"https:\/\/bizkeliza.org\/eu\/noticia\/eleiza-biktimen-oroimenerako-eremu-barriaren-inaugurazinoan\/\",\"name\":\"Eleiza, biktimen oroimenerako eremu barriaren inaugurazinoan\",\"isPartOf\":{\"@id\":\"https:\/\/bizkeliza.org\/eu\/#website\"},\"primaryImageOfPage\":{\"@id\":\"https:\/\/bizkeliza.org\/eu\/noticia\/eleiza-biktimen-oroimenerako-eremu-barriaren-inaugurazinoan\/#primaryimage\"},\"image\":{\"@id\":\"https:\/\/bizkeliza.org\/eu\/noticia\/eleiza-biktimen-oroimenerako-eremu-barriaren-inaugurazinoan\/#primaryimage\"},\"thumbnailUrl\":\"https:\/\/bizkeliza.org\/wp-content\/uploads\/2024\/11\/bCONJUNTOESCULTORICOVICTIMAS9027.jpg\",\"datePublished\":\"2024-11-18T14:30:00+00:00\",\"dateModified\":\"2024-11-19T07:22:51+00:00\",\"description\":\"Bilboko Eleizbarrutiak terrorismoaren eta indarkeria politikoaren biktimen omenezko eskulturaren inaugurazinoan parte hartu dau\",\"breadcrumb\":{\"@id\":\"https:\/\/bizkeliza.org\/eu\/noticia\/eleiza-biktimen-oroimenerako-eremu-barriaren-inaugurazinoan\/#breadcrumb\"},\"inLanguage\":\"eu-ES\",\"potentialAction\":[{\"@type\":\"ReadAction\",\"target\":[\"https:\/\/bizkeliza.org\/eu\/noticia\/eleiza-biktimen-oroimenerako-eremu-barriaren-inaugurazinoan\/\"]}]},{\"@type\":\"ImageObject\",\"inLanguage\":\"eu-ES\",\"@id\":\"https:\/\/bizkeliza.org\/eu\/noticia\/eleiza-biktimen-oroimenerako-eremu-barriaren-inaugurazinoan\/#primaryimage\",\"url\":\"https:\/\/bizkeliza.org\/wp-content\/uploads\/2024\/11\/bCONJUNTOESCULTORICOVICTIMAS9027.jpg\",\"contentUrl\":\"https:\/\/bizkeliza.org\/wp-content\/uploads\/2024\/11\/bCONJUNTOESCULTORICOVICTIMAS9027.jpg\",\"width\":800,\"height\":533,\"caption\":\"Dori Monasterio e In\u00e9s N\u00fa\u00f1ez de la Parte\"},{\"@type\":\"BreadcrumbList\",\"@id\":\"https:\/\/bizkeliza.org\/eu\/noticia\/eleiza-biktimen-oroimenerako-eremu-barriaren-inaugurazinoan\/#breadcrumb\",\"itemListElement\":[{\"@type\":\"ListItem\",\"position\":1,\"name\":\"Portada\",\"item\":\"https:\/\/bizkeliza.org\/eu\/\"},{\"@type\":\"ListItem\",\"position\":2,\"name\":\"Eleiza, biktimen oroimenerako eremu barriaren inaugurazinoan\"}]},{\"@type\":\"WebSite\",\"@id\":\"https:\/\/bizkeliza.org\/eu\/#website\",\"url\":\"https:\/\/bizkeliza.org\/eu\/\",\"name\":\"Bilboko Elizbarrutia - Di\u00f3cesis de Bilbao\",\"description\":\"Di\u00f3cesis de Bilbao\",\"publisher\":{\"@id\":\"https:\/\/bizkeliza.org\/eu\/#organization\"},\"alternateName\":\"Di\u00f3cesis de Bilbao\",\"potentialAction\":[{\"@type\":\"SearchAction\",\"target\":{\"@type\":\"EntryPoint\",\"urlTemplate\":\"https:\/\/bizkeliza.org\/eu\/?s={search_term_string}\"},\"query-input\":{\"@type\":\"PropertyValueSpecification\",\"valueRequired\":true,\"valueName\":\"search_term_string\"}}],\"inLanguage\":\"eu-ES\"},{\"@type\":\"Organization\",\"@id\":\"https:\/\/bizkeliza.org\/eu\/#organization\",\"name\":\"Di\u00f3cesis de Bilbao\",\"alternateName\":\"Di\u00f3cesis de Bilbao\",\"url\":\"https:\/\/bizkeliza.org\/eu\/\",\"logo\":{\"@type\":\"ImageObject\",\"inLanguage\":\"eu-ES\",\"@id\":\"https:\/\/bizkeliza.org\/eu\/#\/schema\/logo\/image\/\",\"url\":\"https:\/\/bizkeliza.org\/wp-content\/uploads\/2022\/06\/Logo-nuevo_2024-1-scaled.jpg\",\"contentUrl\":\"https:\/\/bizkeliza.org\/wp-content\/uploads\/2022\/06\/Logo-nuevo_2024-1-scaled.jpg\",\"width\":2560,\"height\":1024,\"caption\":\"Di\u00f3cesis de Bilbao\"},\"image\":{\"@id\":\"https:\/\/bizkeliza.org\/eu\/#\/schema\/logo\/image\/\"},\"sameAs\":[\"https:\/\/www.facebook.com\/DiocesisBilbao\/\",\"https:\/\/x.com\/DiocesisBilbao\",\"https:\/\/www.instagram.com\/obispadobilbao\/\",\"https:\/\/www.youtube.com\/user\/bilbokoelizbarrutia\"],\"description\":\"Iglesia local de Bilbao perteneciente a la Iglesia Cat\u00f3lica\"},{\"@type\":\"Person\",\"@id\":\"https:\/\/bizkeliza.org\/eu\/#\/schema\/person\/acc5e302cb1997bd56026a6980544228\",\"name\":\"dalberdi\"}]}<\/script>\n<!-- \/ Yoast SEO Premium plugin. -->","yoast_head_json":{"title":"Eleiza, biktimen oroimenerako eremu barriaren inaugurazinoan","description":"Bilboko Eleizbarrutiak terrorismoaren eta indarkeria politikoaren biktimen omenezko eskulturaren inaugurazinoan parte hartu dau","robots":{"index":"index","follow":"follow","max-snippet":"max-snippet:-1","max-image-preview":"max-image-preview:large","max-video-preview":"max-video-preview:-1"},"canonical":"https:\/\/bizkeliza.org\/eu\/noticia\/eleiza-biktimen-oroimenerako-eremu-barriaren-inaugurazinoan\/","og_locale":"eu_ES","og_type":"article","og_title":"Eleiza, biktimen oroimenerako eremu barriaren inaugurazinoan","og_description":"Bilboko Eleizbarrutiak terrorismoaren eta indarkeria politikoaren biktimen omenezko eskulturaren inaugurazinoan parte hartu dau","og_url":"https:\/\/bizkeliza.org\/eu\/noticia\/eleiza-biktimen-oroimenerako-eremu-barriaren-inaugurazinoan\/","og_site_name":"Bilboko Elizbarrutia - Di\u00f3cesis de Bilbao","article_publisher":"https:\/\/www.facebook.com\/DiocesisBilbao\/","article_published_time":"2024-11-18T14:30:00+00:00","article_modified_time":"2024-11-19T07:22:51+00:00","og_image":[{"width":800,"height":533,"url":"https:\/\/bizkeliza.org\/wp-content\/uploads\/2024\/11\/bCONJUNTOESCULTORICOVICTIMAS9027.jpg","type":"image\/jpeg"}],"author":"dalberdi","twitter_card":"summary_large_image","twitter_creator":"@DiocesisBilbao","twitter_site":"@DiocesisBilbao","schema":{"@context":"https:\/\/schema.org","@graph":[{"@type":"Article","@id":"https:\/\/bizkeliza.org\/eu\/noticia\/eleiza-biktimen-oroimenerako-eremu-barriaren-inaugurazinoan\/#article","isPartOf":{"@id":"https:\/\/bizkeliza.org\/eu\/noticia\/eleiza-biktimen-oroimenerako-eremu-barriaren-inaugurazinoan\/"},"author":{"name":"dalberdi","@id":"https:\/\/bizkeliza.org\/eu\/#\/schema\/person\/acc5e302cb1997bd56026a6980544228"},"headline":"Eleiza, biktimen oroimenerako eremu barriaren inaugurazinoan","datePublished":"2024-11-18T14:30:00+00:00","dateModified":"2024-11-19T07:22:51+00:00","mainEntityOfPage":{"@id":"https:\/\/bizkeliza.org\/eu\/noticia\/eleiza-biktimen-oroimenerako-eremu-barriaren-inaugurazinoan\/"},"wordCount":264,"publisher":{"@id":"https:\/\/bizkeliza.org\/eu\/#organization"},"image":{"@id":"https:\/\/bizkeliza.org\/eu\/noticia\/eleiza-biktimen-oroimenerako-eremu-barriaren-inaugurazinoan\/#primaryimage"},"thumbnailUrl":"https:\/\/bizkeliza.org\/wp-content\/uploads\/2024\/11\/bCONJUNTOESCULTORICOVICTIMAS9027.jpg","keywords":["Bake eta adiskidetzea"],"articleSection":["Lehenengo Orrialdea","Bake eta Adiskidetzea"],"inLanguage":"eu-ES"},{"@type":"WebPage","@id":"https:\/\/bizkeliza.org\/eu\/noticia\/eleiza-biktimen-oroimenerako-eremu-barriaren-inaugurazinoan\/","url":"https:\/\/bizkeliza.org\/eu\/noticia\/eleiza-biktimen-oroimenerako-eremu-barriaren-inaugurazinoan\/","name":"Eleiza, biktimen oroimenerako eremu barriaren inaugurazinoan","isPartOf":{"@id":"https:\/\/bizkeliza.org\/eu\/#website"},"primaryImageOfPage":{"@id":"https:\/\/bizkeliza.org\/eu\/noticia\/eleiza-biktimen-oroimenerako-eremu-barriaren-inaugurazinoan\/#primaryimage"},"image":{"@id":"https:\/\/bizkeliza.org\/eu\/noticia\/eleiza-biktimen-oroimenerako-eremu-barriaren-inaugurazinoan\/#primaryimage"},"thumbnailUrl":"https:\/\/bizkeliza.org\/wp-content\/uploads\/2024\/11\/bCONJUNTOESCULTORICOVICTIMAS9027.jpg","datePublished":"2024-11-18T14:30:00+00:00","dateModified":"2024-11-19T07:22:51+00:00","description":"Bilboko Eleizbarrutiak terrorismoaren eta indarkeria politikoaren biktimen omenezko eskulturaren inaugurazinoan parte hartu dau","breadcrumb":{"@id":"https:\/\/bizkeliza.org\/eu\/noticia\/eleiza-biktimen-oroimenerako-eremu-barriaren-inaugurazinoan\/#breadcrumb"},"inLanguage":"eu-ES","potentialAction":[{"@type":"ReadAction","target":["https:\/\/bizkeliza.org\/eu\/noticia\/eleiza-biktimen-oroimenerako-eremu-barriaren-inaugurazinoan\/"]}]},{"@type":"ImageObject","inLanguage":"eu-ES","@id":"https:\/\/bizkeliza.org\/eu\/noticia\/eleiza-biktimen-oroimenerako-eremu-barriaren-inaugurazinoan\/#primaryimage","url":"https:\/\/bizkeliza.org\/wp-content\/uploads\/2024\/11\/bCONJUNTOESCULTORICOVICTIMAS9027.jpg","contentUrl":"https:\/\/bizkeliza.org\/wp-content\/uploads\/2024\/11\/bCONJUNTOESCULTORICOVICTIMAS9027.jpg","width":800,"height":533,"caption":"Dori Monasterio e In\u00e9s N\u00fa\u00f1ez de la Parte"},{"@type":"BreadcrumbList","@id":"https:\/\/bizkeliza.org\/eu\/noticia\/eleiza-biktimen-oroimenerako-eremu-barriaren-inaugurazinoan\/#breadcrumb","itemListElement":[{"@type":"ListItem","position":1,"name":"Portada","item":"https:\/\/bizkeliza.org\/eu\/"},{"@type":"ListItem","position":2,"name":"Eleiza, biktimen oroimenerako eremu barriaren inaugurazinoan"}]},{"@type":"WebSite","@id":"https:\/\/bizkeliza.org\/eu\/#website","url":"https:\/\/bizkeliza.org\/eu\/","name":"Bilboko Elizbarrutia - Di\u00f3cesis de Bilbao","description":"Di\u00f3cesis de Bilbao","publisher":{"@id":"https:\/\/bizkeliza.org\/eu\/#organization"},"alternateName":"Di\u00f3cesis de Bilbao","potentialAction":[{"@type":"SearchAction","target":{"@type":"EntryPoint","urlTemplate":"https:\/\/bizkeliza.org\/eu\/?s={search_term_string}"},"query-input":{"@type":"PropertyValueSpecification","valueRequired":true,"valueName":"search_term_string"}}],"inLanguage":"eu-ES"},{"@type":"Organization","@id":"https:\/\/bizkeliza.org\/eu\/#organization","name":"Di\u00f3cesis de Bilbao","alternateName":"Di\u00f3cesis de Bilbao","url":"https:\/\/bizkeliza.org\/eu\/","logo":{"@type":"ImageObject","inLanguage":"eu-ES","@id":"https:\/\/bizkeliza.org\/eu\/#\/schema\/logo\/image\/","url":"https:\/\/bizkeliza.org\/wp-content\/uploads\/2022\/06\/Logo-nuevo_2024-1-scaled.jpg","contentUrl":"https:\/\/bizkeliza.org\/wp-content\/uploads\/2022\/06\/Logo-nuevo_2024-1-scaled.jpg","width":2560,"height":1024,"caption":"Di\u00f3cesis de Bilbao"},"image":{"@id":"https:\/\/bizkeliza.org\/eu\/#\/schema\/logo\/image\/"},"sameAs":["https:\/\/www.facebook.com\/DiocesisBilbao\/","https:\/\/x.com\/DiocesisBilbao","https:\/\/www.instagram.com\/obispadobilbao\/","https:\/\/www.youtube.com\/user\/bilbokoelizbarrutia"],"description":"Iglesia local de Bilbao perteneciente a la Iglesia Cat\u00f3lica"},{"@type":"Person","@id":"https:\/\/bizkeliza.org\/eu\/#\/schema\/person\/acc5e302cb1997bd56026a6980544228","name":"dalberdi"}]}},"jetpack_featured_media_url":"https:\/\/bizkeliza.org\/wp-content\/uploads\/2024\/11\/bCONJUNTOESCULTORICOVICTIMAS9027.jpg","_links":{"self":[{"href":"https:\/\/bizkeliza.org\/eu\/wp-json\/wp\/v2\/posts\/149625","targetHints":{"allow":["GET"]}}],"collection":[{"href":"https:\/\/bizkeliza.org\/eu\/wp-json\/wp\/v2\/posts"}],"about":[{"href":"https:\/\/bizkeliza.org\/eu\/wp-json\/wp\/v2\/types\/post"}],"author":[{"embeddable":true,"href":"https:\/\/bizkeliza.org\/eu\/wp-json\/wp\/v2\/users\/19"}],"replies":[{"embeddable":true,"href":"https:\/\/bizkeliza.org\/eu\/wp-json\/wp\/v2\/comments?post=149625"}],"version-history":[{"count":0,"href":"https:\/\/bizkeliza.org\/eu\/wp-json\/wp\/v2\/posts\/149625\/revisions"}],"wp:featuredmedia":[{"embeddable":true,"href":"https:\/\/bizkeliza.org\/eu\/wp-json\/wp\/v2\/media\/149576"}],"wp:attachment":[{"href":"https:\/\/bizkeliza.org\/eu\/wp-json\/wp\/v2\/media?parent=149625"}],"wp:term":[{"taxonomy":"category","embeddable":true,"href":"https:\/\/bizkeliza.org\/eu\/wp-json\/wp\/v2\/categories?post=149625"},{"taxonomy":"post_tag","embeddable":true,"href":"https:\/\/bizkeliza.org\/eu\/wp-json\/wp\/v2\/tags?post=149625"}],"curies":[{"name":"wp","href":"https:\/\/api.w.org\/{rel}","templated":true}]}}