{"id":150251,"date":"2024-11-25T12:00:00","date_gmt":"2024-11-25T11:00:00","guid":{"rendered":"https:\/\/bizkeliza.org\/?p=150251"},"modified":"2024-11-25T13:12:12","modified_gmt":"2024-11-25T12:12:12","slug":"urteurrena-alkartasuna-eta-ekitaldiak-asteburuan","status":"publish","type":"post","link":"https:\/\/bizkeliza.org\/eu\/noticia\/urteurrena-alkartasuna-eta-ekitaldiak-asteburuan\/","title":{"rendered":"Urteurrena, alkartasuna eta ekitaldiak asteburuan"},"content":{"rendered":"\n<h3 class=\"wp-block-heading\"><p><strong>Caritas Tabiraren 25. urteurrena<\/strong><\/p><\/h3>\n\n<p><p>Zapatuz, <strong><em>&#8220;25<\/em><i> urte abegia, itxaropena eta aukera eskainiz&#8221;<\/i><\/strong> goiburuaren haritik ospatu ebazan <strong><a href=\"https:\/\/bizkeliza.org\/eu\/noticia\/caritas-tabiraren-25-urteurrena-bihar-durangon\/\">Caritas Tabirak <\/a><\/strong>bere Zidarrezko Ezteguak.\u00a0<\/p><\/p>\n\n<figure class=\"wp-block-image size-full\"><img decoding=\"async\" width=\"800\" height=\"603\" src=\"https:\/\/bizkeliza.org\/wp-content\/uploads\/2024\/11\/468136166_18254504950284858_5016063587566289204_n.jpg\" alt=\"Caritas Tabiraren urteurrena\" class=\"wp-image-150147\" srcset=\"https:\/\/bizkeliza.org\/wp-content\/uploads\/2024\/11\/468136166_18254504950284858_5016063587566289204_n.jpg 800w, https:\/\/bizkeliza.org\/wp-content\/uploads\/2024\/11\/468136166_18254504950284858_5016063587566289204_n-480x362.jpg 480w\" sizes=\"(min-width: 0px) and (max-width: 480px) 480px, (min-width: 481px) 800px, 100vw\" \/><\/figure>\n\n<figure class=\"wp-block-gallery has-nested-images columns-default is-cropped wp-block-gallery-1 is-layout-flex wp-block-gallery-is-layout-flex\">\n<figure class=\"wp-block-image size-large\"><img decoding=\"async\" width=\"800\" height=\"603\" data-id=\"150156\" src=\"https:\/\/bizkeliza.org\/wp-content\/uploads\/2024\/11\/468153105_18254504911284858_4407259059969729811_n.jpg\" alt=\"Caritas Tabiraren urteurrena\" class=\"wp-image-150156\" srcset=\"https:\/\/bizkeliza.org\/wp-content\/uploads\/2024\/11\/468153105_18254504911284858_4407259059969729811_n.jpg 800w, https:\/\/bizkeliza.org\/wp-content\/uploads\/2024\/11\/468153105_18254504911284858_4407259059969729811_n-480x362.jpg 480w\" sizes=\"(min-width: 0px) and (max-width: 480px) 480px, (min-width: 481px) 800px, 100vw\" \/><\/figure>\n\n\n\n<figure class=\"wp-block-image size-large\"><img decoding=\"async\" width=\"1024\" height=\"772\" data-id=\"150153\" src=\"https:\/\/bizkeliza.org\/wp-content\/uploads\/2024\/11\/468150092_18254504941284858_5818510123176817737_n-1024x772.jpg\" alt=\"Caritas Tabiraren urteurrena\" class=\"wp-image-150153\" srcset=\"https:\/\/bizkeliza.org\/wp-content\/uploads\/2024\/11\/468150092_18254504941284858_5818510123176817737_n-980x738.jpg 980w, https:\/\/bizkeliza.org\/wp-content\/uploads\/2024\/11\/468150092_18254504941284858_5818510123176817737_n-480x362.jpg 480w\" sizes=\"(min-width: 0px) and (max-width: 480px) 480px, (min-width: 481px) and (max-width: 980px) 980px, (min-width: 981px) 1024px, 100vw\" \/><\/figure>\n\n\n\n<figure class=\"wp-block-image size-large\"><img decoding=\"async\" width=\"800\" height=\"601\" data-id=\"150141\" src=\"https:\/\/bizkeliza.org\/wp-content\/uploads\/2024\/11\/468131742_18254504884284858_5315355431464940715_n.jpg\" alt=\"Caritas Tabiraren urteurrena\" class=\"wp-image-150141\" srcset=\"https:\/\/bizkeliza.org\/wp-content\/uploads\/2024\/11\/468131742_18254504884284858_5315355431464940715_n.jpg 800w, https:\/\/bizkeliza.org\/wp-content\/uploads\/2024\/11\/468131742_18254504884284858_5315355431464940715_n-480x361.jpg 480w\" sizes=\"(min-width: 0px) and (max-width: 480px) 480px, (min-width: 481px) 800px, 100vw\" \/><\/figure>\n\n\n\n<figure class=\"wp-block-image size-large\"><img decoding=\"async\" width=\"800\" height=\"601\" data-id=\"150135\" src=\"https:\/\/bizkeliza.org\/wp-content\/uploads\/2024\/11\/468131226_18254504866284858_7227824507394586363_n.jpg\" alt=\"Caritas Tabiraren urteurrena\" class=\"wp-image-150135\" srcset=\"https:\/\/bizkeliza.org\/wp-content\/uploads\/2024\/11\/468131226_18254504866284858_7227824507394586363_n.jpg 800w, https:\/\/bizkeliza.org\/wp-content\/uploads\/2024\/11\/468131226_18254504866284858_7227824507394586363_n-480x361.jpg 480w\" sizes=\"(min-width: 0px) and (max-width: 480px) 480px, (min-width: 481px) 800px, 100vw\" \/><\/figure>\n\n\n\n<figure class=\"wp-block-image size-large\"><img decoding=\"async\" width=\"800\" height=\"601\" data-id=\"150132\" src=\"https:\/\/bizkeliza.org\/wp-content\/uploads\/2024\/11\/468126753_18254504839284858_28757787831044522_n.jpg\" alt=\"Caritas Tabiraren urteurrena\" class=\"wp-image-150132\" srcset=\"https:\/\/bizkeliza.org\/wp-content\/uploads\/2024\/11\/468126753_18254504839284858_28757787831044522_n.jpg 800w, https:\/\/bizkeliza.org\/wp-content\/uploads\/2024\/11\/468126753_18254504839284858_28757787831044522_n-480x361.jpg 480w\" sizes=\"(min-width: 0px) and (max-width: 480px) 480px, (min-width: 481px) 800px, 100vw\" \/><\/figure>\n\n\n\n<figure class=\"wp-block-image size-large\"><img decoding=\"async\" width=\"800\" height=\"600\" data-id=\"150129\" src=\"https:\/\/bizkeliza.org\/wp-content\/uploads\/2024\/11\/468039536_18254504800284858_6474561504015317876_n.jpg\" alt=\"Caritas Tabiraren urteurrena\" class=\"wp-image-150129\" srcset=\"https:\/\/bizkeliza.org\/wp-content\/uploads\/2024\/11\/468039536_18254504800284858_6474561504015317876_n.jpg 800w, https:\/\/bizkeliza.org\/wp-content\/uploads\/2024\/11\/468039536_18254504800284858_6474561504015317876_n-480x360.jpg 480w\" sizes=\"(min-width: 0px) and (max-width: 480px) 480px, (min-width: 481px) 800px, 100vw\" \/><\/figure>\n\n\n\n<figure class=\"wp-block-image size-large\"><img decoding=\"async\" width=\"800\" height=\"603\" data-id=\"150126\" src=\"https:\/\/bizkeliza.org\/wp-content\/uploads\/2024\/11\/468038433_18254504980284858_7648112025401129220_n.jpg\" alt=\"Caritas Tabiraren urteurrena\" class=\"wp-image-150126\" srcset=\"https:\/\/bizkeliza.org\/wp-content\/uploads\/2024\/11\/468038433_18254504980284858_7648112025401129220_n.jpg 800w, https:\/\/bizkeliza.org\/wp-content\/uploads\/2024\/11\/468038433_18254504980284858_7648112025401129220_n-480x362.jpg 480w\" sizes=\"(min-width: 0px) and (max-width: 480px) 480px, (min-width: 481px) 800px, 100vw\" \/><\/figure>\n\n\n\n<figure class=\"wp-block-image size-large\"><img decoding=\"async\" width=\"800\" height=\"603\" data-id=\"150123\" src=\"https:\/\/bizkeliza.org\/wp-content\/uploads\/2024\/11\/468038423_18254504959284858_5280756052723955149_n.jpg\" alt=\"Caritas Tabiraren urteurrena\" class=\"wp-image-150123\" srcset=\"https:\/\/bizkeliza.org\/wp-content\/uploads\/2024\/11\/468038423_18254504959284858_5280756052723955149_n.jpg 800w, https:\/\/bizkeliza.org\/wp-content\/uploads\/2024\/11\/468038423_18254504959284858_5280756052723955149_n-480x362.jpg 480w\" sizes=\"(min-width: 0px) and (max-width: 480px) 480px, (min-width: 481px) 800px, 100vw\" \/><\/figure>\n\n\n\n<figure class=\"wp-block-image size-large\"><img decoding=\"async\" width=\"800\" height=\"601\" data-id=\"150119\" src=\"https:\/\/bizkeliza.org\/wp-content\/uploads\/2024\/11\/468037668_18254504893284858_3676451174181785444_n.jpg\" alt=\"Caritas Tabiraren urteurrena\" class=\"wp-image-150119\" srcset=\"https:\/\/bizkeliza.org\/wp-content\/uploads\/2024\/11\/468037668_18254504893284858_3676451174181785444_n.jpg 800w, https:\/\/bizkeliza.org\/wp-content\/uploads\/2024\/11\/468037668_18254504893284858_3676451174181785444_n-480x361.jpg 480w\" sizes=\"(min-width: 0px) and (max-width: 480px) 480px, (min-width: 481px) 800px, 100vw\" \/><\/figure>\n\n\n\n<figure class=\"wp-block-image size-large\"><img decoding=\"async\" width=\"800\" height=\"603\" data-id=\"150116\" src=\"https:\/\/bizkeliza.org\/wp-content\/uploads\/2024\/11\/468034776_18254504995284858_4263667389985792866_n.jpg\" alt=\"Caritas Tabiraren urteurrena\" class=\"wp-image-150116\" srcset=\"https:\/\/bizkeliza.org\/wp-content\/uploads\/2024\/11\/468034776_18254504995284858_4263667389985792866_n.jpg 800w, https:\/\/bizkeliza.org\/wp-content\/uploads\/2024\/11\/468034776_18254504995284858_4263667389985792866_n-480x362.jpg 480w\" sizes=\"(min-width: 0px) and (max-width: 480px) 480px, (min-width: 481px) 800px, 100vw\" \/><\/figure>\n\n\n\n<figure class=\"wp-block-image size-large\"><img decoding=\"async\" width=\"800\" height=\"601\" data-id=\"150113\" src=\"https:\/\/bizkeliza.org\/wp-content\/uploads\/2024\/11\/468033037_18254504857284858_2774473333069610976_n.jpg\" alt=\"Caritas Tabiraren urteurrena\" class=\"wp-image-150113\" srcset=\"https:\/\/bizkeliza.org\/wp-content\/uploads\/2024\/11\/468033037_18254504857284858_2774473333069610976_n.jpg 800w, https:\/\/bizkeliza.org\/wp-content\/uploads\/2024\/11\/468033037_18254504857284858_2774473333069610976_n-480x361.jpg 480w\" sizes=\"(min-width: 0px) and (max-width: 480px) 480px, (min-width: 481px) 800px, 100vw\" \/><\/figure>\n\n\n\n<figure class=\"wp-block-image size-large\"><img decoding=\"async\" width=\"800\" height=\"601\" data-id=\"150110\" src=\"https:\/\/bizkeliza.org\/wp-content\/uploads\/2024\/11\/468031423_18254504848284858_3620018090083740651_n.jpg\" alt=\"Caritas Tabiraren urteurrena\" class=\"wp-image-150110\" srcset=\"https:\/\/bizkeliza.org\/wp-content\/uploads\/2024\/11\/468031423_18254504848284858_3620018090083740651_n.jpg 800w, https:\/\/bizkeliza.org\/wp-content\/uploads\/2024\/11\/468031423_18254504848284858_3620018090083740651_n-480x361.jpg 480w\" sizes=\"(min-width: 0px) and (max-width: 480px) 480px, (min-width: 481px) 800px, 100vw\" \/><\/figure>\n\n\n\n<figure class=\"wp-block-image size-large\"><img decoding=\"async\" width=\"800\" height=\"603\" data-id=\"150107\" src=\"https:\/\/bizkeliza.org\/wp-content\/uploads\/2024\/11\/468026578_18254504923284858_7233240517294754171_n.jpg\" alt=\"Caritas Tabiraren urteurrena\" class=\"wp-image-150107\" srcset=\"https:\/\/bizkeliza.org\/wp-content\/uploads\/2024\/11\/468026578_18254504923284858_7233240517294754171_n.jpg 800w, https:\/\/bizkeliza.org\/wp-content\/uploads\/2024\/11\/468026578_18254504923284858_7233240517294754171_n-480x362.jpg 480w\" sizes=\"(min-width: 0px) and (max-width: 480px) 480px, (min-width: 481px) 800px, 100vw\" \/><\/figure>\n\n\n\n<figure class=\"wp-block-image size-large\"><img decoding=\"async\" width=\"800\" height=\"601\" data-id=\"150104\" src=\"https:\/\/bizkeliza.org\/wp-content\/uploads\/2024\/11\/467851381_18254504875284858_6816588881296727139_n.jpg\" alt=\"Caritas Tabiraren urteurrena\" class=\"wp-image-150104\" srcset=\"https:\/\/bizkeliza.org\/wp-content\/uploads\/2024\/11\/467851381_18254504875284858_6816588881296727139_n.jpg 800w, https:\/\/bizkeliza.org\/wp-content\/uploads\/2024\/11\/467851381_18254504875284858_6816588881296727139_n-480x361.jpg 480w\" sizes=\"(min-width: 0px) and (max-width: 480px) 480px, (min-width: 481px) 800px, 100vw\" \/><\/figure>\n\n\n\n<figure class=\"wp-block-image size-large\"><img decoding=\"async\" width=\"800\" height=\"601\" data-id=\"150101\" src=\"https:\/\/bizkeliza.org\/wp-content\/uploads\/2024\/11\/467779880_18254504809284858_5792297564308552136_n.jpg\" alt=\"Caritas Tabiraren urteurrena\" class=\"wp-image-150101\" srcset=\"https:\/\/bizkeliza.org\/wp-content\/uploads\/2024\/11\/467779880_18254504809284858_5792297564308552136_n.jpg 800w, https:\/\/bizkeliza.org\/wp-content\/uploads\/2024\/11\/467779880_18254504809284858_5792297564308552136_n-480x361.jpg 480w\" sizes=\"(min-width: 0px) and (max-width: 480px) 480px, (min-width: 481px) 800px, 100vw\" \/><\/figure>\n<\/figure>\n\n<p><\/p>\n\n<div class=\"wp-block-columns is-layout-flex wp-container-core-columns-is-layout-9d6595d7 wp-block-columns-is-layout-flex\">\n<div class=\"wp-block-column is-layout-flow wp-block-column-is-layout-flow\">\n<figure class=\"wp-block-image size-full\"><img decoding=\"async\" width=\"800\" height=\"601\" src=\"https:\/\/bizkeliza.org\/wp-content\/uploads\/2024\/11\/468141028_18254504821284858_5942218947274051383_n.jpg\" alt=\"Caritas Tabiraren urteurrena\" class=\"wp-image-150150\" srcset=\"https:\/\/bizkeliza.org\/wp-content\/uploads\/2024\/11\/468141028_18254504821284858_5942218947274051383_n.jpg 800w, https:\/\/bizkeliza.org\/wp-content\/uploads\/2024\/11\/468141028_18254504821284858_5942218947274051383_n-480x361.jpg 480w\" sizes=\"(min-width: 0px) and (max-width: 480px) 480px, (min-width: 481px) 800px, 100vw\" \/><\/figure>\n<\/div>\n\n\n\n<div class=\"wp-block-column is-layout-flow wp-block-column-is-layout-flow\">\n<figure class=\"wp-block-image size-full\"><img decoding=\"async\" width=\"800\" height=\"603\" src=\"https:\/\/bizkeliza.org\/wp-content\/uploads\/2024\/11\/468131257_18254504968284858_2218874615445064205_n.jpg\" alt=\"\" class=\"wp-image-150138\" srcset=\"https:\/\/bizkeliza.org\/wp-content\/uploads\/2024\/11\/468131257_18254504968284858_2218874615445064205_n.jpg 800w, https:\/\/bizkeliza.org\/wp-content\/uploads\/2024\/11\/468131257_18254504968284858_2218874615445064205_n-480x362.jpg 480w\" sizes=\"(min-width: 0px) and (max-width: 480px) 480px, (min-width: 481px) 800px, 100vw\" \/><\/figure>\n<\/div>\n<\/div>\n\n<p><\/p>\n\n<h3 class=\"wp-block-heading\"><p><strong>Familia meza eta &#8220;haurtzaro solidarioa&#8221; azoka, Gernikan<\/strong><\/p><\/h3>\n\n<p><p><strong>Gernikaldeko<\/strong> hainbat herritako familia ugari batu zan atzo San Bartolome eleizan, f<strong>amilia mezan<\/strong> parte hartzeko. Eleizkizunak emon eutsan hasiera eguraldia lagun eta <em>&#8220;giro bikainaz&#8221;<\/em> ospatu zan egun solidarioari.<\/p><\/p>\n\n<figure class=\"wp-block-image size-full\"><img decoding=\"async\" width=\"800\" height=\"600\" src=\"https:\/\/bizkeliza.org\/wp-content\/uploads\/2024\/11\/FO-24-azaroa-01.jpg\" alt=\"Haurtzaro solidarioa 24\" class=\"wp-image-150186\" srcset=\"https:\/\/bizkeliza.org\/wp-content\/uploads\/2024\/11\/FO-24-azaroa-01.jpg 800w, https:\/\/bizkeliza.org\/wp-content\/uploads\/2024\/11\/FO-24-azaroa-01-480x360.jpg 480w\" sizes=\"(min-width: 0px) and (max-width: 480px) 480px, (min-width: 481px) 800px, 100vw\" \/><\/figure>\n\n<p><p><strong>Gernikako azokan<\/strong> batutako dirua <strong>Euleuk<\/strong> GKEaren esku itziko dabe eta honeek <strong>Senegaleko Sidibougouko<\/strong> eskola korainikoko ikasleen <strong>(talibe<\/strong> umeak) bizi baldintzak hobetzeko erabiliko dabe. Eukaristian, <strong>Gisselle<\/strong> emakume senegaldarrak ume horreen egoeraren ingurukoak azaldu ebazan.<\/p><\/p>\n\n<figure class=\"wp-block-image size-full\"><img decoding=\"async\" width=\"800\" height=\"601\" src=\"https:\/\/bizkeliza.org\/wp-content\/uploads\/2024\/11\/FO-24-azaroa-02.jpg\" alt=\"Haurtzaro solidarioa 24\" class=\"wp-image-150189\" srcset=\"https:\/\/bizkeliza.org\/wp-content\/uploads\/2024\/11\/FO-24-azaroa-02.jpg 800w, https:\/\/bizkeliza.org\/wp-content\/uploads\/2024\/11\/FO-24-azaroa-02-480x361.jpg 480w\" sizes=\"(min-width: 0px) and (max-width: 480px) 480px, (min-width: 481px) 800px, 100vw\" \/><figcaption class=\"wp-element-caption\">Gisselle<\/figcaption><\/figure>\n\n<p>Meza amaitzeaz batera, plazaraino joan ziran txistuaz girotutako kalejiran eta bertan bigarren eskuko jostailu eta liburuen hogeigarren ekitaldian parte hartu eben. <\/p>\n\n<h4 class=\"wp-block-heading\"><p><strong>Saritutako zenbakia<\/strong><\/p><\/h4>\n\n<p><p><strong>2.288<\/strong> zenbakia izan zan zozketako irabazlea eta <strong>I\u00f1aki Malaxetxebarriak\u00a0<\/strong>eroan eban saria.<\/p><\/p>\n\n<figure class=\"wp-block-image size-full\"><img decoding=\"async\" width=\"800\" height=\"600\" src=\"https:\/\/bizkeliza.org\/wp-content\/uploads\/2024\/11\/FO-24-azaroa-03.jpg\" alt=\"Haurtzaro solidarioa 24\" class=\"wp-image-150192\" srcset=\"https:\/\/bizkeliza.org\/wp-content\/uploads\/2024\/11\/FO-24-azaroa-03.jpg 800w, https:\/\/bizkeliza.org\/wp-content\/uploads\/2024\/11\/FO-24-azaroa-03-480x360.jpg 480w\" sizes=\"(min-width: 0px) and (max-width: 480px) 480px, (min-width: 481px) 800px, 100vw\" \/><\/figure>\n\n<p><\/p>\n\n<h3 class=\"wp-block-heading\"><p><strong>Hoac Bizkaia, <a href=\"https:\/\/bizkeliza.org\/eu\/noticia\/eleizbarrutiko-ordezkaritza-lan-pastoraltzaren-xxx-jardunaldietan\/\">Langile Pastoraltzaren Jardunaldietan, \u00c1vilan<\/a><\/strong><\/p><\/h3>\n\n<p><strong>Celebraban el 30\u00ba aniversario de la publicaci\u00f3n del documento <\/strong><a href=\"https:\/\/www.conferenciaepiscopal.es\/wp-content\/uploads\/2024\/07\/Documento-La-pastoral-obrera-de-toda-la-Iglesia.-Propuestas-operativas.pdf\" target=\"_blank\" rel=\"noreferrer noopener\">\u00abLa\u00a0<strong>P<\/strong>astoral\u00a0<strong>O<\/strong>brera de toda la Iglesia\u00bb<\/a><strong>.<\/strong> De parte de nuestra Di\u00f3cesis acudieron<strong>\u00a0Pepelu Iglesias, Jorge Torralbo, Maite Valdivieso y Marimar Gonz\u00e1alez.<\/strong><\/p>\n\n<div class=\"wp-block-columns is-layout-flex wp-container-core-columns-is-layout-9d6595d7 wp-block-columns-is-layout-flex\">\n<div class=\"wp-block-column is-layout-flow wp-block-column-is-layout-flow\">\n<figure class=\"wp-block-image size-full\"><img decoding=\"async\" width=\"800\" height=\"600\" src=\"https:\/\/bizkeliza.org\/wp-content\/uploads\/2024\/11\/IMG-20241124-WA0005.jpg\" alt=\"Langile Pastoraltzaren jardunaldia &#xC1;vilan\" class=\"wp-image-150159\" srcset=\"https:\/\/bizkeliza.org\/wp-content\/uploads\/2024\/11\/IMG-20241124-WA0005.jpg 800w, https:\/\/bizkeliza.org\/wp-content\/uploads\/2024\/11\/IMG-20241124-WA0005-480x360.jpg 480w\" sizes=\"(min-width: 0px) and (max-width: 480px) 480px, (min-width: 481px) 800px, 100vw\" \/><\/figure>\n<\/div>\n\n\n\n<div class=\"wp-block-column is-layout-flow wp-block-column-is-layout-flow\">\n<figure class=\"wp-block-image size-full\"><img decoding=\"async\" width=\"800\" height=\"600\" src=\"https:\/\/bizkeliza.org\/wp-content\/uploads\/2024\/11\/IMG-20241124-WA0006.jpg\" alt=\"Langile Pastoraltzaren jardunaldia &#xC1;vilan\" class=\"wp-image-150162\" srcset=\"https:\/\/bizkeliza.org\/wp-content\/uploads\/2024\/11\/IMG-20241124-WA0006.jpg 800w, https:\/\/bizkeliza.org\/wp-content\/uploads\/2024\/11\/IMG-20241124-WA0006-480x360.jpg 480w\" sizes=\"(min-width: 0px) and (max-width: 480px) 480px, (min-width: 481px) 800px, 100vw\" \/><figcaption class=\"wp-element-caption\">Pepelu, Jorge, Maite y Marimar, de Bilbao compartieron mesa con el director de Noticias Obreras, Abraham Canales; el presidente estatal de JOC, Francho Garc\u00eda y el consiliario general de la HOAC, Jorge Jes\u00fas Hern\u00e1ndez Duarte.<\/figcaption><\/figure>\n\n\n\n<p><\/p>\n<\/div>\n<\/div>\n\n<p><\/p>\n","protected":false},"excerpt":{"rendered":"<p>Caritas Tabiraren 25. urteurrena Zapatuz, &#8220;25 urte abegia, itxaropena eta aukera eskainiz&#8221; goiburuaren haritik ospatu ebazan Caritas Tabirak bere Zidarrezko Ezteguak.\u00a0 Familia meza eta &#8220;haurtzaro solidarioa&#8221; azoka, Gernikan Gernikaldeko hainbat herritako familia ugari batu zan atzo San Bartolome eleizan, familia mezan parte hartzeko. Eleizkizunak emon eutsan hasiera eguraldia lagun eta &#8220;giro bikainaz&#8221; ospatu zan egun [&hellip;]<\/p>\n","protected":false},"author":20,"featured_media":150145,"comment_status":"closed","ping_status":"closed","sticky":false,"template":"","format":"standard","meta":{"_acf_changed":false,"_et_pb_use_builder":"off","_et_pb_old_content":"","_et_gb_content_width":"","footnotes":""},"categories":[506],"tags":[],"class_list":["post-150251","post","type-post","status-publish","format-standard","has-post-thumbnail","hentry","category-lehenengo-orrialdea"],"acf":[],"yoast_head":"<!-- This site is optimized with the Yoast SEO Premium plugin v27.5 (Yoast SEO v27.5) - https:\/\/yoast.com\/product\/yoast-seo-premium-wordpress\/ -->\n<title>Urteurrena, alkartasuna eta ekitaldiak asteburuan<\/title>\n<meta name=\"description\" content=\"Caritas Tabiraren 25. urteurrena. &quot;25 urte abegia, itxaropena eta aukera eskainiz&quot; goiburuaren haritik, Caritas Tabirak zapatuz ospatu eban\" \/>\n<meta name=\"robots\" content=\"index, follow, max-snippet:-1, max-image-preview:large, max-video-preview:-1\" \/>\n<link rel=\"canonical\" href=\"https:\/\/bizkeliza.org\/eu\/noticia\/urteurrena-alkartasuna-eta-ekitaldiak-asteburuan\/\" \/>\n<meta property=\"og:locale\" content=\"eu_ES\" \/>\n<meta property=\"og:type\" content=\"article\" \/>\n<meta property=\"og:title\" content=\"Urteurrena, alkartasuna eta ekitaldiak asteburuan\" \/>\n<meta property=\"og:description\" content=\"Caritas Tabiraren 25. urteurrena. &quot;25 urte abegia, itxaropena eta aukera eskainiz&quot; goiburuaren haritik, Caritas Tabirak zapatuz ospatu eban\" \/>\n<meta property=\"og:url\" content=\"https:\/\/bizkeliza.org\/eu\/noticia\/urteurrena-alkartasuna-eta-ekitaldiak-asteburuan\/\" \/>\n<meta property=\"og:site_name\" content=\"Bilboko Elizbarrutia - Di\u00f3cesis de Bilbao\" \/>\n<meta property=\"article:publisher\" content=\"https:\/\/www.facebook.com\/DiocesisBilbao\/\" \/>\n<meta property=\"article:published_time\" content=\"2024-11-25T11:00:00+00:00\" \/>\n<meta property=\"article:modified_time\" content=\"2024-11-25T12:12:12+00:00\" \/>\n<meta property=\"og:image\" content=\"https:\/\/bizkeliza.org\/wp-content\/uploads\/2024\/11\/468132071_18254504902284858_3648109000231327269_n.jpg\" \/>\n\t<meta property=\"og:image:width\" content=\"800\" \/>\n\t<meta property=\"og:image:height\" content=\"600\" \/>\n\t<meta property=\"og:image:type\" content=\"image\/jpeg\" \/>\n<meta name=\"author\" content=\"bkareaga\" \/>\n<meta name=\"twitter:card\" content=\"summary_large_image\" \/>\n<meta name=\"twitter:creator\" content=\"@DiocesisBilbao\" \/>\n<meta name=\"twitter:site\" content=\"@DiocesisBilbao\" \/>\n<script type=\"application\/ld+json\" class=\"yoast-schema-graph\">{\"@context\":\"https:\\\/\\\/schema.org\",\"@graph\":[{\"@type\":\"Article\",\"@id\":\"https:\\\/\\\/bizkeliza.org\\\/eu\\\/noticia\\\/urteurrena-alkartasuna-eta-ekitaldiak-asteburuan\\\/#article\",\"isPartOf\":{\"@id\":\"https:\\\/\\\/bizkeliza.org\\\/eu\\\/noticia\\\/urteurrena-alkartasuna-eta-ekitaldiak-asteburuan\\\/\"},\"author\":{\"name\":\"bkareaga\",\"@id\":\"https:\\\/\\\/bizkeliza.org\\\/eu\\\/#\\\/schema\\\/person\\\/1f27c53156256531056d48959c2f2008\"},\"headline\":\"Urteurrena, alkartasuna eta ekitaldiak asteburuan\",\"datePublished\":\"2024-11-25T11:00:00+00:00\",\"dateModified\":\"2024-11-25T12:12:12+00:00\",\"mainEntityOfPage\":{\"@id\":\"https:\\\/\\\/bizkeliza.org\\\/eu\\\/noticia\\\/urteurrena-alkartasuna-eta-ekitaldiak-asteburuan\\\/\"},\"wordCount\":205,\"publisher\":{\"@id\":\"https:\\\/\\\/bizkeliza.org\\\/eu\\\/#organization\"},\"image\":{\"@id\":\"https:\\\/\\\/bizkeliza.org\\\/eu\\\/noticia\\\/urteurrena-alkartasuna-eta-ekitaldiak-asteburuan\\\/#primaryimage\"},\"thumbnailUrl\":\"https:\\\/\\\/bizkeliza.org\\\/wp-content\\\/uploads\\\/2024\\\/11\\\/468132071_18254504902284858_3648109000231327269_n.jpg\",\"articleSection\":[\"Lehenengo Orrialdea\"],\"inLanguage\":\"eu-ES\"},{\"@type\":\"WebPage\",\"@id\":\"https:\\\/\\\/bizkeliza.org\\\/eu\\\/noticia\\\/urteurrena-alkartasuna-eta-ekitaldiak-asteburuan\\\/\",\"url\":\"https:\\\/\\\/bizkeliza.org\\\/eu\\\/noticia\\\/urteurrena-alkartasuna-eta-ekitaldiak-asteburuan\\\/\",\"name\":\"Urteurrena, alkartasuna eta ekitaldiak asteburuan\",\"isPartOf\":{\"@id\":\"https:\\\/\\\/bizkeliza.org\\\/eu\\\/#website\"},\"primaryImageOfPage\":{\"@id\":\"https:\\\/\\\/bizkeliza.org\\\/eu\\\/noticia\\\/urteurrena-alkartasuna-eta-ekitaldiak-asteburuan\\\/#primaryimage\"},\"image\":{\"@id\":\"https:\\\/\\\/bizkeliza.org\\\/eu\\\/noticia\\\/urteurrena-alkartasuna-eta-ekitaldiak-asteburuan\\\/#primaryimage\"},\"thumbnailUrl\":\"https:\\\/\\\/bizkeliza.org\\\/wp-content\\\/uploads\\\/2024\\\/11\\\/468132071_18254504902284858_3648109000231327269_n.jpg\",\"datePublished\":\"2024-11-25T11:00:00+00:00\",\"dateModified\":\"2024-11-25T12:12:12+00:00\",\"description\":\"Caritas Tabiraren 25. urteurrena. \\\"25 urte abegia, itxaropena eta aukera eskainiz\\\" goiburuaren haritik, Caritas Tabirak zapatuz ospatu eban\",\"breadcrumb\":{\"@id\":\"https:\\\/\\\/bizkeliza.org\\\/eu\\\/noticia\\\/urteurrena-alkartasuna-eta-ekitaldiak-asteburuan\\\/#breadcrumb\"},\"inLanguage\":\"eu-ES\",\"potentialAction\":[{\"@type\":\"ReadAction\",\"target\":[\"https:\\\/\\\/bizkeliza.org\\\/eu\\\/noticia\\\/urteurrena-alkartasuna-eta-ekitaldiak-asteburuan\\\/\"]}]},{\"@type\":\"ImageObject\",\"inLanguage\":\"eu-ES\",\"@id\":\"https:\\\/\\\/bizkeliza.org\\\/eu\\\/noticia\\\/urteurrena-alkartasuna-eta-ekitaldiak-asteburuan\\\/#primaryimage\",\"url\":\"https:\\\/\\\/bizkeliza.org\\\/wp-content\\\/uploads\\\/2024\\\/11\\\/468132071_18254504902284858_3648109000231327269_n.jpg\",\"contentUrl\":\"https:\\\/\\\/bizkeliza.org\\\/wp-content\\\/uploads\\\/2024\\\/11\\\/468132071_18254504902284858_3648109000231327269_n.jpg\",\"width\":800,\"height\":600,\"caption\":\"25 Aniversario C\u00e1ritas Tabira\"},{\"@type\":\"BreadcrumbList\",\"@id\":\"https:\\\/\\\/bizkeliza.org\\\/eu\\\/noticia\\\/urteurrena-alkartasuna-eta-ekitaldiak-asteburuan\\\/#breadcrumb\",\"itemListElement\":[{\"@type\":\"ListItem\",\"position\":1,\"name\":\"Portada\",\"item\":\"https:\\\/\\\/bizkeliza.org\\\/eu\\\/\"},{\"@type\":\"ListItem\",\"position\":2,\"name\":\"Urteurrena, alkartasuna eta ekitaldiak asteburuan\"}]},{\"@type\":\"WebSite\",\"@id\":\"https:\\\/\\\/bizkeliza.org\\\/eu\\\/#website\",\"url\":\"https:\\\/\\\/bizkeliza.org\\\/eu\\\/\",\"name\":\"Bilboko Elizbarrutia - Di\u00f3cesis de Bilbao\",\"description\":\"Di\u00f3cesis de Bilbao\",\"publisher\":{\"@id\":\"https:\\\/\\\/bizkeliza.org\\\/eu\\\/#organization\"},\"alternateName\":\"Di\u00f3cesis de Bilbao\",\"potentialAction\":[{\"@type\":\"SearchAction\",\"target\":{\"@type\":\"EntryPoint\",\"urlTemplate\":\"https:\\\/\\\/bizkeliza.org\\\/eu\\\/?s={search_term_string}\"},\"query-input\":{\"@type\":\"PropertyValueSpecification\",\"valueRequired\":true,\"valueName\":\"search_term_string\"}}],\"inLanguage\":\"eu-ES\"},{\"@type\":\"Organization\",\"@id\":\"https:\\\/\\\/bizkeliza.org\\\/eu\\\/#organization\",\"name\":\"Di\u00f3cesis de Bilbao\",\"alternateName\":\"Di\u00f3cesis de Bilbao\",\"url\":\"https:\\\/\\\/bizkeliza.org\\\/eu\\\/\",\"logo\":{\"@type\":\"ImageObject\",\"inLanguage\":\"eu-ES\",\"@id\":\"https:\\\/\\\/bizkeliza.org\\\/eu\\\/#\\\/schema\\\/logo\\\/image\\\/\",\"url\":\"https:\\\/\\\/bizkeliza.org\\\/wp-content\\\/uploads\\\/2022\\\/06\\\/Logo-nuevo_2024-1-scaled.jpg\",\"contentUrl\":\"https:\\\/\\\/bizkeliza.org\\\/wp-content\\\/uploads\\\/2022\\\/06\\\/Logo-nuevo_2024-1-scaled.jpg\",\"width\":2560,\"height\":1024,\"caption\":\"Di\u00f3cesis de Bilbao\"},\"image\":{\"@id\":\"https:\\\/\\\/bizkeliza.org\\\/eu\\\/#\\\/schema\\\/logo\\\/image\\\/\"},\"sameAs\":[\"https:\\\/\\\/www.facebook.com\\\/DiocesisBilbao\\\/\",\"https:\\\/\\\/x.com\\\/DiocesisBilbao\",\"https:\\\/\\\/www.instagram.com\\\/obispadobilbao\\\/\",\"https:\\\/\\\/www.youtube.com\\\/user\\\/bilbokoelizbarrutia\"],\"description\":\"Iglesia local de Bilbao perteneciente a la Iglesia Cat\u00f3lica\"},{\"@type\":\"Person\",\"@id\":\"https:\\\/\\\/bizkeliza.org\\\/eu\\\/#\\\/schema\\\/person\\\/1f27c53156256531056d48959c2f2008\",\"name\":\"bkareaga\"}]}<\/script>\n<!-- \/ Yoast SEO Premium plugin. -->","yoast_head_json":{"title":"Urteurrena, alkartasuna eta ekitaldiak asteburuan","description":"Caritas Tabiraren 25. urteurrena. \"25 urte abegia, itxaropena eta aukera eskainiz\" goiburuaren haritik, Caritas Tabirak zapatuz ospatu eban","robots":{"index":"index","follow":"follow","max-snippet":"max-snippet:-1","max-image-preview":"max-image-preview:large","max-video-preview":"max-video-preview:-1"},"canonical":"https:\/\/bizkeliza.org\/eu\/noticia\/urteurrena-alkartasuna-eta-ekitaldiak-asteburuan\/","og_locale":"eu_ES","og_type":"article","og_title":"Urteurrena, alkartasuna eta ekitaldiak asteburuan","og_description":"Caritas Tabiraren 25. urteurrena. \"25 urte abegia, itxaropena eta aukera eskainiz\" goiburuaren haritik, Caritas Tabirak zapatuz ospatu eban","og_url":"https:\/\/bizkeliza.org\/eu\/noticia\/urteurrena-alkartasuna-eta-ekitaldiak-asteburuan\/","og_site_name":"Bilboko Elizbarrutia - Di\u00f3cesis de Bilbao","article_publisher":"https:\/\/www.facebook.com\/DiocesisBilbao\/","article_published_time":"2024-11-25T11:00:00+00:00","article_modified_time":"2024-11-25T12:12:12+00:00","og_image":[{"width":800,"height":600,"url":"https:\/\/bizkeliza.org\/wp-content\/uploads\/2024\/11\/468132071_18254504902284858_3648109000231327269_n.jpg","type":"image\/jpeg"}],"author":"bkareaga","twitter_card":"summary_large_image","twitter_creator":"@DiocesisBilbao","twitter_site":"@DiocesisBilbao","schema":{"@context":"https:\/\/schema.org","@graph":[{"@type":"Article","@id":"https:\/\/bizkeliza.org\/eu\/noticia\/urteurrena-alkartasuna-eta-ekitaldiak-asteburuan\/#article","isPartOf":{"@id":"https:\/\/bizkeliza.org\/eu\/noticia\/urteurrena-alkartasuna-eta-ekitaldiak-asteburuan\/"},"author":{"name":"bkareaga","@id":"https:\/\/bizkeliza.org\/eu\/#\/schema\/person\/1f27c53156256531056d48959c2f2008"},"headline":"Urteurrena, alkartasuna eta ekitaldiak asteburuan","datePublished":"2024-11-25T11:00:00+00:00","dateModified":"2024-11-25T12:12:12+00:00","mainEntityOfPage":{"@id":"https:\/\/bizkeliza.org\/eu\/noticia\/urteurrena-alkartasuna-eta-ekitaldiak-asteburuan\/"},"wordCount":205,"publisher":{"@id":"https:\/\/bizkeliza.org\/eu\/#organization"},"image":{"@id":"https:\/\/bizkeliza.org\/eu\/noticia\/urteurrena-alkartasuna-eta-ekitaldiak-asteburuan\/#primaryimage"},"thumbnailUrl":"https:\/\/bizkeliza.org\/wp-content\/uploads\/2024\/11\/468132071_18254504902284858_3648109000231327269_n.jpg","articleSection":["Lehenengo Orrialdea"],"inLanguage":"eu-ES"},{"@type":"WebPage","@id":"https:\/\/bizkeliza.org\/eu\/noticia\/urteurrena-alkartasuna-eta-ekitaldiak-asteburuan\/","url":"https:\/\/bizkeliza.org\/eu\/noticia\/urteurrena-alkartasuna-eta-ekitaldiak-asteburuan\/","name":"Urteurrena, alkartasuna eta ekitaldiak asteburuan","isPartOf":{"@id":"https:\/\/bizkeliza.org\/eu\/#website"},"primaryImageOfPage":{"@id":"https:\/\/bizkeliza.org\/eu\/noticia\/urteurrena-alkartasuna-eta-ekitaldiak-asteburuan\/#primaryimage"},"image":{"@id":"https:\/\/bizkeliza.org\/eu\/noticia\/urteurrena-alkartasuna-eta-ekitaldiak-asteburuan\/#primaryimage"},"thumbnailUrl":"https:\/\/bizkeliza.org\/wp-content\/uploads\/2024\/11\/468132071_18254504902284858_3648109000231327269_n.jpg","datePublished":"2024-11-25T11:00:00+00:00","dateModified":"2024-11-25T12:12:12+00:00","description":"Caritas Tabiraren 25. urteurrena. \"25 urte abegia, itxaropena eta aukera eskainiz\" goiburuaren haritik, Caritas Tabirak zapatuz ospatu eban","breadcrumb":{"@id":"https:\/\/bizkeliza.org\/eu\/noticia\/urteurrena-alkartasuna-eta-ekitaldiak-asteburuan\/#breadcrumb"},"inLanguage":"eu-ES","potentialAction":[{"@type":"ReadAction","target":["https:\/\/bizkeliza.org\/eu\/noticia\/urteurrena-alkartasuna-eta-ekitaldiak-asteburuan\/"]}]},{"@type":"ImageObject","inLanguage":"eu-ES","@id":"https:\/\/bizkeliza.org\/eu\/noticia\/urteurrena-alkartasuna-eta-ekitaldiak-asteburuan\/#primaryimage","url":"https:\/\/bizkeliza.org\/wp-content\/uploads\/2024\/11\/468132071_18254504902284858_3648109000231327269_n.jpg","contentUrl":"https:\/\/bizkeliza.org\/wp-content\/uploads\/2024\/11\/468132071_18254504902284858_3648109000231327269_n.jpg","width":800,"height":600,"caption":"25 Aniversario C\u00e1ritas Tabira"},{"@type":"BreadcrumbList","@id":"https:\/\/bizkeliza.org\/eu\/noticia\/urteurrena-alkartasuna-eta-ekitaldiak-asteburuan\/#breadcrumb","itemListElement":[{"@type":"ListItem","position":1,"name":"Portada","item":"https:\/\/bizkeliza.org\/eu\/"},{"@type":"ListItem","position":2,"name":"Urteurrena, alkartasuna eta ekitaldiak asteburuan"}]},{"@type":"WebSite","@id":"https:\/\/bizkeliza.org\/eu\/#website","url":"https:\/\/bizkeliza.org\/eu\/","name":"Bilboko Elizbarrutia - Di\u00f3cesis de Bilbao","description":"Di\u00f3cesis de Bilbao","publisher":{"@id":"https:\/\/bizkeliza.org\/eu\/#organization"},"alternateName":"Di\u00f3cesis de Bilbao","potentialAction":[{"@type":"SearchAction","target":{"@type":"EntryPoint","urlTemplate":"https:\/\/bizkeliza.org\/eu\/?s={search_term_string}"},"query-input":{"@type":"PropertyValueSpecification","valueRequired":true,"valueName":"search_term_string"}}],"inLanguage":"eu-ES"},{"@type":"Organization","@id":"https:\/\/bizkeliza.org\/eu\/#organization","name":"Di\u00f3cesis de Bilbao","alternateName":"Di\u00f3cesis de Bilbao","url":"https:\/\/bizkeliza.org\/eu\/","logo":{"@type":"ImageObject","inLanguage":"eu-ES","@id":"https:\/\/bizkeliza.org\/eu\/#\/schema\/logo\/image\/","url":"https:\/\/bizkeliza.org\/wp-content\/uploads\/2022\/06\/Logo-nuevo_2024-1-scaled.jpg","contentUrl":"https:\/\/bizkeliza.org\/wp-content\/uploads\/2022\/06\/Logo-nuevo_2024-1-scaled.jpg","width":2560,"height":1024,"caption":"Di\u00f3cesis de Bilbao"},"image":{"@id":"https:\/\/bizkeliza.org\/eu\/#\/schema\/logo\/image\/"},"sameAs":["https:\/\/www.facebook.com\/DiocesisBilbao\/","https:\/\/x.com\/DiocesisBilbao","https:\/\/www.instagram.com\/obispadobilbao\/","https:\/\/www.youtube.com\/user\/bilbokoelizbarrutia"],"description":"Iglesia local de Bilbao perteneciente a la Iglesia Cat\u00f3lica"},{"@type":"Person","@id":"https:\/\/bizkeliza.org\/eu\/#\/schema\/person\/1f27c53156256531056d48959c2f2008","name":"bkareaga"}]}},"jetpack_featured_media_url":"https:\/\/bizkeliza.org\/wp-content\/uploads\/2024\/11\/468132071_18254504902284858_3648109000231327269_n.jpg","_links":{"self":[{"href":"https:\/\/bizkeliza.org\/eu\/wp-json\/wp\/v2\/posts\/150251","targetHints":{"allow":["GET"]}}],"collection":[{"href":"https:\/\/bizkeliza.org\/eu\/wp-json\/wp\/v2\/posts"}],"about":[{"href":"https:\/\/bizkeliza.org\/eu\/wp-json\/wp\/v2\/types\/post"}],"author":[{"embeddable":true,"href":"https:\/\/bizkeliza.org\/eu\/wp-json\/wp\/v2\/users\/20"}],"replies":[{"embeddable":true,"href":"https:\/\/bizkeliza.org\/eu\/wp-json\/wp\/v2\/comments?post=150251"}],"version-history":[{"count":0,"href":"https:\/\/bizkeliza.org\/eu\/wp-json\/wp\/v2\/posts\/150251\/revisions"}],"wp:featuredmedia":[{"embeddable":true,"href":"https:\/\/bizkeliza.org\/eu\/wp-json\/wp\/v2\/media\/150145"}],"wp:attachment":[{"href":"https:\/\/bizkeliza.org\/eu\/wp-json\/wp\/v2\/media?parent=150251"}],"wp:term":[{"taxonomy":"category","embeddable":true,"href":"https:\/\/bizkeliza.org\/eu\/wp-json\/wp\/v2\/categories?post=150251"},{"taxonomy":"post_tag","embeddable":true,"href":"https:\/\/bizkeliza.org\/eu\/wp-json\/wp\/v2\/tags?post=150251"}],"curies":[{"name":"wp","href":"https:\/\/api.w.org\/{rel}","templated":true}]}}