{"id":151778,"date":"2024-12-12T12:00:00","date_gmt":"2024-12-12T11:00:00","guid":{"rendered":"https:\/\/bizkeliza.org\/noticia\/euskaliten-urrezko-a-kudeaketa-aurreratuan-somorrostro-ikastegiarentzat\/"},"modified":"2024-12-12T16:50:57","modified_gmt":"2024-12-12T15:50:57","slug":"euskaliten-urrezko-a-kudeaketa-aurreratuan-somorrostro-ikastegiarentzat","status":"publish","type":"post","link":"https:\/\/bizkeliza.org\/eu\/noticia\/euskaliten-urrezko-a-kudeaketa-aurreratuan-somorrostro-ikastegiarentzat\/","title":{"rendered":"Euskaliten Urrezko A Kudeaketa Aurreratuan Somorrostro ikastegiarentzat"},"content":{"rendered":"\n<p><p><strong><a href=\"https:\/\/www.euskalit.net\/es\/\">EUSKALIT<\/a><\/strong> erakundeak 3 erakunderi egin eutsen autorpena &#8220;Kudeaketa Aurreratuaren&#8221; sariaz. A sariak emon ebazan eta baita diplomak be. <strong><a href=\"https:\/\/www.somorrostro.com\/\">Somorrostro \u00a0<\/a><\/strong>ikastegiak 2021ean be jaso eban A saria &#8220;gizartea&#8221; elementuan, 2022an &#8220;estragegia&#8221; elementuan eta 2023an, barrikuntzan.\u00a0<\/p><\/p>\n\n<p><p>Aurtengo ekitaldian,<strong> A&amp;B LABORATORIOS DE BIOTECNOLOG\u00cdA <\/strong>erakundeari barrikuntzaren saria emon deutse, <a href=\"https:\/\/www.somorrostro.com\/\"><strong>SOMORROSTRO IKASTEGIARI <\/strong><\/a>bezerpem saroa eta <strong>MUTUALIARI<\/strong> 2. saria gizartea arloan.\u00a0<\/p><\/p>\n\n<p><p><b>Urrezko A <\/b>jaso dabenak: <strong>PREOCA<\/strong> aholkularitza-etxeak,<strong> EUSKADIKO PARKE TEKNOLOGIKOAK, SPRI-ENPRESA-GARAPENERAKO EUSKADIKO AGENTZIAK<\/strong> eta <strong><a href=\"https:\/\/argiafundazioa.org\/\">ARGIA FUNDAZINOAK.<\/a> <\/strong>Argazkiak: <strong><a href=\"https:\/\/www.euskalit.net\/es\/premio-vasco-gestion-avanzada\/diciembre-entrega-premio-vasco-gestion-15486.html\">hemen.<\/a><\/strong><\/p><\/p>\n\n<p><p>Era berean, <strong>56 erakundek<\/strong> Kudeaketa Aurreratuaren diploma jaso eben, arlo horretan erakutsitako konpromisoagaitik.<\/p><\/p>\n\n<p><p><a href=\"https:\/\/www.somorrostro.com\/\"><strong>Somorrostro ikastegiak<\/strong><\/a> bere kudeaketa-sistema ebaluatzeko eta hobetzeko darabil eredu hori eta <strong><a href=\"https:\/\/www.euskalit.net\/es\/\">EUSKALITen\u00a0<\/a><\/strong>ebaluaketaren ostean emon deutse saria.\u00a0<\/p><\/p>\n\n<figure class=\"wp-block-image aligncenter\"><img decoding=\"async\" src=\"https:\/\/www.somorrostro.com\/wp-content\/uploads\/2024\/12\/premio_web_0.jpg\" alt=\"\" class=\"wp-image-22588\"\/><\/figure>\n\n<p><\/p>\n\n<h3 class=\"wp-block-heading\"><p><strong>Euskal saria kudeaketa aurreratuari<\/strong><\/p><\/h3>\n\n<p><p>Eusko Jaurlaritzak emoten dau sari hau eta kudeaketa aurreratuan nabarmendutako enpresa eta erakundeek jasoten dabe <strong><a href=\"https:\/\/www.euskalit.net\/es\/\">ESKALITen <\/a><\/strong>bidez.\u00a0<\/p><\/p>\n","protected":false},"excerpt":{"rendered":"<p>EUSKALIT erakundeak 3 erakunderi egin eutsen autorpena &#8220;Kudeaketa Aurreratuaren&#8221; sariaz. A sariak emon ebazan eta baita diplomak be. Somorrostro \u00a0ikastegiak 2021ean be jaso eban A saria &#8220;gizartea&#8221; elementuan, 2022an &#8220;estragegia&#8221; elementuan eta 2023an, barrikuntzan.\u00a0 Aurtengo ekitaldian, A&amp;B LABORATORIOS DE BIOTECNOLOG\u00cdA erakundeari barrikuntzaren saria emon deutse, SOMORROSTRO IKASTEGIARI bezerpem saroa eta MUTUALIARI 2. saria gizartea arloan.\u00a0 [&hellip;]<\/p>\n","protected":false},"author":20,"featured_media":151743,"comment_status":"closed","ping_status":"closed","sticky":false,"template":"","format":"standard","meta":{"_acf_changed":false,"_et_pb_use_builder":"off","_et_pb_old_content":"","_et_gb_content_width":"","footnotes":""},"categories":[506],"tags":[586],"class_list":["post-151778","post","type-post","status-publish","format-standard","has-post-thumbnail","hentry","category-lehenengo-orrialdea","tag-ebi-eu"],"acf":[],"yoast_head":"<!-- This site is optimized with the Yoast SEO Premium plugin v27.5 (Yoast SEO v27.5) - https:\/\/yoast.com\/product\/yoast-seo-premium-wordpress\/ -->\n<title>Euskaliten Urrezko A Kudeaketa Aurreratuan Somorrostro ikastegiarentzat<\/title>\n<meta name=\"description\" content=\"Somorrostro ikastegiak Kudeaketa Aurreratuari egiten jakon A hau 2020an lortutakoari\" \/>\n<meta name=\"robots\" content=\"index, follow, max-snippet:-1, max-image-preview:large, max-video-preview:-1\" \/>\n<link rel=\"canonical\" href=\"https:\/\/bizkeliza.org\/eu\/noticia\/euskaliten-urrezko-a-kudeaketa-aurreratuan-somorrostro-ikastegiarentzat\/\" \/>\n<meta property=\"og:locale\" content=\"eu_ES\" \/>\n<meta property=\"og:type\" content=\"article\" \/>\n<meta property=\"og:title\" content=\"Euskaliten Urrezko A Kudeaketa Aurreratuan Somorrostro ikastegiarentzat\" \/>\n<meta property=\"og:description\" content=\"Somorrostro ikastegiak Kudeaketa Aurreratuari egiten jakon A hau 2020an lortutakoari\" \/>\n<meta property=\"og:url\" content=\"https:\/\/bizkeliza.org\/eu\/noticia\/euskaliten-urrezko-a-kudeaketa-aurreratuan-somorrostro-ikastegiarentzat\/\" \/>\n<meta property=\"og:site_name\" content=\"Bilboko Elizbarrutia - Di\u00f3cesis de Bilbao\" \/>\n<meta property=\"article:publisher\" content=\"https:\/\/www.facebook.com\/DiocesisBilbao\/\" \/>\n<meta property=\"article:published_time\" content=\"2024-12-12T11:00:00+00:00\" \/>\n<meta property=\"article:modified_time\" content=\"2024-12-12T15:50:57+00:00\" \/>\n<meta property=\"og:image\" content=\"https:\/\/bizkeliza.org\/wp-content\/uploads\/2024\/12\/premio_A-de-oro-1.jpg\" \/>\n\t<meta property=\"og:image:width\" content=\"800\" \/>\n\t<meta property=\"og:image:height\" content=\"600\" \/>\n\t<meta property=\"og:image:type\" content=\"image\/jpeg\" \/>\n<meta name=\"author\" content=\"bkareaga\" \/>\n<meta name=\"twitter:card\" content=\"summary_large_image\" \/>\n<meta name=\"twitter:creator\" content=\"@DiocesisBilbao\" \/>\n<meta name=\"twitter:site\" content=\"@DiocesisBilbao\" \/>\n<script type=\"application\/ld+json\" class=\"yoast-schema-graph\">{\"@context\":\"https:\\\/\\\/schema.org\",\"@graph\":[{\"@type\":\"Article\",\"@id\":\"https:\\\/\\\/bizkeliza.org\\\/eu\\\/noticia\\\/euskaliten-urrezko-a-kudeaketa-aurreratuan-somorrostro-ikastegiarentzat\\\/#article\",\"isPartOf\":{\"@id\":\"https:\\\/\\\/bizkeliza.org\\\/eu\\\/noticia\\\/euskaliten-urrezko-a-kudeaketa-aurreratuan-somorrostro-ikastegiarentzat\\\/\"},\"author\":{\"name\":\"bkareaga\",\"@id\":\"https:\\\/\\\/bizkeliza.org\\\/eu\\\/#\\\/schema\\\/person\\\/1f27c53156256531056d48959c2f2008\"},\"headline\":\"Euskaliten Urrezko A Kudeaketa Aurreratuan Somorrostro ikastegiarentzat\",\"datePublished\":\"2024-12-12T11:00:00+00:00\",\"dateModified\":\"2024-12-12T15:50:57+00:00\",\"mainEntityOfPage\":{\"@id\":\"https:\\\/\\\/bizkeliza.org\\\/eu\\\/noticia\\\/euskaliten-urrezko-a-kudeaketa-aurreratuan-somorrostro-ikastegiarentzat\\\/\"},\"wordCount\":130,\"publisher\":{\"@id\":\"https:\\\/\\\/bizkeliza.org\\\/eu\\\/#organization\"},\"image\":{\"@id\":\"https:\\\/\\\/bizkeliza.org\\\/eu\\\/noticia\\\/euskaliten-urrezko-a-kudeaketa-aurreratuan-somorrostro-ikastegiarentzat\\\/#primaryimage\"},\"thumbnailUrl\":\"https:\\\/\\\/bizkeliza.org\\\/wp-content\\\/uploads\\\/2024\\\/12\\\/premio_A-de-oro-1.jpg\",\"keywords\":[\"EBI\"],\"articleSection\":[\"Lehenengo Orrialdea\"],\"inLanguage\":\"eu-ES\"},{\"@type\":\"WebPage\",\"@id\":\"https:\\\/\\\/bizkeliza.org\\\/eu\\\/noticia\\\/euskaliten-urrezko-a-kudeaketa-aurreratuan-somorrostro-ikastegiarentzat\\\/\",\"url\":\"https:\\\/\\\/bizkeliza.org\\\/eu\\\/noticia\\\/euskaliten-urrezko-a-kudeaketa-aurreratuan-somorrostro-ikastegiarentzat\\\/\",\"name\":\"Euskaliten Urrezko A Kudeaketa Aurreratuan Somorrostro ikastegiarentzat\",\"isPartOf\":{\"@id\":\"https:\\\/\\\/bizkeliza.org\\\/eu\\\/#website\"},\"primaryImageOfPage\":{\"@id\":\"https:\\\/\\\/bizkeliza.org\\\/eu\\\/noticia\\\/euskaliten-urrezko-a-kudeaketa-aurreratuan-somorrostro-ikastegiarentzat\\\/#primaryimage\"},\"image\":{\"@id\":\"https:\\\/\\\/bizkeliza.org\\\/eu\\\/noticia\\\/euskaliten-urrezko-a-kudeaketa-aurreratuan-somorrostro-ikastegiarentzat\\\/#primaryimage\"},\"thumbnailUrl\":\"https:\\\/\\\/bizkeliza.org\\\/wp-content\\\/uploads\\\/2024\\\/12\\\/premio_A-de-oro-1.jpg\",\"datePublished\":\"2024-12-12T11:00:00+00:00\",\"dateModified\":\"2024-12-12T15:50:57+00:00\",\"description\":\"Somorrostro ikastegiak Kudeaketa Aurreratuari egiten jakon A hau 2020an lortutakoari\",\"breadcrumb\":{\"@id\":\"https:\\\/\\\/bizkeliza.org\\\/eu\\\/noticia\\\/euskaliten-urrezko-a-kudeaketa-aurreratuan-somorrostro-ikastegiarentzat\\\/#breadcrumb\"},\"inLanguage\":\"eu-ES\",\"potentialAction\":[{\"@type\":\"ReadAction\",\"target\":[\"https:\\\/\\\/bizkeliza.org\\\/eu\\\/noticia\\\/euskaliten-urrezko-a-kudeaketa-aurreratuan-somorrostro-ikastegiarentzat\\\/\"]}]},{\"@type\":\"ImageObject\",\"inLanguage\":\"eu-ES\",\"@id\":\"https:\\\/\\\/bizkeliza.org\\\/eu\\\/noticia\\\/euskaliten-urrezko-a-kudeaketa-aurreratuan-somorrostro-ikastegiarentzat\\\/#primaryimage\",\"url\":\"https:\\\/\\\/bizkeliza.org\\\/wp-content\\\/uploads\\\/2024\\\/12\\\/premio_A-de-oro-1.jpg\",\"contentUrl\":\"https:\\\/\\\/bizkeliza.org\\\/wp-content\\\/uploads\\\/2024\\\/12\\\/premio_A-de-oro-1.jpg\",\"width\":800,\"height\":600,\"caption\":\"Mar\u00eda Bego\u00f1a Pedrosa, consejera de Educaci\u00f3n, entreg\u00f3 el premio a\u00a0Javier Laiseca, director del Centro Somorrostro.\"},{\"@type\":\"BreadcrumbList\",\"@id\":\"https:\\\/\\\/bizkeliza.org\\\/eu\\\/noticia\\\/euskaliten-urrezko-a-kudeaketa-aurreratuan-somorrostro-ikastegiarentzat\\\/#breadcrumb\",\"itemListElement\":[{\"@type\":\"ListItem\",\"position\":1,\"name\":\"Portada\",\"item\":\"https:\\\/\\\/bizkeliza.org\\\/eu\\\/\"},{\"@type\":\"ListItem\",\"position\":2,\"name\":\"Euskaliten Urrezko A Kudeaketa Aurreratuan Somorrostro ikastegiarentzat\"}]},{\"@type\":\"WebSite\",\"@id\":\"https:\\\/\\\/bizkeliza.org\\\/eu\\\/#website\",\"url\":\"https:\\\/\\\/bizkeliza.org\\\/eu\\\/\",\"name\":\"Bilboko Elizbarrutia - Di\u00f3cesis de Bilbao\",\"description\":\"Di\u00f3cesis de Bilbao\",\"publisher\":{\"@id\":\"https:\\\/\\\/bizkeliza.org\\\/eu\\\/#organization\"},\"alternateName\":\"Di\u00f3cesis de Bilbao\",\"potentialAction\":[{\"@type\":\"SearchAction\",\"target\":{\"@type\":\"EntryPoint\",\"urlTemplate\":\"https:\\\/\\\/bizkeliza.org\\\/eu\\\/?s={search_term_string}\"},\"query-input\":{\"@type\":\"PropertyValueSpecification\",\"valueRequired\":true,\"valueName\":\"search_term_string\"}}],\"inLanguage\":\"eu-ES\"},{\"@type\":\"Organization\",\"@id\":\"https:\\\/\\\/bizkeliza.org\\\/eu\\\/#organization\",\"name\":\"Di\u00f3cesis de Bilbao\",\"alternateName\":\"Di\u00f3cesis de Bilbao\",\"url\":\"https:\\\/\\\/bizkeliza.org\\\/eu\\\/\",\"logo\":{\"@type\":\"ImageObject\",\"inLanguage\":\"eu-ES\",\"@id\":\"https:\\\/\\\/bizkeliza.org\\\/eu\\\/#\\\/schema\\\/logo\\\/image\\\/\",\"url\":\"https:\\\/\\\/bizkeliza.org\\\/wp-content\\\/uploads\\\/2022\\\/06\\\/Logo-nuevo_2024-1-scaled.jpg\",\"contentUrl\":\"https:\\\/\\\/bizkeliza.org\\\/wp-content\\\/uploads\\\/2022\\\/06\\\/Logo-nuevo_2024-1-scaled.jpg\",\"width\":2560,\"height\":1024,\"caption\":\"Di\u00f3cesis de Bilbao\"},\"image\":{\"@id\":\"https:\\\/\\\/bizkeliza.org\\\/eu\\\/#\\\/schema\\\/logo\\\/image\\\/\"},\"sameAs\":[\"https:\\\/\\\/www.facebook.com\\\/DiocesisBilbao\\\/\",\"https:\\\/\\\/x.com\\\/DiocesisBilbao\",\"https:\\\/\\\/www.instagram.com\\\/obispadobilbao\\\/\",\"https:\\\/\\\/www.youtube.com\\\/user\\\/bilbokoelizbarrutia\"],\"description\":\"Iglesia local de Bilbao perteneciente a la Iglesia Cat\u00f3lica\"},{\"@type\":\"Person\",\"@id\":\"https:\\\/\\\/bizkeliza.org\\\/eu\\\/#\\\/schema\\\/person\\\/1f27c53156256531056d48959c2f2008\",\"name\":\"bkareaga\"}]}<\/script>\n<!-- \/ Yoast SEO Premium plugin. -->","yoast_head_json":{"title":"Euskaliten Urrezko A Kudeaketa Aurreratuan Somorrostro ikastegiarentzat","description":"Somorrostro ikastegiak Kudeaketa Aurreratuari egiten jakon A hau 2020an lortutakoari","robots":{"index":"index","follow":"follow","max-snippet":"max-snippet:-1","max-image-preview":"max-image-preview:large","max-video-preview":"max-video-preview:-1"},"canonical":"https:\/\/bizkeliza.org\/eu\/noticia\/euskaliten-urrezko-a-kudeaketa-aurreratuan-somorrostro-ikastegiarentzat\/","og_locale":"eu_ES","og_type":"article","og_title":"Euskaliten Urrezko A Kudeaketa Aurreratuan Somorrostro ikastegiarentzat","og_description":"Somorrostro ikastegiak Kudeaketa Aurreratuari egiten jakon A hau 2020an lortutakoari","og_url":"https:\/\/bizkeliza.org\/eu\/noticia\/euskaliten-urrezko-a-kudeaketa-aurreratuan-somorrostro-ikastegiarentzat\/","og_site_name":"Bilboko Elizbarrutia - Di\u00f3cesis de Bilbao","article_publisher":"https:\/\/www.facebook.com\/DiocesisBilbao\/","article_published_time":"2024-12-12T11:00:00+00:00","article_modified_time":"2024-12-12T15:50:57+00:00","og_image":[{"width":800,"height":600,"url":"https:\/\/bizkeliza.org\/wp-content\/uploads\/2024\/12\/premio_A-de-oro-1.jpg","type":"image\/jpeg"}],"author":"bkareaga","twitter_card":"summary_large_image","twitter_creator":"@DiocesisBilbao","twitter_site":"@DiocesisBilbao","schema":{"@context":"https:\/\/schema.org","@graph":[{"@type":"Article","@id":"https:\/\/bizkeliza.org\/eu\/noticia\/euskaliten-urrezko-a-kudeaketa-aurreratuan-somorrostro-ikastegiarentzat\/#article","isPartOf":{"@id":"https:\/\/bizkeliza.org\/eu\/noticia\/euskaliten-urrezko-a-kudeaketa-aurreratuan-somorrostro-ikastegiarentzat\/"},"author":{"name":"bkareaga","@id":"https:\/\/bizkeliza.org\/eu\/#\/schema\/person\/1f27c53156256531056d48959c2f2008"},"headline":"Euskaliten Urrezko A Kudeaketa Aurreratuan Somorrostro ikastegiarentzat","datePublished":"2024-12-12T11:00:00+00:00","dateModified":"2024-12-12T15:50:57+00:00","mainEntityOfPage":{"@id":"https:\/\/bizkeliza.org\/eu\/noticia\/euskaliten-urrezko-a-kudeaketa-aurreratuan-somorrostro-ikastegiarentzat\/"},"wordCount":130,"publisher":{"@id":"https:\/\/bizkeliza.org\/eu\/#organization"},"image":{"@id":"https:\/\/bizkeliza.org\/eu\/noticia\/euskaliten-urrezko-a-kudeaketa-aurreratuan-somorrostro-ikastegiarentzat\/#primaryimage"},"thumbnailUrl":"https:\/\/bizkeliza.org\/wp-content\/uploads\/2024\/12\/premio_A-de-oro-1.jpg","keywords":["EBI"],"articleSection":["Lehenengo Orrialdea"],"inLanguage":"eu-ES"},{"@type":"WebPage","@id":"https:\/\/bizkeliza.org\/eu\/noticia\/euskaliten-urrezko-a-kudeaketa-aurreratuan-somorrostro-ikastegiarentzat\/","url":"https:\/\/bizkeliza.org\/eu\/noticia\/euskaliten-urrezko-a-kudeaketa-aurreratuan-somorrostro-ikastegiarentzat\/","name":"Euskaliten Urrezko A Kudeaketa Aurreratuan Somorrostro ikastegiarentzat","isPartOf":{"@id":"https:\/\/bizkeliza.org\/eu\/#website"},"primaryImageOfPage":{"@id":"https:\/\/bizkeliza.org\/eu\/noticia\/euskaliten-urrezko-a-kudeaketa-aurreratuan-somorrostro-ikastegiarentzat\/#primaryimage"},"image":{"@id":"https:\/\/bizkeliza.org\/eu\/noticia\/euskaliten-urrezko-a-kudeaketa-aurreratuan-somorrostro-ikastegiarentzat\/#primaryimage"},"thumbnailUrl":"https:\/\/bizkeliza.org\/wp-content\/uploads\/2024\/12\/premio_A-de-oro-1.jpg","datePublished":"2024-12-12T11:00:00+00:00","dateModified":"2024-12-12T15:50:57+00:00","description":"Somorrostro ikastegiak Kudeaketa Aurreratuari egiten jakon A hau 2020an lortutakoari","breadcrumb":{"@id":"https:\/\/bizkeliza.org\/eu\/noticia\/euskaliten-urrezko-a-kudeaketa-aurreratuan-somorrostro-ikastegiarentzat\/#breadcrumb"},"inLanguage":"eu-ES","potentialAction":[{"@type":"ReadAction","target":["https:\/\/bizkeliza.org\/eu\/noticia\/euskaliten-urrezko-a-kudeaketa-aurreratuan-somorrostro-ikastegiarentzat\/"]}]},{"@type":"ImageObject","inLanguage":"eu-ES","@id":"https:\/\/bizkeliza.org\/eu\/noticia\/euskaliten-urrezko-a-kudeaketa-aurreratuan-somorrostro-ikastegiarentzat\/#primaryimage","url":"https:\/\/bizkeliza.org\/wp-content\/uploads\/2024\/12\/premio_A-de-oro-1.jpg","contentUrl":"https:\/\/bizkeliza.org\/wp-content\/uploads\/2024\/12\/premio_A-de-oro-1.jpg","width":800,"height":600,"caption":"Mar\u00eda Bego\u00f1a Pedrosa, consejera de Educaci\u00f3n, entreg\u00f3 el premio a\u00a0Javier Laiseca, director del Centro Somorrostro."},{"@type":"BreadcrumbList","@id":"https:\/\/bizkeliza.org\/eu\/noticia\/euskaliten-urrezko-a-kudeaketa-aurreratuan-somorrostro-ikastegiarentzat\/#breadcrumb","itemListElement":[{"@type":"ListItem","position":1,"name":"Portada","item":"https:\/\/bizkeliza.org\/eu\/"},{"@type":"ListItem","position":2,"name":"Euskaliten Urrezko A Kudeaketa Aurreratuan Somorrostro ikastegiarentzat"}]},{"@type":"WebSite","@id":"https:\/\/bizkeliza.org\/eu\/#website","url":"https:\/\/bizkeliza.org\/eu\/","name":"Bilboko Elizbarrutia - Di\u00f3cesis de Bilbao","description":"Di\u00f3cesis de Bilbao","publisher":{"@id":"https:\/\/bizkeliza.org\/eu\/#organization"},"alternateName":"Di\u00f3cesis de Bilbao","potentialAction":[{"@type":"SearchAction","target":{"@type":"EntryPoint","urlTemplate":"https:\/\/bizkeliza.org\/eu\/?s={search_term_string}"},"query-input":{"@type":"PropertyValueSpecification","valueRequired":true,"valueName":"search_term_string"}}],"inLanguage":"eu-ES"},{"@type":"Organization","@id":"https:\/\/bizkeliza.org\/eu\/#organization","name":"Di\u00f3cesis de Bilbao","alternateName":"Di\u00f3cesis de Bilbao","url":"https:\/\/bizkeliza.org\/eu\/","logo":{"@type":"ImageObject","inLanguage":"eu-ES","@id":"https:\/\/bizkeliza.org\/eu\/#\/schema\/logo\/image\/","url":"https:\/\/bizkeliza.org\/wp-content\/uploads\/2022\/06\/Logo-nuevo_2024-1-scaled.jpg","contentUrl":"https:\/\/bizkeliza.org\/wp-content\/uploads\/2022\/06\/Logo-nuevo_2024-1-scaled.jpg","width":2560,"height":1024,"caption":"Di\u00f3cesis de Bilbao"},"image":{"@id":"https:\/\/bizkeliza.org\/eu\/#\/schema\/logo\/image\/"},"sameAs":["https:\/\/www.facebook.com\/DiocesisBilbao\/","https:\/\/x.com\/DiocesisBilbao","https:\/\/www.instagram.com\/obispadobilbao\/","https:\/\/www.youtube.com\/user\/bilbokoelizbarrutia"],"description":"Iglesia local de Bilbao perteneciente a la Iglesia Cat\u00f3lica"},{"@type":"Person","@id":"https:\/\/bizkeliza.org\/eu\/#\/schema\/person\/1f27c53156256531056d48959c2f2008","name":"bkareaga"}]}},"jetpack_featured_media_url":"https:\/\/bizkeliza.org\/wp-content\/uploads\/2024\/12\/premio_A-de-oro-1.jpg","_links":{"self":[{"href":"https:\/\/bizkeliza.org\/eu\/wp-json\/wp\/v2\/posts\/151778","targetHints":{"allow":["GET"]}}],"collection":[{"href":"https:\/\/bizkeliza.org\/eu\/wp-json\/wp\/v2\/posts"}],"about":[{"href":"https:\/\/bizkeliza.org\/eu\/wp-json\/wp\/v2\/types\/post"}],"author":[{"embeddable":true,"href":"https:\/\/bizkeliza.org\/eu\/wp-json\/wp\/v2\/users\/20"}],"replies":[{"embeddable":true,"href":"https:\/\/bizkeliza.org\/eu\/wp-json\/wp\/v2\/comments?post=151778"}],"version-history":[{"count":0,"href":"https:\/\/bizkeliza.org\/eu\/wp-json\/wp\/v2\/posts\/151778\/revisions"}],"wp:featuredmedia":[{"embeddable":true,"href":"https:\/\/bizkeliza.org\/eu\/wp-json\/wp\/v2\/media\/151743"}],"wp:attachment":[{"href":"https:\/\/bizkeliza.org\/eu\/wp-json\/wp\/v2\/media?parent=151778"}],"wp:term":[{"taxonomy":"category","embeddable":true,"href":"https:\/\/bizkeliza.org\/eu\/wp-json\/wp\/v2\/categories?post=151778"},{"taxonomy":"post_tag","embeddable":true,"href":"https:\/\/bizkeliza.org\/eu\/wp-json\/wp\/v2\/tags?post=151778"}],"curies":[{"name":"wp","href":"https:\/\/api.w.org\/{rel}","templated":true}]}}