{"id":152035,"date":"2024-12-16T06:00:00","date_gmt":"2024-12-16T05:00:00","guid":{"rendered":"https:\/\/bizkeliza.org\/noticia\/algortak-leku-bat-barriztatu-dau-bizilekurik-ez-daukien-etorkin-gazteentzat\/"},"modified":"2024-12-16T08:58:45","modified_gmt":"2024-12-16T07:58:45","slug":"algortak-leku-bat-barriztatu-dau-bizilekurik-ez-daukien-etorkin-gazteentzat","status":"publish","type":"post","link":"https:\/\/bizkeliza.org\/eu\/noticia\/algortak-leku-bat-barriztatu-dau-bizilekurik-ez-daukien-etorkin-gazteentzat\/","title":{"rendered":"Algortak leku bat barriztatu dau bizilekurik ez daukien etorkin gazteentzat"},"content":{"rendered":"\n<p><p>Algortan barriztatu dabezan lokalen inaugurazinoa bihar izango da, 19:30etan. Ekitaldian izango dira <strong>Javi Garai<\/strong> parroko izan zana eta <strong>Fernando Marcos<\/strong> gaur egungo parrokoa, lokala bedeinkatuko dauana.<strong> Amaia Agirre<\/strong> alkateak eta<strong> Itziar Pe\u00f1a<\/strong> <strong>Laustelet<\/strong> Eusko Jaurlaritzako Sareen Sareko Sustapen eta Alkarte ekintzarako zuzendariak jardungo dabe eta\u00a0<strong><a href=\"https:\/\/bizkeliza.org\/eu\/noticia\/aintzane-monteverderen-konpromisoa-san-nikolas-zabalik-dalakoagaz\/\">Aintzane Monteverde\u00a0<\/a><\/strong><em>&#8220;San Nicol\u00e1s Zabalik&#8221;\u00a0<\/em>alkarteko presidenteak egingo deutse ondo etorria bertaratutakoei.<\/p><\/p>\n\n<p><p><em><strong>`Abegigune\u00b4<\/strong><\/em> eremuan, aholkua eta laguntza emoten jake udalerrira heltzen diran eta gizarte zerbitzurik jadesteko aukerarik ez daben etorkin gazteei. Algortako basoetan edo inguruko herrietan bizi diran gazteak dira,\u00a0 &#8220;gizarte bazterketa jasateko arriskuan egon eta familia sarerik ez daben pertsonen arretarako Getxoko&#8221; egitarautik ezin deutsielako arretarik eskaini joaten dira &#8220;San Nicol\u00e1s Zabalik&#8221; alkartera.<\/p><\/p>\n\n<p><p>Gaur egun, batez beste <strong>58 gazteri<\/strong> eskaintzen deutse arreta eta <strong>93 inguru gaztelaniazko eskolak hartzera<\/strong> joaten da.\u00a0<strong>Aintzane Monteverdek\u00a0<\/strong>nabarmendu dauanez,\u00a0<em>&#8220;urtebete inguru kale gorrian bizi diran eta 2024osoan gugaz egon diran gazteoi abegi eta akonpainamendurako eremua eskaini gura deutsegu&#8221;.<\/em><\/p><\/p>\n\n<blockquote class=\"twitter-tweet\"><p lang=\"es\" dir=\"ltr\">Comparto la presentaci\u00f3n que utilic\u00e9 ayer para conversar sobre <a href=\"https:\/\/twitter.com\/hashtag\/inmigraci%C3%B3n?src=hash&#038;ref_src=twsrc%5Etfw\">#inmigraci\u00f3n<\/a> en la charla organizada por Baketara en <a href=\"https:\/\/twitter.com\/hashtag\/Leioa?src=hash&#038;ref_src=twsrc%5Etfw\">#Leioa<\/a>.<a href=\"https:\/\/t.co\/entDExQMxQ\">https:\/\/t.co\/entDExQMxQ<\/a> <a href=\"https:\/\/t.co\/GnL1gHkR4H\">pic.twitter.com\/GnL1gHkR4H<\/a><\/p>\u2014 Imanol Zubero (@imanol_zubero) <a href=\"https:\/\/twitter.com\/imanol_zubero\/status\/1867492063844917269?ref_src=twsrc%5Etfw\">December 13, 2024<\/a><\/blockquote> <script async=\"\" src=\"https:\/\/platform.twitter.com\/widgets.js\" charset=\"utf-8\"><\/script>\r\n\n<h3 class=\"wp-block-heading\">Leku &#8216;beroa&#8217;<\/h3>\n\n<p>&#8216;Abegigunek&#8217; oinarrizko &#8220;txokoa&#8221; izan gura dau, premina gorrian bizi diran gazteei gosaria edo askaria emoteko. Gainera, euren prozesu pertsonala bideratze aldera, administrazino-, ikaste- edo osasun-tramiteak egiten laguntzen deutsie.<\/p>\n\n<p><p>2025ean, alkarteak laguntza barriak emon gura deutsez udal aterpetxean sartzerik ez daben gazteei.\u00a0<strong>Aintzaneren\u00a0<\/strong>esanetan, <em>&#8220;garbitoki-zerbitzua jarri gura dogu martxan eta astean behin zabalduko litzateke banakako bonoen bidez erabilteko&#8221;.<\/em><\/p><\/p>\n\n<p>Leku barrian, boluntarioek eta hartuko dabezan gazteen egoera berak bizi izan dabezan pertsonek &#8220;berotasuna&#8221; sentitzeko aukera dabe. Eragin-truke honi esker, errefortzu eskolak eta hizkuntza-bikoteak martxan jarri daitekez, lanbide heziketari edo gradu ertain edo goi graduko ikasketei ekingo deutsen gazteentzat.<\/p>\n\n<h3 class=\"wp-block-heading\">Hamarkada bi urtenbideak eskainiz<\/h3>\n\n<p>12 urteotan akonpainamendua eskaini jaken eta heziketa prozesua burutu daben etorkin gazte gehienek Euskal Herrian bizitzea lortu dabe. 60 gaztek lana aurkitu dabe ostalaritzan, iturgintzan, mekanizazinoan, zurgintzan&#8230;<\/p>\n\n<p><p><strong>Lau lagun dagoz kontratatuta<\/strong> Algortako <em>&#8216;San Nicol\u00e1s Zabalik&#8217;\u00a0<\/em>alkarteak sustatutako askotariko ekimenak garatzeko eta horreei parrokia alkarteko, Getxoko eta inguruko herrietako <strong>150 boluntario inguruk<\/strong> laguntzen deutse.\u00a0<strong>Gobela-Galea Pastoral Barrutian<\/strong> txertatuta dagoz eta Caritas, Hirukoiztar Alkartasuna&#8230;, eta beste eleiz erakunde batzukaz koordinatzen dira.\u00a0<\/p><\/p>\n\n<p><p>Funtsezkoa da, aldi berean, <em>Sortarazi, Harribide<\/em> eta<em> Pertsonalde<\/em> lako alkarteakaz sarean lan egitea eta <em>Getxoko udalaren, Bizkaiko Foru Aldundiaren<\/em> eta <em>Eusko Jaurlaritzaren<\/em> laguntza instituzionala.\u00a0<\/p><\/p>\n\n<figure class=\"wp-block-embed is-type-video is-provider-youtube wp-block-embed-youtube wp-embed-aspect-16-9 wp-has-aspect-ratio\"><div class=\"wp-block-embed__wrapper\">\r\n<iframe loading=\"lazy\" title=\"Aintzane Monteverde\" width=\"1080\" height=\"608\" src=\"https:\/\/www.youtube.com\/embed\/CgYbbULRcq4?start=52&#038;feature=oembed\"  allow=\"accelerometer; autoplay; clipboard-write; encrypted-media; gyroscope; picture-in-picture; web-share\" referrerpolicy=\"strict-origin-when-cross-origin\" allowfullscreen><\/iframe>\r\n<\/div><figcaption class=\"wp-element-caption\">Aintzane Monteverde, presidenta de San Nicol\u00e1s Zabalik recibi\u00f3 el reconocimiento 8m8m de la di\u00f3cesis de Bilbao<\/figcaption><\/figure>\r\n\n<ol start=\"3\" class=\"wp-block-list\"><\/ol>\n\n<p><p>\u00a0<\/p><\/p>\n\n<p><\/p>\n","protected":false},"excerpt":{"rendered":"<p>Algortan barriztatu dabezan lokalen inaugurazinoa bihar izango da, 19:30etan. Ekitaldian izango dira Javi Garai parroko izan zana eta Fernando Marcos gaur egungo parrokoa, lokala bedeinkatuko dauana. Amaia Agirre alkateak eta Itziar Pe\u00f1a Laustelet Eusko Jaurlaritzako Sareen Sareko Sustapen eta Alkarte ekintzarako zuzendariak jardungo dabe eta\u00a0Aintzane Monteverde\u00a0&#8220;San Nicol\u00e1s Zabalik&#8221;\u00a0alkarteko presidenteak egingo deutse ondo etorria bertaratutakoei. `Abegigune\u00b4 [&hellip;]<\/p>\n","protected":false},"author":19,"featured_media":151896,"comment_status":"closed","ping_status":"closed","sticky":false,"template":"","format":"standard","meta":{"_acf_changed":false,"_et_pb_use_builder":"off","_et_pb_old_content":"","_et_gb_content_width":"","footnotes":""},"categories":[506],"tags":[765],"class_list":["post-152035","post","type-post","status-publish","format-standard","has-post-thumbnail","hentry","category-lehenengo-orrialdea","tag-migrazinoak"],"acf":[],"yoast_head":"<!-- This site is optimized with the Yoast SEO Premium plugin v27.5 (Yoast SEO v27.5) - https:\/\/yoast.com\/product\/yoast-seo-premium-wordpress\/ -->\n<title>Algortak leku bat barriztatu dau bizilekurik ez daukien etorkin gazteentzat<\/title>\n<meta name=\"description\" content=\"Algortako &quot;San Nicol\u00e1s Zabalik&quot; ekimenak &#039;Abegigune&#039; lokala inauguratuko dau bihar. Bertan, bizilekurik ez daukien etorkin gazteei eskainiko deutse arreta\" \/>\n<meta name=\"robots\" content=\"index, follow, max-snippet:-1, max-image-preview:large, max-video-preview:-1\" \/>\n<link rel=\"canonical\" href=\"https:\/\/bizkeliza.org\/eu\/noticia\/algortak-leku-bat-barriztatu-dau-bizilekurik-ez-daukien-etorkin-gazteentzat\/\" \/>\n<meta property=\"og:locale\" content=\"eu_ES\" \/>\n<meta property=\"og:type\" content=\"article\" \/>\n<meta property=\"og:title\" content=\"Algortak leku bat barriztatu dau bizilekurik ez daukien etorkin gazteentzat\" \/>\n<meta property=\"og:description\" content=\"Algortako &quot;San Nicol\u00e1s Zabalik&quot; ekimenak &#039;Abegigune&#039; lokala inauguratuko dau bihar. Bertan, bizilekurik ez daukien etorkin gazteei eskainiko deutse arreta\" \/>\n<meta property=\"og:url\" content=\"https:\/\/bizkeliza.org\/eu\/noticia\/algortak-leku-bat-barriztatu-dau-bizilekurik-ez-daukien-etorkin-gazteentzat\/\" \/>\n<meta property=\"og:site_name\" content=\"Bilboko Elizbarrutia - Di\u00f3cesis de Bilbao\" \/>\n<meta property=\"article:publisher\" content=\"https:\/\/www.facebook.com\/DiocesisBilbao\/\" \/>\n<meta property=\"article:published_time\" content=\"2024-12-16T05:00:00+00:00\" \/>\n<meta property=\"article:modified_time\" content=\"2024-12-16T07:58:45+00:00\" \/>\n<meta property=\"og:image\" content=\"https:\/\/bizkeliza.org\/wp-content\/uploads\/2024\/12\/Etorkinak.jpg\" \/>\n\t<meta property=\"og:image:width\" content=\"800\" \/>\n\t<meta property=\"og:image:height\" content=\"439\" \/>\n\t<meta property=\"og:image:type\" content=\"image\/jpeg\" \/>\n<meta name=\"author\" content=\"dalberdi\" \/>\n<meta name=\"twitter:card\" content=\"summary_large_image\" \/>\n<meta name=\"twitter:creator\" content=\"@DiocesisBilbao\" \/>\n<meta name=\"twitter:site\" content=\"@DiocesisBilbao\" \/>\n<script type=\"application\/ld+json\" class=\"yoast-schema-graph\">{\"@context\":\"https:\\\/\\\/schema.org\",\"@graph\":[{\"@type\":\"Article\",\"@id\":\"https:\\\/\\\/bizkeliza.org\\\/eu\\\/noticia\\\/algortak-leku-bat-barriztatu-dau-bizilekurik-ez-daukien-etorkin-gazteentzat\\\/#article\",\"isPartOf\":{\"@id\":\"https:\\\/\\\/bizkeliza.org\\\/eu\\\/noticia\\\/algortak-leku-bat-barriztatu-dau-bizilekurik-ez-daukien-etorkin-gazteentzat\\\/\"},\"author\":{\"name\":\"dalberdi\",\"@id\":\"https:\\\/\\\/bizkeliza.org\\\/eu\\\/#\\\/schema\\\/person\\\/acc5e302cb1997bd56026a6980544228\"},\"headline\":\"Algortak leku bat barriztatu dau bizilekurik ez daukien etorkin gazteentzat\",\"datePublished\":\"2024-12-16T05:00:00+00:00\",\"dateModified\":\"2024-12-16T07:58:45+00:00\",\"mainEntityOfPage\":{\"@id\":\"https:\\\/\\\/bizkeliza.org\\\/eu\\\/noticia\\\/algortak-leku-bat-barriztatu-dau-bizilekurik-ez-daukien-etorkin-gazteentzat\\\/\"},\"wordCount\":417,\"publisher\":{\"@id\":\"https:\\\/\\\/bizkeliza.org\\\/eu\\\/#organization\"},\"image\":{\"@id\":\"https:\\\/\\\/bizkeliza.org\\\/eu\\\/noticia\\\/algortak-leku-bat-barriztatu-dau-bizilekurik-ez-daukien-etorkin-gazteentzat\\\/#primaryimage\"},\"thumbnailUrl\":\"https:\\\/\\\/bizkeliza.org\\\/wp-content\\\/uploads\\\/2024\\\/12\\\/Etorkinak.jpg\",\"keywords\":[\"migrazinoak\"],\"articleSection\":[\"Lehenengo Orrialdea\"],\"inLanguage\":\"eu-ES\"},{\"@type\":\"WebPage\",\"@id\":\"https:\\\/\\\/bizkeliza.org\\\/eu\\\/noticia\\\/algortak-leku-bat-barriztatu-dau-bizilekurik-ez-daukien-etorkin-gazteentzat\\\/\",\"url\":\"https:\\\/\\\/bizkeliza.org\\\/eu\\\/noticia\\\/algortak-leku-bat-barriztatu-dau-bizilekurik-ez-daukien-etorkin-gazteentzat\\\/\",\"name\":\"Algortak leku bat barriztatu dau bizilekurik ez daukien etorkin gazteentzat\",\"isPartOf\":{\"@id\":\"https:\\\/\\\/bizkeliza.org\\\/eu\\\/#website\"},\"primaryImageOfPage\":{\"@id\":\"https:\\\/\\\/bizkeliza.org\\\/eu\\\/noticia\\\/algortak-leku-bat-barriztatu-dau-bizilekurik-ez-daukien-etorkin-gazteentzat\\\/#primaryimage\"},\"image\":{\"@id\":\"https:\\\/\\\/bizkeliza.org\\\/eu\\\/noticia\\\/algortak-leku-bat-barriztatu-dau-bizilekurik-ez-daukien-etorkin-gazteentzat\\\/#primaryimage\"},\"thumbnailUrl\":\"https:\\\/\\\/bizkeliza.org\\\/wp-content\\\/uploads\\\/2024\\\/12\\\/Etorkinak.jpg\",\"datePublished\":\"2024-12-16T05:00:00+00:00\",\"dateModified\":\"2024-12-16T07:58:45+00:00\",\"description\":\"Algortako \\\"San Nicol\u00e1s Zabalik\\\" ekimenak 'Abegigune' lokala inauguratuko dau bihar. Bertan, bizilekurik ez daukien etorkin gazteei eskainiko deutse arreta\",\"breadcrumb\":{\"@id\":\"https:\\\/\\\/bizkeliza.org\\\/eu\\\/noticia\\\/algortak-leku-bat-barriztatu-dau-bizilekurik-ez-daukien-etorkin-gazteentzat\\\/#breadcrumb\"},\"inLanguage\":\"eu-ES\",\"potentialAction\":[{\"@type\":\"ReadAction\",\"target\":[\"https:\\\/\\\/bizkeliza.org\\\/eu\\\/noticia\\\/algortak-leku-bat-barriztatu-dau-bizilekurik-ez-daukien-etorkin-gazteentzat\\\/\"]}]},{\"@type\":\"ImageObject\",\"inLanguage\":\"eu-ES\",\"@id\":\"https:\\\/\\\/bizkeliza.org\\\/eu\\\/noticia\\\/algortak-leku-bat-barriztatu-dau-bizilekurik-ez-daukien-etorkin-gazteentzat\\\/#primaryimage\",\"url\":\"https:\\\/\\\/bizkeliza.org\\\/wp-content\\\/uploads\\\/2024\\\/12\\\/Etorkinak.jpg\",\"contentUrl\":\"https:\\\/\\\/bizkeliza.org\\\/wp-content\\\/uploads\\\/2024\\\/12\\\/Etorkinak.jpg\",\"width\":800,\"height\":439,\"caption\":\"J\u00f3venes en clases de castellano de San Nicol\u00e1s Zabalik\"},{\"@type\":\"BreadcrumbList\",\"@id\":\"https:\\\/\\\/bizkeliza.org\\\/eu\\\/noticia\\\/algortak-leku-bat-barriztatu-dau-bizilekurik-ez-daukien-etorkin-gazteentzat\\\/#breadcrumb\",\"itemListElement\":[{\"@type\":\"ListItem\",\"position\":1,\"name\":\"Portada\",\"item\":\"https:\\\/\\\/bizkeliza.org\\\/eu\\\/\"},{\"@type\":\"ListItem\",\"position\":2,\"name\":\"Algortak leku bat barriztatu dau bizilekurik ez daukien etorkin gazteentzat\"}]},{\"@type\":\"WebSite\",\"@id\":\"https:\\\/\\\/bizkeliza.org\\\/eu\\\/#website\",\"url\":\"https:\\\/\\\/bizkeliza.org\\\/eu\\\/\",\"name\":\"Bilboko Elizbarrutia - Di\u00f3cesis de Bilbao\",\"description\":\"Di\u00f3cesis de Bilbao\",\"publisher\":{\"@id\":\"https:\\\/\\\/bizkeliza.org\\\/eu\\\/#organization\"},\"alternateName\":\"Di\u00f3cesis de Bilbao\",\"potentialAction\":[{\"@type\":\"SearchAction\",\"target\":{\"@type\":\"EntryPoint\",\"urlTemplate\":\"https:\\\/\\\/bizkeliza.org\\\/eu\\\/?s={search_term_string}\"},\"query-input\":{\"@type\":\"PropertyValueSpecification\",\"valueRequired\":true,\"valueName\":\"search_term_string\"}}],\"inLanguage\":\"eu-ES\"},{\"@type\":\"Organization\",\"@id\":\"https:\\\/\\\/bizkeliza.org\\\/eu\\\/#organization\",\"name\":\"Di\u00f3cesis de Bilbao\",\"alternateName\":\"Di\u00f3cesis de Bilbao\",\"url\":\"https:\\\/\\\/bizkeliza.org\\\/eu\\\/\",\"logo\":{\"@type\":\"ImageObject\",\"inLanguage\":\"eu-ES\",\"@id\":\"https:\\\/\\\/bizkeliza.org\\\/eu\\\/#\\\/schema\\\/logo\\\/image\\\/\",\"url\":\"https:\\\/\\\/bizkeliza.org\\\/wp-content\\\/uploads\\\/2022\\\/06\\\/Logo-nuevo_2024-1-scaled.jpg\",\"contentUrl\":\"https:\\\/\\\/bizkeliza.org\\\/wp-content\\\/uploads\\\/2022\\\/06\\\/Logo-nuevo_2024-1-scaled.jpg\",\"width\":2560,\"height\":1024,\"caption\":\"Di\u00f3cesis de Bilbao\"},\"image\":{\"@id\":\"https:\\\/\\\/bizkeliza.org\\\/eu\\\/#\\\/schema\\\/logo\\\/image\\\/\"},\"sameAs\":[\"https:\\\/\\\/www.facebook.com\\\/DiocesisBilbao\\\/\",\"https:\\\/\\\/x.com\\\/DiocesisBilbao\",\"https:\\\/\\\/www.instagram.com\\\/obispadobilbao\\\/\",\"https:\\\/\\\/www.youtube.com\\\/user\\\/bilbokoelizbarrutia\"],\"description\":\"Iglesia local de Bilbao perteneciente a la Iglesia Cat\u00f3lica\"},{\"@type\":\"Person\",\"@id\":\"https:\\\/\\\/bizkeliza.org\\\/eu\\\/#\\\/schema\\\/person\\\/acc5e302cb1997bd56026a6980544228\",\"name\":\"dalberdi\"}]}<\/script>\n<!-- \/ Yoast SEO Premium plugin. -->","yoast_head_json":{"title":"Algortak leku bat barriztatu dau bizilekurik ez daukien etorkin gazteentzat","description":"Algortako \"San Nicol\u00e1s Zabalik\" ekimenak 'Abegigune' lokala inauguratuko dau bihar. Bertan, bizilekurik ez daukien etorkin gazteei eskainiko deutse arreta","robots":{"index":"index","follow":"follow","max-snippet":"max-snippet:-1","max-image-preview":"max-image-preview:large","max-video-preview":"max-video-preview:-1"},"canonical":"https:\/\/bizkeliza.org\/eu\/noticia\/algortak-leku-bat-barriztatu-dau-bizilekurik-ez-daukien-etorkin-gazteentzat\/","og_locale":"eu_ES","og_type":"article","og_title":"Algortak leku bat barriztatu dau bizilekurik ez daukien etorkin gazteentzat","og_description":"Algortako \"San Nicol\u00e1s Zabalik\" ekimenak 'Abegigune' lokala inauguratuko dau bihar. Bertan, bizilekurik ez daukien etorkin gazteei eskainiko deutse arreta","og_url":"https:\/\/bizkeliza.org\/eu\/noticia\/algortak-leku-bat-barriztatu-dau-bizilekurik-ez-daukien-etorkin-gazteentzat\/","og_site_name":"Bilboko Elizbarrutia - Di\u00f3cesis de Bilbao","article_publisher":"https:\/\/www.facebook.com\/DiocesisBilbao\/","article_published_time":"2024-12-16T05:00:00+00:00","article_modified_time":"2024-12-16T07:58:45+00:00","og_image":[{"width":800,"height":439,"url":"https:\/\/bizkeliza.org\/wp-content\/uploads\/2024\/12\/Etorkinak.jpg","type":"image\/jpeg"}],"author":"dalberdi","twitter_card":"summary_large_image","twitter_creator":"@DiocesisBilbao","twitter_site":"@DiocesisBilbao","schema":{"@context":"https:\/\/schema.org","@graph":[{"@type":"Article","@id":"https:\/\/bizkeliza.org\/eu\/noticia\/algortak-leku-bat-barriztatu-dau-bizilekurik-ez-daukien-etorkin-gazteentzat\/#article","isPartOf":{"@id":"https:\/\/bizkeliza.org\/eu\/noticia\/algortak-leku-bat-barriztatu-dau-bizilekurik-ez-daukien-etorkin-gazteentzat\/"},"author":{"name":"dalberdi","@id":"https:\/\/bizkeliza.org\/eu\/#\/schema\/person\/acc5e302cb1997bd56026a6980544228"},"headline":"Algortak leku bat barriztatu dau bizilekurik ez daukien etorkin gazteentzat","datePublished":"2024-12-16T05:00:00+00:00","dateModified":"2024-12-16T07:58:45+00:00","mainEntityOfPage":{"@id":"https:\/\/bizkeliza.org\/eu\/noticia\/algortak-leku-bat-barriztatu-dau-bizilekurik-ez-daukien-etorkin-gazteentzat\/"},"wordCount":417,"publisher":{"@id":"https:\/\/bizkeliza.org\/eu\/#organization"},"image":{"@id":"https:\/\/bizkeliza.org\/eu\/noticia\/algortak-leku-bat-barriztatu-dau-bizilekurik-ez-daukien-etorkin-gazteentzat\/#primaryimage"},"thumbnailUrl":"https:\/\/bizkeliza.org\/wp-content\/uploads\/2024\/12\/Etorkinak.jpg","keywords":["migrazinoak"],"articleSection":["Lehenengo Orrialdea"],"inLanguage":"eu-ES"},{"@type":"WebPage","@id":"https:\/\/bizkeliza.org\/eu\/noticia\/algortak-leku-bat-barriztatu-dau-bizilekurik-ez-daukien-etorkin-gazteentzat\/","url":"https:\/\/bizkeliza.org\/eu\/noticia\/algortak-leku-bat-barriztatu-dau-bizilekurik-ez-daukien-etorkin-gazteentzat\/","name":"Algortak leku bat barriztatu dau bizilekurik ez daukien etorkin gazteentzat","isPartOf":{"@id":"https:\/\/bizkeliza.org\/eu\/#website"},"primaryImageOfPage":{"@id":"https:\/\/bizkeliza.org\/eu\/noticia\/algortak-leku-bat-barriztatu-dau-bizilekurik-ez-daukien-etorkin-gazteentzat\/#primaryimage"},"image":{"@id":"https:\/\/bizkeliza.org\/eu\/noticia\/algortak-leku-bat-barriztatu-dau-bizilekurik-ez-daukien-etorkin-gazteentzat\/#primaryimage"},"thumbnailUrl":"https:\/\/bizkeliza.org\/wp-content\/uploads\/2024\/12\/Etorkinak.jpg","datePublished":"2024-12-16T05:00:00+00:00","dateModified":"2024-12-16T07:58:45+00:00","description":"Algortako \"San Nicol\u00e1s Zabalik\" ekimenak 'Abegigune' lokala inauguratuko dau bihar. Bertan, bizilekurik ez daukien etorkin gazteei eskainiko deutse arreta","breadcrumb":{"@id":"https:\/\/bizkeliza.org\/eu\/noticia\/algortak-leku-bat-barriztatu-dau-bizilekurik-ez-daukien-etorkin-gazteentzat\/#breadcrumb"},"inLanguage":"eu-ES","potentialAction":[{"@type":"ReadAction","target":["https:\/\/bizkeliza.org\/eu\/noticia\/algortak-leku-bat-barriztatu-dau-bizilekurik-ez-daukien-etorkin-gazteentzat\/"]}]},{"@type":"ImageObject","inLanguage":"eu-ES","@id":"https:\/\/bizkeliza.org\/eu\/noticia\/algortak-leku-bat-barriztatu-dau-bizilekurik-ez-daukien-etorkin-gazteentzat\/#primaryimage","url":"https:\/\/bizkeliza.org\/wp-content\/uploads\/2024\/12\/Etorkinak.jpg","contentUrl":"https:\/\/bizkeliza.org\/wp-content\/uploads\/2024\/12\/Etorkinak.jpg","width":800,"height":439,"caption":"J\u00f3venes en clases de castellano de San Nicol\u00e1s Zabalik"},{"@type":"BreadcrumbList","@id":"https:\/\/bizkeliza.org\/eu\/noticia\/algortak-leku-bat-barriztatu-dau-bizilekurik-ez-daukien-etorkin-gazteentzat\/#breadcrumb","itemListElement":[{"@type":"ListItem","position":1,"name":"Portada","item":"https:\/\/bizkeliza.org\/eu\/"},{"@type":"ListItem","position":2,"name":"Algortak leku bat barriztatu dau bizilekurik ez daukien etorkin gazteentzat"}]},{"@type":"WebSite","@id":"https:\/\/bizkeliza.org\/eu\/#website","url":"https:\/\/bizkeliza.org\/eu\/","name":"Bilboko Elizbarrutia - Di\u00f3cesis de Bilbao","description":"Di\u00f3cesis de Bilbao","publisher":{"@id":"https:\/\/bizkeliza.org\/eu\/#organization"},"alternateName":"Di\u00f3cesis de Bilbao","potentialAction":[{"@type":"SearchAction","target":{"@type":"EntryPoint","urlTemplate":"https:\/\/bizkeliza.org\/eu\/?s={search_term_string}"},"query-input":{"@type":"PropertyValueSpecification","valueRequired":true,"valueName":"search_term_string"}}],"inLanguage":"eu-ES"},{"@type":"Organization","@id":"https:\/\/bizkeliza.org\/eu\/#organization","name":"Di\u00f3cesis de Bilbao","alternateName":"Di\u00f3cesis de Bilbao","url":"https:\/\/bizkeliza.org\/eu\/","logo":{"@type":"ImageObject","inLanguage":"eu-ES","@id":"https:\/\/bizkeliza.org\/eu\/#\/schema\/logo\/image\/","url":"https:\/\/bizkeliza.org\/wp-content\/uploads\/2022\/06\/Logo-nuevo_2024-1-scaled.jpg","contentUrl":"https:\/\/bizkeliza.org\/wp-content\/uploads\/2022\/06\/Logo-nuevo_2024-1-scaled.jpg","width":2560,"height":1024,"caption":"Di\u00f3cesis de Bilbao"},"image":{"@id":"https:\/\/bizkeliza.org\/eu\/#\/schema\/logo\/image\/"},"sameAs":["https:\/\/www.facebook.com\/DiocesisBilbao\/","https:\/\/x.com\/DiocesisBilbao","https:\/\/www.instagram.com\/obispadobilbao\/","https:\/\/www.youtube.com\/user\/bilbokoelizbarrutia"],"description":"Iglesia local de Bilbao perteneciente a la Iglesia Cat\u00f3lica"},{"@type":"Person","@id":"https:\/\/bizkeliza.org\/eu\/#\/schema\/person\/acc5e302cb1997bd56026a6980544228","name":"dalberdi"}]}},"jetpack_featured_media_url":"https:\/\/bizkeliza.org\/wp-content\/uploads\/2024\/12\/Etorkinak.jpg","_links":{"self":[{"href":"https:\/\/bizkeliza.org\/eu\/wp-json\/wp\/v2\/posts\/152035","targetHints":{"allow":["GET"]}}],"collection":[{"href":"https:\/\/bizkeliza.org\/eu\/wp-json\/wp\/v2\/posts"}],"about":[{"href":"https:\/\/bizkeliza.org\/eu\/wp-json\/wp\/v2\/types\/post"}],"author":[{"embeddable":true,"href":"https:\/\/bizkeliza.org\/eu\/wp-json\/wp\/v2\/users\/19"}],"replies":[{"embeddable":true,"href":"https:\/\/bizkeliza.org\/eu\/wp-json\/wp\/v2\/comments?post=152035"}],"version-history":[{"count":0,"href":"https:\/\/bizkeliza.org\/eu\/wp-json\/wp\/v2\/posts\/152035\/revisions"}],"wp:featuredmedia":[{"embeddable":true,"href":"https:\/\/bizkeliza.org\/eu\/wp-json\/wp\/v2\/media\/151896"}],"wp:attachment":[{"href":"https:\/\/bizkeliza.org\/eu\/wp-json\/wp\/v2\/media?parent=152035"}],"wp:term":[{"taxonomy":"category","embeddable":true,"href":"https:\/\/bizkeliza.org\/eu\/wp-json\/wp\/v2\/categories?post=152035"},{"taxonomy":"post_tag","embeddable":true,"href":"https:\/\/bizkeliza.org\/eu\/wp-json\/wp\/v2\/tags?post=152035"}],"curies":[{"name":"wp","href":"https:\/\/api.w.org\/{rel}","templated":true}]}}