{"id":152508,"date":"2024-12-25T13:30:00","date_gmt":"2024-12-25T12:30:00","guid":{"rendered":"https:\/\/bizkeliza.org\/?p=152508"},"modified":"2024-12-25T13:19:53","modified_gmt":"2024-12-25T12:19:53","slug":"gabonak-dei-dira-jainkoaren-antz-eta-irudiko-sortutako-gizon-eta-emakumea-barriro-sagaratu-daiguzan","status":"publish","type":"post","link":"https:\/\/bizkeliza.org\/eu\/noticia\/gabonak-dei-dira-jainkoaren-antz-eta-irudiko-sortutako-gizon-eta-emakumea-barriro-sagaratu-daiguzan\/","title":{"rendered":"&#8220;Belengo Umea, zu zara mundu zoro honetako itxaropena&#8221;"},"content":{"rendered":"\n<p><p>Bilboko gotzinak, homiliaren hasieran Jesusen jaiotzaren gertaera historikoa gogoratu dau. \u00a0Ume Jesus zaratarik egin barik etorri zan &#8220;ume jaio barriaren makaltasunean&#8221;.<\/p><\/p>\n\n<blockquote class=\"twitter-tweet\"><p lang=\"es\" dir=\"ltr\">Homil\u00eda del obispo de Bilbao en la Celebraci\u00f3n de Navidad <a href=\"https:\/\/t.co\/g42MIKwMpD\">https:\/\/t.co\/g42MIKwMpD<\/a> v\u00eda <a href=\"https:\/\/twitter.com\/YouTube?ref_src=twsrc%5Etfw\">@YouTube<\/a><\/p>\u2014 Bilboko Elizbarrutia (@DiocesisBilbao) <a href=\"https:\/\/twitter.com\/DiocesisBilbao\/status\/1871885767360053454?ref_src=twsrc%5Etfw\">December 25, 2024<\/a><\/blockquote> <script async=\"\" src=\"https:\/\/platform.twitter.com\/widgets.js\" charset=\"utf-8\"><\/script>\r\n\n<blockquote class=\"wp-block-quote is-layout-flow wp-block-quote-is-layout-flow\">\n<p><strong>Zorionak, Gabon on guztioi! Ondo etorriak Jaunaren jaiotzaren eguneko eleizkizunera. Jaunak Haur jaiobarriaren txikitasun eta makaltasunean agertu deusku bere egundoko maitasuna. Horixe ospatuko dogu, Jaunak hemen, lurrean jarri dauala bere etxola, eta bizi be, behartsuen, etorkinen, baztertuen artean bizi dala.<\/strong><\/p>\n<\/blockquote>\n\n<p><p>Jaungoikoa haragi bihurtu zan eta giza gorputzaren mugak onartu ebazan. Ekintza honi esker &#8220;gure izaera goraldu eta duintzen dau behin eta betiko&#8221;, adierazo dauanez.<\/p><\/p>\n\n<blockquote class=\"wp-block-quote is-layout-flow wp-block-quote-is-layout-flow\">\n<p><strong>Gabonetan, gure gorpuztasuna berretsi egiten da, Jaunak gorputz eta arima sortu gaitu-eta.<\/strong><\/p>\n<\/blockquote>\n\n<p><p>Gotzainak azpimarratu dau Gabonetako azpimarra zera dala: &#8220;ez gara bakarrik espiritua, edo borondatea, edo desioa edo askatasuna. Gorputza be bagara, bere muga guztiekin&#8221;.\u00a0<\/p><\/p>\n\n<blockquote class=\"wp-block-quote is-layout-flow wp-block-quote-is-layout-flow\">\n<p><strong>Gure aginte-gosea aseezina da eta dana kontrolpean izan gura dogu. Gure atzetik datozanek jasango dabez izadiaren esplotazinoaren ondorioak.<\/strong><\/p>\n<\/blockquote>\n\n<p><p>Zientzia eta teknologiaren aipua egin dau eta horreei esker &#8220;kreazioa kontrolatzen dogunaren&#8221; ustea. Baina argi itxi gura izan dau sinismen horren paradoxa: &#8220;naturak behin eta barriro erakusten deusku ezin dogula kontrolatu&#8221;. Zentzu horretan, gomutau dau &#8220;txarrena ondino etortzear dagoala eta gure seme-alabek eta ilobek&#8221; jasoko dabezela ondorioak.<\/p><\/p>\n\n<blockquote class=\"wp-block-quote is-layout-flow wp-block-quote-is-layout-flow\">\n<p><strong>Historia be geure nahierara erabili gura dogu. Eta gitxi batzuen nagusikeriaren emaitza, askoren zoritxarra da.<\/strong><\/p>\n<\/blockquote>\n\n<p><p>Historia be gure erara moldatu gura dogula esan dau bere mezuaren beste une baten. Sirian oraintsu gertatutakoa edo lehenago Libia, Sudan edo Iraken, horren lekuko dirala adierazo dau. Zentzu horretan, holako tragedietan astero &#8220;hilten diran emakume eta ume errubakoak&#8221; hartu dauz gogoan. <strong><em>.<\/em><\/strong><\/p><\/p>\n\n<p><p>Egoera honen aurrean jaio barri dan ume Jesusen garaipena azpimarratu dau. Arma eta ejerzitoei gehiago egin deutsielako eta, beste behin, Jaungoikoak &#8220;zuekaz nago&#8221; esan deuskulako.\u00a0<\/p><\/p>\n\n<blockquote class=\"wp-block-quote is-layout-flow wp-block-quote-is-layout-flow\">\n<p><strong>Geure buruaren alderdi sagaratua, bizitzaren alderdi transzendentea berreskuratu eta autortu egin behar dogu. Izan be, ez gara materia hutsa, Jainkoaren beraren irudi baino.<\/strong><\/p>\n<\/blockquote>\n\n<p>Joseba Segurak berreskuratu behar dan egoera bat aldarrikatu dau:  <\/p>\n\n<p><p><strong><em>&#8220;dimentsino sakratua ezagutzeko gaitasuna, batez be gizakiarengan&#8221;\u00b7<\/em><\/strong><\/p><\/p>\n\n<p><p>Gabonaldiko benetako zentzuna zera dala adierazo dau: &#8220;Jaungoikoaren irudiko egindako gizakia barriro sakratu bihurtzea&#8221;.<\/p><\/p>\n\n<blockquote class=\"wp-block-quote is-layout-flow wp-block-quote-is-layout-flow\">\n<p><strong>Umearen irudia gurtzean, Jainkoak deuskun maitasunaren handitasuna autortuko dogu, irudi hori bere gizakundearen sakramentu da-eta.<\/strong><\/p>\n<\/blockquote>\n\n<p><p>Umearen gurtzearen garrantziaren inguruan egin dau berba homiliaren amaieran. &#8220;Keinu honek Jaungoikoak gugan daukan maitasun handia erakusten dau&#8221;, esan dau.<\/p><\/p>\n\n<blockquote class=\"wp-block-quote is-layout-flow wp-block-quote-is-layout-flow\">\n<p><strong>Kale eta etxeetako zuhaitz eta argiek ez gaiezala itsutu eta aska apalean ikusi daigula benetako Argia, Argirik distiratsuena. Gure alkartearentzat eta munduarentzat itxaropen-iturri dan Jesus Umeak argi egin eta gidatu gaizala, eta behin eta barriro etorri daitela gure artera.<\/strong><\/p>\n<\/blockquote>\n\n<figure class=\"wp-block-pullquote\"><blockquote><p>En un mundo que ha sustituido el Nacimiento por los \u00e1rboles de Navidad, las luces led que cambian de color y forma a toda velocidad y los gorros de Santa Claus, nosotros queremos seguir centrados en la sencillez del pesebre. All\u00ed donde no parece que pase nada es donde, sin embargo, realmente pasa todo. Si te has olvidado del pesebre, vuelve a \u00e9l. Acercamos juntos al ni\u00f1o con coraz\u00f3n agradecido, porque, incre\u00edblemente, ya es uno con nosotros. Y le decimos: ni\u00f1o de Bel\u00e9n, t\u00fa eres la esperanza para este mundo loco, y tambi\u00e9n para esta comunidad que, aunque peque\u00f1a y d\u00e9bil en la fe, quiere seguir siendo testigo de tu luz entre las gentes. Gracias por tu paciencia infinita, gracias por no cansarte de nosotros, gracias por seguir viniendo a nuestro encuentro a pesar de todo.<\/p><cite>Joseba Segura etxezarraga<\/cite><\/blockquote><\/figure>\n","protected":false},"excerpt":{"rendered":"<p>Bilboko gotzinak, homiliaren hasieran Jesusen jaiotzaren gertaera historikoa gogoratu dau. \u00a0Ume Jesus zaratarik egin barik etorri zan &#8220;ume jaio barriaren makaltasunean&#8221;. Homil\u00eda del obispo de Bilbao en la Celebraci\u00f3n de Navidad https:\/\/t.co\/g42MIKwMpD v\u00eda @YouTube \u2014 Bilboko Elizbarrutia (@DiocesisBilbao) December 25, 2024 Zorionak, Gabon on guztioi! Ondo etorriak Jaunaren jaiotzaren eguneko eleizkizunera. Jaunak Haur jaiobarriaren txikitasun [&hellip;]<\/p>\n","protected":false},"author":20,"featured_media":152350,"comment_status":"closed","ping_status":"closed","sticky":false,"template":"","format":"standard","meta":{"_acf_changed":false,"_et_pb_use_builder":"off","_et_pb_old_content":"","_et_gb_content_width":"","footnotes":""},"categories":[506],"tags":[663,837],"class_list":["post-152508","post","type-post","status-publish","format-standard","has-post-thumbnail","hentry","category-lehenengo-orrialdea","tag-gabonak","tag-obispo-eu"],"acf":[],"yoast_head":"<!-- This site is optimized with the Yoast SEO Premium plugin v27.5 (Yoast SEO v27.5) - https:\/\/yoast.com\/product\/yoast-seo-premium-wordpress\/ -->\n<title>&quot;Belengo Umea, zu zara mundu zoro honetako itxaropena&quot;<\/title>\n<meta name=\"description\" content=\"Gabonak dei dira Jainkoaren antz eta irudiko sortutako gizon eta emakumea barriro sagaratu daiguzan. Gaur, Jainkoa gure antzeko egin dala ospatzen dihardugu\" \/>\n<meta name=\"robots\" content=\"index, follow, max-snippet:-1, max-image-preview:large, max-video-preview:-1\" \/>\n<link rel=\"canonical\" href=\"https:\/\/bizkeliza.org\/eu\/noticia\/gabonak-dei-dira-jainkoaren-antz-eta-irudiko-sortutako-gizon-eta-emakumea-barriro-sagaratu-daiguzan\/\" \/>\n<meta property=\"og:locale\" content=\"eu_ES\" \/>\n<meta property=\"og:type\" content=\"article\" \/>\n<meta property=\"og:title\" content=\"&quot;Belengo Umea, zu zara mundu zoro honetako itxaropena&quot;\" \/>\n<meta property=\"og:description\" content=\"Gabonak dei dira Jainkoaren antz eta irudiko sortutako gizon eta emakumea barriro sagaratu daiguzan. Gaur, Jainkoa gure antzeko egin dala ospatzen dihardugu\" \/>\n<meta property=\"og:url\" content=\"https:\/\/bizkeliza.org\/eu\/noticia\/gabonak-dei-dira-jainkoaren-antz-eta-irudiko-sortutako-gizon-eta-emakumea-barriro-sagaratu-daiguzan\/\" \/>\n<meta property=\"og:site_name\" content=\"Bilboko Elizbarrutia - Di\u00f3cesis de Bilbao\" \/>\n<meta property=\"article:publisher\" content=\"https:\/\/www.facebook.com\/DiocesisBilbao\/\" \/>\n<meta property=\"article:published_time\" content=\"2024-12-25T12:30:00+00:00\" \/>\n<meta property=\"og:image\" content=\"https:\/\/bizkeliza.org\/wp-content\/uploads\/2024\/12\/Postal_2024_portada.jpg\" \/>\n\t<meta property=\"og:image:width\" content=\"674\" \/>\n\t<meta property=\"og:image:height\" content=\"1007\" \/>\n\t<meta property=\"og:image:type\" content=\"image\/jpeg\" \/>\n<meta name=\"author\" content=\"bkareaga\" \/>\n<meta name=\"twitter:card\" content=\"summary_large_image\" \/>\n<meta name=\"twitter:creator\" content=\"@DiocesisBilbao\" \/>\n<meta name=\"twitter:site\" content=\"@DiocesisBilbao\" \/>\n<script type=\"application\/ld+json\" class=\"yoast-schema-graph\">{\"@context\":\"https:\\\/\\\/schema.org\",\"@graph\":[{\"@type\":\"Article\",\"@id\":\"https:\\\/\\\/bizkeliza.org\\\/eu\\\/noticia\\\/gabonak-dei-dira-jainkoaren-antz-eta-irudiko-sortutako-gizon-eta-emakumea-barriro-sagaratu-daiguzan\\\/#article\",\"isPartOf\":{\"@id\":\"https:\\\/\\\/bizkeliza.org\\\/eu\\\/noticia\\\/gabonak-dei-dira-jainkoaren-antz-eta-irudiko-sortutako-gizon-eta-emakumea-barriro-sagaratu-daiguzan\\\/\"},\"author\":{\"name\":\"bkareaga\",\"@id\":\"https:\\\/\\\/bizkeliza.org\\\/eu\\\/#\\\/schema\\\/person\\\/1f27c53156256531056d48959c2f2008\"},\"headline\":\"&#8220;Belengo Umea, zu zara mundu zoro honetako itxaropena&#8221;\",\"datePublished\":\"2024-12-25T12:30:00+00:00\",\"mainEntityOfPage\":{\"@id\":\"https:\\\/\\\/bizkeliza.org\\\/eu\\\/noticia\\\/gabonak-dei-dira-jainkoaren-antz-eta-irudiko-sortutako-gizon-eta-emakumea-barriro-sagaratu-daiguzan\\\/\"},\"wordCount\":573,\"publisher\":{\"@id\":\"https:\\\/\\\/bizkeliza.org\\\/eu\\\/#organization\"},\"image\":{\"@id\":\"https:\\\/\\\/bizkeliza.org\\\/eu\\\/noticia\\\/gabonak-dei-dira-jainkoaren-antz-eta-irudiko-sortutako-gizon-eta-emakumea-barriro-sagaratu-daiguzan\\\/#primaryimage\"},\"thumbnailUrl\":\"https:\\\/\\\/bizkeliza.org\\\/wp-content\\\/uploads\\\/2024\\\/12\\\/Postal_2024_portada.jpg\",\"keywords\":[\"Gabonak\",\"Obispo\"],\"articleSection\":[\"Lehenengo Orrialdea\"],\"inLanguage\":\"eu-ES\"},{\"@type\":\"WebPage\",\"@id\":\"https:\\\/\\\/bizkeliza.org\\\/eu\\\/noticia\\\/gabonak-dei-dira-jainkoaren-antz-eta-irudiko-sortutako-gizon-eta-emakumea-barriro-sagaratu-daiguzan\\\/\",\"url\":\"https:\\\/\\\/bizkeliza.org\\\/eu\\\/noticia\\\/gabonak-dei-dira-jainkoaren-antz-eta-irudiko-sortutako-gizon-eta-emakumea-barriro-sagaratu-daiguzan\\\/\",\"name\":\"\\\"Belengo Umea, zu zara mundu zoro honetako itxaropena\\\"\",\"isPartOf\":{\"@id\":\"https:\\\/\\\/bizkeliza.org\\\/eu\\\/#website\"},\"primaryImageOfPage\":{\"@id\":\"https:\\\/\\\/bizkeliza.org\\\/eu\\\/noticia\\\/gabonak-dei-dira-jainkoaren-antz-eta-irudiko-sortutako-gizon-eta-emakumea-barriro-sagaratu-daiguzan\\\/#primaryimage\"},\"image\":{\"@id\":\"https:\\\/\\\/bizkeliza.org\\\/eu\\\/noticia\\\/gabonak-dei-dira-jainkoaren-antz-eta-irudiko-sortutako-gizon-eta-emakumea-barriro-sagaratu-daiguzan\\\/#primaryimage\"},\"thumbnailUrl\":\"https:\\\/\\\/bizkeliza.org\\\/wp-content\\\/uploads\\\/2024\\\/12\\\/Postal_2024_portada.jpg\",\"datePublished\":\"2024-12-25T12:30:00+00:00\",\"description\":\"Gabonak dei dira Jainkoaren antz eta irudiko sortutako gizon eta emakumea barriro sagaratu daiguzan. Gaur, Jainkoa gure antzeko egin dala ospatzen dihardugu\",\"breadcrumb\":{\"@id\":\"https:\\\/\\\/bizkeliza.org\\\/eu\\\/noticia\\\/gabonak-dei-dira-jainkoaren-antz-eta-irudiko-sortutako-gizon-eta-emakumea-barriro-sagaratu-daiguzan\\\/#breadcrumb\"},\"inLanguage\":\"eu-ES\",\"potentialAction\":[{\"@type\":\"ReadAction\",\"target\":[\"https:\\\/\\\/bizkeliza.org\\\/eu\\\/noticia\\\/gabonak-dei-dira-jainkoaren-antz-eta-irudiko-sortutako-gizon-eta-emakumea-barriro-sagaratu-daiguzan\\\/\"]}]},{\"@type\":\"ImageObject\",\"inLanguage\":\"eu-ES\",\"@id\":\"https:\\\/\\\/bizkeliza.org\\\/eu\\\/noticia\\\/gabonak-dei-dira-jainkoaren-antz-eta-irudiko-sortutako-gizon-eta-emakumea-barriro-sagaratu-daiguzan\\\/#primaryimage\",\"url\":\"https:\\\/\\\/bizkeliza.org\\\/wp-content\\\/uploads\\\/2024\\\/12\\\/Postal_2024_portada.jpg\",\"contentUrl\":\"https:\\\/\\\/bizkeliza.org\\\/wp-content\\\/uploads\\\/2024\\\/12\\\/Postal_2024_portada.jpg\",\"width\":674,\"height\":1007,\"caption\":\"Navidad\"},{\"@type\":\"BreadcrumbList\",\"@id\":\"https:\\\/\\\/bizkeliza.org\\\/eu\\\/noticia\\\/gabonak-dei-dira-jainkoaren-antz-eta-irudiko-sortutako-gizon-eta-emakumea-barriro-sagaratu-daiguzan\\\/#breadcrumb\",\"itemListElement\":[{\"@type\":\"ListItem\",\"position\":1,\"name\":\"Portada\",\"item\":\"https:\\\/\\\/bizkeliza.org\\\/eu\\\/\"},{\"@type\":\"ListItem\",\"position\":2,\"name\":\"\u00abBelengo Umea, zu zara mundu zoro honetako itxaropena\u00bb\"}]},{\"@type\":\"WebSite\",\"@id\":\"https:\\\/\\\/bizkeliza.org\\\/eu\\\/#website\",\"url\":\"https:\\\/\\\/bizkeliza.org\\\/eu\\\/\",\"name\":\"Bilboko Elizbarrutia - Di\u00f3cesis de Bilbao\",\"description\":\"Di\u00f3cesis de Bilbao\",\"publisher\":{\"@id\":\"https:\\\/\\\/bizkeliza.org\\\/eu\\\/#organization\"},\"alternateName\":\"Di\u00f3cesis de Bilbao\",\"potentialAction\":[{\"@type\":\"SearchAction\",\"target\":{\"@type\":\"EntryPoint\",\"urlTemplate\":\"https:\\\/\\\/bizkeliza.org\\\/eu\\\/?s={search_term_string}\"},\"query-input\":{\"@type\":\"PropertyValueSpecification\",\"valueRequired\":true,\"valueName\":\"search_term_string\"}}],\"inLanguage\":\"eu-ES\"},{\"@type\":\"Organization\",\"@id\":\"https:\\\/\\\/bizkeliza.org\\\/eu\\\/#organization\",\"name\":\"Di\u00f3cesis de Bilbao\",\"alternateName\":\"Di\u00f3cesis de Bilbao\",\"url\":\"https:\\\/\\\/bizkeliza.org\\\/eu\\\/\",\"logo\":{\"@type\":\"ImageObject\",\"inLanguage\":\"eu-ES\",\"@id\":\"https:\\\/\\\/bizkeliza.org\\\/eu\\\/#\\\/schema\\\/logo\\\/image\\\/\",\"url\":\"https:\\\/\\\/bizkeliza.org\\\/wp-content\\\/uploads\\\/2022\\\/06\\\/Logo-nuevo_2024-1-scaled.jpg\",\"contentUrl\":\"https:\\\/\\\/bizkeliza.org\\\/wp-content\\\/uploads\\\/2022\\\/06\\\/Logo-nuevo_2024-1-scaled.jpg\",\"width\":2560,\"height\":1024,\"caption\":\"Di\u00f3cesis de Bilbao\"},\"image\":{\"@id\":\"https:\\\/\\\/bizkeliza.org\\\/eu\\\/#\\\/schema\\\/logo\\\/image\\\/\"},\"sameAs\":[\"https:\\\/\\\/www.facebook.com\\\/DiocesisBilbao\\\/\",\"https:\\\/\\\/x.com\\\/DiocesisBilbao\",\"https:\\\/\\\/www.instagram.com\\\/obispadobilbao\\\/\",\"https:\\\/\\\/www.youtube.com\\\/user\\\/bilbokoelizbarrutia\"],\"description\":\"Iglesia local de Bilbao perteneciente a la Iglesia Cat\u00f3lica\"},{\"@type\":\"Person\",\"@id\":\"https:\\\/\\\/bizkeliza.org\\\/eu\\\/#\\\/schema\\\/person\\\/1f27c53156256531056d48959c2f2008\",\"name\":\"bkareaga\"}]}<\/script>\n<!-- \/ Yoast SEO Premium plugin. -->","yoast_head_json":{"title":"\"Belengo Umea, zu zara mundu zoro honetako itxaropena\"","description":"Gabonak dei dira Jainkoaren antz eta irudiko sortutako gizon eta emakumea barriro sagaratu daiguzan. Gaur, Jainkoa gure antzeko egin dala ospatzen dihardugu","robots":{"index":"index","follow":"follow","max-snippet":"max-snippet:-1","max-image-preview":"max-image-preview:large","max-video-preview":"max-video-preview:-1"},"canonical":"https:\/\/bizkeliza.org\/eu\/noticia\/gabonak-dei-dira-jainkoaren-antz-eta-irudiko-sortutako-gizon-eta-emakumea-barriro-sagaratu-daiguzan\/","og_locale":"eu_ES","og_type":"article","og_title":"\"Belengo Umea, zu zara mundu zoro honetako itxaropena\"","og_description":"Gabonak dei dira Jainkoaren antz eta irudiko sortutako gizon eta emakumea barriro sagaratu daiguzan. Gaur, Jainkoa gure antzeko egin dala ospatzen dihardugu","og_url":"https:\/\/bizkeliza.org\/eu\/noticia\/gabonak-dei-dira-jainkoaren-antz-eta-irudiko-sortutako-gizon-eta-emakumea-barriro-sagaratu-daiguzan\/","og_site_name":"Bilboko Elizbarrutia - Di\u00f3cesis de Bilbao","article_publisher":"https:\/\/www.facebook.com\/DiocesisBilbao\/","article_published_time":"2024-12-25T12:30:00+00:00","og_image":[{"width":674,"height":1007,"url":"https:\/\/bizkeliza.org\/wp-content\/uploads\/2024\/12\/Postal_2024_portada.jpg","type":"image\/jpeg"}],"author":"bkareaga","twitter_card":"summary_large_image","twitter_creator":"@DiocesisBilbao","twitter_site":"@DiocesisBilbao","schema":{"@context":"https:\/\/schema.org","@graph":[{"@type":"Article","@id":"https:\/\/bizkeliza.org\/eu\/noticia\/gabonak-dei-dira-jainkoaren-antz-eta-irudiko-sortutako-gizon-eta-emakumea-barriro-sagaratu-daiguzan\/#article","isPartOf":{"@id":"https:\/\/bizkeliza.org\/eu\/noticia\/gabonak-dei-dira-jainkoaren-antz-eta-irudiko-sortutako-gizon-eta-emakumea-barriro-sagaratu-daiguzan\/"},"author":{"name":"bkareaga","@id":"https:\/\/bizkeliza.org\/eu\/#\/schema\/person\/1f27c53156256531056d48959c2f2008"},"headline":"&#8220;Belengo Umea, zu zara mundu zoro honetako itxaropena&#8221;","datePublished":"2024-12-25T12:30:00+00:00","mainEntityOfPage":{"@id":"https:\/\/bizkeliza.org\/eu\/noticia\/gabonak-dei-dira-jainkoaren-antz-eta-irudiko-sortutako-gizon-eta-emakumea-barriro-sagaratu-daiguzan\/"},"wordCount":573,"publisher":{"@id":"https:\/\/bizkeliza.org\/eu\/#organization"},"image":{"@id":"https:\/\/bizkeliza.org\/eu\/noticia\/gabonak-dei-dira-jainkoaren-antz-eta-irudiko-sortutako-gizon-eta-emakumea-barriro-sagaratu-daiguzan\/#primaryimage"},"thumbnailUrl":"https:\/\/bizkeliza.org\/wp-content\/uploads\/2024\/12\/Postal_2024_portada.jpg","keywords":["Gabonak","Obispo"],"articleSection":["Lehenengo Orrialdea"],"inLanguage":"eu-ES"},{"@type":"WebPage","@id":"https:\/\/bizkeliza.org\/eu\/noticia\/gabonak-dei-dira-jainkoaren-antz-eta-irudiko-sortutako-gizon-eta-emakumea-barriro-sagaratu-daiguzan\/","url":"https:\/\/bizkeliza.org\/eu\/noticia\/gabonak-dei-dira-jainkoaren-antz-eta-irudiko-sortutako-gizon-eta-emakumea-barriro-sagaratu-daiguzan\/","name":"\"Belengo Umea, zu zara mundu zoro honetako itxaropena\"","isPartOf":{"@id":"https:\/\/bizkeliza.org\/eu\/#website"},"primaryImageOfPage":{"@id":"https:\/\/bizkeliza.org\/eu\/noticia\/gabonak-dei-dira-jainkoaren-antz-eta-irudiko-sortutako-gizon-eta-emakumea-barriro-sagaratu-daiguzan\/#primaryimage"},"image":{"@id":"https:\/\/bizkeliza.org\/eu\/noticia\/gabonak-dei-dira-jainkoaren-antz-eta-irudiko-sortutako-gizon-eta-emakumea-barriro-sagaratu-daiguzan\/#primaryimage"},"thumbnailUrl":"https:\/\/bizkeliza.org\/wp-content\/uploads\/2024\/12\/Postal_2024_portada.jpg","datePublished":"2024-12-25T12:30:00+00:00","description":"Gabonak dei dira Jainkoaren antz eta irudiko sortutako gizon eta emakumea barriro sagaratu daiguzan. Gaur, Jainkoa gure antzeko egin dala ospatzen dihardugu","breadcrumb":{"@id":"https:\/\/bizkeliza.org\/eu\/noticia\/gabonak-dei-dira-jainkoaren-antz-eta-irudiko-sortutako-gizon-eta-emakumea-barriro-sagaratu-daiguzan\/#breadcrumb"},"inLanguage":"eu-ES","potentialAction":[{"@type":"ReadAction","target":["https:\/\/bizkeliza.org\/eu\/noticia\/gabonak-dei-dira-jainkoaren-antz-eta-irudiko-sortutako-gizon-eta-emakumea-barriro-sagaratu-daiguzan\/"]}]},{"@type":"ImageObject","inLanguage":"eu-ES","@id":"https:\/\/bizkeliza.org\/eu\/noticia\/gabonak-dei-dira-jainkoaren-antz-eta-irudiko-sortutako-gizon-eta-emakumea-barriro-sagaratu-daiguzan\/#primaryimage","url":"https:\/\/bizkeliza.org\/wp-content\/uploads\/2024\/12\/Postal_2024_portada.jpg","contentUrl":"https:\/\/bizkeliza.org\/wp-content\/uploads\/2024\/12\/Postal_2024_portada.jpg","width":674,"height":1007,"caption":"Navidad"},{"@type":"BreadcrumbList","@id":"https:\/\/bizkeliza.org\/eu\/noticia\/gabonak-dei-dira-jainkoaren-antz-eta-irudiko-sortutako-gizon-eta-emakumea-barriro-sagaratu-daiguzan\/#breadcrumb","itemListElement":[{"@type":"ListItem","position":1,"name":"Portada","item":"https:\/\/bizkeliza.org\/eu\/"},{"@type":"ListItem","position":2,"name":"\u00abBelengo Umea, zu zara mundu zoro honetako itxaropena\u00bb"}]},{"@type":"WebSite","@id":"https:\/\/bizkeliza.org\/eu\/#website","url":"https:\/\/bizkeliza.org\/eu\/","name":"Bilboko Elizbarrutia - Di\u00f3cesis de Bilbao","description":"Di\u00f3cesis de Bilbao","publisher":{"@id":"https:\/\/bizkeliza.org\/eu\/#organization"},"alternateName":"Di\u00f3cesis de Bilbao","potentialAction":[{"@type":"SearchAction","target":{"@type":"EntryPoint","urlTemplate":"https:\/\/bizkeliza.org\/eu\/?s={search_term_string}"},"query-input":{"@type":"PropertyValueSpecification","valueRequired":true,"valueName":"search_term_string"}}],"inLanguage":"eu-ES"},{"@type":"Organization","@id":"https:\/\/bizkeliza.org\/eu\/#organization","name":"Di\u00f3cesis de Bilbao","alternateName":"Di\u00f3cesis de Bilbao","url":"https:\/\/bizkeliza.org\/eu\/","logo":{"@type":"ImageObject","inLanguage":"eu-ES","@id":"https:\/\/bizkeliza.org\/eu\/#\/schema\/logo\/image\/","url":"https:\/\/bizkeliza.org\/wp-content\/uploads\/2022\/06\/Logo-nuevo_2024-1-scaled.jpg","contentUrl":"https:\/\/bizkeliza.org\/wp-content\/uploads\/2022\/06\/Logo-nuevo_2024-1-scaled.jpg","width":2560,"height":1024,"caption":"Di\u00f3cesis de Bilbao"},"image":{"@id":"https:\/\/bizkeliza.org\/eu\/#\/schema\/logo\/image\/"},"sameAs":["https:\/\/www.facebook.com\/DiocesisBilbao\/","https:\/\/x.com\/DiocesisBilbao","https:\/\/www.instagram.com\/obispadobilbao\/","https:\/\/www.youtube.com\/user\/bilbokoelizbarrutia"],"description":"Iglesia local de Bilbao perteneciente a la Iglesia Cat\u00f3lica"},{"@type":"Person","@id":"https:\/\/bizkeliza.org\/eu\/#\/schema\/person\/1f27c53156256531056d48959c2f2008","name":"bkareaga"}]}},"jetpack_featured_media_url":"https:\/\/bizkeliza.org\/wp-content\/uploads\/2024\/12\/Postal_2024_portada.jpg","_links":{"self":[{"href":"https:\/\/bizkeliza.org\/eu\/wp-json\/wp\/v2\/posts\/152508","targetHints":{"allow":["GET"]}}],"collection":[{"href":"https:\/\/bizkeliza.org\/eu\/wp-json\/wp\/v2\/posts"}],"about":[{"href":"https:\/\/bizkeliza.org\/eu\/wp-json\/wp\/v2\/types\/post"}],"author":[{"embeddable":true,"href":"https:\/\/bizkeliza.org\/eu\/wp-json\/wp\/v2\/users\/20"}],"replies":[{"embeddable":true,"href":"https:\/\/bizkeliza.org\/eu\/wp-json\/wp\/v2\/comments?post=152508"}],"version-history":[{"count":0,"href":"https:\/\/bizkeliza.org\/eu\/wp-json\/wp\/v2\/posts\/152508\/revisions"}],"wp:featuredmedia":[{"embeddable":true,"href":"https:\/\/bizkeliza.org\/eu\/wp-json\/wp\/v2\/media\/152350"}],"wp:attachment":[{"href":"https:\/\/bizkeliza.org\/eu\/wp-json\/wp\/v2\/media?parent=152508"}],"wp:term":[{"taxonomy":"category","embeddable":true,"href":"https:\/\/bizkeliza.org\/eu\/wp-json\/wp\/v2\/categories?post=152508"},{"taxonomy":"post_tag","embeddable":true,"href":"https:\/\/bizkeliza.org\/eu\/wp-json\/wp\/v2\/tags?post=152508"}],"curies":[{"name":"wp","href":"https:\/\/api.w.org\/{rel}","templated":true}]}}