{"id":155808,"date":"2025-02-01T12:00:00","date_gmt":"2025-02-01T11:00:00","guid":{"rendered":"https:\/\/bizkeliza.org\/noticia\/enrique-abian-laiko-eta-abade-bokazinoen-bultzatzailea-hil-da\/"},"modified":"2025-02-03T09:49:42","modified_gmt":"2025-02-03T08:49:42","slug":"enrique-abian-laiko-eta-abade-bokazinoen-bultzatzailea-hil-da","status":"publish","type":"post","link":"https:\/\/bizkeliza.org\/eu\/noticia\/enrique-abian-laiko-eta-abade-bokazinoen-bultzatzailea-hil-da\/","title":{"rendered":"Enrique Abian &#8220;laiko eta abade bokazinoen bultzatzailea&#8221; hil da"},"content":{"rendered":"\n<p><p><strong>Enrique Abian<\/strong> <strong>Bilbon<\/strong> jaio zan 1933ko urtarrilaren 20an eta 1957ko uztailaren 28an egin zan abade, <strong>BIlboko San Anton\u00a0<\/strong>parrokian.<\/p><\/p>\n\n<p><p>Hasieran, <strong>Bezin<\/strong> jardun eban abade lez, ekonomo lanetan eta, beranduago, <strong>Durangoko Uribarriko Andra Mari<\/strong> parrokiako abade lagunkide izendatu eben. 1965tik aurrera, <strong>Bilboko<\/strong> hainbat parrokiatan aritu zan pastoralgintzan: 1965-1987, abade lagunkide <strong>San Frantzisko Xabier<\/strong> parrokian, 1987-1990, <strong>Abando eskualdeko<\/strong> abateen taldeko moderatzaile; 1990-2002, <strong>Corpus Christi<\/strong> eta <strong>San Frantzisko Xabier<\/strong> parrokietako arduradun eta 1993-1995 biartean, baita <strong>Erregeen Andra Mari<\/strong> eta <strong>San Fernando<\/strong> parrokietako moderatzaile be. 2002tik hasi eta 2008an erretiroa hartu eban arte, <strong>Pilareko Andra Mari<\/strong> parrokiako bikario izan zan.<\/p><\/p>\n\n<p><p>Gainera, 1980 eta 2002 bitartea, Abando-Albia eskualdeko ordezkari izan zan eta 1996 eta 2001 bitartean, Abade Kontseiluko kide.<\/p><\/p>\n\n<p><\/p>\n\n<h3 class=\"wp-block-heading\"><p><strong>Onberatasuna, eroapena eta zuhurtasuna<\/strong><\/p><\/h3>\n\n<p><p><strong>Ana Zugaza<\/strong> laiko eta teologoa <strong>Enrique Abianen<\/strong> laguna izan zan eta azkeneraino jardun eben alkarlanean. Bere esanetan, <em>&#8220;hoy es un d\u00eda para dar gracias a Dios por la suerte de haber tenido a <strong>Enrique <\/strong>entre nosotros. Su inmensa bondad, su\u00a0 paciencia infinita, su discreci\u00f3n y su gran sentido del humor, han sido notas que le han caracterizado. Siempre alegre y contento. Siempre animando e ilusionando. Entusiasmado\u00a0 con su vocaci\u00f3n de cura. Enrique, ante cualquier tarea, se empe\u00f1aba, promov\u00eda, impulsaba, pero sobre todo implicaba a la gente y luego, se retiraba. El protagonismo nunca era suyo, los importantes siempre eran los dem\u00e1s.\u00a0Se ha ido y nos hecho herederos de su sabidur\u00eda, de su ejemplo, de su testimonio. Hombre bueno, hombre de Dios&#8221;.<\/em><\/p><\/p>\n\n<p><p><strong>Ana Zugazak<\/strong> nabarmendu dauanez, <strong>Enrique Abianek\u00a0<\/strong>laiko eta abade bokazinoak bultzatu ebazan. <strong>Enriquek<\/strong> berak inoanez, hainbat bokazino ekarri eban Eleizbarrutira, esate baterako, <strong>Angel Mari Unzuetarena, Ana Zugazarena<\/strong> berarena edo <strong>Roberto Jauregibeitiarena,<\/strong> besteak beste. Eurek haren &#8220;ikasletzat&#8221; izan dabe beti euren burua. \u00a0<\/p><\/p>\n\n<p><\/p>\n\n<figure class=\"wp-block-image aligncenter size-large is-resized\"><img decoding=\"async\" width=\"1024\" height=\"635\" src=\"https:\/\/bizkeliza.org\/wp-content\/uploads\/2025\/02\/IMG-20250131-WA0007-1024x635.jpg\" alt=\"Ana Zugaza, Enrique Abian eta Angel Mari Unzueta.\" class=\"wp-image-155548\" style=\"width:613px;height:auto\" srcset=\"https:\/\/bizkeliza.org\/wp-content\/uploads\/2025\/02\/IMG-20250131-WA0007-980x608.jpg 980w, https:\/\/bizkeliza.org\/wp-content\/uploads\/2025\/02\/IMG-20250131-WA0007-480x298.jpg 480w\" sizes=\"(min-width: 0px) and (max-width: 480px) 480px, (min-width: 481px) and (max-width: 980px) 980px, (min-width: 981px) 1024px, 100vw\" \/><figcaption class=\"wp-element-caption\">Ana Zugaza, Enrique Abian eta Angel Mari Unzueta.<\/figcaption><\/figure>\n\n<p><p>Hainbat lagunen esanetan, abade bikaina izan zan, eta<strong> San Frantzisko Xabier<\/strong> parrokiako egonaldiak itzi eutsan arrastorik handiena, bertan pastoral lan handia egin eta arrasto nabarmena itzi ebalarik.\u00a0<\/p><\/p>\n\n<p><p>Eta <strong>San Frantzisko Xabier<\/strong> egindako lanaz gainera, <strong>Abando-Albia eskualdearen<\/strong> sustatzaile izan zan.<\/p><\/p>\n\n<h3 class=\"wp-block-heading\"><p><strong>Baikorra<\/strong><\/p><\/h3>\n\n<p><p><b>Angel Unanue <\/b>abade lagunaren esanetan, <strong>Enrique Abian <\/strong>gizon baikorra izan zan: <em>\u201cSiempre que me encontraba charlaba con \u00e9l, sobre todo, despu\u00e9s de una celebraci\u00f3n que \u00e9l segu\u00eda desde el banco de la iglesia como un cura ya jubilado. Sus palabras eran de felicitaci\u00f3n: \u00a1qu\u00e9 bien lo hac\u00e9is!\u00a0Se dejaba sorprender por lo que ve\u00eda en los dem\u00e1s, en sus compa\u00f1eros\u201d<\/em>.<\/p><\/p>\n\n<p><p><strong>Unanuek <\/strong>azpimarratu dauanez, egon zan parrokia guztietan, besteakaz alkarlanean eritu zan: \u201c<em>alabando y necesitando del carisma de los dem\u00e1s. Y en una l\u00ednea m\u00e1s personal: ha necesitado de la compa\u00f1\u00eda de la mujer. \u00daltimamente, nunca caminaba s\u00f3lo, iba acompa\u00f1ado no solo por necesidad f\u00edsica sino tambi\u00e9n por convencimiento de que las mujeres tienen que tener su puesto relevante en la comunidad cristiana&#8230;\u201d<\/em><\/p><\/p>\n\n<p><\/p>\n\n<h3 class=\"wp-block-heading\"><p><strong>On Enrique maitea<\/strong><\/p><\/h3>\n\n<p><p><strong>Eduardo Espino,<\/strong> Derioko kanposantuko kapilaua haren lagun mina izan zan:\u00a0<em>\u201cconoc\u00ed a<strong> D. Enrique<\/strong> cuando era p\u00e1rroco de San Francisco Javier y delegado de sector. A\u00f1os m\u00e1s tarde paso a ser p\u00e1rroco del <strong>Corpus Christi <\/strong>y se puso en contacto conmigo para apoyarlo en las tareas de secretar\u00eda parroquial y sacristan\u00eda. De \u00e9l percib\u00ed el lema sacerdotal de <strong>Vitoria<\/strong>: \u2018s\u00f3lo sacerdote, siempre sacerdote, en todo sacerdote\u2019. Fue un hombre bueno, lleno de caridad en el trato, con alma de poeta y muy t\u00edmido. Eso le hac\u00eda parecer distante, pero ganaba con creces en la cercan\u00eda. Hombre de oraci\u00f3n y amante del culto digno\u201d.<\/em><\/p><\/p>\n\n<p><p><strong>62 salmoa<\/strong><\/p><\/p>\n\n<p><p><em>Jainko, ene Jainko, lehia biziz nabil zure bila, \/<\/em><br\/><em>zure egarri da nire barrena,\u00a0 \/ zure irrika nazan guztia, \/\u00a0<\/em><br\/><em>lur lehor, agor, urik urik bakoa lez.<\/em><br\/><br\/><\/p><\/p>\n\n<p><p><em>Egon naitela holan santutegian zuri begira, \/ zure indarra eta ospea ikusiz<\/em><\/p><\/p>\n\n<p><p><em>Bizia baino ederrago zure maitasuna! \/ <\/em><em>Nire ahoak ospatuko zaitu;<\/em><\/p><\/p>\n\n<p><p><em>\u00a0bai, bizitza guztian bedeinkatuko zaitut, \/ zuri dei eginez altxatuko eskuak.<\/em><\/p><\/p>\n\n<p><p><em>Jakirik gozoenez bezala aseko naz, \/ eta nire ezpanek poz-oihuka goretsiko zaitue.<\/em><\/p><\/p>\n\n<p><p><em>Gauez ohean zuregan dot gogoa, \/ <\/em><em>zuri otoitzean igarotzen dodaz orduak.<\/em><\/p><\/p>\n\n<p><p><em>Bai, zu izan zaitut laguntzaile; \/ <\/em><em>kantuz ariko naz pozik zure hegalen itzalean.<\/em><\/p><\/p>\n\n<p><p><em>Zuri itsatsia nago oso-osorik, <\/em><em>eta zure eskuinak eusten niri<\/em><\/p><\/p>\n\n<p>Goian bego!<\/p>\n","protected":false},"excerpt":{"rendered":"<p>Enrique Abian Bilbon jaio zan 1933ko urtarrilaren 20an eta 1957ko uztailaren 28an egin zan abade, BIlboko San Anton\u00a0parrokian. Hasieran, Bezin jardun eban abade lez, ekonomo lanetan eta, beranduago, Durangoko Uribarriko Andra Mari parrokiako abade lagunkide izendatu eben. 1965tik aurrera, Bilboko hainbat parrokiatan aritu zan pastoralgintzan: 1965-1987, abade lagunkide San Frantzisko Xabier parrokian, 1987-1990, Abando eskualdeko [&hellip;]<\/p>\n","protected":false},"author":20,"featured_media":155570,"comment_status":"closed","ping_status":"closed","sticky":false,"template":"","format":"standard","meta":{"_acf_changed":false,"_et_pb_use_builder":"off","_et_pb_old_content":"","_et_gb_content_width":"","footnotes":""},"categories":[506],"tags":[],"class_list":["post-155808","post","type-post","status-publish","format-standard","has-post-thumbnail","hentry","category-lehenengo-orrialdea"],"acf":[],"yoast_head":"<!-- This site is optimized with the Yoast SEO Premium plugin v27.5 (Yoast SEO v27.5) - https:\/\/yoast.com\/product\/yoast-seo-premium-wordpress\/ -->\n<title>Enrique Abian &quot;laiko eta abade bokazinoen bultzatzailea&quot; hil da - Bilboko Elizbarrutia - Di\u00f3cesis de Bilbao<\/title>\n<meta name=\"description\" content=\"Enrique Abian Bilbon jaio zan 1933ko urtarrilaren 20an eta 1957ko uztailaren 28an egin zan abade,\" \/>\n<meta name=\"robots\" content=\"index, follow, max-snippet:-1, max-image-preview:large, max-video-preview:-1\" \/>\n<link rel=\"canonical\" href=\"https:\/\/bizkeliza.org\/eu\/noticia\/enrique-abian-laiko-eta-abade-bokazinoen-bultzatzailea-hil-da\/\" \/>\n<meta property=\"og:locale\" content=\"eu_ES\" \/>\n<meta property=\"og:type\" content=\"article\" \/>\n<meta property=\"og:title\" content=\"Enrique Abian &quot;laiko eta abade bokazinoen bultzatzailea&quot; hil da\" \/>\n<meta property=\"og:description\" content=\"Enrique Abian Bilbon jaio zan 1933ko urtarrilaren 20an eta 1957ko uztailaren 28an egin zan abade,\" \/>\n<meta property=\"og:url\" content=\"https:\/\/bizkeliza.org\/eu\/noticia\/enrique-abian-laiko-eta-abade-bokazinoen-bultzatzailea-hil-da\/\" \/>\n<meta property=\"og:site_name\" content=\"Bilboko Elizbarrutia - Di\u00f3cesis de Bilbao\" \/>\n<meta property=\"article:publisher\" content=\"https:\/\/www.facebook.com\/DiocesisBilbao\/\" \/>\n<meta property=\"article:published_time\" content=\"2025-02-01T11:00:00+00:00\" \/>\n<meta property=\"article:modified_time\" content=\"2025-02-03T08:49:42+00:00\" \/>\n<meta property=\"og:image\" content=\"https:\/\/bizkeliza.org\/wp-content\/uploads\/2025\/02\/IMG-20250201-WA0006.jpg\" \/>\n\t<meta property=\"og:image:width\" content=\"807\" \/>\n\t<meta property=\"og:image:height\" content=\"1276\" \/>\n\t<meta property=\"og:image:type\" content=\"image\/jpeg\" \/>\n<meta name=\"author\" content=\"bkareaga\" \/>\n<meta name=\"twitter:card\" content=\"summary_large_image\" \/>\n<meta name=\"twitter:creator\" content=\"@DiocesisBilbao\" \/>\n<meta name=\"twitter:site\" content=\"@DiocesisBilbao\" \/>\n<script type=\"application\/ld+json\" class=\"yoast-schema-graph\">{\"@context\":\"https:\\\/\\\/schema.org\",\"@graph\":[{\"@type\":\"Article\",\"@id\":\"https:\\\/\\\/bizkeliza.org\\\/eu\\\/noticia\\\/enrique-abian-laiko-eta-abade-bokazinoen-bultzatzailea-hil-da\\\/#article\",\"isPartOf\":{\"@id\":\"https:\\\/\\\/bizkeliza.org\\\/eu\\\/noticia\\\/enrique-abian-laiko-eta-abade-bokazinoen-bultzatzailea-hil-da\\\/\"},\"author\":{\"name\":\"bkareaga\",\"@id\":\"https:\\\/\\\/bizkeliza.org\\\/eu\\\/#\\\/schema\\\/person\\\/1f27c53156256531056d48959c2f2008\"},\"headline\":\"Enrique Abian &#8220;laiko eta abade bokazinoen bultzatzailea&#8221; hil da\",\"datePublished\":\"2025-02-01T11:00:00+00:00\",\"dateModified\":\"2025-02-03T08:49:42+00:00\",\"mainEntityOfPage\":{\"@id\":\"https:\\\/\\\/bizkeliza.org\\\/eu\\\/noticia\\\/enrique-abian-laiko-eta-abade-bokazinoen-bultzatzailea-hil-da\\\/\"},\"wordCount\":695,\"publisher\":{\"@id\":\"https:\\\/\\\/bizkeliza.org\\\/eu\\\/#organization\"},\"image\":{\"@id\":\"https:\\\/\\\/bizkeliza.org\\\/eu\\\/noticia\\\/enrique-abian-laiko-eta-abade-bokazinoen-bultzatzailea-hil-da\\\/#primaryimage\"},\"thumbnailUrl\":\"https:\\\/\\\/bizkeliza.org\\\/wp-content\\\/uploads\\\/2025\\\/02\\\/IMG-20250201-WA0006.jpg\",\"articleSection\":[\"Lehenengo Orrialdea\"],\"inLanguage\":\"eu-ES\"},{\"@type\":\"WebPage\",\"@id\":\"https:\\\/\\\/bizkeliza.org\\\/eu\\\/noticia\\\/enrique-abian-laiko-eta-abade-bokazinoen-bultzatzailea-hil-da\\\/\",\"url\":\"https:\\\/\\\/bizkeliza.org\\\/eu\\\/noticia\\\/enrique-abian-laiko-eta-abade-bokazinoen-bultzatzailea-hil-da\\\/\",\"name\":\"Enrique Abian \\\"laiko eta abade bokazinoen bultzatzailea\\\" hil da - Bilboko Elizbarrutia - Di\u00f3cesis de Bilbao\",\"isPartOf\":{\"@id\":\"https:\\\/\\\/bizkeliza.org\\\/eu\\\/#website\"},\"primaryImageOfPage\":{\"@id\":\"https:\\\/\\\/bizkeliza.org\\\/eu\\\/noticia\\\/enrique-abian-laiko-eta-abade-bokazinoen-bultzatzailea-hil-da\\\/#primaryimage\"},\"image\":{\"@id\":\"https:\\\/\\\/bizkeliza.org\\\/eu\\\/noticia\\\/enrique-abian-laiko-eta-abade-bokazinoen-bultzatzailea-hil-da\\\/#primaryimage\"},\"thumbnailUrl\":\"https:\\\/\\\/bizkeliza.org\\\/wp-content\\\/uploads\\\/2025\\\/02\\\/IMG-20250201-WA0006.jpg\",\"datePublished\":\"2025-02-01T11:00:00+00:00\",\"dateModified\":\"2025-02-03T08:49:42+00:00\",\"description\":\"Enrique Abian Bilbon jaio zan 1933ko urtarrilaren 20an eta 1957ko uztailaren 28an egin zan abade,\",\"breadcrumb\":{\"@id\":\"https:\\\/\\\/bizkeliza.org\\\/eu\\\/noticia\\\/enrique-abian-laiko-eta-abade-bokazinoen-bultzatzailea-hil-da\\\/#breadcrumb\"},\"inLanguage\":\"eu-ES\",\"potentialAction\":[{\"@type\":\"ReadAction\",\"target\":[\"https:\\\/\\\/bizkeliza.org\\\/eu\\\/noticia\\\/enrique-abian-laiko-eta-abade-bokazinoen-bultzatzailea-hil-da\\\/\"]}]},{\"@type\":\"ImageObject\",\"inLanguage\":\"eu-ES\",\"@id\":\"https:\\\/\\\/bizkeliza.org\\\/eu\\\/noticia\\\/enrique-abian-laiko-eta-abade-bokazinoen-bultzatzailea-hil-da\\\/#primaryimage\",\"url\":\"https:\\\/\\\/bizkeliza.org\\\/wp-content\\\/uploads\\\/2025\\\/02\\\/IMG-20250201-WA0006.jpg\",\"contentUrl\":\"https:\\\/\\\/bizkeliza.org\\\/wp-content\\\/uploads\\\/2025\\\/02\\\/IMG-20250201-WA0006.jpg\",\"width\":807,\"height\":1276,\"caption\":\"Enrique Abian\"},{\"@type\":\"BreadcrumbList\",\"@id\":\"https:\\\/\\\/bizkeliza.org\\\/eu\\\/noticia\\\/enrique-abian-laiko-eta-abade-bokazinoen-bultzatzailea-hil-da\\\/#breadcrumb\",\"itemListElement\":[{\"@type\":\"ListItem\",\"position\":1,\"name\":\"Portada\",\"item\":\"https:\\\/\\\/bizkeliza.org\\\/eu\\\/\"},{\"@type\":\"ListItem\",\"position\":2,\"name\":\"Enrique Abian &#8220;laiko eta abade bokazinoen bultzatzailea&#8221; hil da\"}]},{\"@type\":\"WebSite\",\"@id\":\"https:\\\/\\\/bizkeliza.org\\\/eu\\\/#website\",\"url\":\"https:\\\/\\\/bizkeliza.org\\\/eu\\\/\",\"name\":\"Bilboko Elizbarrutia - Di\u00f3cesis de Bilbao\",\"description\":\"Di\u00f3cesis de Bilbao\",\"publisher\":{\"@id\":\"https:\\\/\\\/bizkeliza.org\\\/eu\\\/#organization\"},\"alternateName\":\"Di\u00f3cesis de Bilbao\",\"potentialAction\":[{\"@type\":\"SearchAction\",\"target\":{\"@type\":\"EntryPoint\",\"urlTemplate\":\"https:\\\/\\\/bizkeliza.org\\\/eu\\\/?s={search_term_string}\"},\"query-input\":{\"@type\":\"PropertyValueSpecification\",\"valueRequired\":true,\"valueName\":\"search_term_string\"}}],\"inLanguage\":\"eu-ES\"},{\"@type\":\"Organization\",\"@id\":\"https:\\\/\\\/bizkeliza.org\\\/eu\\\/#organization\",\"name\":\"Di\u00f3cesis de Bilbao\",\"alternateName\":\"Di\u00f3cesis de Bilbao\",\"url\":\"https:\\\/\\\/bizkeliza.org\\\/eu\\\/\",\"logo\":{\"@type\":\"ImageObject\",\"inLanguage\":\"eu-ES\",\"@id\":\"https:\\\/\\\/bizkeliza.org\\\/eu\\\/#\\\/schema\\\/logo\\\/image\\\/\",\"url\":\"https:\\\/\\\/bizkeliza.org\\\/wp-content\\\/uploads\\\/2022\\\/06\\\/Logo-nuevo_2024-1-scaled.jpg\",\"contentUrl\":\"https:\\\/\\\/bizkeliza.org\\\/wp-content\\\/uploads\\\/2022\\\/06\\\/Logo-nuevo_2024-1-scaled.jpg\",\"width\":2560,\"height\":1024,\"caption\":\"Di\u00f3cesis de Bilbao\"},\"image\":{\"@id\":\"https:\\\/\\\/bizkeliza.org\\\/eu\\\/#\\\/schema\\\/logo\\\/image\\\/\"},\"sameAs\":[\"https:\\\/\\\/www.facebook.com\\\/DiocesisBilbao\\\/\",\"https:\\\/\\\/x.com\\\/DiocesisBilbao\",\"https:\\\/\\\/www.instagram.com\\\/obispadobilbao\\\/\",\"https:\\\/\\\/www.youtube.com\\\/user\\\/bilbokoelizbarrutia\"],\"description\":\"Iglesia local de Bilbao perteneciente a la Iglesia Cat\u00f3lica\"},{\"@type\":\"Person\",\"@id\":\"https:\\\/\\\/bizkeliza.org\\\/eu\\\/#\\\/schema\\\/person\\\/1f27c53156256531056d48959c2f2008\",\"name\":\"bkareaga\"}]}<\/script>\n<!-- \/ Yoast SEO Premium plugin. -->","yoast_head_json":{"title":"Enrique Abian \"laiko eta abade bokazinoen bultzatzailea\" hil da - Bilboko Elizbarrutia - Di\u00f3cesis de Bilbao","description":"Enrique Abian Bilbon jaio zan 1933ko urtarrilaren 20an eta 1957ko uztailaren 28an egin zan abade,","robots":{"index":"index","follow":"follow","max-snippet":"max-snippet:-1","max-image-preview":"max-image-preview:large","max-video-preview":"max-video-preview:-1"},"canonical":"https:\/\/bizkeliza.org\/eu\/noticia\/enrique-abian-laiko-eta-abade-bokazinoen-bultzatzailea-hil-da\/","og_locale":"eu_ES","og_type":"article","og_title":"Enrique Abian \"laiko eta abade bokazinoen bultzatzailea\" hil da","og_description":"Enrique Abian Bilbon jaio zan 1933ko urtarrilaren 20an eta 1957ko uztailaren 28an egin zan abade,","og_url":"https:\/\/bizkeliza.org\/eu\/noticia\/enrique-abian-laiko-eta-abade-bokazinoen-bultzatzailea-hil-da\/","og_site_name":"Bilboko Elizbarrutia - Di\u00f3cesis de Bilbao","article_publisher":"https:\/\/www.facebook.com\/DiocesisBilbao\/","article_published_time":"2025-02-01T11:00:00+00:00","article_modified_time":"2025-02-03T08:49:42+00:00","og_image":[{"width":807,"height":1276,"url":"https:\/\/bizkeliza.org\/wp-content\/uploads\/2025\/02\/IMG-20250201-WA0006.jpg","type":"image\/jpeg"}],"author":"bkareaga","twitter_card":"summary_large_image","twitter_creator":"@DiocesisBilbao","twitter_site":"@DiocesisBilbao","schema":{"@context":"https:\/\/schema.org","@graph":[{"@type":"Article","@id":"https:\/\/bizkeliza.org\/eu\/noticia\/enrique-abian-laiko-eta-abade-bokazinoen-bultzatzailea-hil-da\/#article","isPartOf":{"@id":"https:\/\/bizkeliza.org\/eu\/noticia\/enrique-abian-laiko-eta-abade-bokazinoen-bultzatzailea-hil-da\/"},"author":{"name":"bkareaga","@id":"https:\/\/bizkeliza.org\/eu\/#\/schema\/person\/1f27c53156256531056d48959c2f2008"},"headline":"Enrique Abian &#8220;laiko eta abade bokazinoen bultzatzailea&#8221; hil da","datePublished":"2025-02-01T11:00:00+00:00","dateModified":"2025-02-03T08:49:42+00:00","mainEntityOfPage":{"@id":"https:\/\/bizkeliza.org\/eu\/noticia\/enrique-abian-laiko-eta-abade-bokazinoen-bultzatzailea-hil-da\/"},"wordCount":695,"publisher":{"@id":"https:\/\/bizkeliza.org\/eu\/#organization"},"image":{"@id":"https:\/\/bizkeliza.org\/eu\/noticia\/enrique-abian-laiko-eta-abade-bokazinoen-bultzatzailea-hil-da\/#primaryimage"},"thumbnailUrl":"https:\/\/bizkeliza.org\/wp-content\/uploads\/2025\/02\/IMG-20250201-WA0006.jpg","articleSection":["Lehenengo Orrialdea"],"inLanguage":"eu-ES"},{"@type":"WebPage","@id":"https:\/\/bizkeliza.org\/eu\/noticia\/enrique-abian-laiko-eta-abade-bokazinoen-bultzatzailea-hil-da\/","url":"https:\/\/bizkeliza.org\/eu\/noticia\/enrique-abian-laiko-eta-abade-bokazinoen-bultzatzailea-hil-da\/","name":"Enrique Abian \"laiko eta abade bokazinoen bultzatzailea\" hil da - Bilboko Elizbarrutia - Di\u00f3cesis de Bilbao","isPartOf":{"@id":"https:\/\/bizkeliza.org\/eu\/#website"},"primaryImageOfPage":{"@id":"https:\/\/bizkeliza.org\/eu\/noticia\/enrique-abian-laiko-eta-abade-bokazinoen-bultzatzailea-hil-da\/#primaryimage"},"image":{"@id":"https:\/\/bizkeliza.org\/eu\/noticia\/enrique-abian-laiko-eta-abade-bokazinoen-bultzatzailea-hil-da\/#primaryimage"},"thumbnailUrl":"https:\/\/bizkeliza.org\/wp-content\/uploads\/2025\/02\/IMG-20250201-WA0006.jpg","datePublished":"2025-02-01T11:00:00+00:00","dateModified":"2025-02-03T08:49:42+00:00","description":"Enrique Abian Bilbon jaio zan 1933ko urtarrilaren 20an eta 1957ko uztailaren 28an egin zan abade,","breadcrumb":{"@id":"https:\/\/bizkeliza.org\/eu\/noticia\/enrique-abian-laiko-eta-abade-bokazinoen-bultzatzailea-hil-da\/#breadcrumb"},"inLanguage":"eu-ES","potentialAction":[{"@type":"ReadAction","target":["https:\/\/bizkeliza.org\/eu\/noticia\/enrique-abian-laiko-eta-abade-bokazinoen-bultzatzailea-hil-da\/"]}]},{"@type":"ImageObject","inLanguage":"eu-ES","@id":"https:\/\/bizkeliza.org\/eu\/noticia\/enrique-abian-laiko-eta-abade-bokazinoen-bultzatzailea-hil-da\/#primaryimage","url":"https:\/\/bizkeliza.org\/wp-content\/uploads\/2025\/02\/IMG-20250201-WA0006.jpg","contentUrl":"https:\/\/bizkeliza.org\/wp-content\/uploads\/2025\/02\/IMG-20250201-WA0006.jpg","width":807,"height":1276,"caption":"Enrique Abian"},{"@type":"BreadcrumbList","@id":"https:\/\/bizkeliza.org\/eu\/noticia\/enrique-abian-laiko-eta-abade-bokazinoen-bultzatzailea-hil-da\/#breadcrumb","itemListElement":[{"@type":"ListItem","position":1,"name":"Portada","item":"https:\/\/bizkeliza.org\/eu\/"},{"@type":"ListItem","position":2,"name":"Enrique Abian &#8220;laiko eta abade bokazinoen bultzatzailea&#8221; hil da"}]},{"@type":"WebSite","@id":"https:\/\/bizkeliza.org\/eu\/#website","url":"https:\/\/bizkeliza.org\/eu\/","name":"Bilboko Elizbarrutia - Di\u00f3cesis de Bilbao","description":"Di\u00f3cesis de Bilbao","publisher":{"@id":"https:\/\/bizkeliza.org\/eu\/#organization"},"alternateName":"Di\u00f3cesis de Bilbao","potentialAction":[{"@type":"SearchAction","target":{"@type":"EntryPoint","urlTemplate":"https:\/\/bizkeliza.org\/eu\/?s={search_term_string}"},"query-input":{"@type":"PropertyValueSpecification","valueRequired":true,"valueName":"search_term_string"}}],"inLanguage":"eu-ES"},{"@type":"Organization","@id":"https:\/\/bizkeliza.org\/eu\/#organization","name":"Di\u00f3cesis de Bilbao","alternateName":"Di\u00f3cesis de Bilbao","url":"https:\/\/bizkeliza.org\/eu\/","logo":{"@type":"ImageObject","inLanguage":"eu-ES","@id":"https:\/\/bizkeliza.org\/eu\/#\/schema\/logo\/image\/","url":"https:\/\/bizkeliza.org\/wp-content\/uploads\/2022\/06\/Logo-nuevo_2024-1-scaled.jpg","contentUrl":"https:\/\/bizkeliza.org\/wp-content\/uploads\/2022\/06\/Logo-nuevo_2024-1-scaled.jpg","width":2560,"height":1024,"caption":"Di\u00f3cesis de Bilbao"},"image":{"@id":"https:\/\/bizkeliza.org\/eu\/#\/schema\/logo\/image\/"},"sameAs":["https:\/\/www.facebook.com\/DiocesisBilbao\/","https:\/\/x.com\/DiocesisBilbao","https:\/\/www.instagram.com\/obispadobilbao\/","https:\/\/www.youtube.com\/user\/bilbokoelizbarrutia"],"description":"Iglesia local de Bilbao perteneciente a la Iglesia Cat\u00f3lica"},{"@type":"Person","@id":"https:\/\/bizkeliza.org\/eu\/#\/schema\/person\/1f27c53156256531056d48959c2f2008","name":"bkareaga"}]}},"jetpack_featured_media_url":"https:\/\/bizkeliza.org\/wp-content\/uploads\/2025\/02\/IMG-20250201-WA0006.jpg","_links":{"self":[{"href":"https:\/\/bizkeliza.org\/eu\/wp-json\/wp\/v2\/posts\/155808","targetHints":{"allow":["GET"]}}],"collection":[{"href":"https:\/\/bizkeliza.org\/eu\/wp-json\/wp\/v2\/posts"}],"about":[{"href":"https:\/\/bizkeliza.org\/eu\/wp-json\/wp\/v2\/types\/post"}],"author":[{"embeddable":true,"href":"https:\/\/bizkeliza.org\/eu\/wp-json\/wp\/v2\/users\/20"}],"replies":[{"embeddable":true,"href":"https:\/\/bizkeliza.org\/eu\/wp-json\/wp\/v2\/comments?post=155808"}],"version-history":[{"count":0,"href":"https:\/\/bizkeliza.org\/eu\/wp-json\/wp\/v2\/posts\/155808\/revisions"}],"wp:featuredmedia":[{"embeddable":true,"href":"https:\/\/bizkeliza.org\/eu\/wp-json\/wp\/v2\/media\/155570"}],"wp:attachment":[{"href":"https:\/\/bizkeliza.org\/eu\/wp-json\/wp\/v2\/media?parent=155808"}],"wp:term":[{"taxonomy":"category","embeddable":true,"href":"https:\/\/bizkeliza.org\/eu\/wp-json\/wp\/v2\/categories?post=155808"},{"taxonomy":"post_tag","embeddable":true,"href":"https:\/\/bizkeliza.org\/eu\/wp-json\/wp\/v2\/tags?post=155808"}],"curies":[{"name":"wp","href":"https:\/\/api.w.org\/{rel}","templated":true}]}}