{"id":157710,"date":"2025-02-26T15:30:00","date_gmt":"2025-02-26T14:30:00","guid":{"rendered":"https:\/\/bizkeliza.org\/noticia\/eleizbarrutian-urte-gehien-daben-monjetako-batek-100-urte-bete-ditu\/"},"modified":"2025-02-27T08:25:22","modified_gmt":"2025-02-27T07:25:22","slug":"eleizbarrutian-urte-gehien-daben-monjetako-batek-100-urte-bete-ditu","status":"publish","type":"post","link":"https:\/\/bizkeliza.org\/eu\/noticia\/eleizbarrutian-urte-gehien-daben-monjetako-batek-100-urte-bete-ditu\/","title":{"rendered":"Eleizbarrutian urte gehien daben monjetako batek 100 urte bete ditu"},"content":{"rendered":"\n<p>Sor Maria Luisa, Karitatearen Alabak 100 urte bete ditu gaur. Gue\u00f1esen bizi da beste zortzi ahiztagaz batera eta herriak omenaldia eskaini deutso gaur goizean.  <\/p>\n\n<figure class=\"wp-block-image size-large\"><img decoding=\"async\" width=\"1024\" height=\"768\" src=\"https:\/\/bizkeliza.org\/wp-content\/uploads\/2025\/02\/480990200_1131902985644426_2986534406834020975_n-1024x768.jpg\" alt=\"\" class=\"wp-image-157651\" srcset=\"https:\/\/bizkeliza.org\/wp-content\/uploads\/2025\/02\/480990200_1131902985644426_2986534406834020975_n-980x735.jpg 980w, https:\/\/bizkeliza.org\/wp-content\/uploads\/2025\/02\/480990200_1131902985644426_2986534406834020975_n-480x360.jpg 480w\" sizes=\"(min-width: 0px) and (max-width: 480px) 480px, (min-width: 481px) and (max-width: 980px) 980px, (min-width: 981px) 1024px, 100vw\" \/><figcaption class=\"wp-element-caption\">Udalak eskaini deutsan omenaldia (Argazkia: Gue\u00f1eseko Udala)<\/figcaption><\/figure>\n\n<p><p>Alkarteak Eukaristia ospatu dau Ernesto Bilbao parrokoa buru dala eta, ostean, bazkari\u00a0<em>&#8220;berezia&#8221; <\/em>izan dabe. Sor Maria Luisak bere urtebetetzerako beren-beregi prestatutako tartaren kandelak amatau ditu.<\/p><\/p>\n\n<figure class=\"wp-block-image aligncenter size-large\"><img decoding=\"async\" width=\"610\" height=\"1024\" src=\"https:\/\/bizkeliza.org\/wp-content\/uploads\/2025\/02\/Sor-Maria-Luisa-1-610x1024.jpg\" alt=\"\" class=\"wp-image-157664\" srcset=\"https:\/\/bizkeliza.org\/wp-content\/uploads\/2025\/02\/Sor-Maria-Luisa-1-610x1024.jpg 610w, https:\/\/bizkeliza.org\/wp-content\/uploads\/2025\/02\/Sor-Maria-Luisa-1-480x806.jpg 480w\" sizes=\"(min-width: 0px) and (max-width: 480px) 480px, (min-width: 481px) 610px, 100vw\" \/><figcaption class=\"wp-element-caption\">Sor Maria Luisa urtebetetzeko tarta zatitzen<\/figcaption><\/figure>\n\n<p><p>Alkarteak poz-pozik ospatu dau sor Maria Luisaren mendeurrena, gero eta gitxiago eta edadetuago dirala autortuta, baina\u00a0<em>&#8220;ilusinoz&#8221;<\/em> euren misinoan aurrera egiteko: <em>&#8220;kalitatezko zerbitzua eskaini pobreenei gizakiaren, bizitzaren eta munduaren kristau ikuspuntutik, Ebanjelioaren Barri Ona agertuz&#8221;.\u00a0<\/em><\/p><\/p>\n\n<h3 class=\"wp-block-heading\">Beste alkarte batzuk<\/h3>\n\n<p><p><a href=\"https:\/\/www.hijascaridadee.org\/es\/quienes-somos\/fundadores\">Karitatearen Alabak <\/a>Bilboko eleizbarrutiko <a href=\"https:\/\/bizkeliza.org\/eu\/elizbarrutia\/elizbarrutiko-gida\/biziera-kontsakratua\/biziera-apostolikoko-alkarteak\/\">hainbat errealitatetan <\/a>dagoz. Lagun egiten deutse Basauriko kartzelako presoei eta ikastetxeetan edo egoitzetan be jarduten dabe.\u00a0<\/p><\/p>\n","protected":false},"excerpt":{"rendered":"<p>Sor Maria Luisa, Karitatearen Alabak 100 urte bete ditu gaur. Gue\u00f1esen bizi da beste zortzi ahiztagaz batera eta herriak omenaldia eskaini deutso gaur goizean. Alkarteak Eukaristia ospatu dau Ernesto Bilbao parrokoa buru dala eta, ostean, bazkari\u00a0&#8220;berezia&#8221; izan dabe. Sor Maria Luisak bere urtebetetzerako beren-beregi prestatutako tartaren kandelak amatau ditu. Alkarteak poz-pozik ospatu dau sor Maria [&hellip;]<\/p>\n","protected":false},"author":19,"featured_media":157642,"comment_status":"closed","ping_status":"closed","sticky":false,"template":"","format":"standard","meta":{"_acf_changed":false,"_et_pb_use_builder":"off","_et_pb_old_content":"","_et_gb_content_width":"","footnotes":""},"categories":[506],"tags":[],"class_list":["post-157710","post","type-post","status-publish","format-standard","has-post-thumbnail","hentry","category-lehenengo-orrialdea"],"acf":[],"yoast_head":"<!-- This site is optimized with the Yoast SEO Premium plugin v27.5 (Yoast SEO v27.5) - https:\/\/yoast.com\/product\/yoast-seo-premium-wordpress\/ -->\n<title>Eleizbarrutian urte gehien daben monjetako batek 100 urte bete ditu<\/title>\n<meta name=\"description\" content=\"Gue\u00f1eseko alkartean bizi dan Sor Maria Luisa Sanchez Toyos Karitatearen Alabak 100 urte bete ditu gaur. Eleizbarrutian urte gehien daben monjetako bat da\" \/>\n<meta name=\"robots\" content=\"index, follow, max-snippet:-1, max-image-preview:large, max-video-preview:-1\" \/>\n<link rel=\"canonical\" href=\"https:\/\/bizkeliza.org\/eu\/noticia\/eleizbarrutian-urte-gehien-daben-monjetako-batek-100-urte-bete-ditu\/\" \/>\n<meta property=\"og:locale\" content=\"eu_ES\" \/>\n<meta property=\"og:type\" content=\"article\" \/>\n<meta property=\"og:title\" content=\"Eleizbarrutian urte gehien daben monjetako batek 100 urte bete ditu\" \/>\n<meta property=\"og:description\" content=\"Gue\u00f1eseko alkartean bizi dan Sor Maria Luisa Sanchez Toyos Karitatearen Alabak 100 urte bete ditu gaur. Eleizbarrutian urte gehien daben monjetako bat da\" \/>\n<meta property=\"og:url\" content=\"https:\/\/bizkeliza.org\/eu\/noticia\/eleizbarrutian-urte-gehien-daben-monjetako-batek-100-urte-bete-ditu\/\" \/>\n<meta property=\"og:site_name\" content=\"Bilboko Elizbarrutia - Di\u00f3cesis de Bilbao\" \/>\n<meta property=\"article:publisher\" content=\"https:\/\/www.facebook.com\/DiocesisBilbao\/\" \/>\n<meta property=\"article:published_time\" content=\"2025-02-26T14:30:00+00:00\" \/>\n<meta property=\"article:modified_time\" content=\"2025-02-27T07:25:22+00:00\" \/>\n<meta property=\"og:image\" content=\"https:\/\/bizkeliza.org\/wp-content\/uploads\/2025\/02\/Sor-Maria-Luisa-scaled.webp\" \/>\n\t<meta property=\"og:image:width\" content=\"2560\" \/>\n\t<meta property=\"og:image:height\" content=\"1440\" \/>\n\t<meta property=\"og:image:type\" content=\"image\/webp\" \/>\n<meta name=\"author\" content=\"dalberdi\" \/>\n<meta name=\"twitter:card\" content=\"summary_large_image\" \/>\n<meta name=\"twitter:creator\" content=\"@DiocesisBilbao\" \/>\n<meta name=\"twitter:site\" content=\"@DiocesisBilbao\" \/>\n<script type=\"application\/ld+json\" class=\"yoast-schema-graph\">{\"@context\":\"https:\\\/\\\/schema.org\",\"@graph\":[{\"@type\":\"Article\",\"@id\":\"https:\\\/\\\/bizkeliza.org\\\/eu\\\/noticia\\\/eleizbarrutian-urte-gehien-daben-monjetako-batek-100-urte-bete-ditu\\\/#article\",\"isPartOf\":{\"@id\":\"https:\\\/\\\/bizkeliza.org\\\/eu\\\/noticia\\\/eleizbarrutian-urte-gehien-daben-monjetako-batek-100-urte-bete-ditu\\\/\"},\"author\":{\"name\":\"dalberdi\",\"@id\":\"https:\\\/\\\/bizkeliza.org\\\/eu\\\/#\\\/schema\\\/person\\\/acc5e302cb1997bd56026a6980544228\"},\"headline\":\"Eleizbarrutian urte gehien daben monjetako batek 100 urte bete ditu\",\"datePublished\":\"2025-02-26T14:30:00+00:00\",\"dateModified\":\"2025-02-27T07:25:22+00:00\",\"mainEntityOfPage\":{\"@id\":\"https:\\\/\\\/bizkeliza.org\\\/eu\\\/noticia\\\/eleizbarrutian-urte-gehien-daben-monjetako-batek-100-urte-bete-ditu\\\/\"},\"wordCount\":131,\"publisher\":{\"@id\":\"https:\\\/\\\/bizkeliza.org\\\/eu\\\/#organization\"},\"image\":{\"@id\":\"https:\\\/\\\/bizkeliza.org\\\/eu\\\/noticia\\\/eleizbarrutian-urte-gehien-daben-monjetako-batek-100-urte-bete-ditu\\\/#primaryimage\"},\"thumbnailUrl\":\"https:\\\/\\\/bizkeliza.org\\\/wp-content\\\/uploads\\\/2025\\\/02\\\/Sor-Maria-Luisa-scaled.webp\",\"articleSection\":[\"Lehenengo Orrialdea\"],\"inLanguage\":\"eu-ES\"},{\"@type\":\"WebPage\",\"@id\":\"https:\\\/\\\/bizkeliza.org\\\/eu\\\/noticia\\\/eleizbarrutian-urte-gehien-daben-monjetako-batek-100-urte-bete-ditu\\\/\",\"url\":\"https:\\\/\\\/bizkeliza.org\\\/eu\\\/noticia\\\/eleizbarrutian-urte-gehien-daben-monjetako-batek-100-urte-bete-ditu\\\/\",\"name\":\"Eleizbarrutian urte gehien daben monjetako batek 100 urte bete ditu\",\"isPartOf\":{\"@id\":\"https:\\\/\\\/bizkeliza.org\\\/eu\\\/#website\"},\"primaryImageOfPage\":{\"@id\":\"https:\\\/\\\/bizkeliza.org\\\/eu\\\/noticia\\\/eleizbarrutian-urte-gehien-daben-monjetako-batek-100-urte-bete-ditu\\\/#primaryimage\"},\"image\":{\"@id\":\"https:\\\/\\\/bizkeliza.org\\\/eu\\\/noticia\\\/eleizbarrutian-urte-gehien-daben-monjetako-batek-100-urte-bete-ditu\\\/#primaryimage\"},\"thumbnailUrl\":\"https:\\\/\\\/bizkeliza.org\\\/wp-content\\\/uploads\\\/2025\\\/02\\\/Sor-Maria-Luisa-scaled.webp\",\"datePublished\":\"2025-02-26T14:30:00+00:00\",\"dateModified\":\"2025-02-27T07:25:22+00:00\",\"description\":\"Gue\u00f1eseko alkartean bizi dan Sor Maria Luisa Sanchez Toyos Karitatearen Alabak 100 urte bete ditu gaur. Eleizbarrutian urte gehien daben monjetako bat da\",\"breadcrumb\":{\"@id\":\"https:\\\/\\\/bizkeliza.org\\\/eu\\\/noticia\\\/eleizbarrutian-urte-gehien-daben-monjetako-batek-100-urte-bete-ditu\\\/#breadcrumb\"},\"inLanguage\":\"eu-ES\",\"potentialAction\":[{\"@type\":\"ReadAction\",\"target\":[\"https:\\\/\\\/bizkeliza.org\\\/eu\\\/noticia\\\/eleizbarrutian-urte-gehien-daben-monjetako-batek-100-urte-bete-ditu\\\/\"]}]},{\"@type\":\"ImageObject\",\"inLanguage\":\"eu-ES\",\"@id\":\"https:\\\/\\\/bizkeliza.org\\\/eu\\\/noticia\\\/eleizbarrutian-urte-gehien-daben-monjetako-batek-100-urte-bete-ditu\\\/#primaryimage\",\"url\":\"https:\\\/\\\/bizkeliza.org\\\/wp-content\\\/uploads\\\/2025\\\/02\\\/Sor-Maria-Luisa-scaled.webp\",\"contentUrl\":\"https:\\\/\\\/bizkeliza.org\\\/wp-content\\\/uploads\\\/2025\\\/02\\\/Sor-Maria-Luisa-scaled.webp\",\"width\":2560,\"height\":1440,\"caption\":\"SOr Maria Luisa, de la Comunidad de las Hijas de la Caridad de G\u00fce\u00f1es, cumple 100 a\u00f1os\"},{\"@type\":\"BreadcrumbList\",\"@id\":\"https:\\\/\\\/bizkeliza.org\\\/eu\\\/noticia\\\/eleizbarrutian-urte-gehien-daben-monjetako-batek-100-urte-bete-ditu\\\/#breadcrumb\",\"itemListElement\":[{\"@type\":\"ListItem\",\"position\":1,\"name\":\"Portada\",\"item\":\"https:\\\/\\\/bizkeliza.org\\\/eu\\\/\"},{\"@type\":\"ListItem\",\"position\":2,\"name\":\"Eleizbarrutian urte gehien daben monjetako batek 100 urte bete ditu\"}]},{\"@type\":\"WebSite\",\"@id\":\"https:\\\/\\\/bizkeliza.org\\\/eu\\\/#website\",\"url\":\"https:\\\/\\\/bizkeliza.org\\\/eu\\\/\",\"name\":\"Bilboko Elizbarrutia - Di\u00f3cesis de Bilbao\",\"description\":\"Di\u00f3cesis de Bilbao\",\"publisher\":{\"@id\":\"https:\\\/\\\/bizkeliza.org\\\/eu\\\/#organization\"},\"alternateName\":\"Di\u00f3cesis de Bilbao\",\"potentialAction\":[{\"@type\":\"SearchAction\",\"target\":{\"@type\":\"EntryPoint\",\"urlTemplate\":\"https:\\\/\\\/bizkeliza.org\\\/eu\\\/?s={search_term_string}\"},\"query-input\":{\"@type\":\"PropertyValueSpecification\",\"valueRequired\":true,\"valueName\":\"search_term_string\"}}],\"inLanguage\":\"eu-ES\"},{\"@type\":\"Organization\",\"@id\":\"https:\\\/\\\/bizkeliza.org\\\/eu\\\/#organization\",\"name\":\"Di\u00f3cesis de Bilbao\",\"alternateName\":\"Di\u00f3cesis de Bilbao\",\"url\":\"https:\\\/\\\/bizkeliza.org\\\/eu\\\/\",\"logo\":{\"@type\":\"ImageObject\",\"inLanguage\":\"eu-ES\",\"@id\":\"https:\\\/\\\/bizkeliza.org\\\/eu\\\/#\\\/schema\\\/logo\\\/image\\\/\",\"url\":\"https:\\\/\\\/bizkeliza.org\\\/wp-content\\\/uploads\\\/2022\\\/06\\\/Logo-nuevo_2024-1-scaled.jpg\",\"contentUrl\":\"https:\\\/\\\/bizkeliza.org\\\/wp-content\\\/uploads\\\/2022\\\/06\\\/Logo-nuevo_2024-1-scaled.jpg\",\"width\":2560,\"height\":1024,\"caption\":\"Di\u00f3cesis de Bilbao\"},\"image\":{\"@id\":\"https:\\\/\\\/bizkeliza.org\\\/eu\\\/#\\\/schema\\\/logo\\\/image\\\/\"},\"sameAs\":[\"https:\\\/\\\/www.facebook.com\\\/DiocesisBilbao\\\/\",\"https:\\\/\\\/x.com\\\/DiocesisBilbao\",\"https:\\\/\\\/www.instagram.com\\\/obispadobilbao\\\/\",\"https:\\\/\\\/www.youtube.com\\\/user\\\/bilbokoelizbarrutia\"],\"description\":\"Iglesia local de Bilbao perteneciente a la Iglesia Cat\u00f3lica\"},{\"@type\":\"Person\",\"@id\":\"https:\\\/\\\/bizkeliza.org\\\/eu\\\/#\\\/schema\\\/person\\\/acc5e302cb1997bd56026a6980544228\",\"name\":\"dalberdi\"}]}<\/script>\n<!-- \/ Yoast SEO Premium plugin. -->","yoast_head_json":{"title":"Eleizbarrutian urte gehien daben monjetako batek 100 urte bete ditu","description":"Gue\u00f1eseko alkartean bizi dan Sor Maria Luisa Sanchez Toyos Karitatearen Alabak 100 urte bete ditu gaur. Eleizbarrutian urte gehien daben monjetako bat da","robots":{"index":"index","follow":"follow","max-snippet":"max-snippet:-1","max-image-preview":"max-image-preview:large","max-video-preview":"max-video-preview:-1"},"canonical":"https:\/\/bizkeliza.org\/eu\/noticia\/eleizbarrutian-urte-gehien-daben-monjetako-batek-100-urte-bete-ditu\/","og_locale":"eu_ES","og_type":"article","og_title":"Eleizbarrutian urte gehien daben monjetako batek 100 urte bete ditu","og_description":"Gue\u00f1eseko alkartean bizi dan Sor Maria Luisa Sanchez Toyos Karitatearen Alabak 100 urte bete ditu gaur. Eleizbarrutian urte gehien daben monjetako bat da","og_url":"https:\/\/bizkeliza.org\/eu\/noticia\/eleizbarrutian-urte-gehien-daben-monjetako-batek-100-urte-bete-ditu\/","og_site_name":"Bilboko Elizbarrutia - Di\u00f3cesis de Bilbao","article_publisher":"https:\/\/www.facebook.com\/DiocesisBilbao\/","article_published_time":"2025-02-26T14:30:00+00:00","article_modified_time":"2025-02-27T07:25:22+00:00","og_image":[{"width":2560,"height":1440,"url":"https:\/\/bizkeliza.org\/wp-content\/uploads\/2025\/02\/Sor-Maria-Luisa-scaled.webp","type":"image\/webp"}],"author":"dalberdi","twitter_card":"summary_large_image","twitter_creator":"@DiocesisBilbao","twitter_site":"@DiocesisBilbao","schema":{"@context":"https:\/\/schema.org","@graph":[{"@type":"Article","@id":"https:\/\/bizkeliza.org\/eu\/noticia\/eleizbarrutian-urte-gehien-daben-monjetako-batek-100-urte-bete-ditu\/#article","isPartOf":{"@id":"https:\/\/bizkeliza.org\/eu\/noticia\/eleizbarrutian-urte-gehien-daben-monjetako-batek-100-urte-bete-ditu\/"},"author":{"name":"dalberdi","@id":"https:\/\/bizkeliza.org\/eu\/#\/schema\/person\/acc5e302cb1997bd56026a6980544228"},"headline":"Eleizbarrutian urte gehien daben monjetako batek 100 urte bete ditu","datePublished":"2025-02-26T14:30:00+00:00","dateModified":"2025-02-27T07:25:22+00:00","mainEntityOfPage":{"@id":"https:\/\/bizkeliza.org\/eu\/noticia\/eleizbarrutian-urte-gehien-daben-monjetako-batek-100-urte-bete-ditu\/"},"wordCount":131,"publisher":{"@id":"https:\/\/bizkeliza.org\/eu\/#organization"},"image":{"@id":"https:\/\/bizkeliza.org\/eu\/noticia\/eleizbarrutian-urte-gehien-daben-monjetako-batek-100-urte-bete-ditu\/#primaryimage"},"thumbnailUrl":"https:\/\/bizkeliza.org\/wp-content\/uploads\/2025\/02\/Sor-Maria-Luisa-scaled.webp","articleSection":["Lehenengo Orrialdea"],"inLanguage":"eu-ES"},{"@type":"WebPage","@id":"https:\/\/bizkeliza.org\/eu\/noticia\/eleizbarrutian-urte-gehien-daben-monjetako-batek-100-urte-bete-ditu\/","url":"https:\/\/bizkeliza.org\/eu\/noticia\/eleizbarrutian-urte-gehien-daben-monjetako-batek-100-urte-bete-ditu\/","name":"Eleizbarrutian urte gehien daben monjetako batek 100 urte bete ditu","isPartOf":{"@id":"https:\/\/bizkeliza.org\/eu\/#website"},"primaryImageOfPage":{"@id":"https:\/\/bizkeliza.org\/eu\/noticia\/eleizbarrutian-urte-gehien-daben-monjetako-batek-100-urte-bete-ditu\/#primaryimage"},"image":{"@id":"https:\/\/bizkeliza.org\/eu\/noticia\/eleizbarrutian-urte-gehien-daben-monjetako-batek-100-urte-bete-ditu\/#primaryimage"},"thumbnailUrl":"https:\/\/bizkeliza.org\/wp-content\/uploads\/2025\/02\/Sor-Maria-Luisa-scaled.webp","datePublished":"2025-02-26T14:30:00+00:00","dateModified":"2025-02-27T07:25:22+00:00","description":"Gue\u00f1eseko alkartean bizi dan Sor Maria Luisa Sanchez Toyos Karitatearen Alabak 100 urte bete ditu gaur. Eleizbarrutian urte gehien daben monjetako bat da","breadcrumb":{"@id":"https:\/\/bizkeliza.org\/eu\/noticia\/eleizbarrutian-urte-gehien-daben-monjetako-batek-100-urte-bete-ditu\/#breadcrumb"},"inLanguage":"eu-ES","potentialAction":[{"@type":"ReadAction","target":["https:\/\/bizkeliza.org\/eu\/noticia\/eleizbarrutian-urte-gehien-daben-monjetako-batek-100-urte-bete-ditu\/"]}]},{"@type":"ImageObject","inLanguage":"eu-ES","@id":"https:\/\/bizkeliza.org\/eu\/noticia\/eleizbarrutian-urte-gehien-daben-monjetako-batek-100-urte-bete-ditu\/#primaryimage","url":"https:\/\/bizkeliza.org\/wp-content\/uploads\/2025\/02\/Sor-Maria-Luisa-scaled.webp","contentUrl":"https:\/\/bizkeliza.org\/wp-content\/uploads\/2025\/02\/Sor-Maria-Luisa-scaled.webp","width":2560,"height":1440,"caption":"SOr Maria Luisa, de la Comunidad de las Hijas de la Caridad de G\u00fce\u00f1es, cumple 100 a\u00f1os"},{"@type":"BreadcrumbList","@id":"https:\/\/bizkeliza.org\/eu\/noticia\/eleizbarrutian-urte-gehien-daben-monjetako-batek-100-urte-bete-ditu\/#breadcrumb","itemListElement":[{"@type":"ListItem","position":1,"name":"Portada","item":"https:\/\/bizkeliza.org\/eu\/"},{"@type":"ListItem","position":2,"name":"Eleizbarrutian urte gehien daben monjetako batek 100 urte bete ditu"}]},{"@type":"WebSite","@id":"https:\/\/bizkeliza.org\/eu\/#website","url":"https:\/\/bizkeliza.org\/eu\/","name":"Bilboko Elizbarrutia - Di\u00f3cesis de Bilbao","description":"Di\u00f3cesis de Bilbao","publisher":{"@id":"https:\/\/bizkeliza.org\/eu\/#organization"},"alternateName":"Di\u00f3cesis de Bilbao","potentialAction":[{"@type":"SearchAction","target":{"@type":"EntryPoint","urlTemplate":"https:\/\/bizkeliza.org\/eu\/?s={search_term_string}"},"query-input":{"@type":"PropertyValueSpecification","valueRequired":true,"valueName":"search_term_string"}}],"inLanguage":"eu-ES"},{"@type":"Organization","@id":"https:\/\/bizkeliza.org\/eu\/#organization","name":"Di\u00f3cesis de Bilbao","alternateName":"Di\u00f3cesis de Bilbao","url":"https:\/\/bizkeliza.org\/eu\/","logo":{"@type":"ImageObject","inLanguage":"eu-ES","@id":"https:\/\/bizkeliza.org\/eu\/#\/schema\/logo\/image\/","url":"https:\/\/bizkeliza.org\/wp-content\/uploads\/2022\/06\/Logo-nuevo_2024-1-scaled.jpg","contentUrl":"https:\/\/bizkeliza.org\/wp-content\/uploads\/2022\/06\/Logo-nuevo_2024-1-scaled.jpg","width":2560,"height":1024,"caption":"Di\u00f3cesis de Bilbao"},"image":{"@id":"https:\/\/bizkeliza.org\/eu\/#\/schema\/logo\/image\/"},"sameAs":["https:\/\/www.facebook.com\/DiocesisBilbao\/","https:\/\/x.com\/DiocesisBilbao","https:\/\/www.instagram.com\/obispadobilbao\/","https:\/\/www.youtube.com\/user\/bilbokoelizbarrutia"],"description":"Iglesia local de Bilbao perteneciente a la Iglesia Cat\u00f3lica"},{"@type":"Person","@id":"https:\/\/bizkeliza.org\/eu\/#\/schema\/person\/acc5e302cb1997bd56026a6980544228","name":"dalberdi"}]}},"jetpack_featured_media_url":"https:\/\/bizkeliza.org\/wp-content\/uploads\/2025\/02\/Sor-Maria-Luisa-scaled.webp","_links":{"self":[{"href":"https:\/\/bizkeliza.org\/eu\/wp-json\/wp\/v2\/posts\/157710","targetHints":{"allow":["GET"]}}],"collection":[{"href":"https:\/\/bizkeliza.org\/eu\/wp-json\/wp\/v2\/posts"}],"about":[{"href":"https:\/\/bizkeliza.org\/eu\/wp-json\/wp\/v2\/types\/post"}],"author":[{"embeddable":true,"href":"https:\/\/bizkeliza.org\/eu\/wp-json\/wp\/v2\/users\/19"}],"replies":[{"embeddable":true,"href":"https:\/\/bizkeliza.org\/eu\/wp-json\/wp\/v2\/comments?post=157710"}],"version-history":[{"count":0,"href":"https:\/\/bizkeliza.org\/eu\/wp-json\/wp\/v2\/posts\/157710\/revisions"}],"wp:featuredmedia":[{"embeddable":true,"href":"https:\/\/bizkeliza.org\/eu\/wp-json\/wp\/v2\/media\/157642"}],"wp:attachment":[{"href":"https:\/\/bizkeliza.org\/eu\/wp-json\/wp\/v2\/media?parent=157710"}],"wp:term":[{"taxonomy":"category","embeddable":true,"href":"https:\/\/bizkeliza.org\/eu\/wp-json\/wp\/v2\/categories?post=157710"},{"taxonomy":"post_tag","embeddable":true,"href":"https:\/\/bizkeliza.org\/eu\/wp-json\/wp\/v2\/tags?post=157710"}],"curies":[{"name":"wp","href":"https:\/\/api.w.org\/{rel}","templated":true}]}}