{"id":161044,"date":"2025-04-04T06:00:00","date_gmt":"2025-04-04T04:00:00","guid":{"rendered":"https:\/\/bizkeliza.org\/?p=161044"},"modified":"2025-04-04T09:04:07","modified_gmt":"2025-04-04T07:04:07","slug":"caritas-bizkaia-erakundearen-kanpaina-asteburuko-mezetan","status":"publish","type":"post","link":"https:\/\/bizkeliza.org\/eu\/noticia\/caritas-bizkaia-erakundearen-kanpaina-asteburuko-mezetan\/","title":{"rendered":"Caritas Bizkaia erakundearen kanpaina asteburuko mezetan"},"content":{"rendered":"\n<p><p>Bizkaiko Eleizak eleiz erakundearen aldeko diru-batzea egingo dau zapatu eta domekako mezetan. Hauxe da kanpaina honeen xedea:\u00a0<strong><em>&#8220;adore emon, sentiberatasuna biztu eta Jesusen barri onaren lekukotasuna emon kristau alkartean eta bere egitekoa agertu&#8221;.<\/em><\/strong><\/p><\/p>\n\n<p><p>Caritas Bizkaia erakundeak <a href=\"https:\/\/www.caritasbi.org\/main-files\/uploads\/sites\/29\/2025\/03\/guion-auxilios-campana-abril-2025.pdf\">liturgia lagungarriak<\/a> prestatu ditu, <em>&#8220;geure ingurura begiratu eta sufritzen dagozan pertsonez jabetu&#8221;<\/em> ahal izateko, <em>&#8220;nahiz eta gertu-gertukoak ez izan&#8221;.\u00a0<\/em><\/p><\/p>\n\n<h3 class=\"wp-block-heading\">Turismo-bidaia barrualdera<\/h3>\n\n<p><p>Caritas Bizkaia erakundeak ekintza zehatzak <a href=\"https:\/\/www.caritasbi.org\/main-files\/uploads\/sites\/29\/2025\/03\/Orientabideak-Kanpaina-Apirila-Orientaciones-Campana-Abril.pdf\">proposatu ditu,\u00a0<\/a><strong><em>&#8220;zaintzaren aldeko gure hautua agertuko daben eguneroko keinu txikiak&#8221;.<\/em><\/strong> Besteak beste, neurritasunez, &#8220;beharrezkotik kanpo kontsumitu barik&#8221; bizitzeko dei egiten da.\u00a0<\/p><\/p>\n\n<p><p>Beste hau be proposatzen da:\u00a0<strong><em>&#8220;turismo-bidaia egin barrualdera, bidaia arimaren paraje eta paisaietara. Kanpoko eta barruko zaratetatik ihes egin, isiltasuna bilatu bizimoduz aldatzera garoazan bizi-eremua aurkitzeko&#8221;.\u00a0<\/em><\/strong><\/p><\/p>\n\n<blockquote class=\"twitter-tweet\"><p lang=\"es\" dir=\"ltr\">\u2764\ufe0f\ud83e\udd17Asko dira gure kanpania bermatzen dutenak. Zu ere izan zaitezke horietako bat! <br\/><br\/>\u2764\ufe0f\ud83e\udd17Son muchas las personas que apoyan nuestra campa\u00f1a. T\u00fa tambi\u00e9n puedes ser uno de ellas! <br\/><br\/>\u2795info: <a href=\"https:\/\/t.co\/Pil32V6aFz\">https:\/\/t.co\/Pil32V6aFz<\/a><a href=\"https:\/\/twitter.com\/hashtag\/CaritasBizkaia?src=hash&#038;ref_src=twsrc%5Etfw\">#CaritasBizkaia<\/a> <a href=\"https:\/\/twitter.com\/hashtag\/caritas?src=hash&#038;ref_src=twsrc%5Etfw\">#caritas<\/a> <a href=\"https:\/\/twitter.com\/hashtag\/zurekinbatera?src=hash&#038;ref_src=twsrc%5Etfw\">#zurekinbatera<\/a> <a href=\"https:\/\/twitter.com\/hashtag\/sintinosoynada?src=hash&#038;ref_src=twsrc%5Etfw\">#sintinosoynada<\/a> <a href=\"https:\/\/twitter.com\/hashtag\/bizkaia?src=hash&#038;ref_src=twsrc%5Etfw\">#bizkaia<\/a> <a href=\"https:\/\/t.co\/VVJnFb7XeZ\">pic.twitter.com\/VVJnFb7XeZ<\/a><\/p>\u2014 Caritas Bizkaia (@caritas_bizkaia) <a href=\"https:\/\/twitter.com\/caritas_bizkaia\/status\/1897661956636446785?ref_src=twsrc%5Etfw\">March 6, 2025<\/a><\/blockquote> <script async=\"\" src=\"https:\/\/platform.twitter.com\/widgets.js\" charset=\"utf-8\"><\/script>\r\n\n<p><\/p>\n\n<p><\/p>\n\n<p><\/p>\n","protected":false},"excerpt":{"rendered":"<p>Bizkaiko Eleizak eleiz erakundearen aldeko diru-batzea egingo dau zapatu eta domekako mezetan. Hauxe da kanpaina honeen xedea:\u00a0&#8220;adore emon, sentiberatasuna biztu eta Jesusen barri onaren lekukotasuna emon kristau alkartean eta bere egitekoa agertu&#8221;. Caritas Bizkaia erakundeak liturgia lagungarriak prestatu ditu, &#8220;geure ingurura begiratu eta sufritzen dagozan pertsonez jabetu&#8221; ahal izateko, &#8220;nahiz eta gertu-gertukoak ez izan&#8221;.\u00a0 Turismo-bidaia [&hellip;]<\/p>\n","protected":false},"author":19,"featured_media":160979,"comment_status":"closed","ping_status":"closed","sticky":false,"template":"","format":"standard","meta":{"_acf_changed":false,"_et_pb_use_builder":"off","_et_pb_old_content":"","_et_gb_content_width":"","footnotes":""},"categories":[506],"tags":[],"class_list":["post-161044","post","type-post","status-publish","format-standard","has-post-thumbnail","hentry","category-lehenengo-orrialdea"],"acf":[],"yoast_head":"<!-- This site is optimized with the Yoast SEO Premium plugin v27.5 (Yoast SEO v27.5) - https:\/\/yoast.com\/product\/yoast-seo-premium-wordpress\/ -->\n<title>Caritas Bizkaia erakundearen kanpaina asteburuko mezetan<\/title>\n<meta name=\"description\" content=\"Asteburuan, Caritas Bizkaia erakundearen kanpaina ospatuko da. Mezetan batu daiten dirua erakundeak kudeatzen dituan egitasmoetarako izango da\" \/>\n<meta name=\"robots\" content=\"index, follow, max-snippet:-1, max-image-preview:large, max-video-preview:-1\" \/>\n<link rel=\"canonical\" href=\"https:\/\/bizkeliza.org\/eu\/noticia\/caritas-bizkaia-erakundearen-kanpaina-asteburuko-mezetan\/\" \/>\n<meta property=\"og:locale\" content=\"eu_ES\" \/>\n<meta property=\"og:type\" content=\"article\" \/>\n<meta property=\"og:title\" content=\"Caritas Bizkaia erakundearen kanpaina asteburuko mezetan\" \/>\n<meta property=\"og:description\" content=\"Asteburuan, Caritas Bizkaia erakundearen kanpaina ospatuko da. Mezetan batu daiten dirua erakundeak kudeatzen dituan egitasmoetarako izango da\" \/>\n<meta property=\"og:url\" content=\"https:\/\/bizkeliza.org\/eu\/noticia\/caritas-bizkaia-erakundearen-kanpaina-asteburuko-mezetan\/\" \/>\n<meta property=\"og:site_name\" content=\"Bilboko Elizbarrutia - Di\u00f3cesis de Bilbao\" \/>\n<meta property=\"article:publisher\" content=\"https:\/\/www.facebook.com\/DiocesisBilbao\/\" \/>\n<meta property=\"article:published_time\" content=\"2025-04-04T04:00:00+00:00\" \/>\n<meta property=\"article:modified_time\" content=\"2025-04-04T07:04:07+00:00\" \/>\n<meta property=\"og:image\" content=\"https:\/\/bizkeliza.org\/wp-content\/uploads\/2025\/04\/CARITAS-ALKARTEA-scaled-1.jpg\" \/>\n\t<meta property=\"og:image:width\" content=\"600\" \/>\n\t<meta property=\"og:image:height\" content=\"849\" \/>\n\t<meta property=\"og:image:type\" content=\"image\/jpeg\" \/>\n<meta name=\"author\" content=\"dalberdi\" \/>\n<meta name=\"twitter:card\" content=\"summary_large_image\" \/>\n<meta name=\"twitter:creator\" content=\"@DiocesisBilbao\" \/>\n<meta name=\"twitter:site\" content=\"@DiocesisBilbao\" \/>\n<script type=\"application\/ld+json\" class=\"yoast-schema-graph\">{\"@context\":\"https:\\\/\\\/schema.org\",\"@graph\":[{\"@type\":\"Article\",\"@id\":\"https:\\\/\\\/bizkeliza.org\\\/eu\\\/noticia\\\/caritas-bizkaia-erakundearen-kanpaina-asteburuko-mezetan\\\/#article\",\"isPartOf\":{\"@id\":\"https:\\\/\\\/bizkeliza.org\\\/eu\\\/noticia\\\/caritas-bizkaia-erakundearen-kanpaina-asteburuko-mezetan\\\/\"},\"author\":{\"name\":\"dalberdi\",\"@id\":\"https:\\\/\\\/bizkeliza.org\\\/eu\\\/#\\\/schema\\\/person\\\/acc5e302cb1997bd56026a6980544228\"},\"headline\":\"Caritas Bizkaia erakundearen kanpaina asteburuko mezetan\",\"datePublished\":\"2025-04-04T04:00:00+00:00\",\"dateModified\":\"2025-04-04T07:04:07+00:00\",\"mainEntityOfPage\":{\"@id\":\"https:\\\/\\\/bizkeliza.org\\\/eu\\\/noticia\\\/caritas-bizkaia-erakundearen-kanpaina-asteburuko-mezetan\\\/\"},\"wordCount\":167,\"publisher\":{\"@id\":\"https:\\\/\\\/bizkeliza.org\\\/eu\\\/#organization\"},\"image\":{\"@id\":\"https:\\\/\\\/bizkeliza.org\\\/eu\\\/noticia\\\/caritas-bizkaia-erakundearen-kanpaina-asteburuko-mezetan\\\/#primaryimage\"},\"thumbnailUrl\":\"https:\\\/\\\/bizkeliza.org\\\/wp-content\\\/uploads\\\/2025\\\/04\\\/CARITAS-ALKARTEA-scaled-1.jpg\",\"articleSection\":[\"Lehenengo Orrialdea\"],\"inLanguage\":\"eu-ES\"},{\"@type\":\"WebPage\",\"@id\":\"https:\\\/\\\/bizkeliza.org\\\/eu\\\/noticia\\\/caritas-bizkaia-erakundearen-kanpaina-asteburuko-mezetan\\\/\",\"url\":\"https:\\\/\\\/bizkeliza.org\\\/eu\\\/noticia\\\/caritas-bizkaia-erakundearen-kanpaina-asteburuko-mezetan\\\/\",\"name\":\"Caritas Bizkaia erakundearen kanpaina asteburuko mezetan\",\"isPartOf\":{\"@id\":\"https:\\\/\\\/bizkeliza.org\\\/eu\\\/#website\"},\"primaryImageOfPage\":{\"@id\":\"https:\\\/\\\/bizkeliza.org\\\/eu\\\/noticia\\\/caritas-bizkaia-erakundearen-kanpaina-asteburuko-mezetan\\\/#primaryimage\"},\"image\":{\"@id\":\"https:\\\/\\\/bizkeliza.org\\\/eu\\\/noticia\\\/caritas-bizkaia-erakundearen-kanpaina-asteburuko-mezetan\\\/#primaryimage\"},\"thumbnailUrl\":\"https:\\\/\\\/bizkeliza.org\\\/wp-content\\\/uploads\\\/2025\\\/04\\\/CARITAS-ALKARTEA-scaled-1.jpg\",\"datePublished\":\"2025-04-04T04:00:00+00:00\",\"dateModified\":\"2025-04-04T07:04:07+00:00\",\"description\":\"Asteburuan, Caritas Bizkaia erakundearen kanpaina ospatuko da. Mezetan batu daiten dirua erakundeak kudeatzen dituan egitasmoetarako izango da\",\"breadcrumb\":{\"@id\":\"https:\\\/\\\/bizkeliza.org\\\/eu\\\/noticia\\\/caritas-bizkaia-erakundearen-kanpaina-asteburuko-mezetan\\\/#breadcrumb\"},\"inLanguage\":\"eu-ES\",\"potentialAction\":[{\"@type\":\"ReadAction\",\"target\":[\"https:\\\/\\\/bizkeliza.org\\\/eu\\\/noticia\\\/caritas-bizkaia-erakundearen-kanpaina-asteburuko-mezetan\\\/\"]}]},{\"@type\":\"ImageObject\",\"inLanguage\":\"eu-ES\",\"@id\":\"https:\\\/\\\/bizkeliza.org\\\/eu\\\/noticia\\\/caritas-bizkaia-erakundearen-kanpaina-asteburuko-mezetan\\\/#primaryimage\",\"url\":\"https:\\\/\\\/bizkeliza.org\\\/wp-content\\\/uploads\\\/2025\\\/04\\\/CARITAS-ALKARTEA-scaled-1.jpg\",\"contentUrl\":\"https:\\\/\\\/bizkeliza.org\\\/wp-content\\\/uploads\\\/2025\\\/04\\\/CARITAS-ALKARTEA-scaled-1.jpg\",\"width\":600,\"height\":849,\"caption\":\"Cartel Caritas campa\u00f1a25\"},{\"@type\":\"BreadcrumbList\",\"@id\":\"https:\\\/\\\/bizkeliza.org\\\/eu\\\/noticia\\\/caritas-bizkaia-erakundearen-kanpaina-asteburuko-mezetan\\\/#breadcrumb\",\"itemListElement\":[{\"@type\":\"ListItem\",\"position\":1,\"name\":\"Portada\",\"item\":\"https:\\\/\\\/bizkeliza.org\\\/eu\\\/\"},{\"@type\":\"ListItem\",\"position\":2,\"name\":\"Caritas Bizkaia erakundearen kanpaina asteburuko mezetan\"}]},{\"@type\":\"WebSite\",\"@id\":\"https:\\\/\\\/bizkeliza.org\\\/eu\\\/#website\",\"url\":\"https:\\\/\\\/bizkeliza.org\\\/eu\\\/\",\"name\":\"Bilboko Elizbarrutia - Di\u00f3cesis de Bilbao\",\"description\":\"Di\u00f3cesis de Bilbao\",\"publisher\":{\"@id\":\"https:\\\/\\\/bizkeliza.org\\\/eu\\\/#organization\"},\"alternateName\":\"Di\u00f3cesis de Bilbao\",\"potentialAction\":[{\"@type\":\"SearchAction\",\"target\":{\"@type\":\"EntryPoint\",\"urlTemplate\":\"https:\\\/\\\/bizkeliza.org\\\/eu\\\/?s={search_term_string}\"},\"query-input\":{\"@type\":\"PropertyValueSpecification\",\"valueRequired\":true,\"valueName\":\"search_term_string\"}}],\"inLanguage\":\"eu-ES\"},{\"@type\":\"Organization\",\"@id\":\"https:\\\/\\\/bizkeliza.org\\\/eu\\\/#organization\",\"name\":\"Di\u00f3cesis de Bilbao\",\"alternateName\":\"Di\u00f3cesis de Bilbao\",\"url\":\"https:\\\/\\\/bizkeliza.org\\\/eu\\\/\",\"logo\":{\"@type\":\"ImageObject\",\"inLanguage\":\"eu-ES\",\"@id\":\"https:\\\/\\\/bizkeliza.org\\\/eu\\\/#\\\/schema\\\/logo\\\/image\\\/\",\"url\":\"https:\\\/\\\/bizkeliza.org\\\/wp-content\\\/uploads\\\/2022\\\/06\\\/Logo-nuevo_2024-1-scaled.jpg\",\"contentUrl\":\"https:\\\/\\\/bizkeliza.org\\\/wp-content\\\/uploads\\\/2022\\\/06\\\/Logo-nuevo_2024-1-scaled.jpg\",\"width\":2560,\"height\":1024,\"caption\":\"Di\u00f3cesis de Bilbao\"},\"image\":{\"@id\":\"https:\\\/\\\/bizkeliza.org\\\/eu\\\/#\\\/schema\\\/logo\\\/image\\\/\"},\"sameAs\":[\"https:\\\/\\\/www.facebook.com\\\/DiocesisBilbao\\\/\",\"https:\\\/\\\/x.com\\\/DiocesisBilbao\",\"https:\\\/\\\/www.instagram.com\\\/obispadobilbao\\\/\",\"https:\\\/\\\/www.youtube.com\\\/user\\\/bilbokoelizbarrutia\"],\"description\":\"Iglesia local de Bilbao perteneciente a la Iglesia Cat\u00f3lica\"},{\"@type\":\"Person\",\"@id\":\"https:\\\/\\\/bizkeliza.org\\\/eu\\\/#\\\/schema\\\/person\\\/acc5e302cb1997bd56026a6980544228\",\"name\":\"dalberdi\"}]}<\/script>\n<!-- \/ Yoast SEO Premium plugin. -->","yoast_head_json":{"title":"Caritas Bizkaia erakundearen kanpaina asteburuko mezetan","description":"Asteburuan, Caritas Bizkaia erakundearen kanpaina ospatuko da. Mezetan batu daiten dirua erakundeak kudeatzen dituan egitasmoetarako izango da","robots":{"index":"index","follow":"follow","max-snippet":"max-snippet:-1","max-image-preview":"max-image-preview:large","max-video-preview":"max-video-preview:-1"},"canonical":"https:\/\/bizkeliza.org\/eu\/noticia\/caritas-bizkaia-erakundearen-kanpaina-asteburuko-mezetan\/","og_locale":"eu_ES","og_type":"article","og_title":"Caritas Bizkaia erakundearen kanpaina asteburuko mezetan","og_description":"Asteburuan, Caritas Bizkaia erakundearen kanpaina ospatuko da. Mezetan batu daiten dirua erakundeak kudeatzen dituan egitasmoetarako izango da","og_url":"https:\/\/bizkeliza.org\/eu\/noticia\/caritas-bizkaia-erakundearen-kanpaina-asteburuko-mezetan\/","og_site_name":"Bilboko Elizbarrutia - Di\u00f3cesis de Bilbao","article_publisher":"https:\/\/www.facebook.com\/DiocesisBilbao\/","article_published_time":"2025-04-04T04:00:00+00:00","article_modified_time":"2025-04-04T07:04:07+00:00","og_image":[{"width":600,"height":849,"url":"https:\/\/bizkeliza.org\/wp-content\/uploads\/2025\/04\/CARITAS-ALKARTEA-scaled-1.jpg","type":"image\/jpeg"}],"author":"dalberdi","twitter_card":"summary_large_image","twitter_creator":"@DiocesisBilbao","twitter_site":"@DiocesisBilbao","schema":{"@context":"https:\/\/schema.org","@graph":[{"@type":"Article","@id":"https:\/\/bizkeliza.org\/eu\/noticia\/caritas-bizkaia-erakundearen-kanpaina-asteburuko-mezetan\/#article","isPartOf":{"@id":"https:\/\/bizkeliza.org\/eu\/noticia\/caritas-bizkaia-erakundearen-kanpaina-asteburuko-mezetan\/"},"author":{"name":"dalberdi","@id":"https:\/\/bizkeliza.org\/eu\/#\/schema\/person\/acc5e302cb1997bd56026a6980544228"},"headline":"Caritas Bizkaia erakundearen kanpaina asteburuko mezetan","datePublished":"2025-04-04T04:00:00+00:00","dateModified":"2025-04-04T07:04:07+00:00","mainEntityOfPage":{"@id":"https:\/\/bizkeliza.org\/eu\/noticia\/caritas-bizkaia-erakundearen-kanpaina-asteburuko-mezetan\/"},"wordCount":167,"publisher":{"@id":"https:\/\/bizkeliza.org\/eu\/#organization"},"image":{"@id":"https:\/\/bizkeliza.org\/eu\/noticia\/caritas-bizkaia-erakundearen-kanpaina-asteburuko-mezetan\/#primaryimage"},"thumbnailUrl":"https:\/\/bizkeliza.org\/wp-content\/uploads\/2025\/04\/CARITAS-ALKARTEA-scaled-1.jpg","articleSection":["Lehenengo Orrialdea"],"inLanguage":"eu-ES"},{"@type":"WebPage","@id":"https:\/\/bizkeliza.org\/eu\/noticia\/caritas-bizkaia-erakundearen-kanpaina-asteburuko-mezetan\/","url":"https:\/\/bizkeliza.org\/eu\/noticia\/caritas-bizkaia-erakundearen-kanpaina-asteburuko-mezetan\/","name":"Caritas Bizkaia erakundearen kanpaina asteburuko mezetan","isPartOf":{"@id":"https:\/\/bizkeliza.org\/eu\/#website"},"primaryImageOfPage":{"@id":"https:\/\/bizkeliza.org\/eu\/noticia\/caritas-bizkaia-erakundearen-kanpaina-asteburuko-mezetan\/#primaryimage"},"image":{"@id":"https:\/\/bizkeliza.org\/eu\/noticia\/caritas-bizkaia-erakundearen-kanpaina-asteburuko-mezetan\/#primaryimage"},"thumbnailUrl":"https:\/\/bizkeliza.org\/wp-content\/uploads\/2025\/04\/CARITAS-ALKARTEA-scaled-1.jpg","datePublished":"2025-04-04T04:00:00+00:00","dateModified":"2025-04-04T07:04:07+00:00","description":"Asteburuan, Caritas Bizkaia erakundearen kanpaina ospatuko da. Mezetan batu daiten dirua erakundeak kudeatzen dituan egitasmoetarako izango da","breadcrumb":{"@id":"https:\/\/bizkeliza.org\/eu\/noticia\/caritas-bizkaia-erakundearen-kanpaina-asteburuko-mezetan\/#breadcrumb"},"inLanguage":"eu-ES","potentialAction":[{"@type":"ReadAction","target":["https:\/\/bizkeliza.org\/eu\/noticia\/caritas-bizkaia-erakundearen-kanpaina-asteburuko-mezetan\/"]}]},{"@type":"ImageObject","inLanguage":"eu-ES","@id":"https:\/\/bizkeliza.org\/eu\/noticia\/caritas-bizkaia-erakundearen-kanpaina-asteburuko-mezetan\/#primaryimage","url":"https:\/\/bizkeliza.org\/wp-content\/uploads\/2025\/04\/CARITAS-ALKARTEA-scaled-1.jpg","contentUrl":"https:\/\/bizkeliza.org\/wp-content\/uploads\/2025\/04\/CARITAS-ALKARTEA-scaled-1.jpg","width":600,"height":849,"caption":"Cartel Caritas campa\u00f1a25"},{"@type":"BreadcrumbList","@id":"https:\/\/bizkeliza.org\/eu\/noticia\/caritas-bizkaia-erakundearen-kanpaina-asteburuko-mezetan\/#breadcrumb","itemListElement":[{"@type":"ListItem","position":1,"name":"Portada","item":"https:\/\/bizkeliza.org\/eu\/"},{"@type":"ListItem","position":2,"name":"Caritas Bizkaia erakundearen kanpaina asteburuko mezetan"}]},{"@type":"WebSite","@id":"https:\/\/bizkeliza.org\/eu\/#website","url":"https:\/\/bizkeliza.org\/eu\/","name":"Bilboko Elizbarrutia - Di\u00f3cesis de Bilbao","description":"Di\u00f3cesis de Bilbao","publisher":{"@id":"https:\/\/bizkeliza.org\/eu\/#organization"},"alternateName":"Di\u00f3cesis de Bilbao","potentialAction":[{"@type":"SearchAction","target":{"@type":"EntryPoint","urlTemplate":"https:\/\/bizkeliza.org\/eu\/?s={search_term_string}"},"query-input":{"@type":"PropertyValueSpecification","valueRequired":true,"valueName":"search_term_string"}}],"inLanguage":"eu-ES"},{"@type":"Organization","@id":"https:\/\/bizkeliza.org\/eu\/#organization","name":"Di\u00f3cesis de Bilbao","alternateName":"Di\u00f3cesis de Bilbao","url":"https:\/\/bizkeliza.org\/eu\/","logo":{"@type":"ImageObject","inLanguage":"eu-ES","@id":"https:\/\/bizkeliza.org\/eu\/#\/schema\/logo\/image\/","url":"https:\/\/bizkeliza.org\/wp-content\/uploads\/2022\/06\/Logo-nuevo_2024-1-scaled.jpg","contentUrl":"https:\/\/bizkeliza.org\/wp-content\/uploads\/2022\/06\/Logo-nuevo_2024-1-scaled.jpg","width":2560,"height":1024,"caption":"Di\u00f3cesis de Bilbao"},"image":{"@id":"https:\/\/bizkeliza.org\/eu\/#\/schema\/logo\/image\/"},"sameAs":["https:\/\/www.facebook.com\/DiocesisBilbao\/","https:\/\/x.com\/DiocesisBilbao","https:\/\/www.instagram.com\/obispadobilbao\/","https:\/\/www.youtube.com\/user\/bilbokoelizbarrutia"],"description":"Iglesia local de Bilbao perteneciente a la Iglesia Cat\u00f3lica"},{"@type":"Person","@id":"https:\/\/bizkeliza.org\/eu\/#\/schema\/person\/acc5e302cb1997bd56026a6980544228","name":"dalberdi"}]}},"jetpack_featured_media_url":"https:\/\/bizkeliza.org\/wp-content\/uploads\/2025\/04\/CARITAS-ALKARTEA-scaled-1.jpg","_links":{"self":[{"href":"https:\/\/bizkeliza.org\/eu\/wp-json\/wp\/v2\/posts\/161044","targetHints":{"allow":["GET"]}}],"collection":[{"href":"https:\/\/bizkeliza.org\/eu\/wp-json\/wp\/v2\/posts"}],"about":[{"href":"https:\/\/bizkeliza.org\/eu\/wp-json\/wp\/v2\/types\/post"}],"author":[{"embeddable":true,"href":"https:\/\/bizkeliza.org\/eu\/wp-json\/wp\/v2\/users\/19"}],"replies":[{"embeddable":true,"href":"https:\/\/bizkeliza.org\/eu\/wp-json\/wp\/v2\/comments?post=161044"}],"version-history":[{"count":0,"href":"https:\/\/bizkeliza.org\/eu\/wp-json\/wp\/v2\/posts\/161044\/revisions"}],"wp:featuredmedia":[{"embeddable":true,"href":"https:\/\/bizkeliza.org\/eu\/wp-json\/wp\/v2\/media\/160979"}],"wp:attachment":[{"href":"https:\/\/bizkeliza.org\/eu\/wp-json\/wp\/v2\/media?parent=161044"}],"wp:term":[{"taxonomy":"category","embeddable":true,"href":"https:\/\/bizkeliza.org\/eu\/wp-json\/wp\/v2\/categories?post=161044"},{"taxonomy":"post_tag","embeddable":true,"href":"https:\/\/bizkeliza.org\/eu\/wp-json\/wp\/v2\/tags?post=161044"}],"curies":[{"name":"wp","href":"https:\/\/api.w.org\/{rel}","templated":true}]}}