{"id":166558,"date":"2025-06-06T06:00:00","date_gmt":"2025-06-06T04:00:00","guid":{"rendered":"https:\/\/bizkeliza.org\/?p=166558"},"modified":"2025-06-05T16:10:43","modified_gmt":"2025-06-05T14:10:43","slug":"lacilla-s-m-taldeari-emon-deutse-enkarterri-hoberantz-saria","status":"publish","type":"post","link":"https:\/\/bizkeliza.org\/eu\/noticia\/lacilla-s-m-taldeari-emon-deutse-enkarterri-hoberantz-saria\/","title":{"rendered":"Lacilla S.M. taldeari emon deutse Enkarterri Hoberantz saria"},"content":{"rendered":"\n<p><\/p>\n\n<p><p><strong><a href=\"https:\/\/grupolacilla.eus\/\">LACILLA TALDEAK<\/a><\/strong>\u00a0<strong>Enkarterri<\/strong> eskualdearen garapenaren alde erakutsitako konpromisoa kontuan hartu dau epaimahaiak saria emoterakoan. Era berean, gogoan izan ditu bere jardueraren hedapena, kalitatea eta iraupena barrikuntza jarraitua bultzatzeko jardunbide lez eta, batez be, ingurumen-jasangarritasuna estrategia-ardatz lez, jarduera eta balio jasangarriak txertatuz.<\/p><\/p>\n\n<p><p>Sari honek Enkarterri eskualdearen aldeko ahaleginak batu gura ditu enpresek inguru honen garapenean egiten daben lan garrantzitsua autortuz eta, besteak beste, lana sortzeko ahalegina, kalitatearen, barrikuntza teknologikoaren eta etenbako heziketaren aldeko apustua sarituz.<\/p><\/p>\n\n<h3 class=\"wp-block-heading\"><p><strong>Aurreko ekitaldietako sarituak:<\/strong><\/p><\/h3>\n\n<p>Balmasedako Fabio Murga tailerrak, Gue\u00f1eseko Muebles Vizcaya de G\u00fce\u00f1es eta Zallako Muebles El Para\u00edso, Balmasedako Trameinsa, Alonsotegiko Thyssenkrupp Bilstenin Ib\u00e9rica, Sodupeko Laenk. Karrantzako Lombera, Balmasedako Urbegi, Embalajes Arechaederra, Carmusa, Sopuerta tailerrak, P4Q Electronics, Vibacar, Grupo Cel, Bizkaia Esnea, Vicinay Cadenas, Amalurra, Mondy Ibersac, Lacteos de Karrantza\u2013Grupo TGT eta Calderer\u00eda Ma\u00f1es.<\/p>\n","protected":false},"excerpt":{"rendered":"<p>LACILLA TALDEAK\u00a0Enkarterri eskualdearen garapenaren alde erakutsitako konpromisoa kontuan hartu dau epaimahaiak saria emoterakoan. Era berean, gogoan izan ditu bere jardueraren hedapena, kalitatea eta iraupena barrikuntza jarraitua bultzatzeko jardunbide lez eta, batez be, ingurumen-jasangarritasuna estrategia-ardatz lez, jarduera eta balio jasangarriak txertatuz. Sari honek Enkarterri eskualdearen aldeko ahaleginak batu gura ditu enpresek inguru honen garapenean egiten daben [&hellip;]<\/p>\n","protected":false},"author":20,"featured_media":166575,"comment_status":"closed","ping_status":"closed","sticky":false,"template":"","format":"standard","meta":{"_acf_changed":false,"_et_pb_use_builder":"","_et_pb_old_content":"","_et_gb_content_width":"","footnotes":""},"categories":[506],"tags":[586,595],"class_list":["post-166558","post","type-post","status-publish","format-standard","has-post-thumbnail","hentry","category-lehenengo-orrialdea","tag-ebi-eu","tag-enkarterri-hoberantz-eu"],"acf":[],"yoast_head":"<!-- This site is optimized with the Yoast SEO Premium plugin v27.5 (Yoast SEO v27.5) - https:\/\/yoast.com\/product\/yoast-seo-premium-wordpress\/ -->\n<title>Lacilla S.M. taldeari emon deutse Enkarterri Hoberantz saria<\/title>\n<meta name=\"description\" content=\"LACILLA TALDEAK Enkarterri eskualdearen garapenaren alde erakutsitako konpromisoa kontuan hartu dau epaimahaiak saria emoterakoan.\" \/>\n<meta name=\"robots\" content=\"index, follow, max-snippet:-1, max-image-preview:large, max-video-preview:-1\" \/>\n<link rel=\"canonical\" href=\"https:\/\/bizkeliza.org\/eu\/noticia\/lacilla-s-m-taldeari-emon-deutse-enkarterri-hoberantz-saria\/\" \/>\n<meta property=\"og:locale\" content=\"eu_ES\" \/>\n<meta property=\"og:type\" content=\"article\" \/>\n<meta property=\"og:title\" content=\"Lacilla S.M. taldeari emon deutse Enkarterri Hoberantz saria\" \/>\n<meta property=\"og:description\" content=\"LACILLA TALDEAK Enkarterri eskualdearen garapenaren alde erakutsitako konpromisoa kontuan hartu dau epaimahaiak saria emoterakoan.\" \/>\n<meta property=\"og:url\" content=\"https:\/\/bizkeliza.org\/eu\/noticia\/lacilla-s-m-taldeari-emon-deutse-enkarterri-hoberantz-saria\/\" \/>\n<meta property=\"og:site_name\" content=\"Bilboko Elizbarrutia - Di\u00f3cesis de Bilbao\" \/>\n<meta property=\"article:publisher\" content=\"https:\/\/www.facebook.com\/DiocesisBilbao\/\" \/>\n<meta property=\"article:published_time\" content=\"2025-06-06T04:00:00+00:00\" \/>\n<meta property=\"og:image\" content=\"https:\/\/bizkeliza.org\/wp-content\/uploads\/2025\/06\/IMG-20250605-WA0011.jpg\" \/>\n\t<meta property=\"og:image:width\" content=\"1600\" \/>\n\t<meta property=\"og:image:height\" content=\"1200\" \/>\n\t<meta property=\"og:image:type\" content=\"image\/jpeg\" \/>\n<meta name=\"author\" content=\"bkareaga\" \/>\n<meta name=\"twitter:card\" content=\"summary_large_image\" \/>\n<meta name=\"twitter:creator\" content=\"@DiocesisBilbao\" \/>\n<meta name=\"twitter:site\" content=\"@DiocesisBilbao\" \/>\n<script type=\"application\/ld+json\" class=\"yoast-schema-graph\">{\"@context\":\"https:\\\/\\\/schema.org\",\"@graph\":[{\"@type\":\"Article\",\"@id\":\"https:\\\/\\\/bizkeliza.org\\\/eu\\\/noticia\\\/lacilla-s-m-taldeari-emon-deutse-enkarterri-hoberantz-saria\\\/#article\",\"isPartOf\":{\"@id\":\"https:\\\/\\\/bizkeliza.org\\\/eu\\\/noticia\\\/lacilla-s-m-taldeari-emon-deutse-enkarterri-hoberantz-saria\\\/\"},\"author\":{\"name\":\"bkareaga\",\"@id\":\"https:\\\/\\\/bizkeliza.org\\\/eu\\\/#\\\/schema\\\/person\\\/1f27c53156256531056d48959c2f2008\"},\"headline\":\"Lacilla S.M. taldeari emon deutse Enkarterri Hoberantz saria\",\"datePublished\":\"2025-06-06T04:00:00+00:00\",\"mainEntityOfPage\":{\"@id\":\"https:\\\/\\\/bizkeliza.org\\\/eu\\\/noticia\\\/lacilla-s-m-taldeari-emon-deutse-enkarterri-hoberantz-saria\\\/\"},\"wordCount\":145,\"publisher\":{\"@id\":\"https:\\\/\\\/bizkeliza.org\\\/eu\\\/#organization\"},\"image\":{\"@id\":\"https:\\\/\\\/bizkeliza.org\\\/eu\\\/noticia\\\/lacilla-s-m-taldeari-emon-deutse-enkarterri-hoberantz-saria\\\/#primaryimage\"},\"thumbnailUrl\":\"https:\\\/\\\/bizkeliza.org\\\/wp-content\\\/uploads\\\/2025\\\/06\\\/IMG-20250605-WA0011.jpg\",\"keywords\":[\"EBI\",\"Enkarterri hoberantz\"],\"articleSection\":[\"Lehenengo Orrialdea\"],\"inLanguage\":\"eu-ES\"},{\"@type\":\"WebPage\",\"@id\":\"https:\\\/\\\/bizkeliza.org\\\/eu\\\/noticia\\\/lacilla-s-m-taldeari-emon-deutse-enkarterri-hoberantz-saria\\\/\",\"url\":\"https:\\\/\\\/bizkeliza.org\\\/eu\\\/noticia\\\/lacilla-s-m-taldeari-emon-deutse-enkarterri-hoberantz-saria\\\/\",\"name\":\"Lacilla S.M. taldeari emon deutse Enkarterri Hoberantz saria\",\"isPartOf\":{\"@id\":\"https:\\\/\\\/bizkeliza.org\\\/eu\\\/#website\"},\"primaryImageOfPage\":{\"@id\":\"https:\\\/\\\/bizkeliza.org\\\/eu\\\/noticia\\\/lacilla-s-m-taldeari-emon-deutse-enkarterri-hoberantz-saria\\\/#primaryimage\"},\"image\":{\"@id\":\"https:\\\/\\\/bizkeliza.org\\\/eu\\\/noticia\\\/lacilla-s-m-taldeari-emon-deutse-enkarterri-hoberantz-saria\\\/#primaryimage\"},\"thumbnailUrl\":\"https:\\\/\\\/bizkeliza.org\\\/wp-content\\\/uploads\\\/2025\\\/06\\\/IMG-20250605-WA0011.jpg\",\"datePublished\":\"2025-06-06T04:00:00+00:00\",\"description\":\"LACILLA TALDEAK Enkarterri eskualdearen garapenaren alde erakutsitako konpromisoa kontuan hartu dau epaimahaiak saria emoterakoan.\",\"breadcrumb\":{\"@id\":\"https:\\\/\\\/bizkeliza.org\\\/eu\\\/noticia\\\/lacilla-s-m-taldeari-emon-deutse-enkarterri-hoberantz-saria\\\/#breadcrumb\"},\"inLanguage\":\"eu-ES\",\"potentialAction\":[{\"@type\":\"ReadAction\",\"target\":[\"https:\\\/\\\/bizkeliza.org\\\/eu\\\/noticia\\\/lacilla-s-m-taldeari-emon-deutse-enkarterri-hoberantz-saria\\\/\"]}]},{\"@type\":\"ImageObject\",\"inLanguage\":\"eu-ES\",\"@id\":\"https:\\\/\\\/bizkeliza.org\\\/eu\\\/noticia\\\/lacilla-s-m-taldeari-emon-deutse-enkarterri-hoberantz-saria\\\/#primaryimage\",\"url\":\"https:\\\/\\\/bizkeliza.org\\\/wp-content\\\/uploads\\\/2025\\\/06\\\/IMG-20250605-WA0011.jpg\",\"contentUrl\":\"https:\\\/\\\/bizkeliza.org\\\/wp-content\\\/uploads\\\/2025\\\/06\\\/IMG-20250605-WA0011.jpg\",\"width\":1600,\"height\":1200,\"caption\":\"Los responsables de la empresa galardonada, entre la diputada general, Elixabete Etxanobe y la directora del centro San Viator,\"},{\"@type\":\"BreadcrumbList\",\"@id\":\"https:\\\/\\\/bizkeliza.org\\\/eu\\\/noticia\\\/lacilla-s-m-taldeari-emon-deutse-enkarterri-hoberantz-saria\\\/#breadcrumb\",\"itemListElement\":[{\"@type\":\"ListItem\",\"position\":1,\"name\":\"Portada\",\"item\":\"https:\\\/\\\/bizkeliza.org\\\/eu\\\/\"},{\"@type\":\"ListItem\",\"position\":2,\"name\":\"Lacilla S.M. taldeari emon deutse Enkarterri Hoberantz saria\"}]},{\"@type\":\"WebSite\",\"@id\":\"https:\\\/\\\/bizkeliza.org\\\/eu\\\/#website\",\"url\":\"https:\\\/\\\/bizkeliza.org\\\/eu\\\/\",\"name\":\"Bilboko Elizbarrutia - Di\u00f3cesis de Bilbao\",\"description\":\"Di\u00f3cesis de Bilbao\",\"publisher\":{\"@id\":\"https:\\\/\\\/bizkeliza.org\\\/eu\\\/#organization\"},\"alternateName\":\"Di\u00f3cesis de Bilbao\",\"potentialAction\":[{\"@type\":\"SearchAction\",\"target\":{\"@type\":\"EntryPoint\",\"urlTemplate\":\"https:\\\/\\\/bizkeliza.org\\\/eu\\\/?s={search_term_string}\"},\"query-input\":{\"@type\":\"PropertyValueSpecification\",\"valueRequired\":true,\"valueName\":\"search_term_string\"}}],\"inLanguage\":\"eu-ES\"},{\"@type\":\"Organization\",\"@id\":\"https:\\\/\\\/bizkeliza.org\\\/eu\\\/#organization\",\"name\":\"Di\u00f3cesis de Bilbao\",\"alternateName\":\"Di\u00f3cesis de Bilbao\",\"url\":\"https:\\\/\\\/bizkeliza.org\\\/eu\\\/\",\"logo\":{\"@type\":\"ImageObject\",\"inLanguage\":\"eu-ES\",\"@id\":\"https:\\\/\\\/bizkeliza.org\\\/eu\\\/#\\\/schema\\\/logo\\\/image\\\/\",\"url\":\"https:\\\/\\\/bizkeliza.org\\\/wp-content\\\/uploads\\\/2022\\\/06\\\/Logo-nuevo_2024-1-scaled.jpg\",\"contentUrl\":\"https:\\\/\\\/bizkeliza.org\\\/wp-content\\\/uploads\\\/2022\\\/06\\\/Logo-nuevo_2024-1-scaled.jpg\",\"width\":2560,\"height\":1024,\"caption\":\"Di\u00f3cesis de Bilbao\"},\"image\":{\"@id\":\"https:\\\/\\\/bizkeliza.org\\\/eu\\\/#\\\/schema\\\/logo\\\/image\\\/\"},\"sameAs\":[\"https:\\\/\\\/www.facebook.com\\\/DiocesisBilbao\\\/\",\"https:\\\/\\\/x.com\\\/DiocesisBilbao\",\"https:\\\/\\\/www.instagram.com\\\/obispadobilbao\\\/\",\"https:\\\/\\\/www.youtube.com\\\/user\\\/bilbokoelizbarrutia\"],\"description\":\"Iglesia local de Bilbao perteneciente a la Iglesia Cat\u00f3lica\"},{\"@type\":\"Person\",\"@id\":\"https:\\\/\\\/bizkeliza.org\\\/eu\\\/#\\\/schema\\\/person\\\/1f27c53156256531056d48959c2f2008\",\"name\":\"bkareaga\"}]}<\/script>\n<!-- \/ Yoast SEO Premium plugin. -->","yoast_head_json":{"title":"Lacilla S.M. taldeari emon deutse Enkarterri Hoberantz saria","description":"LACILLA TALDEAK Enkarterri eskualdearen garapenaren alde erakutsitako konpromisoa kontuan hartu dau epaimahaiak saria emoterakoan.","robots":{"index":"index","follow":"follow","max-snippet":"max-snippet:-1","max-image-preview":"max-image-preview:large","max-video-preview":"max-video-preview:-1"},"canonical":"https:\/\/bizkeliza.org\/eu\/noticia\/lacilla-s-m-taldeari-emon-deutse-enkarterri-hoberantz-saria\/","og_locale":"eu_ES","og_type":"article","og_title":"Lacilla S.M. taldeari emon deutse Enkarterri Hoberantz saria","og_description":"LACILLA TALDEAK Enkarterri eskualdearen garapenaren alde erakutsitako konpromisoa kontuan hartu dau epaimahaiak saria emoterakoan.","og_url":"https:\/\/bizkeliza.org\/eu\/noticia\/lacilla-s-m-taldeari-emon-deutse-enkarterri-hoberantz-saria\/","og_site_name":"Bilboko Elizbarrutia - Di\u00f3cesis de Bilbao","article_publisher":"https:\/\/www.facebook.com\/DiocesisBilbao\/","article_published_time":"2025-06-06T04:00:00+00:00","og_image":[{"width":1600,"height":1200,"url":"https:\/\/bizkeliza.org\/wp-content\/uploads\/2025\/06\/IMG-20250605-WA0011.jpg","type":"image\/jpeg"}],"author":"bkareaga","twitter_card":"summary_large_image","twitter_creator":"@DiocesisBilbao","twitter_site":"@DiocesisBilbao","schema":{"@context":"https:\/\/schema.org","@graph":[{"@type":"Article","@id":"https:\/\/bizkeliza.org\/eu\/noticia\/lacilla-s-m-taldeari-emon-deutse-enkarterri-hoberantz-saria\/#article","isPartOf":{"@id":"https:\/\/bizkeliza.org\/eu\/noticia\/lacilla-s-m-taldeari-emon-deutse-enkarterri-hoberantz-saria\/"},"author":{"name":"bkareaga","@id":"https:\/\/bizkeliza.org\/eu\/#\/schema\/person\/1f27c53156256531056d48959c2f2008"},"headline":"Lacilla S.M. taldeari emon deutse Enkarterri Hoberantz saria","datePublished":"2025-06-06T04:00:00+00:00","mainEntityOfPage":{"@id":"https:\/\/bizkeliza.org\/eu\/noticia\/lacilla-s-m-taldeari-emon-deutse-enkarterri-hoberantz-saria\/"},"wordCount":145,"publisher":{"@id":"https:\/\/bizkeliza.org\/eu\/#organization"},"image":{"@id":"https:\/\/bizkeliza.org\/eu\/noticia\/lacilla-s-m-taldeari-emon-deutse-enkarterri-hoberantz-saria\/#primaryimage"},"thumbnailUrl":"https:\/\/bizkeliza.org\/wp-content\/uploads\/2025\/06\/IMG-20250605-WA0011.jpg","keywords":["EBI","Enkarterri hoberantz"],"articleSection":["Lehenengo Orrialdea"],"inLanguage":"eu-ES"},{"@type":"WebPage","@id":"https:\/\/bizkeliza.org\/eu\/noticia\/lacilla-s-m-taldeari-emon-deutse-enkarterri-hoberantz-saria\/","url":"https:\/\/bizkeliza.org\/eu\/noticia\/lacilla-s-m-taldeari-emon-deutse-enkarterri-hoberantz-saria\/","name":"Lacilla S.M. taldeari emon deutse Enkarterri Hoberantz saria","isPartOf":{"@id":"https:\/\/bizkeliza.org\/eu\/#website"},"primaryImageOfPage":{"@id":"https:\/\/bizkeliza.org\/eu\/noticia\/lacilla-s-m-taldeari-emon-deutse-enkarterri-hoberantz-saria\/#primaryimage"},"image":{"@id":"https:\/\/bizkeliza.org\/eu\/noticia\/lacilla-s-m-taldeari-emon-deutse-enkarterri-hoberantz-saria\/#primaryimage"},"thumbnailUrl":"https:\/\/bizkeliza.org\/wp-content\/uploads\/2025\/06\/IMG-20250605-WA0011.jpg","datePublished":"2025-06-06T04:00:00+00:00","description":"LACILLA TALDEAK Enkarterri eskualdearen garapenaren alde erakutsitako konpromisoa kontuan hartu dau epaimahaiak saria emoterakoan.","breadcrumb":{"@id":"https:\/\/bizkeliza.org\/eu\/noticia\/lacilla-s-m-taldeari-emon-deutse-enkarterri-hoberantz-saria\/#breadcrumb"},"inLanguage":"eu-ES","potentialAction":[{"@type":"ReadAction","target":["https:\/\/bizkeliza.org\/eu\/noticia\/lacilla-s-m-taldeari-emon-deutse-enkarterri-hoberantz-saria\/"]}]},{"@type":"ImageObject","inLanguage":"eu-ES","@id":"https:\/\/bizkeliza.org\/eu\/noticia\/lacilla-s-m-taldeari-emon-deutse-enkarterri-hoberantz-saria\/#primaryimage","url":"https:\/\/bizkeliza.org\/wp-content\/uploads\/2025\/06\/IMG-20250605-WA0011.jpg","contentUrl":"https:\/\/bizkeliza.org\/wp-content\/uploads\/2025\/06\/IMG-20250605-WA0011.jpg","width":1600,"height":1200,"caption":"Los responsables de la empresa galardonada, entre la diputada general, Elixabete Etxanobe y la directora del centro San Viator,"},{"@type":"BreadcrumbList","@id":"https:\/\/bizkeliza.org\/eu\/noticia\/lacilla-s-m-taldeari-emon-deutse-enkarterri-hoberantz-saria\/#breadcrumb","itemListElement":[{"@type":"ListItem","position":1,"name":"Portada","item":"https:\/\/bizkeliza.org\/eu\/"},{"@type":"ListItem","position":2,"name":"Lacilla S.M. taldeari emon deutse Enkarterri Hoberantz saria"}]},{"@type":"WebSite","@id":"https:\/\/bizkeliza.org\/eu\/#website","url":"https:\/\/bizkeliza.org\/eu\/","name":"Bilboko Elizbarrutia - Di\u00f3cesis de Bilbao","description":"Di\u00f3cesis de Bilbao","publisher":{"@id":"https:\/\/bizkeliza.org\/eu\/#organization"},"alternateName":"Di\u00f3cesis de Bilbao","potentialAction":[{"@type":"SearchAction","target":{"@type":"EntryPoint","urlTemplate":"https:\/\/bizkeliza.org\/eu\/?s={search_term_string}"},"query-input":{"@type":"PropertyValueSpecification","valueRequired":true,"valueName":"search_term_string"}}],"inLanguage":"eu-ES"},{"@type":"Organization","@id":"https:\/\/bizkeliza.org\/eu\/#organization","name":"Di\u00f3cesis de Bilbao","alternateName":"Di\u00f3cesis de Bilbao","url":"https:\/\/bizkeliza.org\/eu\/","logo":{"@type":"ImageObject","inLanguage":"eu-ES","@id":"https:\/\/bizkeliza.org\/eu\/#\/schema\/logo\/image\/","url":"https:\/\/bizkeliza.org\/wp-content\/uploads\/2022\/06\/Logo-nuevo_2024-1-scaled.jpg","contentUrl":"https:\/\/bizkeliza.org\/wp-content\/uploads\/2022\/06\/Logo-nuevo_2024-1-scaled.jpg","width":2560,"height":1024,"caption":"Di\u00f3cesis de Bilbao"},"image":{"@id":"https:\/\/bizkeliza.org\/eu\/#\/schema\/logo\/image\/"},"sameAs":["https:\/\/www.facebook.com\/DiocesisBilbao\/","https:\/\/x.com\/DiocesisBilbao","https:\/\/www.instagram.com\/obispadobilbao\/","https:\/\/www.youtube.com\/user\/bilbokoelizbarrutia"],"description":"Iglesia local de Bilbao perteneciente a la Iglesia Cat\u00f3lica"},{"@type":"Person","@id":"https:\/\/bizkeliza.org\/eu\/#\/schema\/person\/1f27c53156256531056d48959c2f2008","name":"bkareaga"}]}},"jetpack_featured_media_url":"https:\/\/bizkeliza.org\/wp-content\/uploads\/2025\/06\/IMG-20250605-WA0011.jpg","_links":{"self":[{"href":"https:\/\/bizkeliza.org\/eu\/wp-json\/wp\/v2\/posts\/166558","targetHints":{"allow":["GET"]}}],"collection":[{"href":"https:\/\/bizkeliza.org\/eu\/wp-json\/wp\/v2\/posts"}],"about":[{"href":"https:\/\/bizkeliza.org\/eu\/wp-json\/wp\/v2\/types\/post"}],"author":[{"embeddable":true,"href":"https:\/\/bizkeliza.org\/eu\/wp-json\/wp\/v2\/users\/20"}],"replies":[{"embeddable":true,"href":"https:\/\/bizkeliza.org\/eu\/wp-json\/wp\/v2\/comments?post=166558"}],"version-history":[{"count":0,"href":"https:\/\/bizkeliza.org\/eu\/wp-json\/wp\/v2\/posts\/166558\/revisions"}],"wp:featuredmedia":[{"embeddable":true,"href":"https:\/\/bizkeliza.org\/eu\/wp-json\/wp\/v2\/media\/166575"}],"wp:attachment":[{"href":"https:\/\/bizkeliza.org\/eu\/wp-json\/wp\/v2\/media?parent=166558"}],"wp:term":[{"taxonomy":"category","embeddable":true,"href":"https:\/\/bizkeliza.org\/eu\/wp-json\/wp\/v2\/categories?post=166558"},{"taxonomy":"post_tag","embeddable":true,"href":"https:\/\/bizkeliza.org\/eu\/wp-json\/wp\/v2\/tags?post=166558"}],"curies":[{"name":"wp","href":"https:\/\/api.w.org\/{rel}","templated":true}]}}