{"id":169074,"date":"2025-07-04T13:00:00","date_gmt":"2025-07-04T11:00:00","guid":{"rendered":"https:\/\/bizkeliza.org\/?p=169074"},"modified":"2025-07-03T08:38:08","modified_gmt":"2025-07-03T06:38:08","slug":"berriotxoako-san-balendinen-erlikiak-elorriotik-vietnamera","status":"publish","type":"post","link":"https:\/\/bizkeliza.org\/eu\/noticia\/berriotxoako-san-balendinen-erlikiak-elorriotik-vietnamera\/","title":{"rendered":"Berriotxoako San Balendinen erlikiak Elorriotik Vietnamera"},"content":{"rendered":"\n<p>Abuztuaren 20tik 24ra egingo dan bidaia honen bidez Bizkaiko Eleizaren eta Vietnameko Eleizaren arteko loturak estutuko dira. Hain zuzen be Vietnamen martiritza jasan eben 117 lagun -tartean 11 espainiar- santu autortu ebazan san Joan Paulo II.ak 1988an (375 x 300 zentimetroko margolana mihise gainean inprimatuta)<\/p>\n\n<p><\/p>\n\n<h3 class=\"wp-block-heading\"><p><strong>Ondare historikoa: martirien margolana eta kopia barriak<\/strong><\/p><\/h3>\n\n<p>Lotura honen ikurrik hunkigarrienetakoa vietnamdar martirien margolan originala da, monja domingotarren Elorrioko komentuan dagoana, bertan San Balendin akolito izan zalarik. Artelan honetan, vietnamdar kulturako osagaiak ikusi daitekez eta baita Hanoi, Hue eta Saigoneko katedralen irudiak, eta biziki hunkitu eban Mons. Joseph V\u00fc V\u00e4n Thi\u00ean Hanoiko gotzaina, 2024ko abenduan Elorriora egin eban bisitan.<\/p>\n\n<p><p>Jatorrizko margolana dohaintzan emoteko aukerarik izan ez bazan be, Bilboko gotzaitegiak neurri bereko kopia bi agindu eta bialdu ebazan Vietnamera. Hanoiko <strong>gotzain jauregian<\/strong> eta eraikitzen diharduen <strong>vietnamdar martiri santuen santutegiko museoan<\/strong> egongo dira ikusgai.\u00a0<\/p><\/p>\n\n<h3 class=\"wp-block-heading\"><p><strong>Oroimen eta federako santutegia<\/strong><\/p><\/h3>\n\n<p>2026an inauguratzea aurreikusita dagoan So Kien santutegia martiriei -besteak beste San Balendin eta Jeronimo Hermosila (Logro\u00f1o) eta Pedro Almato (Bartzelona) lako espainiar misiolariak- ohore egiteko leku nagusia izango da. Bertan, Vietnameko ebanjelizazinoari lotutako erlikiak, objektu historikoak eta lekukotasunak jasoko dituan museoa egongo da, atzerriko misiolarien eta bertako fededunen egitekoa nabarmenduz.<\/p>\n\n<p>On Joseba Segura gotzaina buru izango da abuztuaren 23an So Kienen ospatuko dan jubileu mezan eta orduan emongo deutsez San Balendinen erlikiak. Gainera, Phat Diem, Bui Chu eta Hai Phong -bizkaitar santuari estu lotutakoa- eleizbarrutiak bisitatuko ditu eta lau martiriri eskainita dagoan eta oraindik eraikitzen diharduen H\u00e2i Duongeko santutegian Eukaristia ospatuko dau.<\/p>\n\n<h3 class=\"wp-block-heading\"><p><strong>Kulturen arteko zubia: Hoat Bui Van vietnamdar abadearen partaidetza<\/strong><\/p><\/h3>\n\n<p><p>Gaur egun Gasteizen heziketa-prozesuan dan aita <strong>Hoat Bui Van<\/strong> Hanoiko abadea joango da Bilboko gotzainagaz batera. Santa Klara parrokian laguntzen dauan eta Nafarroako Unibertsitatean doktoretza egiten diharduan <strong>aita Hoatek<\/strong> adierazo ebanez, <em>&#8220;ohorea da nire Eleiza bien arteko alkartze honetan parte hartzeko aukera izatea&#8221;.<\/em><\/p><\/p>\n\n<p><p>Vietnamen, <strong>azaroaren 1ean,<\/strong> martiritza jasan eban egunez, ospatzen dabe <strong>San Balendin eguna,<\/strong> prozesino jentetsu eta dantza erlijiosoakaz.\u00a0<strong>On Joseba Segura\u00a0<\/strong>gotzainaren bisitak, euren bizia fedeagaitik emon eben martirienganako herri bien debozinoa batuz, mugak gainditzen dituan lotura sendotu egingo dau.\u00a0<\/p><\/p>\n","protected":false},"excerpt":{"rendered":"<p>Abuztuaren 20tik 24ra egingo dan bidaia honen bidez Bizkaiko Eleizaren eta Vietnameko Eleizaren arteko loturak estutuko dira. Hain zuzen be Vietnamen martiritza jasan eben 117 lagun -tartean 11 espainiar- santu autortu ebazan san Joan Paulo II.ak 1988an (375 x 300 zentimetroko margolana mihise gainean inprimatuta) Ondare historikoa: martirien margolana eta kopia barriak Lotura honen ikurrik [&hellip;]<\/p>\n","protected":false},"author":19,"featured_media":169207,"comment_status":"closed","ping_status":"closed","sticky":false,"template":"","format":"standard","meta":{"_acf_changed":false,"_et_pb_use_builder":"off","_et_pb_old_content":"","_et_gb_content_width":"","footnotes":""},"categories":[506],"tags":[706,706],"class_list":["post-169074","post","type-post","status-publish","format-standard","has-post-thumbnail","hentry","category-lehenengo-orrialdea","tag-berriotxoako-san-balendin"],"acf":[],"yoast_head":"<!-- This site is optimized with the Yoast SEO Premium plugin v27.2 (Yoast SEO v27.2) - https:\/\/yoast.com\/product\/yoast-seo-premium-wordpress\/ -->\n<title>Berriotxoako San Balendinen erlikiak Elorriotik Vietnamera - Bilboko Elizbarrutia - Di\u00f3cesis de Bilbao<\/title>\n<meta name=\"robots\" content=\"index, follow, max-snippet:-1, max-image-preview:large, max-video-preview:-1\" \/>\n<link rel=\"canonical\" href=\"https:\/\/bizkeliza.org\/eu\/noticia\/berriotxoako-san-balendinen-erlikiak-elorriotik-vietnamera\/\" \/>\n<meta property=\"og:locale\" content=\"eu_ES\" \/>\n<meta property=\"og:type\" content=\"article\" \/>\n<meta property=\"og:title\" content=\"Berriotxoako San Balendinen erlikiak Elorriotik Vietnamera\" \/>\n<meta property=\"og:description\" content=\"Abuztuaren 20tik 24ra egingo dan bidaia honen bidez Bizkaiko Eleizaren eta Vietnameko Eleizaren arteko loturak estutuko dira. Hain zuzen be Vietnamen martiritza jasan eben 117 lagun -tartean 11 espainiar- santu autortu ebazan san Joan Paulo II.ak 1988an (375 x 300 zentimetroko margolana mihise gainean inprimatuta) Ondare historikoa: martirien margolana eta kopia barriak Lotura honen ikurrik [&hellip;]\" \/>\n<meta property=\"og:url\" content=\"https:\/\/bizkeliza.org\/eu\/noticia\/berriotxoako-san-balendinen-erlikiak-elorriotik-vietnamera\/\" \/>\n<meta property=\"og:site_name\" content=\"Bilboko Elizbarrutia - Di\u00f3cesis de Bilbao\" \/>\n<meta property=\"article:publisher\" content=\"https:\/\/www.facebook.com\/DiocesisBilbao\/\" \/>\n<meta property=\"article:published_time\" content=\"2025-07-04T11:00:00+00:00\" \/>\n<meta property=\"og:image\" content=\"https:\/\/bizkeliza.org\/wp-content\/uploads\/2025\/07\/3.-Reliquia-San-Valentin-de-Berriotxoa-copia-scaled.jpg\" \/>\n\t<meta property=\"og:image:width\" content=\"2428\" \/>\n\t<meta property=\"og:image:height\" content=\"2560\" \/>\n\t<meta property=\"og:image:type\" content=\"image\/jpeg\" \/>\n<meta name=\"author\" content=\"dalberdi\" \/>\n<meta name=\"twitter:card\" content=\"summary_large_image\" \/>\n<meta name=\"twitter:creator\" content=\"@DiocesisBilbao\" \/>\n<meta name=\"twitter:site\" content=\"@DiocesisBilbao\" \/>\n<script type=\"application\/ld+json\" class=\"yoast-schema-graph\">{\"@context\":\"https:\/\/schema.org\",\"@graph\":[{\"@type\":\"Article\",\"@id\":\"https:\/\/bizkeliza.org\/eu\/noticia\/berriotxoako-san-balendinen-erlikiak-elorriotik-vietnamera\/#article\",\"isPartOf\":{\"@id\":\"https:\/\/bizkeliza.org\/eu\/noticia\/berriotxoako-san-balendinen-erlikiak-elorriotik-vietnamera\/\"},\"author\":{\"name\":\"dalberdi\",\"@id\":\"https:\/\/bizkeliza.org\/eu\/#\/schema\/person\/acc5e302cb1997bd56026a6980544228\"},\"headline\":\"Berriotxoako San Balendinen erlikiak Elorriotik Vietnamera\",\"datePublished\":\"2025-07-04T11:00:00+00:00\",\"mainEntityOfPage\":{\"@id\":\"https:\/\/bizkeliza.org\/eu\/noticia\/berriotxoako-san-balendinen-erlikiak-elorriotik-vietnamera\/\"},\"wordCount\":342,\"publisher\":{\"@id\":\"https:\/\/bizkeliza.org\/eu\/#organization\"},\"image\":{\"@id\":\"https:\/\/bizkeliza.org\/eu\/noticia\/berriotxoako-san-balendinen-erlikiak-elorriotik-vietnamera\/#primaryimage\"},\"thumbnailUrl\":\"https:\/\/bizkeliza.org\/wp-content\/uploads\/2025\/07\/3.-Reliquia-San-Valentin-de-Berriotxoa-copia-scaled.jpg\",\"keywords\":[\"Berriotxoako San Balendin\",\"Berriotxoako San Balendin\"],\"articleSection\":[\"Lehenengo Orrialdea\"],\"inLanguage\":\"eu-ES\"},{\"@type\":\"WebPage\",\"@id\":\"https:\/\/bizkeliza.org\/eu\/noticia\/berriotxoako-san-balendinen-erlikiak-elorriotik-vietnamera\/\",\"url\":\"https:\/\/bizkeliza.org\/eu\/noticia\/berriotxoako-san-balendinen-erlikiak-elorriotik-vietnamera\/\",\"name\":\"Berriotxoako San Balendinen erlikiak Elorriotik Vietnamera - Bilboko Elizbarrutia - Di\u00f3cesis de Bilbao\",\"isPartOf\":{\"@id\":\"https:\/\/bizkeliza.org\/eu\/#website\"},\"primaryImageOfPage\":{\"@id\":\"https:\/\/bizkeliza.org\/eu\/noticia\/berriotxoako-san-balendinen-erlikiak-elorriotik-vietnamera\/#primaryimage\"},\"image\":{\"@id\":\"https:\/\/bizkeliza.org\/eu\/noticia\/berriotxoako-san-balendinen-erlikiak-elorriotik-vietnamera\/#primaryimage\"},\"thumbnailUrl\":\"https:\/\/bizkeliza.org\/wp-content\/uploads\/2025\/07\/3.-Reliquia-San-Valentin-de-Berriotxoa-copia-scaled.jpg\",\"datePublished\":\"2025-07-04T11:00:00+00:00\",\"breadcrumb\":{\"@id\":\"https:\/\/bizkeliza.org\/eu\/noticia\/berriotxoako-san-balendinen-erlikiak-elorriotik-vietnamera\/#breadcrumb\"},\"inLanguage\":\"eu-ES\",\"potentialAction\":[{\"@type\":\"ReadAction\",\"target\":[\"https:\/\/bizkeliza.org\/eu\/noticia\/berriotxoako-san-balendinen-erlikiak-elorriotik-vietnamera\/\"]}]},{\"@type\":\"ImageObject\",\"inLanguage\":\"eu-ES\",\"@id\":\"https:\/\/bizkeliza.org\/eu\/noticia\/berriotxoako-san-balendinen-erlikiak-elorriotik-vietnamera\/#primaryimage\",\"url\":\"https:\/\/bizkeliza.org\/wp-content\/uploads\/2025\/07\/3.-Reliquia-San-Valentin-de-Berriotxoa-copia-scaled.jpg\",\"contentUrl\":\"https:\/\/bizkeliza.org\/wp-content\/uploads\/2025\/07\/3.-Reliquia-San-Valentin-de-Berriotxoa-copia-scaled.jpg\",\"width\":2428,\"height\":2560},{\"@type\":\"BreadcrumbList\",\"@id\":\"https:\/\/bizkeliza.org\/eu\/noticia\/berriotxoako-san-balendinen-erlikiak-elorriotik-vietnamera\/#breadcrumb\",\"itemListElement\":[{\"@type\":\"ListItem\",\"position\":1,\"name\":\"Portada\",\"item\":\"https:\/\/bizkeliza.org\/eu\/\"},{\"@type\":\"ListItem\",\"position\":2,\"name\":\"Berriotxoako San Balendinen erlikiak Elorriotik Vietnamera\"}]},{\"@type\":\"WebSite\",\"@id\":\"https:\/\/bizkeliza.org\/eu\/#website\",\"url\":\"https:\/\/bizkeliza.org\/eu\/\",\"name\":\"Bilboko Elizbarrutia - Di\u00f3cesis de Bilbao\",\"description\":\"Di\u00f3cesis de Bilbao\",\"publisher\":{\"@id\":\"https:\/\/bizkeliza.org\/eu\/#organization\"},\"alternateName\":\"Di\u00f3cesis de Bilbao\",\"potentialAction\":[{\"@type\":\"SearchAction\",\"target\":{\"@type\":\"EntryPoint\",\"urlTemplate\":\"https:\/\/bizkeliza.org\/eu\/?s={search_term_string}\"},\"query-input\":{\"@type\":\"PropertyValueSpecification\",\"valueRequired\":true,\"valueName\":\"search_term_string\"}}],\"inLanguage\":\"eu-ES\"},{\"@type\":\"Organization\",\"@id\":\"https:\/\/bizkeliza.org\/eu\/#organization\",\"name\":\"Di\u00f3cesis de Bilbao\",\"alternateName\":\"Di\u00f3cesis de Bilbao\",\"url\":\"https:\/\/bizkeliza.org\/eu\/\",\"logo\":{\"@type\":\"ImageObject\",\"inLanguage\":\"eu-ES\",\"@id\":\"https:\/\/bizkeliza.org\/eu\/#\/schema\/logo\/image\/\",\"url\":\"https:\/\/bizkeliza.org\/wp-content\/uploads\/2022\/06\/Logo-nuevo_2024-1-scaled.jpg\",\"contentUrl\":\"https:\/\/bizkeliza.org\/wp-content\/uploads\/2022\/06\/Logo-nuevo_2024-1-scaled.jpg\",\"width\":2560,\"height\":1024,\"caption\":\"Di\u00f3cesis de Bilbao\"},\"image\":{\"@id\":\"https:\/\/bizkeliza.org\/eu\/#\/schema\/logo\/image\/\"},\"sameAs\":[\"https:\/\/www.facebook.com\/DiocesisBilbao\/\",\"https:\/\/x.com\/DiocesisBilbao\",\"https:\/\/www.instagram.com\/obispadobilbao\/\",\"https:\/\/www.youtube.com\/user\/bilbokoelizbarrutia\"],\"description\":\"Iglesia local de Bilbao perteneciente a la Iglesia Cat\u00f3lica\"},{\"@type\":\"Person\",\"@id\":\"https:\/\/bizkeliza.org\/eu\/#\/schema\/person\/acc5e302cb1997bd56026a6980544228\",\"name\":\"dalberdi\"}]}<\/script>\n<!-- \/ Yoast SEO Premium plugin. -->","yoast_head_json":{"title":"Berriotxoako San Balendinen erlikiak Elorriotik Vietnamera - Bilboko Elizbarrutia - Di\u00f3cesis de Bilbao","robots":{"index":"index","follow":"follow","max-snippet":"max-snippet:-1","max-image-preview":"max-image-preview:large","max-video-preview":"max-video-preview:-1"},"canonical":"https:\/\/bizkeliza.org\/eu\/noticia\/berriotxoako-san-balendinen-erlikiak-elorriotik-vietnamera\/","og_locale":"eu_ES","og_type":"article","og_title":"Berriotxoako San Balendinen erlikiak Elorriotik Vietnamera","og_description":"Abuztuaren 20tik 24ra egingo dan bidaia honen bidez Bizkaiko Eleizaren eta Vietnameko Eleizaren arteko loturak estutuko dira. Hain zuzen be Vietnamen martiritza jasan eben 117 lagun -tartean 11 espainiar- santu autortu ebazan san Joan Paulo II.ak 1988an (375 x 300 zentimetroko margolana mihise gainean inprimatuta) Ondare historikoa: martirien margolana eta kopia barriak Lotura honen ikurrik [&hellip;]","og_url":"https:\/\/bizkeliza.org\/eu\/noticia\/berriotxoako-san-balendinen-erlikiak-elorriotik-vietnamera\/","og_site_name":"Bilboko Elizbarrutia - Di\u00f3cesis de Bilbao","article_publisher":"https:\/\/www.facebook.com\/DiocesisBilbao\/","article_published_time":"2025-07-04T11:00:00+00:00","og_image":[{"width":2428,"height":2560,"url":"https:\/\/bizkeliza.org\/wp-content\/uploads\/2025\/07\/3.-Reliquia-San-Valentin-de-Berriotxoa-copia-scaled.jpg","type":"image\/jpeg"}],"author":"dalberdi","twitter_card":"summary_large_image","twitter_creator":"@DiocesisBilbao","twitter_site":"@DiocesisBilbao","schema":{"@context":"https:\/\/schema.org","@graph":[{"@type":"Article","@id":"https:\/\/bizkeliza.org\/eu\/noticia\/berriotxoako-san-balendinen-erlikiak-elorriotik-vietnamera\/#article","isPartOf":{"@id":"https:\/\/bizkeliza.org\/eu\/noticia\/berriotxoako-san-balendinen-erlikiak-elorriotik-vietnamera\/"},"author":{"name":"dalberdi","@id":"https:\/\/bizkeliza.org\/eu\/#\/schema\/person\/acc5e302cb1997bd56026a6980544228"},"headline":"Berriotxoako San Balendinen erlikiak Elorriotik Vietnamera","datePublished":"2025-07-04T11:00:00+00:00","mainEntityOfPage":{"@id":"https:\/\/bizkeliza.org\/eu\/noticia\/berriotxoako-san-balendinen-erlikiak-elorriotik-vietnamera\/"},"wordCount":342,"publisher":{"@id":"https:\/\/bizkeliza.org\/eu\/#organization"},"image":{"@id":"https:\/\/bizkeliza.org\/eu\/noticia\/berriotxoako-san-balendinen-erlikiak-elorriotik-vietnamera\/#primaryimage"},"thumbnailUrl":"https:\/\/bizkeliza.org\/wp-content\/uploads\/2025\/07\/3.-Reliquia-San-Valentin-de-Berriotxoa-copia-scaled.jpg","keywords":["Berriotxoako San Balendin","Berriotxoako San Balendin"],"articleSection":["Lehenengo Orrialdea"],"inLanguage":"eu-ES"},{"@type":"WebPage","@id":"https:\/\/bizkeliza.org\/eu\/noticia\/berriotxoako-san-balendinen-erlikiak-elorriotik-vietnamera\/","url":"https:\/\/bizkeliza.org\/eu\/noticia\/berriotxoako-san-balendinen-erlikiak-elorriotik-vietnamera\/","name":"Berriotxoako San Balendinen erlikiak Elorriotik Vietnamera - Bilboko Elizbarrutia - Di\u00f3cesis de Bilbao","isPartOf":{"@id":"https:\/\/bizkeliza.org\/eu\/#website"},"primaryImageOfPage":{"@id":"https:\/\/bizkeliza.org\/eu\/noticia\/berriotxoako-san-balendinen-erlikiak-elorriotik-vietnamera\/#primaryimage"},"image":{"@id":"https:\/\/bizkeliza.org\/eu\/noticia\/berriotxoako-san-balendinen-erlikiak-elorriotik-vietnamera\/#primaryimage"},"thumbnailUrl":"https:\/\/bizkeliza.org\/wp-content\/uploads\/2025\/07\/3.-Reliquia-San-Valentin-de-Berriotxoa-copia-scaled.jpg","datePublished":"2025-07-04T11:00:00+00:00","breadcrumb":{"@id":"https:\/\/bizkeliza.org\/eu\/noticia\/berriotxoako-san-balendinen-erlikiak-elorriotik-vietnamera\/#breadcrumb"},"inLanguage":"eu-ES","potentialAction":[{"@type":"ReadAction","target":["https:\/\/bizkeliza.org\/eu\/noticia\/berriotxoako-san-balendinen-erlikiak-elorriotik-vietnamera\/"]}]},{"@type":"ImageObject","inLanguage":"eu-ES","@id":"https:\/\/bizkeliza.org\/eu\/noticia\/berriotxoako-san-balendinen-erlikiak-elorriotik-vietnamera\/#primaryimage","url":"https:\/\/bizkeliza.org\/wp-content\/uploads\/2025\/07\/3.-Reliquia-San-Valentin-de-Berriotxoa-copia-scaled.jpg","contentUrl":"https:\/\/bizkeliza.org\/wp-content\/uploads\/2025\/07\/3.-Reliquia-San-Valentin-de-Berriotxoa-copia-scaled.jpg","width":2428,"height":2560},{"@type":"BreadcrumbList","@id":"https:\/\/bizkeliza.org\/eu\/noticia\/berriotxoako-san-balendinen-erlikiak-elorriotik-vietnamera\/#breadcrumb","itemListElement":[{"@type":"ListItem","position":1,"name":"Portada","item":"https:\/\/bizkeliza.org\/eu\/"},{"@type":"ListItem","position":2,"name":"Berriotxoako San Balendinen erlikiak Elorriotik Vietnamera"}]},{"@type":"WebSite","@id":"https:\/\/bizkeliza.org\/eu\/#website","url":"https:\/\/bizkeliza.org\/eu\/","name":"Bilboko Elizbarrutia - Di\u00f3cesis de Bilbao","description":"Di\u00f3cesis de Bilbao","publisher":{"@id":"https:\/\/bizkeliza.org\/eu\/#organization"},"alternateName":"Di\u00f3cesis de Bilbao","potentialAction":[{"@type":"SearchAction","target":{"@type":"EntryPoint","urlTemplate":"https:\/\/bizkeliza.org\/eu\/?s={search_term_string}"},"query-input":{"@type":"PropertyValueSpecification","valueRequired":true,"valueName":"search_term_string"}}],"inLanguage":"eu-ES"},{"@type":"Organization","@id":"https:\/\/bizkeliza.org\/eu\/#organization","name":"Di\u00f3cesis de Bilbao","alternateName":"Di\u00f3cesis de Bilbao","url":"https:\/\/bizkeliza.org\/eu\/","logo":{"@type":"ImageObject","inLanguage":"eu-ES","@id":"https:\/\/bizkeliza.org\/eu\/#\/schema\/logo\/image\/","url":"https:\/\/bizkeliza.org\/wp-content\/uploads\/2022\/06\/Logo-nuevo_2024-1-scaled.jpg","contentUrl":"https:\/\/bizkeliza.org\/wp-content\/uploads\/2022\/06\/Logo-nuevo_2024-1-scaled.jpg","width":2560,"height":1024,"caption":"Di\u00f3cesis de Bilbao"},"image":{"@id":"https:\/\/bizkeliza.org\/eu\/#\/schema\/logo\/image\/"},"sameAs":["https:\/\/www.facebook.com\/DiocesisBilbao\/","https:\/\/x.com\/DiocesisBilbao","https:\/\/www.instagram.com\/obispadobilbao\/","https:\/\/www.youtube.com\/user\/bilbokoelizbarrutia"],"description":"Iglesia local de Bilbao perteneciente a la Iglesia Cat\u00f3lica"},{"@type":"Person","@id":"https:\/\/bizkeliza.org\/eu\/#\/schema\/person\/acc5e302cb1997bd56026a6980544228","name":"dalberdi"}]}},"jetpack_featured_media_url":"https:\/\/bizkeliza.org\/wp-content\/uploads\/2025\/07\/3.-Reliquia-San-Valentin-de-Berriotxoa-copia-scaled.jpg","_links":{"self":[{"href":"https:\/\/bizkeliza.org\/eu\/wp-json\/wp\/v2\/posts\/169074","targetHints":{"allow":["GET"]}}],"collection":[{"href":"https:\/\/bizkeliza.org\/eu\/wp-json\/wp\/v2\/posts"}],"about":[{"href":"https:\/\/bizkeliza.org\/eu\/wp-json\/wp\/v2\/types\/post"}],"author":[{"embeddable":true,"href":"https:\/\/bizkeliza.org\/eu\/wp-json\/wp\/v2\/users\/19"}],"replies":[{"embeddable":true,"href":"https:\/\/bizkeliza.org\/eu\/wp-json\/wp\/v2\/comments?post=169074"}],"version-history":[{"count":0,"href":"https:\/\/bizkeliza.org\/eu\/wp-json\/wp\/v2\/posts\/169074\/revisions"}],"wp:featuredmedia":[{"embeddable":true,"href":"https:\/\/bizkeliza.org\/eu\/wp-json\/wp\/v2\/media\/169207"}],"wp:attachment":[{"href":"https:\/\/bizkeliza.org\/eu\/wp-json\/wp\/v2\/media?parent=169074"}],"wp:term":[{"taxonomy":"category","embeddable":true,"href":"https:\/\/bizkeliza.org\/eu\/wp-json\/wp\/v2\/categories?post=169074"},{"taxonomy":"post_tag","embeddable":true,"href":"https:\/\/bizkeliza.org\/eu\/wp-json\/wp\/v2\/tags?post=169074"}],"curies":[{"name":"wp","href":"https:\/\/api.w.org\/{rel}","templated":true}]}}