{"id":169733,"date":"2025-07-15T06:00:00","date_gmt":"2025-07-15T04:00:00","guid":{"rendered":"https:\/\/bizkeliza.org\/noticia\/bizkaibira-hoaceko-kideak-alkartean-ibiltari\/"},"modified":"2025-07-16T08:32:37","modified_gmt":"2025-07-16T06:32:37","slug":"bizkaibira-hoaceko-kideak-alkartean-ibiltari","status":"publish","type":"post","link":"https:\/\/bizkeliza.org\/eu\/noticia\/bizkaibira-hoaceko-kideak-alkartean-ibiltari\/","title":{"rendered":"BizkaiBira: HOACeko kideak alkartean ibiltari"},"content":{"rendered":"\n<p><\/p>\n\n<h3 class=\"wp-block-heading\"><p><strong>Bilbao \u2013 Galdakao. Ekainak 25, eguaztena<\/strong><\/p><\/h3>\n\n<p><p><strong>Casilda Garcia<\/strong> Urretako HOAC taldeko kidea izan zan BizkaiBirako lehenengo etapan ibilbideari hasiera emon eutsenetako bat.<strong> Bilbao<\/strong> eta <strong>Galdakao<\/strong> arteko ibilaldia aniztasun eta fedeak markatutako ibilbidearen hasieraren ikur izan zan. <em>&#8220;<\/em><em>Fue un d\u00eda muy completo, naturaleza, escucha a otr@s, testimonio muy rico de las responsables de Pastoral de la Salud&#8230;\u00a0 y conocer a m\u00e1s personas comprometidas. Sent\u00eda que era mi deber estar\u201d.<\/em><\/p><\/p>\n\n<figure class=\"wp-block-image aligncenter size-large is-resized\"><img decoding=\"async\" width=\"473\" height=\"1024\" src=\"https:\/\/bizkeliza.org\/wp-content\/uploads\/2025\/07\/Inicio-BizkaiBira-25-junio-25-Casilda-473x1024.jpeg\" alt=\"Bizkaibira\" class=\"wp-image-169707\" style=\"width:375px;height:auto\"\/><\/figure>\n\n<p><\/p>\n\n<h3 class=\"wp-block-heading\"><p><strong>Durango \u2013 Berriz. Uztailak 1, martitzena<\/strong><\/p><\/h3>\n\n<p><p>Eskaut taldeek gaua emon eben <strong>jesuiten Durangoko ikastetxean<\/strong> emon jakon hasiera egunari. <em>\u201cNos congregamos en el campo de futbito para hacer la oraci\u00f3n de la ma\u00f1ana y colocamos la pieza correspondiente a esta etapa en el mosaico-logo de la di\u00f3cesis\u201d,<\/em> <strong>Zorione Fundazuri <\/strong><strong>Iurreta-Durangoko<\/strong> taldeko partaidearen esanetan.<\/p><\/p>\n\n<p><p><em>&#8220;La marcha se desarroll\u00f3 entre un grupo variopinto: j\u00f3venes con mochilas pesadas, sus acompa\u00f1antes, otras personas de diferentes realidades de la di\u00f3cesis\u201d<\/em>. Bide-zati gogorra izan ei zan, aldapatsua, baina ez eizan languntzarik falta izan. <em>\u201cA nadie le falt\u00f3 agua y hubo manos que ayudaron con la carga, palabras que daban \u00e1nimos, tiritas para las heridas&#8230; y muy buen ambiente\u201d<\/em>.<\/p><\/p>\n\n<figure class=\"wp-block-image size-full\"><img decoding=\"async\" width=\"800\" height=\"360\" src=\"https:\/\/bizkeliza.org\/wp-content\/uploads\/2025\/07\/Hoac-Bizkaibira-zorione11.jpg\" alt=\"Bizkaibira\" class=\"wp-image-169704\" srcset=\"https:\/\/bizkeliza.org\/wp-content\/uploads\/2025\/07\/Hoac-Bizkaibira-zorione11.jpg 800w, https:\/\/bizkeliza.org\/wp-content\/uploads\/2025\/07\/Hoac-Bizkaibira-zorione11-480x216.jpg 480w\" sizes=\"(min-width: 0px) and (max-width: 480px) 480px, (min-width: 481px) 800px, 100vw\" \/><\/figure>\n\n<p><p>Berotasunez betetako harrera izan eben <strong>Berrizen:<\/strong> <em>\u201cNos dieron la bienvenida en el convento de las Mercedarias con una gran pancarta\u201d. <\/em><strong>Zorionerentzat,<\/strong> esperientzia argigarria izan zan: \u201c<em>Es muy gratificante sentirse parte de una gran cadena, ser un eslab\u00f3n m\u00e1s de esta di\u00f3cesis que camina, que sale a las periferias de su geograf\u00eda, que ayuda a descubrir a las personas otras realidades\u201d.<\/em><\/p><\/p>\n\n<h3 class=\"wp-block-heading\"><p><strong>Ziortza \u2013 Gernika. Uztailak 3, eguena<\/strong><\/p><\/h3>\n\n<p><p>Bake eta adiskidetzea izan zan ardatza. <strong>Jon Elordui<\/strong> HOACeko Alde Zaharreko militante eta Lagungoko zuzendariak honan bizi izan eban: <em>\u201cEse d\u00eda era especial por la paz,\u00a0 la reconciliaci\u00f3n, porque en estos 75 a\u00f1os nuestra Iglesia diocesana ha intentado dar respuesta a los retos sociales del momento y del mundo y tambi\u00e9n en las situaciones de violencia que hemos vivido a nivel local en nuestro propio pa\u00eds y tambi\u00e9n a nivel internacional\u201d. <\/em>50 lagun inguruk balio sinboliko handiko ibilbidea egin eban <strong>Gernikaraino,<\/strong> <em>\u201cnuestro lugar emblem\u00e1tico como ciudad de la paz\u201d.<\/em><\/p><\/p>\n\n<p><p>Gogoeta sakona egin zan: <em>\u201cTuvimos ocasi\u00f3n de participar en di\u00e1logos y actividades tanto para j\u00f3venes como para adultos\u201d.<\/em><em> \u201cConcentraci\u00f3n silenciosa cargada de simbolismo en la plaza p\u00fablica de <strong>Gernika<\/strong>\u201d<\/em> egin zan egunaren amaieran. <strong>Jonen <\/strong>esanetan, gainera, <em>&#8220;f<\/em><em>ue<\/em> u<em>n recorrido muy bonito&#8230; donde pudimos compartir toda esa zona rural y de la costa del <strong>Urdaibai<\/strong>\u201d.<\/em><\/p><\/p>\n\n<figure class=\"wp-block-image aligncenter size-large\"><img decoding=\"async\" width=\"575\" height=\"1024\" src=\"https:\/\/bizkeliza.org\/wp-content\/uploads\/2025\/07\/20250707_155022_Bizkaibira-Jon1-575x1024.jpg\" alt=\"Bizkaibira\" class=\"wp-image-169696\" srcset=\"https:\/\/bizkeliza.org\/wp-content\/uploads\/2025\/07\/20250707_155022_Bizkaibira-Jon1-575x1024.jpg 575w, https:\/\/bizkeliza.org\/wp-content\/uploads\/2025\/07\/20250707_155022_Bizkaibira-Jon1-480x854.jpg 480w\" sizes=\"(min-width: 0px) and (max-width: 480px) 480px, (min-width: 481px) 575px, 100vw\" \/><\/figure>\n\n<p><\/p>\n\n<h3 class=\"wp-block-heading\"><p><strong>Plentzia \u2013 Portugalete. Uztailak 7, astelehena<\/strong><\/p><\/h3>\n\n<p><p>Etapa hau sintesi pertsonal eta komuniatarioa izan zan J<strong>on Elorduirentzat.<\/strong> <em>\u201cEste d\u00eda era centrado en la paz obrera y fue magn\u00edfico para reflexionar y recordar que el trabajo es para una vida digna\u201d.<\/em> Ehun lagun inguruk euri, haize eta hotza lagun ebazala egin eban ibilbidea, ezkerraldea eta eskumaldea eta errealitateak batuz: <em>\u201cUn paso cargado de simbolismo\u201d. \u201cA nivel experiencial yo destacar\u00eda que esta experiencia de la <strong>Bizkaibira <\/strong>ha sido una oportunidad, uno,<strong> para reconocernos en una historia compartida<\/strong> personas adultas, j\u00f3venes, laicado, sacerdotes. Segundo, nos ha servido mucho <strong>para cohesionarnos m\u00e1s, descubrirnos tambi\u00e9n cada uno en su particular historia<\/strong>, porque esta experiencia se ha ido apoyando en asuntos centrales de una iglesia encarnada en el mundo, en mi caso pues era la paz y la dignidad en el trabajo\u201d.<\/em><\/p><\/p>\n\n<p><p><strong>Jonek <\/strong>eroan eban lekukoa <strong>Langile Pastoraltza<\/strong> ordezkatuz, <strong>Maiteren<\/strong> esku itzi eban arte. \u00a0<em>\u201cFue un momento importante, de encuentro\u201d,<\/em> eta, <em>\u201cme hizo mucha ilusi\u00f3n, porque ella ha llevado muchos a\u00f1os, trabajando en la Pastoral Obrera, y fue un momento importante\u201d.<\/em><\/p><\/p>\n\n<p><p>Gainera, <strong>Lagungoko<\/strong> taldeak eragile argia izan eban etapa honetan parte hartzeko erabagia hartzean: <em>\u201cNos juntamos gente que trabajamos con realidades familiares en situaci\u00f3n de vulnerabilidad social, uni\u00e9ndolo a personas que viven en condiciones de vida y trabajo indignas\u201d.<\/em><\/p><\/p>\n\n<figure class=\"wp-block-image size-full\"><img decoding=\"async\" width=\"800\" height=\"600\" src=\"https:\/\/bizkeliza.org\/wp-content\/uploads\/2025\/07\/Hoac-Bizkaibira-recibimiento7julio20251.jpg\" alt=\"Bizkaibira\" class=\"wp-image-169700\" srcset=\"https:\/\/bizkeliza.org\/wp-content\/uploads\/2025\/07\/Hoac-Bizkaibira-recibimiento7julio20251.jpg 800w, https:\/\/bizkeliza.org\/wp-content\/uploads\/2025\/07\/Hoac-Bizkaibira-recibimiento7julio20251-480x360.jpg 480w\" sizes=\"(min-width: 0px) and (max-width: 480px) 480px, (min-width: 481px) 800px, 100vw\" \/><\/figure>\n\n<p><p>Ibilbideaz gainera, Jonek ibilaldiaren sinodo-sena nabarmendu dau: \u201c<em>Ha sido una experiencia de comuni\u00f3n y de sinodalidad&#8230; con protagonismo compartido del laicado y del ministerio ordenado\u201d.<\/em><\/p><\/p>\n\n<p><\/p>\n\n<h3 class=\"wp-block-heading\"><p><strong>El Regato \u2013 Bilbao. Uztailak 13, domeka<\/strong><\/p><\/h3>\n\n<p><p>El Regatotik Bilborako bidea egin zan 19. eta azken etapan.. <em>\u201cAh\u00ed segu\u00eda el testigo de la Cruz que ha pasado de mano en mano&#8230; con la huella de tantos lugares, conversaciones, rostros, vivencias\u201d,\u00a0<\/em>gogoratu eban <strong>Maite Valdiviesok<\/strong> etaparen amaieran.<\/p><\/p>\n\n<p><p>Samariar onaren parabola izan zan eguneko gogoetaren oinarria: <em>\u201cPoner en el centro la persona y su dignidad, ahondar en la acogida, la construcci\u00f3n de la paz, el cuidado de la casa com\u00fan&#8230;\u201d.<\/em>\u00a0Honan laburtu eban<b> Maitek:<\/b>\u00a0<em>\u201c<strong>Sabernos comunidad, iglesia samaritana, misionera, llevando a nuestros ambientes la propuesta humanizadora del Evangelio.<\/strong> Nos seguimos encontrando, en camino, en medio de nuestros pueblos, barrios, lugares de vida y trabajo\u201d.<\/em><\/p><\/p>\n\n<h3 class=\"wp-block-heading\"><p><strong>Arrastoa itzi dauan esperientzia<\/strong><\/p><\/h3>\n\n<p><p>HOACeko kideen esanetan, bidea, ibilbide fisikoa baino askoz gehiago izan da. Alkartasunez betetako bizipena izan da, haragitutako Eleizaren esperientzia, Barri Onaren adierazpen bizia. <strong>Jonen<\/strong> esanetan, <em>&#8220;creo que ha marcado un hito hist\u00f3rico. Cuanto m\u00e1s hemos participado, m\u00e1s rica ha sido la experiencia\u201d.<\/em><\/p><\/p>\n\n<p><p>Lekukoa, jarraitutasun eta konpromisoaren sinboloa izan da, beste batzugaz batera bizi izandako historiaren eta etorkizunari begira dogun itxaropenaren ikur. Bat eginda bide egiten diharduan, entzun egiten dauan, bakearen, gizalegezko lanaren, zuzentasunaren, zaintzaren eta senidetasunaren aldeko konpromisoa dauan Eleiza egiteko proposamena. Aurrera begiratzean, Alkarregaz bide egitea ezinbesteko dala sentitzen dauan Eleizbarrutia agertzea izan da helburua, <strong>Maitek<\/strong> azkenean adierazo ebanez:<em>\u00a0\u201cSabernos comunidad&#8230; llevando a nuestros ambientes la propuesta humanizadora del Evangelio\u201d.<\/em><\/p><\/p>\n","protected":false},"excerpt":{"rendered":"<p>Bilbao \u2013 Galdakao. Ekainak 25, eguaztena Casilda Garcia Urretako HOAC taldeko kidea izan zan BizkaiBirako lehenengo etapan ibilbideari hasiera emon eutsenetako bat. Bilbao eta Galdakao arteko ibilaldia aniztasun eta fedeak markatutako ibilbidearen hasieraren ikur izan zan. &#8220;Fue un d\u00eda muy completo, naturaleza, escucha a otr@s, testimonio muy rico de las responsables de Pastoral de la [&hellip;]<\/p>\n","protected":false},"author":20,"featured_media":169711,"comment_status":"closed","ping_status":"closed","sticky":false,"template":"","format":"standard","meta":{"_acf_changed":false,"_et_pb_use_builder":"off","_et_pb_old_content":"","_et_gb_content_width":"","footnotes":""},"categories":[1050,506,492],"tags":[1070],"class_list":["post-169733","post","type-post","status-publish","format-standard","has-post-thumbnail","hentry","category-75-urteurrena","category-lehenengo-orrialdea","category-pastoral-ekintza","tag-bizkaibira-eu"],"acf":[],"yoast_head":"<!-- This site is optimized with the Yoast SEO Premium plugin v27.2 (Yoast SEO v27.2) - https:\/\/yoast.com\/product\/yoast-seo-premium-wordpress\/ -->\n<title>BizkaiBira: HOACeko kideak alkartean ibiltari<\/title>\n<meta name=\"description\" content=\"Casilda Garcia Urretako HOAC taldeko kidea izan zan BizkaiBirako lehenengo etapan ibilbideari hasiera emon eutsenetako bat.\" \/>\n<meta name=\"robots\" content=\"index, follow, max-snippet:-1, max-image-preview:large, max-video-preview:-1\" \/>\n<link rel=\"canonical\" href=\"https:\/\/bizkeliza.org\/eu\/noticia\/bizkaibira-hoaceko-kideak-alkartean-ibiltari\/\" \/>\n<meta property=\"og:locale\" content=\"eu_ES\" \/>\n<meta property=\"og:type\" content=\"article\" \/>\n<meta property=\"og:title\" content=\"BizkaiBira: HOACeko kideak alkartean ibiltari\" \/>\n<meta property=\"og:description\" content=\"Casilda Garcia Urretako HOAC taldeko kidea izan zan BizkaiBirako lehenengo etapan ibilbideari hasiera emon eutsenetako bat.\" \/>\n<meta property=\"og:url\" content=\"https:\/\/bizkeliza.org\/eu\/noticia\/bizkaibira-hoaceko-kideak-alkartean-ibiltari\/\" \/>\n<meta property=\"og:site_name\" content=\"Bilboko Elizbarrutia - Di\u00f3cesis de Bilbao\" \/>\n<meta property=\"article:publisher\" content=\"https:\/\/www.facebook.com\/DiocesisBilbao\/\" \/>\n<meta property=\"article:published_time\" content=\"2025-07-15T04:00:00+00:00\" \/>\n<meta property=\"article:modified_time\" content=\"2025-07-16T06:32:37+00:00\" \/>\n<meta property=\"og:image\" content=\"https:\/\/bizkeliza.org\/wp-content\/uploads\/2025\/07\/Hoac-Bizkaibira-recibimiento7julio2025-2-scaled.jpg\" \/>\n\t<meta property=\"og:image:width\" content=\"2560\" \/>\n\t<meta property=\"og:image:height\" content=\"1920\" \/>\n\t<meta property=\"og:image:type\" content=\"image\/jpeg\" \/>\n<meta name=\"author\" content=\"bkareaga\" \/>\n<meta name=\"twitter:card\" content=\"summary_large_image\" \/>\n<meta name=\"twitter:creator\" content=\"@DiocesisBilbao\" \/>\n<meta name=\"twitter:site\" content=\"@DiocesisBilbao\" \/>\n<script type=\"application\/ld+json\" class=\"yoast-schema-graph\">{\"@context\":\"https:\/\/schema.org\",\"@graph\":[{\"@type\":\"Article\",\"@id\":\"https:\/\/bizkeliza.org\/eu\/noticia\/bizkaibira-hoaceko-kideak-alkartean-ibiltari\/#article\",\"isPartOf\":{\"@id\":\"https:\/\/bizkeliza.org\/eu\/noticia\/bizkaibira-hoaceko-kideak-alkartean-ibiltari\/\"},\"author\":{\"name\":\"bkareaga\",\"@id\":\"https:\/\/bizkeliza.org\/eu\/#\/schema\/person\/1f27c53156256531056d48959c2f2008\"},\"headline\":\"BizkaiBira: HOACeko kideak alkartean ibiltari\",\"datePublished\":\"2025-07-15T04:00:00+00:00\",\"dateModified\":\"2025-07-16T06:32:37+00:00\",\"mainEntityOfPage\":{\"@id\":\"https:\/\/bizkeliza.org\/eu\/noticia\/bizkaibira-hoaceko-kideak-alkartean-ibiltari\/\"},\"wordCount\":888,\"publisher\":{\"@id\":\"https:\/\/bizkeliza.org\/eu\/#organization\"},\"image\":{\"@id\":\"https:\/\/bizkeliza.org\/eu\/noticia\/bizkaibira-hoaceko-kideak-alkartean-ibiltari\/#primaryimage\"},\"thumbnailUrl\":\"https:\/\/bizkeliza.org\/wp-content\/uploads\/2025\/07\/Hoac-Bizkaibira-recibimiento7julio2025-2-scaled.jpg\",\"keywords\":[\"BizkaiBira\"],\"articleSection\":[\"75. urteurrena\",\"Lehenengo Orrialdea\",\"Pastoral ekintza\"],\"inLanguage\":\"eu-ES\"},{\"@type\":\"WebPage\",\"@id\":\"https:\/\/bizkeliza.org\/eu\/noticia\/bizkaibira-hoaceko-kideak-alkartean-ibiltari\/\",\"url\":\"https:\/\/bizkeliza.org\/eu\/noticia\/bizkaibira-hoaceko-kideak-alkartean-ibiltari\/\",\"name\":\"BizkaiBira: HOACeko kideak alkartean ibiltari\",\"isPartOf\":{\"@id\":\"https:\/\/bizkeliza.org\/eu\/#website\"},\"primaryImageOfPage\":{\"@id\":\"https:\/\/bizkeliza.org\/eu\/noticia\/bizkaibira-hoaceko-kideak-alkartean-ibiltari\/#primaryimage\"},\"image\":{\"@id\":\"https:\/\/bizkeliza.org\/eu\/noticia\/bizkaibira-hoaceko-kideak-alkartean-ibiltari\/#primaryimage\"},\"thumbnailUrl\":\"https:\/\/bizkeliza.org\/wp-content\/uploads\/2025\/07\/Hoac-Bizkaibira-recibimiento7julio2025-2-scaled.jpg\",\"datePublished\":\"2025-07-15T04:00:00+00:00\",\"dateModified\":\"2025-07-16T06:32:37+00:00\",\"description\":\"Casilda Garcia Urretako HOAC taldeko kidea izan zan BizkaiBirako lehenengo etapan ibilbideari hasiera emon eutsenetako bat.\",\"breadcrumb\":{\"@id\":\"https:\/\/bizkeliza.org\/eu\/noticia\/bizkaibira-hoaceko-kideak-alkartean-ibiltari\/#breadcrumb\"},\"inLanguage\":\"eu-ES\",\"potentialAction\":[{\"@type\":\"ReadAction\",\"target\":[\"https:\/\/bizkeliza.org\/eu\/noticia\/bizkaibira-hoaceko-kideak-alkartean-ibiltari\/\"]}]},{\"@type\":\"ImageObject\",\"inLanguage\":\"eu-ES\",\"@id\":\"https:\/\/bizkeliza.org\/eu\/noticia\/bizkaibira-hoaceko-kideak-alkartean-ibiltari\/#primaryimage\",\"url\":\"https:\/\/bizkeliza.org\/wp-content\/uploads\/2025\/07\/Hoac-Bizkaibira-recibimiento7julio2025-2-scaled.jpg\",\"contentUrl\":\"https:\/\/bizkeliza.org\/wp-content\/uploads\/2025\/07\/Hoac-Bizkaibira-recibimiento7julio2025-2-scaled.jpg\",\"width\":2560,\"height\":1920,\"caption\":\"00000000\"},{\"@type\":\"BreadcrumbList\",\"@id\":\"https:\/\/bizkeliza.org\/eu\/noticia\/bizkaibira-hoaceko-kideak-alkartean-ibiltari\/#breadcrumb\",\"itemListElement\":[{\"@type\":\"ListItem\",\"position\":1,\"name\":\"Portada\",\"item\":\"https:\/\/bizkeliza.org\/eu\/\"},{\"@type\":\"ListItem\",\"position\":2,\"name\":\"BizkaiBira: HOACeko kideak alkartean ibiltari\"}]},{\"@type\":\"WebSite\",\"@id\":\"https:\/\/bizkeliza.org\/eu\/#website\",\"url\":\"https:\/\/bizkeliza.org\/eu\/\",\"name\":\"Bilboko Elizbarrutia - Di\u00f3cesis de Bilbao\",\"description\":\"Di\u00f3cesis de Bilbao\",\"publisher\":{\"@id\":\"https:\/\/bizkeliza.org\/eu\/#organization\"},\"alternateName\":\"Di\u00f3cesis de Bilbao\",\"potentialAction\":[{\"@type\":\"SearchAction\",\"target\":{\"@type\":\"EntryPoint\",\"urlTemplate\":\"https:\/\/bizkeliza.org\/eu\/?s={search_term_string}\"},\"query-input\":{\"@type\":\"PropertyValueSpecification\",\"valueRequired\":true,\"valueName\":\"search_term_string\"}}],\"inLanguage\":\"eu-ES\"},{\"@type\":\"Organization\",\"@id\":\"https:\/\/bizkeliza.org\/eu\/#organization\",\"name\":\"Di\u00f3cesis de Bilbao\",\"alternateName\":\"Di\u00f3cesis de Bilbao\",\"url\":\"https:\/\/bizkeliza.org\/eu\/\",\"logo\":{\"@type\":\"ImageObject\",\"inLanguage\":\"eu-ES\",\"@id\":\"https:\/\/bizkeliza.org\/eu\/#\/schema\/logo\/image\/\",\"url\":\"https:\/\/bizkeliza.org\/wp-content\/uploads\/2022\/06\/Logo-nuevo_2024-1-scaled.jpg\",\"contentUrl\":\"https:\/\/bizkeliza.org\/wp-content\/uploads\/2022\/06\/Logo-nuevo_2024-1-scaled.jpg\",\"width\":2560,\"height\":1024,\"caption\":\"Di\u00f3cesis de Bilbao\"},\"image\":{\"@id\":\"https:\/\/bizkeliza.org\/eu\/#\/schema\/logo\/image\/\"},\"sameAs\":[\"https:\/\/www.facebook.com\/DiocesisBilbao\/\",\"https:\/\/x.com\/DiocesisBilbao\",\"https:\/\/www.instagram.com\/obispadobilbao\/\",\"https:\/\/www.youtube.com\/user\/bilbokoelizbarrutia\"],\"description\":\"Iglesia local de Bilbao perteneciente a la Iglesia Cat\u00f3lica\"},{\"@type\":\"Person\",\"@id\":\"https:\/\/bizkeliza.org\/eu\/#\/schema\/person\/1f27c53156256531056d48959c2f2008\",\"name\":\"bkareaga\"}]}<\/script>\n<!-- \/ Yoast SEO Premium plugin. -->","yoast_head_json":{"title":"BizkaiBira: HOACeko kideak alkartean ibiltari","description":"Casilda Garcia Urretako HOAC taldeko kidea izan zan BizkaiBirako lehenengo etapan ibilbideari hasiera emon eutsenetako bat.","robots":{"index":"index","follow":"follow","max-snippet":"max-snippet:-1","max-image-preview":"max-image-preview:large","max-video-preview":"max-video-preview:-1"},"canonical":"https:\/\/bizkeliza.org\/eu\/noticia\/bizkaibira-hoaceko-kideak-alkartean-ibiltari\/","og_locale":"eu_ES","og_type":"article","og_title":"BizkaiBira: HOACeko kideak alkartean ibiltari","og_description":"Casilda Garcia Urretako HOAC taldeko kidea izan zan BizkaiBirako lehenengo etapan ibilbideari hasiera emon eutsenetako bat.","og_url":"https:\/\/bizkeliza.org\/eu\/noticia\/bizkaibira-hoaceko-kideak-alkartean-ibiltari\/","og_site_name":"Bilboko Elizbarrutia - Di\u00f3cesis de Bilbao","article_publisher":"https:\/\/www.facebook.com\/DiocesisBilbao\/","article_published_time":"2025-07-15T04:00:00+00:00","article_modified_time":"2025-07-16T06:32:37+00:00","og_image":[{"width":2560,"height":1920,"url":"https:\/\/bizkeliza.org\/wp-content\/uploads\/2025\/07\/Hoac-Bizkaibira-recibimiento7julio2025-2-scaled.jpg","type":"image\/jpeg"}],"author":"bkareaga","twitter_card":"summary_large_image","twitter_creator":"@DiocesisBilbao","twitter_site":"@DiocesisBilbao","schema":{"@context":"https:\/\/schema.org","@graph":[{"@type":"Article","@id":"https:\/\/bizkeliza.org\/eu\/noticia\/bizkaibira-hoaceko-kideak-alkartean-ibiltari\/#article","isPartOf":{"@id":"https:\/\/bizkeliza.org\/eu\/noticia\/bizkaibira-hoaceko-kideak-alkartean-ibiltari\/"},"author":{"name":"bkareaga","@id":"https:\/\/bizkeliza.org\/eu\/#\/schema\/person\/1f27c53156256531056d48959c2f2008"},"headline":"BizkaiBira: HOACeko kideak alkartean ibiltari","datePublished":"2025-07-15T04:00:00+00:00","dateModified":"2025-07-16T06:32:37+00:00","mainEntityOfPage":{"@id":"https:\/\/bizkeliza.org\/eu\/noticia\/bizkaibira-hoaceko-kideak-alkartean-ibiltari\/"},"wordCount":888,"publisher":{"@id":"https:\/\/bizkeliza.org\/eu\/#organization"},"image":{"@id":"https:\/\/bizkeliza.org\/eu\/noticia\/bizkaibira-hoaceko-kideak-alkartean-ibiltari\/#primaryimage"},"thumbnailUrl":"https:\/\/bizkeliza.org\/wp-content\/uploads\/2025\/07\/Hoac-Bizkaibira-recibimiento7julio2025-2-scaled.jpg","keywords":["BizkaiBira"],"articleSection":["75. urteurrena","Lehenengo Orrialdea","Pastoral ekintza"],"inLanguage":"eu-ES"},{"@type":"WebPage","@id":"https:\/\/bizkeliza.org\/eu\/noticia\/bizkaibira-hoaceko-kideak-alkartean-ibiltari\/","url":"https:\/\/bizkeliza.org\/eu\/noticia\/bizkaibira-hoaceko-kideak-alkartean-ibiltari\/","name":"BizkaiBira: HOACeko kideak alkartean ibiltari","isPartOf":{"@id":"https:\/\/bizkeliza.org\/eu\/#website"},"primaryImageOfPage":{"@id":"https:\/\/bizkeliza.org\/eu\/noticia\/bizkaibira-hoaceko-kideak-alkartean-ibiltari\/#primaryimage"},"image":{"@id":"https:\/\/bizkeliza.org\/eu\/noticia\/bizkaibira-hoaceko-kideak-alkartean-ibiltari\/#primaryimage"},"thumbnailUrl":"https:\/\/bizkeliza.org\/wp-content\/uploads\/2025\/07\/Hoac-Bizkaibira-recibimiento7julio2025-2-scaled.jpg","datePublished":"2025-07-15T04:00:00+00:00","dateModified":"2025-07-16T06:32:37+00:00","description":"Casilda Garcia Urretako HOAC taldeko kidea izan zan BizkaiBirako lehenengo etapan ibilbideari hasiera emon eutsenetako bat.","breadcrumb":{"@id":"https:\/\/bizkeliza.org\/eu\/noticia\/bizkaibira-hoaceko-kideak-alkartean-ibiltari\/#breadcrumb"},"inLanguage":"eu-ES","potentialAction":[{"@type":"ReadAction","target":["https:\/\/bizkeliza.org\/eu\/noticia\/bizkaibira-hoaceko-kideak-alkartean-ibiltari\/"]}]},{"@type":"ImageObject","inLanguage":"eu-ES","@id":"https:\/\/bizkeliza.org\/eu\/noticia\/bizkaibira-hoaceko-kideak-alkartean-ibiltari\/#primaryimage","url":"https:\/\/bizkeliza.org\/wp-content\/uploads\/2025\/07\/Hoac-Bizkaibira-recibimiento7julio2025-2-scaled.jpg","contentUrl":"https:\/\/bizkeliza.org\/wp-content\/uploads\/2025\/07\/Hoac-Bizkaibira-recibimiento7julio2025-2-scaled.jpg","width":2560,"height":1920,"caption":"00000000"},{"@type":"BreadcrumbList","@id":"https:\/\/bizkeliza.org\/eu\/noticia\/bizkaibira-hoaceko-kideak-alkartean-ibiltari\/#breadcrumb","itemListElement":[{"@type":"ListItem","position":1,"name":"Portada","item":"https:\/\/bizkeliza.org\/eu\/"},{"@type":"ListItem","position":2,"name":"BizkaiBira: HOACeko kideak alkartean ibiltari"}]},{"@type":"WebSite","@id":"https:\/\/bizkeliza.org\/eu\/#website","url":"https:\/\/bizkeliza.org\/eu\/","name":"Bilboko Elizbarrutia - Di\u00f3cesis de Bilbao","description":"Di\u00f3cesis de Bilbao","publisher":{"@id":"https:\/\/bizkeliza.org\/eu\/#organization"},"alternateName":"Di\u00f3cesis de Bilbao","potentialAction":[{"@type":"SearchAction","target":{"@type":"EntryPoint","urlTemplate":"https:\/\/bizkeliza.org\/eu\/?s={search_term_string}"},"query-input":{"@type":"PropertyValueSpecification","valueRequired":true,"valueName":"search_term_string"}}],"inLanguage":"eu-ES"},{"@type":"Organization","@id":"https:\/\/bizkeliza.org\/eu\/#organization","name":"Di\u00f3cesis de Bilbao","alternateName":"Di\u00f3cesis de Bilbao","url":"https:\/\/bizkeliza.org\/eu\/","logo":{"@type":"ImageObject","inLanguage":"eu-ES","@id":"https:\/\/bizkeliza.org\/eu\/#\/schema\/logo\/image\/","url":"https:\/\/bizkeliza.org\/wp-content\/uploads\/2022\/06\/Logo-nuevo_2024-1-scaled.jpg","contentUrl":"https:\/\/bizkeliza.org\/wp-content\/uploads\/2022\/06\/Logo-nuevo_2024-1-scaled.jpg","width":2560,"height":1024,"caption":"Di\u00f3cesis de Bilbao"},"image":{"@id":"https:\/\/bizkeliza.org\/eu\/#\/schema\/logo\/image\/"},"sameAs":["https:\/\/www.facebook.com\/DiocesisBilbao\/","https:\/\/x.com\/DiocesisBilbao","https:\/\/www.instagram.com\/obispadobilbao\/","https:\/\/www.youtube.com\/user\/bilbokoelizbarrutia"],"description":"Iglesia local de Bilbao perteneciente a la Iglesia Cat\u00f3lica"},{"@type":"Person","@id":"https:\/\/bizkeliza.org\/eu\/#\/schema\/person\/1f27c53156256531056d48959c2f2008","name":"bkareaga"}]}},"jetpack_featured_media_url":"https:\/\/bizkeliza.org\/wp-content\/uploads\/2025\/07\/Hoac-Bizkaibira-recibimiento7julio2025-2-scaled.jpg","_links":{"self":[{"href":"https:\/\/bizkeliza.org\/eu\/wp-json\/wp\/v2\/posts\/169733","targetHints":{"allow":["GET"]}}],"collection":[{"href":"https:\/\/bizkeliza.org\/eu\/wp-json\/wp\/v2\/posts"}],"about":[{"href":"https:\/\/bizkeliza.org\/eu\/wp-json\/wp\/v2\/types\/post"}],"author":[{"embeddable":true,"href":"https:\/\/bizkeliza.org\/eu\/wp-json\/wp\/v2\/users\/20"}],"replies":[{"embeddable":true,"href":"https:\/\/bizkeliza.org\/eu\/wp-json\/wp\/v2\/comments?post=169733"}],"version-history":[{"count":0,"href":"https:\/\/bizkeliza.org\/eu\/wp-json\/wp\/v2\/posts\/169733\/revisions"}],"wp:featuredmedia":[{"embeddable":true,"href":"https:\/\/bizkeliza.org\/eu\/wp-json\/wp\/v2\/media\/169711"}],"wp:attachment":[{"href":"https:\/\/bizkeliza.org\/eu\/wp-json\/wp\/v2\/media?parent=169733"}],"wp:term":[{"taxonomy":"category","embeddable":true,"href":"https:\/\/bizkeliza.org\/eu\/wp-json\/wp\/v2\/categories?post=169733"},{"taxonomy":"post_tag","embeddable":true,"href":"https:\/\/bizkeliza.org\/eu\/wp-json\/wp\/v2\/tags?post=169733"}],"curies":[{"name":"wp","href":"https:\/\/api.w.org\/{rel}","templated":true}]}}