{"id":170173,"date":"2025-07-27T06:00:00","date_gmt":"2025-07-27T04:00:00","guid":{"rendered":"https:\/\/bizkeliza.org\/?p=170173"},"modified":"2025-07-24T10:05:35","modified_gmt":"2025-07-24T08:05:35","slug":"asteko-barrien-laburpena-14","status":"publish","type":"post","link":"https:\/\/bizkeliza.org\/eu\/noticia\/asteko-barrien-laburpena-14\/","title":{"rendered":"Asteko barrien laburpena"},"content":{"rendered":"\n<p>Komunikazinorako sailaren edukia.<\/p>\n\n<p><p>Kongregazino erlijiosoen inguruan <strong><a href=\"https:\/\/issuu.com\/barriatv\/docs\/alkarren_barri_313_ekaina-junio_\">\u00abComunicaci\u00f3n\/Alkarren Barri\u00bb<\/a><\/strong> aldizkariaren azken aleetan argitaratutakoak.\u00a0<\/p><\/p>\n\n<div style=\"position:relative;padding-top:max(60%,326px);height:0;width:100%\"><iframe allow=\"clipboard-write\" sandbox=\"allow-top-navigation allow-top-navigation-by-user-activation allow-downloads allow-scripts allow-same-origin allow-popups allow-modals allow-popups-to-escape-sandbox allow-forms\" allowfullscreen=\"true\" style=\"position:absolute;border:none;width:100%;height:100%;left:0;right:0;top:0;bottom:0;\" src=\"https:\/\/e.issuu.com\/embed.html?d=monogra_fico_confer_bizkaia&#038;u=barriatv\"><\/iframe><\/div><br\/>\n\n<h3 class=\"wp-block-heading\">&#8220;SanFran&#8221; uri-kolonia<\/h3>\n\n<p>&#8220;SanFran 2025&#8221; uri-kolonia eta lan-kanpamentua.<\/p>\n\n<p><p><strong>Caritas Bizkaiaren, monja pasiotarren<\/strong> eta <strong>jesuiten<\/strong> eskutik.\u00a0<\/p><\/p>\n\n<p><p>Norbere burua eta ingurua ezagutzea helburutzat hartuta.<\/p><\/p>\n\n<figure class=\"wp-block-gallery has-nested-images columns-default is-cropped wp-block-gallery-1 is-layout-flex wp-block-gallery-is-layout-flex\">\n<figure class=\"wp-block-image size-large\"><img decoding=\"async\" width=\"1024\" height=\"768\" data-id=\"169945\" src=\"https:\/\/bizkeliza.org\/wp-content\/uploads\/2025\/07\/WhatsApp-Image-2025-07-07-at-15.40.29-1-1024x768.jpeg\" alt=\"SanFran lan-kanpamentua\" class=\"wp-image-169945\" srcset=\"https:\/\/bizkeliza.org\/wp-content\/uploads\/2025\/07\/WhatsApp-Image-2025-07-07-at-15.40.29-1-980x735.jpeg 980w, https:\/\/bizkeliza.org\/wp-content\/uploads\/2025\/07\/WhatsApp-Image-2025-07-07-at-15.40.29-1-480x360.jpeg 480w\" sizes=\"(min-width: 0px) and (max-width: 480px) 480px, (min-width: 481px) and (max-width: 980px) 980px, (min-width: 981px) 1024px, 100vw\" \/><\/figure>\n\n\n\n<figure class=\"wp-block-image size-large\"><img decoding=\"async\" width=\"1024\" height=\"768\" data-id=\"169942\" src=\"https:\/\/bizkeliza.org\/wp-content\/uploads\/2025\/07\/IMG-20250713-WA0012-1024x768.jpg\" alt=\"SanFran lan-kanpamentua\" class=\"wp-image-169942\" srcset=\"https:\/\/bizkeliza.org\/wp-content\/uploads\/2025\/07\/IMG-20250713-WA0012-980x735.jpg 980w, https:\/\/bizkeliza.org\/wp-content\/uploads\/2025\/07\/IMG-20250713-WA0012-480x360.jpg 480w\" sizes=\"(min-width: 0px) and (max-width: 480px) 480px, (min-width: 481px) and (max-width: 980px) 980px, (min-width: 981px) 1024px, 100vw\" \/><\/figure>\n\n\n\n<figure class=\"wp-block-image size-large\"><img decoding=\"async\" width=\"720\" height=\"540\" data-id=\"169921\" src=\"https:\/\/bizkeliza.org\/wp-content\/uploads\/2025\/07\/521291205_18283259494284858_6293818703275561843_n.jpg\" alt=\"\" class=\"wp-image-169921\" srcset=\"https:\/\/bizkeliza.org\/wp-content\/uploads\/2025\/07\/521291205_18283259494284858_6293818703275561843_n.jpg 720w, https:\/\/bizkeliza.org\/wp-content\/uploads\/2025\/07\/521291205_18283259494284858_6293818703275561843_n-480x360.jpg 480w\" sizes=\"(min-width: 0px) and (max-width: 480px) 480px, (min-width: 481px) 720px, 100vw\" \/><figcaption class=\"wp-element-caption\">Francisco Beraskola dohatsuaren omenezko Eukaristia Gordexolan.<\/figcaption><\/figure>\n<\/figure>\n\n<h3 class=\"wp-block-heading\">Bizkaia isilik<\/h3>\n\n<p><p><b>Bizkaia isilik<\/b> bilkurak egin dira ohiko lekuetan eta orduan.<\/p><\/p>\n\n<p>Klima-aldaketaren eraginak gogoratu dabez.<\/p>\n\n<p>Hurrengo bilkura irailean izango da.<\/p>\n\n<h3 class=\"wp-block-heading\">Betiereko botoen profesa<\/h3>\n\n<p><p><strong>Sor Jackeline del Coraz\u00f3n de Jes\u00fas, Sor Eunice de la Asunci\u00f3n de la Virgen Mar\u00eda <\/strong>eta<strong> Sor Rosa de la Inmaculada Concepci\u00f3n<\/strong> kenyarrek betiereko botoen profesa egingo dabe <strong>Elorrioko Santa Ana monasterioan.<\/strong><\/p><\/p>\n\n<p><p>Eleizkizunean, <strong>Jesus Galdeano<\/strong> fraile domingotarra izango da buru.<\/p><\/p>\n\n<h3 class=\"wp-block-heading\">Erakusketa ibiltaria<\/h3>\n\n<p><p><b>&#8220;Oroitu, bizi, amestu&#8221;\u00a0<\/b>erakusketa, <strong>Markinan.<\/strong><\/p><\/p>\n\n<p><p>Eleizbarrutiaren 75 urteko historiako une gogoangarriak.<\/p><\/p>\n\n<h3 class=\"wp-block-heading\">Santiago<\/h3>\n\n<p><p><a href=\"https:\/\/www.youtube.com\/watch?v=sisfNGFWWNU\" target=\"_blank\" rel=\"noreferrer noopener\">Santiago eguneko mezaren zuzeneko emonaldia<\/a> Bilboko katedraletik.<\/p><\/p>\n\n<p><p><b>Bilboko<\/b> zaindariaren eguna.<\/p><\/p>\n\n<h3 class=\"wp-block-heading\">Goazen 2025<\/h3>\n\n<p><p>Zabalik da irailaren 27an Elorrion ospatuko dan <a href=\"https:\/\/forms.office.com\/e\/5X0Hxzqyv7\" target=\"_blank\" rel=\"noreferrer noopener\">&#8220;Goazen 2025&#8221; kurtsoari hasiera emoteko ekitaldian izena emoteko <\/a>epea.<\/p><\/p>\n\n<figure class=\"wp-block-image size-full is-resized\"><a href=\"https:\/\/forms.office.com\/e\/5X0Hxzqyv7\" target=\"_blank\" rel=\" noreferrer noopener\"><img decoding=\"async\" src=\"https:\/\/bizkeliza.org\/wp-content\/uploads\/2025\/07\/slider_Goazen_2025.webp\" alt=\"\" class=\"wp-image-170007\" style=\"width:823px;height:auto\"\/><\/a><figcaption class=\"wp-element-caption\"><p><a href=\"https:\/\/forms.office.com\/e\/5X0Hxzqyv7\" target=\"_blank\" rel=\"noreferrer noopener\">Emon izena irudian klik eginez.\u00a0<\/a><\/p><\/figcaption><\/figure>\n\n<h3 class=\"wp-block-heading\">Gazteen Jubileua<\/h3>\n\n<p><p>Uztailaren 28tik abuztuaren 3ra ospatuko da Erroman <a href=\"https:\/\/www.iubilaeum2025.va\/es\/pellegrinaggio\/calendario-giubileo\/GrandiEventi\/Giubileo-dei-Giovani.html\"><strong>Gazteen Jubileua. <\/strong><\/a><\/p><\/p>\n\n<p><p><b>On Joseba Segura<\/b> gotzainak be parte hartuko dau.<\/p><\/p>\n\n<p>Hauxe da Astekoak, asteko barrien laburpena<\/p>\n","protected":false},"excerpt":{"rendered":"<p>Komunikazinorako sailaren edukia. Kongregazino erlijiosoen inguruan \u00abComunicaci\u00f3n\/Alkarren Barri\u00bb aldizkariaren azken aleetan argitaratutakoak.\u00a0 &#8220;SanFran&#8221; uri-kolonia &#8220;SanFran 2025&#8221; uri-kolonia eta lan-kanpamentua. Caritas Bizkaiaren, monja pasiotarren eta jesuiten eskutik.\u00a0 Norbere burua eta ingurua ezagutzea helburutzat hartuta. Bizkaia isilik Bizkaia isilik bilkurak egin dira ohiko lekuetan eta orduan. Klima-aldaketaren eraginak gogoratu dabez. Hurrengo bilkura irailean izango da. Betiereko botoen [&hellip;]<\/p>\n","protected":false},"author":17,"featured_media":120743,"comment_status":"closed","ping_status":"closed","sticky":false,"template":"","format":"standard","meta":{"_acf_changed":false,"_et_pb_use_builder":"off","_et_pb_old_content":"","_et_gb_content_width":"","footnotes":""},"categories":[506],"tags":[562],"class_list":["post-170173","post","type-post","status-publish","format-standard","has-post-thumbnail","hentry","category-lehenengo-orrialdea","tag-komunikazinoa"],"acf":[],"yoast_head":"<!-- This site is optimized with the Yoast SEO Premium plugin v27.5 (Yoast SEO v27.5) - https:\/\/yoast.com\/product\/yoast-seo-premium-wordpress\/ -->\n<title>Asteko barrien laburpena _Astekoak<\/title>\n<meta name=\"description\" content=\"Astekoak, astean zehar bizkeliza.org webean argitaratutako barri nagusien ikus-entzunezko laburpena\" \/>\n<meta name=\"robots\" content=\"index, follow, max-snippet:-1, max-image-preview:large, max-video-preview:-1\" \/>\n<link rel=\"canonical\" href=\"https:\/\/bizkeliza.org\/eu\/noticia\/asteko-barrien-laburpena-14\/\" \/>\n<meta property=\"og:locale\" content=\"eu_ES\" \/>\n<meta property=\"og:type\" content=\"article\" \/>\n<meta property=\"og:title\" content=\"Asteko barrien laburpena\" \/>\n<meta property=\"og:description\" content=\"Astekoak, astean zehar bizkeliza.org webean argitaratutako barri nagusien ikus-entzunezko laburpena\" \/>\n<meta property=\"og:url\" content=\"https:\/\/bizkeliza.org\/eu\/noticia\/asteko-barrien-laburpena-14\/\" \/>\n<meta property=\"og:site_name\" content=\"Bilboko Elizbarrutia - Di\u00f3cesis de Bilbao\" \/>\n<meta property=\"article:publisher\" content=\"https:\/\/www.facebook.com\/DiocesisBilbao\/\" \/>\n<meta property=\"article:published_time\" content=\"2025-07-27T04:00:00+00:00\" \/>\n<meta property=\"og:image\" content=\"https:\/\/bizkeliza.org\/wp-content\/uploads\/Astekoak-2024-portada.jpg\" \/>\n\t<meta property=\"og:image:width\" content=\"1920\" \/>\n\t<meta property=\"og:image:height\" content=\"1080\" \/>\n\t<meta property=\"og:image:type\" content=\"image\/jpeg\" \/>\n<meta name=\"author\" content=\"fgorrotxategi\" \/>\n<meta name=\"twitter:card\" content=\"summary_large_image\" \/>\n<meta name=\"twitter:creator\" content=\"@DiocesisBilbao\" \/>\n<meta name=\"twitter:site\" content=\"@DiocesisBilbao\" \/>\n<script type=\"application\/ld+json\" class=\"yoast-schema-graph\">{\"@context\":\"https:\\\/\\\/schema.org\",\"@graph\":[{\"@type\":\"Article\",\"@id\":\"https:\\\/\\\/bizkeliza.org\\\/eu\\\/noticia\\\/asteko-barrien-laburpena-14\\\/#article\",\"isPartOf\":{\"@id\":\"https:\\\/\\\/bizkeliza.org\\\/eu\\\/noticia\\\/asteko-barrien-laburpena-14\\\/\"},\"author\":{\"name\":\"fgorrotxategi\",\"@id\":\"https:\\\/\\\/bizkeliza.org\\\/eu\\\/#\\\/schema\\\/person\\\/efc30fc869f080a68b97dda57c8f400c\"},\"headline\":\"Asteko barrien laburpena\",\"datePublished\":\"2025-07-27T04:00:00+00:00\",\"mainEntityOfPage\":{\"@id\":\"https:\\\/\\\/bizkeliza.org\\\/eu\\\/noticia\\\/asteko-barrien-laburpena-14\\\/\"},\"wordCount\":180,\"publisher\":{\"@id\":\"https:\\\/\\\/bizkeliza.org\\\/eu\\\/#organization\"},\"image\":{\"@id\":\"https:\\\/\\\/bizkeliza.org\\\/eu\\\/noticia\\\/asteko-barrien-laburpena-14\\\/#primaryimage\"},\"thumbnailUrl\":\"https:\\\/\\\/bizkeliza.org\\\/wp-content\\\/uploads\\\/Astekoak-2024-portada.jpg\",\"keywords\":[\"Komunikazinoa\"],\"articleSection\":[\"Lehenengo Orrialdea\"],\"inLanguage\":\"eu-ES\"},{\"@type\":\"WebPage\",\"@id\":\"https:\\\/\\\/bizkeliza.org\\\/eu\\\/noticia\\\/asteko-barrien-laburpena-14\\\/\",\"url\":\"https:\\\/\\\/bizkeliza.org\\\/eu\\\/noticia\\\/asteko-barrien-laburpena-14\\\/\",\"name\":\"Asteko barrien laburpena _Astekoak\",\"isPartOf\":{\"@id\":\"https:\\\/\\\/bizkeliza.org\\\/eu\\\/#website\"},\"primaryImageOfPage\":{\"@id\":\"https:\\\/\\\/bizkeliza.org\\\/eu\\\/noticia\\\/asteko-barrien-laburpena-14\\\/#primaryimage\"},\"image\":{\"@id\":\"https:\\\/\\\/bizkeliza.org\\\/eu\\\/noticia\\\/asteko-barrien-laburpena-14\\\/#primaryimage\"},\"thumbnailUrl\":\"https:\\\/\\\/bizkeliza.org\\\/wp-content\\\/uploads\\\/Astekoak-2024-portada.jpg\",\"datePublished\":\"2025-07-27T04:00:00+00:00\",\"description\":\"Astekoak, astean zehar bizkeliza.org webean argitaratutako barri nagusien ikus-entzunezko laburpena\",\"breadcrumb\":{\"@id\":\"https:\\\/\\\/bizkeliza.org\\\/eu\\\/noticia\\\/asteko-barrien-laburpena-14\\\/#breadcrumb\"},\"inLanguage\":\"eu-ES\",\"potentialAction\":[{\"@type\":\"ReadAction\",\"target\":[\"https:\\\/\\\/bizkeliza.org\\\/eu\\\/noticia\\\/asteko-barrien-laburpena-14\\\/\"]}]},{\"@type\":\"ImageObject\",\"inLanguage\":\"eu-ES\",\"@id\":\"https:\\\/\\\/bizkeliza.org\\\/eu\\\/noticia\\\/asteko-barrien-laburpena-14\\\/#primaryimage\",\"url\":\"https:\\\/\\\/bizkeliza.org\\\/wp-content\\\/uploads\\\/Astekoak-2024-portada.jpg\",\"contentUrl\":\"https:\\\/\\\/bizkeliza.org\\\/wp-content\\\/uploads\\\/Astekoak-2024-portada.jpg\",\"width\":1920,\"height\":1080},{\"@type\":\"BreadcrumbList\",\"@id\":\"https:\\\/\\\/bizkeliza.org\\\/eu\\\/noticia\\\/asteko-barrien-laburpena-14\\\/#breadcrumb\",\"itemListElement\":[{\"@type\":\"ListItem\",\"position\":1,\"name\":\"Portada\",\"item\":\"https:\\\/\\\/bizkeliza.org\\\/eu\\\/\"},{\"@type\":\"ListItem\",\"position\":2,\"name\":\"Asteko barrien laburpena\"}]},{\"@type\":\"WebSite\",\"@id\":\"https:\\\/\\\/bizkeliza.org\\\/eu\\\/#website\",\"url\":\"https:\\\/\\\/bizkeliza.org\\\/eu\\\/\",\"name\":\"Bilboko Elizbarrutia - Di\u00f3cesis de Bilbao\",\"description\":\"Di\u00f3cesis de Bilbao\",\"publisher\":{\"@id\":\"https:\\\/\\\/bizkeliza.org\\\/eu\\\/#organization\"},\"alternateName\":\"Di\u00f3cesis de Bilbao\",\"potentialAction\":[{\"@type\":\"SearchAction\",\"target\":{\"@type\":\"EntryPoint\",\"urlTemplate\":\"https:\\\/\\\/bizkeliza.org\\\/eu\\\/?s={search_term_string}\"},\"query-input\":{\"@type\":\"PropertyValueSpecification\",\"valueRequired\":true,\"valueName\":\"search_term_string\"}}],\"inLanguage\":\"eu-ES\"},{\"@type\":\"Organization\",\"@id\":\"https:\\\/\\\/bizkeliza.org\\\/eu\\\/#organization\",\"name\":\"Di\u00f3cesis de Bilbao\",\"alternateName\":\"Di\u00f3cesis de Bilbao\",\"url\":\"https:\\\/\\\/bizkeliza.org\\\/eu\\\/\",\"logo\":{\"@type\":\"ImageObject\",\"inLanguage\":\"eu-ES\",\"@id\":\"https:\\\/\\\/bizkeliza.org\\\/eu\\\/#\\\/schema\\\/logo\\\/image\\\/\",\"url\":\"https:\\\/\\\/bizkeliza.org\\\/wp-content\\\/uploads\\\/2022\\\/06\\\/Logo-nuevo_2024-1-scaled.jpg\",\"contentUrl\":\"https:\\\/\\\/bizkeliza.org\\\/wp-content\\\/uploads\\\/2022\\\/06\\\/Logo-nuevo_2024-1-scaled.jpg\",\"width\":2560,\"height\":1024,\"caption\":\"Di\u00f3cesis de Bilbao\"},\"image\":{\"@id\":\"https:\\\/\\\/bizkeliza.org\\\/eu\\\/#\\\/schema\\\/logo\\\/image\\\/\"},\"sameAs\":[\"https:\\\/\\\/www.facebook.com\\\/DiocesisBilbao\\\/\",\"https:\\\/\\\/x.com\\\/DiocesisBilbao\",\"https:\\\/\\\/www.instagram.com\\\/obispadobilbao\\\/\",\"https:\\\/\\\/www.youtube.com\\\/user\\\/bilbokoelizbarrutia\"],\"description\":\"Iglesia local de Bilbao perteneciente a la Iglesia Cat\u00f3lica\"},{\"@type\":\"Person\",\"@id\":\"https:\\\/\\\/bizkeliza.org\\\/eu\\\/#\\\/schema\\\/person\\\/efc30fc869f080a68b97dda57c8f400c\",\"name\":\"fgorrotxategi\"}]}<\/script>\n<!-- \/ Yoast SEO Premium plugin. -->","yoast_head_json":{"title":"Asteko barrien laburpena _Astekoak","description":"Astekoak, astean zehar bizkeliza.org webean argitaratutako barri nagusien ikus-entzunezko laburpena","robots":{"index":"index","follow":"follow","max-snippet":"max-snippet:-1","max-image-preview":"max-image-preview:large","max-video-preview":"max-video-preview:-1"},"canonical":"https:\/\/bizkeliza.org\/eu\/noticia\/asteko-barrien-laburpena-14\/","og_locale":"eu_ES","og_type":"article","og_title":"Asteko barrien laburpena","og_description":"Astekoak, astean zehar bizkeliza.org webean argitaratutako barri nagusien ikus-entzunezko laburpena","og_url":"https:\/\/bizkeliza.org\/eu\/noticia\/asteko-barrien-laburpena-14\/","og_site_name":"Bilboko Elizbarrutia - Di\u00f3cesis de Bilbao","article_publisher":"https:\/\/www.facebook.com\/DiocesisBilbao\/","article_published_time":"2025-07-27T04:00:00+00:00","og_image":[{"width":1920,"height":1080,"url":"https:\/\/bizkeliza.org\/wp-content\/uploads\/Astekoak-2024-portada.jpg","type":"image\/jpeg"}],"author":"fgorrotxategi","twitter_card":"summary_large_image","twitter_creator":"@DiocesisBilbao","twitter_site":"@DiocesisBilbao","schema":{"@context":"https:\/\/schema.org","@graph":[{"@type":"Article","@id":"https:\/\/bizkeliza.org\/eu\/noticia\/asteko-barrien-laburpena-14\/#article","isPartOf":{"@id":"https:\/\/bizkeliza.org\/eu\/noticia\/asteko-barrien-laburpena-14\/"},"author":{"name":"fgorrotxategi","@id":"https:\/\/bizkeliza.org\/eu\/#\/schema\/person\/efc30fc869f080a68b97dda57c8f400c"},"headline":"Asteko barrien laburpena","datePublished":"2025-07-27T04:00:00+00:00","mainEntityOfPage":{"@id":"https:\/\/bizkeliza.org\/eu\/noticia\/asteko-barrien-laburpena-14\/"},"wordCount":180,"publisher":{"@id":"https:\/\/bizkeliza.org\/eu\/#organization"},"image":{"@id":"https:\/\/bizkeliza.org\/eu\/noticia\/asteko-barrien-laburpena-14\/#primaryimage"},"thumbnailUrl":"https:\/\/bizkeliza.org\/wp-content\/uploads\/Astekoak-2024-portada.jpg","keywords":["Komunikazinoa"],"articleSection":["Lehenengo Orrialdea"],"inLanguage":"eu-ES"},{"@type":"WebPage","@id":"https:\/\/bizkeliza.org\/eu\/noticia\/asteko-barrien-laburpena-14\/","url":"https:\/\/bizkeliza.org\/eu\/noticia\/asteko-barrien-laburpena-14\/","name":"Asteko barrien laburpena _Astekoak","isPartOf":{"@id":"https:\/\/bizkeliza.org\/eu\/#website"},"primaryImageOfPage":{"@id":"https:\/\/bizkeliza.org\/eu\/noticia\/asteko-barrien-laburpena-14\/#primaryimage"},"image":{"@id":"https:\/\/bizkeliza.org\/eu\/noticia\/asteko-barrien-laburpena-14\/#primaryimage"},"thumbnailUrl":"https:\/\/bizkeliza.org\/wp-content\/uploads\/Astekoak-2024-portada.jpg","datePublished":"2025-07-27T04:00:00+00:00","description":"Astekoak, astean zehar bizkeliza.org webean argitaratutako barri nagusien ikus-entzunezko laburpena","breadcrumb":{"@id":"https:\/\/bizkeliza.org\/eu\/noticia\/asteko-barrien-laburpena-14\/#breadcrumb"},"inLanguage":"eu-ES","potentialAction":[{"@type":"ReadAction","target":["https:\/\/bizkeliza.org\/eu\/noticia\/asteko-barrien-laburpena-14\/"]}]},{"@type":"ImageObject","inLanguage":"eu-ES","@id":"https:\/\/bizkeliza.org\/eu\/noticia\/asteko-barrien-laburpena-14\/#primaryimage","url":"https:\/\/bizkeliza.org\/wp-content\/uploads\/Astekoak-2024-portada.jpg","contentUrl":"https:\/\/bizkeliza.org\/wp-content\/uploads\/Astekoak-2024-portada.jpg","width":1920,"height":1080},{"@type":"BreadcrumbList","@id":"https:\/\/bizkeliza.org\/eu\/noticia\/asteko-barrien-laburpena-14\/#breadcrumb","itemListElement":[{"@type":"ListItem","position":1,"name":"Portada","item":"https:\/\/bizkeliza.org\/eu\/"},{"@type":"ListItem","position":2,"name":"Asteko barrien laburpena"}]},{"@type":"WebSite","@id":"https:\/\/bizkeliza.org\/eu\/#website","url":"https:\/\/bizkeliza.org\/eu\/","name":"Bilboko Elizbarrutia - Di\u00f3cesis de Bilbao","description":"Di\u00f3cesis de Bilbao","publisher":{"@id":"https:\/\/bizkeliza.org\/eu\/#organization"},"alternateName":"Di\u00f3cesis de Bilbao","potentialAction":[{"@type":"SearchAction","target":{"@type":"EntryPoint","urlTemplate":"https:\/\/bizkeliza.org\/eu\/?s={search_term_string}"},"query-input":{"@type":"PropertyValueSpecification","valueRequired":true,"valueName":"search_term_string"}}],"inLanguage":"eu-ES"},{"@type":"Organization","@id":"https:\/\/bizkeliza.org\/eu\/#organization","name":"Di\u00f3cesis de Bilbao","alternateName":"Di\u00f3cesis de Bilbao","url":"https:\/\/bizkeliza.org\/eu\/","logo":{"@type":"ImageObject","inLanguage":"eu-ES","@id":"https:\/\/bizkeliza.org\/eu\/#\/schema\/logo\/image\/","url":"https:\/\/bizkeliza.org\/wp-content\/uploads\/2022\/06\/Logo-nuevo_2024-1-scaled.jpg","contentUrl":"https:\/\/bizkeliza.org\/wp-content\/uploads\/2022\/06\/Logo-nuevo_2024-1-scaled.jpg","width":2560,"height":1024,"caption":"Di\u00f3cesis de Bilbao"},"image":{"@id":"https:\/\/bizkeliza.org\/eu\/#\/schema\/logo\/image\/"},"sameAs":["https:\/\/www.facebook.com\/DiocesisBilbao\/","https:\/\/x.com\/DiocesisBilbao","https:\/\/www.instagram.com\/obispadobilbao\/","https:\/\/www.youtube.com\/user\/bilbokoelizbarrutia"],"description":"Iglesia local de Bilbao perteneciente a la Iglesia Cat\u00f3lica"},{"@type":"Person","@id":"https:\/\/bizkeliza.org\/eu\/#\/schema\/person\/efc30fc869f080a68b97dda57c8f400c","name":"fgorrotxategi"}]}},"jetpack_featured_media_url":"https:\/\/bizkeliza.org\/wp-content\/uploads\/Astekoak-2024-portada.jpg","_links":{"self":[{"href":"https:\/\/bizkeliza.org\/eu\/wp-json\/wp\/v2\/posts\/170173","targetHints":{"allow":["GET"]}}],"collection":[{"href":"https:\/\/bizkeliza.org\/eu\/wp-json\/wp\/v2\/posts"}],"about":[{"href":"https:\/\/bizkeliza.org\/eu\/wp-json\/wp\/v2\/types\/post"}],"author":[{"embeddable":true,"href":"https:\/\/bizkeliza.org\/eu\/wp-json\/wp\/v2\/users\/17"}],"replies":[{"embeddable":true,"href":"https:\/\/bizkeliza.org\/eu\/wp-json\/wp\/v2\/comments?post=170173"}],"version-history":[{"count":0,"href":"https:\/\/bizkeliza.org\/eu\/wp-json\/wp\/v2\/posts\/170173\/revisions"}],"wp:featuredmedia":[{"embeddable":true,"href":"https:\/\/bizkeliza.org\/eu\/wp-json\/wp\/v2\/media\/120743"}],"wp:attachment":[{"href":"https:\/\/bizkeliza.org\/eu\/wp-json\/wp\/v2\/media?parent=170173"}],"wp:term":[{"taxonomy":"category","embeddable":true,"href":"https:\/\/bizkeliza.org\/eu\/wp-json\/wp\/v2\/categories?post=170173"},{"taxonomy":"post_tag","embeddable":true,"href":"https:\/\/bizkeliza.org\/eu\/wp-json\/wp\/v2\/tags?post=170173"}],"curies":[{"name":"wp","href":"https:\/\/api.w.org\/{rel}","templated":true}]}}