{"id":172153,"date":"2025-09-05T06:00:00","date_gmt":"2025-09-05T04:00:00","guid":{"rendered":"https:\/\/bizkeliza.org\/noticia\/bihar-ekitaldi-berezia-amatxuren-koroatzearen-125-urteurrena-dala-eta\/"},"modified":"2025-09-05T09:11:41","modified_gmt":"2025-09-05T07:11:41","slug":"bihar-ekitaldi-berezia-amatxuren-koroatzearen-125-urteurrena-dala-eta","status":"publish","type":"post","link":"https:\/\/bizkeliza.org\/eu\/noticia\/bihar-ekitaldi-berezia-amatxuren-koroatzearen-125-urteurrena-dala-eta\/","title":{"rendered":"Bihar, ekitaldi berezia Amatxuren koroatzearen 125. urteurrena dala-eta"},"content":{"rendered":"\n<p><p><strong>Eukaristia bi<\/strong> ospatuko dira koroatzearen 125. urteurrenean: <strong>bihar,<\/strong> eta <strong>irailaren 8an, astelehenez.<\/strong> Eleizkizun biak <strong>19:00etan<\/strong> izango dira.<\/p><\/p>\n\n<p><p>Bihar basilikan ospatuko dan mezako oferorioan, <strong>lore-eskaintza<\/strong> egingo jako Amatxuri, Bego\u00f1ako kofradiak antolatuta eta eleiztarrek eta taldeek loreak eroango dabez altara ingurura.<\/p><\/p>\n\n<p><p>Eukaristiari amaiera emoteko, <strong>erregina-makila dauan Bego\u00f1ako Andra Mariaren irudiari eskumuinak<\/strong> egingo jakoz. Irudi hau beren-beregi jarri dabe santutegian, eskultura <strong>ez dago-eta ikusgai.<\/strong><\/p><\/p>\n\n<p><p>Urteeran, Bego\u00f1ako Kofradiak koroatze <strong>kanonikoaren 125. urteurrenaren oroitzapenezko estanpak<\/strong> banatuko ditu.<\/p><\/p>\n\n<h3 class=\"wp-block-heading\">Historia<\/h3>\n\n<p><p><strong>1900eko irailaren 8an,<\/strong> Andra Mariaren koroatzea gertaera gogoangarria izan zan santutegiaren eta Bizkaiaren historian. Urte horretan, bederatzi egunez, Bizkaiko herri guztietako fededunak erromes joan ziran lore eta zutoihalak eskuetan, Ama Birjinari euren jaiera agertzeko,<strong> irailaren 8an,<\/strong> santutegiaren atarian <strong>Andra Mariaren koroatzeagaz<\/strong> burutu zan bederatziurrenean. Koroatu ondoren, <strong>erromesaldian<\/strong> jatsi ziran <strong>Bilbora<\/strong> eta kalez kale ibili.\u00a0<\/p><\/p>\n\n<p><p><strong>Luis Anduiza eta Goicoechea<\/strong> bertako urregileak egin ebazan koroak eta umearen makila. Pieza bi honeek dira\u00a0<em>&#8220;etxe honek egindako lanik bikainenetakoak&#8221;.<\/em><\/p><\/p>\n\n<h3 class=\"wp-block-heading\">Unamuno, eta baita Benito Perez Galdoz, koadroan<\/h3>\n\n<p><p>Sasoi horretako parrokoak orain dala 125 urte egin zan ekitaldia irudikatzeko mihisea egiteko agindu eban. Orduan Italian bizi zan <strong>Jose Ignacio Luis Echenagusiak, &#8220;Echena&#8221;<\/strong> goitizenaz ezagutzen zanak, egin eban lana. Sasoiko argazkiez baliatu zan ekitaldia irudikatzeko. Urte biren buruan amaitu eban artistak gaur egun basilikan ikusgai dan margolana.<\/p><\/p>\n\n<p><p><strong>Enrique Franco<\/strong> basilikako sakristauak margolanean irudikatuta dagozan pertsonaien azterketa xehatua egiten dihardu eta, besteak beste, Unamuno eta, seguruenik, Benito Perez Galdos agertzen dira.<\/p><\/p>\n\n<p><p>Bada bitxikeria bat aitatzeko: sasoiko agintari guztiak lepoa emonda dagozala. <strong>Francok<\/strong> azaldu dauanez, margotu zan sasoian bizi eben egoera asaldatuaren eragina izango da: &#8220;<strong><em>En 1903, cuando nombraron Patrona de Bizkaia a la Virgen de Bego\u00f1a en las Juntas Generales, se organizaron festejos y peregrinaciones desde todos los puntos de Bizkaia. Pero, en Bilbao en aqu\u00e9l momento estaban los ultra liberales y decidieron no festejarlo. Los m\u00e1s cat\u00f3licos organizaron una procesi\u00f3n a Bego\u00f1a. En esos d\u00edas hubo algunas revueltas de mineros de la margen izquierda. En un enfrentamiento muri\u00f3 el jardinero de la Universidad de Deusto que participaba en la procesi\u00f3n. Esto da cuenta de la situaci\u00f3n social de la \u00e9poca. Probablemente, todas esas tensiones ya exist\u00edan cuando se pint\u00f3 este <strong>cuadro<\/strong>&#8220;.<\/em><\/strong><\/p><\/p>\n\n<p>Astelehenez, irailak 8, historia oso gustuko dauan Enriquek azalpenak emongo ditu mihisearen inguruan basilikan, 18:00etan.<\/p>\n\n<figure class=\"wp-block-image size-full\"><img decoding=\"async\" width=\"800\" height=\"600\" src=\"https:\/\/bizkeliza.org\/wp-content\/uploads\/Enrique-sacristan-Begona.jpg\" alt=\"Bego&#xF1;ako Andra Mariaren koroatzearen koadroa\" class=\"wp-image-41454\" srcset=\"https:\/\/bizkeliza.org\/wp-content\/uploads\/Enrique-sacristan-Begona.jpg 800w, https:\/\/bizkeliza.org\/wp-content\/uploads\/Enrique-sacristan-Begona-480x360.jpg 480w\" sizes=\"(min-width: 0px) and (max-width: 480px) 480px, (min-width: 481px) 800px, 100vw\" \/><figcaption class=\"wp-element-caption\">Enrique Franco basilikako sakristauak oso gustuko dau historia<\/figcaption><\/figure>\n\n<figure class=\"wp-block-embed is-type-wp-embed is-provider-bilboko-elizbarrutia-di-cesis-de-bilbao wp-block-embed-bilboko-elizbarrutia-di-cesis-de-bilbao\">\r\n<div class=\"wp-block-embed__wrapper\">https:\/\/bizkeliza.org\/noticia\/la-sorprendente-intrahistoria-del-cuadro-de-la-coronacion-de-la-amatxu\/<\/div>\r\n<\/figure>\n\n<p><p>\u00a0<\/p><\/p>\n\n<h3 class=\"wp-block-heading\">Koroatzearen agiri ofiziala, eleizbarrutiko artxiboan<\/h3>\n\n<p><p>Eleizbarrutiko artxiboan (AHEB-BEHA) <a href=\"http:\/\/internet.aheb-beha.org\/paginas\/catalogacion\/n_ficha_catalogo.php?id_catalogo=20203\">Bego\u00f1ako Andra Mari<\/a> parrokiaren agiriak jasoten dira, besteak beste, koroatze-eguneko jatorrizko agiria.\u00a0<\/p><\/p>\n\n<figure class=\"wp-block-image size-large\"><img decoding=\"async\" width=\"691\" height=\"1024\" src=\"https:\/\/bizkeliza.org\/wp-content\/uploads\/2025\/09\/50a_132800600-0001-691x1024.jpg\" alt=\"\" class=\"wp-image-172057\"\/><\/figure>\n\n<p><p><em>Vatikanoaren baimena Bego\u00f1ako Andra Mariaren koroatzerako, Erroman emonda, 1900eko maiatzaren 2an.<\/em><\/p><\/p>\n\n<p>Bego\u00f1ako Andra Mariaren agiria (Bilbao &#8211; Bego\u00f1a)<\/p>\n\n<p>(AHEB-BEHA)<\/p>\n\n<p><p>Aitatutako agiriagaz batera, eta gai berari lotuta, <strong>38 agiri<\/strong> aurkitu daitekez Bizkaiko Eleizaren Historia Artxiboan. Koroatzearen, ospakizunen eta erromesaldiaren inguruan batzorde antolatzaileak egindako agirien kopien liburuak, Erromara bialdutako gauzakien inbentarioa, diru- eta bitxi-dohaintzak eta ekitaldiaren antolakuntzatik eratorritako beste hainbat kontu, koroatzearen omenezko koadroa edo oroitzapenezko ereserkia, besteak beste.<\/p><\/p>\n\n<p><p>\u00a0<\/p><br\/><p>\u00a0<\/p><\/p>\n","protected":false},"excerpt":{"rendered":"<p>Eukaristia bi ospatuko dira koroatzearen 125. urteurrenean: bihar, eta irailaren 8an, astelehenez. Eleizkizun biak 19:00etan izango dira. Bihar basilikan ospatuko dan mezako oferorioan, lore-eskaintza egingo jako Amatxuri, Bego\u00f1ako kofradiak antolatuta eta eleiztarrek eta taldeek loreak eroango dabez altara ingurura. Eukaristiari amaiera emoteko, erregina-makila dauan Bego\u00f1ako Andra Mariaren irudiari eskumuinak egingo jakoz. Irudi hau beren-beregi jarri [&hellip;]<\/p>\n","protected":false},"author":19,"featured_media":41455,"comment_status":"closed","ping_status":"closed","sticky":false,"template":"","format":"standard","meta":{"_acf_changed":false,"_et_pb_use_builder":"off","_et_pb_old_content":"","_et_gb_content_width":"","footnotes":""},"categories":[506],"tags":[517,534],"class_list":["post-172153","post","type-post","status-publish","format-standard","has-post-thumbnail","hentry","category-lehenengo-orrialdea","tag-amatxu-eu","tag-begona-eu"],"acf":[],"yoast_head":"<!-- This site is optimized with the Yoast SEO Premium plugin v27.5 (Yoast SEO v27.5) - https:\/\/yoast.com\/product\/yoast-seo-premium-wordpress\/ -->\n<title>Bihar, ekitaldi berezia Amatxuren koroatzearen 125. urteurrena dala-eta<\/title>\n<meta name=\"description\" content=\"Bihar beteko dira 125 urte Bego\u00f1ako Ama Birjina koroatu ebenetik. Egun aitagarri horretan, ospakizun berezia egingo da\" \/>\n<meta name=\"robots\" content=\"index, follow, max-snippet:-1, max-image-preview:large, max-video-preview:-1\" \/>\n<link rel=\"canonical\" href=\"https:\/\/bizkeliza.org\/eu\/noticia\/bihar-ekitaldi-berezia-amatxuren-koroatzearen-125-urteurrena-dala-eta\/\" \/>\n<meta property=\"og:locale\" content=\"eu_ES\" \/>\n<meta property=\"og:type\" content=\"article\" \/>\n<meta property=\"og:title\" content=\"Bihar, ekitaldi berezia Amatxuren koroatzearen 125. urteurrena dala-eta\" \/>\n<meta property=\"og:description\" content=\"Bihar beteko dira 125 urte Bego\u00f1ako Ama Birjina koroatu ebenetik. Egun aitagarri horretan, ospakizun berezia egingo da\" \/>\n<meta property=\"og:url\" content=\"https:\/\/bizkeliza.org\/eu\/noticia\/bihar-ekitaldi-berezia-amatxuren-koroatzearen-125-urteurrena-dala-eta\/\" \/>\n<meta property=\"og:site_name\" content=\"Bilboko Elizbarrutia - Di\u00f3cesis de Bilbao\" \/>\n<meta property=\"article:publisher\" content=\"https:\/\/www.facebook.com\/DiocesisBilbao\/\" \/>\n<meta property=\"article:published_time\" content=\"2025-09-05T04:00:00+00:00\" \/>\n<meta property=\"article:modified_time\" content=\"2025-09-05T07:11:41+00:00\" \/>\n<meta property=\"og:image\" content=\"https:\/\/bizkeliza.org\/wp-content\/uploads\/Enrique-sacristan-Begona.jpg\" \/>\n\t<meta property=\"og:image:width\" content=\"800\" \/>\n\t<meta property=\"og:image:height\" content=\"600\" \/>\n\t<meta property=\"og:image:type\" content=\"image\/jpeg\" \/>\n<meta name=\"author\" content=\"dalberdi\" \/>\n<meta name=\"twitter:card\" content=\"summary_large_image\" \/>\n<meta name=\"twitter:creator\" content=\"@DiocesisBilbao\" \/>\n<meta name=\"twitter:site\" content=\"@DiocesisBilbao\" \/>\n<script type=\"application\/ld+json\" class=\"yoast-schema-graph\">{\"@context\":\"https:\\\/\\\/schema.org\",\"@graph\":[{\"@type\":\"Article\",\"@id\":\"https:\\\/\\\/bizkeliza.org\\\/eu\\\/noticia\\\/bihar-ekitaldi-berezia-amatxuren-koroatzearen-125-urteurrena-dala-eta\\\/#article\",\"isPartOf\":{\"@id\":\"https:\\\/\\\/bizkeliza.org\\\/eu\\\/noticia\\\/bihar-ekitaldi-berezia-amatxuren-koroatzearen-125-urteurrena-dala-eta\\\/\"},\"author\":{\"name\":\"dalberdi\",\"@id\":\"https:\\\/\\\/bizkeliza.org\\\/eu\\\/#\\\/schema\\\/person\\\/acc5e302cb1997bd56026a6980544228\"},\"headline\":\"Bihar, ekitaldi berezia Amatxuren koroatzearen 125. urteurrena dala-eta\",\"datePublished\":\"2025-09-05T04:00:00+00:00\",\"dateModified\":\"2025-09-05T07:11:41+00:00\",\"mainEntityOfPage\":{\"@id\":\"https:\\\/\\\/bizkeliza.org\\\/eu\\\/noticia\\\/bihar-ekitaldi-berezia-amatxuren-koroatzearen-125-urteurrena-dala-eta\\\/\"},\"wordCount\":480,\"publisher\":{\"@id\":\"https:\\\/\\\/bizkeliza.org\\\/eu\\\/#organization\"},\"image\":{\"@id\":\"https:\\\/\\\/bizkeliza.org\\\/eu\\\/noticia\\\/bihar-ekitaldi-berezia-amatxuren-koroatzearen-125-urteurrena-dala-eta\\\/#primaryimage\"},\"thumbnailUrl\":\"https:\\\/\\\/bizkeliza.org\\\/wp-content\\\/uploads\\\/Enrique-sacristan-Begona.jpg\",\"keywords\":[\"Amatxu\",\"Bego\u00f1a\"],\"articleSection\":[\"Lehenengo Orrialdea\"],\"inLanguage\":\"eu-ES\"},{\"@type\":\"WebPage\",\"@id\":\"https:\\\/\\\/bizkeliza.org\\\/eu\\\/noticia\\\/bihar-ekitaldi-berezia-amatxuren-koroatzearen-125-urteurrena-dala-eta\\\/\",\"url\":\"https:\\\/\\\/bizkeliza.org\\\/eu\\\/noticia\\\/bihar-ekitaldi-berezia-amatxuren-koroatzearen-125-urteurrena-dala-eta\\\/\",\"name\":\"Bihar, ekitaldi berezia Amatxuren koroatzearen 125. urteurrena dala-eta\",\"isPartOf\":{\"@id\":\"https:\\\/\\\/bizkeliza.org\\\/eu\\\/#website\"},\"primaryImageOfPage\":{\"@id\":\"https:\\\/\\\/bizkeliza.org\\\/eu\\\/noticia\\\/bihar-ekitaldi-berezia-amatxuren-koroatzearen-125-urteurrena-dala-eta\\\/#primaryimage\"},\"image\":{\"@id\":\"https:\\\/\\\/bizkeliza.org\\\/eu\\\/noticia\\\/bihar-ekitaldi-berezia-amatxuren-koroatzearen-125-urteurrena-dala-eta\\\/#primaryimage\"},\"thumbnailUrl\":\"https:\\\/\\\/bizkeliza.org\\\/wp-content\\\/uploads\\\/Enrique-sacristan-Begona.jpg\",\"datePublished\":\"2025-09-05T04:00:00+00:00\",\"dateModified\":\"2025-09-05T07:11:41+00:00\",\"description\":\"Bihar beteko dira 125 urte Bego\u00f1ako Ama Birjina koroatu ebenetik. Egun aitagarri horretan, ospakizun berezia egingo da\",\"breadcrumb\":{\"@id\":\"https:\\\/\\\/bizkeliza.org\\\/eu\\\/noticia\\\/bihar-ekitaldi-berezia-amatxuren-koroatzearen-125-urteurrena-dala-eta\\\/#breadcrumb\"},\"inLanguage\":\"eu-ES\",\"potentialAction\":[{\"@type\":\"ReadAction\",\"target\":[\"https:\\\/\\\/bizkeliza.org\\\/eu\\\/noticia\\\/bihar-ekitaldi-berezia-amatxuren-koroatzearen-125-urteurrena-dala-eta\\\/\"]}]},{\"@type\":\"ImageObject\",\"inLanguage\":\"eu-ES\",\"@id\":\"https:\\\/\\\/bizkeliza.org\\\/eu\\\/noticia\\\/bihar-ekitaldi-berezia-amatxuren-koroatzearen-125-urteurrena-dala-eta\\\/#primaryimage\",\"url\":\"https:\\\/\\\/bizkeliza.org\\\/wp-content\\\/uploads\\\/Enrique-sacristan-Begona.jpg\",\"contentUrl\":\"https:\\\/\\\/bizkeliza.org\\\/wp-content\\\/uploads\\\/Enrique-sacristan-Begona.jpg\",\"width\":800,\"height\":600,\"caption\":\"Enrique Franco, es el sacrist\u00e1n de la bas\u00edlica pero una de sus aficiones es la historia\"},{\"@type\":\"BreadcrumbList\",\"@id\":\"https:\\\/\\\/bizkeliza.org\\\/eu\\\/noticia\\\/bihar-ekitaldi-berezia-amatxuren-koroatzearen-125-urteurrena-dala-eta\\\/#breadcrumb\",\"itemListElement\":[{\"@type\":\"ListItem\",\"position\":1,\"name\":\"Portada\",\"item\":\"https:\\\/\\\/bizkeliza.org\\\/eu\\\/\"},{\"@type\":\"ListItem\",\"position\":2,\"name\":\"Bihar, ekitaldi berezia Amatxuren koroatzearen 125. urteurrena dala-eta\"}]},{\"@type\":\"WebSite\",\"@id\":\"https:\\\/\\\/bizkeliza.org\\\/eu\\\/#website\",\"url\":\"https:\\\/\\\/bizkeliza.org\\\/eu\\\/\",\"name\":\"Bilboko Elizbarrutia - Di\u00f3cesis de Bilbao\",\"description\":\"Di\u00f3cesis de Bilbao\",\"publisher\":{\"@id\":\"https:\\\/\\\/bizkeliza.org\\\/eu\\\/#organization\"},\"alternateName\":\"Di\u00f3cesis de Bilbao\",\"potentialAction\":[{\"@type\":\"SearchAction\",\"target\":{\"@type\":\"EntryPoint\",\"urlTemplate\":\"https:\\\/\\\/bizkeliza.org\\\/eu\\\/?s={search_term_string}\"},\"query-input\":{\"@type\":\"PropertyValueSpecification\",\"valueRequired\":true,\"valueName\":\"search_term_string\"}}],\"inLanguage\":\"eu-ES\"},{\"@type\":\"Organization\",\"@id\":\"https:\\\/\\\/bizkeliza.org\\\/eu\\\/#organization\",\"name\":\"Di\u00f3cesis de Bilbao\",\"alternateName\":\"Di\u00f3cesis de Bilbao\",\"url\":\"https:\\\/\\\/bizkeliza.org\\\/eu\\\/\",\"logo\":{\"@type\":\"ImageObject\",\"inLanguage\":\"eu-ES\",\"@id\":\"https:\\\/\\\/bizkeliza.org\\\/eu\\\/#\\\/schema\\\/logo\\\/image\\\/\",\"url\":\"https:\\\/\\\/bizkeliza.org\\\/wp-content\\\/uploads\\\/2022\\\/06\\\/Logo-nuevo_2024-1-scaled.jpg\",\"contentUrl\":\"https:\\\/\\\/bizkeliza.org\\\/wp-content\\\/uploads\\\/2022\\\/06\\\/Logo-nuevo_2024-1-scaled.jpg\",\"width\":2560,\"height\":1024,\"caption\":\"Di\u00f3cesis de Bilbao\"},\"image\":{\"@id\":\"https:\\\/\\\/bizkeliza.org\\\/eu\\\/#\\\/schema\\\/logo\\\/image\\\/\"},\"sameAs\":[\"https:\\\/\\\/www.facebook.com\\\/DiocesisBilbao\\\/\",\"https:\\\/\\\/x.com\\\/DiocesisBilbao\",\"https:\\\/\\\/www.instagram.com\\\/obispadobilbao\\\/\",\"https:\\\/\\\/www.youtube.com\\\/user\\\/bilbokoelizbarrutia\"],\"description\":\"Iglesia local de Bilbao perteneciente a la Iglesia Cat\u00f3lica\"},{\"@type\":\"Person\",\"@id\":\"https:\\\/\\\/bizkeliza.org\\\/eu\\\/#\\\/schema\\\/person\\\/acc5e302cb1997bd56026a6980544228\",\"name\":\"dalberdi\"}]}<\/script>\n<!-- \/ Yoast SEO Premium plugin. -->","yoast_head_json":{"title":"Bihar, ekitaldi berezia Amatxuren koroatzearen 125. urteurrena dala-eta","description":"Bihar beteko dira 125 urte Bego\u00f1ako Ama Birjina koroatu ebenetik. Egun aitagarri horretan, ospakizun berezia egingo da","robots":{"index":"index","follow":"follow","max-snippet":"max-snippet:-1","max-image-preview":"max-image-preview:large","max-video-preview":"max-video-preview:-1"},"canonical":"https:\/\/bizkeliza.org\/eu\/noticia\/bihar-ekitaldi-berezia-amatxuren-koroatzearen-125-urteurrena-dala-eta\/","og_locale":"eu_ES","og_type":"article","og_title":"Bihar, ekitaldi berezia Amatxuren koroatzearen 125. urteurrena dala-eta","og_description":"Bihar beteko dira 125 urte Bego\u00f1ako Ama Birjina koroatu ebenetik. Egun aitagarri horretan, ospakizun berezia egingo da","og_url":"https:\/\/bizkeliza.org\/eu\/noticia\/bihar-ekitaldi-berezia-amatxuren-koroatzearen-125-urteurrena-dala-eta\/","og_site_name":"Bilboko Elizbarrutia - Di\u00f3cesis de Bilbao","article_publisher":"https:\/\/www.facebook.com\/DiocesisBilbao\/","article_published_time":"2025-09-05T04:00:00+00:00","article_modified_time":"2025-09-05T07:11:41+00:00","og_image":[{"url":"https:\/\/bizkeliza.org\/wp-content\/uploads\/Enrique-sacristan-Begona.jpg","width":800,"height":600,"type":"image\/jpeg"}],"author":"dalberdi","twitter_card":"summary_large_image","twitter_creator":"@DiocesisBilbao","twitter_site":"@DiocesisBilbao","schema":{"@context":"https:\/\/schema.org","@graph":[{"@type":"Article","@id":"https:\/\/bizkeliza.org\/eu\/noticia\/bihar-ekitaldi-berezia-amatxuren-koroatzearen-125-urteurrena-dala-eta\/#article","isPartOf":{"@id":"https:\/\/bizkeliza.org\/eu\/noticia\/bihar-ekitaldi-berezia-amatxuren-koroatzearen-125-urteurrena-dala-eta\/"},"author":{"name":"dalberdi","@id":"https:\/\/bizkeliza.org\/eu\/#\/schema\/person\/acc5e302cb1997bd56026a6980544228"},"headline":"Bihar, ekitaldi berezia Amatxuren koroatzearen 125. urteurrena dala-eta","datePublished":"2025-09-05T04:00:00+00:00","dateModified":"2025-09-05T07:11:41+00:00","mainEntityOfPage":{"@id":"https:\/\/bizkeliza.org\/eu\/noticia\/bihar-ekitaldi-berezia-amatxuren-koroatzearen-125-urteurrena-dala-eta\/"},"wordCount":480,"publisher":{"@id":"https:\/\/bizkeliza.org\/eu\/#organization"},"image":{"@id":"https:\/\/bizkeliza.org\/eu\/noticia\/bihar-ekitaldi-berezia-amatxuren-koroatzearen-125-urteurrena-dala-eta\/#primaryimage"},"thumbnailUrl":"https:\/\/bizkeliza.org\/wp-content\/uploads\/Enrique-sacristan-Begona.jpg","keywords":["Amatxu","Bego\u00f1a"],"articleSection":["Lehenengo Orrialdea"],"inLanguage":"eu-ES"},{"@type":"WebPage","@id":"https:\/\/bizkeliza.org\/eu\/noticia\/bihar-ekitaldi-berezia-amatxuren-koroatzearen-125-urteurrena-dala-eta\/","url":"https:\/\/bizkeliza.org\/eu\/noticia\/bihar-ekitaldi-berezia-amatxuren-koroatzearen-125-urteurrena-dala-eta\/","name":"Bihar, ekitaldi berezia Amatxuren koroatzearen 125. urteurrena dala-eta","isPartOf":{"@id":"https:\/\/bizkeliza.org\/eu\/#website"},"primaryImageOfPage":{"@id":"https:\/\/bizkeliza.org\/eu\/noticia\/bihar-ekitaldi-berezia-amatxuren-koroatzearen-125-urteurrena-dala-eta\/#primaryimage"},"image":{"@id":"https:\/\/bizkeliza.org\/eu\/noticia\/bihar-ekitaldi-berezia-amatxuren-koroatzearen-125-urteurrena-dala-eta\/#primaryimage"},"thumbnailUrl":"https:\/\/bizkeliza.org\/wp-content\/uploads\/Enrique-sacristan-Begona.jpg","datePublished":"2025-09-05T04:00:00+00:00","dateModified":"2025-09-05T07:11:41+00:00","description":"Bihar beteko dira 125 urte Bego\u00f1ako Ama Birjina koroatu ebenetik. Egun aitagarri horretan, ospakizun berezia egingo da","breadcrumb":{"@id":"https:\/\/bizkeliza.org\/eu\/noticia\/bihar-ekitaldi-berezia-amatxuren-koroatzearen-125-urteurrena-dala-eta\/#breadcrumb"},"inLanguage":"eu-ES","potentialAction":[{"@type":"ReadAction","target":["https:\/\/bizkeliza.org\/eu\/noticia\/bihar-ekitaldi-berezia-amatxuren-koroatzearen-125-urteurrena-dala-eta\/"]}]},{"@type":"ImageObject","inLanguage":"eu-ES","@id":"https:\/\/bizkeliza.org\/eu\/noticia\/bihar-ekitaldi-berezia-amatxuren-koroatzearen-125-urteurrena-dala-eta\/#primaryimage","url":"https:\/\/bizkeliza.org\/wp-content\/uploads\/Enrique-sacristan-Begona.jpg","contentUrl":"https:\/\/bizkeliza.org\/wp-content\/uploads\/Enrique-sacristan-Begona.jpg","width":800,"height":600,"caption":"Enrique Franco, es el sacrist\u00e1n de la bas\u00edlica pero una de sus aficiones es la historia"},{"@type":"BreadcrumbList","@id":"https:\/\/bizkeliza.org\/eu\/noticia\/bihar-ekitaldi-berezia-amatxuren-koroatzearen-125-urteurrena-dala-eta\/#breadcrumb","itemListElement":[{"@type":"ListItem","position":1,"name":"Portada","item":"https:\/\/bizkeliza.org\/eu\/"},{"@type":"ListItem","position":2,"name":"Bihar, ekitaldi berezia Amatxuren koroatzearen 125. urteurrena dala-eta"}]},{"@type":"WebSite","@id":"https:\/\/bizkeliza.org\/eu\/#website","url":"https:\/\/bizkeliza.org\/eu\/","name":"Bilboko Elizbarrutia - Di\u00f3cesis de Bilbao","description":"Di\u00f3cesis de Bilbao","publisher":{"@id":"https:\/\/bizkeliza.org\/eu\/#organization"},"alternateName":"Di\u00f3cesis de Bilbao","potentialAction":[{"@type":"SearchAction","target":{"@type":"EntryPoint","urlTemplate":"https:\/\/bizkeliza.org\/eu\/?s={search_term_string}"},"query-input":{"@type":"PropertyValueSpecification","valueRequired":true,"valueName":"search_term_string"}}],"inLanguage":"eu-ES"},{"@type":"Organization","@id":"https:\/\/bizkeliza.org\/eu\/#organization","name":"Di\u00f3cesis de Bilbao","alternateName":"Di\u00f3cesis de Bilbao","url":"https:\/\/bizkeliza.org\/eu\/","logo":{"@type":"ImageObject","inLanguage":"eu-ES","@id":"https:\/\/bizkeliza.org\/eu\/#\/schema\/logo\/image\/","url":"https:\/\/bizkeliza.org\/wp-content\/uploads\/2022\/06\/Logo-nuevo_2024-1-scaled.jpg","contentUrl":"https:\/\/bizkeliza.org\/wp-content\/uploads\/2022\/06\/Logo-nuevo_2024-1-scaled.jpg","width":2560,"height":1024,"caption":"Di\u00f3cesis de Bilbao"},"image":{"@id":"https:\/\/bizkeliza.org\/eu\/#\/schema\/logo\/image\/"},"sameAs":["https:\/\/www.facebook.com\/DiocesisBilbao\/","https:\/\/x.com\/DiocesisBilbao","https:\/\/www.instagram.com\/obispadobilbao\/","https:\/\/www.youtube.com\/user\/bilbokoelizbarrutia"],"description":"Iglesia local de Bilbao perteneciente a la Iglesia Cat\u00f3lica"},{"@type":"Person","@id":"https:\/\/bizkeliza.org\/eu\/#\/schema\/person\/acc5e302cb1997bd56026a6980544228","name":"dalberdi"}]}},"jetpack_featured_media_url":"https:\/\/bizkeliza.org\/wp-content\/uploads\/Enrique-sacristan-Begona.jpg","_links":{"self":[{"href":"https:\/\/bizkeliza.org\/eu\/wp-json\/wp\/v2\/posts\/172153","targetHints":{"allow":["GET"]}}],"collection":[{"href":"https:\/\/bizkeliza.org\/eu\/wp-json\/wp\/v2\/posts"}],"about":[{"href":"https:\/\/bizkeliza.org\/eu\/wp-json\/wp\/v2\/types\/post"}],"author":[{"embeddable":true,"href":"https:\/\/bizkeliza.org\/eu\/wp-json\/wp\/v2\/users\/19"}],"replies":[{"embeddable":true,"href":"https:\/\/bizkeliza.org\/eu\/wp-json\/wp\/v2\/comments?post=172153"}],"version-history":[{"count":0,"href":"https:\/\/bizkeliza.org\/eu\/wp-json\/wp\/v2\/posts\/172153\/revisions"}],"wp:featuredmedia":[{"embeddable":true,"href":"https:\/\/bizkeliza.org\/eu\/wp-json\/wp\/v2\/media\/41455"}],"wp:attachment":[{"href":"https:\/\/bizkeliza.org\/eu\/wp-json\/wp\/v2\/media?parent=172153"}],"wp:term":[{"taxonomy":"category","embeddable":true,"href":"https:\/\/bizkeliza.org\/eu\/wp-json\/wp\/v2\/categories?post=172153"},{"taxonomy":"post_tag","embeddable":true,"href":"https:\/\/bizkeliza.org\/eu\/wp-json\/wp\/v2\/tags?post=172153"}],"curies":[{"name":"wp","href":"https:\/\/api.w.org\/{rel}","templated":true}]}}