{"id":172798,"date":"2025-09-21T06:00:00","date_gmt":"2025-09-21T04:00:00","guid":{"rendered":"https:\/\/bizkeliza.org\/?p=172798"},"modified":"2025-09-19T11:56:09","modified_gmt":"2025-09-19T09:56:09","slug":"asteko-barrien-laburpena-15","status":"publish","type":"post","link":"https:\/\/bizkeliza.org\/eu\/noticia\/asteko-barrien-laburpena-15\/","title":{"rendered":"Asteko barrien laburpena"},"content":{"rendered":"\n<p><p><a href=\"https:\/\/claretaskartza.eus\/\"><strong>Leioako Askartza ikastetxearen <\/strong><\/a>50. urteurrena.<\/p><\/p>\n\n<p><p><b>1975.eko irailaren 15ean inauguratu zan.<\/b><\/p><\/p>\n\n<p><p>Hasierako ekitaldian, <strong><a href=\"https:\/\/www.claret.org\/es\/p-xabier-larranaga-oyarzabal-cmf-consultor-de-la-congregacion-de-institutos-de-vida-consagrada-y-las-sociedades-de-vida-apostolica\/\" target=\"_blank\" rel=\"noreferrer noopener\">Xabier Larra\u00f1agak <\/a><\/strong>jardun eban. Gehiago jakiteko: <strong><a href=\"https:\/\/claretaskartza.eus\/comienza-el-curso-2025-26-en-askartza\/\">hemen.<\/a><\/strong><\/p><\/p>\n\n<figure class=\"wp-block-gallery has-nested-images columns-default is-cropped wp-block-gallery-1 is-layout-flex wp-block-gallery-is-layout-flex\">\n<figure class=\"wp-block-image size-large\"><img decoding=\"async\" width=\"576\" height=\"1024\" data-id=\"172549\" src=\"https:\/\/bizkeliza.org\/wp-content\/uploads\/2025\/09\/IMG_6670-576x1024.jpg\" alt=\"Abd&#xF3;n Rodriguez Hervas\" class=\"wp-image-172549\"\/><figcaption class=\"wp-element-caption\">Abd\u00f3n Rodriguez Hervas<\/figcaption><\/figure>\n\n\n\n<figure class=\"wp-block-image size-large\"><img decoding=\"async\" width=\"768\" height=\"1024\" data-id=\"172590\" src=\"https:\/\/bizkeliza.org\/wp-content\/uploads\/2025\/09\/Josemi_Erdozain_2025-768x1024.jpg\" alt=\"Jose Miguel Erdozain\" class=\"wp-image-172590\"\/><figcaption class=\"wp-element-caption\">Jose Miguel Erdozain, eleizbarrutiko gerentea<\/figcaption><\/figure>\n\n\n\n<figure class=\"wp-block-image size-full\"><img decoding=\"async\" width=\"250\" height=\"298\" data-id=\"94037\" src=\"https:\/\/bizkeliza.org\/wp-content\/uploads\/carcel_02-1.jpg\" alt=\"\" class=\"wp-image-94037\"\/><\/figure>\n<\/figure>\n\n<h3 class=\"wp-block-heading\">Abdon Rodriguez Hervasen abadegintza<\/h3>\n\n<p>Abdon Rodriguez Hervas Gue\u00f1eseko Andra Mari parrokian egin zan abade zapatuz.<\/p>\n\n<p><p>Aurretik, zistertar monjea izan zan eta Ziortzan egondakoa da.<\/p><\/p>\n\n<p><p>Gue\u00f1eseko alkarteagaz ospatu gura izan eban egun berezi hau.<\/p><\/p>\n\n<h3 class=\"wp-block-heading\">Eleizaren etxe barria<\/h3>\n\n<p>Prentsak agertutakoei erantzun deutse eleizbarrutitik.<\/p>\n\n<p><p>Jose Miguel Erdozain gerentearen esanetan, eraikin barria egingo da.<\/p><\/p>\n\n<figure class=\"wp-block-embed is-type-video is-provider-youtube wp-block-embed-youtube wp-embed-aspect-16-9 wp-has-aspect-ratio\">\r\n<div class=\"wp-block-embed__wrapper\">https:\/\/youtu.be\/r_BQ7CmBmlU?si=XSH4ahGtJpYeOPGl<\/div>\r\n<\/figure>\n\n<p><p>Egitasmoak lehentasuna dau gaur egun be.<\/p><\/p>\n\n<p><p>Sakabanatutako zerbitzuak egoitza berean batu gura dira.<\/p><\/p>\n\n<h3 class=\"wp-block-heading\">Goazen 2025 Elorrion<\/h3>\n\n<p>Goazen 2025 ekitaldian izena emoteko deialdia.<\/p>\n\n<p><p><strong>On Joseba Segurak<\/strong> parte hartzeko deia egin dau Herri Irratian.<\/p><\/p>\n\n<figure class=\"wp-block-embed is-type-video is-provider-youtube wp-block-embed-youtube wp-embed-aspect-9-16 wp-has-aspect-ratio\">\r\n<div class=\"wp-block-embed__wrapper\">https:\/\/youtube.com\/shorts\/zKyMUDJqGGI?si=YzCP7VCtbFHQgi3g<\/div>\r\n<\/figure>\n\n<p><p>Irailaren 20an amaitu da <a href=\"https:\/\/forms.office.com\/pages\/responsepage.aspx?id=lBDLDfqPAkS078ldNflBdYtsSplrBztJqC6Ruw0PD4dUNldXRjREUlFMWFlJS0VXR1RFWEw4RUpNOS4u&amp;route=shorturl\">izena emoteko <\/a>epea.<\/p><\/p>\n\n<h3 class=\"wp-block-heading\">Boluntario-lanaren inguruko azoka<\/h3>\n\n<p><p><a href=\"https:\/\/www.deusto.es\/es\/inicio?campaignid=20768570620&amp;gad_source=1&amp;gad_campaignid=20768570620&amp;gbraid=0AAAAADeeHPm43-K2BdPvdIHCZ5IecJiwN&amp;gclid=CjwKCAjwlaTGBhANEiwAoRgXBUyrY_Dz4PJAv086yF6JhkyXq9mtP2aqgC1zI4dUnq4yvaEZzsDlkhoCXj4QAvD_BwE\"><strong>Deustuko Unibertsitatean<\/strong><\/a>.<\/p><\/p>\n\n<p><p>60 erakundek parte hartu dabe, bestea, beste: <a style=\"font-weight: bold;\" href=\"https:\/\/www.caritasbi.org\/\">Caritas Bizkaia<\/a><b>,\u00a0<\/b><a style=\"font-weight: bold;\" href=\"http:\/\/argia%20fundazioa\/\">Argia Fundazinoa<\/a> eta <strong><a href=\"https:\/\/www.bizitegi.org\/\">Bizitegi alkartea<\/a>.<\/strong><\/p><\/p>\n\n<p><p>Gizarteratzean, ingurumenean, ahuleziazko egoeran dagozan pertsonen aldeko laguntzan boluntario-lana egiteko aukeren aurkezpena.<\/p><\/p>\n\n<h3 class=\"wp-block-heading\">Martin Hormaeche<\/h3>\n\n<p>Martin Hormaeche abadea hil da, 92 urteko zala.<\/p>\n\n<p><p><strong>Martn Hormaeche<\/strong> kubatarra zan eta Bilboko Asisko san Frantzisko parrokian egin zan abade.\u00a0<\/p><\/p>\n\n<p><p>Abade-lagunen esanetan, gizon atsegin eta argia zan.<\/p><\/p>\n\n<h3 class=\"wp-block-heading\">&#8220;Pueblo de Dios&#8221; programa<\/h3>\n\n<p><p>TVE2 katean, <a href=\"https:\/\/bizkeliza.org\/eu\/noticia\/bilboko-eleizbarrutia-tveren-pueblo-de-dios-programan\/\">erreportaje <\/a>berezia eleizbarrutiaren 75. urteurrenean, &#8220;Pueblo de Dios&#8221; programan.\u00a0<\/p><\/p>\n\n<p><p>Aurretik emon eben lehenengo zatia: <a href=\"https:\/\/www.otxarkoaga.org\/\">Otxarkoaga ikastegian <\/a>ikasten dauan eta\u00a0 <a href=\"https:\/\/www.caritasbi.org\/\">Caritas Bizkaia <\/a>eraundearen Auzobiziri esker alkarte pisu baten bizi dan etorkina eta Hontza bizilekurik ez dabenentzako bitartekoa.\u00a0<\/p><\/p>\n\n<p>Gaurko programan, presoei eta mendekotasunak dabezanei eskainitako arreta ezagutzera emongo da.<\/p>\n\n<p>Hauxe da Astekoak, asteko barrien laburpena.<\/p>\n","protected":false},"excerpt":{"rendered":"<p>Leioako Askartza ikastetxearen 50. urteurrena. 1975.eko irailaren 15ean inauguratu zan. Hasierako ekitaldian, Xabier Larra\u00f1agak jardun eban. Gehiago jakiteko: hemen. Abdon Rodriguez Hervasen abadegintza Abdon Rodriguez Hervas Gue\u00f1eseko Andra Mari parrokian egin zan abade zapatuz. Aurretik, zistertar monjea izan zan eta Ziortzan egondakoa da. Gue\u00f1eseko alkarteagaz ospatu gura izan eban egun berezi hau. Eleizaren etxe barria [&hellip;]<\/p>\n","protected":false},"author":17,"featured_media":120743,"comment_status":"closed","ping_status":"closed","sticky":false,"template":"","format":"standard","meta":{"_acf_changed":false,"_et_pb_use_builder":"off","_et_pb_old_content":"","_et_gb_content_width":"","footnotes":""},"categories":[506],"tags":[562],"class_list":["post-172798","post","type-post","status-publish","format-standard","has-post-thumbnail","hentry","category-lehenengo-orrialdea","tag-komunikazinoa"],"acf":[],"yoast_head":"<!-- This site is optimized with the Yoast SEO Premium plugin v27.5 (Yoast SEO v27.5) - https:\/\/yoast.com\/product\/yoast-seo-premium-wordpress\/ -->\n<title>Asteko barrien laburpena - Bilboko Elizbarrutia - Di\u00f3cesis de Bilbao<\/title>\n<meta name=\"description\" content=\"Astekoak, astean zehar bizkeliza.org webean argitaratutako barrien ikus-entzunezko laburpena.\" \/>\n<meta name=\"robots\" content=\"index, follow, max-snippet:-1, max-image-preview:large, max-video-preview:-1\" \/>\n<link rel=\"canonical\" href=\"https:\/\/bizkeliza.org\/eu\/noticia\/asteko-barrien-laburpena-15\/\" \/>\n<meta property=\"og:locale\" content=\"eu_ES\" \/>\n<meta property=\"og:type\" content=\"article\" \/>\n<meta property=\"og:title\" content=\"Asteko barrien laburpena\" \/>\n<meta property=\"og:description\" content=\"Astekoak, astean zehar bizkeliza.org webean argitaratutako barrien ikus-entzunezko laburpena.\" \/>\n<meta property=\"og:url\" content=\"https:\/\/bizkeliza.org\/eu\/noticia\/asteko-barrien-laburpena-15\/\" \/>\n<meta property=\"og:site_name\" content=\"Bilboko Elizbarrutia - Di\u00f3cesis de Bilbao\" \/>\n<meta property=\"article:publisher\" content=\"https:\/\/www.facebook.com\/DiocesisBilbao\/\" \/>\n<meta property=\"article:published_time\" content=\"2025-09-21T04:00:00+00:00\" \/>\n<meta property=\"og:image\" content=\"https:\/\/bizkeliza.org\/wp-content\/uploads\/Astekoak-2024-portada.jpg\" \/>\n\t<meta property=\"og:image:width\" content=\"1920\" \/>\n\t<meta property=\"og:image:height\" content=\"1080\" \/>\n\t<meta property=\"og:image:type\" content=\"image\/jpeg\" \/>\n<meta name=\"author\" content=\"fgorrotxategi\" \/>\n<meta name=\"twitter:card\" content=\"summary_large_image\" \/>\n<meta name=\"twitter:creator\" content=\"@DiocesisBilbao\" \/>\n<meta name=\"twitter:site\" content=\"@DiocesisBilbao\" \/>\n<script type=\"application\/ld+json\" class=\"yoast-schema-graph\">{\"@context\":\"https:\\\/\\\/schema.org\",\"@graph\":[{\"@type\":\"Article\",\"@id\":\"https:\\\/\\\/bizkeliza.org\\\/eu\\\/noticia\\\/asteko-barrien-laburpena-15\\\/#article\",\"isPartOf\":{\"@id\":\"https:\\\/\\\/bizkeliza.org\\\/eu\\\/noticia\\\/asteko-barrien-laburpena-15\\\/\"},\"author\":{\"name\":\"fgorrotxategi\",\"@id\":\"https:\\\/\\\/bizkeliza.org\\\/eu\\\/#\\\/schema\\\/person\\\/efc30fc869f080a68b97dda57c8f400c\"},\"headline\":\"Asteko barrien laburpena\",\"datePublished\":\"2025-09-21T04:00:00+00:00\",\"mainEntityOfPage\":{\"@id\":\"https:\\\/\\\/bizkeliza.org\\\/eu\\\/noticia\\\/asteko-barrien-laburpena-15\\\/\"},\"wordCount\":255,\"publisher\":{\"@id\":\"https:\\\/\\\/bizkeliza.org\\\/eu\\\/#organization\"},\"image\":{\"@id\":\"https:\\\/\\\/bizkeliza.org\\\/eu\\\/noticia\\\/asteko-barrien-laburpena-15\\\/#primaryimage\"},\"thumbnailUrl\":\"https:\\\/\\\/bizkeliza.org\\\/wp-content\\\/uploads\\\/Astekoak-2024-portada.jpg\",\"keywords\":[\"Komunikazinoa\"],\"articleSection\":[\"Lehenengo Orrialdea\"],\"inLanguage\":\"eu-ES\"},{\"@type\":\"WebPage\",\"@id\":\"https:\\\/\\\/bizkeliza.org\\\/eu\\\/noticia\\\/asteko-barrien-laburpena-15\\\/\",\"url\":\"https:\\\/\\\/bizkeliza.org\\\/eu\\\/noticia\\\/asteko-barrien-laburpena-15\\\/\",\"name\":\"Asteko barrien laburpena - Bilboko Elizbarrutia - Di\u00f3cesis de Bilbao\",\"isPartOf\":{\"@id\":\"https:\\\/\\\/bizkeliza.org\\\/eu\\\/#website\"},\"primaryImageOfPage\":{\"@id\":\"https:\\\/\\\/bizkeliza.org\\\/eu\\\/noticia\\\/asteko-barrien-laburpena-15\\\/#primaryimage\"},\"image\":{\"@id\":\"https:\\\/\\\/bizkeliza.org\\\/eu\\\/noticia\\\/asteko-barrien-laburpena-15\\\/#primaryimage\"},\"thumbnailUrl\":\"https:\\\/\\\/bizkeliza.org\\\/wp-content\\\/uploads\\\/Astekoak-2024-portada.jpg\",\"datePublished\":\"2025-09-21T04:00:00+00:00\",\"description\":\"Astekoak, astean zehar bizkeliza.org webean argitaratutako barrien ikus-entzunezko laburpena.\",\"breadcrumb\":{\"@id\":\"https:\\\/\\\/bizkeliza.org\\\/eu\\\/noticia\\\/asteko-barrien-laburpena-15\\\/#breadcrumb\"},\"inLanguage\":\"eu-ES\",\"potentialAction\":[{\"@type\":\"ReadAction\",\"target\":[\"https:\\\/\\\/bizkeliza.org\\\/eu\\\/noticia\\\/asteko-barrien-laburpena-15\\\/\"]}]},{\"@type\":\"ImageObject\",\"inLanguage\":\"eu-ES\",\"@id\":\"https:\\\/\\\/bizkeliza.org\\\/eu\\\/noticia\\\/asteko-barrien-laburpena-15\\\/#primaryimage\",\"url\":\"https:\\\/\\\/bizkeliza.org\\\/wp-content\\\/uploads\\\/Astekoak-2024-portada.jpg\",\"contentUrl\":\"https:\\\/\\\/bizkeliza.org\\\/wp-content\\\/uploads\\\/Astekoak-2024-portada.jpg\",\"width\":1920,\"height\":1080},{\"@type\":\"BreadcrumbList\",\"@id\":\"https:\\\/\\\/bizkeliza.org\\\/eu\\\/noticia\\\/asteko-barrien-laburpena-15\\\/#breadcrumb\",\"itemListElement\":[{\"@type\":\"ListItem\",\"position\":1,\"name\":\"Portada\",\"item\":\"https:\\\/\\\/bizkeliza.org\\\/eu\\\/\"},{\"@type\":\"ListItem\",\"position\":2,\"name\":\"Asteko barrien laburpena\"}]},{\"@type\":\"WebSite\",\"@id\":\"https:\\\/\\\/bizkeliza.org\\\/eu\\\/#website\",\"url\":\"https:\\\/\\\/bizkeliza.org\\\/eu\\\/\",\"name\":\"Bilboko Elizbarrutia - Di\u00f3cesis de Bilbao\",\"description\":\"Di\u00f3cesis de Bilbao\",\"publisher\":{\"@id\":\"https:\\\/\\\/bizkeliza.org\\\/eu\\\/#organization\"},\"alternateName\":\"Di\u00f3cesis de Bilbao\",\"potentialAction\":[{\"@type\":\"SearchAction\",\"target\":{\"@type\":\"EntryPoint\",\"urlTemplate\":\"https:\\\/\\\/bizkeliza.org\\\/eu\\\/?s={search_term_string}\"},\"query-input\":{\"@type\":\"PropertyValueSpecification\",\"valueRequired\":true,\"valueName\":\"search_term_string\"}}],\"inLanguage\":\"eu-ES\"},{\"@type\":\"Organization\",\"@id\":\"https:\\\/\\\/bizkeliza.org\\\/eu\\\/#organization\",\"name\":\"Di\u00f3cesis de Bilbao\",\"alternateName\":\"Di\u00f3cesis de Bilbao\",\"url\":\"https:\\\/\\\/bizkeliza.org\\\/eu\\\/\",\"logo\":{\"@type\":\"ImageObject\",\"inLanguage\":\"eu-ES\",\"@id\":\"https:\\\/\\\/bizkeliza.org\\\/eu\\\/#\\\/schema\\\/logo\\\/image\\\/\",\"url\":\"https:\\\/\\\/bizkeliza.org\\\/wp-content\\\/uploads\\\/2022\\\/06\\\/Logo-nuevo_2024-1-scaled.jpg\",\"contentUrl\":\"https:\\\/\\\/bizkeliza.org\\\/wp-content\\\/uploads\\\/2022\\\/06\\\/Logo-nuevo_2024-1-scaled.jpg\",\"width\":2560,\"height\":1024,\"caption\":\"Di\u00f3cesis de Bilbao\"},\"image\":{\"@id\":\"https:\\\/\\\/bizkeliza.org\\\/eu\\\/#\\\/schema\\\/logo\\\/image\\\/\"},\"sameAs\":[\"https:\\\/\\\/www.facebook.com\\\/DiocesisBilbao\\\/\",\"https:\\\/\\\/x.com\\\/DiocesisBilbao\",\"https:\\\/\\\/www.instagram.com\\\/obispadobilbao\\\/\",\"https:\\\/\\\/www.youtube.com\\\/user\\\/bilbokoelizbarrutia\"],\"description\":\"Iglesia local de Bilbao perteneciente a la Iglesia Cat\u00f3lica\"},{\"@type\":\"Person\",\"@id\":\"https:\\\/\\\/bizkeliza.org\\\/eu\\\/#\\\/schema\\\/person\\\/efc30fc869f080a68b97dda57c8f400c\",\"name\":\"fgorrotxategi\"}]}<\/script>\n<!-- \/ Yoast SEO Premium plugin. -->","yoast_head_json":{"title":"Asteko barrien laburpena - Bilboko Elizbarrutia - Di\u00f3cesis de Bilbao","description":"Astekoak, astean zehar bizkeliza.org webean argitaratutako barrien ikus-entzunezko laburpena.","robots":{"index":"index","follow":"follow","max-snippet":"max-snippet:-1","max-image-preview":"max-image-preview:large","max-video-preview":"max-video-preview:-1"},"canonical":"https:\/\/bizkeliza.org\/eu\/noticia\/asteko-barrien-laburpena-15\/","og_locale":"eu_ES","og_type":"article","og_title":"Asteko barrien laburpena","og_description":"Astekoak, astean zehar bizkeliza.org webean argitaratutako barrien ikus-entzunezko laburpena.","og_url":"https:\/\/bizkeliza.org\/eu\/noticia\/asteko-barrien-laburpena-15\/","og_site_name":"Bilboko Elizbarrutia - Di\u00f3cesis de Bilbao","article_publisher":"https:\/\/www.facebook.com\/DiocesisBilbao\/","article_published_time":"2025-09-21T04:00:00+00:00","og_image":[{"width":1920,"height":1080,"url":"https:\/\/bizkeliza.org\/wp-content\/uploads\/Astekoak-2024-portada.jpg","type":"image\/jpeg"}],"author":"fgorrotxategi","twitter_card":"summary_large_image","twitter_creator":"@DiocesisBilbao","twitter_site":"@DiocesisBilbao","schema":{"@context":"https:\/\/schema.org","@graph":[{"@type":"Article","@id":"https:\/\/bizkeliza.org\/eu\/noticia\/asteko-barrien-laburpena-15\/#article","isPartOf":{"@id":"https:\/\/bizkeliza.org\/eu\/noticia\/asteko-barrien-laburpena-15\/"},"author":{"name":"fgorrotxategi","@id":"https:\/\/bizkeliza.org\/eu\/#\/schema\/person\/efc30fc869f080a68b97dda57c8f400c"},"headline":"Asteko barrien laburpena","datePublished":"2025-09-21T04:00:00+00:00","mainEntityOfPage":{"@id":"https:\/\/bizkeliza.org\/eu\/noticia\/asteko-barrien-laburpena-15\/"},"wordCount":255,"publisher":{"@id":"https:\/\/bizkeliza.org\/eu\/#organization"},"image":{"@id":"https:\/\/bizkeliza.org\/eu\/noticia\/asteko-barrien-laburpena-15\/#primaryimage"},"thumbnailUrl":"https:\/\/bizkeliza.org\/wp-content\/uploads\/Astekoak-2024-portada.jpg","keywords":["Komunikazinoa"],"articleSection":["Lehenengo Orrialdea"],"inLanguage":"eu-ES"},{"@type":"WebPage","@id":"https:\/\/bizkeliza.org\/eu\/noticia\/asteko-barrien-laburpena-15\/","url":"https:\/\/bizkeliza.org\/eu\/noticia\/asteko-barrien-laburpena-15\/","name":"Asteko barrien laburpena - Bilboko Elizbarrutia - Di\u00f3cesis de Bilbao","isPartOf":{"@id":"https:\/\/bizkeliza.org\/eu\/#website"},"primaryImageOfPage":{"@id":"https:\/\/bizkeliza.org\/eu\/noticia\/asteko-barrien-laburpena-15\/#primaryimage"},"image":{"@id":"https:\/\/bizkeliza.org\/eu\/noticia\/asteko-barrien-laburpena-15\/#primaryimage"},"thumbnailUrl":"https:\/\/bizkeliza.org\/wp-content\/uploads\/Astekoak-2024-portada.jpg","datePublished":"2025-09-21T04:00:00+00:00","description":"Astekoak, astean zehar bizkeliza.org webean argitaratutako barrien ikus-entzunezko laburpena.","breadcrumb":{"@id":"https:\/\/bizkeliza.org\/eu\/noticia\/asteko-barrien-laburpena-15\/#breadcrumb"},"inLanguage":"eu-ES","potentialAction":[{"@type":"ReadAction","target":["https:\/\/bizkeliza.org\/eu\/noticia\/asteko-barrien-laburpena-15\/"]}]},{"@type":"ImageObject","inLanguage":"eu-ES","@id":"https:\/\/bizkeliza.org\/eu\/noticia\/asteko-barrien-laburpena-15\/#primaryimage","url":"https:\/\/bizkeliza.org\/wp-content\/uploads\/Astekoak-2024-portada.jpg","contentUrl":"https:\/\/bizkeliza.org\/wp-content\/uploads\/Astekoak-2024-portada.jpg","width":1920,"height":1080},{"@type":"BreadcrumbList","@id":"https:\/\/bizkeliza.org\/eu\/noticia\/asteko-barrien-laburpena-15\/#breadcrumb","itemListElement":[{"@type":"ListItem","position":1,"name":"Portada","item":"https:\/\/bizkeliza.org\/eu\/"},{"@type":"ListItem","position":2,"name":"Asteko barrien laburpena"}]},{"@type":"WebSite","@id":"https:\/\/bizkeliza.org\/eu\/#website","url":"https:\/\/bizkeliza.org\/eu\/","name":"Bilboko Elizbarrutia - Di\u00f3cesis de Bilbao","description":"Di\u00f3cesis de Bilbao","publisher":{"@id":"https:\/\/bizkeliza.org\/eu\/#organization"},"alternateName":"Di\u00f3cesis de Bilbao","potentialAction":[{"@type":"SearchAction","target":{"@type":"EntryPoint","urlTemplate":"https:\/\/bizkeliza.org\/eu\/?s={search_term_string}"},"query-input":{"@type":"PropertyValueSpecification","valueRequired":true,"valueName":"search_term_string"}}],"inLanguage":"eu-ES"},{"@type":"Organization","@id":"https:\/\/bizkeliza.org\/eu\/#organization","name":"Di\u00f3cesis de Bilbao","alternateName":"Di\u00f3cesis de Bilbao","url":"https:\/\/bizkeliza.org\/eu\/","logo":{"@type":"ImageObject","inLanguage":"eu-ES","@id":"https:\/\/bizkeliza.org\/eu\/#\/schema\/logo\/image\/","url":"https:\/\/bizkeliza.org\/wp-content\/uploads\/2022\/06\/Logo-nuevo_2024-1-scaled.jpg","contentUrl":"https:\/\/bizkeliza.org\/wp-content\/uploads\/2022\/06\/Logo-nuevo_2024-1-scaled.jpg","width":2560,"height":1024,"caption":"Di\u00f3cesis de Bilbao"},"image":{"@id":"https:\/\/bizkeliza.org\/eu\/#\/schema\/logo\/image\/"},"sameAs":["https:\/\/www.facebook.com\/DiocesisBilbao\/","https:\/\/x.com\/DiocesisBilbao","https:\/\/www.instagram.com\/obispadobilbao\/","https:\/\/www.youtube.com\/user\/bilbokoelizbarrutia"],"description":"Iglesia local de Bilbao perteneciente a la Iglesia Cat\u00f3lica"},{"@type":"Person","@id":"https:\/\/bizkeliza.org\/eu\/#\/schema\/person\/efc30fc869f080a68b97dda57c8f400c","name":"fgorrotxategi"}]}},"jetpack_featured_media_url":"https:\/\/bizkeliza.org\/wp-content\/uploads\/Astekoak-2024-portada.jpg","_links":{"self":[{"href":"https:\/\/bizkeliza.org\/eu\/wp-json\/wp\/v2\/posts\/172798","targetHints":{"allow":["GET"]}}],"collection":[{"href":"https:\/\/bizkeliza.org\/eu\/wp-json\/wp\/v2\/posts"}],"about":[{"href":"https:\/\/bizkeliza.org\/eu\/wp-json\/wp\/v2\/types\/post"}],"author":[{"embeddable":true,"href":"https:\/\/bizkeliza.org\/eu\/wp-json\/wp\/v2\/users\/17"}],"replies":[{"embeddable":true,"href":"https:\/\/bizkeliza.org\/eu\/wp-json\/wp\/v2\/comments?post=172798"}],"version-history":[{"count":0,"href":"https:\/\/bizkeliza.org\/eu\/wp-json\/wp\/v2\/posts\/172798\/revisions"}],"wp:featuredmedia":[{"embeddable":true,"href":"https:\/\/bizkeliza.org\/eu\/wp-json\/wp\/v2\/media\/120743"}],"wp:attachment":[{"href":"https:\/\/bizkeliza.org\/eu\/wp-json\/wp\/v2\/media?parent=172798"}],"wp:term":[{"taxonomy":"category","embeddable":true,"href":"https:\/\/bizkeliza.org\/eu\/wp-json\/wp\/v2\/categories?post=172798"},{"taxonomy":"post_tag","embeddable":true,"href":"https:\/\/bizkeliza.org\/eu\/wp-json\/wp\/v2\/tags?post=172798"}],"curies":[{"name":"wp","href":"https:\/\/api.w.org\/{rel}","templated":true}]}}