{"id":173257,"date":"2025-09-27T14:00:00","date_gmt":"2025-09-27T12:00:00","guid":{"rendered":"https:\/\/bizkeliza.org\/?p=173257"},"modified":"2025-09-25T13:45:43","modified_gmt":"2025-09-25T11:45:43","slug":"mila-lagun-inguru-batu-da-elorrion-goazen-2025-ekitaldian","status":"publish","type":"post","link":"https:\/\/bizkeliza.org\/eu\/noticia\/mila-lagun-inguru-batu-da-elorrion-goazen-2025-ekitaldian\/","title":{"rendered":"Mila lagun inguru batu da Elorrion &#8220;Goazen 2025&#8221; ekitaldian"},"content":{"rendered":"\n<p><p>Hasteko, partaideak Elorrioko bost puntutatik atara eta erromes joan dira basilikaraino.<\/p><\/p>\n\n<p><p>Abiapuntu bakotxean, ibilbidean nork bere buruaren azterketa egitea proposatu da: <strong><em>&#8220;Egiteko hori, neurea be ete da? Neure egin eta bete egiten ete dot?&#8221;. <\/em><\/strong>Deialdia egin da, gainera, Eukaristiaren aurretik banakako autortzara hurreratzeko eta jasotako parkamena munduan oinazetan dagozanen aldeko kexa, alkartasun eta konpromiso bihurtzeko.<\/p><\/p>\n\n<h3 class=\"wp-block-heading\">Jubileu ohikunea eta sarrera prozesinoan<\/h3>\n\n<p><p>Eguerdian, alkartea\u00a0<strong>Sortzez Garbia<\/strong> basilikaren atarian batu da une esanguratsurako: <strong>Elorrioko basilika jubileu tenplu lez zabaldu da. On Joseba Segura\u00a0<\/strong>Bilboko gotzainak jubileuko kurutzea eroan dau, hain zuzen be, Joan Santuak eleizan egoten dan XVI. gizaldiko Kristo Kurutziltzatuaren irudia. Kurutze hau Santiago katedralean dago 2024ko abenduan Bizkaian Urte Santuari hasiera emon jakonetik. Gotzainak irekiera-otoitza egin dau eta eleiztarrak erromesaldian sartu dira Sortzez Garbia basilikan.<\/p><\/p>\n\n<h3 class=\"wp-block-heading\">San Balendinek egin dau ondoetorria<\/h3>\n\n<p><p>Basilika barruan, partaideek ezustekoa izan dabe. Berriotxoako San Balendin lez aurkeztu dan aktoreak ondo etorria egin deutso alkarteari bakarrizketa atsegin eta beroaz, euskera eta gaztelania tartekatuz. Hilobiaren inguruan, santu misiolari elorriarrak bere bizitzako oroitzapenak agertu ditu eta sinodo-senaren inguruan gogoeta egin dau:\u00a0<em>&#8220;alkarregaz lan egin, alkar entzun, nire aitaren tailerrean lez&#8230;&#8221;,\u00a0<\/em>eta dei egin deutso Bizkaiko Eleizari,\u00a0<em>&#8220;besteentzat agerpen eta poztasun, lekuan lekuko, izan daiten&#8221;.<\/em><\/p><\/p>\n\n<h3 class=\"wp-block-heading\">Homilia: adiskidetzearen indarra&#8221;.<\/h3>\n\n<p><p>Parrokiako abesbatzak girotu dau Eukaristia eta Elorrioko alkarteak esku-hartu dau.<strong> Santa Ana monasterioko<\/strong> -hemen San Balendin akolito izan zan- hainbat monjak be parte hartu dau eleizkizunean.<\/p><\/p>\n\n<p><p><strong>On Joseba Segura<\/strong> gotzainak adiskidetzearen zerbitzuaren inguruan jardun dau homilian eta Jubileua eta eleizbarrutiaren urteurrena, <em>&#8220;data borobilak baino askoz gehiago dira&#8221;, <\/em>adierazo dau. Bere esanetan, <em><strong>\u201cno comenzamos de cero, pero s\u00ed comenzamos de nuevo. Dios nos ha confiado el ministerio de la reconciliaci\u00f3n precisamente aqu\u00ed, en este momento de la historia\u201d<\/strong>.<\/em><\/p><\/p>\n\n<p><p>Hiru alderdi azpimarratu ditu:\u00a0<em>&#8220;<\/em>l<em>a <strong>reconciliaci\u00f3n personal<\/strong>: si alguien no ha descubierto la necesidad de pedir perd\u00f3n\u2026 puede aparentar que cree en Jesucristo, pero en realidad no cree. La <strong>reconciliaci\u00f3n comunitaria<\/strong> \u2013donde ha abogado por valorar la diversidad de lenguas y sensibilidades como el tesoro de la Iglesia\u2013, y la <strong>reconciliaci\u00f3n para el mundo<\/strong>, como testimonio cre\u00edble en una sociedad polarizada. <strong>\u00bfC\u00f3mo sabe el mundo que somos disc\u00edpulos? \u2018En que nos amamos unos a otros\u2019. No porque tengamos m\u00e1s o menos raz\u00f3n, sino porque hay un amor que nos une en las diferencias<\/strong>\u201d.<\/em><\/p><\/p>\n\n<h3 class=\"wp-block-heading\">Hazkunde-ikurra<\/h3>\n\n<p><p>Ofertorioan, joan dan maiatzean &#8220;Eleiza plazara&#8221; ekitaldian banatu ziran hazietatik erne eta loratutako landarea aurkeztu zan altaran, bakearen hazia zelan hazi leiken eta zelako frutuak emon leikezan erakutsiz.\u00a0<\/p><\/p>\n\n<p><p>Amaitzeko, luncha egin da, <strong>Lapiko Cateringek<\/strong> -gizarteratzea bultzatzen dauan Caritasen enpresa- eskainita. Partaideek solasean jardun izan dabe senidetasunezko giroan.\u00a0<\/p><\/p>\n","protected":false},"excerpt":{"rendered":"<p>Hasteko, partaideak Elorrioko bost puntutatik atara eta erromes joan dira basilikaraino. Abiapuntu bakotxean, ibilbidean nork bere buruaren azterketa egitea proposatu da: &#8220;Egiteko hori, neurea be ete da? Neure egin eta bete egiten ete dot?&#8221;. Deialdia egin da, gainera, Eukaristiaren aurretik banakako autortzara hurreratzeko eta jasotako parkamena munduan oinazetan dagozanen aldeko kexa, alkartasun eta konpromiso bihurtzeko. [&hellip;]<\/p>\n","protected":false},"author":19,"featured_media":173296,"comment_status":"closed","ping_status":"closed","sticky":false,"template":"","format":"standard","meta":{"_acf_changed":false,"_et_pb_use_builder":"off","_et_pb_old_content":"","_et_gb_content_width":"","footnotes":""},"categories":[1050,505,506],"tags":[592,618,1187],"class_list":["post-173257","post","type-post","status-publish","format-standard","has-post-thumbnail","hentry","category-75-urteurrena","category-gotzaina","category-lehenengo-orrialdea","tag-elorria","tag-goazen-eu","tag-goazen25-eu"],"acf":[],"yoast_head":"<!-- This site is optimized with the Yoast SEO Premium plugin v27.2 (Yoast SEO v27.2) - https:\/\/yoast.com\/product\/yoast-seo-premium-wordpress\/ -->\n<title>Mila lagun inguru batu da Elorrion &quot;Goazen 2025&quot; ekitaldian<\/title>\n<meta name=\"description\" content=\"Mila lagun inguru batu da &quot;Goazen 2025&quot; kurtso hasierako ekitaldian, Elorion. Bihar, jarraipena izango dau parrokietan.\" \/>\n<meta name=\"robots\" content=\"index, follow, max-snippet:-1, max-image-preview:large, max-video-preview:-1\" \/>\n<link rel=\"canonical\" href=\"https:\/\/bizkeliza.org\/eu\/noticia\/mila-lagun-inguru-batu-da-elorrion-goazen-2025-ekitaldian\/\" \/>\n<meta property=\"og:locale\" content=\"eu_ES\" \/>\n<meta property=\"og:type\" content=\"article\" \/>\n<meta property=\"og:title\" content=\"Mila lagun inguru batu da Elorrion &quot;Goazen 2025&quot; ekitaldian\" \/>\n<meta property=\"og:description\" content=\"Mila lagun inguru batu da &quot;Goazen 2025&quot; kurtso hasierako ekitaldian, Elorion. Bihar, jarraipena izango dau parrokietan.\" \/>\n<meta property=\"og:url\" content=\"https:\/\/bizkeliza.org\/eu\/noticia\/mila-lagun-inguru-batu-da-elorrion-goazen-2025-ekitaldian\/\" \/>\n<meta property=\"og:site_name\" content=\"Bilboko Elizbarrutia - Di\u00f3cesis de Bilbao\" \/>\n<meta property=\"article:publisher\" content=\"https:\/\/www.facebook.com\/DiocesisBilbao\/\" \/>\n<meta property=\"article:published_time\" content=\"2025-09-27T12:00:00+00:00\" \/>\n<meta property=\"og:image\" content=\"https:\/\/bizkeliza.org\/wp-content\/uploads\/2025\/09\/IMG_1676.jpg\" \/>\n\t<meta property=\"og:image:width\" content=\"768\" \/>\n\t<meta property=\"og:image:height\" content=\"1024\" \/>\n\t<meta property=\"og:image:type\" content=\"image\/jpeg\" \/>\n<meta name=\"author\" content=\"dalberdi\" \/>\n<meta name=\"twitter:card\" content=\"summary_large_image\" \/>\n<meta name=\"twitter:creator\" content=\"@DiocesisBilbao\" \/>\n<meta name=\"twitter:site\" content=\"@DiocesisBilbao\" \/>\n<script type=\"application\/ld+json\" class=\"yoast-schema-graph\">{\"@context\":\"https:\/\/schema.org\",\"@graph\":[{\"@type\":\"Article\",\"@id\":\"https:\/\/bizkeliza.org\/eu\/noticia\/mila-lagun-inguru-batu-da-elorrion-goazen-2025-ekitaldian\/#article\",\"isPartOf\":{\"@id\":\"https:\/\/bizkeliza.org\/eu\/noticia\/mila-lagun-inguru-batu-da-elorrion-goazen-2025-ekitaldian\/\"},\"author\":{\"name\":\"dalberdi\",\"@id\":\"https:\/\/bizkeliza.org\/eu\/#\/schema\/person\/acc5e302cb1997bd56026a6980544228\"},\"headline\":\"Mila lagun inguru batu da Elorrion &#8220;Goazen 2025&#8221; ekitaldian\",\"datePublished\":\"2025-09-27T12:00:00+00:00\",\"mainEntityOfPage\":{\"@id\":\"https:\/\/bizkeliza.org\/eu\/noticia\/mila-lagun-inguru-batu-da-elorrion-goazen-2025-ekitaldian\/\"},\"wordCount\":433,\"publisher\":{\"@id\":\"https:\/\/bizkeliza.org\/eu\/#organization\"},\"image\":{\"@id\":\"https:\/\/bizkeliza.org\/eu\/noticia\/mila-lagun-inguru-batu-da-elorrion-goazen-2025-ekitaldian\/#primaryimage\"},\"thumbnailUrl\":\"https:\/\/bizkeliza.org\/wp-content\/uploads\/2025\/09\/IMG_1676.jpg\",\"keywords\":[\"Elorria\",\"Goazen\",\"Goazen25\"],\"articleSection\":[\"75. urteurrena\",\"Gotzaina\",\"Lehenengo Orrialdea\"],\"inLanguage\":\"eu-ES\"},{\"@type\":\"WebPage\",\"@id\":\"https:\/\/bizkeliza.org\/eu\/noticia\/mila-lagun-inguru-batu-da-elorrion-goazen-2025-ekitaldian\/\",\"url\":\"https:\/\/bizkeliza.org\/eu\/noticia\/mila-lagun-inguru-batu-da-elorrion-goazen-2025-ekitaldian\/\",\"name\":\"Mila lagun inguru batu da Elorrion \\\"Goazen 2025\\\" ekitaldian\",\"isPartOf\":{\"@id\":\"https:\/\/bizkeliza.org\/eu\/#website\"},\"primaryImageOfPage\":{\"@id\":\"https:\/\/bizkeliza.org\/eu\/noticia\/mila-lagun-inguru-batu-da-elorrion-goazen-2025-ekitaldian\/#primaryimage\"},\"image\":{\"@id\":\"https:\/\/bizkeliza.org\/eu\/noticia\/mila-lagun-inguru-batu-da-elorrion-goazen-2025-ekitaldian\/#primaryimage\"},\"thumbnailUrl\":\"https:\/\/bizkeliza.org\/wp-content\/uploads\/2025\/09\/IMG_1676.jpg\",\"datePublished\":\"2025-09-27T12:00:00+00:00\",\"description\":\"Mila lagun inguru batu da \\\"Goazen 2025\\\" kurtso hasierako ekitaldian, Elorion. Bihar, jarraipena izango dau parrokietan.\",\"breadcrumb\":{\"@id\":\"https:\/\/bizkeliza.org\/eu\/noticia\/mila-lagun-inguru-batu-da-elorrion-goazen-2025-ekitaldian\/#breadcrumb\"},\"inLanguage\":\"eu-ES\",\"potentialAction\":[{\"@type\":\"ReadAction\",\"target\":[\"https:\/\/bizkeliza.org\/eu\/noticia\/mila-lagun-inguru-batu-da-elorrion-goazen-2025-ekitaldian\/\"]}]},{\"@type\":\"ImageObject\",\"inLanguage\":\"eu-ES\",\"@id\":\"https:\/\/bizkeliza.org\/eu\/noticia\/mila-lagun-inguru-batu-da-elorrion-goazen-2025-ekitaldian\/#primaryimage\",\"url\":\"https:\/\/bizkeliza.org\/wp-content\/uploads\/2025\/09\/IMG_1676.jpg\",\"contentUrl\":\"https:\/\/bizkeliza.org\/wp-content\/uploads\/2025\/09\/IMG_1676.jpg\",\"width\":768,\"height\":1024},{\"@type\":\"BreadcrumbList\",\"@id\":\"https:\/\/bizkeliza.org\/eu\/noticia\/mila-lagun-inguru-batu-da-elorrion-goazen-2025-ekitaldian\/#breadcrumb\",\"itemListElement\":[{\"@type\":\"ListItem\",\"position\":1,\"name\":\"Portada\",\"item\":\"https:\/\/bizkeliza.org\/eu\/\"},{\"@type\":\"ListItem\",\"position\":2,\"name\":\"Mila lagun inguru batu da Elorrion \u00abGoazen 2025\u00bb ekitaldian\"}]},{\"@type\":\"WebSite\",\"@id\":\"https:\/\/bizkeliza.org\/eu\/#website\",\"url\":\"https:\/\/bizkeliza.org\/eu\/\",\"name\":\"Bilboko Elizbarrutia - Di\u00f3cesis de Bilbao\",\"description\":\"Di\u00f3cesis de Bilbao\",\"publisher\":{\"@id\":\"https:\/\/bizkeliza.org\/eu\/#organization\"},\"alternateName\":\"Di\u00f3cesis de Bilbao\",\"potentialAction\":[{\"@type\":\"SearchAction\",\"target\":{\"@type\":\"EntryPoint\",\"urlTemplate\":\"https:\/\/bizkeliza.org\/eu\/?s={search_term_string}\"},\"query-input\":{\"@type\":\"PropertyValueSpecification\",\"valueRequired\":true,\"valueName\":\"search_term_string\"}}],\"inLanguage\":\"eu-ES\"},{\"@type\":\"Organization\",\"@id\":\"https:\/\/bizkeliza.org\/eu\/#organization\",\"name\":\"Di\u00f3cesis de Bilbao\",\"alternateName\":\"Di\u00f3cesis de Bilbao\",\"url\":\"https:\/\/bizkeliza.org\/eu\/\",\"logo\":{\"@type\":\"ImageObject\",\"inLanguage\":\"eu-ES\",\"@id\":\"https:\/\/bizkeliza.org\/eu\/#\/schema\/logo\/image\/\",\"url\":\"https:\/\/bizkeliza.org\/wp-content\/uploads\/2022\/06\/Logo-nuevo_2024-1-scaled.jpg\",\"contentUrl\":\"https:\/\/bizkeliza.org\/wp-content\/uploads\/2022\/06\/Logo-nuevo_2024-1-scaled.jpg\",\"width\":2560,\"height\":1024,\"caption\":\"Di\u00f3cesis de Bilbao\"},\"image\":{\"@id\":\"https:\/\/bizkeliza.org\/eu\/#\/schema\/logo\/image\/\"},\"sameAs\":[\"https:\/\/www.facebook.com\/DiocesisBilbao\/\",\"https:\/\/x.com\/DiocesisBilbao\",\"https:\/\/www.instagram.com\/obispadobilbao\/\",\"https:\/\/www.youtube.com\/user\/bilbokoelizbarrutia\"],\"description\":\"Iglesia local de Bilbao perteneciente a la Iglesia Cat\u00f3lica\"},{\"@type\":\"Person\",\"@id\":\"https:\/\/bizkeliza.org\/eu\/#\/schema\/person\/acc5e302cb1997bd56026a6980544228\",\"name\":\"dalberdi\"}]}<\/script>\n<!-- \/ Yoast SEO Premium plugin. -->","yoast_head_json":{"title":"Mila lagun inguru batu da Elorrion \"Goazen 2025\" ekitaldian","description":"Mila lagun inguru batu da \"Goazen 2025\" kurtso hasierako ekitaldian, Elorion. Bihar, jarraipena izango dau parrokietan.","robots":{"index":"index","follow":"follow","max-snippet":"max-snippet:-1","max-image-preview":"max-image-preview:large","max-video-preview":"max-video-preview:-1"},"canonical":"https:\/\/bizkeliza.org\/eu\/noticia\/mila-lagun-inguru-batu-da-elorrion-goazen-2025-ekitaldian\/","og_locale":"eu_ES","og_type":"article","og_title":"Mila lagun inguru batu da Elorrion \"Goazen 2025\" ekitaldian","og_description":"Mila lagun inguru batu da \"Goazen 2025\" kurtso hasierako ekitaldian, Elorion. Bihar, jarraipena izango dau parrokietan.","og_url":"https:\/\/bizkeliza.org\/eu\/noticia\/mila-lagun-inguru-batu-da-elorrion-goazen-2025-ekitaldian\/","og_site_name":"Bilboko Elizbarrutia - Di\u00f3cesis de Bilbao","article_publisher":"https:\/\/www.facebook.com\/DiocesisBilbao\/","article_published_time":"2025-09-27T12:00:00+00:00","og_image":[{"width":768,"height":1024,"url":"https:\/\/bizkeliza.org\/wp-content\/uploads\/2025\/09\/IMG_1676.jpg","type":"image\/jpeg"}],"author":"dalberdi","twitter_card":"summary_large_image","twitter_creator":"@DiocesisBilbao","twitter_site":"@DiocesisBilbao","schema":{"@context":"https:\/\/schema.org","@graph":[{"@type":"Article","@id":"https:\/\/bizkeliza.org\/eu\/noticia\/mila-lagun-inguru-batu-da-elorrion-goazen-2025-ekitaldian\/#article","isPartOf":{"@id":"https:\/\/bizkeliza.org\/eu\/noticia\/mila-lagun-inguru-batu-da-elorrion-goazen-2025-ekitaldian\/"},"author":{"name":"dalberdi","@id":"https:\/\/bizkeliza.org\/eu\/#\/schema\/person\/acc5e302cb1997bd56026a6980544228"},"headline":"Mila lagun inguru batu da Elorrion &#8220;Goazen 2025&#8221; ekitaldian","datePublished":"2025-09-27T12:00:00+00:00","mainEntityOfPage":{"@id":"https:\/\/bizkeliza.org\/eu\/noticia\/mila-lagun-inguru-batu-da-elorrion-goazen-2025-ekitaldian\/"},"wordCount":433,"publisher":{"@id":"https:\/\/bizkeliza.org\/eu\/#organization"},"image":{"@id":"https:\/\/bizkeliza.org\/eu\/noticia\/mila-lagun-inguru-batu-da-elorrion-goazen-2025-ekitaldian\/#primaryimage"},"thumbnailUrl":"https:\/\/bizkeliza.org\/wp-content\/uploads\/2025\/09\/IMG_1676.jpg","keywords":["Elorria","Goazen","Goazen25"],"articleSection":["75. urteurrena","Gotzaina","Lehenengo Orrialdea"],"inLanguage":"eu-ES"},{"@type":"WebPage","@id":"https:\/\/bizkeliza.org\/eu\/noticia\/mila-lagun-inguru-batu-da-elorrion-goazen-2025-ekitaldian\/","url":"https:\/\/bizkeliza.org\/eu\/noticia\/mila-lagun-inguru-batu-da-elorrion-goazen-2025-ekitaldian\/","name":"Mila lagun inguru batu da Elorrion \"Goazen 2025\" ekitaldian","isPartOf":{"@id":"https:\/\/bizkeliza.org\/eu\/#website"},"primaryImageOfPage":{"@id":"https:\/\/bizkeliza.org\/eu\/noticia\/mila-lagun-inguru-batu-da-elorrion-goazen-2025-ekitaldian\/#primaryimage"},"image":{"@id":"https:\/\/bizkeliza.org\/eu\/noticia\/mila-lagun-inguru-batu-da-elorrion-goazen-2025-ekitaldian\/#primaryimage"},"thumbnailUrl":"https:\/\/bizkeliza.org\/wp-content\/uploads\/2025\/09\/IMG_1676.jpg","datePublished":"2025-09-27T12:00:00+00:00","description":"Mila lagun inguru batu da \"Goazen 2025\" kurtso hasierako ekitaldian, Elorion. Bihar, jarraipena izango dau parrokietan.","breadcrumb":{"@id":"https:\/\/bizkeliza.org\/eu\/noticia\/mila-lagun-inguru-batu-da-elorrion-goazen-2025-ekitaldian\/#breadcrumb"},"inLanguage":"eu-ES","potentialAction":[{"@type":"ReadAction","target":["https:\/\/bizkeliza.org\/eu\/noticia\/mila-lagun-inguru-batu-da-elorrion-goazen-2025-ekitaldian\/"]}]},{"@type":"ImageObject","inLanguage":"eu-ES","@id":"https:\/\/bizkeliza.org\/eu\/noticia\/mila-lagun-inguru-batu-da-elorrion-goazen-2025-ekitaldian\/#primaryimage","url":"https:\/\/bizkeliza.org\/wp-content\/uploads\/2025\/09\/IMG_1676.jpg","contentUrl":"https:\/\/bizkeliza.org\/wp-content\/uploads\/2025\/09\/IMG_1676.jpg","width":768,"height":1024},{"@type":"BreadcrumbList","@id":"https:\/\/bizkeliza.org\/eu\/noticia\/mila-lagun-inguru-batu-da-elorrion-goazen-2025-ekitaldian\/#breadcrumb","itemListElement":[{"@type":"ListItem","position":1,"name":"Portada","item":"https:\/\/bizkeliza.org\/eu\/"},{"@type":"ListItem","position":2,"name":"Mila lagun inguru batu da Elorrion \u00abGoazen 2025\u00bb ekitaldian"}]},{"@type":"WebSite","@id":"https:\/\/bizkeliza.org\/eu\/#website","url":"https:\/\/bizkeliza.org\/eu\/","name":"Bilboko Elizbarrutia - Di\u00f3cesis de Bilbao","description":"Di\u00f3cesis de Bilbao","publisher":{"@id":"https:\/\/bizkeliza.org\/eu\/#organization"},"alternateName":"Di\u00f3cesis de Bilbao","potentialAction":[{"@type":"SearchAction","target":{"@type":"EntryPoint","urlTemplate":"https:\/\/bizkeliza.org\/eu\/?s={search_term_string}"},"query-input":{"@type":"PropertyValueSpecification","valueRequired":true,"valueName":"search_term_string"}}],"inLanguage":"eu-ES"},{"@type":"Organization","@id":"https:\/\/bizkeliza.org\/eu\/#organization","name":"Di\u00f3cesis de Bilbao","alternateName":"Di\u00f3cesis de Bilbao","url":"https:\/\/bizkeliza.org\/eu\/","logo":{"@type":"ImageObject","inLanguage":"eu-ES","@id":"https:\/\/bizkeliza.org\/eu\/#\/schema\/logo\/image\/","url":"https:\/\/bizkeliza.org\/wp-content\/uploads\/2022\/06\/Logo-nuevo_2024-1-scaled.jpg","contentUrl":"https:\/\/bizkeliza.org\/wp-content\/uploads\/2022\/06\/Logo-nuevo_2024-1-scaled.jpg","width":2560,"height":1024,"caption":"Di\u00f3cesis de Bilbao"},"image":{"@id":"https:\/\/bizkeliza.org\/eu\/#\/schema\/logo\/image\/"},"sameAs":["https:\/\/www.facebook.com\/DiocesisBilbao\/","https:\/\/x.com\/DiocesisBilbao","https:\/\/www.instagram.com\/obispadobilbao\/","https:\/\/www.youtube.com\/user\/bilbokoelizbarrutia"],"description":"Iglesia local de Bilbao perteneciente a la Iglesia Cat\u00f3lica"},{"@type":"Person","@id":"https:\/\/bizkeliza.org\/eu\/#\/schema\/person\/acc5e302cb1997bd56026a6980544228","name":"dalberdi"}]}},"jetpack_featured_media_url":"https:\/\/bizkeliza.org\/wp-content\/uploads\/2025\/09\/IMG_1676.jpg","_links":{"self":[{"href":"https:\/\/bizkeliza.org\/eu\/wp-json\/wp\/v2\/posts\/173257","targetHints":{"allow":["GET"]}}],"collection":[{"href":"https:\/\/bizkeliza.org\/eu\/wp-json\/wp\/v2\/posts"}],"about":[{"href":"https:\/\/bizkeliza.org\/eu\/wp-json\/wp\/v2\/types\/post"}],"author":[{"embeddable":true,"href":"https:\/\/bizkeliza.org\/eu\/wp-json\/wp\/v2\/users\/19"}],"replies":[{"embeddable":true,"href":"https:\/\/bizkeliza.org\/eu\/wp-json\/wp\/v2\/comments?post=173257"}],"version-history":[{"count":0,"href":"https:\/\/bizkeliza.org\/eu\/wp-json\/wp\/v2\/posts\/173257\/revisions"}],"wp:featuredmedia":[{"embeddable":true,"href":"https:\/\/bizkeliza.org\/eu\/wp-json\/wp\/v2\/media\/173296"}],"wp:attachment":[{"href":"https:\/\/bizkeliza.org\/eu\/wp-json\/wp\/v2\/media?parent=173257"}],"wp:term":[{"taxonomy":"category","embeddable":true,"href":"https:\/\/bizkeliza.org\/eu\/wp-json\/wp\/v2\/categories?post=173257"},{"taxonomy":"post_tag","embeddable":true,"href":"https:\/\/bizkeliza.org\/eu\/wp-json\/wp\/v2\/tags?post=173257"}],"curies":[{"name":"wp","href":"https:\/\/api.w.org\/{rel}","templated":true}]}}