{"id":174407,"date":"2025-10-13T10:28:00","date_gmt":"2025-10-13T08:28:00","guid":{"rendered":"https:\/\/bizkeliza.org\/noticia\/asteburuko-barriak\/"},"modified":"2025-10-13T11:25:07","modified_gmt":"2025-10-13T09:25:07","slug":"asteburuko-barriak","status":"publish","type":"post","link":"https:\/\/bizkeliza.org\/eu\/noticia\/asteburuko-barriak\/","title":{"rendered":"Asteburuko barriak"},"content":{"rendered":"\n<p><\/p>\n\n<h3 class=\"wp-block-heading\"><p><strong>Profesa nagusia Lekeition<\/strong><\/p><\/h3>\n\n<p><p><strong>Sor M\u00f3nicah de la Precios\u00edsima Sangre de Jes\u00fas\u00a0<\/strong>monja domingotarrak profesa nagusia egin eban <strong>Lekeitioko Santo Domingo Guzman monasterioan.<\/strong><\/p><\/p>\n\n<p><p><strong>Elorrioko monja domingotarrek, Bego\u00f1ako eta Casalarreinako &#8220;Monikek&#8221;, Lekeitioko monja agustindar errekoletoek<\/strong> eta <strong>Gasteizko monja salestarrek Lekeitioko Santo Domingo Guzman monasterioko klausurako 12 monja domingotarrakaz<\/strong> bat egin eben eleizkizunean. Klausurako 50 monja inguruk eta herritar askok eleiza lepo bete eben.<\/p><\/p>\n\n<p><p>Benito Ansola 93 urteko abade lekeitiarrak be ez eban huts egin eta <strong>Bilboko abade-etxetik<\/strong> bere herrira joan zan <strong>Lekeitioko<\/strong> klausurako monjen jaian parte hartzeko.<\/p><\/p>\n\n<p><p><strong>Perun<\/strong> misiolari dan fraile domingotar nafarrak eta txandaka monasterioan Eukaristia ospatzen daben inguruko abadeek alkar-meza emon eben.\u00a0<\/p><\/p>\n\n<figure class=\"wp-block-image aligncenter size-large is-resized\"><img decoding=\"async\" width=\"1024\" height=\"888\" src=\"https:\/\/bizkeliza.org\/wp-content\/uploads\/2025\/10\/IMG-20251012-WA0017-1024x888.jpg\" alt=\"Profesa nagusia Lekeition\" class=\"wp-image-174390\" style=\"width:597px;height:auto\" srcset=\"https:\/\/bizkeliza.org\/wp-content\/uploads\/2025\/10\/IMG-20251012-WA0017-980x850.jpg 980w, https:\/\/bizkeliza.org\/wp-content\/uploads\/2025\/10\/IMG-20251012-WA0017-480x416.jpg 480w\" sizes=\"(min-width: 0px) and (max-width: 480px) 480px, (min-width: 481px) and (max-width: 980px) 980px, (min-width: 981px) 1024px, 100vw\" \/><\/figure>\n\n<p><\/p>\n\n<h3 class=\"wp-block-heading\"><p><strong>Amatxuren eguna Bego\u00f1an<\/strong><\/p><\/h3>\n\n<p><p>Gehiago jakiteko: <strong><a href=\"https:\/\/bizkeliza.org\/noticia\/begonako-andra-mari-bizkaiko-zaindari\/\">hemen.<\/a><\/strong><\/p><\/p>\n\n<figure class=\"wp-block-embed is-type-rich is-provider-twitter wp-block-embed-twitter\"><div class=\"wp-block-embed__wrapper\">\r\n<blockquote class=\"twitter-tweet\" data-width=\"550\" data-dnt=\"true\"><p lang=\"es\" dir=\"ltr\">\u201cEstamos preparados para extender el manto de la paz de la Amatxu de Bego\u00f1a a nuestros entornos\u201d Obispo de Bilbao <a href=\"https:\/\/twitter.com\/hashtag\/batera?src=hash&amp;ref_src=twsrc%5Etfw\">#batera<\/a> <a href=\"https:\/\/t.co\/P5BBlEDwV2\">pic.twitter.com\/P5BBlEDwV2<\/a><\/p>&mdash; Di\u00f3cesis Bilbao (@DiocesisBilbao) <a href=\"https:\/\/twitter.com\/DiocesisBilbao\/status\/1976957549632274549?ref_src=twsrc%5Etfw\">October 11, 2025<\/a><\/blockquote><script async src=\"https:\/\/platform.twitter.com\/widgets.js\" charset=\"utf-8\"><\/script>\r\n<\/div><\/figure><br>\n\n<p>Asteburuko mezetan, 1900ean, orain dala 125 urte konposatutako koroatzearen ereserkia entzun da.<\/p>\n\n<figure class=\"wp-block-video\"><video height=\"480\" style=\"aspect-ratio: 848 \/ 480;\" width=\"848\" controls=\"\" src=\"https:\/\/bizkeliza.org\/wp-content\/uploads\/2025\/10\/VID-20251012-WA0020.mp4\"><\/video><\/figure>\n\n<p><\/p>\n\n<h3 class=\"wp-block-heading\"><p><strong>Kurtsoaren hasiera Santurtzin<\/strong><\/p><\/h3>\n\n<p><p>Zapatuz ospatu zan pastoral kurtsoaren hasiera eta bialketa <strong>Santurtzi Pastoral Barrutian (PB).\u00a0<\/strong>Parrokia guztietako, ikastetxeetako eta pastoral arloetako kideak alkartu ziran <strong>Maria Eleizaren Ama parrokian.<\/strong><\/p><\/p>\n\n<figure class=\"wp-block-image aligncenter size-large is-resized\"><img decoding=\"async\" width=\"1024\" height=\"771\" src=\"https:\/\/bizkeliza.org\/wp-content\/uploads\/2025\/10\/IMG-20251013-WA0002-1024x771.jpg\" alt=\"\" class=\"wp-image-174362\" style=\"width:462px;height:auto\" srcset=\"https:\/\/bizkeliza.org\/wp-content\/uploads\/2025\/10\/IMG-20251013-WA0002-980x738.jpg 980w, https:\/\/bizkeliza.org\/wp-content\/uploads\/2025\/10\/IMG-20251013-WA0002-480x361.jpg 480w\" sizes=\"(min-width: 0px) and (max-width: 480px) 480px, (min-width: 481px) and (max-width: 980px) 980px, (min-width: 981px) 1024px, 100vw\" \/><\/figure>\n\n<p><p>Eleizbarrutiak kurtso honetarako aukeratu dauan\u00a0<strong>BATERA\u00a0<\/strong>goiburuagaz bat egin eben, danen artean katea osotuz. Partaide bakotxak bere kate-maila ipini eban, alkarteari egiten deutsan ekarpena adierazoz. Holan, kateak alkartuta dagoan alkartea irudikatu eban,\u00a0<em>&#8220;gutako bakotxa kate-maila dalarik, bakotxak bere lekua izanda&#8221;.<\/em><\/p><\/p>\n\n<p><p>Ospakizunaren amaieran, bialketa egin zan eta lagun bakotxak misinora,\u00a0<em>&#8221; aurrerantzean be Santurtzin Ebanjelioaren lekuko izatera&#8221;<\/em>\u00a0daroan <strong>&#8220;lekukoa&#8221;<\/strong> jaso eban.<\/p><\/p>\n\n<div class=\"wp-block-columns is-layout-flex wp-container-core-columns-is-layout-9d6595d7 wp-block-columns-is-layout-flex\">\n<div class=\"wp-block-column is-layout-flow wp-block-column-is-layout-flow\">\n<figure class=\"wp-block-image size-large\"><img decoding=\"async\" width=\"1024\" height=\"771\" src=\"https:\/\/bizkeliza.org\/wp-content\/uploads\/2025\/10\/IMG-20251013-WA0005-1024x771.jpg\" alt=\"Santurtzi PB\" class=\"wp-image-174371\" srcset=\"https:\/\/bizkeliza.org\/wp-content\/uploads\/2025\/10\/IMG-20251013-WA0005-980x738.jpg 980w, https:\/\/bizkeliza.org\/wp-content\/uploads\/2025\/10\/IMG-20251013-WA0005-480x361.jpg 480w\" sizes=\"(min-width: 0px) and (max-width: 480px) 480px, (min-width: 481px) and (max-width: 980px) 980px, (min-width: 981px) 1024px, 100vw\" \/><\/figure>\n<\/div>\n\n\n\n<div class=\"wp-block-column is-layout-flow wp-block-column-is-layout-flow\">\n<figure class=\"wp-block-image size-large\"><img decoding=\"async\" width=\"1024\" height=\"771\" src=\"https:\/\/bizkeliza.org\/wp-content\/uploads\/2025\/10\/IMG-20251013-WA0006-1024x771.jpg\" alt=\"Santurtzi PB\" class=\"wp-image-174374\" srcset=\"https:\/\/bizkeliza.org\/wp-content\/uploads\/2025\/10\/IMG-20251013-WA0006-980x738.jpg 980w, https:\/\/bizkeliza.org\/wp-content\/uploads\/2025\/10\/IMG-20251013-WA0006-480x361.jpg 480w\" sizes=\"(min-width: 0px) and (max-width: 480px) 480px, (min-width: 481px) and (max-width: 980px) 980px, (min-width: 981px) 1024px, 100vw\" \/><\/figure>\n<\/div>\n<\/div>\n\n<p><\/p>\n\n<p><p><strong>Misino-topaketa<\/strong><\/p><\/p>\n\n<p><p>Urtero, DOMUND egunaren inguruan,<strong> Iparraldeko misino-topaketa<\/strong> egiten da <strong>Misinoetarako Donostia, Gasteiz, Iru\u00f1a, Errioxa<\/strong> eta <strong>Bilboko ordezkaritzetako<\/strong> kideen partaidetzagaz eta <strong>aurton, zapatuz izan zan Donostian.\u00a0<\/strong><\/p><\/p>\n\n<p><\/p>\n\n<figure class=\"wp-block-image aligncenter size-large is-resized\"><img decoding=\"async\" width=\"1024\" height=\"768\" src=\"https:\/\/bizkeliza.org\/wp-content\/uploads\/2025\/10\/IMG-20251011-WA0018-1024x768.jpg\" alt=\"Iparraldeko misino-topaketa Donostian\" class=\"wp-image-174349\" style=\"width:636px;height:auto\" srcset=\"https:\/\/bizkeliza.org\/wp-content\/uploads\/2025\/10\/IMG-20251011-WA0018-980x735.jpg 980w, https:\/\/bizkeliza.org\/wp-content\/uploads\/2025\/10\/IMG-20251011-WA0018-480x360.jpg 480w\" sizes=\"(min-width: 0px) and (max-width: 480px) 480px, (min-width: 481px) and (max-width: 980px) 980px, (min-width: 981px) 1024px, 100vw\" \/><figcaption class=\"wp-element-caption\">Saioan parte hartu ebenak<\/figcaption><\/figure>\n\n<figure class=\"wp-block-image aligncenter size-large is-resized\"><img decoding=\"async\" width=\"1024\" height=\"765\" src=\"https:\/\/bizkeliza.org\/wp-content\/uploads\/2025\/10\/IMG-20251011-WA0020-1024x765.jpg\" alt=\"\" class=\"wp-image-174355\" style=\"width:514px;height:auto\" srcset=\"https:\/\/bizkeliza.org\/wp-content\/uploads\/2025\/10\/IMG-20251011-WA0020-980x733.jpg 980w, https:\/\/bizkeliza.org\/wp-content\/uploads\/2025\/10\/IMG-20251011-WA0020-480x359.jpg 480w\" sizes=\"(min-width: 0px) and (max-width: 480px) 480px, (min-width: 481px) and (max-width: 980px) 980px, (min-width: 981px) 1024px, 100vw\" \/><\/figure>\n","protected":false},"excerpt":{"rendered":"<p>Profesa nagusia Lekeition Sor M\u00f3nicah de la Precios\u00edsima Sangre de Jes\u00fas\u00a0monja domingotarrak profesa nagusia egin eban Lekeitioko Santo Domingo Guzman monasterioan. Elorrioko monja domingotarrek, Bego\u00f1ako eta Casalarreinako &#8220;Monikek&#8221;, Lekeitioko monja agustindar errekoletoek eta Gasteizko monja salestarrek Lekeitioko Santo Domingo Guzman monasterioko klausurako 12 monja domingotarrakaz bat egin eben eleizkizunean. Klausurako 50 monja inguruk eta herritar [&hellip;]<\/p>\n","protected":false},"author":20,"featured_media":174388,"comment_status":"closed","ping_status":"closed","sticky":false,"template":"","format":"standard","meta":{"_acf_changed":false,"_et_pb_use_builder":"off","_et_pb_old_content":"","_et_gb_content_width":"","footnotes":""},"categories":[506,504],"tags":[534,671,593],"class_list":["post-174407","post","type-post","status-publish","format-standard","has-post-thumbnail","hentry","category-lehenengo-orrialdea","category-misinoak","tag-begona-eu","tag-parrokiak","tag-zuzeneko-emonaldia"],"acf":[],"yoast_head":"<!-- This site is optimized with the Yoast SEO Premium plugin v27.2 (Yoast SEO v27.2) - https:\/\/yoast.com\/product\/yoast-seo-premium-wordpress\/ -->\n<title>Asteburuko barriak<\/title>\n<meta name=\"description\" content=\"Asteburuko mezetan, 1900ean, orain dala 125 urte konposatutako koroatzearen ereserkia entzun da:\" \/>\n<meta name=\"robots\" content=\"index, follow, max-snippet:-1, max-image-preview:large, max-video-preview:-1\" \/>\n<link rel=\"canonical\" href=\"https:\/\/bizkeliza.org\/eu\/noticia\/asteburuko-barriak\/\" \/>\n<meta property=\"og:locale\" content=\"eu_ES\" \/>\n<meta property=\"og:type\" content=\"article\" \/>\n<meta property=\"og:title\" content=\"Asteburuko barriak\" \/>\n<meta property=\"og:description\" content=\"Asteburuko mezetan, 1900ean, orain dala 125 urte konposatutako koroatzearen ereserkia entzun da:\" \/>\n<meta property=\"og:url\" content=\"https:\/\/bizkeliza.org\/eu\/noticia\/asteburuko-barriak\/\" \/>\n<meta property=\"og:site_name\" content=\"Bilboko Elizbarrutia - Di\u00f3cesis de Bilbao\" \/>\n<meta property=\"article:publisher\" content=\"https:\/\/www.facebook.com\/DiocesisBilbao\/\" \/>\n<meta property=\"article:published_time\" content=\"2025-10-13T08:28:00+00:00\" \/>\n<meta property=\"article:modified_time\" content=\"2025-10-13T09:25:07+00:00\" \/>\n<meta property=\"og:image\" content=\"https:\/\/bizkeliza.org\/wp-content\/uploads\/2025\/10\/IMG-20251012-WA0016.jpg\" \/>\n\t<meta property=\"og:image:width\" content=\"1600\" \/>\n\t<meta property=\"og:image:height\" content=\"1156\" \/>\n\t<meta property=\"og:image:type\" content=\"image\/jpeg\" \/>\n<meta name=\"author\" content=\"bkareaga\" \/>\n<meta name=\"twitter:card\" content=\"summary_large_image\" \/>\n<meta name=\"twitter:creator\" content=\"@DiocesisBilbao\" \/>\n<meta name=\"twitter:site\" content=\"@DiocesisBilbao\" \/>\n<script type=\"application\/ld+json\" class=\"yoast-schema-graph\">{\"@context\":\"https:\/\/schema.org\",\"@graph\":[{\"@type\":\"Article\",\"@id\":\"https:\/\/bizkeliza.org\/eu\/noticia\/asteburuko-barriak\/#article\",\"isPartOf\":{\"@id\":\"https:\/\/bizkeliza.org\/eu\/noticia\/asteburuko-barriak\/\"},\"author\":{\"name\":\"bkareaga\",\"@id\":\"https:\/\/bizkeliza.org\/eu\/#\/schema\/person\/1f27c53156256531056d48959c2f2008\"},\"headline\":\"Asteburuko barriak\",\"datePublished\":\"2025-10-13T08:28:00+00:00\",\"dateModified\":\"2025-10-13T09:25:07+00:00\",\"mainEntityOfPage\":{\"@id\":\"https:\/\/bizkeliza.org\/eu\/noticia\/asteburuko-barriak\/\"},\"wordCount\":245,\"publisher\":{\"@id\":\"https:\/\/bizkeliza.org\/eu\/#organization\"},\"image\":{\"@id\":\"https:\/\/bizkeliza.org\/eu\/noticia\/asteburuko-barriak\/#primaryimage\"},\"thumbnailUrl\":\"https:\/\/bizkeliza.org\/wp-content\/uploads\/2025\/10\/IMG-20251012-WA0016.jpg\",\"keywords\":[\"Bego\u00f1a\",\"Parrokiak\",\"Zuzeneko emonaldia\"],\"articleSection\":[\"Lehenengo Orrialdea\",\"Misinoak\"],\"inLanguage\":\"eu-ES\"},{\"@type\":\"WebPage\",\"@id\":\"https:\/\/bizkeliza.org\/eu\/noticia\/asteburuko-barriak\/\",\"url\":\"https:\/\/bizkeliza.org\/eu\/noticia\/asteburuko-barriak\/\",\"name\":\"Asteburuko barriak\",\"isPartOf\":{\"@id\":\"https:\/\/bizkeliza.org\/eu\/#website\"},\"primaryImageOfPage\":{\"@id\":\"https:\/\/bizkeliza.org\/eu\/noticia\/asteburuko-barriak\/#primaryimage\"},\"image\":{\"@id\":\"https:\/\/bizkeliza.org\/eu\/noticia\/asteburuko-barriak\/#primaryimage\"},\"thumbnailUrl\":\"https:\/\/bizkeliza.org\/wp-content\/uploads\/2025\/10\/IMG-20251012-WA0016.jpg\",\"datePublished\":\"2025-10-13T08:28:00+00:00\",\"dateModified\":\"2025-10-13T09:25:07+00:00\",\"description\":\"Asteburuko mezetan, 1900ean, orain dala 125 urte konposatutako koroatzearen ereserkia entzun da:\",\"breadcrumb\":{\"@id\":\"https:\/\/bizkeliza.org\/eu\/noticia\/asteburuko-barriak\/#breadcrumb\"},\"inLanguage\":\"eu-ES\",\"potentialAction\":[{\"@type\":\"ReadAction\",\"target\":[\"https:\/\/bizkeliza.org\/eu\/noticia\/asteburuko-barriak\/\"]}]},{\"@type\":\"ImageObject\",\"inLanguage\":\"eu-ES\",\"@id\":\"https:\/\/bizkeliza.org\/eu\/noticia\/asteburuko-barriak\/#primaryimage\",\"url\":\"https:\/\/bizkeliza.org\/wp-content\/uploads\/2025\/10\/IMG-20251012-WA0016.jpg\",\"contentUrl\":\"https:\/\/bizkeliza.org\/wp-content\/uploads\/2025\/10\/IMG-20251012-WA0016.jpg\",\"width\":1600,\"height\":1156,\"caption\":\"Profesi\u00f3n solemne en Lekeitio.\"},{\"@type\":\"BreadcrumbList\",\"@id\":\"https:\/\/bizkeliza.org\/eu\/noticia\/asteburuko-barriak\/#breadcrumb\",\"itemListElement\":[{\"@type\":\"ListItem\",\"position\":1,\"name\":\"Portada\",\"item\":\"https:\/\/bizkeliza.org\/eu\/\"},{\"@type\":\"ListItem\",\"position\":2,\"name\":\"Asteburuko barriak\"}]},{\"@type\":\"WebSite\",\"@id\":\"https:\/\/bizkeliza.org\/eu\/#website\",\"url\":\"https:\/\/bizkeliza.org\/eu\/\",\"name\":\"Bilboko Elizbarrutia - Di\u00f3cesis de Bilbao\",\"description\":\"Di\u00f3cesis de Bilbao\",\"publisher\":{\"@id\":\"https:\/\/bizkeliza.org\/eu\/#organization\"},\"alternateName\":\"Di\u00f3cesis de Bilbao\",\"potentialAction\":[{\"@type\":\"SearchAction\",\"target\":{\"@type\":\"EntryPoint\",\"urlTemplate\":\"https:\/\/bizkeliza.org\/eu\/?s={search_term_string}\"},\"query-input\":{\"@type\":\"PropertyValueSpecification\",\"valueRequired\":true,\"valueName\":\"search_term_string\"}}],\"inLanguage\":\"eu-ES\"},{\"@type\":\"Organization\",\"@id\":\"https:\/\/bizkeliza.org\/eu\/#organization\",\"name\":\"Di\u00f3cesis de Bilbao\",\"alternateName\":\"Di\u00f3cesis de Bilbao\",\"url\":\"https:\/\/bizkeliza.org\/eu\/\",\"logo\":{\"@type\":\"ImageObject\",\"inLanguage\":\"eu-ES\",\"@id\":\"https:\/\/bizkeliza.org\/eu\/#\/schema\/logo\/image\/\",\"url\":\"https:\/\/bizkeliza.org\/wp-content\/uploads\/2022\/06\/Logo-nuevo_2024-1-scaled.jpg\",\"contentUrl\":\"https:\/\/bizkeliza.org\/wp-content\/uploads\/2022\/06\/Logo-nuevo_2024-1-scaled.jpg\",\"width\":2560,\"height\":1024,\"caption\":\"Di\u00f3cesis de Bilbao\"},\"image\":{\"@id\":\"https:\/\/bizkeliza.org\/eu\/#\/schema\/logo\/image\/\"},\"sameAs\":[\"https:\/\/www.facebook.com\/DiocesisBilbao\/\",\"https:\/\/x.com\/DiocesisBilbao\",\"https:\/\/www.instagram.com\/obispadobilbao\/\",\"https:\/\/www.youtube.com\/user\/bilbokoelizbarrutia\"],\"description\":\"Iglesia local de Bilbao perteneciente a la Iglesia Cat\u00f3lica\"},{\"@type\":\"Person\",\"@id\":\"https:\/\/bizkeliza.org\/eu\/#\/schema\/person\/1f27c53156256531056d48959c2f2008\",\"name\":\"bkareaga\"}]}<\/script>\n<!-- \/ Yoast SEO Premium plugin. -->","yoast_head_json":{"title":"Asteburuko barriak","description":"Asteburuko mezetan, 1900ean, orain dala 125 urte konposatutako koroatzearen ereserkia entzun da:","robots":{"index":"index","follow":"follow","max-snippet":"max-snippet:-1","max-image-preview":"max-image-preview:large","max-video-preview":"max-video-preview:-1"},"canonical":"https:\/\/bizkeliza.org\/eu\/noticia\/asteburuko-barriak\/","og_locale":"eu_ES","og_type":"article","og_title":"Asteburuko barriak","og_description":"Asteburuko mezetan, 1900ean, orain dala 125 urte konposatutako koroatzearen ereserkia entzun da:","og_url":"https:\/\/bizkeliza.org\/eu\/noticia\/asteburuko-barriak\/","og_site_name":"Bilboko Elizbarrutia - Di\u00f3cesis de Bilbao","article_publisher":"https:\/\/www.facebook.com\/DiocesisBilbao\/","article_published_time":"2025-10-13T08:28:00+00:00","article_modified_time":"2025-10-13T09:25:07+00:00","og_image":[{"width":1600,"height":1156,"url":"https:\/\/bizkeliza.org\/wp-content\/uploads\/2025\/10\/IMG-20251012-WA0016.jpg","type":"image\/jpeg"}],"author":"bkareaga","twitter_card":"summary_large_image","twitter_creator":"@DiocesisBilbao","twitter_site":"@DiocesisBilbao","schema":{"@context":"https:\/\/schema.org","@graph":[{"@type":"Article","@id":"https:\/\/bizkeliza.org\/eu\/noticia\/asteburuko-barriak\/#article","isPartOf":{"@id":"https:\/\/bizkeliza.org\/eu\/noticia\/asteburuko-barriak\/"},"author":{"name":"bkareaga","@id":"https:\/\/bizkeliza.org\/eu\/#\/schema\/person\/1f27c53156256531056d48959c2f2008"},"headline":"Asteburuko barriak","datePublished":"2025-10-13T08:28:00+00:00","dateModified":"2025-10-13T09:25:07+00:00","mainEntityOfPage":{"@id":"https:\/\/bizkeliza.org\/eu\/noticia\/asteburuko-barriak\/"},"wordCount":245,"publisher":{"@id":"https:\/\/bizkeliza.org\/eu\/#organization"},"image":{"@id":"https:\/\/bizkeliza.org\/eu\/noticia\/asteburuko-barriak\/#primaryimage"},"thumbnailUrl":"https:\/\/bizkeliza.org\/wp-content\/uploads\/2025\/10\/IMG-20251012-WA0016.jpg","keywords":["Bego\u00f1a","Parrokiak","Zuzeneko emonaldia"],"articleSection":["Lehenengo Orrialdea","Misinoak"],"inLanguage":"eu-ES"},{"@type":"WebPage","@id":"https:\/\/bizkeliza.org\/eu\/noticia\/asteburuko-barriak\/","url":"https:\/\/bizkeliza.org\/eu\/noticia\/asteburuko-barriak\/","name":"Asteburuko barriak","isPartOf":{"@id":"https:\/\/bizkeliza.org\/eu\/#website"},"primaryImageOfPage":{"@id":"https:\/\/bizkeliza.org\/eu\/noticia\/asteburuko-barriak\/#primaryimage"},"image":{"@id":"https:\/\/bizkeliza.org\/eu\/noticia\/asteburuko-barriak\/#primaryimage"},"thumbnailUrl":"https:\/\/bizkeliza.org\/wp-content\/uploads\/2025\/10\/IMG-20251012-WA0016.jpg","datePublished":"2025-10-13T08:28:00+00:00","dateModified":"2025-10-13T09:25:07+00:00","description":"Asteburuko mezetan, 1900ean, orain dala 125 urte konposatutako koroatzearen ereserkia entzun da:","breadcrumb":{"@id":"https:\/\/bizkeliza.org\/eu\/noticia\/asteburuko-barriak\/#breadcrumb"},"inLanguage":"eu-ES","potentialAction":[{"@type":"ReadAction","target":["https:\/\/bizkeliza.org\/eu\/noticia\/asteburuko-barriak\/"]}]},{"@type":"ImageObject","inLanguage":"eu-ES","@id":"https:\/\/bizkeliza.org\/eu\/noticia\/asteburuko-barriak\/#primaryimage","url":"https:\/\/bizkeliza.org\/wp-content\/uploads\/2025\/10\/IMG-20251012-WA0016.jpg","contentUrl":"https:\/\/bizkeliza.org\/wp-content\/uploads\/2025\/10\/IMG-20251012-WA0016.jpg","width":1600,"height":1156,"caption":"Profesi\u00f3n solemne en Lekeitio."},{"@type":"BreadcrumbList","@id":"https:\/\/bizkeliza.org\/eu\/noticia\/asteburuko-barriak\/#breadcrumb","itemListElement":[{"@type":"ListItem","position":1,"name":"Portada","item":"https:\/\/bizkeliza.org\/eu\/"},{"@type":"ListItem","position":2,"name":"Asteburuko barriak"}]},{"@type":"WebSite","@id":"https:\/\/bizkeliza.org\/eu\/#website","url":"https:\/\/bizkeliza.org\/eu\/","name":"Bilboko Elizbarrutia - Di\u00f3cesis de Bilbao","description":"Di\u00f3cesis de Bilbao","publisher":{"@id":"https:\/\/bizkeliza.org\/eu\/#organization"},"alternateName":"Di\u00f3cesis de Bilbao","potentialAction":[{"@type":"SearchAction","target":{"@type":"EntryPoint","urlTemplate":"https:\/\/bizkeliza.org\/eu\/?s={search_term_string}"},"query-input":{"@type":"PropertyValueSpecification","valueRequired":true,"valueName":"search_term_string"}}],"inLanguage":"eu-ES"},{"@type":"Organization","@id":"https:\/\/bizkeliza.org\/eu\/#organization","name":"Di\u00f3cesis de Bilbao","alternateName":"Di\u00f3cesis de Bilbao","url":"https:\/\/bizkeliza.org\/eu\/","logo":{"@type":"ImageObject","inLanguage":"eu-ES","@id":"https:\/\/bizkeliza.org\/eu\/#\/schema\/logo\/image\/","url":"https:\/\/bizkeliza.org\/wp-content\/uploads\/2022\/06\/Logo-nuevo_2024-1-scaled.jpg","contentUrl":"https:\/\/bizkeliza.org\/wp-content\/uploads\/2022\/06\/Logo-nuevo_2024-1-scaled.jpg","width":2560,"height":1024,"caption":"Di\u00f3cesis de Bilbao"},"image":{"@id":"https:\/\/bizkeliza.org\/eu\/#\/schema\/logo\/image\/"},"sameAs":["https:\/\/www.facebook.com\/DiocesisBilbao\/","https:\/\/x.com\/DiocesisBilbao","https:\/\/www.instagram.com\/obispadobilbao\/","https:\/\/www.youtube.com\/user\/bilbokoelizbarrutia"],"description":"Iglesia local de Bilbao perteneciente a la Iglesia Cat\u00f3lica"},{"@type":"Person","@id":"https:\/\/bizkeliza.org\/eu\/#\/schema\/person\/1f27c53156256531056d48959c2f2008","name":"bkareaga"}]}},"jetpack_featured_media_url":"https:\/\/bizkeliza.org\/wp-content\/uploads\/2025\/10\/IMG-20251012-WA0016.jpg","_links":{"self":[{"href":"https:\/\/bizkeliza.org\/eu\/wp-json\/wp\/v2\/posts\/174407","targetHints":{"allow":["GET"]}}],"collection":[{"href":"https:\/\/bizkeliza.org\/eu\/wp-json\/wp\/v2\/posts"}],"about":[{"href":"https:\/\/bizkeliza.org\/eu\/wp-json\/wp\/v2\/types\/post"}],"author":[{"embeddable":true,"href":"https:\/\/bizkeliza.org\/eu\/wp-json\/wp\/v2\/users\/20"}],"replies":[{"embeddable":true,"href":"https:\/\/bizkeliza.org\/eu\/wp-json\/wp\/v2\/comments?post=174407"}],"version-history":[{"count":0,"href":"https:\/\/bizkeliza.org\/eu\/wp-json\/wp\/v2\/posts\/174407\/revisions"}],"wp:featuredmedia":[{"embeddable":true,"href":"https:\/\/bizkeliza.org\/eu\/wp-json\/wp\/v2\/media\/174388"}],"wp:attachment":[{"href":"https:\/\/bizkeliza.org\/eu\/wp-json\/wp\/v2\/media?parent=174407"}],"wp:term":[{"taxonomy":"category","embeddable":true,"href":"https:\/\/bizkeliza.org\/eu\/wp-json\/wp\/v2\/categories?post=174407"},{"taxonomy":"post_tag","embeddable":true,"href":"https:\/\/bizkeliza.org\/eu\/wp-json\/wp\/v2\/tags?post=174407"}],"curies":[{"name":"wp","href":"https:\/\/api.w.org\/{rel}","templated":true}]}}