{"id":175133,"date":"2025-10-27T06:00:00","date_gmt":"2025-10-27T05:00:00","guid":{"rendered":"https:\/\/bizkeliza.org\/?p=175133"},"modified":"2025-10-24T10:34:10","modified_gmt":"2025-10-24T08:34:10","slug":"otoitza-eta-bizitza-tailerra-eguaztenez-bilbon","status":"publish","type":"post","link":"https:\/\/bizkeliza.org\/eu\/noticia\/otoitza-eta-bizitza-tailerra-eguaztenez-bilbon\/","title":{"rendered":"&#8220;Otoitza eta bizitza&#8221; tailerra, eguaztenez, Bilbon"},"content":{"rendered":"\n<h1 class=\"wp-block-heading\"><\/h1>\n\n<p><p>Ignacio Larra\u00f1aga Azpeitiako kaputxinoak sortu ebazan &#8220;Otoitza eta bizitza&#8221; tailerrak. Gaur egun, <strong>40 herrialde<\/strong> ingurutan egiten dira. 19.500 arduradun edo gidari dagoz eta <strong>Vatikanoak 1997an onartu<\/strong> ebazan. Otoitz egiten ikasteko eta sakontzeko eleiz zerbitzua dira.<\/p><\/p>\n\n<p><p>Arduradunen esanetan, <em>\u201ceste aprendizaje <\/em><em>tiene un car\u00e1cter eminentemente experimental, como en un taller: orando se aprende a orar. Se aprende a entrar en la relaci\u00f3n personal con el Se\u00f1or, con variadas modalidades, desde los primeros pasos hasta las alturas de la contemplaci\u00f3n. Pero es tambi\u00e9n un Taller de Vida en el que la persona va liberando su mundo interior de inseguridades, complejos, miedos y tristezas, adquiriendo una fortaleza ps\u00edquica y recuperando el sentido de la vida y la alegr\u00eda de vivir\u201d.<\/em><\/p><\/p>\n\n<p><p>Gehiago jakiteko: <a href=\"http:\/\/www.tovpil.org\/\" target=\"_blank\" rel=\"noreferrer noopener\"><strong>www.tovpil.org<\/strong><\/a><\/p><\/p>\n\n<figure class=\"wp-block-image aligncenter size-large is-resized\"><img decoding=\"async\" width=\"740\" height=\"1024\" src=\"https:\/\/bizkeliza.org\/wp-content\/uploads\/2025\/10\/IMG-20251016-WA0022-740x1024.jpg\" alt=\"&quot;Otoitza eta bizitza&quot; tailerrak\" class=\"wp-image-174718\" style=\"width:508px;height:auto\"\/><\/figure>\n\n<p><\/p>\n","protected":false},"excerpt":{"rendered":"<p>Ignacio Larra\u00f1aga Azpeitiako kaputxinoak sortu ebazan &#8220;Otoitza eta bizitza&#8221; tailerrak. Gaur egun, 40 herrialde ingurutan egiten dira. 19.500 arduradun edo gidari dagoz eta Vatikanoak 1997an onartu ebazan. Otoitz egiten ikasteko eta sakontzeko eleiz zerbitzua dira. Arduradunen esanetan, \u201ceste aprendizaje tiene un car\u00e1cter eminentemente experimental, como en un taller: orando se aprende a orar. Se aprende [&hellip;]<\/p>\n","protected":false},"author":20,"featured_media":172323,"comment_status":"closed","ping_status":"closed","sticky":false,"template":"","format":"standard","meta":{"_acf_changed":false,"_et_pb_use_builder":"","_et_pb_old_content":"","_et_gb_content_width":"","footnotes":""},"categories":[506],"tags":[1218],"class_list":["post-175133","post","type-post","status-publish","format-standard","has-post-thumbnail","hentry","category-lehenengo-orrialdea","tag-jardunaldiak"],"acf":[],"yoast_head":"<!-- This site is optimized with the Yoast SEO Premium plugin v27.5 (Yoast SEO v27.5) - https:\/\/yoast.com\/product\/yoast-seo-premium-wordpress\/ -->\n<title>&quot;Otoitza eta bizitza&quot; tailerra, eguaztenez, Bilbon<\/title>\n<meta name=\"description\" content=\"Ignacio Larra\u00f1aga Azpeitiako kaputxinoak sortu ebazan &quot;Otoitza eta bizitza&quot; tailerrak. Gaur egun, 40 herrialde ingurutan egiten dira\" \/>\n<meta name=\"robots\" content=\"index, follow, max-snippet:-1, max-image-preview:large, max-video-preview:-1\" \/>\n<link rel=\"canonical\" href=\"https:\/\/bizkeliza.org\/eu\/noticia\/otoitza-eta-bizitza-tailerra-eguaztenez-bilbon\/\" \/>\n<meta property=\"og:locale\" content=\"eu_ES\" \/>\n<meta property=\"og:type\" content=\"article\" \/>\n<meta property=\"og:title\" content=\"&quot;Otoitza eta bizitza&quot; tailerra, eguaztenez, Bilbon\" \/>\n<meta property=\"og:description\" content=\"Ignacio Larra\u00f1aga Azpeitiako kaputxinoak sortu ebazan &quot;Otoitza eta bizitza&quot; tailerrak. Gaur egun, 40 herrialde ingurutan egiten dira\" \/>\n<meta property=\"og:url\" content=\"https:\/\/bizkeliza.org\/eu\/noticia\/otoitza-eta-bizitza-tailerra-eguaztenez-bilbon\/\" \/>\n<meta property=\"og:site_name\" content=\"Bilboko Elizbarrutia - Di\u00f3cesis de Bilbao\" \/>\n<meta property=\"article:publisher\" content=\"https:\/\/www.facebook.com\/DiocesisBilbao\/\" \/>\n<meta property=\"article:published_time\" content=\"2025-10-27T05:00:00+00:00\" \/>\n<meta property=\"og:image\" content=\"https:\/\/bizkeliza.org\/wp-content\/uploads\/2025\/09\/tov1.jpg\" \/>\n\t<meta property=\"og:image:width\" content=\"889\" \/>\n\t<meta property=\"og:image:height\" content=\"597\" \/>\n\t<meta property=\"og:image:type\" content=\"image\/jpeg\" \/>\n<meta name=\"author\" content=\"bkareaga\" \/>\n<meta name=\"twitter:card\" content=\"summary_large_image\" \/>\n<meta name=\"twitter:creator\" content=\"@DiocesisBilbao\" \/>\n<meta name=\"twitter:site\" content=\"@DiocesisBilbao\" \/>\n<script type=\"application\/ld+json\" class=\"yoast-schema-graph\">{\"@context\":\"https:\\\/\\\/schema.org\",\"@graph\":[{\"@type\":\"Article\",\"@id\":\"https:\\\/\\\/bizkeliza.org\\\/eu\\\/noticia\\\/otoitza-eta-bizitza-tailerra-eguaztenez-bilbon\\\/#article\",\"isPartOf\":{\"@id\":\"https:\\\/\\\/bizkeliza.org\\\/eu\\\/noticia\\\/otoitza-eta-bizitza-tailerra-eguaztenez-bilbon\\\/\"},\"author\":{\"name\":\"bkareaga\",\"@id\":\"https:\\\/\\\/bizkeliza.org\\\/eu\\\/#\\\/schema\\\/person\\\/1f27c53156256531056d48959c2f2008\"},\"headline\":\"&#8220;Otoitza eta bizitza&#8221; tailerra, eguaztenez, Bilbon\",\"datePublished\":\"2025-10-27T05:00:00+00:00\",\"mainEntityOfPage\":{\"@id\":\"https:\\\/\\\/bizkeliza.org\\\/eu\\\/noticia\\\/otoitza-eta-bizitza-tailerra-eguaztenez-bilbon\\\/\"},\"wordCount\":133,\"publisher\":{\"@id\":\"https:\\\/\\\/bizkeliza.org\\\/eu\\\/#organization\"},\"image\":{\"@id\":\"https:\\\/\\\/bizkeliza.org\\\/eu\\\/noticia\\\/otoitza-eta-bizitza-tailerra-eguaztenez-bilbon\\\/#primaryimage\"},\"thumbnailUrl\":\"https:\\\/\\\/bizkeliza.org\\\/wp-content\\\/uploads\\\/2025\\\/09\\\/tov1.jpg\",\"keywords\":[\"jardunaldiak\"],\"articleSection\":[\"Lehenengo Orrialdea\"],\"inLanguage\":\"eu-ES\"},{\"@type\":\"WebPage\",\"@id\":\"https:\\\/\\\/bizkeliza.org\\\/eu\\\/noticia\\\/otoitza-eta-bizitza-tailerra-eguaztenez-bilbon\\\/\",\"url\":\"https:\\\/\\\/bizkeliza.org\\\/eu\\\/noticia\\\/otoitza-eta-bizitza-tailerra-eguaztenez-bilbon\\\/\",\"name\":\"\\\"Otoitza eta bizitza\\\" tailerra, eguaztenez, Bilbon\",\"isPartOf\":{\"@id\":\"https:\\\/\\\/bizkeliza.org\\\/eu\\\/#website\"},\"primaryImageOfPage\":{\"@id\":\"https:\\\/\\\/bizkeliza.org\\\/eu\\\/noticia\\\/otoitza-eta-bizitza-tailerra-eguaztenez-bilbon\\\/#primaryimage\"},\"image\":{\"@id\":\"https:\\\/\\\/bizkeliza.org\\\/eu\\\/noticia\\\/otoitza-eta-bizitza-tailerra-eguaztenez-bilbon\\\/#primaryimage\"},\"thumbnailUrl\":\"https:\\\/\\\/bizkeliza.org\\\/wp-content\\\/uploads\\\/2025\\\/09\\\/tov1.jpg\",\"datePublished\":\"2025-10-27T05:00:00+00:00\",\"description\":\"Ignacio Larra\u00f1aga Azpeitiako kaputxinoak sortu ebazan \\\"Otoitza eta bizitza\\\" tailerrak. Gaur egun, 40 herrialde ingurutan egiten dira\",\"breadcrumb\":{\"@id\":\"https:\\\/\\\/bizkeliza.org\\\/eu\\\/noticia\\\/otoitza-eta-bizitza-tailerra-eguaztenez-bilbon\\\/#breadcrumb\"},\"inLanguage\":\"eu-ES\",\"potentialAction\":[{\"@type\":\"ReadAction\",\"target\":[\"https:\\\/\\\/bizkeliza.org\\\/eu\\\/noticia\\\/otoitza-eta-bizitza-tailerra-eguaztenez-bilbon\\\/\"]}]},{\"@type\":\"ImageObject\",\"inLanguage\":\"eu-ES\",\"@id\":\"https:\\\/\\\/bizkeliza.org\\\/eu\\\/noticia\\\/otoitza-eta-bizitza-tailerra-eguaztenez-bilbon\\\/#primaryimage\",\"url\":\"https:\\\/\\\/bizkeliza.org\\\/wp-content\\\/uploads\\\/2025\\\/09\\\/tov1.jpg\",\"contentUrl\":\"https:\\\/\\\/bizkeliza.org\\\/wp-content\\\/uploads\\\/2025\\\/09\\\/tov1.jpg\",\"width\":889,\"height\":597,\"caption\":\"Talleres de Oraci\u00f3n y Vida\"},{\"@type\":\"BreadcrumbList\",\"@id\":\"https:\\\/\\\/bizkeliza.org\\\/eu\\\/noticia\\\/otoitza-eta-bizitza-tailerra-eguaztenez-bilbon\\\/#breadcrumb\",\"itemListElement\":[{\"@type\":\"ListItem\",\"position\":1,\"name\":\"Portada\",\"item\":\"https:\\\/\\\/bizkeliza.org\\\/eu\\\/\"},{\"@type\":\"ListItem\",\"position\":2,\"name\":\"\u00abOtoitza eta bizitza\u00bb tailerra, eguaztenez, Bilbon\"}]},{\"@type\":\"WebSite\",\"@id\":\"https:\\\/\\\/bizkeliza.org\\\/eu\\\/#website\",\"url\":\"https:\\\/\\\/bizkeliza.org\\\/eu\\\/\",\"name\":\"Bilboko Elizbarrutia - Di\u00f3cesis de Bilbao\",\"description\":\"Di\u00f3cesis de Bilbao\",\"publisher\":{\"@id\":\"https:\\\/\\\/bizkeliza.org\\\/eu\\\/#organization\"},\"alternateName\":\"Di\u00f3cesis de Bilbao\",\"potentialAction\":[{\"@type\":\"SearchAction\",\"target\":{\"@type\":\"EntryPoint\",\"urlTemplate\":\"https:\\\/\\\/bizkeliza.org\\\/eu\\\/?s={search_term_string}\"},\"query-input\":{\"@type\":\"PropertyValueSpecification\",\"valueRequired\":true,\"valueName\":\"search_term_string\"}}],\"inLanguage\":\"eu-ES\"},{\"@type\":\"Organization\",\"@id\":\"https:\\\/\\\/bizkeliza.org\\\/eu\\\/#organization\",\"name\":\"Di\u00f3cesis de Bilbao\",\"alternateName\":\"Di\u00f3cesis de Bilbao\",\"url\":\"https:\\\/\\\/bizkeliza.org\\\/eu\\\/\",\"logo\":{\"@type\":\"ImageObject\",\"inLanguage\":\"eu-ES\",\"@id\":\"https:\\\/\\\/bizkeliza.org\\\/eu\\\/#\\\/schema\\\/logo\\\/image\\\/\",\"url\":\"https:\\\/\\\/bizkeliza.org\\\/wp-content\\\/uploads\\\/2022\\\/06\\\/Logo-nuevo_2024-1-scaled.jpg\",\"contentUrl\":\"https:\\\/\\\/bizkeliza.org\\\/wp-content\\\/uploads\\\/2022\\\/06\\\/Logo-nuevo_2024-1-scaled.jpg\",\"width\":2560,\"height\":1024,\"caption\":\"Di\u00f3cesis de Bilbao\"},\"image\":{\"@id\":\"https:\\\/\\\/bizkeliza.org\\\/eu\\\/#\\\/schema\\\/logo\\\/image\\\/\"},\"sameAs\":[\"https:\\\/\\\/www.facebook.com\\\/DiocesisBilbao\\\/\",\"https:\\\/\\\/x.com\\\/DiocesisBilbao\",\"https:\\\/\\\/www.instagram.com\\\/obispadobilbao\\\/\",\"https:\\\/\\\/www.youtube.com\\\/user\\\/bilbokoelizbarrutia\"],\"description\":\"Iglesia local de Bilbao perteneciente a la Iglesia Cat\u00f3lica\"},{\"@type\":\"Person\",\"@id\":\"https:\\\/\\\/bizkeliza.org\\\/eu\\\/#\\\/schema\\\/person\\\/1f27c53156256531056d48959c2f2008\",\"name\":\"bkareaga\"}]}<\/script>\n<!-- \/ Yoast SEO Premium plugin. -->","yoast_head_json":{"title":"\"Otoitza eta bizitza\" tailerra, eguaztenez, Bilbon","description":"Ignacio Larra\u00f1aga Azpeitiako kaputxinoak sortu ebazan \"Otoitza eta bizitza\" tailerrak. Gaur egun, 40 herrialde ingurutan egiten dira","robots":{"index":"index","follow":"follow","max-snippet":"max-snippet:-1","max-image-preview":"max-image-preview:large","max-video-preview":"max-video-preview:-1"},"canonical":"https:\/\/bizkeliza.org\/eu\/noticia\/otoitza-eta-bizitza-tailerra-eguaztenez-bilbon\/","og_locale":"eu_ES","og_type":"article","og_title":"\"Otoitza eta bizitza\" tailerra, eguaztenez, Bilbon","og_description":"Ignacio Larra\u00f1aga Azpeitiako kaputxinoak sortu ebazan \"Otoitza eta bizitza\" tailerrak. Gaur egun, 40 herrialde ingurutan egiten dira","og_url":"https:\/\/bizkeliza.org\/eu\/noticia\/otoitza-eta-bizitza-tailerra-eguaztenez-bilbon\/","og_site_name":"Bilboko Elizbarrutia - Di\u00f3cesis de Bilbao","article_publisher":"https:\/\/www.facebook.com\/DiocesisBilbao\/","article_published_time":"2025-10-27T05:00:00+00:00","og_image":[{"width":889,"height":597,"url":"https:\/\/bizkeliza.org\/wp-content\/uploads\/2025\/09\/tov1.jpg","type":"image\/jpeg"}],"author":"bkareaga","twitter_card":"summary_large_image","twitter_creator":"@DiocesisBilbao","twitter_site":"@DiocesisBilbao","schema":{"@context":"https:\/\/schema.org","@graph":[{"@type":"Article","@id":"https:\/\/bizkeliza.org\/eu\/noticia\/otoitza-eta-bizitza-tailerra-eguaztenez-bilbon\/#article","isPartOf":{"@id":"https:\/\/bizkeliza.org\/eu\/noticia\/otoitza-eta-bizitza-tailerra-eguaztenez-bilbon\/"},"author":{"name":"bkareaga","@id":"https:\/\/bizkeliza.org\/eu\/#\/schema\/person\/1f27c53156256531056d48959c2f2008"},"headline":"&#8220;Otoitza eta bizitza&#8221; tailerra, eguaztenez, Bilbon","datePublished":"2025-10-27T05:00:00+00:00","mainEntityOfPage":{"@id":"https:\/\/bizkeliza.org\/eu\/noticia\/otoitza-eta-bizitza-tailerra-eguaztenez-bilbon\/"},"wordCount":133,"publisher":{"@id":"https:\/\/bizkeliza.org\/eu\/#organization"},"image":{"@id":"https:\/\/bizkeliza.org\/eu\/noticia\/otoitza-eta-bizitza-tailerra-eguaztenez-bilbon\/#primaryimage"},"thumbnailUrl":"https:\/\/bizkeliza.org\/wp-content\/uploads\/2025\/09\/tov1.jpg","keywords":["jardunaldiak"],"articleSection":["Lehenengo Orrialdea"],"inLanguage":"eu-ES"},{"@type":"WebPage","@id":"https:\/\/bizkeliza.org\/eu\/noticia\/otoitza-eta-bizitza-tailerra-eguaztenez-bilbon\/","url":"https:\/\/bizkeliza.org\/eu\/noticia\/otoitza-eta-bizitza-tailerra-eguaztenez-bilbon\/","name":"\"Otoitza eta bizitza\" tailerra, eguaztenez, Bilbon","isPartOf":{"@id":"https:\/\/bizkeliza.org\/eu\/#website"},"primaryImageOfPage":{"@id":"https:\/\/bizkeliza.org\/eu\/noticia\/otoitza-eta-bizitza-tailerra-eguaztenez-bilbon\/#primaryimage"},"image":{"@id":"https:\/\/bizkeliza.org\/eu\/noticia\/otoitza-eta-bizitza-tailerra-eguaztenez-bilbon\/#primaryimage"},"thumbnailUrl":"https:\/\/bizkeliza.org\/wp-content\/uploads\/2025\/09\/tov1.jpg","datePublished":"2025-10-27T05:00:00+00:00","description":"Ignacio Larra\u00f1aga Azpeitiako kaputxinoak sortu ebazan \"Otoitza eta bizitza\" tailerrak. Gaur egun, 40 herrialde ingurutan egiten dira","breadcrumb":{"@id":"https:\/\/bizkeliza.org\/eu\/noticia\/otoitza-eta-bizitza-tailerra-eguaztenez-bilbon\/#breadcrumb"},"inLanguage":"eu-ES","potentialAction":[{"@type":"ReadAction","target":["https:\/\/bizkeliza.org\/eu\/noticia\/otoitza-eta-bizitza-tailerra-eguaztenez-bilbon\/"]}]},{"@type":"ImageObject","inLanguage":"eu-ES","@id":"https:\/\/bizkeliza.org\/eu\/noticia\/otoitza-eta-bizitza-tailerra-eguaztenez-bilbon\/#primaryimage","url":"https:\/\/bizkeliza.org\/wp-content\/uploads\/2025\/09\/tov1.jpg","contentUrl":"https:\/\/bizkeliza.org\/wp-content\/uploads\/2025\/09\/tov1.jpg","width":889,"height":597,"caption":"Talleres de Oraci\u00f3n y Vida"},{"@type":"BreadcrumbList","@id":"https:\/\/bizkeliza.org\/eu\/noticia\/otoitza-eta-bizitza-tailerra-eguaztenez-bilbon\/#breadcrumb","itemListElement":[{"@type":"ListItem","position":1,"name":"Portada","item":"https:\/\/bizkeliza.org\/eu\/"},{"@type":"ListItem","position":2,"name":"\u00abOtoitza eta bizitza\u00bb tailerra, eguaztenez, Bilbon"}]},{"@type":"WebSite","@id":"https:\/\/bizkeliza.org\/eu\/#website","url":"https:\/\/bizkeliza.org\/eu\/","name":"Bilboko Elizbarrutia - Di\u00f3cesis de Bilbao","description":"Di\u00f3cesis de Bilbao","publisher":{"@id":"https:\/\/bizkeliza.org\/eu\/#organization"},"alternateName":"Di\u00f3cesis de Bilbao","potentialAction":[{"@type":"SearchAction","target":{"@type":"EntryPoint","urlTemplate":"https:\/\/bizkeliza.org\/eu\/?s={search_term_string}"},"query-input":{"@type":"PropertyValueSpecification","valueRequired":true,"valueName":"search_term_string"}}],"inLanguage":"eu-ES"},{"@type":"Organization","@id":"https:\/\/bizkeliza.org\/eu\/#organization","name":"Di\u00f3cesis de Bilbao","alternateName":"Di\u00f3cesis de Bilbao","url":"https:\/\/bizkeliza.org\/eu\/","logo":{"@type":"ImageObject","inLanguage":"eu-ES","@id":"https:\/\/bizkeliza.org\/eu\/#\/schema\/logo\/image\/","url":"https:\/\/bizkeliza.org\/wp-content\/uploads\/2022\/06\/Logo-nuevo_2024-1-scaled.jpg","contentUrl":"https:\/\/bizkeliza.org\/wp-content\/uploads\/2022\/06\/Logo-nuevo_2024-1-scaled.jpg","width":2560,"height":1024,"caption":"Di\u00f3cesis de Bilbao"},"image":{"@id":"https:\/\/bizkeliza.org\/eu\/#\/schema\/logo\/image\/"},"sameAs":["https:\/\/www.facebook.com\/DiocesisBilbao\/","https:\/\/x.com\/DiocesisBilbao","https:\/\/www.instagram.com\/obispadobilbao\/","https:\/\/www.youtube.com\/user\/bilbokoelizbarrutia"],"description":"Iglesia local de Bilbao perteneciente a la Iglesia Cat\u00f3lica"},{"@type":"Person","@id":"https:\/\/bizkeliza.org\/eu\/#\/schema\/person\/1f27c53156256531056d48959c2f2008","name":"bkareaga"}]}},"jetpack_featured_media_url":"https:\/\/bizkeliza.org\/wp-content\/uploads\/2025\/09\/tov1.jpg","_links":{"self":[{"href":"https:\/\/bizkeliza.org\/eu\/wp-json\/wp\/v2\/posts\/175133","targetHints":{"allow":["GET"]}}],"collection":[{"href":"https:\/\/bizkeliza.org\/eu\/wp-json\/wp\/v2\/posts"}],"about":[{"href":"https:\/\/bizkeliza.org\/eu\/wp-json\/wp\/v2\/types\/post"}],"author":[{"embeddable":true,"href":"https:\/\/bizkeliza.org\/eu\/wp-json\/wp\/v2\/users\/20"}],"replies":[{"embeddable":true,"href":"https:\/\/bizkeliza.org\/eu\/wp-json\/wp\/v2\/comments?post=175133"}],"version-history":[{"count":0,"href":"https:\/\/bizkeliza.org\/eu\/wp-json\/wp\/v2\/posts\/175133\/revisions"}],"wp:featuredmedia":[{"embeddable":true,"href":"https:\/\/bizkeliza.org\/eu\/wp-json\/wp\/v2\/media\/172323"}],"wp:attachment":[{"href":"https:\/\/bizkeliza.org\/eu\/wp-json\/wp\/v2\/media?parent=175133"}],"wp:term":[{"taxonomy":"category","embeddable":true,"href":"https:\/\/bizkeliza.org\/eu\/wp-json\/wp\/v2\/categories?post=175133"},{"taxonomy":"post_tag","embeddable":true,"href":"https:\/\/bizkeliza.org\/eu\/wp-json\/wp\/v2\/tags?post=175133"}],"curies":[{"name":"wp","href":"https:\/\/api.w.org\/{rel}","templated":true}]}}