{"id":175837,"date":"2025-11-05T10:00:00","date_gmt":"2025-11-05T09:00:00","guid":{"rendered":"https:\/\/bizkeliza.org\/?p=175837"},"modified":"2025-11-05T09:55:46","modified_gmt":"2025-11-05T08:55:46","slug":"zaintzaileen-egitekoa-aldarrikatzeko-eguna","status":"publish","type":"post","link":"https:\/\/bizkeliza.org\/eu\/noticia\/zaintzaileen-egitekoa-aldarrikatzeko-eguna\/","title":{"rendered":"Zaintzaileen egitekoa aldarrikatzeko eguna"},"content":{"rendered":"\n<p><\/p>\n\n<p><p>Arduradunen esanetan, <em>&#8220;zaintza bera, Jainkoaren Maitasunaren adierazpen zehatza dala nabarmendu gura dogu, ahulenen aldeko keinu, agerpen eta konpromiso egiten dan maitasunaren adierazpen. Zaintzea ahuleziazko egoeran dagozan pertsonen esanetara egotea da, holan, Jainkoaren samurtasuna hedatuz munduan<\/em><em>&#8220;.<\/em><\/p><\/p>\n\n<p>Zaintzaileek, ardura beteaz, pertsona nagusiei eta mendekoei eguneroko gauzetan laguntzen deutsie, euren bizi-kalitatea nabarmen hobetuz eta alkarte eta familia loturak sendotuz.<\/p>\n\n<h3 class=\"wp-block-heading\"><p><strong>Zaindu:<\/strong><\/p><\/h3>\n\n<p><p>Batzuetan zaintzaren ikuspuntu negatiboa izaten bada be, sakrifizioari edo higadurari lotuz, zaintzaile askorentzat egiteko hau guztiz atsegingarria dala autortu beharra dago. Zaintzea, gizatasunean haztea be bada eta neurri barik emoten dan maitasunetik sortzen dan poza sentitzea,<\/p><\/p>\n\n<p><p>Bilboko eleizbarrutitik bihotzez eskertu gura da pertsona honeen eskuzabaltasuna, emoteko daben gaitasuna eta besteei eskeintzen deutsen maitasuna. Eredugarri dira zerbitzuan, errukian eta alkartasunean, hau da <strong>Jainkoaren Maitasunaren<\/strong> aurpegia agertzen daben eta gizarte osoarentzat aberasgarri diran balioetan.<\/p><\/p>\n\n<p><p><i>&#8220;Egun honetan, gure autorpena adierazo gura deutsegu zaintzaileei, euren konpromiso eta ardura fede, gizatasun eta itxaropenezko benetako lekukotasun dira-eta&#8221;.<\/i><\/p><\/p>\n\n<h3 class=\"wp-block-heading\"><p><b>Lekukotasunak:<\/b><\/p><\/h3>\n\n<p><p>Itaunok egin jakoz zenbait zaintzaileri:\u00a0<em><strong>Zer ekarri deutsu zuri zeure hazkunderako, fede bizipenerako? Zure ustez, zein izan da esperientzia honen alderdirik atsegingarriena eta alderdirik gogorrena?<\/strong><\/em><\/p><\/p>\n\n<p>Hona hemen erantzunak:<\/p>\n\n<p><em>No voy a transmitir una visi\u00f3n \u201cid\u00edlica\u201d del cuidado. Cuidar de una persona dependiente, en un proceso neurodegenerativo (como es nuestro caso), no es f\u00e1cil y ser cuidadora es duro.<\/em><\/p>\n\n<p><em>Hay muchos momentos de impotencia, cuando no sabes c\u00f3mo resolver lo que en ese momento se presenta, cuando no sabes c\u00f3mo ayudar a la persona, ni siquiera, muchas veces, qu\u00e9 es exactamente lo que necesita; hay momentos de incertidumbre e inseguridad ante pasos que no sabes c\u00f3mo dar y decisiones que no sabes c\u00f3mo tomar. Hay muchos momentos de rabia y enfado, cuando la situaci\u00f3n te supera y tu interior se rebela ante lo que te sientes sin fuerzas para afrontar\u2026 Hay, en definitiva, muchos momentos de tristeza, al contemplar y acompa\u00f1ar el deterioro de esa persona a la que quieres, y a la que sientes que est\u00e1s perdiendo d\u00eda a d\u00eda.<\/em><\/p>\n\n<p><em>Entonces, \u00bfpor qu\u00e9 seguir cuidando y \u201cno tirar la toalla\u201d? Porque Dios sigue tirando de m\u00ed cada d\u00eda. Todo este proceso (que dura ya 8 a\u00f1os, cuidando primero de aita y seguido de ama) me va ense\u00f1ando, (nos va ense\u00f1ando en familia), a ordenar la vida poniendo realmente en el centro a quien m\u00e1s necesita, a relativizar tiempos y prioridades, a tener paciencia y no imponer el ritmo, a experimentar que todo un d\u00eda ha merecido la pena s\u00f3lo por una mirada sonriente de 5 segundos o un \u201cte quiero mucho\u201d balbuceado, entre dientes, casi imperceptible.<\/em><\/p>\n\n<p><em>En todo este tiempo, Dios se sigue empe\u00f1ando cada d\u00eda en transformar mi impotencia e inseguridad en confianza, en serenar mi rabia y hacerme crecer en ternura, en transformar la tristeza en la alegr\u00eda serena que llena el coraz\u00f3n cuando lo que haces es realmente desde el amor.<\/em><\/p>\n\n<p>(M.E.)<\/p>\n\n<p>&#8212;&#8212;&#8212;&#8212;-<\/p>\n\n<p><em>Para mi padre era muy duro dejar que yo le hiciera todo: levantarle, asearle, vestirle, todo. Discut\u00edamos mucho los dos<\/em><\/p>\n\n<p><em>Yo siempre le ped\u00eda a Dios que le hiciera cambiar a mi padre hasta que un d\u00eda escuch\u00e9 en una charla que nos dio un franciscano que no deb\u00edamos pedir a Dios que cambiara a los dem\u00e1s, dec\u00eda que lo que ten\u00edamos que pedirle era que nos cambiara a nosotros el coraz\u00f3n, para que pudi\u00e9ramos ver a los dem\u00e1s de otra forma. A partir de entonces el trato fue distinto para los dos.<\/em><\/p>\n\n<p><em>Con mi padre aprend\u00ed a querer a los dem\u00e1s. Le estoy muy agradecida a Dios por mis padres.<\/em><\/p>\n\n<p>(MJ.B)<\/p>\n\n<p>&#8212;&#8212;&#8212;&#8212;-<\/p>\n\n<p><em>Mi experiencia como cuidador y acompa\u00f1ante de personas mayores o enfermas ha sido, ante todo, una lecci\u00f3n de vida. Ser cuidador es dar, escuchar y, sobre todo, estar presente, estar a su lado.<\/em><\/p>\n\n<p><em>Se trata de acompa\u00f1ar en la vida que nos toca, a cada persona en el tramo de vida que le toca recorrer, siendo su compa\u00f1ero o compa\u00f1era de vida. En ese acompa\u00f1ar, esas personas son quienes m\u00e1s nos aportan.<\/em><\/p>\n\n<p><em>Su experiencia, su sabidur\u00eda y recorrido de vida tienen mucho que decir. Escucharles no solo es importante, sino profundamente enriquecedor. Cada conversaci\u00f3n, cada historia y cada silencio compartido nos ense\u00f1an algo nuevo y nos transforman como personas.<\/em><\/p>\n\n<p>(A.M)<\/p>\n\n<p><em>De una \u2018obligaci\u00f3n\u2019 naci\u00f3 la \u2018devoci\u00f3n\u2019: en mi caso, de un compromiso asumido por mi madre respecto a su t\u00eda carnal Maxi cuando esta ten\u00eda 98 a\u00f1os y vio que ya no pod\u00eda vivir sola, pas\u00e9 a ejercer de cuidadora dos a\u00f1os despu\u00e9s al fallecer mi madre, traslad\u00e1ndome para cuidar a mi t\u00eda-abuela, que por entonces ya era centenaria.<\/em><\/p>\n\n<p><em>Por mi trabajo, he o\u00eddo muchas veces a personas voluntarias decir: \u201cyo vine a dar, y recibo mucho m\u00e1s de lo que doy\u201d; a m\u00ed me pas\u00f3 lo mismo, fui a cuidar y acompa\u00f1ar, y me he sentido tambi\u00e9n cuidada y acompa\u00f1ada por ella hasta su fallecimiento con casi 107 a\u00f1os. Ha sido una experiencia de amor mutuo que ser\u00e1 inolvidable para m\u00ed y estoy segura de que lo ha sido tambi\u00e9n para ella.<\/em><\/p>\n\n<p><em>Por ello, cuando oigo hablar del cuidado como carga, renuncia, limitaci\u00f3n de la vida de quien cuida, siento la necesidad de reclamar tambi\u00e9n su lado positivo, que en mi caso fue muy grande: aprendizaje, sentir que se estar haciendo algo bueno, sensaci\u00f3n de val\u00eda, relaciones a trav\u00e9s de ella que nunca hubiera imaginado, tener un modelo de c\u00f3mo dejarse cuidar\u2026 Ojal\u00e1 que nuestros discursos sobre el cuidado reconozcan las dos partes y den el verdadero valor que merece el cuidado de otras personas.<\/em><\/p>\n\n<p>(P.C)<\/p>\n","protected":false},"excerpt":{"rendered":"<p>Arduradunen esanetan, &#8220;zaintza bera, Jainkoaren Maitasunaren adierazpen zehatza dala nabarmendu gura dogu, ahulenen aldeko keinu, agerpen eta konpromiso egiten dan maitasunaren adierazpen. Zaintzea ahuleziazko egoeran dagozan pertsonen esanetara egotea da, holan, Jainkoaren samurtasuna hedatuz munduan&#8220;. Zaintzaileek, ardura beteaz, pertsona nagusiei eta mendekoei eguneroko gauzetan laguntzen deutsie, euren bizi-kalitatea nabarmen hobetuz eta alkarte eta familia loturak [&hellip;]<\/p>\n","protected":false},"author":20,"featured_media":175817,"comment_status":"closed","ping_status":"closed","sticky":false,"template":"","format":"standard","meta":{"_acf_changed":false,"_et_pb_use_builder":"off","_et_pb_old_content":"","_et_gb_content_width":"","footnotes":""},"categories":[506],"tags":[],"class_list":["post-175837","post","type-post","status-publish","format-standard","has-post-thumbnail","hentry","category-lehenengo-orrialdea"],"acf":[],"yoast_head":"<!-- This site is optimized with the Yoast SEO Premium plugin v27.5 (Yoast SEO v27.5) - https:\/\/yoast.com\/product\/yoast-seo-premium-wordpress\/ -->\n<title>Zaintzaileen egitekoa aldarrikatzeko eguna<\/title>\n<meta name=\"description\" content=\"Zaintzaileek, ardura beteaz, pertsona nagusiei eta mendekoei eguneroko gauzetan laguntzen deutsie\" \/>\n<meta name=\"robots\" content=\"index, follow, max-snippet:-1, max-image-preview:large, max-video-preview:-1\" \/>\n<link rel=\"canonical\" href=\"https:\/\/bizkeliza.org\/eu\/noticia\/zaintzaileen-egitekoa-aldarrikatzeko-eguna\/\" \/>\n<meta property=\"og:locale\" content=\"eu_ES\" \/>\n<meta property=\"og:type\" content=\"article\" \/>\n<meta property=\"og:title\" content=\"Zaintzaileen egitekoa aldarrikatzeko eguna\" \/>\n<meta property=\"og:description\" content=\"Zaintzaileek, ardura beteaz, pertsona nagusiei eta mendekoei eguneroko gauzetan laguntzen deutsie\" \/>\n<meta property=\"og:url\" content=\"https:\/\/bizkeliza.org\/eu\/noticia\/zaintzaileen-egitekoa-aldarrikatzeko-eguna\/\" \/>\n<meta property=\"og:site_name\" content=\"Bilboko Elizbarrutia - Di\u00f3cesis de Bilbao\" \/>\n<meta property=\"article:publisher\" content=\"https:\/\/www.facebook.com\/DiocesisBilbao\/\" \/>\n<meta property=\"article:published_time\" content=\"2025-11-05T09:00:00+00:00\" \/>\n<meta property=\"og:image\" content=\"https:\/\/bizkeliza.org\/wp-content\/uploads\/2025\/11\/pexels-matthiaszomer-3396201.jpg\" \/>\n\t<meta property=\"og:image:width\" content=\"800\" \/>\n\t<meta property=\"og:image:height\" content=\"450\" \/>\n\t<meta property=\"og:image:type\" content=\"image\/jpeg\" \/>\n<meta name=\"author\" content=\"bkareaga\" \/>\n<meta name=\"twitter:card\" content=\"summary_large_image\" \/>\n<meta name=\"twitter:creator\" content=\"@DiocesisBilbao\" \/>\n<meta name=\"twitter:site\" content=\"@DiocesisBilbao\" \/>\n<script type=\"application\/ld+json\" class=\"yoast-schema-graph\">{\"@context\":\"https:\\\/\\\/schema.org\",\"@graph\":[{\"@type\":\"Article\",\"@id\":\"https:\\\/\\\/bizkeliza.org\\\/eu\\\/noticia\\\/zaintzaileen-egitekoa-aldarrikatzeko-eguna\\\/#article\",\"isPartOf\":{\"@id\":\"https:\\\/\\\/bizkeliza.org\\\/eu\\\/noticia\\\/zaintzaileen-egitekoa-aldarrikatzeko-eguna\\\/\"},\"author\":{\"name\":\"bkareaga\",\"@id\":\"https:\\\/\\\/bizkeliza.org\\\/eu\\\/#\\\/schema\\\/person\\\/1f27c53156256531056d48959c2f2008\"},\"headline\":\"Zaintzaileen egitekoa aldarrikatzeko eguna\",\"datePublished\":\"2025-11-05T09:00:00+00:00\",\"mainEntityOfPage\":{\"@id\":\"https:\\\/\\\/bizkeliza.org\\\/eu\\\/noticia\\\/zaintzaileen-egitekoa-aldarrikatzeko-eguna\\\/\"},\"wordCount\":976,\"publisher\":{\"@id\":\"https:\\\/\\\/bizkeliza.org\\\/eu\\\/#organization\"},\"image\":{\"@id\":\"https:\\\/\\\/bizkeliza.org\\\/eu\\\/noticia\\\/zaintzaileen-egitekoa-aldarrikatzeko-eguna\\\/#primaryimage\"},\"thumbnailUrl\":\"https:\\\/\\\/bizkeliza.org\\\/wp-content\\\/uploads\\\/2025\\\/11\\\/pexels-matthiaszomer-3396201.jpg\",\"articleSection\":[\"Lehenengo Orrialdea\"],\"inLanguage\":\"eu-ES\"},{\"@type\":\"WebPage\",\"@id\":\"https:\\\/\\\/bizkeliza.org\\\/eu\\\/noticia\\\/zaintzaileen-egitekoa-aldarrikatzeko-eguna\\\/\",\"url\":\"https:\\\/\\\/bizkeliza.org\\\/eu\\\/noticia\\\/zaintzaileen-egitekoa-aldarrikatzeko-eguna\\\/\",\"name\":\"Zaintzaileen egitekoa aldarrikatzeko eguna\",\"isPartOf\":{\"@id\":\"https:\\\/\\\/bizkeliza.org\\\/eu\\\/#website\"},\"primaryImageOfPage\":{\"@id\":\"https:\\\/\\\/bizkeliza.org\\\/eu\\\/noticia\\\/zaintzaileen-egitekoa-aldarrikatzeko-eguna\\\/#primaryimage\"},\"image\":{\"@id\":\"https:\\\/\\\/bizkeliza.org\\\/eu\\\/noticia\\\/zaintzaileen-egitekoa-aldarrikatzeko-eguna\\\/#primaryimage\"},\"thumbnailUrl\":\"https:\\\/\\\/bizkeliza.org\\\/wp-content\\\/uploads\\\/2025\\\/11\\\/pexels-matthiaszomer-3396201.jpg\",\"datePublished\":\"2025-11-05T09:00:00+00:00\",\"description\":\"Zaintzaileek, ardura beteaz, pertsona nagusiei eta mendekoei eguneroko gauzetan laguntzen deutsie\",\"breadcrumb\":{\"@id\":\"https:\\\/\\\/bizkeliza.org\\\/eu\\\/noticia\\\/zaintzaileen-egitekoa-aldarrikatzeko-eguna\\\/#breadcrumb\"},\"inLanguage\":\"eu-ES\",\"potentialAction\":[{\"@type\":\"ReadAction\",\"target\":[\"https:\\\/\\\/bizkeliza.org\\\/eu\\\/noticia\\\/zaintzaileen-egitekoa-aldarrikatzeko-eguna\\\/\"]}]},{\"@type\":\"ImageObject\",\"inLanguage\":\"eu-ES\",\"@id\":\"https:\\\/\\\/bizkeliza.org\\\/eu\\\/noticia\\\/zaintzaileen-egitekoa-aldarrikatzeko-eguna\\\/#primaryimage\",\"url\":\"https:\\\/\\\/bizkeliza.org\\\/wp-content\\\/uploads\\\/2025\\\/11\\\/pexels-matthiaszomer-3396201.jpg\",\"contentUrl\":\"https:\\\/\\\/bizkeliza.org\\\/wp-content\\\/uploads\\\/2025\\\/11\\\/pexels-matthiaszomer-3396201.jpg\",\"width\":800,\"height\":450,\"caption\":\"personas cuidadoras\"},{\"@type\":\"BreadcrumbList\",\"@id\":\"https:\\\/\\\/bizkeliza.org\\\/eu\\\/noticia\\\/zaintzaileen-egitekoa-aldarrikatzeko-eguna\\\/#breadcrumb\",\"itemListElement\":[{\"@type\":\"ListItem\",\"position\":1,\"name\":\"Portada\",\"item\":\"https:\\\/\\\/bizkeliza.org\\\/eu\\\/\"},{\"@type\":\"ListItem\",\"position\":2,\"name\":\"Zaintzaileen egitekoa aldarrikatzeko eguna\"}]},{\"@type\":\"WebSite\",\"@id\":\"https:\\\/\\\/bizkeliza.org\\\/eu\\\/#website\",\"url\":\"https:\\\/\\\/bizkeliza.org\\\/eu\\\/\",\"name\":\"Bilboko Elizbarrutia - Di\u00f3cesis de Bilbao\",\"description\":\"Di\u00f3cesis de Bilbao\",\"publisher\":{\"@id\":\"https:\\\/\\\/bizkeliza.org\\\/eu\\\/#organization\"},\"alternateName\":\"Di\u00f3cesis de Bilbao\",\"potentialAction\":[{\"@type\":\"SearchAction\",\"target\":{\"@type\":\"EntryPoint\",\"urlTemplate\":\"https:\\\/\\\/bizkeliza.org\\\/eu\\\/?s={search_term_string}\"},\"query-input\":{\"@type\":\"PropertyValueSpecification\",\"valueRequired\":true,\"valueName\":\"search_term_string\"}}],\"inLanguage\":\"eu-ES\"},{\"@type\":\"Organization\",\"@id\":\"https:\\\/\\\/bizkeliza.org\\\/eu\\\/#organization\",\"name\":\"Di\u00f3cesis de Bilbao\",\"alternateName\":\"Di\u00f3cesis de Bilbao\",\"url\":\"https:\\\/\\\/bizkeliza.org\\\/eu\\\/\",\"logo\":{\"@type\":\"ImageObject\",\"inLanguage\":\"eu-ES\",\"@id\":\"https:\\\/\\\/bizkeliza.org\\\/eu\\\/#\\\/schema\\\/logo\\\/image\\\/\",\"url\":\"https:\\\/\\\/bizkeliza.org\\\/wp-content\\\/uploads\\\/2022\\\/06\\\/Logo-nuevo_2024-1-scaled.jpg\",\"contentUrl\":\"https:\\\/\\\/bizkeliza.org\\\/wp-content\\\/uploads\\\/2022\\\/06\\\/Logo-nuevo_2024-1-scaled.jpg\",\"width\":2560,\"height\":1024,\"caption\":\"Di\u00f3cesis de Bilbao\"},\"image\":{\"@id\":\"https:\\\/\\\/bizkeliza.org\\\/eu\\\/#\\\/schema\\\/logo\\\/image\\\/\"},\"sameAs\":[\"https:\\\/\\\/www.facebook.com\\\/DiocesisBilbao\\\/\",\"https:\\\/\\\/x.com\\\/DiocesisBilbao\",\"https:\\\/\\\/www.instagram.com\\\/obispadobilbao\\\/\",\"https:\\\/\\\/www.youtube.com\\\/user\\\/bilbokoelizbarrutia\"],\"description\":\"Iglesia local de Bilbao perteneciente a la Iglesia Cat\u00f3lica\"},{\"@type\":\"Person\",\"@id\":\"https:\\\/\\\/bizkeliza.org\\\/eu\\\/#\\\/schema\\\/person\\\/1f27c53156256531056d48959c2f2008\",\"name\":\"bkareaga\"}]}<\/script>\n<!-- \/ Yoast SEO Premium plugin. -->","yoast_head_json":{"title":"Zaintzaileen egitekoa aldarrikatzeko eguna","description":"Zaintzaileek, ardura beteaz, pertsona nagusiei eta mendekoei eguneroko gauzetan laguntzen deutsie","robots":{"index":"index","follow":"follow","max-snippet":"max-snippet:-1","max-image-preview":"max-image-preview:large","max-video-preview":"max-video-preview:-1"},"canonical":"https:\/\/bizkeliza.org\/eu\/noticia\/zaintzaileen-egitekoa-aldarrikatzeko-eguna\/","og_locale":"eu_ES","og_type":"article","og_title":"Zaintzaileen egitekoa aldarrikatzeko eguna","og_description":"Zaintzaileek, ardura beteaz, pertsona nagusiei eta mendekoei eguneroko gauzetan laguntzen deutsie","og_url":"https:\/\/bizkeliza.org\/eu\/noticia\/zaintzaileen-egitekoa-aldarrikatzeko-eguna\/","og_site_name":"Bilboko Elizbarrutia - Di\u00f3cesis de Bilbao","article_publisher":"https:\/\/www.facebook.com\/DiocesisBilbao\/","article_published_time":"2025-11-05T09:00:00+00:00","og_image":[{"width":800,"height":450,"url":"https:\/\/bizkeliza.org\/wp-content\/uploads\/2025\/11\/pexels-matthiaszomer-3396201.jpg","type":"image\/jpeg"}],"author":"bkareaga","twitter_card":"summary_large_image","twitter_creator":"@DiocesisBilbao","twitter_site":"@DiocesisBilbao","schema":{"@context":"https:\/\/schema.org","@graph":[{"@type":"Article","@id":"https:\/\/bizkeliza.org\/eu\/noticia\/zaintzaileen-egitekoa-aldarrikatzeko-eguna\/#article","isPartOf":{"@id":"https:\/\/bizkeliza.org\/eu\/noticia\/zaintzaileen-egitekoa-aldarrikatzeko-eguna\/"},"author":{"name":"bkareaga","@id":"https:\/\/bizkeliza.org\/eu\/#\/schema\/person\/1f27c53156256531056d48959c2f2008"},"headline":"Zaintzaileen egitekoa aldarrikatzeko eguna","datePublished":"2025-11-05T09:00:00+00:00","mainEntityOfPage":{"@id":"https:\/\/bizkeliza.org\/eu\/noticia\/zaintzaileen-egitekoa-aldarrikatzeko-eguna\/"},"wordCount":976,"publisher":{"@id":"https:\/\/bizkeliza.org\/eu\/#organization"},"image":{"@id":"https:\/\/bizkeliza.org\/eu\/noticia\/zaintzaileen-egitekoa-aldarrikatzeko-eguna\/#primaryimage"},"thumbnailUrl":"https:\/\/bizkeliza.org\/wp-content\/uploads\/2025\/11\/pexels-matthiaszomer-3396201.jpg","articleSection":["Lehenengo Orrialdea"],"inLanguage":"eu-ES"},{"@type":"WebPage","@id":"https:\/\/bizkeliza.org\/eu\/noticia\/zaintzaileen-egitekoa-aldarrikatzeko-eguna\/","url":"https:\/\/bizkeliza.org\/eu\/noticia\/zaintzaileen-egitekoa-aldarrikatzeko-eguna\/","name":"Zaintzaileen egitekoa aldarrikatzeko eguna","isPartOf":{"@id":"https:\/\/bizkeliza.org\/eu\/#website"},"primaryImageOfPage":{"@id":"https:\/\/bizkeliza.org\/eu\/noticia\/zaintzaileen-egitekoa-aldarrikatzeko-eguna\/#primaryimage"},"image":{"@id":"https:\/\/bizkeliza.org\/eu\/noticia\/zaintzaileen-egitekoa-aldarrikatzeko-eguna\/#primaryimage"},"thumbnailUrl":"https:\/\/bizkeliza.org\/wp-content\/uploads\/2025\/11\/pexels-matthiaszomer-3396201.jpg","datePublished":"2025-11-05T09:00:00+00:00","description":"Zaintzaileek, ardura beteaz, pertsona nagusiei eta mendekoei eguneroko gauzetan laguntzen deutsie","breadcrumb":{"@id":"https:\/\/bizkeliza.org\/eu\/noticia\/zaintzaileen-egitekoa-aldarrikatzeko-eguna\/#breadcrumb"},"inLanguage":"eu-ES","potentialAction":[{"@type":"ReadAction","target":["https:\/\/bizkeliza.org\/eu\/noticia\/zaintzaileen-egitekoa-aldarrikatzeko-eguna\/"]}]},{"@type":"ImageObject","inLanguage":"eu-ES","@id":"https:\/\/bizkeliza.org\/eu\/noticia\/zaintzaileen-egitekoa-aldarrikatzeko-eguna\/#primaryimage","url":"https:\/\/bizkeliza.org\/wp-content\/uploads\/2025\/11\/pexels-matthiaszomer-3396201.jpg","contentUrl":"https:\/\/bizkeliza.org\/wp-content\/uploads\/2025\/11\/pexels-matthiaszomer-3396201.jpg","width":800,"height":450,"caption":"personas cuidadoras"},{"@type":"BreadcrumbList","@id":"https:\/\/bizkeliza.org\/eu\/noticia\/zaintzaileen-egitekoa-aldarrikatzeko-eguna\/#breadcrumb","itemListElement":[{"@type":"ListItem","position":1,"name":"Portada","item":"https:\/\/bizkeliza.org\/eu\/"},{"@type":"ListItem","position":2,"name":"Zaintzaileen egitekoa aldarrikatzeko eguna"}]},{"@type":"WebSite","@id":"https:\/\/bizkeliza.org\/eu\/#website","url":"https:\/\/bizkeliza.org\/eu\/","name":"Bilboko Elizbarrutia - Di\u00f3cesis de Bilbao","description":"Di\u00f3cesis de Bilbao","publisher":{"@id":"https:\/\/bizkeliza.org\/eu\/#organization"},"alternateName":"Di\u00f3cesis de Bilbao","potentialAction":[{"@type":"SearchAction","target":{"@type":"EntryPoint","urlTemplate":"https:\/\/bizkeliza.org\/eu\/?s={search_term_string}"},"query-input":{"@type":"PropertyValueSpecification","valueRequired":true,"valueName":"search_term_string"}}],"inLanguage":"eu-ES"},{"@type":"Organization","@id":"https:\/\/bizkeliza.org\/eu\/#organization","name":"Di\u00f3cesis de Bilbao","alternateName":"Di\u00f3cesis de Bilbao","url":"https:\/\/bizkeliza.org\/eu\/","logo":{"@type":"ImageObject","inLanguage":"eu-ES","@id":"https:\/\/bizkeliza.org\/eu\/#\/schema\/logo\/image\/","url":"https:\/\/bizkeliza.org\/wp-content\/uploads\/2022\/06\/Logo-nuevo_2024-1-scaled.jpg","contentUrl":"https:\/\/bizkeliza.org\/wp-content\/uploads\/2022\/06\/Logo-nuevo_2024-1-scaled.jpg","width":2560,"height":1024,"caption":"Di\u00f3cesis de Bilbao"},"image":{"@id":"https:\/\/bizkeliza.org\/eu\/#\/schema\/logo\/image\/"},"sameAs":["https:\/\/www.facebook.com\/DiocesisBilbao\/","https:\/\/x.com\/DiocesisBilbao","https:\/\/www.instagram.com\/obispadobilbao\/","https:\/\/www.youtube.com\/user\/bilbokoelizbarrutia"],"description":"Iglesia local de Bilbao perteneciente a la Iglesia Cat\u00f3lica"},{"@type":"Person","@id":"https:\/\/bizkeliza.org\/eu\/#\/schema\/person\/1f27c53156256531056d48959c2f2008","name":"bkareaga"}]}},"jetpack_featured_media_url":"https:\/\/bizkeliza.org\/wp-content\/uploads\/2025\/11\/pexels-matthiaszomer-3396201.jpg","_links":{"self":[{"href":"https:\/\/bizkeliza.org\/eu\/wp-json\/wp\/v2\/posts\/175837","targetHints":{"allow":["GET"]}}],"collection":[{"href":"https:\/\/bizkeliza.org\/eu\/wp-json\/wp\/v2\/posts"}],"about":[{"href":"https:\/\/bizkeliza.org\/eu\/wp-json\/wp\/v2\/types\/post"}],"author":[{"embeddable":true,"href":"https:\/\/bizkeliza.org\/eu\/wp-json\/wp\/v2\/users\/20"}],"replies":[{"embeddable":true,"href":"https:\/\/bizkeliza.org\/eu\/wp-json\/wp\/v2\/comments?post=175837"}],"version-history":[{"count":0,"href":"https:\/\/bizkeliza.org\/eu\/wp-json\/wp\/v2\/posts\/175837\/revisions"}],"wp:featuredmedia":[{"embeddable":true,"href":"https:\/\/bizkeliza.org\/eu\/wp-json\/wp\/v2\/media\/175817"}],"wp:attachment":[{"href":"https:\/\/bizkeliza.org\/eu\/wp-json\/wp\/v2\/media?parent=175837"}],"wp:term":[{"taxonomy":"category","embeddable":true,"href":"https:\/\/bizkeliza.org\/eu\/wp-json\/wp\/v2\/categories?post=175837"},{"taxonomy":"post_tag","embeddable":true,"href":"https:\/\/bizkeliza.org\/eu\/wp-json\/wp\/v2\/tags?post=175837"}],"curies":[{"name":"wp","href":"https:\/\/api.w.org\/{rel}","templated":true}]}}