{"id":176376,"date":"2025-11-10T10:00:00","date_gmt":"2025-11-10T09:00:00","guid":{"rendered":"https:\/\/bizkeliza.org\/?p=176376"},"modified":"2025-11-10T09:51:42","modified_gmt":"2025-11-10T08:51:42","slug":"eleizbarrutiko-ordezkaritza-oroimenaren-eguneko-ekitaldietan","status":"publish","type":"post","link":"https:\/\/bizkeliza.org\/eu\/noticia\/eleizbarrutiko-ordezkaritza-oroimenaren-eguneko-ekitaldietan\/","title":{"rendered":"Eleizbarrutiko ordezkaritza Oroimenaren Eguneko ekitaldietan"},"content":{"rendered":"\n<p>Bilboko eleizbarrutiak bat egin dau Oroimenaren Egunagaz, ikasgeletata zenbait biktimaren lekukotasuna eroanez edo Bilbao Foroa Bake eta Bizikidetzaren alde dalakoan parte hartuz.<\/p>\n\n<p><p>Gaur,<strong> On Joseba Segura<\/strong> gotzainak Bilbon ospatuko dan Oroimenaren Eguneko erakunde-ekitaldian parte hartuko dau. <strong>Juan Mari Aburto<\/strong> alkatea izango da buru ekitaldian eta <strong>Udalbatzagaz<\/strong> eta <strong>Bilbao Foroa Bake eta Bizikidetzarako<\/strong> dalakoagaz batera, hainbat ordezkari instituzional, politiko, judizial eta sozialek parte hartuko dau.<\/p><\/p>\n\n<p>Lore-eskeintza 11:00etan izango da, Atalase monumentuan. Lehenengo aldiz izango da erdian altzairuzko egundoko egitura dauan  22 tonako monumentu honetan.<\/p>\n\n<h3 class=\"wp-block-heading\"><p><strong>Biktimen lekukotasuna<\/strong><\/p><\/h3>\n\n<p><p><strong><a href=\"https:\/\/www.bam.eus\/es\">Bego\u00f1ako Andra Mari Irakasleen Unibertsitate Eskolako (BAM) <\/a><\/strong>Lehen Hezkuntzarako graduetako ikasleek parte hartu dabe \ud835\udc00\ud835\udc03\ud835\udc08-\ud835\udc00\ud835\udc03\ud835\udc08\ud835\udc00\ud835\udc0d, biktima hezitzaileak, programan, G<strong>izarte Familia eta Eskola ikasgaian.<\/strong><\/p><\/p>\n\n<p><\/p>\n\n<figure class=\"wp-block-image size-large\"><img decoding=\"async\" width=\"1024\" height=\"768\" src=\"https:\/\/bizkeliza.org\/wp-content\/uploads\/2025\/11\/20251022_140203-1024x768.jpg\" alt=\"Biktimak BAM\" class=\"wp-image-176058\" srcset=\"https:\/\/bizkeliza.org\/wp-content\/uploads\/2025\/11\/20251022_140203-980x735.jpg 980w, https:\/\/bizkeliza.org\/wp-content\/uploads\/2025\/11\/20251022_140203-480x360.jpg 480w\" sizes=\"(min-width: 0px) and (max-width: 480px) 480px, (min-width: 481px) and (max-width: 980px) 980px, (min-width: 981px) 1024px, 100vw\" \/><\/figure>\n\n<p><\/p>\n\n<p><p>Honeek parte hartu dabe aurton: <strong>Nerea Barrios ETAK 1988ko irailaren 17an Santurtzin hil eban Jose luis Barrios Capetiloren alabak eta Abel Uceda etak 1982an hil eban Cesar Uceda Bilboko Gobernu Militarreko musika-bandako zuzendariaren semeak.<\/strong><\/p><\/p>\n\n<p><\/p>\n\n<figure class=\"wp-block-image size-large\"><img decoding=\"async\" width=\"1024\" height=\"768\" src=\"https:\/\/bizkeliza.org\/wp-content\/uploads\/2025\/11\/20251008_111250-1024x768.jpg\" alt=\"Biktimak BAM\" class=\"wp-image-176052\" srcset=\"https:\/\/bizkeliza.org\/wp-content\/uploads\/2025\/11\/20251008_111250-980x735.jpg 980w, https:\/\/bizkeliza.org\/wp-content\/uploads\/2025\/11\/20251008_111250-480x360.jpg 480w\" sizes=\"(min-width: 0px) and (max-width: 480px) 480px, (min-width: 481px) and (max-width: 980px) 980px, (min-width: 981px) 1024px, 100vw\" \/><figcaption class=\"wp-element-caption\">Nerea Barrios<\/figcaption><\/figure>\n\n<p>Euren senideen hilketaren ostean bizi izandako sufrimentua gogoratu dabe, ikaskuntza, bilaketak, eta burutu behar izan dabezan prozesuak aurrera egiteko eta galera hori gorroto barik bizitzeko. Euren esperientza batera jartzeko konpromisoa be hartu dabela esan eben, oroimena egiteko, gertatu zana gogoratzeko eta holan bake eta bizikidetzaren alde egiteko. <\/p>\n\n<p><\/p>\n\n<figure class=\"wp-block-image size-large\"><img decoding=\"async\" width=\"1024\" height=\"768\" src=\"https:\/\/bizkeliza.org\/wp-content\/uploads\/2025\/11\/20251008_111259-1024x768.jpg\" alt=\"Biktimak BAM\" class=\"wp-image-176055\" srcset=\"https:\/\/bizkeliza.org\/wp-content\/uploads\/2025\/11\/20251008_111259-980x735.jpg 980w, https:\/\/bizkeliza.org\/wp-content\/uploads\/2025\/11\/20251008_111259-480x360.jpg 480w\" sizes=\"(min-width: 0px) and (max-width: 480px) 480px, (min-width: 481px) and (max-width: 980px) 980px, (min-width: 981px) 1024px, 100vw\" \/><\/figure>\n\n<p><\/p>\n\n<p><\/p>\n\n<p><p><strong>Oroimenaren Egunaren<\/strong> 15. urteurrena:<\/p><\/p>\n\n<figure class=\"wp-block-embed is-type-wp-embed is-provider-bilboko-elizbarrutia-di-cesis-de-bilbao wp-block-embed-bilboko-elizbarrutia-di-cesis-de-bilbao\"><div class=\"wp-block-embed__wrapper\">\r\n<blockquote class=\"wp-embedded-content\" data-secret=\"mvksppnLZL\"><a href=\"https:\/\/bizkeliza.org\/noticia\/a-conmemoracion-del-dia-de-la-memoria-cumple-15-anos\/\">La conmemoraci\u00f3n del D\u00eda de la Memoria cumple 15 a\u00f1os<\/a><\/blockquote><iframe loading=\"lazy\" class=\"wp-embedded-content\" sandbox=\"allow-scripts\" security=\"restricted\" style=\"position: absolute; visibility: hidden;\" title=\"\u00abLa conmemoraci\u00f3n del D\u00eda de la Memoria cumple 15 a\u00f1os\u00bb \u2014 Bilboko Elizbarrutia - Di\u00f3cesis de Bilbao\" src=\"https:\/\/bizkeliza.org\/noticia\/a-conmemoracion-del-dia-de-la-memoria-cumple-15-anos\/embed\/#?secret=UNvmnYG2Y4#?secret=mvksppnLZL\" data-secret=\"mvksppnLZL\" width=\"600\" height=\"338\" frameborder=\"0\" marginwidth=\"0\" marginheight=\"0\" scrolling=\"no\"><\/iframe>\r\n<\/div><\/figure><br>\n","protected":false},"excerpt":{"rendered":"<p>Bilboko eleizbarrutiak bat egin dau Oroimenaren Egunagaz, ikasgeletata zenbait biktimaren lekukotasuna eroanez edo Bilbao Foroa Bake eta Bizikidetzaren alde dalakoan parte hartuz. Gaur, On Joseba Segura gotzainak Bilbon ospatuko dan Oroimenaren Eguneko erakunde-ekitaldian parte hartuko dau. Juan Mari Aburto alkatea izango da buru ekitaldian eta Udalbatzagaz eta Bilbao Foroa Bake eta Bizikidetzarako dalakoagaz batera, hainbat [&hellip;]<\/p>\n","protected":false},"author":20,"featured_media":176062,"comment_status":"closed","ping_status":"closed","sticky":false,"template":"","format":"standard","meta":{"_acf_changed":false,"_et_pb_use_builder":"off","_et_pb_old_content":"","_et_gb_content_width":"","footnotes":""},"categories":[500,506,492],"tags":[531,634],"class_list":["post-176376","post","type-post","status-publish","format-standard","has-post-thumbnail","hentry","category-bake-eta-adiskidetzea","category-lehenengo-orrialdea","category-pastoral-ekintza","tag-bam-eu","tag-gazteak"],"acf":[],"yoast_head":"<!-- This site is optimized with the Yoast SEO Premium plugin v27.2 (Yoast SEO v27.2) - https:\/\/yoast.com\/product\/yoast-seo-premium-wordpress\/ -->\n<title>Eleizbarrutiko ordezkaritza Oroimenaren Eguneko ekitaldietan<\/title>\n<meta name=\"description\" content=\"Bego\u00f1ako Andra Mari Irakasleen Unibertsitate Eskolako (BAM) Lehen Hezkuntzarako graduetako ikasleek\" \/>\n<meta name=\"robots\" content=\"index, follow, max-snippet:-1, max-image-preview:large, max-video-preview:-1\" \/>\n<link rel=\"canonical\" href=\"https:\/\/bizkeliza.org\/eu\/noticia\/eleizbarrutiko-ordezkaritza-oroimenaren-eguneko-ekitaldietan\/\" \/>\n<meta property=\"og:locale\" content=\"eu_ES\" \/>\n<meta property=\"og:type\" content=\"article\" \/>\n<meta property=\"og:title\" content=\"Eleizbarrutiko ordezkaritza Oroimenaren Eguneko ekitaldietan\" \/>\n<meta property=\"og:description\" content=\"Bego\u00f1ako Andra Mari Irakasleen Unibertsitate Eskolako (BAM) Lehen Hezkuntzarako graduetako ikasleek\" \/>\n<meta property=\"og:url\" content=\"https:\/\/bizkeliza.org\/eu\/noticia\/eleizbarrutiko-ordezkaritza-oroimenaren-eguneko-ekitaldietan\/\" \/>\n<meta property=\"og:site_name\" content=\"Bilboko Elizbarrutia - Di\u00f3cesis de Bilbao\" \/>\n<meta property=\"article:publisher\" content=\"https:\/\/www.facebook.com\/DiocesisBilbao\/\" \/>\n<meta property=\"article:published_time\" content=\"2025-11-10T09:00:00+00:00\" \/>\n<meta property=\"og:image\" content=\"https:\/\/bizkeliza.org\/wp-content\/uploads\/2025\/11\/IMG-20251022-WA0002.jpg\" \/>\n\t<meta property=\"og:image:width\" content=\"1599\" \/>\n\t<meta property=\"og:image:height\" content=\"899\" \/>\n\t<meta property=\"og:image:type\" content=\"image\/jpeg\" \/>\n<meta name=\"author\" content=\"bkareaga\" \/>\n<meta name=\"twitter:card\" content=\"summary_large_image\" \/>\n<meta name=\"twitter:creator\" content=\"@DiocesisBilbao\" \/>\n<meta name=\"twitter:site\" content=\"@DiocesisBilbao\" \/>\n<script type=\"application\/ld+json\" class=\"yoast-schema-graph\">{\"@context\":\"https:\/\/schema.org\",\"@graph\":[{\"@type\":\"Article\",\"@id\":\"https:\/\/bizkeliza.org\/eu\/noticia\/eleizbarrutiko-ordezkaritza-oroimenaren-eguneko-ekitaldietan\/#article\",\"isPartOf\":{\"@id\":\"https:\/\/bizkeliza.org\/eu\/noticia\/eleizbarrutiko-ordezkaritza-oroimenaren-eguneko-ekitaldietan\/\"},\"author\":{\"name\":\"bkareaga\",\"@id\":\"https:\/\/bizkeliza.org\/eu\/#\/schema\/person\/1f27c53156256531056d48959c2f2008\"},\"headline\":\"Eleizbarrutiko ordezkaritza Oroimenaren Eguneko ekitaldietan\",\"datePublished\":\"2025-11-10T09:00:00+00:00\",\"mainEntityOfPage\":{\"@id\":\"https:\/\/bizkeliza.org\/eu\/noticia\/eleizbarrutiko-ordezkaritza-oroimenaren-eguneko-ekitaldietan\/\"},\"wordCount\":205,\"publisher\":{\"@id\":\"https:\/\/bizkeliza.org\/eu\/#organization\"},\"image\":{\"@id\":\"https:\/\/bizkeliza.org\/eu\/noticia\/eleizbarrutiko-ordezkaritza-oroimenaren-eguneko-ekitaldietan\/#primaryimage\"},\"thumbnailUrl\":\"https:\/\/bizkeliza.org\/wp-content\/uploads\/2025\/11\/IMG-20251022-WA0002.jpg\",\"keywords\":[\"BAM\",\"Gazteak\"],\"articleSection\":[\"Bake eta Adiskidetzea\",\"Lehenengo Orrialdea\",\"Pastoral ekintza\"],\"inLanguage\":\"eu-ES\"},{\"@type\":\"WebPage\",\"@id\":\"https:\/\/bizkeliza.org\/eu\/noticia\/eleizbarrutiko-ordezkaritza-oroimenaren-eguneko-ekitaldietan\/\",\"url\":\"https:\/\/bizkeliza.org\/eu\/noticia\/eleizbarrutiko-ordezkaritza-oroimenaren-eguneko-ekitaldietan\/\",\"name\":\"Eleizbarrutiko ordezkaritza Oroimenaren Eguneko ekitaldietan\",\"isPartOf\":{\"@id\":\"https:\/\/bizkeliza.org\/eu\/#website\"},\"primaryImageOfPage\":{\"@id\":\"https:\/\/bizkeliza.org\/eu\/noticia\/eleizbarrutiko-ordezkaritza-oroimenaren-eguneko-ekitaldietan\/#primaryimage\"},\"image\":{\"@id\":\"https:\/\/bizkeliza.org\/eu\/noticia\/eleizbarrutiko-ordezkaritza-oroimenaren-eguneko-ekitaldietan\/#primaryimage\"},\"thumbnailUrl\":\"https:\/\/bizkeliza.org\/wp-content\/uploads\/2025\/11\/IMG-20251022-WA0002.jpg\",\"datePublished\":\"2025-11-10T09:00:00+00:00\",\"description\":\"Bego\u00f1ako Andra Mari Irakasleen Unibertsitate Eskolako (BAM) Lehen Hezkuntzarako graduetako ikasleek\",\"breadcrumb\":{\"@id\":\"https:\/\/bizkeliza.org\/eu\/noticia\/eleizbarrutiko-ordezkaritza-oroimenaren-eguneko-ekitaldietan\/#breadcrumb\"},\"inLanguage\":\"eu-ES\",\"potentialAction\":[{\"@type\":\"ReadAction\",\"target\":[\"https:\/\/bizkeliza.org\/eu\/noticia\/eleizbarrutiko-ordezkaritza-oroimenaren-eguneko-ekitaldietan\/\"]}]},{\"@type\":\"ImageObject\",\"inLanguage\":\"eu-ES\",\"@id\":\"https:\/\/bizkeliza.org\/eu\/noticia\/eleizbarrutiko-ordezkaritza-oroimenaren-eguneko-ekitaldietan\/#primaryimage\",\"url\":\"https:\/\/bizkeliza.org\/wp-content\/uploads\/2025\/11\/IMG-20251022-WA0002.jpg\",\"contentUrl\":\"https:\/\/bizkeliza.org\/wp-content\/uploads\/2025\/11\/IMG-20251022-WA0002.jpg\",\"width\":1599,\"height\":899,\"caption\":\"Abel Uceda, en el centro de la imagen, junto con el grupo de estudiantes que han participado en el programa ADI ADIAN.\"},{\"@type\":\"BreadcrumbList\",\"@id\":\"https:\/\/bizkeliza.org\/eu\/noticia\/eleizbarrutiko-ordezkaritza-oroimenaren-eguneko-ekitaldietan\/#breadcrumb\",\"itemListElement\":[{\"@type\":\"ListItem\",\"position\":1,\"name\":\"Portada\",\"item\":\"https:\/\/bizkeliza.org\/eu\/\"},{\"@type\":\"ListItem\",\"position\":2,\"name\":\"Eleizbarrutiko ordezkaritza Oroimenaren Eguneko ekitaldietan\"}]},{\"@type\":\"WebSite\",\"@id\":\"https:\/\/bizkeliza.org\/eu\/#website\",\"url\":\"https:\/\/bizkeliza.org\/eu\/\",\"name\":\"Bilboko Elizbarrutia - Di\u00f3cesis de Bilbao\",\"description\":\"Di\u00f3cesis de Bilbao\",\"publisher\":{\"@id\":\"https:\/\/bizkeliza.org\/eu\/#organization\"},\"alternateName\":\"Di\u00f3cesis de Bilbao\",\"potentialAction\":[{\"@type\":\"SearchAction\",\"target\":{\"@type\":\"EntryPoint\",\"urlTemplate\":\"https:\/\/bizkeliza.org\/eu\/?s={search_term_string}\"},\"query-input\":{\"@type\":\"PropertyValueSpecification\",\"valueRequired\":true,\"valueName\":\"search_term_string\"}}],\"inLanguage\":\"eu-ES\"},{\"@type\":\"Organization\",\"@id\":\"https:\/\/bizkeliza.org\/eu\/#organization\",\"name\":\"Di\u00f3cesis de Bilbao\",\"alternateName\":\"Di\u00f3cesis de Bilbao\",\"url\":\"https:\/\/bizkeliza.org\/eu\/\",\"logo\":{\"@type\":\"ImageObject\",\"inLanguage\":\"eu-ES\",\"@id\":\"https:\/\/bizkeliza.org\/eu\/#\/schema\/logo\/image\/\",\"url\":\"https:\/\/bizkeliza.org\/wp-content\/uploads\/2022\/06\/Logo-nuevo_2024-1-scaled.jpg\",\"contentUrl\":\"https:\/\/bizkeliza.org\/wp-content\/uploads\/2022\/06\/Logo-nuevo_2024-1-scaled.jpg\",\"width\":2560,\"height\":1024,\"caption\":\"Di\u00f3cesis de Bilbao\"},\"image\":{\"@id\":\"https:\/\/bizkeliza.org\/eu\/#\/schema\/logo\/image\/\"},\"sameAs\":[\"https:\/\/www.facebook.com\/DiocesisBilbao\/\",\"https:\/\/x.com\/DiocesisBilbao\",\"https:\/\/www.instagram.com\/obispadobilbao\/\",\"https:\/\/www.youtube.com\/user\/bilbokoelizbarrutia\"],\"description\":\"Iglesia local de Bilbao perteneciente a la Iglesia Cat\u00f3lica\"},{\"@type\":\"Person\",\"@id\":\"https:\/\/bizkeliza.org\/eu\/#\/schema\/person\/1f27c53156256531056d48959c2f2008\",\"name\":\"bkareaga\"}]}<\/script>\n<!-- \/ Yoast SEO Premium plugin. -->","yoast_head_json":{"title":"Eleizbarrutiko ordezkaritza Oroimenaren Eguneko ekitaldietan","description":"Bego\u00f1ako Andra Mari Irakasleen Unibertsitate Eskolako (BAM) Lehen Hezkuntzarako graduetako ikasleek","robots":{"index":"index","follow":"follow","max-snippet":"max-snippet:-1","max-image-preview":"max-image-preview:large","max-video-preview":"max-video-preview:-1"},"canonical":"https:\/\/bizkeliza.org\/eu\/noticia\/eleizbarrutiko-ordezkaritza-oroimenaren-eguneko-ekitaldietan\/","og_locale":"eu_ES","og_type":"article","og_title":"Eleizbarrutiko ordezkaritza Oroimenaren Eguneko ekitaldietan","og_description":"Bego\u00f1ako Andra Mari Irakasleen Unibertsitate Eskolako (BAM) Lehen Hezkuntzarako graduetako ikasleek","og_url":"https:\/\/bizkeliza.org\/eu\/noticia\/eleizbarrutiko-ordezkaritza-oroimenaren-eguneko-ekitaldietan\/","og_site_name":"Bilboko Elizbarrutia - Di\u00f3cesis de Bilbao","article_publisher":"https:\/\/www.facebook.com\/DiocesisBilbao\/","article_published_time":"2025-11-10T09:00:00+00:00","og_image":[{"width":1599,"height":899,"url":"https:\/\/bizkeliza.org\/wp-content\/uploads\/2025\/11\/IMG-20251022-WA0002.jpg","type":"image\/jpeg"}],"author":"bkareaga","twitter_card":"summary_large_image","twitter_creator":"@DiocesisBilbao","twitter_site":"@DiocesisBilbao","schema":{"@context":"https:\/\/schema.org","@graph":[{"@type":"Article","@id":"https:\/\/bizkeliza.org\/eu\/noticia\/eleizbarrutiko-ordezkaritza-oroimenaren-eguneko-ekitaldietan\/#article","isPartOf":{"@id":"https:\/\/bizkeliza.org\/eu\/noticia\/eleizbarrutiko-ordezkaritza-oroimenaren-eguneko-ekitaldietan\/"},"author":{"name":"bkareaga","@id":"https:\/\/bizkeliza.org\/eu\/#\/schema\/person\/1f27c53156256531056d48959c2f2008"},"headline":"Eleizbarrutiko ordezkaritza Oroimenaren Eguneko ekitaldietan","datePublished":"2025-11-10T09:00:00+00:00","mainEntityOfPage":{"@id":"https:\/\/bizkeliza.org\/eu\/noticia\/eleizbarrutiko-ordezkaritza-oroimenaren-eguneko-ekitaldietan\/"},"wordCount":205,"publisher":{"@id":"https:\/\/bizkeliza.org\/eu\/#organization"},"image":{"@id":"https:\/\/bizkeliza.org\/eu\/noticia\/eleizbarrutiko-ordezkaritza-oroimenaren-eguneko-ekitaldietan\/#primaryimage"},"thumbnailUrl":"https:\/\/bizkeliza.org\/wp-content\/uploads\/2025\/11\/IMG-20251022-WA0002.jpg","keywords":["BAM","Gazteak"],"articleSection":["Bake eta Adiskidetzea","Lehenengo Orrialdea","Pastoral ekintza"],"inLanguage":"eu-ES"},{"@type":"WebPage","@id":"https:\/\/bizkeliza.org\/eu\/noticia\/eleizbarrutiko-ordezkaritza-oroimenaren-eguneko-ekitaldietan\/","url":"https:\/\/bizkeliza.org\/eu\/noticia\/eleizbarrutiko-ordezkaritza-oroimenaren-eguneko-ekitaldietan\/","name":"Eleizbarrutiko ordezkaritza Oroimenaren Eguneko ekitaldietan","isPartOf":{"@id":"https:\/\/bizkeliza.org\/eu\/#website"},"primaryImageOfPage":{"@id":"https:\/\/bizkeliza.org\/eu\/noticia\/eleizbarrutiko-ordezkaritza-oroimenaren-eguneko-ekitaldietan\/#primaryimage"},"image":{"@id":"https:\/\/bizkeliza.org\/eu\/noticia\/eleizbarrutiko-ordezkaritza-oroimenaren-eguneko-ekitaldietan\/#primaryimage"},"thumbnailUrl":"https:\/\/bizkeliza.org\/wp-content\/uploads\/2025\/11\/IMG-20251022-WA0002.jpg","datePublished":"2025-11-10T09:00:00+00:00","description":"Bego\u00f1ako Andra Mari Irakasleen Unibertsitate Eskolako (BAM) Lehen Hezkuntzarako graduetako ikasleek","breadcrumb":{"@id":"https:\/\/bizkeliza.org\/eu\/noticia\/eleizbarrutiko-ordezkaritza-oroimenaren-eguneko-ekitaldietan\/#breadcrumb"},"inLanguage":"eu-ES","potentialAction":[{"@type":"ReadAction","target":["https:\/\/bizkeliza.org\/eu\/noticia\/eleizbarrutiko-ordezkaritza-oroimenaren-eguneko-ekitaldietan\/"]}]},{"@type":"ImageObject","inLanguage":"eu-ES","@id":"https:\/\/bizkeliza.org\/eu\/noticia\/eleizbarrutiko-ordezkaritza-oroimenaren-eguneko-ekitaldietan\/#primaryimage","url":"https:\/\/bizkeliza.org\/wp-content\/uploads\/2025\/11\/IMG-20251022-WA0002.jpg","contentUrl":"https:\/\/bizkeliza.org\/wp-content\/uploads\/2025\/11\/IMG-20251022-WA0002.jpg","width":1599,"height":899,"caption":"Abel Uceda, en el centro de la imagen, junto con el grupo de estudiantes que han participado en el programa ADI ADIAN."},{"@type":"BreadcrumbList","@id":"https:\/\/bizkeliza.org\/eu\/noticia\/eleizbarrutiko-ordezkaritza-oroimenaren-eguneko-ekitaldietan\/#breadcrumb","itemListElement":[{"@type":"ListItem","position":1,"name":"Portada","item":"https:\/\/bizkeliza.org\/eu\/"},{"@type":"ListItem","position":2,"name":"Eleizbarrutiko ordezkaritza Oroimenaren Eguneko ekitaldietan"}]},{"@type":"WebSite","@id":"https:\/\/bizkeliza.org\/eu\/#website","url":"https:\/\/bizkeliza.org\/eu\/","name":"Bilboko Elizbarrutia - Di\u00f3cesis de Bilbao","description":"Di\u00f3cesis de Bilbao","publisher":{"@id":"https:\/\/bizkeliza.org\/eu\/#organization"},"alternateName":"Di\u00f3cesis de Bilbao","potentialAction":[{"@type":"SearchAction","target":{"@type":"EntryPoint","urlTemplate":"https:\/\/bizkeliza.org\/eu\/?s={search_term_string}"},"query-input":{"@type":"PropertyValueSpecification","valueRequired":true,"valueName":"search_term_string"}}],"inLanguage":"eu-ES"},{"@type":"Organization","@id":"https:\/\/bizkeliza.org\/eu\/#organization","name":"Di\u00f3cesis de Bilbao","alternateName":"Di\u00f3cesis de Bilbao","url":"https:\/\/bizkeliza.org\/eu\/","logo":{"@type":"ImageObject","inLanguage":"eu-ES","@id":"https:\/\/bizkeliza.org\/eu\/#\/schema\/logo\/image\/","url":"https:\/\/bizkeliza.org\/wp-content\/uploads\/2022\/06\/Logo-nuevo_2024-1-scaled.jpg","contentUrl":"https:\/\/bizkeliza.org\/wp-content\/uploads\/2022\/06\/Logo-nuevo_2024-1-scaled.jpg","width":2560,"height":1024,"caption":"Di\u00f3cesis de Bilbao"},"image":{"@id":"https:\/\/bizkeliza.org\/eu\/#\/schema\/logo\/image\/"},"sameAs":["https:\/\/www.facebook.com\/DiocesisBilbao\/","https:\/\/x.com\/DiocesisBilbao","https:\/\/www.instagram.com\/obispadobilbao\/","https:\/\/www.youtube.com\/user\/bilbokoelizbarrutia"],"description":"Iglesia local de Bilbao perteneciente a la Iglesia Cat\u00f3lica"},{"@type":"Person","@id":"https:\/\/bizkeliza.org\/eu\/#\/schema\/person\/1f27c53156256531056d48959c2f2008","name":"bkareaga"}]}},"jetpack_featured_media_url":"https:\/\/bizkeliza.org\/wp-content\/uploads\/2025\/11\/IMG-20251022-WA0002.jpg","_links":{"self":[{"href":"https:\/\/bizkeliza.org\/eu\/wp-json\/wp\/v2\/posts\/176376","targetHints":{"allow":["GET"]}}],"collection":[{"href":"https:\/\/bizkeliza.org\/eu\/wp-json\/wp\/v2\/posts"}],"about":[{"href":"https:\/\/bizkeliza.org\/eu\/wp-json\/wp\/v2\/types\/post"}],"author":[{"embeddable":true,"href":"https:\/\/bizkeliza.org\/eu\/wp-json\/wp\/v2\/users\/20"}],"replies":[{"embeddable":true,"href":"https:\/\/bizkeliza.org\/eu\/wp-json\/wp\/v2\/comments?post=176376"}],"version-history":[{"count":0,"href":"https:\/\/bizkeliza.org\/eu\/wp-json\/wp\/v2\/posts\/176376\/revisions"}],"wp:featuredmedia":[{"embeddable":true,"href":"https:\/\/bizkeliza.org\/eu\/wp-json\/wp\/v2\/media\/176062"}],"wp:attachment":[{"href":"https:\/\/bizkeliza.org\/eu\/wp-json\/wp\/v2\/media?parent=176376"}],"wp:term":[{"taxonomy":"category","embeddable":true,"href":"https:\/\/bizkeliza.org\/eu\/wp-json\/wp\/v2\/categories?post=176376"},{"taxonomy":"post_tag","embeddable":true,"href":"https:\/\/bizkeliza.org\/eu\/wp-json\/wp\/v2\/tags?post=176376"}],"curies":[{"name":"wp","href":"https:\/\/api.w.org\/{rel}","templated":true}]}}