{"id":177360,"date":"2025-11-21T10:00:00","date_gmt":"2025-11-21T09:00:00","guid":{"rendered":"https:\/\/bizkeliza.org\/?p=177360"},"modified":"2025-11-21T09:08:40","modified_gmt":"2025-11-21T08:08:40","slug":"begonako-kofradiaren-30-urteurrena","status":"publish","type":"post","link":"https:\/\/bizkeliza.org\/eu\/noticia\/begonako-kofradiaren-30-urteurrena\/","title":{"rendered":"Bego\u00f1ako kofradiaren 30. urteurrena"},"content":{"rendered":"\n<p><p><em>\u201cLas <strong>condiciones del Hermano Mayor Honorario<\/strong>\u00a0elegido por el Consejo de la Cofrad\u00eda, que debe ser ratificado por la Junta General, es el de una persona de relevancia en alg\u00fan \u00e1mbito social y con un inequ\u00edvoco perfil cristiano o que haya prestado alg\u00fan servicio especial a la<strong> Amatxu de Bego\u00f1a <\/strong>o a los objetivos de la Cofrad\u00eda, condiciones todas ellas <\/em>-apimarratu dabe kofradiatik-<em> que <strong>F\u00e9lix Alonso <\/strong>cumple con creces, particularmente por su entregada colaboraci\u00f3n en <strong>el fomento de la devoci\u00f3n a la Amatxu de Bego\u00f1a cuando ocup\u00f3 la Rector\u00eda del Santuario de Bego\u00f1a\u201d<\/strong>.<\/em><\/p><\/p>\n\n<p><p><strong>Bego\u00f1ako kofradiaren<\/strong> inguruan gehiago jakiteko:<\/p><\/p>\n\n<ul class=\"wp-block-list\">\n<li><p>Web orrialdea: <a href=\"http:\/\/www.cofradiadebegona.org\"><strong><u>www.cofradiadebegona.org<\/u><\/strong><\/a><\/p><\/li>\n\n\n\n<li>Facebook: <a href=\"https:\/\/www.facebook.com\/cofradiadebegona\"><strong><u>https:\/\/www.facebook.com\/cofradiadebegona<\/u><\/strong><\/a><\/li>\n\n\n\n<li>Instagram: <a href=\"https:\/\/www.instagram.com\/hermandaddebegona\"><strong><u>https:\/\/www.instagram.com\/hermandaddebegona<\/u><\/strong><\/a><\/li>\n<\/ul>\n","protected":false},"excerpt":{"rendered":"<p>\u201cLas condiciones del Hermano Mayor Honorario\u00a0elegido por el Consejo de la Cofrad\u00eda, que debe ser ratificado por la Junta General, es el de una persona de relevancia en alg\u00fan \u00e1mbito social y con un inequ\u00edvoco perfil cristiano o que haya prestado alg\u00fan servicio especial a la Amatxu de Bego\u00f1a o a los objetivos de la [&hellip;]<\/p>\n","protected":false},"author":20,"featured_media":93426,"comment_status":"closed","ping_status":"closed","sticky":false,"template":"","format":"standard","meta":{"_acf_changed":false,"_et_pb_use_builder":"off","_et_pb_old_content":"","_et_gb_content_width":"","footnotes":""},"categories":[506],"tags":[1188],"class_list":["post-177360","post","type-post","status-publish","format-standard","has-post-thumbnail","hentry","category-lehenengo-orrialdea","tag-begonako-kofradia-eu"],"acf":[],"yoast_head":"<!-- This site is optimized with the Yoast SEO Premium plugin v27.2 (Yoast SEO v27.2) - https:\/\/yoast.com\/product\/yoast-seo-premium-wordpress\/ -->\n<title>Bego\u00f1ako kofradiaren 30. urteurrena<\/title>\n<meta name=\"description\" content=\"kristau perfil argia dauan gizarte eremuren bat edo Bego\u00f1ako Amatxuri zerbitzu bereziren bat eskeini deutsana\" \/>\n<meta name=\"robots\" content=\"index, follow, max-snippet:-1, max-image-preview:large, max-video-preview:-1\" \/>\n<link rel=\"canonical\" href=\"https:\/\/bizkeliza.org\/eu\/noticia\/begonako-kofradiaren-30-urteurrena\/\" \/>\n<meta property=\"og:locale\" content=\"eu_ES\" \/>\n<meta property=\"og:type\" content=\"article\" \/>\n<meta property=\"og:title\" content=\"Bego\u00f1ako kofradiaren 30. urteurrena\" \/>\n<meta property=\"og:description\" content=\"kristau perfil argia dauan gizarte eremuren bat edo Bego\u00f1ako Amatxuri zerbitzu bereziren bat eskeini deutsana\" \/>\n<meta property=\"og:url\" content=\"https:\/\/bizkeliza.org\/eu\/noticia\/begonako-kofradiaren-30-urteurrena\/\" \/>\n<meta property=\"og:site_name\" content=\"Bilboko Elizbarrutia - Di\u00f3cesis de Bilbao\" \/>\n<meta property=\"article:publisher\" content=\"https:\/\/www.facebook.com\/DiocesisBilbao\/\" \/>\n<meta property=\"article:published_time\" content=\"2025-11-21T09:00:00+00:00\" \/>\n<meta property=\"og:image\" content=\"https:\/\/bizkeliza.org\/wp-content\/uploads\/679061_l-9.jpeg\" \/>\n\t<meta property=\"og:image:width\" content=\"480\" \/>\n\t<meta property=\"og:image:height\" content=\"639\" \/>\n\t<meta property=\"og:image:type\" content=\"image\/jpeg\" \/>\n<meta name=\"author\" content=\"bkareaga\" \/>\n<meta name=\"twitter:card\" content=\"summary_large_image\" \/>\n<meta name=\"twitter:creator\" content=\"@DiocesisBilbao\" \/>\n<meta name=\"twitter:site\" content=\"@DiocesisBilbao\" \/>\n<script type=\"application\/ld+json\" class=\"yoast-schema-graph\">{\"@context\":\"https:\/\/schema.org\",\"@graph\":[{\"@type\":\"Article\",\"@id\":\"https:\/\/bizkeliza.org\/eu\/noticia\/begonako-kofradiaren-30-urteurrena\/#article\",\"isPartOf\":{\"@id\":\"https:\/\/bizkeliza.org\/eu\/noticia\/begonako-kofradiaren-30-urteurrena\/\"},\"author\":{\"name\":\"bkareaga\",\"@id\":\"https:\/\/bizkeliza.org\/eu\/#\/schema\/person\/1f27c53156256531056d48959c2f2008\"},\"headline\":\"Bego\u00f1ako kofradiaren 30. urteurrena\",\"datePublished\":\"2025-11-21T09:00:00+00:00\",\"mainEntityOfPage\":{\"@id\":\"https:\/\/bizkeliza.org\/eu\/noticia\/begonako-kofradiaren-30-urteurrena\/\"},\"wordCount\":132,\"publisher\":{\"@id\":\"https:\/\/bizkeliza.org\/eu\/#organization\"},\"image\":{\"@id\":\"https:\/\/bizkeliza.org\/eu\/noticia\/begonako-kofradiaren-30-urteurrena\/#primaryimage\"},\"thumbnailUrl\":\"https:\/\/bizkeliza.org\/wp-content\/uploads\/679061_l-9.jpeg\",\"keywords\":[\"Bego\u00f1ako kofradia\"],\"articleSection\":[\"Lehenengo Orrialdea\"],\"inLanguage\":\"eu-ES\"},{\"@type\":\"WebPage\",\"@id\":\"https:\/\/bizkeliza.org\/eu\/noticia\/begonako-kofradiaren-30-urteurrena\/\",\"url\":\"https:\/\/bizkeliza.org\/eu\/noticia\/begonako-kofradiaren-30-urteurrena\/\",\"name\":\"Bego\u00f1ako kofradiaren 30. urteurrena\",\"isPartOf\":{\"@id\":\"https:\/\/bizkeliza.org\/eu\/#website\"},\"primaryImageOfPage\":{\"@id\":\"https:\/\/bizkeliza.org\/eu\/noticia\/begonako-kofradiaren-30-urteurrena\/#primaryimage\"},\"image\":{\"@id\":\"https:\/\/bizkeliza.org\/eu\/noticia\/begonako-kofradiaren-30-urteurrena\/#primaryimage\"},\"thumbnailUrl\":\"https:\/\/bizkeliza.org\/wp-content\/uploads\/679061_l-9.jpeg\",\"datePublished\":\"2025-11-21T09:00:00+00:00\",\"description\":\"kristau perfil argia dauan gizarte eremuren bat edo Bego\u00f1ako Amatxuri zerbitzu bereziren bat eskeini deutsana\",\"breadcrumb\":{\"@id\":\"https:\/\/bizkeliza.org\/eu\/noticia\/begonako-kofradiaren-30-urteurrena\/#breadcrumb\"},\"inLanguage\":\"eu-ES\",\"potentialAction\":[{\"@type\":\"ReadAction\",\"target\":[\"https:\/\/bizkeliza.org\/eu\/noticia\/begonako-kofradiaren-30-urteurrena\/\"]}]},{\"@type\":\"ImageObject\",\"inLanguage\":\"eu-ES\",\"@id\":\"https:\/\/bizkeliza.org\/eu\/noticia\/begonako-kofradiaren-30-urteurrena\/#primaryimage\",\"url\":\"https:\/\/bizkeliza.org\/wp-content\/uploads\/679061_l-9.jpeg\",\"contentUrl\":\"https:\/\/bizkeliza.org\/wp-content\/uploads\/679061_l-9.jpeg\",\"width\":480,\"height\":639,\"caption\":\"A las 12.30 h.\"},{\"@type\":\"BreadcrumbList\",\"@id\":\"https:\/\/bizkeliza.org\/eu\/noticia\/begonako-kofradiaren-30-urteurrena\/#breadcrumb\",\"itemListElement\":[{\"@type\":\"ListItem\",\"position\":1,\"name\":\"Portada\",\"item\":\"https:\/\/bizkeliza.org\/eu\/\"},{\"@type\":\"ListItem\",\"position\":2,\"name\":\"Bego\u00f1ako kofradiaren 30. urteurrena\"}]},{\"@type\":\"WebSite\",\"@id\":\"https:\/\/bizkeliza.org\/eu\/#website\",\"url\":\"https:\/\/bizkeliza.org\/eu\/\",\"name\":\"Bilboko Elizbarrutia - Di\u00f3cesis de Bilbao\",\"description\":\"Di\u00f3cesis de Bilbao\",\"publisher\":{\"@id\":\"https:\/\/bizkeliza.org\/eu\/#organization\"},\"alternateName\":\"Di\u00f3cesis de Bilbao\",\"potentialAction\":[{\"@type\":\"SearchAction\",\"target\":{\"@type\":\"EntryPoint\",\"urlTemplate\":\"https:\/\/bizkeliza.org\/eu\/?s={search_term_string}\"},\"query-input\":{\"@type\":\"PropertyValueSpecification\",\"valueRequired\":true,\"valueName\":\"search_term_string\"}}],\"inLanguage\":\"eu-ES\"},{\"@type\":\"Organization\",\"@id\":\"https:\/\/bizkeliza.org\/eu\/#organization\",\"name\":\"Di\u00f3cesis de Bilbao\",\"alternateName\":\"Di\u00f3cesis de Bilbao\",\"url\":\"https:\/\/bizkeliza.org\/eu\/\",\"logo\":{\"@type\":\"ImageObject\",\"inLanguage\":\"eu-ES\",\"@id\":\"https:\/\/bizkeliza.org\/eu\/#\/schema\/logo\/image\/\",\"url\":\"https:\/\/bizkeliza.org\/wp-content\/uploads\/2022\/06\/Logo-nuevo_2024-1-scaled.jpg\",\"contentUrl\":\"https:\/\/bizkeliza.org\/wp-content\/uploads\/2022\/06\/Logo-nuevo_2024-1-scaled.jpg\",\"width\":2560,\"height\":1024,\"caption\":\"Di\u00f3cesis de Bilbao\"},\"image\":{\"@id\":\"https:\/\/bizkeliza.org\/eu\/#\/schema\/logo\/image\/\"},\"sameAs\":[\"https:\/\/www.facebook.com\/DiocesisBilbao\/\",\"https:\/\/x.com\/DiocesisBilbao\",\"https:\/\/www.instagram.com\/obispadobilbao\/\",\"https:\/\/www.youtube.com\/user\/bilbokoelizbarrutia\"],\"description\":\"Iglesia local de Bilbao perteneciente a la Iglesia Cat\u00f3lica\"},{\"@type\":\"Person\",\"@id\":\"https:\/\/bizkeliza.org\/eu\/#\/schema\/person\/1f27c53156256531056d48959c2f2008\",\"name\":\"bkareaga\"}]}<\/script>\n<!-- \/ Yoast SEO Premium plugin. -->","yoast_head_json":{"title":"Bego\u00f1ako kofradiaren 30. urteurrena","description":"kristau perfil argia dauan gizarte eremuren bat edo Bego\u00f1ako Amatxuri zerbitzu bereziren bat eskeini deutsana","robots":{"index":"index","follow":"follow","max-snippet":"max-snippet:-1","max-image-preview":"max-image-preview:large","max-video-preview":"max-video-preview:-1"},"canonical":"https:\/\/bizkeliza.org\/eu\/noticia\/begonako-kofradiaren-30-urteurrena\/","og_locale":"eu_ES","og_type":"article","og_title":"Bego\u00f1ako kofradiaren 30. urteurrena","og_description":"kristau perfil argia dauan gizarte eremuren bat edo Bego\u00f1ako Amatxuri zerbitzu bereziren bat eskeini deutsana","og_url":"https:\/\/bizkeliza.org\/eu\/noticia\/begonako-kofradiaren-30-urteurrena\/","og_site_name":"Bilboko Elizbarrutia - Di\u00f3cesis de Bilbao","article_publisher":"https:\/\/www.facebook.com\/DiocesisBilbao\/","article_published_time":"2025-11-21T09:00:00+00:00","og_image":[{"width":480,"height":639,"url":"https:\/\/bizkeliza.org\/wp-content\/uploads\/679061_l-9.jpeg","type":"image\/jpeg"}],"author":"bkareaga","twitter_card":"summary_large_image","twitter_creator":"@DiocesisBilbao","twitter_site":"@DiocesisBilbao","schema":{"@context":"https:\/\/schema.org","@graph":[{"@type":"Article","@id":"https:\/\/bizkeliza.org\/eu\/noticia\/begonako-kofradiaren-30-urteurrena\/#article","isPartOf":{"@id":"https:\/\/bizkeliza.org\/eu\/noticia\/begonako-kofradiaren-30-urteurrena\/"},"author":{"name":"bkareaga","@id":"https:\/\/bizkeliza.org\/eu\/#\/schema\/person\/1f27c53156256531056d48959c2f2008"},"headline":"Bego\u00f1ako kofradiaren 30. urteurrena","datePublished":"2025-11-21T09:00:00+00:00","mainEntityOfPage":{"@id":"https:\/\/bizkeliza.org\/eu\/noticia\/begonako-kofradiaren-30-urteurrena\/"},"wordCount":132,"publisher":{"@id":"https:\/\/bizkeliza.org\/eu\/#organization"},"image":{"@id":"https:\/\/bizkeliza.org\/eu\/noticia\/begonako-kofradiaren-30-urteurrena\/#primaryimage"},"thumbnailUrl":"https:\/\/bizkeliza.org\/wp-content\/uploads\/679061_l-9.jpeg","keywords":["Bego\u00f1ako kofradia"],"articleSection":["Lehenengo Orrialdea"],"inLanguage":"eu-ES"},{"@type":"WebPage","@id":"https:\/\/bizkeliza.org\/eu\/noticia\/begonako-kofradiaren-30-urteurrena\/","url":"https:\/\/bizkeliza.org\/eu\/noticia\/begonako-kofradiaren-30-urteurrena\/","name":"Bego\u00f1ako kofradiaren 30. urteurrena","isPartOf":{"@id":"https:\/\/bizkeliza.org\/eu\/#website"},"primaryImageOfPage":{"@id":"https:\/\/bizkeliza.org\/eu\/noticia\/begonako-kofradiaren-30-urteurrena\/#primaryimage"},"image":{"@id":"https:\/\/bizkeliza.org\/eu\/noticia\/begonako-kofradiaren-30-urteurrena\/#primaryimage"},"thumbnailUrl":"https:\/\/bizkeliza.org\/wp-content\/uploads\/679061_l-9.jpeg","datePublished":"2025-11-21T09:00:00+00:00","description":"kristau perfil argia dauan gizarte eremuren bat edo Bego\u00f1ako Amatxuri zerbitzu bereziren bat eskeini deutsana","breadcrumb":{"@id":"https:\/\/bizkeliza.org\/eu\/noticia\/begonako-kofradiaren-30-urteurrena\/#breadcrumb"},"inLanguage":"eu-ES","potentialAction":[{"@type":"ReadAction","target":["https:\/\/bizkeliza.org\/eu\/noticia\/begonako-kofradiaren-30-urteurrena\/"]}]},{"@type":"ImageObject","inLanguage":"eu-ES","@id":"https:\/\/bizkeliza.org\/eu\/noticia\/begonako-kofradiaren-30-urteurrena\/#primaryimage","url":"https:\/\/bizkeliza.org\/wp-content\/uploads\/679061_l-9.jpeg","contentUrl":"https:\/\/bizkeliza.org\/wp-content\/uploads\/679061_l-9.jpeg","width":480,"height":639,"caption":"A las 12.30 h."},{"@type":"BreadcrumbList","@id":"https:\/\/bizkeliza.org\/eu\/noticia\/begonako-kofradiaren-30-urteurrena\/#breadcrumb","itemListElement":[{"@type":"ListItem","position":1,"name":"Portada","item":"https:\/\/bizkeliza.org\/eu\/"},{"@type":"ListItem","position":2,"name":"Bego\u00f1ako kofradiaren 30. urteurrena"}]},{"@type":"WebSite","@id":"https:\/\/bizkeliza.org\/eu\/#website","url":"https:\/\/bizkeliza.org\/eu\/","name":"Bilboko Elizbarrutia - Di\u00f3cesis de Bilbao","description":"Di\u00f3cesis de Bilbao","publisher":{"@id":"https:\/\/bizkeliza.org\/eu\/#organization"},"alternateName":"Di\u00f3cesis de Bilbao","potentialAction":[{"@type":"SearchAction","target":{"@type":"EntryPoint","urlTemplate":"https:\/\/bizkeliza.org\/eu\/?s={search_term_string}"},"query-input":{"@type":"PropertyValueSpecification","valueRequired":true,"valueName":"search_term_string"}}],"inLanguage":"eu-ES"},{"@type":"Organization","@id":"https:\/\/bizkeliza.org\/eu\/#organization","name":"Di\u00f3cesis de Bilbao","alternateName":"Di\u00f3cesis de Bilbao","url":"https:\/\/bizkeliza.org\/eu\/","logo":{"@type":"ImageObject","inLanguage":"eu-ES","@id":"https:\/\/bizkeliza.org\/eu\/#\/schema\/logo\/image\/","url":"https:\/\/bizkeliza.org\/wp-content\/uploads\/2022\/06\/Logo-nuevo_2024-1-scaled.jpg","contentUrl":"https:\/\/bizkeliza.org\/wp-content\/uploads\/2022\/06\/Logo-nuevo_2024-1-scaled.jpg","width":2560,"height":1024,"caption":"Di\u00f3cesis de Bilbao"},"image":{"@id":"https:\/\/bizkeliza.org\/eu\/#\/schema\/logo\/image\/"},"sameAs":["https:\/\/www.facebook.com\/DiocesisBilbao\/","https:\/\/x.com\/DiocesisBilbao","https:\/\/www.instagram.com\/obispadobilbao\/","https:\/\/www.youtube.com\/user\/bilbokoelizbarrutia"],"description":"Iglesia local de Bilbao perteneciente a la Iglesia Cat\u00f3lica"},{"@type":"Person","@id":"https:\/\/bizkeliza.org\/eu\/#\/schema\/person\/1f27c53156256531056d48959c2f2008","name":"bkareaga"}]}},"jetpack_featured_media_url":"https:\/\/bizkeliza.org\/wp-content\/uploads\/679061_l-9.jpeg","_links":{"self":[{"href":"https:\/\/bizkeliza.org\/eu\/wp-json\/wp\/v2\/posts\/177360","targetHints":{"allow":["GET"]}}],"collection":[{"href":"https:\/\/bizkeliza.org\/eu\/wp-json\/wp\/v2\/posts"}],"about":[{"href":"https:\/\/bizkeliza.org\/eu\/wp-json\/wp\/v2\/types\/post"}],"author":[{"embeddable":true,"href":"https:\/\/bizkeliza.org\/eu\/wp-json\/wp\/v2\/users\/20"}],"replies":[{"embeddable":true,"href":"https:\/\/bizkeliza.org\/eu\/wp-json\/wp\/v2\/comments?post=177360"}],"version-history":[{"count":0,"href":"https:\/\/bizkeliza.org\/eu\/wp-json\/wp\/v2\/posts\/177360\/revisions"}],"wp:featuredmedia":[{"embeddable":true,"href":"https:\/\/bizkeliza.org\/eu\/wp-json\/wp\/v2\/media\/93426"}],"wp:attachment":[{"href":"https:\/\/bizkeliza.org\/eu\/wp-json\/wp\/v2\/media?parent=177360"}],"wp:term":[{"taxonomy":"category","embeddable":true,"href":"https:\/\/bizkeliza.org\/eu\/wp-json\/wp\/v2\/categories?post=177360"},{"taxonomy":"post_tag","embeddable":true,"href":"https:\/\/bizkeliza.org\/eu\/wp-json\/wp\/v2\/tags?post=177360"}],"curies":[{"name":"wp","href":"https:\/\/api.w.org\/{rel}","templated":true}]}}