{"id":178116,"date":"2025-12-03T06:00:00","date_gmt":"2025-12-03T05:00:00","guid":{"rendered":"https:\/\/bizkeliza.org\/noticia\/eleizbarrutiak-euskeraren-egunagaz-bat-egin-dau-kulturaren-oroitza-txostena-euskeraz-kaleratuz\/"},"modified":"2025-12-03T11:52:41","modified_gmt":"2025-12-03T10:52:41","slug":"eleizbarrutiak-euskeraren-egunagaz-bat-egin-dau-kulturaren-oroitza-txostena-euskeraz-kaleratuz","status":"publish","type":"post","link":"https:\/\/bizkeliza.org\/eu\/noticia\/eleizbarrutiak-euskeraren-egunagaz-bat-egin-dau-kulturaren-oroitza-txostena-euskeraz-kaleratuz\/","title":{"rendered":"Eleizbarrutiak euskeraren egunagaz bat egin dau kulturaren oroitza-txostena euskeraz kaleratuz"},"content":{"rendered":"\n<p><p><b>Euskeraren egun<\/b> honetan, erraz jadesteko eran argitaratutako otoitza-txostenaren bidez, bizkaitar gizarteak sakontasunez ezagutuko dau Bilboko eleizbarrutiak<strong> euskal hizkuntzaren sustapenean eragile eraginkor lez<\/strong> agertu dauan konpromiso historiko eta bizia.\u00a0<\/p><\/p>\n\n<p><p><a href=\"https:\/\/kulturerakundeak.bizkeliza.org\/\">Kulturaren oroitza-txostenean <\/a>agertzera emoten danez, kalean erabiltzea mugatuta egoan sasoian be, Bizkaiko Eleizak bizirik eutsi izan deutso euskal hizkuntzari.<\/p><\/p>\n\n<p><p>XX. gizaldiaren erdialdetik aurrera, euskeraren erabilera sustatu eban <strong>liturgian, katekesian<\/strong> eta <strong>pastoralgintzan,<\/strong> batez be euskera ohiko hizkuntza zan baserri-giroan. Konpromiso historiko hau hasieratik euskeraren ikerketa eta irakaskuntzan jardun dauan <strong>Estanislao J. Labayru<\/strong> <strong>eleizbarrutiko Institutua<\/strong> lako erakundeen sorreran eta euskal kultur ondarearen bilketan islatu izan da.<\/p><\/p>\n\n<figure class=\"wp-block-embed is-type-rich is-provider-issuu wp-block-embed-issuu\"><div class=\"wp-block-embed__wrapper\">\r\n<iframe title=\"2025_memoria_cultural_eusk\" src=\"https:\/\/e.issuu.com\/embed.html?u=barriatv&#038;d=2025_memoria_cultural_eusk\" style=\"border:none; width: 1080px; height: 828px;\" allow=\"clipboard-write,allow-top-navigation,allow-top-navigation-by-user-activation,allow-downloads,allow-scripts,allow-same-origin,allow-popups,allow-modals,allow-popups-to-escape-sandbox,allow-forms\"  allowfullscreen=\"true\"><\/iframe>\r\n<\/div><\/figure><br>\n\n<p><\/p>\n\n<h3 class=\"wp-block-heading\"><p><strong>Etorkizunari begira<\/strong><\/p><\/h3>\n\n<p><p>Kulturaren oroitza-txostenean nabarmentzen danez, eleizbarrutiak ikuspegi integratzailetik egiten deutso aurre kulturaren aniztasunaren eta sekularizazinoaren erronkari. Euskera ez dau baztertzailetzat jotzen,\u00a0<em>&#8220;alkarte osoa aberastu egiten dauan ondare espiritualtzat&#8221; baino. &#8220;Aniztasunean, alkartasuna&#8221;\u00a0<\/em>sustatzen da, euskal nortasuna beste hizkuntza eta kultura batzukaz hartu-emonean jarriz, batez be migratzaileen etorrera dala-eta.\u00a0<\/p><\/p>\n\n<p><p>Eleizbarrutiak bultzatutako hainbat ekimenek, esate baterako, <strong>Komunikabideetan AAren erabilera etikoa sustatzeko dekalogoak,\u00a0<\/strong>euskeraren aldeko apustua barrikuntza eta etikari lotuta dagoala agertzen dau.<\/p><\/p>\n\n<h3 class=\"wp-block-heading\"><p><strong>Autorpena eta etorkizuna<\/strong><\/p><\/h3>\n\n<p><p><b>Euskeraren eguna<\/b> dala-eta, garrantzitsua da Bizkaiko Eleizak euskal hizkuntzaren zaintza, normalizazino eta zabalkundean egin dauan eta egiten diharduan lana autortzea. Urteak joan eta urteak etorri, Bilboko eleizbarrutiak euskera pastoralgintzan, heziketan, kulturan eta hedabideetan txartatu dau, bere bizitasunaren eragile bihurtuz.\u00a0<\/p><\/p>\n\n<figure class=\"wp-block-embed is-type-wp-embed is-provider-bilboko-elizbarrutia-di-cesis-de-bilbao wp-block-embed-bilboko-elizbarrutia-di-cesis-de-bilbao\"><div class=\"wp-block-embed__wrapper\">\r\n<blockquote class=\"wp-embedded-content\" data-secret=\"cfoqUvkPcX\"><a href=\"https:\/\/bizkeliza.org\/eu\/noticia\/bilboko-eleizbarrutia-fede-eta-kulturaren-arteko-hartu-emona-sustatzen-jarraitzeko-prest\/\">La di\u00f3cesis de Bilbao renueva su apuesta por el di\u00e1logo entre fe y cultura<\/a><\/blockquote><iframe loading=\"lazy\" class=\"wp-embedded-content\" sandbox=\"allow-scripts\" security=\"restricted\" style=\"position: absolute; visibility: hidden;\" title=\"&#8220;La di\u00f3cesis de Bilbao renueva su apuesta por el di\u00e1logo entre fe y cultura&#8221; &#8212; Bilboko Elizbarrutia - Di\u00f3cesis de Bilbao\" src=\"https:\/\/bizkeliza.org\/eu\/noticia\/bilboko-eleizbarrutia-fede-eta-kulturaren-arteko-hartu-emona-sustatzen-jarraitzeko-prest\/embed\/#?secret=TcoWz07voa#?secret=cfoqUvkPcX\" data-secret=\"cfoqUvkPcX\" width=\"600\" height=\"338\" frameborder=\"0\" marginwidth=\"0\" marginheight=\"0\" scrolling=\"no\"><\/iframe>\r\n<\/div><\/figure><br>\n\n<figure class=\"wp-block-embed is-type-video is-provider-youtube wp-block-embed-youtube wp-embed-aspect-16-9 wp-has-aspect-ratio\">\r\n<div class=\"wp-block-embed__wrapper\">https:\/\/www.youtube.com\/watch?v=xoGmpqgmFZk<\/div>\r\n<figcaption class=\"wp-element-caption\">Kulturaren oroitza-txostenaren aurkezpenerako ekitaldia (2025-11-5).<\/figcaption>\r\n<\/figure>\n","protected":false},"excerpt":{"rendered":"<p>Euskeraren egun honetan, erraz jadesteko eran argitaratutako otoitza-txostenaren bidez, bizkaitar gizarteak sakontasunez ezagutuko dau Bilboko eleizbarrutiak euskal hizkuntzaren sustapenean eragile eraginkor lez agertu dauan konpromiso historiko eta bizia.\u00a0 Kulturaren oroitza-txostenean agertzera emoten danez, kalean erabiltzea mugatuta egoan sasoian be, Bizkaiko Eleizak bizirik eutsi izan deutso euskal hizkuntzari. XX. gizaldiaren erdialdetik aurrera, euskeraren erabilera sustatu eban [&hellip;]<\/p>\n","protected":false},"author":19,"featured_media":178106,"comment_status":"closed","ping_status":"closed","sticky":false,"template":"","format":"standard","meta":{"_acf_changed":false,"_et_pb_use_builder":"","_et_pb_old_content":"","_et_gb_content_width":"","footnotes":""},"categories":[506],"tags":[],"class_list":["post-178116","post","type-post","status-publish","format-standard","has-post-thumbnail","hentry","category-lehenengo-orrialdea"],"acf":[],"yoast_head":"<!-- This site is optimized with the Yoast SEO Premium plugin v27.5 (Yoast SEO v27.5) - https:\/\/yoast.com\/product\/yoast-seo-premium-wordpress\/ -->\n<title>Eleizbarrutiak euskeraren egunagaz bat egin dau kulturaren oroitza-txostena euskeraz kaleratuz - Bilboko Elizbarrutia - Di\u00f3cesis de Bilbao<\/title>\n<meta name=\"description\" content=\"Bilboko eleizbarrutiak bat egin dau euskeraren egunagaz Kulturaren Bilboko eleizbarrutiko oroitza-txostena erraz jadesteko moduko eran argitaratuz.\" \/>\n<meta name=\"robots\" content=\"index, follow, max-snippet:-1, max-image-preview:large, max-video-preview:-1\" \/>\n<link rel=\"canonical\" href=\"https:\/\/bizkeliza.org\/eu\/noticia\/eleizbarrutiak-euskeraren-egunagaz-bat-egin-dau-kulturaren-oroitza-txostena-euskeraz-kaleratuz\/\" \/>\n<meta property=\"og:locale\" content=\"eu_ES\" \/>\n<meta property=\"og:type\" content=\"article\" \/>\n<meta property=\"og:title\" content=\"Eleizbarrutiak euskeraren egunagaz bat egin dau kulturaren oroitza-txostena euskeraz kaleratuz\" \/>\n<meta property=\"og:description\" content=\"Bilboko eleizbarrutiak bat egin dau euskeraren egunagaz Kulturaren Bilboko eleizbarrutiko oroitza-txostena erraz jadesteko moduko eran argitaratuz.\" \/>\n<meta property=\"og:url\" content=\"https:\/\/bizkeliza.org\/eu\/noticia\/eleizbarrutiak-euskeraren-egunagaz-bat-egin-dau-kulturaren-oroitza-txostena-euskeraz-kaleratuz\/\" \/>\n<meta property=\"og:site_name\" content=\"Bilboko Elizbarrutia - Di\u00f3cesis de Bilbao\" \/>\n<meta property=\"article:publisher\" content=\"https:\/\/www.facebook.com\/DiocesisBilbao\/\" \/>\n<meta property=\"article:published_time\" content=\"2025-12-03T05:00:00+00:00\" \/>\n<meta property=\"article:modified_time\" content=\"2025-12-03T10:52:41+00:00\" \/>\n<meta property=\"og:image\" content=\"https:\/\/bizkeliza.org\/wp-content\/uploads\/2025\/12\/Oroitza-txostena.jpg\" \/>\n\t<meta property=\"og:image:width\" content=\"1654\" \/>\n\t<meta property=\"og:image:height\" content=\"2339\" \/>\n\t<meta property=\"og:image:type\" content=\"image\/jpeg\" \/>\n<meta name=\"author\" content=\"dalberdi\" \/>\n<meta name=\"twitter:card\" content=\"summary_large_image\" \/>\n<meta name=\"twitter:creator\" content=\"@DiocesisBilbao\" \/>\n<meta name=\"twitter:site\" content=\"@DiocesisBilbao\" \/>\n<script type=\"application\/ld+json\" class=\"yoast-schema-graph\">{\"@context\":\"https:\\\/\\\/schema.org\",\"@graph\":[{\"@type\":\"Article\",\"@id\":\"https:\\\/\\\/bizkeliza.org\\\/eu\\\/noticia\\\/eleizbarrutiak-euskeraren-egunagaz-bat-egin-dau-kulturaren-oroitza-txostena-euskeraz-kaleratuz\\\/#article\",\"isPartOf\":{\"@id\":\"https:\\\/\\\/bizkeliza.org\\\/eu\\\/noticia\\\/eleizbarrutiak-euskeraren-egunagaz-bat-egin-dau-kulturaren-oroitza-txostena-euskeraz-kaleratuz\\\/\"},\"author\":{\"name\":\"dalberdi\",\"@id\":\"https:\\\/\\\/bizkeliza.org\\\/eu\\\/#\\\/schema\\\/person\\\/acc5e302cb1997bd56026a6980544228\"},\"headline\":\"Eleizbarrutiak euskeraren egunagaz bat egin dau kulturaren oroitza-txostena euskeraz kaleratuz\",\"datePublished\":\"2025-12-03T05:00:00+00:00\",\"dateModified\":\"2025-12-03T10:52:41+00:00\",\"mainEntityOfPage\":{\"@id\":\"https:\\\/\\\/bizkeliza.org\\\/eu\\\/noticia\\\/eleizbarrutiak-euskeraren-egunagaz-bat-egin-dau-kulturaren-oroitza-txostena-euskeraz-kaleratuz\\\/\"},\"wordCount\":244,\"publisher\":{\"@id\":\"https:\\\/\\\/bizkeliza.org\\\/eu\\\/#organization\"},\"image\":{\"@id\":\"https:\\\/\\\/bizkeliza.org\\\/eu\\\/noticia\\\/eleizbarrutiak-euskeraren-egunagaz-bat-egin-dau-kulturaren-oroitza-txostena-euskeraz-kaleratuz\\\/#primaryimage\"},\"thumbnailUrl\":\"https:\\\/\\\/bizkeliza.org\\\/wp-content\\\/uploads\\\/2025\\\/12\\\/Oroitza-txostena.jpg\",\"articleSection\":[\"Lehenengo Orrialdea\"],\"inLanguage\":\"eu-ES\"},{\"@type\":\"WebPage\",\"@id\":\"https:\\\/\\\/bizkeliza.org\\\/eu\\\/noticia\\\/eleizbarrutiak-euskeraren-egunagaz-bat-egin-dau-kulturaren-oroitza-txostena-euskeraz-kaleratuz\\\/\",\"url\":\"https:\\\/\\\/bizkeliza.org\\\/eu\\\/noticia\\\/eleizbarrutiak-euskeraren-egunagaz-bat-egin-dau-kulturaren-oroitza-txostena-euskeraz-kaleratuz\\\/\",\"name\":\"Eleizbarrutiak euskeraren egunagaz bat egin dau kulturaren oroitza-txostena euskeraz kaleratuz - Bilboko Elizbarrutia - Di\u00f3cesis de Bilbao\",\"isPartOf\":{\"@id\":\"https:\\\/\\\/bizkeliza.org\\\/eu\\\/#website\"},\"primaryImageOfPage\":{\"@id\":\"https:\\\/\\\/bizkeliza.org\\\/eu\\\/noticia\\\/eleizbarrutiak-euskeraren-egunagaz-bat-egin-dau-kulturaren-oroitza-txostena-euskeraz-kaleratuz\\\/#primaryimage\"},\"image\":{\"@id\":\"https:\\\/\\\/bizkeliza.org\\\/eu\\\/noticia\\\/eleizbarrutiak-euskeraren-egunagaz-bat-egin-dau-kulturaren-oroitza-txostena-euskeraz-kaleratuz\\\/#primaryimage\"},\"thumbnailUrl\":\"https:\\\/\\\/bizkeliza.org\\\/wp-content\\\/uploads\\\/2025\\\/12\\\/Oroitza-txostena.jpg\",\"datePublished\":\"2025-12-03T05:00:00+00:00\",\"dateModified\":\"2025-12-03T10:52:41+00:00\",\"description\":\"Bilboko eleizbarrutiak bat egin dau euskeraren egunagaz Kulturaren Bilboko eleizbarrutiko oroitza-txostena erraz jadesteko moduko eran argitaratuz.\",\"breadcrumb\":{\"@id\":\"https:\\\/\\\/bizkeliza.org\\\/eu\\\/noticia\\\/eleizbarrutiak-euskeraren-egunagaz-bat-egin-dau-kulturaren-oroitza-txostena-euskeraz-kaleratuz\\\/#breadcrumb\"},\"inLanguage\":\"eu-ES\",\"potentialAction\":[{\"@type\":\"ReadAction\",\"target\":[\"https:\\\/\\\/bizkeliza.org\\\/eu\\\/noticia\\\/eleizbarrutiak-euskeraren-egunagaz-bat-egin-dau-kulturaren-oroitza-txostena-euskeraz-kaleratuz\\\/\"]}]},{\"@type\":\"ImageObject\",\"inLanguage\":\"eu-ES\",\"@id\":\"https:\\\/\\\/bizkeliza.org\\\/eu\\\/noticia\\\/eleizbarrutiak-euskeraren-egunagaz-bat-egin-dau-kulturaren-oroitza-txostena-euskeraz-kaleratuz\\\/#primaryimage\",\"url\":\"https:\\\/\\\/bizkeliza.org\\\/wp-content\\\/uploads\\\/2025\\\/12\\\/Oroitza-txostena.jpg\",\"contentUrl\":\"https:\\\/\\\/bizkeliza.org\\\/wp-content\\\/uploads\\\/2025\\\/12\\\/Oroitza-txostena.jpg\",\"width\":1654,\"height\":2339,\"caption\":\"Portada de la publicaci\u00f3n\"},{\"@type\":\"BreadcrumbList\",\"@id\":\"https:\\\/\\\/bizkeliza.org\\\/eu\\\/noticia\\\/eleizbarrutiak-euskeraren-egunagaz-bat-egin-dau-kulturaren-oroitza-txostena-euskeraz-kaleratuz\\\/#breadcrumb\",\"itemListElement\":[{\"@type\":\"ListItem\",\"position\":1,\"name\":\"Portada\",\"item\":\"https:\\\/\\\/bizkeliza.org\\\/eu\\\/\"},{\"@type\":\"ListItem\",\"position\":2,\"name\":\"Eleizbarrutiak euskeraren egunagaz bat egin dau kulturaren oroitza-txostena euskeraz kaleratuz\"}]},{\"@type\":\"WebSite\",\"@id\":\"https:\\\/\\\/bizkeliza.org\\\/eu\\\/#website\",\"url\":\"https:\\\/\\\/bizkeliza.org\\\/eu\\\/\",\"name\":\"Bilboko Elizbarrutia - Di\u00f3cesis de Bilbao\",\"description\":\"Di\u00f3cesis de Bilbao\",\"publisher\":{\"@id\":\"https:\\\/\\\/bizkeliza.org\\\/eu\\\/#organization\"},\"alternateName\":\"Di\u00f3cesis de Bilbao\",\"potentialAction\":[{\"@type\":\"SearchAction\",\"target\":{\"@type\":\"EntryPoint\",\"urlTemplate\":\"https:\\\/\\\/bizkeliza.org\\\/eu\\\/?s={search_term_string}\"},\"query-input\":{\"@type\":\"PropertyValueSpecification\",\"valueRequired\":true,\"valueName\":\"search_term_string\"}}],\"inLanguage\":\"eu-ES\"},{\"@type\":\"Organization\",\"@id\":\"https:\\\/\\\/bizkeliza.org\\\/eu\\\/#organization\",\"name\":\"Di\u00f3cesis de Bilbao\",\"alternateName\":\"Di\u00f3cesis de Bilbao\",\"url\":\"https:\\\/\\\/bizkeliza.org\\\/eu\\\/\",\"logo\":{\"@type\":\"ImageObject\",\"inLanguage\":\"eu-ES\",\"@id\":\"https:\\\/\\\/bizkeliza.org\\\/eu\\\/#\\\/schema\\\/logo\\\/image\\\/\",\"url\":\"https:\\\/\\\/bizkeliza.org\\\/wp-content\\\/uploads\\\/2022\\\/06\\\/Logo-nuevo_2024-1-scaled.jpg\",\"contentUrl\":\"https:\\\/\\\/bizkeliza.org\\\/wp-content\\\/uploads\\\/2022\\\/06\\\/Logo-nuevo_2024-1-scaled.jpg\",\"width\":2560,\"height\":1024,\"caption\":\"Di\u00f3cesis de Bilbao\"},\"image\":{\"@id\":\"https:\\\/\\\/bizkeliza.org\\\/eu\\\/#\\\/schema\\\/logo\\\/image\\\/\"},\"sameAs\":[\"https:\\\/\\\/www.facebook.com\\\/DiocesisBilbao\\\/\",\"https:\\\/\\\/x.com\\\/DiocesisBilbao\",\"https:\\\/\\\/www.instagram.com\\\/obispadobilbao\\\/\",\"https:\\\/\\\/www.youtube.com\\\/user\\\/bilbokoelizbarrutia\"],\"description\":\"Iglesia local de Bilbao perteneciente a la Iglesia Cat\u00f3lica\"},{\"@type\":\"Person\",\"@id\":\"https:\\\/\\\/bizkeliza.org\\\/eu\\\/#\\\/schema\\\/person\\\/acc5e302cb1997bd56026a6980544228\",\"name\":\"dalberdi\"}]}<\/script>\n<!-- \/ Yoast SEO Premium plugin. -->","yoast_head_json":{"title":"Eleizbarrutiak euskeraren egunagaz bat egin dau kulturaren oroitza-txostena euskeraz kaleratuz - Bilboko Elizbarrutia - Di\u00f3cesis de Bilbao","description":"Bilboko eleizbarrutiak bat egin dau euskeraren egunagaz Kulturaren Bilboko eleizbarrutiko oroitza-txostena erraz jadesteko moduko eran argitaratuz.","robots":{"index":"index","follow":"follow","max-snippet":"max-snippet:-1","max-image-preview":"max-image-preview:large","max-video-preview":"max-video-preview:-1"},"canonical":"https:\/\/bizkeliza.org\/eu\/noticia\/eleizbarrutiak-euskeraren-egunagaz-bat-egin-dau-kulturaren-oroitza-txostena-euskeraz-kaleratuz\/","og_locale":"eu_ES","og_type":"article","og_title":"Eleizbarrutiak euskeraren egunagaz bat egin dau kulturaren oroitza-txostena euskeraz kaleratuz","og_description":"Bilboko eleizbarrutiak bat egin dau euskeraren egunagaz Kulturaren Bilboko eleizbarrutiko oroitza-txostena erraz jadesteko moduko eran argitaratuz.","og_url":"https:\/\/bizkeliza.org\/eu\/noticia\/eleizbarrutiak-euskeraren-egunagaz-bat-egin-dau-kulturaren-oroitza-txostena-euskeraz-kaleratuz\/","og_site_name":"Bilboko Elizbarrutia - Di\u00f3cesis de Bilbao","article_publisher":"https:\/\/www.facebook.com\/DiocesisBilbao\/","article_published_time":"2025-12-03T05:00:00+00:00","article_modified_time":"2025-12-03T10:52:41+00:00","og_image":[{"width":1654,"height":2339,"url":"https:\/\/bizkeliza.org\/wp-content\/uploads\/2025\/12\/Oroitza-txostena.jpg","type":"image\/jpeg"}],"author":"dalberdi","twitter_card":"summary_large_image","twitter_creator":"@DiocesisBilbao","twitter_site":"@DiocesisBilbao","schema":{"@context":"https:\/\/schema.org","@graph":[{"@type":"Article","@id":"https:\/\/bizkeliza.org\/eu\/noticia\/eleizbarrutiak-euskeraren-egunagaz-bat-egin-dau-kulturaren-oroitza-txostena-euskeraz-kaleratuz\/#article","isPartOf":{"@id":"https:\/\/bizkeliza.org\/eu\/noticia\/eleizbarrutiak-euskeraren-egunagaz-bat-egin-dau-kulturaren-oroitza-txostena-euskeraz-kaleratuz\/"},"author":{"name":"dalberdi","@id":"https:\/\/bizkeliza.org\/eu\/#\/schema\/person\/acc5e302cb1997bd56026a6980544228"},"headline":"Eleizbarrutiak euskeraren egunagaz bat egin dau kulturaren oroitza-txostena euskeraz kaleratuz","datePublished":"2025-12-03T05:00:00+00:00","dateModified":"2025-12-03T10:52:41+00:00","mainEntityOfPage":{"@id":"https:\/\/bizkeliza.org\/eu\/noticia\/eleizbarrutiak-euskeraren-egunagaz-bat-egin-dau-kulturaren-oroitza-txostena-euskeraz-kaleratuz\/"},"wordCount":244,"publisher":{"@id":"https:\/\/bizkeliza.org\/eu\/#organization"},"image":{"@id":"https:\/\/bizkeliza.org\/eu\/noticia\/eleizbarrutiak-euskeraren-egunagaz-bat-egin-dau-kulturaren-oroitza-txostena-euskeraz-kaleratuz\/#primaryimage"},"thumbnailUrl":"https:\/\/bizkeliza.org\/wp-content\/uploads\/2025\/12\/Oroitza-txostena.jpg","articleSection":["Lehenengo Orrialdea"],"inLanguage":"eu-ES"},{"@type":"WebPage","@id":"https:\/\/bizkeliza.org\/eu\/noticia\/eleizbarrutiak-euskeraren-egunagaz-bat-egin-dau-kulturaren-oroitza-txostena-euskeraz-kaleratuz\/","url":"https:\/\/bizkeliza.org\/eu\/noticia\/eleizbarrutiak-euskeraren-egunagaz-bat-egin-dau-kulturaren-oroitza-txostena-euskeraz-kaleratuz\/","name":"Eleizbarrutiak euskeraren egunagaz bat egin dau kulturaren oroitza-txostena euskeraz kaleratuz - Bilboko Elizbarrutia - Di\u00f3cesis de Bilbao","isPartOf":{"@id":"https:\/\/bizkeliza.org\/eu\/#website"},"primaryImageOfPage":{"@id":"https:\/\/bizkeliza.org\/eu\/noticia\/eleizbarrutiak-euskeraren-egunagaz-bat-egin-dau-kulturaren-oroitza-txostena-euskeraz-kaleratuz\/#primaryimage"},"image":{"@id":"https:\/\/bizkeliza.org\/eu\/noticia\/eleizbarrutiak-euskeraren-egunagaz-bat-egin-dau-kulturaren-oroitza-txostena-euskeraz-kaleratuz\/#primaryimage"},"thumbnailUrl":"https:\/\/bizkeliza.org\/wp-content\/uploads\/2025\/12\/Oroitza-txostena.jpg","datePublished":"2025-12-03T05:00:00+00:00","dateModified":"2025-12-03T10:52:41+00:00","description":"Bilboko eleizbarrutiak bat egin dau euskeraren egunagaz Kulturaren Bilboko eleizbarrutiko oroitza-txostena erraz jadesteko moduko eran argitaratuz.","breadcrumb":{"@id":"https:\/\/bizkeliza.org\/eu\/noticia\/eleizbarrutiak-euskeraren-egunagaz-bat-egin-dau-kulturaren-oroitza-txostena-euskeraz-kaleratuz\/#breadcrumb"},"inLanguage":"eu-ES","potentialAction":[{"@type":"ReadAction","target":["https:\/\/bizkeliza.org\/eu\/noticia\/eleizbarrutiak-euskeraren-egunagaz-bat-egin-dau-kulturaren-oroitza-txostena-euskeraz-kaleratuz\/"]}]},{"@type":"ImageObject","inLanguage":"eu-ES","@id":"https:\/\/bizkeliza.org\/eu\/noticia\/eleizbarrutiak-euskeraren-egunagaz-bat-egin-dau-kulturaren-oroitza-txostena-euskeraz-kaleratuz\/#primaryimage","url":"https:\/\/bizkeliza.org\/wp-content\/uploads\/2025\/12\/Oroitza-txostena.jpg","contentUrl":"https:\/\/bizkeliza.org\/wp-content\/uploads\/2025\/12\/Oroitza-txostena.jpg","width":1654,"height":2339,"caption":"Portada de la publicaci\u00f3n"},{"@type":"BreadcrumbList","@id":"https:\/\/bizkeliza.org\/eu\/noticia\/eleizbarrutiak-euskeraren-egunagaz-bat-egin-dau-kulturaren-oroitza-txostena-euskeraz-kaleratuz\/#breadcrumb","itemListElement":[{"@type":"ListItem","position":1,"name":"Portada","item":"https:\/\/bizkeliza.org\/eu\/"},{"@type":"ListItem","position":2,"name":"Eleizbarrutiak euskeraren egunagaz bat egin dau kulturaren oroitza-txostena euskeraz kaleratuz"}]},{"@type":"WebSite","@id":"https:\/\/bizkeliza.org\/eu\/#website","url":"https:\/\/bizkeliza.org\/eu\/","name":"Bilboko Elizbarrutia - Di\u00f3cesis de Bilbao","description":"Di\u00f3cesis de Bilbao","publisher":{"@id":"https:\/\/bizkeliza.org\/eu\/#organization"},"alternateName":"Di\u00f3cesis de Bilbao","potentialAction":[{"@type":"SearchAction","target":{"@type":"EntryPoint","urlTemplate":"https:\/\/bizkeliza.org\/eu\/?s={search_term_string}"},"query-input":{"@type":"PropertyValueSpecification","valueRequired":true,"valueName":"search_term_string"}}],"inLanguage":"eu-ES"},{"@type":"Organization","@id":"https:\/\/bizkeliza.org\/eu\/#organization","name":"Di\u00f3cesis de Bilbao","alternateName":"Di\u00f3cesis de Bilbao","url":"https:\/\/bizkeliza.org\/eu\/","logo":{"@type":"ImageObject","inLanguage":"eu-ES","@id":"https:\/\/bizkeliza.org\/eu\/#\/schema\/logo\/image\/","url":"https:\/\/bizkeliza.org\/wp-content\/uploads\/2022\/06\/Logo-nuevo_2024-1-scaled.jpg","contentUrl":"https:\/\/bizkeliza.org\/wp-content\/uploads\/2022\/06\/Logo-nuevo_2024-1-scaled.jpg","width":2560,"height":1024,"caption":"Di\u00f3cesis de Bilbao"},"image":{"@id":"https:\/\/bizkeliza.org\/eu\/#\/schema\/logo\/image\/"},"sameAs":["https:\/\/www.facebook.com\/DiocesisBilbao\/","https:\/\/x.com\/DiocesisBilbao","https:\/\/www.instagram.com\/obispadobilbao\/","https:\/\/www.youtube.com\/user\/bilbokoelizbarrutia"],"description":"Iglesia local de Bilbao perteneciente a la Iglesia Cat\u00f3lica"},{"@type":"Person","@id":"https:\/\/bizkeliza.org\/eu\/#\/schema\/person\/acc5e302cb1997bd56026a6980544228","name":"dalberdi"}]}},"jetpack_featured_media_url":"https:\/\/bizkeliza.org\/wp-content\/uploads\/2025\/12\/Oroitza-txostena.jpg","_links":{"self":[{"href":"https:\/\/bizkeliza.org\/eu\/wp-json\/wp\/v2\/posts\/178116","targetHints":{"allow":["GET"]}}],"collection":[{"href":"https:\/\/bizkeliza.org\/eu\/wp-json\/wp\/v2\/posts"}],"about":[{"href":"https:\/\/bizkeliza.org\/eu\/wp-json\/wp\/v2\/types\/post"}],"author":[{"embeddable":true,"href":"https:\/\/bizkeliza.org\/eu\/wp-json\/wp\/v2\/users\/19"}],"replies":[{"embeddable":true,"href":"https:\/\/bizkeliza.org\/eu\/wp-json\/wp\/v2\/comments?post=178116"}],"version-history":[{"count":0,"href":"https:\/\/bizkeliza.org\/eu\/wp-json\/wp\/v2\/posts\/178116\/revisions"}],"wp:featuredmedia":[{"embeddable":true,"href":"https:\/\/bizkeliza.org\/eu\/wp-json\/wp\/v2\/media\/178106"}],"wp:attachment":[{"href":"https:\/\/bizkeliza.org\/eu\/wp-json\/wp\/v2\/media?parent=178116"}],"wp:term":[{"taxonomy":"category","embeddable":true,"href":"https:\/\/bizkeliza.org\/eu\/wp-json\/wp\/v2\/categories?post=178116"},{"taxonomy":"post_tag","embeddable":true,"href":"https:\/\/bizkeliza.org\/eu\/wp-json\/wp\/v2\/tags?post=178116"}],"curies":[{"name":"wp","href":"https:\/\/api.w.org\/{rel}","templated":true}]}}