{"id":178432,"date":"2025-12-09T10:30:00","date_gmt":"2025-12-09T09:30:00","guid":{"rendered":"https:\/\/bizkeliza.org\/noticia\/eukaristia-eulogio-prado-lekaide-adeitsuaren-oroimenez\/"},"modified":"2025-12-09T10:29:47","modified_gmt":"2025-12-09T09:29:47","slug":"eukaristia-eulogio-prado-lekaide-adeitsuaren-oroimenez","status":"publish","type":"post","link":"https:\/\/bizkeliza.org\/eu\/noticia\/eukaristia-eulogio-prado-lekaide-adeitsuaren-oroimenez\/","title":{"rendered":"Eukaristia Eulogio Prado lekaide adeitsuaren oroimenez"},"content":{"rendered":"\n<p><p><br\/><strong>Eulogio Pobladura de Yuson<\/strong> jaio zan 1946ko uztailaren 17an. <strong>Collevalenzako<\/strong> heziketa-etxean egin ebazan ikasketak eta Batxilergoko azken urtea <strong>Lujuako<\/strong> heziketa-etxean. 1970 eta 1971 bitartean,<strong> Matricen (Campobasso)<\/strong> egin eban nobizio-aldia eta berton egin eban botoen profesa 1971eko irailaren 8an. Hemendik <strong>Fermoko<\/strong> etxera joan zan eleiz ikasketakaz jarraitzeko. 1975eko irailaren 8an egin eban betirako botoen profesa <strong>Collevalenzan<\/strong> eta 1976ko ekainaren 28an egin zan abade <strong>La Nora del R\u00edon, Mons. Antonio Briva Miravent<\/strong> Astorgako gotzainaren eskutik.\u00a0<\/p><\/p>\n\n<p>De 1976 a 1979, fue responsable del seminario congregacional de <strong>Collevalenza<\/strong>. En 1979 le trasladaron a la comunidad de <strong>Villava, <\/strong>como encargado de los alumnos en formaci\u00f3n. En 1890 pas\u00f3 a la comunidad de <strong>Larrondo <\/strong>y en 1981 fue trasladado a la comunidad de <strong>La Nora del R\u00edo <\/strong>como profesor y formador, desde 1983 fue administrador de dicha casa.<\/p>\n\n<p><p>1999an, <strong>La Virgen del Camino<\/strong> alkartera bialdu eben eta 2000ean, <strong>Cochabambako (Bolivia)<\/strong> alkartera. Gitxiegitasun kardiakoaren eraginez, urtetako lan nekezaren ostean, biziki maite eban <strong>Bolivia<\/strong> itzi eta Espainiara bueltatu behar izan eban tratamentua eta zaintza jasotzeko, <em>\u201cpese a las naturales reticencias de quien ya tiene su coraz\u00f3n en el destino que se le ha encomendado\u201d.<\/em><\/p><\/p>\n\n<p class=\"has-text-align-center\"><strong>Sus \u00faltimos a\u00f1os ha residido en la comunidad de la casa de Ejercicios de Bego\u00f1a, donde ha atendido con cuidado y dedicaci\u00f3n a cuantas personas se acercaban all\u00ed, para tener una experiencia de oraci\u00f3n, reflexi\u00f3n o formaci\u00f3n.<\/strong><\/p>\n\n<p><\/p>\n\n<figure class=\"wp-block-pullquote\"><blockquote><p>Beti adeitsu eta zintzo bere lanean, arrasto handia itzi dau mundu honetako erromesaldian bidelagun izan dituan anai guztiengan. <\/p><\/blockquote><\/figure>\n\n<p><strong>Goian bego!!!<\/strong><\/p>\n","protected":false},"excerpt":{"rendered":"<p>Eulogio Pobladura de Yuson jaio zan 1946ko uztailaren 17an. Collevalenzako heziketa-etxean egin ebazan ikasketak eta Batxilergoko azken urtea Lujuako heziketa-etxean. 1970 eta 1971 bitartean, Matricen (Campobasso) egin eban nobizio-aldia eta berton egin eban botoen profesa 1971eko irailaren 8an. Hemendik Fermoko etxera joan zan eleiz ikasketakaz jarraitzeko. 1975eko irailaren 8an egin eban betirako botoen profesa Collevalenzan [&hellip;]<\/p>\n","protected":false},"author":20,"featured_media":178420,"comment_status":"closed","ping_status":"closed","sticky":false,"template":"","format":"standard","meta":{"_acf_changed":false,"_et_pb_use_builder":"off","_et_pb_old_content":"","_et_gb_content_width":"","footnotes":""},"categories":[506],"tags":[685],"class_list":["post-178432","post","type-post","status-publish","format-standard","has-post-thumbnail","hentry","category-lehenengo-orrialdea","tag-fraileak"],"acf":[],"yoast_head":"<!-- This site is optimized with the Yoast SEO Premium plugin v27.5 (Yoast SEO v27.5) - https:\/\/yoast.com\/product\/yoast-seo-premium-wordpress\/ -->\n<title>Eukaristia Eulogio Prado lekaide adeitsuaren oroimenez<\/title>\n<meta name=\"description\" content=\"Eulogio Pobladura de Yuson jaio zan 1946ko uztailaren 17an. Collevalenzako heziketa-etxean egin ebazan ikasketak eta azken urtean\" \/>\n<meta name=\"robots\" content=\"index, follow, max-snippet:-1, max-image-preview:large, max-video-preview:-1\" \/>\n<link rel=\"canonical\" href=\"https:\/\/bizkeliza.org\/eu\/noticia\/eukaristia-eulogio-prado-lekaide-adeitsuaren-oroimenez\/\" \/>\n<meta property=\"og:locale\" content=\"eu_ES\" \/>\n<meta property=\"og:type\" content=\"article\" \/>\n<meta property=\"og:title\" content=\"Eukaristia Eulogio Prado lekaide adeitsuaren oroimenez\" \/>\n<meta property=\"og:description\" content=\"Eulogio Pobladura de Yuson jaio zan 1946ko uztailaren 17an. Collevalenzako heziketa-etxean egin ebazan ikasketak eta azken urtean\" \/>\n<meta property=\"og:url\" content=\"https:\/\/bizkeliza.org\/eu\/noticia\/eukaristia-eulogio-prado-lekaide-adeitsuaren-oroimenez\/\" \/>\n<meta property=\"og:site_name\" content=\"Bilboko Elizbarrutia - Di\u00f3cesis de Bilbao\" \/>\n<meta property=\"article:publisher\" content=\"https:\/\/www.facebook.com\/DiocesisBilbao\/\" \/>\n<meta property=\"article:published_time\" content=\"2025-12-09T09:30:00+00:00\" \/>\n<meta property=\"og:image\" content=\"https:\/\/bizkeliza.org\/wp-content\/uploads\/2025\/12\/IMG-20251209-WA0000.jpg\" \/>\n\t<meta property=\"og:image:width\" content=\"1107\" \/>\n\t<meta property=\"og:image:height\" content=\"1177\" \/>\n\t<meta property=\"og:image:type\" content=\"image\/jpeg\" \/>\n<meta name=\"author\" content=\"bkareaga\" \/>\n<meta name=\"twitter:card\" content=\"summary_large_image\" \/>\n<meta name=\"twitter:creator\" content=\"@DiocesisBilbao\" \/>\n<meta name=\"twitter:site\" content=\"@DiocesisBilbao\" \/>\n<script type=\"application\/ld+json\" class=\"yoast-schema-graph\">{\"@context\":\"https:\\\/\\\/schema.org\",\"@graph\":[{\"@type\":\"Article\",\"@id\":\"https:\\\/\\\/bizkeliza.org\\\/eu\\\/noticia\\\/eukaristia-eulogio-prado-lekaide-adeitsuaren-oroimenez\\\/#article\",\"isPartOf\":{\"@id\":\"https:\\\/\\\/bizkeliza.org\\\/eu\\\/noticia\\\/eukaristia-eulogio-prado-lekaide-adeitsuaren-oroimenez\\\/\"},\"author\":{\"name\":\"bkareaga\",\"@id\":\"https:\\\/\\\/bizkeliza.org\\\/eu\\\/#\\\/schema\\\/person\\\/1f27c53156256531056d48959c2f2008\"},\"headline\":\"Eukaristia Eulogio Prado lekaide adeitsuaren oroimenez\",\"datePublished\":\"2025-12-09T09:30:00+00:00\",\"mainEntityOfPage\":{\"@id\":\"https:\\\/\\\/bizkeliza.org\\\/eu\\\/noticia\\\/eukaristia-eulogio-prado-lekaide-adeitsuaren-oroimenez\\\/\"},\"wordCount\":251,\"publisher\":{\"@id\":\"https:\\\/\\\/bizkeliza.org\\\/eu\\\/#organization\"},\"image\":{\"@id\":\"https:\\\/\\\/bizkeliza.org\\\/eu\\\/noticia\\\/eukaristia-eulogio-prado-lekaide-adeitsuaren-oroimenez\\\/#primaryimage\"},\"thumbnailUrl\":\"https:\\\/\\\/bizkeliza.org\\\/wp-content\\\/uploads\\\/2025\\\/12\\\/IMG-20251209-WA0000.jpg\",\"keywords\":[\"Fraileak eta monjak\"],\"articleSection\":[\"Lehenengo Orrialdea\"],\"inLanguage\":\"eu-ES\"},{\"@type\":\"WebPage\",\"@id\":\"https:\\\/\\\/bizkeliza.org\\\/eu\\\/noticia\\\/eukaristia-eulogio-prado-lekaide-adeitsuaren-oroimenez\\\/\",\"url\":\"https:\\\/\\\/bizkeliza.org\\\/eu\\\/noticia\\\/eukaristia-eulogio-prado-lekaide-adeitsuaren-oroimenez\\\/\",\"name\":\"Eukaristia Eulogio Prado lekaide adeitsuaren oroimenez\",\"isPartOf\":{\"@id\":\"https:\\\/\\\/bizkeliza.org\\\/eu\\\/#website\"},\"primaryImageOfPage\":{\"@id\":\"https:\\\/\\\/bizkeliza.org\\\/eu\\\/noticia\\\/eukaristia-eulogio-prado-lekaide-adeitsuaren-oroimenez\\\/#primaryimage\"},\"image\":{\"@id\":\"https:\\\/\\\/bizkeliza.org\\\/eu\\\/noticia\\\/eukaristia-eulogio-prado-lekaide-adeitsuaren-oroimenez\\\/#primaryimage\"},\"thumbnailUrl\":\"https:\\\/\\\/bizkeliza.org\\\/wp-content\\\/uploads\\\/2025\\\/12\\\/IMG-20251209-WA0000.jpg\",\"datePublished\":\"2025-12-09T09:30:00+00:00\",\"description\":\"Eulogio Pobladura de Yuson jaio zan 1946ko uztailaren 17an. Collevalenzako heziketa-etxean egin ebazan ikasketak eta azken urtean\",\"breadcrumb\":{\"@id\":\"https:\\\/\\\/bizkeliza.org\\\/eu\\\/noticia\\\/eukaristia-eulogio-prado-lekaide-adeitsuaren-oroimenez\\\/#breadcrumb\"},\"inLanguage\":\"eu-ES\",\"potentialAction\":[{\"@type\":\"ReadAction\",\"target\":[\"https:\\\/\\\/bizkeliza.org\\\/eu\\\/noticia\\\/eukaristia-eulogio-prado-lekaide-adeitsuaren-oroimenez\\\/\"]}]},{\"@type\":\"ImageObject\",\"inLanguage\":\"eu-ES\",\"@id\":\"https:\\\/\\\/bizkeliza.org\\\/eu\\\/noticia\\\/eukaristia-eulogio-prado-lekaide-adeitsuaren-oroimenez\\\/#primaryimage\",\"url\":\"https:\\\/\\\/bizkeliza.org\\\/wp-content\\\/uploads\\\/2025\\\/12\\\/IMG-20251209-WA0000.jpg\",\"contentUrl\":\"https:\\\/\\\/bizkeliza.org\\\/wp-content\\\/uploads\\\/2025\\\/12\\\/IMG-20251209-WA0000.jpg\",\"width\":1107,\"height\":1177,\"caption\":\"Eulogio del Prado\"},{\"@type\":\"BreadcrumbList\",\"@id\":\"https:\\\/\\\/bizkeliza.org\\\/eu\\\/noticia\\\/eukaristia-eulogio-prado-lekaide-adeitsuaren-oroimenez\\\/#breadcrumb\",\"itemListElement\":[{\"@type\":\"ListItem\",\"position\":1,\"name\":\"Portada\",\"item\":\"https:\\\/\\\/bizkeliza.org\\\/eu\\\/\"},{\"@type\":\"ListItem\",\"position\":2,\"name\":\"Eukaristia Eulogio Prado lekaide adeitsuaren oroimenez\"}]},{\"@type\":\"WebSite\",\"@id\":\"https:\\\/\\\/bizkeliza.org\\\/eu\\\/#website\",\"url\":\"https:\\\/\\\/bizkeliza.org\\\/eu\\\/\",\"name\":\"Bilboko Elizbarrutia - Di\u00f3cesis de Bilbao\",\"description\":\"Di\u00f3cesis de Bilbao\",\"publisher\":{\"@id\":\"https:\\\/\\\/bizkeliza.org\\\/eu\\\/#organization\"},\"alternateName\":\"Di\u00f3cesis de Bilbao\",\"potentialAction\":[{\"@type\":\"SearchAction\",\"target\":{\"@type\":\"EntryPoint\",\"urlTemplate\":\"https:\\\/\\\/bizkeliza.org\\\/eu\\\/?s={search_term_string}\"},\"query-input\":{\"@type\":\"PropertyValueSpecification\",\"valueRequired\":true,\"valueName\":\"search_term_string\"}}],\"inLanguage\":\"eu-ES\"},{\"@type\":\"Organization\",\"@id\":\"https:\\\/\\\/bizkeliza.org\\\/eu\\\/#organization\",\"name\":\"Di\u00f3cesis de Bilbao\",\"alternateName\":\"Di\u00f3cesis de Bilbao\",\"url\":\"https:\\\/\\\/bizkeliza.org\\\/eu\\\/\",\"logo\":{\"@type\":\"ImageObject\",\"inLanguage\":\"eu-ES\",\"@id\":\"https:\\\/\\\/bizkeliza.org\\\/eu\\\/#\\\/schema\\\/logo\\\/image\\\/\",\"url\":\"https:\\\/\\\/bizkeliza.org\\\/wp-content\\\/uploads\\\/2022\\\/06\\\/Logo-nuevo_2024-1-scaled.jpg\",\"contentUrl\":\"https:\\\/\\\/bizkeliza.org\\\/wp-content\\\/uploads\\\/2022\\\/06\\\/Logo-nuevo_2024-1-scaled.jpg\",\"width\":2560,\"height\":1024,\"caption\":\"Di\u00f3cesis de Bilbao\"},\"image\":{\"@id\":\"https:\\\/\\\/bizkeliza.org\\\/eu\\\/#\\\/schema\\\/logo\\\/image\\\/\"},\"sameAs\":[\"https:\\\/\\\/www.facebook.com\\\/DiocesisBilbao\\\/\",\"https:\\\/\\\/x.com\\\/DiocesisBilbao\",\"https:\\\/\\\/www.instagram.com\\\/obispadobilbao\\\/\",\"https:\\\/\\\/www.youtube.com\\\/user\\\/bilbokoelizbarrutia\"],\"description\":\"Iglesia local de Bilbao perteneciente a la Iglesia Cat\u00f3lica\"},{\"@type\":\"Person\",\"@id\":\"https:\\\/\\\/bizkeliza.org\\\/eu\\\/#\\\/schema\\\/person\\\/1f27c53156256531056d48959c2f2008\",\"name\":\"bkareaga\"}]}<\/script>\n<!-- \/ Yoast SEO Premium plugin. -->","yoast_head_json":{"title":"Eukaristia Eulogio Prado lekaide adeitsuaren oroimenez","description":"Eulogio Pobladura de Yuson jaio zan 1946ko uztailaren 17an. Collevalenzako heziketa-etxean egin ebazan ikasketak eta azken urtean","robots":{"index":"index","follow":"follow","max-snippet":"max-snippet:-1","max-image-preview":"max-image-preview:large","max-video-preview":"max-video-preview:-1"},"canonical":"https:\/\/bizkeliza.org\/eu\/noticia\/eukaristia-eulogio-prado-lekaide-adeitsuaren-oroimenez\/","og_locale":"eu_ES","og_type":"article","og_title":"Eukaristia Eulogio Prado lekaide adeitsuaren oroimenez","og_description":"Eulogio Pobladura de Yuson jaio zan 1946ko uztailaren 17an. Collevalenzako heziketa-etxean egin ebazan ikasketak eta azken urtean","og_url":"https:\/\/bizkeliza.org\/eu\/noticia\/eukaristia-eulogio-prado-lekaide-adeitsuaren-oroimenez\/","og_site_name":"Bilboko Elizbarrutia - Di\u00f3cesis de Bilbao","article_publisher":"https:\/\/www.facebook.com\/DiocesisBilbao\/","article_published_time":"2025-12-09T09:30:00+00:00","og_image":[{"width":1107,"height":1177,"url":"https:\/\/bizkeliza.org\/wp-content\/uploads\/2025\/12\/IMG-20251209-WA0000.jpg","type":"image\/jpeg"}],"author":"bkareaga","twitter_card":"summary_large_image","twitter_creator":"@DiocesisBilbao","twitter_site":"@DiocesisBilbao","schema":{"@context":"https:\/\/schema.org","@graph":[{"@type":"Article","@id":"https:\/\/bizkeliza.org\/eu\/noticia\/eukaristia-eulogio-prado-lekaide-adeitsuaren-oroimenez\/#article","isPartOf":{"@id":"https:\/\/bizkeliza.org\/eu\/noticia\/eukaristia-eulogio-prado-lekaide-adeitsuaren-oroimenez\/"},"author":{"name":"bkareaga","@id":"https:\/\/bizkeliza.org\/eu\/#\/schema\/person\/1f27c53156256531056d48959c2f2008"},"headline":"Eukaristia Eulogio Prado lekaide adeitsuaren oroimenez","datePublished":"2025-12-09T09:30:00+00:00","mainEntityOfPage":{"@id":"https:\/\/bizkeliza.org\/eu\/noticia\/eukaristia-eulogio-prado-lekaide-adeitsuaren-oroimenez\/"},"wordCount":251,"publisher":{"@id":"https:\/\/bizkeliza.org\/eu\/#organization"},"image":{"@id":"https:\/\/bizkeliza.org\/eu\/noticia\/eukaristia-eulogio-prado-lekaide-adeitsuaren-oroimenez\/#primaryimage"},"thumbnailUrl":"https:\/\/bizkeliza.org\/wp-content\/uploads\/2025\/12\/IMG-20251209-WA0000.jpg","keywords":["Fraileak eta monjak"],"articleSection":["Lehenengo Orrialdea"],"inLanguage":"eu-ES"},{"@type":"WebPage","@id":"https:\/\/bizkeliza.org\/eu\/noticia\/eukaristia-eulogio-prado-lekaide-adeitsuaren-oroimenez\/","url":"https:\/\/bizkeliza.org\/eu\/noticia\/eukaristia-eulogio-prado-lekaide-adeitsuaren-oroimenez\/","name":"Eukaristia Eulogio Prado lekaide adeitsuaren oroimenez","isPartOf":{"@id":"https:\/\/bizkeliza.org\/eu\/#website"},"primaryImageOfPage":{"@id":"https:\/\/bizkeliza.org\/eu\/noticia\/eukaristia-eulogio-prado-lekaide-adeitsuaren-oroimenez\/#primaryimage"},"image":{"@id":"https:\/\/bizkeliza.org\/eu\/noticia\/eukaristia-eulogio-prado-lekaide-adeitsuaren-oroimenez\/#primaryimage"},"thumbnailUrl":"https:\/\/bizkeliza.org\/wp-content\/uploads\/2025\/12\/IMG-20251209-WA0000.jpg","datePublished":"2025-12-09T09:30:00+00:00","description":"Eulogio Pobladura de Yuson jaio zan 1946ko uztailaren 17an. Collevalenzako heziketa-etxean egin ebazan ikasketak eta azken urtean","breadcrumb":{"@id":"https:\/\/bizkeliza.org\/eu\/noticia\/eukaristia-eulogio-prado-lekaide-adeitsuaren-oroimenez\/#breadcrumb"},"inLanguage":"eu-ES","potentialAction":[{"@type":"ReadAction","target":["https:\/\/bizkeliza.org\/eu\/noticia\/eukaristia-eulogio-prado-lekaide-adeitsuaren-oroimenez\/"]}]},{"@type":"ImageObject","inLanguage":"eu-ES","@id":"https:\/\/bizkeliza.org\/eu\/noticia\/eukaristia-eulogio-prado-lekaide-adeitsuaren-oroimenez\/#primaryimage","url":"https:\/\/bizkeliza.org\/wp-content\/uploads\/2025\/12\/IMG-20251209-WA0000.jpg","contentUrl":"https:\/\/bizkeliza.org\/wp-content\/uploads\/2025\/12\/IMG-20251209-WA0000.jpg","width":1107,"height":1177,"caption":"Eulogio del Prado"},{"@type":"BreadcrumbList","@id":"https:\/\/bizkeliza.org\/eu\/noticia\/eukaristia-eulogio-prado-lekaide-adeitsuaren-oroimenez\/#breadcrumb","itemListElement":[{"@type":"ListItem","position":1,"name":"Portada","item":"https:\/\/bizkeliza.org\/eu\/"},{"@type":"ListItem","position":2,"name":"Eukaristia Eulogio Prado lekaide adeitsuaren oroimenez"}]},{"@type":"WebSite","@id":"https:\/\/bizkeliza.org\/eu\/#website","url":"https:\/\/bizkeliza.org\/eu\/","name":"Bilboko Elizbarrutia - Di\u00f3cesis de Bilbao","description":"Di\u00f3cesis de Bilbao","publisher":{"@id":"https:\/\/bizkeliza.org\/eu\/#organization"},"alternateName":"Di\u00f3cesis de Bilbao","potentialAction":[{"@type":"SearchAction","target":{"@type":"EntryPoint","urlTemplate":"https:\/\/bizkeliza.org\/eu\/?s={search_term_string}"},"query-input":{"@type":"PropertyValueSpecification","valueRequired":true,"valueName":"search_term_string"}}],"inLanguage":"eu-ES"},{"@type":"Organization","@id":"https:\/\/bizkeliza.org\/eu\/#organization","name":"Di\u00f3cesis de Bilbao","alternateName":"Di\u00f3cesis de Bilbao","url":"https:\/\/bizkeliza.org\/eu\/","logo":{"@type":"ImageObject","inLanguage":"eu-ES","@id":"https:\/\/bizkeliza.org\/eu\/#\/schema\/logo\/image\/","url":"https:\/\/bizkeliza.org\/wp-content\/uploads\/2022\/06\/Logo-nuevo_2024-1-scaled.jpg","contentUrl":"https:\/\/bizkeliza.org\/wp-content\/uploads\/2022\/06\/Logo-nuevo_2024-1-scaled.jpg","width":2560,"height":1024,"caption":"Di\u00f3cesis de Bilbao"},"image":{"@id":"https:\/\/bizkeliza.org\/eu\/#\/schema\/logo\/image\/"},"sameAs":["https:\/\/www.facebook.com\/DiocesisBilbao\/","https:\/\/x.com\/DiocesisBilbao","https:\/\/www.instagram.com\/obispadobilbao\/","https:\/\/www.youtube.com\/user\/bilbokoelizbarrutia"],"description":"Iglesia local de Bilbao perteneciente a la Iglesia Cat\u00f3lica"},{"@type":"Person","@id":"https:\/\/bizkeliza.org\/eu\/#\/schema\/person\/1f27c53156256531056d48959c2f2008","name":"bkareaga"}]}},"jetpack_featured_media_url":"https:\/\/bizkeliza.org\/wp-content\/uploads\/2025\/12\/IMG-20251209-WA0000.jpg","_links":{"self":[{"href":"https:\/\/bizkeliza.org\/eu\/wp-json\/wp\/v2\/posts\/178432","targetHints":{"allow":["GET"]}}],"collection":[{"href":"https:\/\/bizkeliza.org\/eu\/wp-json\/wp\/v2\/posts"}],"about":[{"href":"https:\/\/bizkeliza.org\/eu\/wp-json\/wp\/v2\/types\/post"}],"author":[{"embeddable":true,"href":"https:\/\/bizkeliza.org\/eu\/wp-json\/wp\/v2\/users\/20"}],"replies":[{"embeddable":true,"href":"https:\/\/bizkeliza.org\/eu\/wp-json\/wp\/v2\/comments?post=178432"}],"version-history":[{"count":0,"href":"https:\/\/bizkeliza.org\/eu\/wp-json\/wp\/v2\/posts\/178432\/revisions"}],"wp:featuredmedia":[{"embeddable":true,"href":"https:\/\/bizkeliza.org\/eu\/wp-json\/wp\/v2\/media\/178420"}],"wp:attachment":[{"href":"https:\/\/bizkeliza.org\/eu\/wp-json\/wp\/v2\/media?parent=178432"}],"wp:term":[{"taxonomy":"category","embeddable":true,"href":"https:\/\/bizkeliza.org\/eu\/wp-json\/wp\/v2\/categories?post=178432"},{"taxonomy":"post_tag","embeddable":true,"href":"https:\/\/bizkeliza.org\/eu\/wp-json\/wp\/v2\/tags?post=178432"}],"curies":[{"name":"wp","href":"https:\/\/api.w.org\/{rel}","templated":true}]}}