{"id":178673,"date":"2025-12-10T14:00:00","date_gmt":"2025-12-10T13:00:00","guid":{"rendered":"https:\/\/bizkeliza.org\/noticia\/gabonetako-kontzertua-begonan-udako-suteek-eragindako-biktimen-alde\/"},"modified":"2025-12-11T08:44:44","modified_gmt":"2025-12-11T07:44:44","slug":"gabonetako-kontzertua-begonan-udako-suteek-eragindako-biktimen-alde","status":"publish","type":"post","link":"https:\/\/bizkeliza.org\/eu\/noticia\/gabonetako-kontzertua-begonan-udako-suteek-eragindako-biktimen-alde\/","title":{"rendered":"Gabonetako kontzertua Bego\u00f1an, udako suteek eragindako biktimen alde"},"content":{"rendered":"\n<p><p>Kontzertua &#8220;a capella&#8221; hasiko da <strong>altara-inguruan,<\/strong> <strong>Rachmaninov,\u00a0Durufl\u00e9,\u00a0De\u00e1k-Bardos\u00a0<\/strong>eta<strong> Garc\u00eda Abrilen <\/strong>musika-lanakaz. Gero, <strong>Faur\u00e9, Elgar <\/strong>eta<strong> Cacciniren<\/strong> lanak interpretatuko dabez <strong>korutik,<\/strong> une gorena <strong>John Rutter<\/strong> musikagile ingelesaren <em><strong>&#8220;Aintza&#8221;<\/strong><\/em> izango dalarik. Amaitzeko, <strong>Aita Madinaren <em>&#8220;Aita Gurea&#8221;<\/em><\/strong> abestuko dabe.\u00a0<\/p><\/p>\n\n<p><p><strong>Bego\u00f1ako kofradiak<\/strong> kontzertuaren hasieran banatuko dituan <strong>kartazalen<\/strong> bidez emon daiteke <strong>diru-laguntza<\/strong> edo kofradiaren kontura diru-transferentzia eginez: Laboral Kutxa: <strong>ES81.3035.0176.28.1760009557, <\/strong>kontzeptuan, hauxe jarrita: \u00a0<strong>&#8220;CARITAS&#8221;\u00a0<\/strong>edo<strong>\u00a0&#8220;CARITAS\u00a0LE\u00d3N\u00a0Y\u00a0ORENSE&#8221;<\/strong>.<\/p><\/p>\n\n<figure class=\"wp-block-image size-large\"><img decoding=\"async\" width=\"740\" height=\"1024\" src=\"https:\/\/bizkeliza.org\/wp-content\/uploads\/2025\/12\/Cartel-Concierto-Navidad-2025-740x1024.jpg\" alt=\"\" class=\"wp-image-178588\"\/><\/figure>\n\n<h3 class=\"wp-block-heading\"><p><strong>Aintza<\/strong><\/p><\/h3>\n\n<p><p>Egitarauari dagokionez, <strong>John Rutter<\/strong> ingeles musikagilearen <em><strong>&#8220;Aintza&#8221;<\/strong> <\/em>da interpretatuko dan musika-lan nagusia. 1974an konposatu eban abesbatza misto,metal, perkusino eta organoarentzat. Musikagile honen pieza hau asko interpretatzen da bere estilo erraz eta biziagaitik eta musika argitsu eta adierazkorra daualako. Zirrara, gogoeta eta itxaropena buztartzen ditu.\u00a0<\/p><\/p>\n\n<p><\/p>\n","protected":false},"excerpt":{"rendered":"<p>Kontzertua &#8220;a capella&#8221; hasiko da altara-inguruan, Rachmaninov,\u00a0Durufl\u00e9,\u00a0De\u00e1k-Bardos\u00a0eta Garc\u00eda Abrilen musika-lanakaz. Gero, Faur\u00e9, Elgar eta Cacciniren lanak interpretatuko dabez korutik, une gorena John Rutter musikagile ingelesaren &#8220;Aintza&#8221; izango dalarik. Amaitzeko, Aita Madinaren &#8220;Aita Gurea&#8221; abestuko dabe.\u00a0 Bego\u00f1ako kofradiak kontzertuaren hasieran banatuko dituan kartazalen bidez emon daiteke diru-laguntza edo kofradiaren kontura diru-transferentzia eginez: Laboral Kutxa: ES81.3035.0176.28.1760009557, kontzeptuan, [&hellip;]<\/p>\n","protected":false},"author":20,"featured_media":178545,"comment_status":"closed","ping_status":"closed","sticky":false,"template":"","format":"standard","meta":{"_acf_changed":false,"_et_pb_use_builder":"off","_et_pb_old_content":"","_et_gb_content_width":"","footnotes":""},"categories":[506],"tags":[534,746],"class_list":["post-178673","post","type-post","status-publish","format-standard","has-post-thumbnail","hentry","category-lehenengo-orrialdea","tag-begona-eu","tag-musika"],"acf":[],"yoast_head":"<!-- This site is optimized with the Yoast SEO Premium plugin v27.2 (Yoast SEO v27.2) - https:\/\/yoast.com\/product\/yoast-seo-premium-wordpress\/ -->\n<title>Gabonetako kontzertua Bego\u00f1an, udako suteek eragindako biktimen alde<\/title>\n<meta name=\"description\" content=\"Bego\u00f1ako kofradiak kontzertuaren hasieran banatuko dituan kartazalen bidez emon daiteke diru-laguntza edo\" \/>\n<meta name=\"robots\" content=\"index, follow, max-snippet:-1, max-image-preview:large, max-video-preview:-1\" \/>\n<link rel=\"canonical\" href=\"https:\/\/bizkeliza.org\/eu\/noticia\/gabonetako-kontzertua-begonan-udako-suteek-eragindako-biktimen-alde\/\" \/>\n<meta property=\"og:locale\" content=\"eu_ES\" \/>\n<meta property=\"og:type\" content=\"article\" \/>\n<meta property=\"og:title\" content=\"Gabonetako kontzertua Bego\u00f1an, udako suteek eragindako biktimen alde\" \/>\n<meta property=\"og:description\" content=\"Bego\u00f1ako kofradiak kontzertuaren hasieran banatuko dituan kartazalen bidez emon daiteke diru-laguntza edo\" \/>\n<meta property=\"og:url\" content=\"https:\/\/bizkeliza.org\/eu\/noticia\/gabonetako-kontzertua-begonan-udako-suteek-eragindako-biktimen-alde\/\" \/>\n<meta property=\"og:site_name\" content=\"Bilboko Elizbarrutia - Di\u00f3cesis de Bilbao\" \/>\n<meta property=\"article:publisher\" content=\"https:\/\/www.facebook.com\/DiocesisBilbao\/\" \/>\n<meta property=\"article:published_time\" content=\"2025-12-10T13:00:00+00:00\" \/>\n<meta property=\"article:modified_time\" content=\"2025-12-11T07:44:44+00:00\" \/>\n<meta property=\"og:image\" content=\"https:\/\/bizkeliza.org\/wp-content\/uploads\/2025\/12\/Presntacion_concierto_navidad_12_2025.webp\" \/>\n\t<meta property=\"og:image:width\" content=\"1920\" \/>\n\t<meta property=\"og:image:height\" content=\"1080\" \/>\n\t<meta property=\"og:image:type\" content=\"image\/webp\" \/>\n<meta name=\"author\" content=\"bkareaga\" \/>\n<meta name=\"twitter:card\" content=\"summary_large_image\" \/>\n<meta name=\"twitter:creator\" content=\"@DiocesisBilbao\" \/>\n<meta name=\"twitter:site\" content=\"@DiocesisBilbao\" \/>\n<script type=\"application\/ld+json\" class=\"yoast-schema-graph\">{\"@context\":\"https:\/\/schema.org\",\"@graph\":[{\"@type\":\"Article\",\"@id\":\"https:\/\/bizkeliza.org\/eu\/noticia\/gabonetako-kontzertua-begonan-udako-suteek-eragindako-biktimen-alde\/#article\",\"isPartOf\":{\"@id\":\"https:\/\/bizkeliza.org\/eu\/noticia\/gabonetako-kontzertua-begonan-udako-suteek-eragindako-biktimen-alde\/\"},\"author\":{\"name\":\"bkareaga\",\"@id\":\"https:\/\/bizkeliza.org\/eu\/#\/schema\/person\/1f27c53156256531056d48959c2f2008\"},\"headline\":\"Gabonetako kontzertua Bego\u00f1an, udako suteek eragindako biktimen alde\",\"datePublished\":\"2025-12-10T13:00:00+00:00\",\"dateModified\":\"2025-12-11T07:44:44+00:00\",\"mainEntityOfPage\":{\"@id\":\"https:\/\/bizkeliza.org\/eu\/noticia\/gabonetako-kontzertua-begonan-udako-suteek-eragindako-biktimen-alde\/\"},\"wordCount\":125,\"publisher\":{\"@id\":\"https:\/\/bizkeliza.org\/eu\/#organization\"},\"image\":{\"@id\":\"https:\/\/bizkeliza.org\/eu\/noticia\/gabonetako-kontzertua-begonan-udako-suteek-eragindako-biktimen-alde\/#primaryimage\"},\"thumbnailUrl\":\"https:\/\/bizkeliza.org\/wp-content\/uploads\/2025\/12\/Presntacion_concierto_navidad_12_2025.webp\",\"keywords\":[\"Bego\u00f1a\",\"Musika\"],\"articleSection\":[\"Lehenengo Orrialdea\"],\"inLanguage\":\"eu-ES\"},{\"@type\":\"WebPage\",\"@id\":\"https:\/\/bizkeliza.org\/eu\/noticia\/gabonetako-kontzertua-begonan-udako-suteek-eragindako-biktimen-alde\/\",\"url\":\"https:\/\/bizkeliza.org\/eu\/noticia\/gabonetako-kontzertua-begonan-udako-suteek-eragindako-biktimen-alde\/\",\"name\":\"Gabonetako kontzertua Bego\u00f1an, udako suteek eragindako biktimen alde\",\"isPartOf\":{\"@id\":\"https:\/\/bizkeliza.org\/eu\/#website\"},\"primaryImageOfPage\":{\"@id\":\"https:\/\/bizkeliza.org\/eu\/noticia\/gabonetako-kontzertua-begonan-udako-suteek-eragindako-biktimen-alde\/#primaryimage\"},\"image\":{\"@id\":\"https:\/\/bizkeliza.org\/eu\/noticia\/gabonetako-kontzertua-begonan-udako-suteek-eragindako-biktimen-alde\/#primaryimage\"},\"thumbnailUrl\":\"https:\/\/bizkeliza.org\/wp-content\/uploads\/2025\/12\/Presntacion_concierto_navidad_12_2025.webp\",\"datePublished\":\"2025-12-10T13:00:00+00:00\",\"dateModified\":\"2025-12-11T07:44:44+00:00\",\"description\":\"Bego\u00f1ako kofradiak kontzertuaren hasieran banatuko dituan kartazalen bidez emon daiteke diru-laguntza edo\",\"breadcrumb\":{\"@id\":\"https:\/\/bizkeliza.org\/eu\/noticia\/gabonetako-kontzertua-begonan-udako-suteek-eragindako-biktimen-alde\/#breadcrumb\"},\"inLanguage\":\"eu-ES\",\"potentialAction\":[{\"@type\":\"ReadAction\",\"target\":[\"https:\/\/bizkeliza.org\/eu\/noticia\/gabonetako-kontzertua-begonan-udako-suteek-eragindako-biktimen-alde\/\"]}]},{\"@type\":\"ImageObject\",\"inLanguage\":\"eu-ES\",\"@id\":\"https:\/\/bizkeliza.org\/eu\/noticia\/gabonetako-kontzertua-begonan-udako-suteek-eragindako-biktimen-alde\/#primaryimage\",\"url\":\"https:\/\/bizkeliza.org\/wp-content\/uploads\/2025\/12\/Presntacion_concierto_navidad_12_2025.webp\",\"contentUrl\":\"https:\/\/bizkeliza.org\/wp-content\/uploads\/2025\/12\/Presntacion_concierto_navidad_12_2025.webp\",\"width\":1920,\"height\":1080,\"caption\":\"Miembros de la Cofrad\u00eda de Bego\u00f1a, de Caritas Bizkaia y del elenco que participar\u00e1 en la actuaci\u00f3n, en la presentaci\u00f3n de esta ma\u00f1ana, en Bilbao.\"},{\"@type\":\"BreadcrumbList\",\"@id\":\"https:\/\/bizkeliza.org\/eu\/noticia\/gabonetako-kontzertua-begonan-udako-suteek-eragindako-biktimen-alde\/#breadcrumb\",\"itemListElement\":[{\"@type\":\"ListItem\",\"position\":1,\"name\":\"Portada\",\"item\":\"https:\/\/bizkeliza.org\/eu\/\"},{\"@type\":\"ListItem\",\"position\":2,\"name\":\"Gabonetako kontzertua Bego\u00f1an, udako suteek eragindako biktimen alde\"}]},{\"@type\":\"WebSite\",\"@id\":\"https:\/\/bizkeliza.org\/eu\/#website\",\"url\":\"https:\/\/bizkeliza.org\/eu\/\",\"name\":\"Bilboko Elizbarrutia - Di\u00f3cesis de Bilbao\",\"description\":\"Di\u00f3cesis de Bilbao\",\"publisher\":{\"@id\":\"https:\/\/bizkeliza.org\/eu\/#organization\"},\"alternateName\":\"Di\u00f3cesis de Bilbao\",\"potentialAction\":[{\"@type\":\"SearchAction\",\"target\":{\"@type\":\"EntryPoint\",\"urlTemplate\":\"https:\/\/bizkeliza.org\/eu\/?s={search_term_string}\"},\"query-input\":{\"@type\":\"PropertyValueSpecification\",\"valueRequired\":true,\"valueName\":\"search_term_string\"}}],\"inLanguage\":\"eu-ES\"},{\"@type\":\"Organization\",\"@id\":\"https:\/\/bizkeliza.org\/eu\/#organization\",\"name\":\"Di\u00f3cesis de Bilbao\",\"alternateName\":\"Di\u00f3cesis de Bilbao\",\"url\":\"https:\/\/bizkeliza.org\/eu\/\",\"logo\":{\"@type\":\"ImageObject\",\"inLanguage\":\"eu-ES\",\"@id\":\"https:\/\/bizkeliza.org\/eu\/#\/schema\/logo\/image\/\",\"url\":\"https:\/\/bizkeliza.org\/wp-content\/uploads\/2022\/06\/Logo-nuevo_2024-1-scaled.jpg\",\"contentUrl\":\"https:\/\/bizkeliza.org\/wp-content\/uploads\/2022\/06\/Logo-nuevo_2024-1-scaled.jpg\",\"width\":2560,\"height\":1024,\"caption\":\"Di\u00f3cesis de Bilbao\"},\"image\":{\"@id\":\"https:\/\/bizkeliza.org\/eu\/#\/schema\/logo\/image\/\"},\"sameAs\":[\"https:\/\/www.facebook.com\/DiocesisBilbao\/\",\"https:\/\/x.com\/DiocesisBilbao\",\"https:\/\/www.instagram.com\/obispadobilbao\/\",\"https:\/\/www.youtube.com\/user\/bilbokoelizbarrutia\"],\"description\":\"Iglesia local de Bilbao perteneciente a la Iglesia Cat\u00f3lica\"},{\"@type\":\"Person\",\"@id\":\"https:\/\/bizkeliza.org\/eu\/#\/schema\/person\/1f27c53156256531056d48959c2f2008\",\"name\":\"bkareaga\"}]}<\/script>\n<!-- \/ Yoast SEO Premium plugin. -->","yoast_head_json":{"title":"Gabonetako kontzertua Bego\u00f1an, udako suteek eragindako biktimen alde","description":"Bego\u00f1ako kofradiak kontzertuaren hasieran banatuko dituan kartazalen bidez emon daiteke diru-laguntza edo","robots":{"index":"index","follow":"follow","max-snippet":"max-snippet:-1","max-image-preview":"max-image-preview:large","max-video-preview":"max-video-preview:-1"},"canonical":"https:\/\/bizkeliza.org\/eu\/noticia\/gabonetako-kontzertua-begonan-udako-suteek-eragindako-biktimen-alde\/","og_locale":"eu_ES","og_type":"article","og_title":"Gabonetako kontzertua Bego\u00f1an, udako suteek eragindako biktimen alde","og_description":"Bego\u00f1ako kofradiak kontzertuaren hasieran banatuko dituan kartazalen bidez emon daiteke diru-laguntza edo","og_url":"https:\/\/bizkeliza.org\/eu\/noticia\/gabonetako-kontzertua-begonan-udako-suteek-eragindako-biktimen-alde\/","og_site_name":"Bilboko Elizbarrutia - Di\u00f3cesis de Bilbao","article_publisher":"https:\/\/www.facebook.com\/DiocesisBilbao\/","article_published_time":"2025-12-10T13:00:00+00:00","article_modified_time":"2025-12-11T07:44:44+00:00","og_image":[{"width":1920,"height":1080,"url":"https:\/\/bizkeliza.org\/wp-content\/uploads\/2025\/12\/Presntacion_concierto_navidad_12_2025.webp","type":"image\/webp"}],"author":"bkareaga","twitter_card":"summary_large_image","twitter_creator":"@DiocesisBilbao","twitter_site":"@DiocesisBilbao","schema":{"@context":"https:\/\/schema.org","@graph":[{"@type":"Article","@id":"https:\/\/bizkeliza.org\/eu\/noticia\/gabonetako-kontzertua-begonan-udako-suteek-eragindako-biktimen-alde\/#article","isPartOf":{"@id":"https:\/\/bizkeliza.org\/eu\/noticia\/gabonetako-kontzertua-begonan-udako-suteek-eragindako-biktimen-alde\/"},"author":{"name":"bkareaga","@id":"https:\/\/bizkeliza.org\/eu\/#\/schema\/person\/1f27c53156256531056d48959c2f2008"},"headline":"Gabonetako kontzertua Bego\u00f1an, udako suteek eragindako biktimen alde","datePublished":"2025-12-10T13:00:00+00:00","dateModified":"2025-12-11T07:44:44+00:00","mainEntityOfPage":{"@id":"https:\/\/bizkeliza.org\/eu\/noticia\/gabonetako-kontzertua-begonan-udako-suteek-eragindako-biktimen-alde\/"},"wordCount":125,"publisher":{"@id":"https:\/\/bizkeliza.org\/eu\/#organization"},"image":{"@id":"https:\/\/bizkeliza.org\/eu\/noticia\/gabonetako-kontzertua-begonan-udako-suteek-eragindako-biktimen-alde\/#primaryimage"},"thumbnailUrl":"https:\/\/bizkeliza.org\/wp-content\/uploads\/2025\/12\/Presntacion_concierto_navidad_12_2025.webp","keywords":["Bego\u00f1a","Musika"],"articleSection":["Lehenengo Orrialdea"],"inLanguage":"eu-ES"},{"@type":"WebPage","@id":"https:\/\/bizkeliza.org\/eu\/noticia\/gabonetako-kontzertua-begonan-udako-suteek-eragindako-biktimen-alde\/","url":"https:\/\/bizkeliza.org\/eu\/noticia\/gabonetako-kontzertua-begonan-udako-suteek-eragindako-biktimen-alde\/","name":"Gabonetako kontzertua Bego\u00f1an, udako suteek eragindako biktimen alde","isPartOf":{"@id":"https:\/\/bizkeliza.org\/eu\/#website"},"primaryImageOfPage":{"@id":"https:\/\/bizkeliza.org\/eu\/noticia\/gabonetako-kontzertua-begonan-udako-suteek-eragindako-biktimen-alde\/#primaryimage"},"image":{"@id":"https:\/\/bizkeliza.org\/eu\/noticia\/gabonetako-kontzertua-begonan-udako-suteek-eragindako-biktimen-alde\/#primaryimage"},"thumbnailUrl":"https:\/\/bizkeliza.org\/wp-content\/uploads\/2025\/12\/Presntacion_concierto_navidad_12_2025.webp","datePublished":"2025-12-10T13:00:00+00:00","dateModified":"2025-12-11T07:44:44+00:00","description":"Bego\u00f1ako kofradiak kontzertuaren hasieran banatuko dituan kartazalen bidez emon daiteke diru-laguntza edo","breadcrumb":{"@id":"https:\/\/bizkeliza.org\/eu\/noticia\/gabonetako-kontzertua-begonan-udako-suteek-eragindako-biktimen-alde\/#breadcrumb"},"inLanguage":"eu-ES","potentialAction":[{"@type":"ReadAction","target":["https:\/\/bizkeliza.org\/eu\/noticia\/gabonetako-kontzertua-begonan-udako-suteek-eragindako-biktimen-alde\/"]}]},{"@type":"ImageObject","inLanguage":"eu-ES","@id":"https:\/\/bizkeliza.org\/eu\/noticia\/gabonetako-kontzertua-begonan-udako-suteek-eragindako-biktimen-alde\/#primaryimage","url":"https:\/\/bizkeliza.org\/wp-content\/uploads\/2025\/12\/Presntacion_concierto_navidad_12_2025.webp","contentUrl":"https:\/\/bizkeliza.org\/wp-content\/uploads\/2025\/12\/Presntacion_concierto_navidad_12_2025.webp","width":1920,"height":1080,"caption":"Miembros de la Cofrad\u00eda de Bego\u00f1a, de Caritas Bizkaia y del elenco que participar\u00e1 en la actuaci\u00f3n, en la presentaci\u00f3n de esta ma\u00f1ana, en Bilbao."},{"@type":"BreadcrumbList","@id":"https:\/\/bizkeliza.org\/eu\/noticia\/gabonetako-kontzertua-begonan-udako-suteek-eragindako-biktimen-alde\/#breadcrumb","itemListElement":[{"@type":"ListItem","position":1,"name":"Portada","item":"https:\/\/bizkeliza.org\/eu\/"},{"@type":"ListItem","position":2,"name":"Gabonetako kontzertua Bego\u00f1an, udako suteek eragindako biktimen alde"}]},{"@type":"WebSite","@id":"https:\/\/bizkeliza.org\/eu\/#website","url":"https:\/\/bizkeliza.org\/eu\/","name":"Bilboko Elizbarrutia - Di\u00f3cesis de Bilbao","description":"Di\u00f3cesis de Bilbao","publisher":{"@id":"https:\/\/bizkeliza.org\/eu\/#organization"},"alternateName":"Di\u00f3cesis de Bilbao","potentialAction":[{"@type":"SearchAction","target":{"@type":"EntryPoint","urlTemplate":"https:\/\/bizkeliza.org\/eu\/?s={search_term_string}"},"query-input":{"@type":"PropertyValueSpecification","valueRequired":true,"valueName":"search_term_string"}}],"inLanguage":"eu-ES"},{"@type":"Organization","@id":"https:\/\/bizkeliza.org\/eu\/#organization","name":"Di\u00f3cesis de Bilbao","alternateName":"Di\u00f3cesis de Bilbao","url":"https:\/\/bizkeliza.org\/eu\/","logo":{"@type":"ImageObject","inLanguage":"eu-ES","@id":"https:\/\/bizkeliza.org\/eu\/#\/schema\/logo\/image\/","url":"https:\/\/bizkeliza.org\/wp-content\/uploads\/2022\/06\/Logo-nuevo_2024-1-scaled.jpg","contentUrl":"https:\/\/bizkeliza.org\/wp-content\/uploads\/2022\/06\/Logo-nuevo_2024-1-scaled.jpg","width":2560,"height":1024,"caption":"Di\u00f3cesis de Bilbao"},"image":{"@id":"https:\/\/bizkeliza.org\/eu\/#\/schema\/logo\/image\/"},"sameAs":["https:\/\/www.facebook.com\/DiocesisBilbao\/","https:\/\/x.com\/DiocesisBilbao","https:\/\/www.instagram.com\/obispadobilbao\/","https:\/\/www.youtube.com\/user\/bilbokoelizbarrutia"],"description":"Iglesia local de Bilbao perteneciente a la Iglesia Cat\u00f3lica"},{"@type":"Person","@id":"https:\/\/bizkeliza.org\/eu\/#\/schema\/person\/1f27c53156256531056d48959c2f2008","name":"bkareaga"}]}},"jetpack_featured_media_url":"https:\/\/bizkeliza.org\/wp-content\/uploads\/2025\/12\/Presntacion_concierto_navidad_12_2025.webp","_links":{"self":[{"href":"https:\/\/bizkeliza.org\/eu\/wp-json\/wp\/v2\/posts\/178673","targetHints":{"allow":["GET"]}}],"collection":[{"href":"https:\/\/bizkeliza.org\/eu\/wp-json\/wp\/v2\/posts"}],"about":[{"href":"https:\/\/bizkeliza.org\/eu\/wp-json\/wp\/v2\/types\/post"}],"author":[{"embeddable":true,"href":"https:\/\/bizkeliza.org\/eu\/wp-json\/wp\/v2\/users\/20"}],"replies":[{"embeddable":true,"href":"https:\/\/bizkeliza.org\/eu\/wp-json\/wp\/v2\/comments?post=178673"}],"version-history":[{"count":0,"href":"https:\/\/bizkeliza.org\/eu\/wp-json\/wp\/v2\/posts\/178673\/revisions"}],"wp:featuredmedia":[{"embeddable":true,"href":"https:\/\/bizkeliza.org\/eu\/wp-json\/wp\/v2\/media\/178545"}],"wp:attachment":[{"href":"https:\/\/bizkeliza.org\/eu\/wp-json\/wp\/v2\/media?parent=178673"}],"wp:term":[{"taxonomy":"category","embeddable":true,"href":"https:\/\/bizkeliza.org\/eu\/wp-json\/wp\/v2\/categories?post=178673"},{"taxonomy":"post_tag","embeddable":true,"href":"https:\/\/bizkeliza.org\/eu\/wp-json\/wp\/v2\/tags?post=178673"}],"curies":[{"name":"wp","href":"https:\/\/api.w.org\/{rel}","templated":true}]}}