{"id":179020,"date":"2025-12-15T10:00:00","date_gmt":"2025-12-15T09:00:00","guid":{"rendered":"https:\/\/bizkeliza.org\/?p=179020"},"modified":"2025-12-15T13:12:18","modified_gmt":"2025-12-15T12:12:18","slug":"abendualdiko-batzar-eta-erretiroak","status":"publish","type":"post","link":"https:\/\/bizkeliza.org\/eu\/noticia\/abendualdiko-batzar-eta-erretiroak\/","title":{"rendered":"Abendualdiko batzar eta erretiroak"},"content":{"rendered":"\n<p><\/p>\n\n<h3 class=\"wp-block-heading\"><p><strong>Abendualdiko erretiroa Txorierri Pastoral Barrutian: &#8220;Itxaropena eta danona dan etxearen zaintza&#8221;<\/strong><\/p><\/h3>\n\n<p><p><strong>Txorierri Pastoral Barrutian<\/strong> Abendualdiko erretiroa egin dabe, <em><strong>&#8220;Prestatu bidea Jaunari&#8230; baita danona dan etxean be&#8221;<\/strong><\/em> goiburuaren haritik. Geldialdia egin, entzun eta otoitz egiteko una izan da, goizean bertan <strong>Caritas-Koopera<\/strong> egitasmoan bizi izandako esperientzia bihotzera eroanez.<\/p><\/p>\n\n<p><\/p>\n\n<figure class=\"wp-block-image size-full\"><img decoding=\"async\" width=\"800\" height=\"450\" src=\"https:\/\/bizkeliza.org\/wp-content\/uploads\/2025\/12\/Imagen-de-WhatsApp-2025-12-12-a-las-08.16.46_b432e8491.jpg\" alt=\"Abendualdiko batzarra Txorierri Pastoral Barrutian\" class=\"wp-image-178857\" srcset=\"https:\/\/bizkeliza.org\/wp-content\/uploads\/2025\/12\/Imagen-de-WhatsApp-2025-12-12-a-las-08.16.46_b432e8491.jpg 800w, https:\/\/bizkeliza.org\/wp-content\/uploads\/2025\/12\/Imagen-de-WhatsApp-2025-12-12-a-las-08.16.46_b432e8491-480x270.jpg 480w\" sizes=\"(min-width: 0px) and (max-width: 480px) 480px, (min-width: 481px) 800px, 100vw\" \/><figcaption class=\"wp-element-caption\">Taldea, Koopera bisitatu ondoren<\/figcaption><\/figure>\n\n<p><p>Erretiroari hasiera emoteko, harrera eta girotzerako tartea izan zan lehenengo, <strong>arreta jartzera,<\/strong> Simone Wellek inoan lez, otoitz egitera dei eginez.. <em>&#8220;Fue una llamada a tomar conciencia de que <strong>la crisis clim\u00e1tica y la crisis social est\u00e1n profundamente conectadas<\/strong>, y de que el cuidado de la creaci\u00f3n no puede separarse del cuidado de las personas, especialmente de las m\u00e1s vulnerables&#8221;,<\/em> <strong>Roberto Vidal<\/strong> osoko ekologiarako Karitate eta Zuzentasunerako Ordezkaritzako eleizbarrutiko erreferenteak azaldu dauanez.<\/p><\/p>\n\n<p><p>Goizez Kooperara egindako bisitari esker, Caritasek bultzatzen dauan gizarte eta alkartasunezko ekonomiarako egitasmoa zuzenean ezagutu eben. Egitasmo honetan, <strong>ahuleziazko egoeran dagozan pertsonen gizarte-laneratzearen alde<\/strong> jarduten dabe,\u00a0<strong>berrerabileraren, birziklatzearen <\/strong>eta<strong> ekonomia zirkularraren <\/strong>bidez. Ingurumena zainduz, materialei bigarren bizitza emonez eta gehien behar dabenei aukera barriak emonez gizalegezko lana sortu daitekela erakusten dau <strong>Kooperak.<\/strong><\/p><\/p>\n\n<p><p>Esperientzia hau kristau esperientziaren irudi zehatz bihurtu zan: <strong>baztertutakoari,<\/strong> pertsonei zein gauzei, bizia itzultzen deutsen egitasmoa, <strong>bestelako ekonomia<\/strong> posible dala erakusten dabena, giza duintasuna eta danona dan etxearen zaintza irabaziaren gainetik jartzen dauana. Koopera, beraz, Abendualdiko zeinu adierazgarri lez agertu zan: <em>el Se\u00f1or viene all\u00ed donde recuperamos, cuidamos y dignificamos lo que parec\u00eda perdido<\/em>.<\/p><\/p>\n\n<p><p>Itxaropena sustatzeari eskeinitako bigarren zatian, Jainkoaren Hitzak argitu eban gogoeta. <em>&#8220;El profeta Isa\u00edas nos invit\u00f3 a <strong>preparar el camino del Se\u00f1or<\/strong>, allanando todo aquello que impide la vida; san Pablo nos record\u00f3 que <strong>la creaci\u00f3n entera gime con dolores de parto<\/strong>, esperando la liberaci\u00f3n; y el evangelio de Juan proclam\u00f3 que <strong>la Palabra se hizo carne<\/strong>, afirmando que lo creado, lo cotidiano y lo fr\u00e1gil son lugar de revelaci\u00f3n. La esperanza cristiana apareci\u00f3 as\u00ed no como algo pasivo, sino como una fuerza que se traduce en <strong>estilos de vida alternativos y evang\u00e9licos<\/strong>&#8220;.<\/em><\/p><\/p>\n\n<p><p>Erretiroaren amaieran, <strong>bialketa<\/strong> egin zan, <strong>itxaropena, iraupena<\/strong> dala, maite doguna zaintzea konpromisoa hartzeko bidea dala, eta lagun eta alkarte bakotxa <strong>aldaketaren hazi<\/strong> bihurtu daitekela gogoratua. Eguneroko keinuakaz zein alkarte aukera zabalagoakaz, Abendualdia aukera ona da beste era batera bizitzeko, Jaunaren etorrera prestatuz, baita danona dan etxeagazko hartu-emonean be.<\/p><\/p>\n\n<p><p><strong>Vidalen<\/strong> esanetan,<em> &#8220;terminamos<\/em><em>\u00a0poniendo todo en manos de Dios con la <strong>Oraci\u00f3n cristiana con la creaci\u00f3n<\/strong>, renovando nuestro deseo de caminar como comunidad cristiana que cuida, acompa\u00f1a y espera activamente&#8221;.<\/em><\/p><\/p>\n\n<p><\/p>\n\n<h3 class=\"wp-block-heading\"><p><strong>Ekintza Katoliko Orokorraren (EKO-ACG) eta HOAC Bizkaiaren otoitzaldi-erretiroa<\/strong><\/p><\/h3>\n\n<p><p>Zapatuz ospatu zan <strong>Gurutzetako Mariaren Bihotz Garbia<\/strong> eleizan, <strong>Estrella Moreno<\/strong> Eleizbarrutiko Teologia eta Pastoraltza Institutuko eta EKO-ACG mobimentuko militanteak gidatuta. Besteak beste, Errekarte Pastoral Barrutiko kristauen talde batek, profesional kristauenak eta EKO-ACG mobimentuko gazteenak parte hartu ebelarik.\u00a0<\/p><\/p>\n\n<p><\/p>\n\n<figure class=\"wp-block-image size-full\"><img decoding=\"async\" width=\"800\" height=\"600\" src=\"https:\/\/bizkeliza.org\/wp-content\/uploads\/2025\/12\/IMG-20251213-WA00471.jpg\" alt=\"Abendualdia HOAC\" class=\"wp-image-178866\" srcset=\"https:\/\/bizkeliza.org\/wp-content\/uploads\/2025\/12\/IMG-20251213-WA00471.jpg 800w, https:\/\/bizkeliza.org\/wp-content\/uploads\/2025\/12\/IMG-20251213-WA00471-480x360.jpg 480w\" sizes=\"(min-width: 0px) and (max-width: 480px) 480px, (min-width: 481px) 800px, 100vw\" \/><\/figure>\n\n<p><\/p>\n\n<p><p>Abendualdiaren inguruan sakondu eben: <em>\u00abDios se ha hecho vulnerable por nosotros\u00bb, <\/em><strong>Morenok<\/strong>\u00a0 azaldu dauanez eta honen inguruan jardun: <em>\u00absobre tomar conciencia de que al ser vulnerable puedo dar y recibir de los dem\u00e1s\u00bb.<\/em> <strong>Estrella Morenok <\/strong>dei egin eutsen, harago joan eta <em>\u00aby ponerse a la escucha de Dios, Amor hecho persona\u00bb.<\/em><\/p><\/p>\n\n<p><\/p>\n\n<figure class=\"wp-block-image size-large\"><img decoding=\"async\" width=\"1024\" height=\"768\" src=\"https:\/\/bizkeliza.org\/wp-content\/uploads\/2025\/12\/599896271_18302762773284858_205431074479223390_n-1024x768.jpg\" alt=\"Abendualdia HOAC\" class=\"wp-image-178875\" srcset=\"https:\/\/bizkeliza.org\/wp-content\/uploads\/2025\/12\/599896271_18302762773284858_205431074479223390_n-980x735.jpg 980w, https:\/\/bizkeliza.org\/wp-content\/uploads\/2025\/12\/599896271_18302762773284858_205431074479223390_n-480x360.jpg 480w\" sizes=\"(min-width: 0px) and (max-width: 480px) 480px, (min-width: 481px) and (max-width: 980px) 980px, (min-width: 981px) 1024px, 100vw\" \/><\/figure>\n\n<p><p><em>\u00abContemplar el misterio del Dios vulnerable y dejarnos tocar por \u00e9l\u00bb, <\/em>esan utsen <strong>Morenok<\/strong> une baten eta bestean. Azken baten, Abendualdian oinarritu ziran, <em>\u00abfecundidad de lo fr\u00e1gil e invit\u00e1ndonos a ser como ni\u00f1os y dejarse cuidar para cuidar\u00bb\u00a0<\/em>nabarmenduz.<\/p><\/p>\n\n<figure class=\"wp-block-image size-large\"><img decoding=\"async\" width=\"1024\" height=\"768\" src=\"https:\/\/bizkeliza.org\/wp-content\/uploads\/2025\/12\/598106234_18302762764284858_5709094590680156278_n-1024x768.jpg\" alt=\"Abendualdia HOAC\" class=\"wp-image-178872\" srcset=\"https:\/\/bizkeliza.org\/wp-content\/uploads\/2025\/12\/598106234_18302762764284858_5709094590680156278_n-1024x768.jpg 1024w, https:\/\/bizkeliza.org\/wp-content\/uploads\/2025\/12\/598106234_18302762764284858_5709094590680156278_n-980x735.jpg 980w, https:\/\/bizkeliza.org\/wp-content\/uploads\/2025\/12\/598106234_18302762764284858_5709094590680156278_n-480x360.jpg 480w\" sizes=\"(min-width: 0px) and (max-width: 480px) 480px, (min-width: 481px) and (max-width: 980px) 980px, (min-width: 981px) 1024px, 100vw\" \/><\/figure>\n\n<p><\/p>\n\n<p><p>Ekitaldian izan zan Bego\u00f1a Cerrato HOACeko kideak azaldu ebanez, azkeneak eguneko otoitzaldi pertsonalak gogora ekarri eta bizipen guztiak batera jarri genduzan: <em>\u00abc\u00f3mo hemos vuelto\u00a0a escuchar la voz de Dios que quiere contar contigo, vulnerable y d\u00e9bil. Result\u00f3 un buen d\u00eda de encuentro de los miembros de ambos movimientos y de oraci\u00f3n personal y comunitaria, prepar\u00e1ndonos para terminar el tiempo de Adviento, pregunt\u00e1ndonos como puedo ser el rostro del Dios que cuida amorosamente\u00bb.<\/em><\/p><\/p>\n\n<p><\/p>\n\n<figure class=\"wp-block-image aligncenter size-large is-resized\"><img decoding=\"async\" width=\"1024\" height=\"768\" src=\"https:\/\/bizkeliza.org\/wp-content\/uploads\/2025\/12\/600052844_18302762791284858_6352283495388229301_n-1024x768.jpg\" alt=\"Abendualdia HOAC\" class=\"wp-image-178869\" style=\"width:627px;height:auto\" srcset=\"https:\/\/bizkeliza.org\/wp-content\/uploads\/2025\/12\/600052844_18302762791284858_6352283495388229301_n-980x735.jpg 980w, https:\/\/bizkeliza.org\/wp-content\/uploads\/2025\/12\/600052844_18302762791284858_6352283495388229301_n-480x360.jpg 480w\" sizes=\"(min-width: 0px) and (max-width: 480px) 480px, (min-width: 481px) and (max-width: 980px) 980px, (min-width: 981px) 1024px, 100vw\" \/><\/figure>\n\n<p><\/p>\n\n<h3 class=\"wp-block-heading\"><p><strong>300 lagun baino gehiago Gabon-aldiko ekitaldian, Berrizen<\/strong><\/p><\/h3>\n\n<p><p>Zeu zara Gabon! goiburuaren haritik, barikuz ekitaldia ospatu zan <strong>Berrizen,<\/strong> 300 lagun inguru batu zala. <strong>Berrizko<\/strong> gazteen taldeak eta helduen erreferentzia taldeak sustatu eban topaketa.<\/p><\/p>\n\n<p><\/p>\n\n<figure class=\"wp-block-image size-large\"><img decoding=\"async\" width=\"1024\" height=\"768\" src=\"https:\/\/bizkeliza.org\/wp-content\/uploads\/2025\/12\/IMG-20251213-WA0005-1024x768.jpg\" alt=\"Abendualdia Berriz\" class=\"wp-image-178860\" srcset=\"https:\/\/bizkeliza.org\/wp-content\/uploads\/2025\/12\/IMG-20251213-WA0005-980x735.jpg 980w, https:\/\/bizkeliza.org\/wp-content\/uploads\/2025\/12\/IMG-20251213-WA0005-480x360.jpg 480w\" sizes=\"(min-width: 0px) and (max-width: 480px) 480px, (min-width: 481px) and (max-width: 980px) 980px, (min-width: 981px) 1024px, 100vw\" \/><\/figure>\n\n<p><\/p>\n\n<p><p>Arduradunen esanetan, <em>\u201cfue un espacio<\/em> -explican- <em>para compartir y experimentar juntos el verdadero significado de la Navidad\u201d.<\/em><\/p><\/p>\n\n<p><\/p>\n\n<div class=\"wp-block-columns is-layout-flex wp-container-core-columns-is-layout-9d6595d7 wp-block-columns-is-layout-flex\">\n<div class=\"wp-block-column is-layout-flow wp-block-column-is-layout-flow\">\n<figure class=\"wp-block-image size-full\"><img decoding=\"async\" width=\"600\" height=\"800\" src=\"https:\/\/bizkeliza.org\/wp-content\/uploads\/2025\/12\/597901044_18302748199284858_7376101096182015645_n1.jpg\" alt=\"Abendualdia Berriz\" class=\"wp-image-178842\" srcset=\"https:\/\/bizkeliza.org\/wp-content\/uploads\/2025\/12\/597901044_18302748199284858_7376101096182015645_n1.jpg 600w, https:\/\/bizkeliza.org\/wp-content\/uploads\/2025\/12\/597901044_18302748199284858_7376101096182015645_n1-480x640.jpg 480w\" sizes=\"(min-width: 0px) and (max-width: 480px) 480px, (min-width: 481px) 600px, 100vw\" \/><\/figure>\n<\/div>\n\n\n\n<div class=\"wp-block-column is-layout-flow wp-block-column-is-layout-flow\">\n<figure class=\"wp-block-image size-full\"><img decoding=\"async\" width=\"600\" height=\"796\" src=\"https:\/\/bizkeliza.org\/wp-content\/uploads\/2025\/12\/597961150_18302748208284858_8358295901530793796_n1.jpg\" alt=\"Abendualdia Berriz\" class=\"wp-image-178845\" srcset=\"https:\/\/bizkeliza.org\/wp-content\/uploads\/2025\/12\/597961150_18302748208284858_8358295901530793796_n1.jpg 600w, https:\/\/bizkeliza.org\/wp-content\/uploads\/2025\/12\/597961150_18302748208284858_8358295901530793796_n1-480x637.jpg 480w\" sizes=\"(min-width: 0px) and (max-width: 480px) 480px, (min-width: 481px) 600px, 100vw\" \/><\/figure>\n<\/div>\n<\/div>\n\n<figure class=\"wp-block-image size-large\"><img decoding=\"async\" width=\"1024\" height=\"768\" src=\"https:\/\/bizkeliza.org\/wp-content\/uploads\/2025\/12\/IMG-20251213-WA0007-1024x768.jpg\" alt=\"Abendualdia Berriz\" class=\"wp-image-178863\" srcset=\"https:\/\/bizkeliza.org\/wp-content\/uploads\/2025\/12\/IMG-20251213-WA0007-980x735.jpg 980w, https:\/\/bizkeliza.org\/wp-content\/uploads\/2025\/12\/IMG-20251213-WA0007-480x360.jpg 480w\" sizes=\"(min-width: 0px) and (max-width: 480px) 480px, (min-width: 481px) and (max-width: 980px) 980px, (min-width: 981px) 1024px, 100vw\" \/><\/figure>\n\n<p><\/p>\n\n<div class=\"wp-block-columns is-layout-flex wp-container-core-columns-is-layout-9d6595d7 wp-block-columns-is-layout-flex\">\n<div class=\"wp-block-column is-layout-flow wp-block-column-is-layout-flow\">\n<figure class=\"wp-block-image size-full\"><img decoding=\"async\" width=\"600\" height=\"800\" src=\"https:\/\/bizkeliza.org\/wp-content\/uploads\/2025\/12\/598516007_18302748226284858_4520499233362023167_n1.jpg\" alt=\"Abendualdia Berriz\" class=\"wp-image-178848\" srcset=\"https:\/\/bizkeliza.org\/wp-content\/uploads\/2025\/12\/598516007_18302748226284858_4520499233362023167_n1.jpg 600w, https:\/\/bizkeliza.org\/wp-content\/uploads\/2025\/12\/598516007_18302748226284858_4520499233362023167_n1-480x640.jpg 480w\" sizes=\"(min-width: 0px) and (max-width: 480px) 480px, (min-width: 481px) 600px, 100vw\" \/><\/figure>\n<\/div>\n\n\n\n<div class=\"wp-block-column is-layout-flow wp-block-column-is-layout-flow\">\n<figure class=\"wp-block-image size-full\"><img decoding=\"async\" width=\"600\" height=\"800\" src=\"https:\/\/bizkeliza.org\/wp-content\/uploads\/2025\/12\/597892729_18302748181284858_1323994818495919704_n1.jpg\" alt=\"Abendualdia Berriz\" class=\"wp-image-178839\" srcset=\"https:\/\/bizkeliza.org\/wp-content\/uploads\/2025\/12\/597892729_18302748181284858_1323994818495919704_n1.jpg 600w, https:\/\/bizkeliza.org\/wp-content\/uploads\/2025\/12\/597892729_18302748181284858_1323994818495919704_n1-480x640.jpg 480w\" sizes=\"(min-width: 0px) and (max-width: 480px) 480px, (min-width: 481px) 600px, 100vw\" \/><\/figure>\n<\/div>\n<\/div>\n\n<p><\/p>\n\n<h3 class=\"wp-block-heading\"><p><strong>Abendualdiko ospakizuna Getxoko familia katekesian<\/strong><\/p><\/h3>\n\n<p><\/p>\n\n<figure class=\"wp-block-image size-large\"><img decoding=\"async\" width=\"1024\" height=\"768\" src=\"https:\/\/bizkeliza.org\/wp-content\/uploads\/2025\/12\/600316537_18302708197284858_645501532425817250_n-1024x768.jpg\" alt=\"\" class=\"wp-image-178878\" srcset=\"https:\/\/bizkeliza.org\/wp-content\/uploads\/2025\/12\/600316537_18302708197284858_645501532425817250_n-980x735.jpg 980w, https:\/\/bizkeliza.org\/wp-content\/uploads\/2025\/12\/600316537_18302708197284858_645501532425817250_n-480x360.jpg 480w\" sizes=\"(min-width: 0px) and (max-width: 480px) 480px, (min-width: 481px) and (max-width: 980px) 980px, (min-width: 981px) 1024px, 100vw\" \/><\/figure>\n\n<p><\/p>\n\n<p><p>Getxoko <strong>San Nikolas<\/strong> eta <strong>San Martin parrokietako<\/strong> katekesiko taldeek barikuz egin eben Abendualdiko ospakizuna.<\/p><\/p>\n\n<div class=\"wp-block-columns is-layout-flex wp-container-core-columns-is-layout-9d6595d7 wp-block-columns-is-layout-flex\">\n<div class=\"wp-block-column is-layout-flow wp-block-column-is-layout-flow\">\n<figure class=\"wp-block-image size-large\"><img decoding=\"async\" width=\"1024\" height=\"768\" src=\"https:\/\/bizkeliza.org\/wp-content\/uploads\/2025\/12\/597937242_18302708170284858_4514037810441664969_n-1024x768.jpg\" alt=\"abendualdiak familia katekesia Getxo\" class=\"wp-image-178881\" srcset=\"https:\/\/bizkeliza.org\/wp-content\/uploads\/2025\/12\/597937242_18302708170284858_4514037810441664969_n-980x735.jpg 980w, https:\/\/bizkeliza.org\/wp-content\/uploads\/2025\/12\/597937242_18302708170284858_4514037810441664969_n-480x360.jpg 480w\" sizes=\"(min-width: 0px) and (max-width: 480px) 480px, (min-width: 481px) and (max-width: 980px) 980px, (min-width: 981px) 1024px, 100vw\" \/><\/figure>\n<\/div>\n\n\n\n<div class=\"wp-block-column is-layout-flow wp-block-column-is-layout-flow\">\n<figure class=\"wp-block-image size-large\"><img decoding=\"async\" width=\"1024\" height=\"768\" src=\"https:\/\/bizkeliza.org\/wp-content\/uploads\/2025\/12\/598637178_18302708161284858_4305258483067866840_n-1024x768.jpg\" alt=\"abendualdiak familia katekesia Getxo\" class=\"wp-image-178887\" srcset=\"https:\/\/bizkeliza.org\/wp-content\/uploads\/2025\/12\/598637178_18302708161284858_4305258483067866840_n-980x735.jpg 980w, https:\/\/bizkeliza.org\/wp-content\/uploads\/2025\/12\/598637178_18302708161284858_4305258483067866840_n-480x360.jpg 480w\" sizes=\"(min-width: 0px) and (max-width: 480px) 480px, (min-width: 481px) and (max-width: 980px) 980px, (min-width: 981px) 1024px, 100vw\" \/><\/figure>\n<\/div>\n<\/div>\n\n<figure class=\"wp-block-pullquote\"><blockquote><p><p><em>\u201cMotivaci\u00f3n, encender una luz para ver, para iluminar, para compartir la luz de Jes\u00fas. Enciende una luz, la luz de Jes\u00fas\u201d<\/em>.<\/p><\/p><\/blockquote><\/figure>\n\n<p><\/p>\n\n<figure class=\"wp-block-image size-large\"><img decoding=\"async\" width=\"1024\" height=\"768\" src=\"https:\/\/bizkeliza.org\/wp-content\/uploads\/2025\/12\/598141939_18302708206284858_7897909881062591804_n-1024x768.jpg\" alt=\"abendualdiak familia katekesia Getxo\" class=\"wp-image-178884\" srcset=\"https:\/\/bizkeliza.org\/wp-content\/uploads\/2025\/12\/598141939_18302708206284858_7897909881062591804_n-980x735.jpg 980w, https:\/\/bizkeliza.org\/wp-content\/uploads\/2025\/12\/598141939_18302708206284858_7897909881062591804_n-480x360.jpg 480w\" sizes=\"(min-width: 0px) and (max-width: 480px) 480px, (min-width: 481px) and (max-width: 980px) 980px, (min-width: 981px) 1024px, 100vw\" \/><\/figure>\n\n<p><\/p>\n\n<p>Postal-trukea familiaka eta luntxa familiek eroandakoagaz.<\/p>\n\n<p><\/p>\n\n<figure class=\"wp-block-image size-large\"><img decoding=\"async\" width=\"1024\" height=\"768\" src=\"https:\/\/bizkeliza.org\/wp-content\/uploads\/2025\/12\/599762223_18302708233284858_2650520008634856723_n-1024x768.jpg\" alt=\"abendualdiak familia katekesia Getxo\" class=\"wp-image-178908\" srcset=\"https:\/\/bizkeliza.org\/wp-content\/uploads\/2025\/12\/599762223_18302708233284858_2650520008634856723_n-980x735.jpg 980w, https:\/\/bizkeliza.org\/wp-content\/uploads\/2025\/12\/599762223_18302708233284858_2650520008634856723_n-480x360.jpg 480w\" sizes=\"(min-width: 0px) and (max-width: 480px) 480px, (min-width: 481px) and (max-width: 980px) 980px, (min-width: 981px) 1024px, 100vw\" \/><\/figure>\n\n<p><\/p>\n\n<div class=\"wp-block-columns is-layout-flex wp-container-core-columns-is-layout-9d6595d7 wp-block-columns-is-layout-flex\">\n<div class=\"wp-block-column is-layout-flow wp-block-column-is-layout-flow\">\n<figure class=\"wp-block-image size-large\"><img decoding=\"async\" width=\"1024\" height=\"768\" src=\"https:\/\/bizkeliza.org\/wp-content\/uploads\/2025\/12\/599721606_18302708140284858_1183369049389038144_n-1024x768.jpg\" alt=\"abendualdiak familia katekesia Getxo\" class=\"wp-image-178905\" srcset=\"https:\/\/bizkeliza.org\/wp-content\/uploads\/2025\/12\/599721606_18302708140284858_1183369049389038144_n-980x735.jpg 980w, https:\/\/bizkeliza.org\/wp-content\/uploads\/2025\/12\/599721606_18302708140284858_1183369049389038144_n-480x360.jpg 480w\" sizes=\"(min-width: 0px) and (max-width: 480px) 480px, (min-width: 481px) and (max-width: 980px) 980px, (min-width: 981px) 1024px, 100vw\" \/><\/figure>\n<\/div>\n\n\n\n<div class=\"wp-block-column is-layout-flow wp-block-column-is-layout-flow\">\n<figure class=\"wp-block-image size-large\"><img decoding=\"async\" width=\"1024\" height=\"772\" src=\"https:\/\/bizkeliza.org\/wp-content\/uploads\/2025\/12\/599840600_18302708179284858_8700474858809223341_n-1024x772.jpg\" alt=\"abendualdiak familia katekesia Getxo\" class=\"wp-image-178893\" srcset=\"https:\/\/bizkeliza.org\/wp-content\/uploads\/2025\/12\/599840600_18302708179284858_8700474858809223341_n-980x738.jpg 980w, https:\/\/bizkeliza.org\/wp-content\/uploads\/2025\/12\/599840600_18302708179284858_8700474858809223341_n-480x362.jpg 480w\" sizes=\"(min-width: 0px) and (max-width: 480px) 480px, (min-width: 481px) and (max-width: 980px) 980px, (min-width: 981px) 1024px, 100vw\" \/><\/figure>\n\n\n\n<p><\/p>\n<\/div>\n<\/div>\n\n<p><\/p>\n\n<h3 class=\"wp-block-heading\"><p><strong>Topaketa eta Eukaristia Portugaleten Abendualdia ospatzeko<\/strong><\/p><\/h3>\n\n<p><p>Topaketa <strong>Portugaleteko Andra Mari basilikan<\/strong> izan zan atzo. Alkarteko familiek, ume zein heldu, Abendualdiko &#8220;erroska&#8221; jokoan parte hartu eben, hitzen, proben eta erronken bidez, Abendualdiaren senean sakonduz, Jesusen adiskideentzat hain berezia dan aldi honi zentzuna emoten deutsen hitzak zehaztuz.<\/p><\/p>\n\n<figure class=\"wp-block-image size-large\"><img decoding=\"async\" width=\"1024\" height=\"769\" src=\"https:\/\/bizkeliza.org\/wp-content\/uploads\/2025\/12\/600667674_18302918908284858_5448906113395562180_n-1024x769.jpg\" alt=\"Abendualdia Portugalete\" class=\"wp-image-178960\" srcset=\"https:\/\/bizkeliza.org\/wp-content\/uploads\/2025\/12\/600667674_18302918908284858_5448906113395562180_n-1024x769.jpg 1024w, https:\/\/bizkeliza.org\/wp-content\/uploads\/2025\/12\/600667674_18302918908284858_5448906113395562180_n-980x736.jpg 980w, https:\/\/bizkeliza.org\/wp-content\/uploads\/2025\/12\/600667674_18302918908284858_5448906113395562180_n-480x360.jpg 480w\" sizes=\"(min-width: 0px) and (max-width: 480px) 480px, (min-width: 481px) and (max-width: 980px) 980px, (min-width: 981px) 1024px, 100vw\" \/><\/figure>\n\n<div class=\"wp-block-columns is-layout-flex wp-container-core-columns-is-layout-9d6595d7 wp-block-columns-is-layout-flex\">\n<div class=\"wp-block-column is-layout-flow wp-block-column-is-layout-flow\">\n<figure class=\"wp-block-image size-large\"><img decoding=\"async\" width=\"1024\" height=\"768\" src=\"https:\/\/bizkeliza.org\/wp-content\/uploads\/2025\/12\/601353671_18302918899284858_1268076663450713618_n-1024x768.jpg\" alt=\"Abendualdia Portugalete\" class=\"wp-image-178993\" srcset=\"https:\/\/bizkeliza.org\/wp-content\/uploads\/2025\/12\/601353671_18302918899284858_1268076663450713618_n-980x735.jpg 980w, https:\/\/bizkeliza.org\/wp-content\/uploads\/2025\/12\/601353671_18302918899284858_1268076663450713618_n-480x360.jpg 480w\" sizes=\"(min-width: 0px) and (max-width: 480px) 480px, (min-width: 481px) and (max-width: 980px) 980px, (min-width: 981px) 1024px, 100vw\" \/><\/figure>\n<\/div>\n\n\n\n<div class=\"wp-block-column is-layout-flow wp-block-column-is-layout-flow\">\n<figure class=\"wp-block-image size-large\"><img decoding=\"async\" width=\"1024\" height=\"769\" src=\"https:\/\/bizkeliza.org\/wp-content\/uploads\/2025\/12\/600934887_18302918854284858_547537480848391496_n-1024x769.jpg\" alt=\"Abendualdia Portugalete\" class=\"wp-image-178972\" srcset=\"https:\/\/bizkeliza.org\/wp-content\/uploads\/2025\/12\/600934887_18302918854284858_547537480848391496_n-1024x769.jpg 1024w, https:\/\/bizkeliza.org\/wp-content\/uploads\/2025\/12\/600934887_18302918854284858_547537480848391496_n-980x736.jpg 980w, https:\/\/bizkeliza.org\/wp-content\/uploads\/2025\/12\/600934887_18302918854284858_547537480848391496_n-480x360.jpg 480w\" sizes=\"(min-width: 0px) and (max-width: 480px) 480px, (min-width: 481px) and (max-width: 980px) 980px, (min-width: 981px) 1024px, 100vw\" \/><\/figure>\n<\/div>\n<\/div>\n\n<p><p><b>Sergio Buiza<\/b> lurralde bikarioa izan zan eurakaz eta alkar-meza emonez. Hemen, topaketan azaldu zan zenbait berba gogoratu zan: ADVIENTO, CAMINO, BIDEAN, ACOGIDA, HARRERA BATERA, ESPERANZA&#8230;<\/p><\/p>\n\n<figure class=\"wp-block-image size-large\"><img decoding=\"async\" width=\"1024\" height=\"768\" src=\"https:\/\/bizkeliza.org\/wp-content\/uploads\/2025\/12\/600933112_18302918836284858_6154850420517933299_n-1024x768.jpg\" alt=\"Abendualdia Portugalete\" class=\"wp-image-178969\" srcset=\"https:\/\/bizkeliza.org\/wp-content\/uploads\/2025\/12\/600933112_18302918836284858_6154850420517933299_n-980x735.jpg 980w, https:\/\/bizkeliza.org\/wp-content\/uploads\/2025\/12\/600933112_18302918836284858_6154850420517933299_n-480x360.jpg 480w\" sizes=\"(min-width: 0px) and (max-width: 480px) 480px, (min-width: 481px) and (max-width: 980px) 980px, (min-width: 981px) 1024px, 100vw\" \/><\/figure>\n\n<div class=\"wp-block-columns is-layout-flex wp-container-core-columns-is-layout-9d6595d7 wp-block-columns-is-layout-flex\">\n<div class=\"wp-block-column is-layout-flow wp-block-column-is-layout-flow\">\n<figure class=\"wp-block-image size-large\"><img decoding=\"async\" width=\"1024\" height=\"769\" src=\"https:\/\/bizkeliza.org\/wp-content\/uploads\/2025\/12\/601013855_18302918926284858_7999665983799493554_n-1024x769.jpg\" alt=\"Abendualdia Portugalete\" class=\"wp-image-178978\" srcset=\"https:\/\/bizkeliza.org\/wp-content\/uploads\/2025\/12\/601013855_18302918926284858_7999665983799493554_n-1024x769.jpg 1024w, https:\/\/bizkeliza.org\/wp-content\/uploads\/2025\/12\/601013855_18302918926284858_7999665983799493554_n-980x736.jpg 980w, https:\/\/bizkeliza.org\/wp-content\/uploads\/2025\/12\/601013855_18302918926284858_7999665983799493554_n-480x361.jpg 480w\" sizes=\"(min-width: 0px) and (max-width: 480px) 480px, (min-width: 481px) and (max-width: 980px) 980px, (min-width: 981px) 1024px, 100vw\" \/><\/figure>\n<\/div>\n\n\n\n<div class=\"wp-block-column is-layout-flow wp-block-column-is-layout-flow\">\n<figure class=\"wp-block-image size-large\"><img decoding=\"async\" width=\"1024\" height=\"768\" src=\"https:\/\/bizkeliza.org\/wp-content\/uploads\/2025\/12\/600883116_18302918827284858_2075859716260811159_n-1024x768.jpg\" alt=\"Abendualdia Portugalete\" class=\"wp-image-178966\" srcset=\"https:\/\/bizkeliza.org\/wp-content\/uploads\/2025\/12\/600883116_18302918827284858_2075859716260811159_n-980x735.jpg 980w, https:\/\/bizkeliza.org\/wp-content\/uploads\/2025\/12\/600883116_18302918827284858_2075859716260811159_n-480x360.jpg 480w\" sizes=\"(min-width: 0px) and (max-width: 480px) 480px, (min-width: 481px) and (max-width: 980px) 980px, (min-width: 981px) 1024px, 100vw\" \/><\/figure>\n<\/div>\n<\/div>\n\n<figure class=\"wp-block-image size-large\"><img decoding=\"async\" width=\"1024\" height=\"768\" src=\"https:\/\/bizkeliza.org\/wp-content\/uploads\/2025\/12\/600940365_18302918863284858_2547515547939185114_n-1024x768.jpg\" alt=\"Abendualdia Portugalete\" class=\"wp-image-178975\" srcset=\"https:\/\/bizkeliza.org\/wp-content\/uploads\/2025\/12\/600940365_18302918863284858_2547515547939185114_n-980x735.jpg 980w, https:\/\/bizkeliza.org\/wp-content\/uploads\/2025\/12\/600940365_18302918863284858_2547515547939185114_n-480x360.jpg 480w\" sizes=\"(min-width: 0px) and (max-width: 480px) 480px, (min-width: 481px) and (max-width: 980px) 980px, (min-width: 981px) 1024px, 100vw\" \/><\/figure>\n\n<p><p>Urtarrilean Bateoaren sakramentua ospatuko daben eta sendotzarako ibilbideari ekin deutsen gazteak aurkeztu ebezan.<\/p><\/p>\n\n<p><\/p>\n\n<figure class=\"wp-block-image size-large\"><img decoding=\"async\" width=\"1024\" height=\"769\" src=\"https:\/\/bizkeliza.org\/wp-content\/uploads\/2025\/12\/600934887_18302918854284858_547537480848391496_n-1024x769.jpg\" alt=\"Abendualdia Portugalete\" class=\"wp-image-178972\" srcset=\"https:\/\/bizkeliza.org\/wp-content\/uploads\/2025\/12\/600934887_18302918854284858_547537480848391496_n-1024x769.jpg 1024w, https:\/\/bizkeliza.org\/wp-content\/uploads\/2025\/12\/600934887_18302918854284858_547537480848391496_n-980x736.jpg 980w, https:\/\/bizkeliza.org\/wp-content\/uploads\/2025\/12\/600934887_18302918854284858_547537480848391496_n-480x360.jpg 480w\" sizes=\"(min-width: 0px) and (max-width: 480px) 480px, (min-width: 481px) and (max-width: 980px) 980px, (min-width: 981px) 1024px, 100vw\" \/><\/figure>\n\n<p><p><br\/>Eta izar izateko deia jaso eben:<em> &#8220;como Juan, a ser luz para otras personas, especialmente quienes m\u00e1s lo necesitan&#8221;. <\/em>Finalizaron con un piscolabis, y un encuentro m\u00e1s informal,<em> &#8220;que nos hace sentir m\u00e1s comunidad&#8221;.<\/em><\/p><\/p>\n\n<p><\/p>\n\n<figure class=\"wp-block-image size-large\"><img decoding=\"async\" width=\"1024\" height=\"769\" src=\"https:\/\/bizkeliza.org\/wp-content\/uploads\/2025\/12\/600694996_18302918890284858_8471328222231237120_n-1024x769.jpg\" alt=\"Abendualdia Portugalete\" class=\"wp-image-178963\" srcset=\"https:\/\/bizkeliza.org\/wp-content\/uploads\/2025\/12\/600694996_18302918890284858_8471328222231237120_n-980x736.jpg 980w, https:\/\/bizkeliza.org\/wp-content\/uploads\/2025\/12\/600694996_18302918890284858_8471328222231237120_n-480x361.jpg 480w\" sizes=\"(min-width: 0px) and (max-width: 480px) 480px, (min-width: 481px) and (max-width: 980px) 980px, (min-width: 981px) 1024px, 100vw\" \/><\/figure>\n\n<h3 class=\"wp-block-heading\"><p>\u00a0<\/p><br\/><p>\u00a0<\/p><br\/><p>\u00a0<\/p><\/h3>\n\n<p><\/p>\n\n<h3 class=\"wp-block-heading\"><p><strong>Bilborriaga<\/strong><\/p><\/h3>\n\n<p><p>Bilborriaga PBko familia mezan, ume eta gazteek aurkeztu eben ikurraren bidez, datorren asteburuan<strong> &#8220;Belengo Bakearen Argia&#8221;<\/strong> datorrela eta munduarentzako itxaropen izango dala jakinarazo eben.\u00a0<\/p><\/p>\n\n<figure class=\"wp-block-image aligncenter size-large is-resized\"><img decoding=\"async\" width=\"1024\" height=\"768\" src=\"https:\/\/bizkeliza.org\/wp-content\/uploads\/2025\/12\/IMG-20251215-WA0001-1024x768.jpg\" alt=\"\" class=\"wp-image-179028\" style=\"width:544px;height:auto\" srcset=\"https:\/\/bizkeliza.org\/wp-content\/uploads\/2025\/12\/IMG-20251215-WA0001-980x735.jpg 980w, https:\/\/bizkeliza.org\/wp-content\/uploads\/2025\/12\/IMG-20251215-WA0001-480x360.jpg 480w\" sizes=\"(min-width: 0px) and (max-width: 480px) 480px, (min-width: 481px) and (max-width: 980px) 980px, (min-width: 981px) 1024px, 100vw\" \/><\/figure>\n\n<p><\/p>\n\n<p><p><strong>Guadalupeko Andra Maria<\/strong><\/p><\/p>\n\n<p><p>Abenduaren 12an, Guadalupeko Andra Mariaren eguna ospatu zan eta ospakizun bereziak izan dira <strong><a href=\"https:\/\/bizkeliza.org\/eu\/noticia\/guadalupeko-andra-mariaren-ospakizunak-eleizbarrutiko-hainbat-lekutan\/\">eleizbarrutiko hainbat lekutan: <\/a>Bilboko San Nikolas, Gernikako San Frantzisko <\/strong>edo<strong> Bermeoko Andra Mari parrokietan,<\/strong> besteak beste.\u00a0<\/p><\/p>\n\n<p><\/p>\n\n<p><p>Latindar meza <strong>Bermeon,<\/strong> <strong>Guadalupeko Andra Mariaren<\/strong> egunez:<\/p><\/p>\n\n<figure class=\"wp-block-image size-large\"><img decoding=\"async\" width=\"1024\" height=\"771\" src=\"https:\/\/bizkeliza.org\/wp-content\/uploads\/2025\/12\/ML-25-taldea-1024x771.jpg\" alt=\"Guadalupeko Andra Maria Bermeon\" class=\"wp-image-178943\" srcset=\"https:\/\/bizkeliza.org\/wp-content\/uploads\/2025\/12\/ML-25-taldea-980x738.jpg 980w, https:\/\/bizkeliza.org\/wp-content\/uploads\/2025\/12\/ML-25-taldea-480x361.jpg 480w\" sizes=\"(min-width: 0px) and (max-width: 480px) 480px, (min-width: 481px) and (max-width: 980px) 980px, (min-width: 981px) 1024px, 100vw\" \/><\/figure>\n\n<figure class=\"wp-block-embed is-type-video is-provider-youtube wp-block-embed-youtube wp-embed-aspect-16-9 wp-has-aspect-ratio\">\r\n<div class=\"wp-block-embed__wrapper\">https:\/\/youtu.be\/hEtngdb7qSY<\/div>\r\n<\/figure>\n\n<p><p>Gehiago jakiteko: <strong><a href=\"https:\/\/arratiaeliza.blogspot.com\/2025\/12\/misa-latina-en-bermeo-por-el-dia-de-la.html#more\">hemen.<\/a><\/strong><\/p><\/p>\n\n<p> <\/p>\n","protected":false},"excerpt":{"rendered":"<p>Abendualdiko erretiroa Txorierri Pastoral Barrutian: &#8220;Itxaropena eta danona dan etxearen zaintza&#8221; Txorierri Pastoral Barrutian Abendualdiko erretiroa egin dabe, &#8220;Prestatu bidea Jaunari&#8230; baita danona dan etxean be&#8221; goiburuaren haritik. Geldialdia egin, entzun eta otoitz egiteko una izan da, goizean bertan Caritas-Koopera egitasmoan bizi izandako esperientzia bihotzera eroanez. Erretiroari hasiera emoteko, harrera eta girotzerako tartea izan zan [&hellip;]<\/p>\n","protected":false},"author":20,"featured_media":178855,"comment_status":"closed","ping_status":"closed","sticky":false,"template":"","format":"standard","meta":{"_acf_changed":false,"_et_pb_use_builder":"off","_et_pb_old_content":"","_et_gb_content_width":"","footnotes":""},"categories":[506],"tags":[],"class_list":["post-179020","post","type-post","status-publish","format-standard","has-post-thumbnail","hentry","category-lehenengo-orrialdea"],"acf":[],"yoast_head":"<!-- This site is optimized with the Yoast SEO Premium plugin v27.5 (Yoast SEO v27.5) - https:\/\/yoast.com\/product\/yoast-seo-premium-wordpress\/ -->\n<title>Abendualdiko batzar eta erretiroak<\/title>\n<meta name=\"description\" content=\"Abendualdiko erretiroa Txorierri Pastoral Barrutian: &quot;Itxaropena eta danona dan etxearen zaintza&quot;\" \/>\n<meta name=\"robots\" content=\"index, follow, max-snippet:-1, max-image-preview:large, max-video-preview:-1\" \/>\n<link rel=\"canonical\" href=\"https:\/\/bizkeliza.org\/eu\/noticia\/abendualdiko-batzar-eta-erretiroak\/\" \/>\n<meta property=\"og:locale\" content=\"eu_ES\" \/>\n<meta property=\"og:type\" content=\"article\" \/>\n<meta property=\"og:title\" content=\"Abendualdiko batzar eta erretiroak\" \/>\n<meta property=\"og:description\" content=\"Abendualdiko erretiroa Txorierri Pastoral Barrutian: &quot;Itxaropena eta danona dan etxearen zaintza&quot;\" \/>\n<meta property=\"og:url\" content=\"https:\/\/bizkeliza.org\/eu\/noticia\/abendualdiko-batzar-eta-erretiroak\/\" \/>\n<meta property=\"og:site_name\" content=\"Bilboko Elizbarrutia - Di\u00f3cesis de Bilbao\" \/>\n<meta property=\"article:publisher\" content=\"https:\/\/www.facebook.com\/DiocesisBilbao\/\" \/>\n<meta property=\"article:published_time\" content=\"2025-12-15T09:00:00+00:00\" \/>\n<meta property=\"article:modified_time\" content=\"2025-12-15T12:12:18+00:00\" \/>\n<meta property=\"og:image\" content=\"https:\/\/bizkeliza.org\/wp-content\/uploads\/2025\/12\/599896006_18302748154284858_4915410195214627425_n1.jpg\" \/>\n\t<meta property=\"og:image:width\" content=\"600\" \/>\n\t<meta property=\"og:image:height\" content=\"800\" \/>\n\t<meta property=\"og:image:type\" content=\"image\/jpeg\" \/>\n<meta name=\"author\" content=\"bkareaga\" \/>\n<meta name=\"twitter:card\" content=\"summary_large_image\" \/>\n<meta name=\"twitter:creator\" content=\"@DiocesisBilbao\" \/>\n<meta name=\"twitter:site\" content=\"@DiocesisBilbao\" \/>\n<script type=\"application\/ld+json\" class=\"yoast-schema-graph\">{\"@context\":\"https:\\\/\\\/schema.org\",\"@graph\":[{\"@type\":\"Article\",\"@id\":\"https:\\\/\\\/bizkeliza.org\\\/eu\\\/noticia\\\/abendualdiko-batzar-eta-erretiroak\\\/#article\",\"isPartOf\":{\"@id\":\"https:\\\/\\\/bizkeliza.org\\\/eu\\\/noticia\\\/abendualdiko-batzar-eta-erretiroak\\\/\"},\"author\":{\"name\":\"bkareaga\",\"@id\":\"https:\\\/\\\/bizkeliza.org\\\/eu\\\/#\\\/schema\\\/person\\\/1f27c53156256531056d48959c2f2008\"},\"headline\":\"Abendualdiko batzar eta erretiroak\",\"datePublished\":\"2025-12-15T09:00:00+00:00\",\"dateModified\":\"2025-12-15T12:12:18+00:00\",\"mainEntityOfPage\":{\"@id\":\"https:\\\/\\\/bizkeliza.org\\\/eu\\\/noticia\\\/abendualdiko-batzar-eta-erretiroak\\\/\"},\"wordCount\":924,\"publisher\":{\"@id\":\"https:\\\/\\\/bizkeliza.org\\\/eu\\\/#organization\"},\"image\":{\"@id\":\"https:\\\/\\\/bizkeliza.org\\\/eu\\\/noticia\\\/abendualdiko-batzar-eta-erretiroak\\\/#primaryimage\"},\"thumbnailUrl\":\"https:\\\/\\\/bizkeliza.org\\\/wp-content\\\/uploads\\\/2025\\\/12\\\/599896006_18302748154284858_4915410195214627425_n1.jpg\",\"articleSection\":[\"Lehenengo Orrialdea\"],\"inLanguage\":\"eu-ES\"},{\"@type\":\"WebPage\",\"@id\":\"https:\\\/\\\/bizkeliza.org\\\/eu\\\/noticia\\\/abendualdiko-batzar-eta-erretiroak\\\/\",\"url\":\"https:\\\/\\\/bizkeliza.org\\\/eu\\\/noticia\\\/abendualdiko-batzar-eta-erretiroak\\\/\",\"name\":\"Abendualdiko batzar eta erretiroak\",\"isPartOf\":{\"@id\":\"https:\\\/\\\/bizkeliza.org\\\/eu\\\/#website\"},\"primaryImageOfPage\":{\"@id\":\"https:\\\/\\\/bizkeliza.org\\\/eu\\\/noticia\\\/abendualdiko-batzar-eta-erretiroak\\\/#primaryimage\"},\"image\":{\"@id\":\"https:\\\/\\\/bizkeliza.org\\\/eu\\\/noticia\\\/abendualdiko-batzar-eta-erretiroak\\\/#primaryimage\"},\"thumbnailUrl\":\"https:\\\/\\\/bizkeliza.org\\\/wp-content\\\/uploads\\\/2025\\\/12\\\/599896006_18302748154284858_4915410195214627425_n1.jpg\",\"datePublished\":\"2025-12-15T09:00:00+00:00\",\"dateModified\":\"2025-12-15T12:12:18+00:00\",\"description\":\"Abendualdiko erretiroa Txorierri Pastoral Barrutian: \\\"Itxaropena eta danona dan etxearen zaintza\\\"\",\"breadcrumb\":{\"@id\":\"https:\\\/\\\/bizkeliza.org\\\/eu\\\/noticia\\\/abendualdiko-batzar-eta-erretiroak\\\/#breadcrumb\"},\"inLanguage\":\"eu-ES\",\"potentialAction\":[{\"@type\":\"ReadAction\",\"target\":[\"https:\\\/\\\/bizkeliza.org\\\/eu\\\/noticia\\\/abendualdiko-batzar-eta-erretiroak\\\/\"]}]},{\"@type\":\"ImageObject\",\"inLanguage\":\"eu-ES\",\"@id\":\"https:\\\/\\\/bizkeliza.org\\\/eu\\\/noticia\\\/abendualdiko-batzar-eta-erretiroak\\\/#primaryimage\",\"url\":\"https:\\\/\\\/bizkeliza.org\\\/wp-content\\\/uploads\\\/2025\\\/12\\\/599896006_18302748154284858_4915410195214627425_n1.jpg\",\"contentUrl\":\"https:\\\/\\\/bizkeliza.org\\\/wp-content\\\/uploads\\\/2025\\\/12\\\/599896006_18302748154284858_4915410195214627425_n1.jpg\",\"width\":600,\"height\":800,\"caption\":\"Imagen del encuentro de Berriz\"},{\"@type\":\"BreadcrumbList\",\"@id\":\"https:\\\/\\\/bizkeliza.org\\\/eu\\\/noticia\\\/abendualdiko-batzar-eta-erretiroak\\\/#breadcrumb\",\"itemListElement\":[{\"@type\":\"ListItem\",\"position\":1,\"name\":\"Portada\",\"item\":\"https:\\\/\\\/bizkeliza.org\\\/eu\\\/\"},{\"@type\":\"ListItem\",\"position\":2,\"name\":\"Abendualdiko batzar eta erretiroak\"}]},{\"@type\":\"WebSite\",\"@id\":\"https:\\\/\\\/bizkeliza.org\\\/eu\\\/#website\",\"url\":\"https:\\\/\\\/bizkeliza.org\\\/eu\\\/\",\"name\":\"Bilboko Elizbarrutia - Di\u00f3cesis de Bilbao\",\"description\":\"Di\u00f3cesis de Bilbao\",\"publisher\":{\"@id\":\"https:\\\/\\\/bizkeliza.org\\\/eu\\\/#organization\"},\"alternateName\":\"Di\u00f3cesis de Bilbao\",\"potentialAction\":[{\"@type\":\"SearchAction\",\"target\":{\"@type\":\"EntryPoint\",\"urlTemplate\":\"https:\\\/\\\/bizkeliza.org\\\/eu\\\/?s={search_term_string}\"},\"query-input\":{\"@type\":\"PropertyValueSpecification\",\"valueRequired\":true,\"valueName\":\"search_term_string\"}}],\"inLanguage\":\"eu-ES\"},{\"@type\":\"Organization\",\"@id\":\"https:\\\/\\\/bizkeliza.org\\\/eu\\\/#organization\",\"name\":\"Di\u00f3cesis de Bilbao\",\"alternateName\":\"Di\u00f3cesis de Bilbao\",\"url\":\"https:\\\/\\\/bizkeliza.org\\\/eu\\\/\",\"logo\":{\"@type\":\"ImageObject\",\"inLanguage\":\"eu-ES\",\"@id\":\"https:\\\/\\\/bizkeliza.org\\\/eu\\\/#\\\/schema\\\/logo\\\/image\\\/\",\"url\":\"https:\\\/\\\/bizkeliza.org\\\/wp-content\\\/uploads\\\/2022\\\/06\\\/Logo-nuevo_2024-1-scaled.jpg\",\"contentUrl\":\"https:\\\/\\\/bizkeliza.org\\\/wp-content\\\/uploads\\\/2022\\\/06\\\/Logo-nuevo_2024-1-scaled.jpg\",\"width\":2560,\"height\":1024,\"caption\":\"Di\u00f3cesis de Bilbao\"},\"image\":{\"@id\":\"https:\\\/\\\/bizkeliza.org\\\/eu\\\/#\\\/schema\\\/logo\\\/image\\\/\"},\"sameAs\":[\"https:\\\/\\\/www.facebook.com\\\/DiocesisBilbao\\\/\",\"https:\\\/\\\/x.com\\\/DiocesisBilbao\",\"https:\\\/\\\/www.instagram.com\\\/obispadobilbao\\\/\",\"https:\\\/\\\/www.youtube.com\\\/user\\\/bilbokoelizbarrutia\"],\"description\":\"Iglesia local de Bilbao perteneciente a la Iglesia Cat\u00f3lica\"},{\"@type\":\"Person\",\"@id\":\"https:\\\/\\\/bizkeliza.org\\\/eu\\\/#\\\/schema\\\/person\\\/1f27c53156256531056d48959c2f2008\",\"name\":\"bkareaga\"}]}<\/script>\n<!-- \/ Yoast SEO Premium plugin. -->","yoast_head_json":{"title":"Abendualdiko batzar eta erretiroak","description":"Abendualdiko erretiroa Txorierri Pastoral Barrutian: \"Itxaropena eta danona dan etxearen zaintza\"","robots":{"index":"index","follow":"follow","max-snippet":"max-snippet:-1","max-image-preview":"max-image-preview:large","max-video-preview":"max-video-preview:-1"},"canonical":"https:\/\/bizkeliza.org\/eu\/noticia\/abendualdiko-batzar-eta-erretiroak\/","og_locale":"eu_ES","og_type":"article","og_title":"Abendualdiko batzar eta erretiroak","og_description":"Abendualdiko erretiroa Txorierri Pastoral Barrutian: \"Itxaropena eta danona dan etxearen zaintza\"","og_url":"https:\/\/bizkeliza.org\/eu\/noticia\/abendualdiko-batzar-eta-erretiroak\/","og_site_name":"Bilboko Elizbarrutia - Di\u00f3cesis de Bilbao","article_publisher":"https:\/\/www.facebook.com\/DiocesisBilbao\/","article_published_time":"2025-12-15T09:00:00+00:00","article_modified_time":"2025-12-15T12:12:18+00:00","og_image":[{"width":600,"height":800,"url":"https:\/\/bizkeliza.org\/wp-content\/uploads\/2025\/12\/599896006_18302748154284858_4915410195214627425_n1.jpg","type":"image\/jpeg"}],"author":"bkareaga","twitter_card":"summary_large_image","twitter_creator":"@DiocesisBilbao","twitter_site":"@DiocesisBilbao","schema":{"@context":"https:\/\/schema.org","@graph":[{"@type":"Article","@id":"https:\/\/bizkeliza.org\/eu\/noticia\/abendualdiko-batzar-eta-erretiroak\/#article","isPartOf":{"@id":"https:\/\/bizkeliza.org\/eu\/noticia\/abendualdiko-batzar-eta-erretiroak\/"},"author":{"name":"bkareaga","@id":"https:\/\/bizkeliza.org\/eu\/#\/schema\/person\/1f27c53156256531056d48959c2f2008"},"headline":"Abendualdiko batzar eta erretiroak","datePublished":"2025-12-15T09:00:00+00:00","dateModified":"2025-12-15T12:12:18+00:00","mainEntityOfPage":{"@id":"https:\/\/bizkeliza.org\/eu\/noticia\/abendualdiko-batzar-eta-erretiroak\/"},"wordCount":924,"publisher":{"@id":"https:\/\/bizkeliza.org\/eu\/#organization"},"image":{"@id":"https:\/\/bizkeliza.org\/eu\/noticia\/abendualdiko-batzar-eta-erretiroak\/#primaryimage"},"thumbnailUrl":"https:\/\/bizkeliza.org\/wp-content\/uploads\/2025\/12\/599896006_18302748154284858_4915410195214627425_n1.jpg","articleSection":["Lehenengo Orrialdea"],"inLanguage":"eu-ES"},{"@type":"WebPage","@id":"https:\/\/bizkeliza.org\/eu\/noticia\/abendualdiko-batzar-eta-erretiroak\/","url":"https:\/\/bizkeliza.org\/eu\/noticia\/abendualdiko-batzar-eta-erretiroak\/","name":"Abendualdiko batzar eta erretiroak","isPartOf":{"@id":"https:\/\/bizkeliza.org\/eu\/#website"},"primaryImageOfPage":{"@id":"https:\/\/bizkeliza.org\/eu\/noticia\/abendualdiko-batzar-eta-erretiroak\/#primaryimage"},"image":{"@id":"https:\/\/bizkeliza.org\/eu\/noticia\/abendualdiko-batzar-eta-erretiroak\/#primaryimage"},"thumbnailUrl":"https:\/\/bizkeliza.org\/wp-content\/uploads\/2025\/12\/599896006_18302748154284858_4915410195214627425_n1.jpg","datePublished":"2025-12-15T09:00:00+00:00","dateModified":"2025-12-15T12:12:18+00:00","description":"Abendualdiko erretiroa Txorierri Pastoral Barrutian: \"Itxaropena eta danona dan etxearen zaintza\"","breadcrumb":{"@id":"https:\/\/bizkeliza.org\/eu\/noticia\/abendualdiko-batzar-eta-erretiroak\/#breadcrumb"},"inLanguage":"eu-ES","potentialAction":[{"@type":"ReadAction","target":["https:\/\/bizkeliza.org\/eu\/noticia\/abendualdiko-batzar-eta-erretiroak\/"]}]},{"@type":"ImageObject","inLanguage":"eu-ES","@id":"https:\/\/bizkeliza.org\/eu\/noticia\/abendualdiko-batzar-eta-erretiroak\/#primaryimage","url":"https:\/\/bizkeliza.org\/wp-content\/uploads\/2025\/12\/599896006_18302748154284858_4915410195214627425_n1.jpg","contentUrl":"https:\/\/bizkeliza.org\/wp-content\/uploads\/2025\/12\/599896006_18302748154284858_4915410195214627425_n1.jpg","width":600,"height":800,"caption":"Imagen del encuentro de Berriz"},{"@type":"BreadcrumbList","@id":"https:\/\/bizkeliza.org\/eu\/noticia\/abendualdiko-batzar-eta-erretiroak\/#breadcrumb","itemListElement":[{"@type":"ListItem","position":1,"name":"Portada","item":"https:\/\/bizkeliza.org\/eu\/"},{"@type":"ListItem","position":2,"name":"Abendualdiko batzar eta erretiroak"}]},{"@type":"WebSite","@id":"https:\/\/bizkeliza.org\/eu\/#website","url":"https:\/\/bizkeliza.org\/eu\/","name":"Bilboko Elizbarrutia - Di\u00f3cesis de Bilbao","description":"Di\u00f3cesis de Bilbao","publisher":{"@id":"https:\/\/bizkeliza.org\/eu\/#organization"},"alternateName":"Di\u00f3cesis de Bilbao","potentialAction":[{"@type":"SearchAction","target":{"@type":"EntryPoint","urlTemplate":"https:\/\/bizkeliza.org\/eu\/?s={search_term_string}"},"query-input":{"@type":"PropertyValueSpecification","valueRequired":true,"valueName":"search_term_string"}}],"inLanguage":"eu-ES"},{"@type":"Organization","@id":"https:\/\/bizkeliza.org\/eu\/#organization","name":"Di\u00f3cesis de Bilbao","alternateName":"Di\u00f3cesis de Bilbao","url":"https:\/\/bizkeliza.org\/eu\/","logo":{"@type":"ImageObject","inLanguage":"eu-ES","@id":"https:\/\/bizkeliza.org\/eu\/#\/schema\/logo\/image\/","url":"https:\/\/bizkeliza.org\/wp-content\/uploads\/2022\/06\/Logo-nuevo_2024-1-scaled.jpg","contentUrl":"https:\/\/bizkeliza.org\/wp-content\/uploads\/2022\/06\/Logo-nuevo_2024-1-scaled.jpg","width":2560,"height":1024,"caption":"Di\u00f3cesis de Bilbao"},"image":{"@id":"https:\/\/bizkeliza.org\/eu\/#\/schema\/logo\/image\/"},"sameAs":["https:\/\/www.facebook.com\/DiocesisBilbao\/","https:\/\/x.com\/DiocesisBilbao","https:\/\/www.instagram.com\/obispadobilbao\/","https:\/\/www.youtube.com\/user\/bilbokoelizbarrutia"],"description":"Iglesia local de Bilbao perteneciente a la Iglesia Cat\u00f3lica"},{"@type":"Person","@id":"https:\/\/bizkeliza.org\/eu\/#\/schema\/person\/1f27c53156256531056d48959c2f2008","name":"bkareaga"}]}},"jetpack_featured_media_url":"https:\/\/bizkeliza.org\/wp-content\/uploads\/2025\/12\/599896006_18302748154284858_4915410195214627425_n1.jpg","_links":{"self":[{"href":"https:\/\/bizkeliza.org\/eu\/wp-json\/wp\/v2\/posts\/179020","targetHints":{"allow":["GET"]}}],"collection":[{"href":"https:\/\/bizkeliza.org\/eu\/wp-json\/wp\/v2\/posts"}],"about":[{"href":"https:\/\/bizkeliza.org\/eu\/wp-json\/wp\/v2\/types\/post"}],"author":[{"embeddable":true,"href":"https:\/\/bizkeliza.org\/eu\/wp-json\/wp\/v2\/users\/20"}],"replies":[{"embeddable":true,"href":"https:\/\/bizkeliza.org\/eu\/wp-json\/wp\/v2\/comments?post=179020"}],"version-history":[{"count":0,"href":"https:\/\/bizkeliza.org\/eu\/wp-json\/wp\/v2\/posts\/179020\/revisions"}],"wp:featuredmedia":[{"embeddable":true,"href":"https:\/\/bizkeliza.org\/eu\/wp-json\/wp\/v2\/media\/178855"}],"wp:attachment":[{"href":"https:\/\/bizkeliza.org\/eu\/wp-json\/wp\/v2\/media?parent=179020"}],"wp:term":[{"taxonomy":"category","embeddable":true,"href":"https:\/\/bizkeliza.org\/eu\/wp-json\/wp\/v2\/categories?post=179020"},{"taxonomy":"post_tag","embeddable":true,"href":"https:\/\/bizkeliza.org\/eu\/wp-json\/wp\/v2\/tags?post=179020"}],"curies":[{"name":"wp","href":"https:\/\/api.w.org\/{rel}","templated":true}]}}