{"id":181533,"date":"2026-01-30T13:30:00","date_gmt":"2026-01-30T12:30:00","guid":{"rendered":"https:\/\/bizkeliza.org\/?p=181533"},"modified":"2026-01-30T13:55:16","modified_gmt":"2026-01-30T12:55:16","slug":"urpekari-profesionalen-punta-puntako-eskola-inauguratu-da-ondarroan","status":"publish","type":"post","link":"https:\/\/bizkeliza.org\/eu\/noticia\/urpekari-profesionalen-punta-puntako-eskola-inauguratu-da-ondarroan\/","title":{"rendered":"Urpekari profesionalen punta-puntako eskola inauguratu da Ondarroan"},"content":{"rendered":"\n<p>Gaur goizean inauguratu da urpean lan egin dagien profesionalak prestatuko dituan ikastegia. Urpean lan eginda, akreditazino hau eskuratu gura daben hainbat arlotako profesionalei zuzenduta dago: suhiltzaileak, poliziak, segurtasun-gorputzak, salbamendu-taldeetako kideak, urpeko lanetan espezializatutako soldatzaile, igeltsero, arkeologo edo biologoak. <\/p>\n\n<figure class=\"wp-block-image aligncenter size-large is-resized\"><img decoding=\"async\" width=\"768\" height=\"1024\" src=\"https:\/\/bizkeliza.org\/wp-content\/uploads\/2026\/01\/Ondarroa-768x1024.png\" alt=\"\" class=\"wp-image-181565\" style=\"aspect-ratio:0.7500035597829956;width:582px;height:auto\"\/><figcaption class=\"wp-element-caption\">El obispo <strong>Joseba Segura<\/strong> y la directora de la Escuela de Pesca. <strong>Amaia Basterretxea, <\/strong>cortando la cinta en la inauguraci\u00f3n.<\/figcaption><\/figure>\n\n<p><\/p>\n\n<p><p>2010etik hasita urpekarien eskolako arduradun eta urpekari profesionalen irakasle dan <strong>Ignacio San Miguel Aizpuruk<\/strong> azaldu dauanez, <em>&#8220;guztiek behar dabe <strong>laguntasuna kanpotik,<\/strong> eta horregaitik <strong>eroaten dabe eskafandra<\/strong> edo <strong>urpekarien kaskoa;\u00a0<\/strong>ostera,urpekari profesionalek aire-botila eroaten dabe bakarrik&#8221;.\u00a0<\/em><\/p><\/p>\n\n<p><p>Eskola barri honek, bitarteko barriak ditu, esate baterako:\u00a0<strong>leku bat baino gehiago dauan <\/strong><strong>ganbara hiperbarikoa,\u00a0<\/strong>ontzi presurizatua deskonpresinoak eragindako gaixotasuna, kasu batzuetan urpekariek jasaten dabena, tratatzeko balio dauana. Gainera, hilabete batzuen buruan, <strong>5 metroko sakonerako<\/strong> eta <strong>15 metroko luzerako hobia<\/strong> izango dau olatu-aldietan Kantabrikoan urperatu barik praktika batzuk egin ahal izateko. Tailer praktikoak eta berariazko gelak be izango dira urpekarien prestaketarako.\u00a0<\/p><\/p>\n\n<figure class=\"wp-block-image size-full\"><img decoding=\"async\" width=\"800\" height=\"600\" src=\"https:\/\/bizkeliza.org\/wp-content\/uploads\/2026\/01\/Ignacio-San-Miguel.jpg\" alt=\"\" class=\"wp-image-181507\" srcset=\"https:\/\/bizkeliza.org\/wp-content\/uploads\/2026\/01\/Ignacio-San-Miguel.jpg 800w, https:\/\/bizkeliza.org\/wp-content\/uploads\/2026\/01\/Ignacio-San-Miguel-480x360.jpg 480w\" sizes=\"(min-width: 0px) and (max-width: 480px) 480px, (min-width: 481px) 800px, 100vw\" \/><figcaption class=\"wp-element-caption\">Ignacio San Miguel, hobia jarriko dan lekuan (Argazkia: Bilboko eleizbarrutia)<\/figcaption><\/figure>\n\n<h3 class=\"wp-block-heading\">Aitzindari ikastaro espezializatuetan<\/h3>\n\n<p>La de Ondarroa ser\u00e1 la primera escuela de buzos profesionales que oferte el curso de <strong>recolector de recursos marinos en Euskadi<\/strong>, v\u00e1lido para la recogida de erizos o algas. Adem\u00e1s, ofrecer\u00e1 los cursos te\u00f3ricos online, lo que facilitar\u00e1 los estudios para los actuales profesionales en activo que necesiten la acreditaci\u00f3n de buzo.<\/p>\n\n<p><p><strong>San Miguelen <\/strong>esanetan, <em>&#8220;Ondarroan eskainiko an urpekari profesionalen heziketa eredu izango da, zalantza barik, besteak beste, <strong>bete-beteko instalazinoak<\/strong> ditualako; hain zuzen be, ganbara hiperbariko bi baino ez dagoz Euskafin. Eta maila handiko heziketa teoriko eta praktikoa eskeiniko da&#8221;.<\/em><\/p><\/p>\n\n<figure class=\"wp-block-image aligncenter size-full\"><img decoding=\"async\" width=\"600\" height=\"800\" src=\"https:\/\/bizkeliza.org\/wp-content\/uploads\/2026\/01\/camara-hiperbarica.jpg\" alt=\"\" class=\"wp-image-181510\" srcset=\"https:\/\/bizkeliza.org\/wp-content\/uploads\/2026\/01\/camara-hiperbarica.jpg 600w, https:\/\/bizkeliza.org\/wp-content\/uploads\/2026\/01\/camara-hiperbarica-480x640.jpg 480w\" sizes=\"(min-width: 0px) and (max-width: 480px) 480px, (min-width: 481px) 600px, 100vw\" \/><figcaption class=\"wp-element-caption\">Ganbara hiperbarikoa (Argazkia: Bilboko eleizbarrutia)<\/figcaption><\/figure>\n\n<p><p>Guzti horregaz, EBI Bilboko eleizbarrutiko ikastetxeen sarean dagoan <strong>Ondarroako Arrantza eskolak<\/strong> itsas lanbideetan espezializatutako heziketarik <strong>osoena<\/strong> eskainiko dau <strong>Euskadin.\u00a0<\/strong><\/p><\/p>\n\n<p><p><strong>On Joseba Segurak <\/strong>esan dauanez, <em>&#8220;heziketak lekukotik etorkizuna eratu daikela erakusten deusku urpekarien eskola honek&#8221;.\u00a0<\/em><\/p><\/p>\n\n<figure class=\"wp-block-pullquote\"><blockquote><p><strong><em>Eskola barri honek ikasteko, giza hazkunderako eta gizarteari zerbitzua emoteko tokia izaten jarraitu daiala. Eta hemen hasten dan murgiltze bakotxak biziago itzul gaizala beti azalera.<\/em><br\/><br\/><\/strong><\/p><cite>Joseba Segura <\/cite><\/blockquote><\/figure>\n\n<div style=\"position:relative;padding-top:max(60%,326px);height:0;width:100%\"><iframe allow=\"clipboard-write\" sandbox=\"allow-top-navigation allow-top-navigation-by-user-activation allow-downloads allow-scripts allow-same-origin allow-popups allow-modals allow-popups-to-escape-sandbox allow-forms\" allowfullscreen=\"true\" style=\"position:absolute;border:none;width:100%;height:100%;left:0;right:0;top:0;bottom:0;\" src=\"https:\/\/e.issuu.com\/embed.html?d=alkarren_barri_317_urtarrila_enero_&#038;pageNumber=16&#038;u=barriatv\"><\/iframe><\/div>\r\n","protected":false},"excerpt":{"rendered":"<p>Gaur goizean inauguratu da urpean lan egin dagien profesionalak prestatuko dituan ikastegia. Urpean lan eginda, akreditazino hau eskuratu gura daben hainbat arlotako profesionalei zuzenduta dago: suhiltzaileak, poliziak, segurtasun-gorputzak, salbamendu-taldeetako kideak, urpeko lanetan espezializatutako soldatzaile, igeltsero, arkeologo edo biologoak. 2010etik hasita urpekarien eskolako arduradun eta urpekari profesionalen irakasle dan Ignacio San Miguel Aizpuruk azaldu dauanez, &#8220;guztiek [&hellip;]<\/p>\n","protected":false},"author":19,"featured_media":181504,"comment_status":"closed","ping_status":"closed","sticky":false,"template":"","format":"standard","meta":{"_acf_changed":false,"_et_pb_use_builder":"off","_et_pb_old_content":"","_et_gb_content_width":"","footnotes":""},"categories":[506],"tags":[1262,586,1261],"class_list":["post-181533","post","type-post","status-publish","format-standard","has-post-thumbnail","hentry","category-lehenengo-orrialdea","tag-arrantza-eskola","tag-ebi-eu","tag-ondarroa"],"acf":[],"yoast_head":"<!-- This site is optimized with the Yoast SEO Premium plugin v27.5 (Yoast SEO v27.5) - https:\/\/yoast.com\/product\/yoast-seo-premium-wordpress\/ -->\n<title>Urpekari profesionalen punta-puntako eskola inauguratu da Ondarroan<\/title>\n<meta name=\"description\" content=\"Ondarroako Arrantza eskolak eskaintza barria inauguratu dau gaur goizean: urpekari profesionalen heziketa\" \/>\n<meta name=\"robots\" content=\"index, follow, max-snippet:-1, max-image-preview:large, max-video-preview:-1\" \/>\n<link rel=\"canonical\" href=\"https:\/\/bizkeliza.org\/eu\/noticia\/urpekari-profesionalen-punta-puntako-eskola-inauguratu-da-ondarroan\/\" \/>\n<meta property=\"og:locale\" content=\"eu_ES\" \/>\n<meta property=\"og:type\" content=\"article\" \/>\n<meta property=\"og:title\" content=\"Urpekari profesionalen punta-puntako eskola inauguratu da Ondarroan\" \/>\n<meta property=\"og:description\" content=\"Ondarroako Arrantza eskolak eskaintza barria inauguratu dau gaur goizean: urpekari profesionalen heziketa\" \/>\n<meta property=\"og:url\" content=\"https:\/\/bizkeliza.org\/eu\/noticia\/urpekari-profesionalen-punta-puntako-eskola-inauguratu-da-ondarroan\/\" \/>\n<meta property=\"og:site_name\" content=\"Bilboko Elizbarrutia - Di\u00f3cesis de Bilbao\" \/>\n<meta property=\"article:publisher\" content=\"https:\/\/www.facebook.com\/DiocesisBilbao\/\" \/>\n<meta property=\"article:published_time\" content=\"2026-01-30T12:30:00+00:00\" \/>\n<meta property=\"article:modified_time\" content=\"2026-01-30T12:55:16+00:00\" \/>\n<meta property=\"og:image\" content=\"https:\/\/bizkeliza.org\/wp-content\/uploads\/2026\/01\/Ondarroa-1.jpg\" \/>\n\t<meta property=\"og:image:width\" content=\"600\" \/>\n\t<meta property=\"og:image:height\" content=\"800\" \/>\n\t<meta property=\"og:image:type\" content=\"image\/jpeg\" \/>\n<meta name=\"author\" content=\"dalberdi\" \/>\n<meta name=\"twitter:card\" content=\"summary_large_image\" \/>\n<meta name=\"twitter:creator\" content=\"@DiocesisBilbao\" \/>\n<meta name=\"twitter:site\" content=\"@DiocesisBilbao\" \/>\n<script type=\"application\/ld+json\" class=\"yoast-schema-graph\">{\"@context\":\"https:\\\/\\\/schema.org\",\"@graph\":[{\"@type\":\"Article\",\"@id\":\"https:\\\/\\\/bizkeliza.org\\\/eu\\\/noticia\\\/urpekari-profesionalen-punta-puntako-eskola-inauguratu-da-ondarroan\\\/#article\",\"isPartOf\":{\"@id\":\"https:\\\/\\\/bizkeliza.org\\\/eu\\\/noticia\\\/urpekari-profesionalen-punta-puntako-eskola-inauguratu-da-ondarroan\\\/\"},\"author\":{\"name\":\"dalberdi\",\"@id\":\"https:\\\/\\\/bizkeliza.org\\\/eu\\\/#\\\/schema\\\/person\\\/acc5e302cb1997bd56026a6980544228\"},\"headline\":\"Urpekari profesionalen punta-puntako eskola inauguratu da Ondarroan\",\"datePublished\":\"2026-01-30T12:30:00+00:00\",\"dateModified\":\"2026-01-30T12:55:16+00:00\",\"mainEntityOfPage\":{\"@id\":\"https:\\\/\\\/bizkeliza.org\\\/eu\\\/noticia\\\/urpekari-profesionalen-punta-puntako-eskola-inauguratu-da-ondarroan\\\/\"},\"wordCount\":334,\"publisher\":{\"@id\":\"https:\\\/\\\/bizkeliza.org\\\/eu\\\/#organization\"},\"image\":{\"@id\":\"https:\\\/\\\/bizkeliza.org\\\/eu\\\/noticia\\\/urpekari-profesionalen-punta-puntako-eskola-inauguratu-da-ondarroan\\\/#primaryimage\"},\"thumbnailUrl\":\"https:\\\/\\\/bizkeliza.org\\\/wp-content\\\/uploads\\\/2026\\\/01\\\/Ondarroa-1.jpg\",\"keywords\":[\"Arrantza eskola\",\"EBI\",\"Ondarroa\"],\"articleSection\":[\"Lehenengo Orrialdea\"],\"inLanguage\":\"eu-ES\"},{\"@type\":\"WebPage\",\"@id\":\"https:\\\/\\\/bizkeliza.org\\\/eu\\\/noticia\\\/urpekari-profesionalen-punta-puntako-eskola-inauguratu-da-ondarroan\\\/\",\"url\":\"https:\\\/\\\/bizkeliza.org\\\/eu\\\/noticia\\\/urpekari-profesionalen-punta-puntako-eskola-inauguratu-da-ondarroan\\\/\",\"name\":\"Urpekari profesionalen punta-puntako eskola inauguratu da Ondarroan\",\"isPartOf\":{\"@id\":\"https:\\\/\\\/bizkeliza.org\\\/eu\\\/#website\"},\"primaryImageOfPage\":{\"@id\":\"https:\\\/\\\/bizkeliza.org\\\/eu\\\/noticia\\\/urpekari-profesionalen-punta-puntako-eskola-inauguratu-da-ondarroan\\\/#primaryimage\"},\"image\":{\"@id\":\"https:\\\/\\\/bizkeliza.org\\\/eu\\\/noticia\\\/urpekari-profesionalen-punta-puntako-eskola-inauguratu-da-ondarroan\\\/#primaryimage\"},\"thumbnailUrl\":\"https:\\\/\\\/bizkeliza.org\\\/wp-content\\\/uploads\\\/2026\\\/01\\\/Ondarroa-1.jpg\",\"datePublished\":\"2026-01-30T12:30:00+00:00\",\"dateModified\":\"2026-01-30T12:55:16+00:00\",\"description\":\"Ondarroako Arrantza eskolak eskaintza barria inauguratu dau gaur goizean: urpekari profesionalen heziketa\",\"breadcrumb\":{\"@id\":\"https:\\\/\\\/bizkeliza.org\\\/eu\\\/noticia\\\/urpekari-profesionalen-punta-puntako-eskola-inauguratu-da-ondarroan\\\/#breadcrumb\"},\"inLanguage\":\"eu-ES\",\"potentialAction\":[{\"@type\":\"ReadAction\",\"target\":[\"https:\\\/\\\/bizkeliza.org\\\/eu\\\/noticia\\\/urpekari-profesionalen-punta-puntako-eskola-inauguratu-da-ondarroan\\\/\"]}]},{\"@type\":\"ImageObject\",\"inLanguage\":\"eu-ES\",\"@id\":\"https:\\\/\\\/bizkeliza.org\\\/eu\\\/noticia\\\/urpekari-profesionalen-punta-puntako-eskola-inauguratu-da-ondarroan\\\/#primaryimage\",\"url\":\"https:\\\/\\\/bizkeliza.org\\\/wp-content\\\/uploads\\\/2026\\\/01\\\/Ondarroa-1.jpg\",\"contentUrl\":\"https:\\\/\\\/bizkeliza.org\\\/wp-content\\\/uploads\\\/2026\\\/01\\\/Ondarroa-1.jpg\",\"width\":600,\"height\":800,\"caption\":\"La directora del centro, Amaia Basterretxea e Ignacio San Miguel, profesor de los cursos\"},{\"@type\":\"BreadcrumbList\",\"@id\":\"https:\\\/\\\/bizkeliza.org\\\/eu\\\/noticia\\\/urpekari-profesionalen-punta-puntako-eskola-inauguratu-da-ondarroan\\\/#breadcrumb\",\"itemListElement\":[{\"@type\":\"ListItem\",\"position\":1,\"name\":\"Portada\",\"item\":\"https:\\\/\\\/bizkeliza.org\\\/eu\\\/\"},{\"@type\":\"ListItem\",\"position\":2,\"name\":\"Urpekari profesionalen punta-puntako eskola inauguratu da Ondarroan\"}]},{\"@type\":\"WebSite\",\"@id\":\"https:\\\/\\\/bizkeliza.org\\\/eu\\\/#website\",\"url\":\"https:\\\/\\\/bizkeliza.org\\\/eu\\\/\",\"name\":\"Bilboko Elizbarrutia - Di\u00f3cesis de Bilbao\",\"description\":\"Di\u00f3cesis de Bilbao\",\"publisher\":{\"@id\":\"https:\\\/\\\/bizkeliza.org\\\/eu\\\/#organization\"},\"alternateName\":\"Di\u00f3cesis de Bilbao\",\"potentialAction\":[{\"@type\":\"SearchAction\",\"target\":{\"@type\":\"EntryPoint\",\"urlTemplate\":\"https:\\\/\\\/bizkeliza.org\\\/eu\\\/?s={search_term_string}\"},\"query-input\":{\"@type\":\"PropertyValueSpecification\",\"valueRequired\":true,\"valueName\":\"search_term_string\"}}],\"inLanguage\":\"eu-ES\"},{\"@type\":\"Organization\",\"@id\":\"https:\\\/\\\/bizkeliza.org\\\/eu\\\/#organization\",\"name\":\"Di\u00f3cesis de Bilbao\",\"alternateName\":\"Di\u00f3cesis de Bilbao\",\"url\":\"https:\\\/\\\/bizkeliza.org\\\/eu\\\/\",\"logo\":{\"@type\":\"ImageObject\",\"inLanguage\":\"eu-ES\",\"@id\":\"https:\\\/\\\/bizkeliza.org\\\/eu\\\/#\\\/schema\\\/logo\\\/image\\\/\",\"url\":\"https:\\\/\\\/bizkeliza.org\\\/wp-content\\\/uploads\\\/2022\\\/06\\\/Logo-nuevo_2024-1-scaled.jpg\",\"contentUrl\":\"https:\\\/\\\/bizkeliza.org\\\/wp-content\\\/uploads\\\/2022\\\/06\\\/Logo-nuevo_2024-1-scaled.jpg\",\"width\":2560,\"height\":1024,\"caption\":\"Di\u00f3cesis de Bilbao\"},\"image\":{\"@id\":\"https:\\\/\\\/bizkeliza.org\\\/eu\\\/#\\\/schema\\\/logo\\\/image\\\/\"},\"sameAs\":[\"https:\\\/\\\/www.facebook.com\\\/DiocesisBilbao\\\/\",\"https:\\\/\\\/x.com\\\/DiocesisBilbao\",\"https:\\\/\\\/www.instagram.com\\\/obispadobilbao\\\/\",\"https:\\\/\\\/www.youtube.com\\\/user\\\/bilbokoelizbarrutia\"],\"description\":\"Iglesia local de Bilbao perteneciente a la Iglesia Cat\u00f3lica\"},{\"@type\":\"Person\",\"@id\":\"https:\\\/\\\/bizkeliza.org\\\/eu\\\/#\\\/schema\\\/person\\\/acc5e302cb1997bd56026a6980544228\",\"name\":\"dalberdi\"}]}<\/script>\n<!-- \/ Yoast SEO Premium plugin. -->","yoast_head_json":{"title":"Urpekari profesionalen punta-puntako eskola inauguratu da Ondarroan","description":"Ondarroako Arrantza eskolak eskaintza barria inauguratu dau gaur goizean: urpekari profesionalen heziketa","robots":{"index":"index","follow":"follow","max-snippet":"max-snippet:-1","max-image-preview":"max-image-preview:large","max-video-preview":"max-video-preview:-1"},"canonical":"https:\/\/bizkeliza.org\/eu\/noticia\/urpekari-profesionalen-punta-puntako-eskola-inauguratu-da-ondarroan\/","og_locale":"eu_ES","og_type":"article","og_title":"Urpekari profesionalen punta-puntako eskola inauguratu da Ondarroan","og_description":"Ondarroako Arrantza eskolak eskaintza barria inauguratu dau gaur goizean: urpekari profesionalen heziketa","og_url":"https:\/\/bizkeliza.org\/eu\/noticia\/urpekari-profesionalen-punta-puntako-eskola-inauguratu-da-ondarroan\/","og_site_name":"Bilboko Elizbarrutia - Di\u00f3cesis de Bilbao","article_publisher":"https:\/\/www.facebook.com\/DiocesisBilbao\/","article_published_time":"2026-01-30T12:30:00+00:00","article_modified_time":"2026-01-30T12:55:16+00:00","og_image":[{"width":600,"height":800,"url":"https:\/\/bizkeliza.org\/wp-content\/uploads\/2026\/01\/Ondarroa-1.jpg","type":"image\/jpeg"}],"author":"dalberdi","twitter_card":"summary_large_image","twitter_creator":"@DiocesisBilbao","twitter_site":"@DiocesisBilbao","schema":{"@context":"https:\/\/schema.org","@graph":[{"@type":"Article","@id":"https:\/\/bizkeliza.org\/eu\/noticia\/urpekari-profesionalen-punta-puntako-eskola-inauguratu-da-ondarroan\/#article","isPartOf":{"@id":"https:\/\/bizkeliza.org\/eu\/noticia\/urpekari-profesionalen-punta-puntako-eskola-inauguratu-da-ondarroan\/"},"author":{"name":"dalberdi","@id":"https:\/\/bizkeliza.org\/eu\/#\/schema\/person\/acc5e302cb1997bd56026a6980544228"},"headline":"Urpekari profesionalen punta-puntako eskola inauguratu da Ondarroan","datePublished":"2026-01-30T12:30:00+00:00","dateModified":"2026-01-30T12:55:16+00:00","mainEntityOfPage":{"@id":"https:\/\/bizkeliza.org\/eu\/noticia\/urpekari-profesionalen-punta-puntako-eskola-inauguratu-da-ondarroan\/"},"wordCount":334,"publisher":{"@id":"https:\/\/bizkeliza.org\/eu\/#organization"},"image":{"@id":"https:\/\/bizkeliza.org\/eu\/noticia\/urpekari-profesionalen-punta-puntako-eskola-inauguratu-da-ondarroan\/#primaryimage"},"thumbnailUrl":"https:\/\/bizkeliza.org\/wp-content\/uploads\/2026\/01\/Ondarroa-1.jpg","keywords":["Arrantza eskola","EBI","Ondarroa"],"articleSection":["Lehenengo Orrialdea"],"inLanguage":"eu-ES"},{"@type":"WebPage","@id":"https:\/\/bizkeliza.org\/eu\/noticia\/urpekari-profesionalen-punta-puntako-eskola-inauguratu-da-ondarroan\/","url":"https:\/\/bizkeliza.org\/eu\/noticia\/urpekari-profesionalen-punta-puntako-eskola-inauguratu-da-ondarroan\/","name":"Urpekari profesionalen punta-puntako eskola inauguratu da Ondarroan","isPartOf":{"@id":"https:\/\/bizkeliza.org\/eu\/#website"},"primaryImageOfPage":{"@id":"https:\/\/bizkeliza.org\/eu\/noticia\/urpekari-profesionalen-punta-puntako-eskola-inauguratu-da-ondarroan\/#primaryimage"},"image":{"@id":"https:\/\/bizkeliza.org\/eu\/noticia\/urpekari-profesionalen-punta-puntako-eskola-inauguratu-da-ondarroan\/#primaryimage"},"thumbnailUrl":"https:\/\/bizkeliza.org\/wp-content\/uploads\/2026\/01\/Ondarroa-1.jpg","datePublished":"2026-01-30T12:30:00+00:00","dateModified":"2026-01-30T12:55:16+00:00","description":"Ondarroako Arrantza eskolak eskaintza barria inauguratu dau gaur goizean: urpekari profesionalen heziketa","breadcrumb":{"@id":"https:\/\/bizkeliza.org\/eu\/noticia\/urpekari-profesionalen-punta-puntako-eskola-inauguratu-da-ondarroan\/#breadcrumb"},"inLanguage":"eu-ES","potentialAction":[{"@type":"ReadAction","target":["https:\/\/bizkeliza.org\/eu\/noticia\/urpekari-profesionalen-punta-puntako-eskola-inauguratu-da-ondarroan\/"]}]},{"@type":"ImageObject","inLanguage":"eu-ES","@id":"https:\/\/bizkeliza.org\/eu\/noticia\/urpekari-profesionalen-punta-puntako-eskola-inauguratu-da-ondarroan\/#primaryimage","url":"https:\/\/bizkeliza.org\/wp-content\/uploads\/2026\/01\/Ondarroa-1.jpg","contentUrl":"https:\/\/bizkeliza.org\/wp-content\/uploads\/2026\/01\/Ondarroa-1.jpg","width":600,"height":800,"caption":"La directora del centro, Amaia Basterretxea e Ignacio San Miguel, profesor de los cursos"},{"@type":"BreadcrumbList","@id":"https:\/\/bizkeliza.org\/eu\/noticia\/urpekari-profesionalen-punta-puntako-eskola-inauguratu-da-ondarroan\/#breadcrumb","itemListElement":[{"@type":"ListItem","position":1,"name":"Portada","item":"https:\/\/bizkeliza.org\/eu\/"},{"@type":"ListItem","position":2,"name":"Urpekari profesionalen punta-puntako eskola inauguratu da Ondarroan"}]},{"@type":"WebSite","@id":"https:\/\/bizkeliza.org\/eu\/#website","url":"https:\/\/bizkeliza.org\/eu\/","name":"Bilboko Elizbarrutia - Di\u00f3cesis de Bilbao","description":"Di\u00f3cesis de Bilbao","publisher":{"@id":"https:\/\/bizkeliza.org\/eu\/#organization"},"alternateName":"Di\u00f3cesis de Bilbao","potentialAction":[{"@type":"SearchAction","target":{"@type":"EntryPoint","urlTemplate":"https:\/\/bizkeliza.org\/eu\/?s={search_term_string}"},"query-input":{"@type":"PropertyValueSpecification","valueRequired":true,"valueName":"search_term_string"}}],"inLanguage":"eu-ES"},{"@type":"Organization","@id":"https:\/\/bizkeliza.org\/eu\/#organization","name":"Di\u00f3cesis de Bilbao","alternateName":"Di\u00f3cesis de Bilbao","url":"https:\/\/bizkeliza.org\/eu\/","logo":{"@type":"ImageObject","inLanguage":"eu-ES","@id":"https:\/\/bizkeliza.org\/eu\/#\/schema\/logo\/image\/","url":"https:\/\/bizkeliza.org\/wp-content\/uploads\/2022\/06\/Logo-nuevo_2024-1-scaled.jpg","contentUrl":"https:\/\/bizkeliza.org\/wp-content\/uploads\/2022\/06\/Logo-nuevo_2024-1-scaled.jpg","width":2560,"height":1024,"caption":"Di\u00f3cesis de Bilbao"},"image":{"@id":"https:\/\/bizkeliza.org\/eu\/#\/schema\/logo\/image\/"},"sameAs":["https:\/\/www.facebook.com\/DiocesisBilbao\/","https:\/\/x.com\/DiocesisBilbao","https:\/\/www.instagram.com\/obispadobilbao\/","https:\/\/www.youtube.com\/user\/bilbokoelizbarrutia"],"description":"Iglesia local de Bilbao perteneciente a la Iglesia Cat\u00f3lica"},{"@type":"Person","@id":"https:\/\/bizkeliza.org\/eu\/#\/schema\/person\/acc5e302cb1997bd56026a6980544228","name":"dalberdi"}]}},"jetpack_featured_media_url":"https:\/\/bizkeliza.org\/wp-content\/uploads\/2026\/01\/Ondarroa-1.jpg","_links":{"self":[{"href":"https:\/\/bizkeliza.org\/eu\/wp-json\/wp\/v2\/posts\/181533","targetHints":{"allow":["GET"]}}],"collection":[{"href":"https:\/\/bizkeliza.org\/eu\/wp-json\/wp\/v2\/posts"}],"about":[{"href":"https:\/\/bizkeliza.org\/eu\/wp-json\/wp\/v2\/types\/post"}],"author":[{"embeddable":true,"href":"https:\/\/bizkeliza.org\/eu\/wp-json\/wp\/v2\/users\/19"}],"replies":[{"embeddable":true,"href":"https:\/\/bizkeliza.org\/eu\/wp-json\/wp\/v2\/comments?post=181533"}],"version-history":[{"count":0,"href":"https:\/\/bizkeliza.org\/eu\/wp-json\/wp\/v2\/posts\/181533\/revisions"}],"wp:featuredmedia":[{"embeddable":true,"href":"https:\/\/bizkeliza.org\/eu\/wp-json\/wp\/v2\/media\/181504"}],"wp:attachment":[{"href":"https:\/\/bizkeliza.org\/eu\/wp-json\/wp\/v2\/media?parent=181533"}],"wp:term":[{"taxonomy":"category","embeddable":true,"href":"https:\/\/bizkeliza.org\/eu\/wp-json\/wp\/v2\/categories?post=181533"},{"taxonomy":"post_tag","embeddable":true,"href":"https:\/\/bizkeliza.org\/eu\/wp-json\/wp\/v2\/tags?post=181533"}],"curies":[{"name":"wp","href":"https:\/\/api.w.org\/{rel}","templated":true}]}}