{"id":181976,"date":"2026-02-04T06:00:00","date_gmt":"2026-02-04T05:00:00","guid":{"rendered":"https:\/\/bizkeliza.org\/?p=181976"},"modified":"2026-02-04T06:01:02","modified_gmt":"2026-02-04T05:01:02","slug":"agata-donearen-egunaren-bezperan-abesbazak-kalez-kale-ibiliko-dira","status":"publish","type":"post","link":"https:\/\/bizkeliza.org\/eu\/noticia\/agata-donearen-egunaren-bezperan-abesbazak-kalez-kale-ibiliko-dira\/","title":{"rendered":"Oles ta oles, kalerik kale"},"content":{"rendered":"\n<p><p><a href=\"https:\/\/issuu.com\/barriatv\/docs\/alkarren_barri_318_otsaila_febrero_\">Alkarren Barri,<\/a> aldizkarian egun honi lotutako bitxikieria batzuk batzen dira. Eleiz Artxiboan kantetan urtetearen inguruko agiri historiko batzuk azaltzen dira.<\/p><\/p>\n\n<p>Por ejemplo, hace algunas d\u00e9cadas, se acostumbraba eta &#8220;<em>voltear las campanas<\/em>&#8221; de v\u00edspera. Una tradici\u00f3n que a\u00fan se mantiene en algunas iglesias como en <strong>Lekeitio<\/strong> o <strong>Durango.<\/strong><\/p>\n\n<p><p>XVIII. mendetik aurrera, mutiko aldrek urtetan eben kalerik kale kantetan eta janaria eskatzen eben etxeetan. &#8220;<strong><em>Ondoren, afaria edo meriendea egiten eben<\/em><\/strong>&#8220;.\u00a0<\/p><\/p>\n\n<h3 class=\"wp-block-heading\"><p><strong>Emakumeak kantari<\/strong><\/p><\/h3>\n\n<p><p>Emakumeak abesbatzetara sartzeak &#8220;tirabirak&#8221; eragin ebazan, 1948an Foruko erretorearen eta frantziskotarren ordenako probintzialaren artean Artxiboan gordetako gutunean irakur daitekenez. <em><strong>&#8220;Neskak ez dira inoiz atara orain arte, eta bakotxa pentsetako libre da, baina nik uste dot ez dala gomendagarria ateratea&#8221;.<\/strong><\/em><\/p><\/p>\n\n<figure class=\"wp-block-image size-large\"><img decoding=\"async\" width=\"1024\" height=\"317\" src=\"https:\/\/bizkeliza.org\/wp-content\/uploads\/2026\/02\/Forua-1024x317.jpg\" alt=\"\" class=\"wp-image-181993\" srcset=\"https:\/\/bizkeliza.org\/wp-content\/uploads\/2026\/02\/Forua-980x304.jpg 980w, https:\/\/bizkeliza.org\/wp-content\/uploads\/2026\/02\/Forua-480x149.jpg 480w\" sizes=\"(min-width: 0px) and (max-width: 480px) 480px, (min-width: 481px) and (max-width: 980px) 980px, (min-width: 981px) 1024px, 100vw\" \/><figcaption class=\"wp-element-caption\">AHEB-BEHA 7657-109-00<\/figcaption><\/figure>\n\n<figure class=\"wp-block-embed is-type-rich is-provider-issuu wp-block-embed-issuu\">\r\n<div class=\"wp-block-embed__wrapper\">https:\/\/issuu.com\/barriatv\/docs\/alkarren_barri_318_otsaila_febrero_\/22<\/div>\r\n<\/figure>\n\n<h3 class=\"wp-block-heading\"><p><strong>Doneari eskainitako eleizak<\/strong><\/p><\/h3>\n\n<p><p>Bilboko gure eleizbarrutian, oso gurtua da, bere ospakizunaren bezperan koplak kantetako tradizino luzeagaitik.<\/p><\/p>\n\n<p><p>Ez dira asko Bizkaian bere izenari eskainitako tenpluak, Barakaldoko Kastrexana auzoko parrokia baten titularra baino ez da.<\/p><\/p>\n\n<p><p>Ermiten artean, Lartuendon (Gordexola), Ipi\u00f1aburun (Zeanuri), Bizkarregin (Dima), Lejarzan (Izurtza) eta Natxituan (Ea) martiri siziliarrari eskainitakoak bakarrik manteniduten dira zutunik. Desagertuta dagoz Karrantzan, Sopuertan edo Abadi\u00f1on egon ziranak.<\/p><\/p>\n\n<p><p><strong>Agata Donea<\/strong> ermitari buruz gehiago jakiteko, <strong>Eleiz Museora<\/strong> jo: <strong><a href=\"https:\/\/ermitasdebizkaia.com\/ermita-de-santa-agueda-barakaldo\/\">hemen.<\/a><\/strong><\/p><\/p>\n\n<h3 class=\"wp-block-heading\">Arratiako korua<\/h3>\n\n<p>Arratiako abesbatza 7: 30ean urtengo da Igorretik eta Areatzako parrokian 7: 45ean ospatuko dan mezan abestu ondoren, haranean zehar ibiltaldia egingo dau. Kantariak 11:30ean iritsiko dira Bego\u00f1ako basilikara eta 12:00etan San Antonera. 19:30ean kantauko dabe katedralean.<\/p>\n\n<p><\/p>\n","protected":false},"excerpt":{"rendered":"<p>Alkarren Barri, aldizkarian egun honi lotutako bitxikieria batzuk batzen dira. Eleiz Artxiboan kantetan urtetearen inguruko agiri historiko batzuk azaltzen dira. Por ejemplo, hace algunas d\u00e9cadas, se acostumbraba eta &#8220;voltear las campanas&#8221; de v\u00edspera. Una tradici\u00f3n que a\u00fan se mantiene en algunas iglesias como en Lekeitio o Durango. XVIII. mendetik aurrera, mutiko aldrek urtetan eben kalerik [&hellip;]<\/p>\n","protected":false},"author":20,"featured_media":26560,"comment_status":"closed","ping_status":"closed","sticky":false,"template":"","format":"standard","meta":{"_acf_changed":false,"_et_pb_use_builder":"off","_et_pb_old_content":"","_et_gb_content_width":"","footnotes":""},"categories":[503,506],"tags":[963,134,1053],"class_list":["post-181976","post","type-post","status-publish","format-standard","has-post-thumbnail","hentry","category-kultura","category-lehenengo-orrialdea","tag-agate-deuna","tag-alkarren-barri","tag-artxiboa-eu-2"],"acf":[],"yoast_head":"<!-- This site is optimized with the Yoast SEO Premium plugin v27.5 (Yoast SEO v27.5) - https:\/\/yoast.com\/product\/yoast-seo-premium-wordpress\/ -->\n<title>Oles ta oles, kalerik kale<\/title>\n<meta name=\"description\" content=\"Bilboko eleizbarrutian, askok gurtzen dau Agata Deuna, besteak beste, bere egunaren bezperan koplak kantatzeko aspaldiko ohituraren eraginez.\" \/>\n<meta name=\"robots\" content=\"index, follow, max-snippet:-1, max-image-preview:large, max-video-preview:-1\" \/>\n<link rel=\"canonical\" href=\"https:\/\/bizkeliza.org\/eu\/noticia\/agata-donearen-egunaren-bezperan-abesbazak-kalez-kale-ibiliko-dira\/\" \/>\n<meta property=\"og:locale\" content=\"eu_ES\" \/>\n<meta property=\"og:type\" content=\"article\" \/>\n<meta property=\"og:title\" content=\"Oles ta oles, kalerik kale\" \/>\n<meta property=\"og:description\" content=\"Bilboko eleizbarrutian, askok gurtzen dau Agata Deuna, besteak beste, bere egunaren bezperan koplak kantatzeko aspaldiko ohituraren eraginez.\" \/>\n<meta property=\"og:url\" content=\"https:\/\/bizkeliza.org\/eu\/noticia\/agata-donearen-egunaren-bezperan-abesbazak-kalez-kale-ibiliko-dira\/\" \/>\n<meta property=\"og:site_name\" content=\"Bilboko Elizbarrutia - Di\u00f3cesis de Bilbao\" \/>\n<meta property=\"article:publisher\" content=\"https:\/\/www.facebook.com\/DiocesisBilbao\/\" \/>\n<meta property=\"article:published_time\" content=\"2026-02-04T05:00:00+00:00\" \/>\n<meta property=\"article:modified_time\" content=\"2026-02-04T05:01:02+00:00\" \/>\n<meta property=\"og:image\" content=\"https:\/\/bizkeliza.org\/wp-content\/uploads\/img-20200204-wa0003.jpeg\" \/>\n\t<meta property=\"og:image:width\" content=\"1024\" \/>\n\t<meta property=\"og:image:height\" content=\"768\" \/>\n\t<meta property=\"og:image:type\" content=\"image\/jpeg\" \/>\n<meta name=\"author\" content=\"bkareaga\" \/>\n<meta name=\"twitter:card\" content=\"summary_large_image\" \/>\n<meta name=\"twitter:creator\" content=\"@DiocesisBilbao\" \/>\n<meta name=\"twitter:site\" content=\"@DiocesisBilbao\" \/>\n<script type=\"application\/ld+json\" class=\"yoast-schema-graph\">{\"@context\":\"https:\\\/\\\/schema.org\",\"@graph\":[{\"@type\":\"Article\",\"@id\":\"https:\\\/\\\/bizkeliza.org\\\/eu\\\/noticia\\\/agata-donearen-egunaren-bezperan-abesbazak-kalez-kale-ibiliko-dira\\\/#article\",\"isPartOf\":{\"@id\":\"https:\\\/\\\/bizkeliza.org\\\/eu\\\/noticia\\\/agata-donearen-egunaren-bezperan-abesbazak-kalez-kale-ibiliko-dira\\\/\"},\"author\":{\"name\":\"bkareaga\",\"@id\":\"https:\\\/\\\/bizkeliza.org\\\/eu\\\/#\\\/schema\\\/person\\\/1f27c53156256531056d48959c2f2008\"},\"headline\":\"Oles ta oles, kalerik kale\",\"datePublished\":\"2026-02-04T05:00:00+00:00\",\"dateModified\":\"2026-02-04T05:01:02+00:00\",\"mainEntityOfPage\":{\"@id\":\"https:\\\/\\\/bizkeliza.org\\\/eu\\\/noticia\\\/agata-donearen-egunaren-bezperan-abesbazak-kalez-kale-ibiliko-dira\\\/\"},\"wordCount\":240,\"publisher\":{\"@id\":\"https:\\\/\\\/bizkeliza.org\\\/eu\\\/#organization\"},\"image\":{\"@id\":\"https:\\\/\\\/bizkeliza.org\\\/eu\\\/noticia\\\/agata-donearen-egunaren-bezperan-abesbazak-kalez-kale-ibiliko-dira\\\/#primaryimage\"},\"thumbnailUrl\":\"https:\\\/\\\/bizkeliza.org\\\/wp-content\\\/uploads\\\/img-20200204-wa0003.jpeg\",\"keywords\":[\"Agate Deuna\",\"Alkarren barri\",\"Artxiboa\"],\"articleSection\":[\"Kultura\",\"Lehenengo Orrialdea\"],\"inLanguage\":\"eu-ES\"},{\"@type\":\"WebPage\",\"@id\":\"https:\\\/\\\/bizkeliza.org\\\/eu\\\/noticia\\\/agata-donearen-egunaren-bezperan-abesbazak-kalez-kale-ibiliko-dira\\\/\",\"url\":\"https:\\\/\\\/bizkeliza.org\\\/eu\\\/noticia\\\/agata-donearen-egunaren-bezperan-abesbazak-kalez-kale-ibiliko-dira\\\/\",\"name\":\"Oles ta oles, kalerik kale\",\"isPartOf\":{\"@id\":\"https:\\\/\\\/bizkeliza.org\\\/eu\\\/#website\"},\"primaryImageOfPage\":{\"@id\":\"https:\\\/\\\/bizkeliza.org\\\/eu\\\/noticia\\\/agata-donearen-egunaren-bezperan-abesbazak-kalez-kale-ibiliko-dira\\\/#primaryimage\"},\"image\":{\"@id\":\"https:\\\/\\\/bizkeliza.org\\\/eu\\\/noticia\\\/agata-donearen-egunaren-bezperan-abesbazak-kalez-kale-ibiliko-dira\\\/#primaryimage\"},\"thumbnailUrl\":\"https:\\\/\\\/bizkeliza.org\\\/wp-content\\\/uploads\\\/img-20200204-wa0003.jpeg\",\"datePublished\":\"2026-02-04T05:00:00+00:00\",\"dateModified\":\"2026-02-04T05:01:02+00:00\",\"description\":\"Bilboko eleizbarrutian, askok gurtzen dau Agata Deuna, besteak beste, bere egunaren bezperan koplak kantatzeko aspaldiko ohituraren eraginez.\",\"breadcrumb\":{\"@id\":\"https:\\\/\\\/bizkeliza.org\\\/eu\\\/noticia\\\/agata-donearen-egunaren-bezperan-abesbazak-kalez-kale-ibiliko-dira\\\/#breadcrumb\"},\"inLanguage\":\"eu-ES\",\"potentialAction\":[{\"@type\":\"ReadAction\",\"target\":[\"https:\\\/\\\/bizkeliza.org\\\/eu\\\/noticia\\\/agata-donearen-egunaren-bezperan-abesbazak-kalez-kale-ibiliko-dira\\\/\"]}]},{\"@type\":\"ImageObject\",\"inLanguage\":\"eu-ES\",\"@id\":\"https:\\\/\\\/bizkeliza.org\\\/eu\\\/noticia\\\/agata-donearen-egunaren-bezperan-abesbazak-kalez-kale-ibiliko-dira\\\/#primaryimage\",\"url\":\"https:\\\/\\\/bizkeliza.org\\\/wp-content\\\/uploads\\\/img-20200204-wa0003.jpeg\",\"contentUrl\":\"https:\\\/\\\/bizkeliza.org\\\/wp-content\\\/uploads\\\/img-20200204-wa0003.jpeg\",\"width\":1024,\"height\":768,\"caption\":\"Cantando a Santa \u00c1gueda.\"},{\"@type\":\"BreadcrumbList\",\"@id\":\"https:\\\/\\\/bizkeliza.org\\\/eu\\\/noticia\\\/agata-donearen-egunaren-bezperan-abesbazak-kalez-kale-ibiliko-dira\\\/#breadcrumb\",\"itemListElement\":[{\"@type\":\"ListItem\",\"position\":1,\"name\":\"Portada\",\"item\":\"https:\\\/\\\/bizkeliza.org\\\/eu\\\/\"},{\"@type\":\"ListItem\",\"position\":2,\"name\":\"Oles ta oles, kalerik kale\"}]},{\"@type\":\"WebSite\",\"@id\":\"https:\\\/\\\/bizkeliza.org\\\/eu\\\/#website\",\"url\":\"https:\\\/\\\/bizkeliza.org\\\/eu\\\/\",\"name\":\"Bilboko Elizbarrutia - Di\u00f3cesis de Bilbao\",\"description\":\"Di\u00f3cesis de Bilbao\",\"publisher\":{\"@id\":\"https:\\\/\\\/bizkeliza.org\\\/eu\\\/#organization\"},\"alternateName\":\"Di\u00f3cesis de Bilbao\",\"potentialAction\":[{\"@type\":\"SearchAction\",\"target\":{\"@type\":\"EntryPoint\",\"urlTemplate\":\"https:\\\/\\\/bizkeliza.org\\\/eu\\\/?s={search_term_string}\"},\"query-input\":{\"@type\":\"PropertyValueSpecification\",\"valueRequired\":true,\"valueName\":\"search_term_string\"}}],\"inLanguage\":\"eu-ES\"},{\"@type\":\"Organization\",\"@id\":\"https:\\\/\\\/bizkeliza.org\\\/eu\\\/#organization\",\"name\":\"Di\u00f3cesis de Bilbao\",\"alternateName\":\"Di\u00f3cesis de Bilbao\",\"url\":\"https:\\\/\\\/bizkeliza.org\\\/eu\\\/\",\"logo\":{\"@type\":\"ImageObject\",\"inLanguage\":\"eu-ES\",\"@id\":\"https:\\\/\\\/bizkeliza.org\\\/eu\\\/#\\\/schema\\\/logo\\\/image\\\/\",\"url\":\"https:\\\/\\\/bizkeliza.org\\\/wp-content\\\/uploads\\\/2022\\\/06\\\/Logo-nuevo_2024-1-scaled.jpg\",\"contentUrl\":\"https:\\\/\\\/bizkeliza.org\\\/wp-content\\\/uploads\\\/2022\\\/06\\\/Logo-nuevo_2024-1-scaled.jpg\",\"width\":2560,\"height\":1024,\"caption\":\"Di\u00f3cesis de Bilbao\"},\"image\":{\"@id\":\"https:\\\/\\\/bizkeliza.org\\\/eu\\\/#\\\/schema\\\/logo\\\/image\\\/\"},\"sameAs\":[\"https:\\\/\\\/www.facebook.com\\\/DiocesisBilbao\\\/\",\"https:\\\/\\\/x.com\\\/DiocesisBilbao\",\"https:\\\/\\\/www.instagram.com\\\/obispadobilbao\\\/\",\"https:\\\/\\\/www.youtube.com\\\/user\\\/bilbokoelizbarrutia\"],\"description\":\"Iglesia local de Bilbao perteneciente a la Iglesia Cat\u00f3lica\"},{\"@type\":\"Person\",\"@id\":\"https:\\\/\\\/bizkeliza.org\\\/eu\\\/#\\\/schema\\\/person\\\/1f27c53156256531056d48959c2f2008\",\"name\":\"bkareaga\"}]}<\/script>\n<!-- \/ Yoast SEO Premium plugin. -->","yoast_head_json":{"title":"Oles ta oles, kalerik kale","description":"Bilboko eleizbarrutian, askok gurtzen dau Agata Deuna, besteak beste, bere egunaren bezperan koplak kantatzeko aspaldiko ohituraren eraginez.","robots":{"index":"index","follow":"follow","max-snippet":"max-snippet:-1","max-image-preview":"max-image-preview:large","max-video-preview":"max-video-preview:-1"},"canonical":"https:\/\/bizkeliza.org\/eu\/noticia\/agata-donearen-egunaren-bezperan-abesbazak-kalez-kale-ibiliko-dira\/","og_locale":"eu_ES","og_type":"article","og_title":"Oles ta oles, kalerik kale","og_description":"Bilboko eleizbarrutian, askok gurtzen dau Agata Deuna, besteak beste, bere egunaren bezperan koplak kantatzeko aspaldiko ohituraren eraginez.","og_url":"https:\/\/bizkeliza.org\/eu\/noticia\/agata-donearen-egunaren-bezperan-abesbazak-kalez-kale-ibiliko-dira\/","og_site_name":"Bilboko Elizbarrutia - Di\u00f3cesis de Bilbao","article_publisher":"https:\/\/www.facebook.com\/DiocesisBilbao\/","article_published_time":"2026-02-04T05:00:00+00:00","article_modified_time":"2026-02-04T05:01:02+00:00","og_image":[{"width":1024,"height":768,"url":"https:\/\/bizkeliza.org\/wp-content\/uploads\/img-20200204-wa0003.jpeg","type":"image\/jpeg"}],"author":"bkareaga","twitter_card":"summary_large_image","twitter_creator":"@DiocesisBilbao","twitter_site":"@DiocesisBilbao","schema":{"@context":"https:\/\/schema.org","@graph":[{"@type":"Article","@id":"https:\/\/bizkeliza.org\/eu\/noticia\/agata-donearen-egunaren-bezperan-abesbazak-kalez-kale-ibiliko-dira\/#article","isPartOf":{"@id":"https:\/\/bizkeliza.org\/eu\/noticia\/agata-donearen-egunaren-bezperan-abesbazak-kalez-kale-ibiliko-dira\/"},"author":{"name":"bkareaga","@id":"https:\/\/bizkeliza.org\/eu\/#\/schema\/person\/1f27c53156256531056d48959c2f2008"},"headline":"Oles ta oles, kalerik kale","datePublished":"2026-02-04T05:00:00+00:00","dateModified":"2026-02-04T05:01:02+00:00","mainEntityOfPage":{"@id":"https:\/\/bizkeliza.org\/eu\/noticia\/agata-donearen-egunaren-bezperan-abesbazak-kalez-kale-ibiliko-dira\/"},"wordCount":240,"publisher":{"@id":"https:\/\/bizkeliza.org\/eu\/#organization"},"image":{"@id":"https:\/\/bizkeliza.org\/eu\/noticia\/agata-donearen-egunaren-bezperan-abesbazak-kalez-kale-ibiliko-dira\/#primaryimage"},"thumbnailUrl":"https:\/\/bizkeliza.org\/wp-content\/uploads\/img-20200204-wa0003.jpeg","keywords":["Agate Deuna","Alkarren barri","Artxiboa"],"articleSection":["Kultura","Lehenengo Orrialdea"],"inLanguage":"eu-ES"},{"@type":"WebPage","@id":"https:\/\/bizkeliza.org\/eu\/noticia\/agata-donearen-egunaren-bezperan-abesbazak-kalez-kale-ibiliko-dira\/","url":"https:\/\/bizkeliza.org\/eu\/noticia\/agata-donearen-egunaren-bezperan-abesbazak-kalez-kale-ibiliko-dira\/","name":"Oles ta oles, kalerik kale","isPartOf":{"@id":"https:\/\/bizkeliza.org\/eu\/#website"},"primaryImageOfPage":{"@id":"https:\/\/bizkeliza.org\/eu\/noticia\/agata-donearen-egunaren-bezperan-abesbazak-kalez-kale-ibiliko-dira\/#primaryimage"},"image":{"@id":"https:\/\/bizkeliza.org\/eu\/noticia\/agata-donearen-egunaren-bezperan-abesbazak-kalez-kale-ibiliko-dira\/#primaryimage"},"thumbnailUrl":"https:\/\/bizkeliza.org\/wp-content\/uploads\/img-20200204-wa0003.jpeg","datePublished":"2026-02-04T05:00:00+00:00","dateModified":"2026-02-04T05:01:02+00:00","description":"Bilboko eleizbarrutian, askok gurtzen dau Agata Deuna, besteak beste, bere egunaren bezperan koplak kantatzeko aspaldiko ohituraren eraginez.","breadcrumb":{"@id":"https:\/\/bizkeliza.org\/eu\/noticia\/agata-donearen-egunaren-bezperan-abesbazak-kalez-kale-ibiliko-dira\/#breadcrumb"},"inLanguage":"eu-ES","potentialAction":[{"@type":"ReadAction","target":["https:\/\/bizkeliza.org\/eu\/noticia\/agata-donearen-egunaren-bezperan-abesbazak-kalez-kale-ibiliko-dira\/"]}]},{"@type":"ImageObject","inLanguage":"eu-ES","@id":"https:\/\/bizkeliza.org\/eu\/noticia\/agata-donearen-egunaren-bezperan-abesbazak-kalez-kale-ibiliko-dira\/#primaryimage","url":"https:\/\/bizkeliza.org\/wp-content\/uploads\/img-20200204-wa0003.jpeg","contentUrl":"https:\/\/bizkeliza.org\/wp-content\/uploads\/img-20200204-wa0003.jpeg","width":1024,"height":768,"caption":"Cantando a Santa \u00c1gueda."},{"@type":"BreadcrumbList","@id":"https:\/\/bizkeliza.org\/eu\/noticia\/agata-donearen-egunaren-bezperan-abesbazak-kalez-kale-ibiliko-dira\/#breadcrumb","itemListElement":[{"@type":"ListItem","position":1,"name":"Portada","item":"https:\/\/bizkeliza.org\/eu\/"},{"@type":"ListItem","position":2,"name":"Oles ta oles, kalerik kale"}]},{"@type":"WebSite","@id":"https:\/\/bizkeliza.org\/eu\/#website","url":"https:\/\/bizkeliza.org\/eu\/","name":"Bilboko Elizbarrutia - Di\u00f3cesis de Bilbao","description":"Di\u00f3cesis de Bilbao","publisher":{"@id":"https:\/\/bizkeliza.org\/eu\/#organization"},"alternateName":"Di\u00f3cesis de Bilbao","potentialAction":[{"@type":"SearchAction","target":{"@type":"EntryPoint","urlTemplate":"https:\/\/bizkeliza.org\/eu\/?s={search_term_string}"},"query-input":{"@type":"PropertyValueSpecification","valueRequired":true,"valueName":"search_term_string"}}],"inLanguage":"eu-ES"},{"@type":"Organization","@id":"https:\/\/bizkeliza.org\/eu\/#organization","name":"Di\u00f3cesis de Bilbao","alternateName":"Di\u00f3cesis de Bilbao","url":"https:\/\/bizkeliza.org\/eu\/","logo":{"@type":"ImageObject","inLanguage":"eu-ES","@id":"https:\/\/bizkeliza.org\/eu\/#\/schema\/logo\/image\/","url":"https:\/\/bizkeliza.org\/wp-content\/uploads\/2022\/06\/Logo-nuevo_2024-1-scaled.jpg","contentUrl":"https:\/\/bizkeliza.org\/wp-content\/uploads\/2022\/06\/Logo-nuevo_2024-1-scaled.jpg","width":2560,"height":1024,"caption":"Di\u00f3cesis de Bilbao"},"image":{"@id":"https:\/\/bizkeliza.org\/eu\/#\/schema\/logo\/image\/"},"sameAs":["https:\/\/www.facebook.com\/DiocesisBilbao\/","https:\/\/x.com\/DiocesisBilbao","https:\/\/www.instagram.com\/obispadobilbao\/","https:\/\/www.youtube.com\/user\/bilbokoelizbarrutia"],"description":"Iglesia local de Bilbao perteneciente a la Iglesia Cat\u00f3lica"},{"@type":"Person","@id":"https:\/\/bizkeliza.org\/eu\/#\/schema\/person\/1f27c53156256531056d48959c2f2008","name":"bkareaga"}]}},"jetpack_featured_media_url":"https:\/\/bizkeliza.org\/wp-content\/uploads\/img-20200204-wa0003.jpeg","_links":{"self":[{"href":"https:\/\/bizkeliza.org\/eu\/wp-json\/wp\/v2\/posts\/181976","targetHints":{"allow":["GET"]}}],"collection":[{"href":"https:\/\/bizkeliza.org\/eu\/wp-json\/wp\/v2\/posts"}],"about":[{"href":"https:\/\/bizkeliza.org\/eu\/wp-json\/wp\/v2\/types\/post"}],"author":[{"embeddable":true,"href":"https:\/\/bizkeliza.org\/eu\/wp-json\/wp\/v2\/users\/20"}],"replies":[{"embeddable":true,"href":"https:\/\/bizkeliza.org\/eu\/wp-json\/wp\/v2\/comments?post=181976"}],"version-history":[{"count":0,"href":"https:\/\/bizkeliza.org\/eu\/wp-json\/wp\/v2\/posts\/181976\/revisions"}],"wp:featuredmedia":[{"embeddable":true,"href":"https:\/\/bizkeliza.org\/eu\/wp-json\/wp\/v2\/media\/26560"}],"wp:attachment":[{"href":"https:\/\/bizkeliza.org\/eu\/wp-json\/wp\/v2\/media?parent=181976"}],"wp:term":[{"taxonomy":"category","embeddable":true,"href":"https:\/\/bizkeliza.org\/eu\/wp-json\/wp\/v2\/categories?post=181976"},{"taxonomy":"post_tag","embeddable":true,"href":"https:\/\/bizkeliza.org\/eu\/wp-json\/wp\/v2\/tags?post=181976"}],"curies":[{"name":"wp","href":"https:\/\/api.w.org\/{rel}","templated":true}]}}