{"id":184943,"date":"2026-03-09T10:00:00","date_gmt":"2026-03-09T09:00:00","guid":{"rendered":"https:\/\/bizkeliza.org\/noticia\/san-juan-de-dios-hospitalitatea-gizatasuna-dakarren-sentimentuak-berresteko-ekintzak\/"},"modified":"2026-03-09T10:15:28","modified_gmt":"2026-03-09T09:15:28","slug":"san-juan-de-dios-hospitalitatea-gizatasuna-dakarren-sentimentuak-berresteko-ekintzak","status":"publish","type":"post","link":"https:\/\/bizkeliza.org\/eu\/noticia\/san-juan-de-dios-hospitalitatea-gizatasuna-dakarren-sentimentuak-berresteko-ekintzak\/","title":{"rendered":"San Juan de Dios hospitalitatea: &#8220;gizatasuna dakarren sentimentuak berresteko ekintzak&#8221;"},"content":{"rendered":"\n<p id=\"h-hoy-viernes-6-de-marzo-en-el-marco-de-las-celebraciones-del-dia-de-san-juan-de-dios-8-de-marzo-joseba-segura-obispo-de-bilbao-ha-inaugurado-la-decimosexta-edicion-de-su-mercado-artesanal-solidario-a-favor-de-new-kru-town-monrovia-liberia-organizado-por-el-hospital-san-juan-de-dios-de-santurtzi-el-mercado-se-ubica-en-el-salon-de-actos-del-hospital-la-asistencia-es-libre-y-gratuita-y-se-mantendra-abierto-de-10-00-a-17-00-horas-de-lunes-a-jueves-y-de-10-00-a-14-00-h-los-viernes-todo-lo-recaudado-se-mandara-integramente-al-new-kru-town-a-traves-de-juan-ciudad-ongd\"><p><b>Anai Mariano Bernabe\u00a0<\/b>komunitateko nagusiak boluntarioen lana autortu eban:\u00a0<em>&#8220;Gure ordenak boluntarioen egitekoa autortu gura dau 2026 honetan, Boluntarioen Nazinoarteko Urteagaz bat eginez, &#8216;Boluntario San Juan de Dios erara&#8217; goiburuaren haritik&#8221;.\u00a0<\/em><strong>Bernabek\u00a0<\/strong>euren\u00a0<em>&#8220;denpora, hurkotasun eta agerpen hain mesedegarriak&#8221;\u00a0<\/em>eskertu ebazan.\u00a0<\/p><\/p>\n\n<p><\/p>\n\n<figure class=\"wp-block-image size-large\"><img decoding=\"async\" width=\"1024\" height=\"772\" src=\"https:\/\/bizkeliza.org\/wp-content\/uploads\/2026\/03\/648697393_18312833896284858_1807778522499640942_n-1024x772.jpg\" alt=\"San Juan de Dios. Santurtzi\" class=\"wp-image-184770\" srcset=\"https:\/\/bizkeliza.org\/wp-content\/uploads\/2026\/03\/648697393_18312833896284858_1807778522499640942_n-980x738.jpg 980w, https:\/\/bizkeliza.org\/wp-content\/uploads\/2026\/03\/648697393_18312833896284858_1807778522499640942_n-480x362.jpg 480w\" sizes=\"(min-width: 0px) and (max-width: 480px) 480px, (min-width: 481px) and (max-width: 980px) 980px, (min-width: 981px) 1024px, 100vw\" \/><\/figure>\n\n<p><\/p>\n\n<p><p>Gotzainak, homilian, <strong>San Juan de Diosen<\/strong> bizitza gogoratu eban, <strong>Granadan Avilako Joanen<\/strong> sermoia entzun ondoren gertatutakoa aitatuz: <em>\u00abencontr\u00f3 a Cristo. No en un momento de \u00e9xtasis, no en una visi\u00f3n luminosa. Lo encontr\u00f3 en los cuerpos abandonados de los internos de los manicomios de la \u00e9poca, en su olor a podredumbre, en las manos atadas a los barrotes, en los ojos que ya no esperaban nada de nadie. Y en esos ojos, <\/em>-esan eban <strong>Segurak-<\/strong><em> algo se le abri\u00f3 por dentro que ya nunca se volver\u00eda a cerrar. Eso es el carisma de la hospitalidad. No es un m\u00e9todo de gesti\u00f3n sanitaria. No es filantrop\u00eda bien organizada. Es una forma de ver. Una manera de entrar en una habitaci\u00f3n y reconocer ah\u00ed algo que los dem\u00e1s pasan de largo\u00bb.<\/em><\/p><\/p>\n\n<p><\/p>\n\n<h3 class=\"wp-block-heading\" id=\"h-mercado-solidario\"><p><strong>Alkartasunezko azoka<\/strong><\/p><\/h3>\n\n<p id=\"h-tras-la-eucaristia-se-inauguro-la-decimosexta-edicion-de-su-mercado-artesanal-solidario-a-favor-de-new-kru-town-monrovia-liberia-organizado-por-el-hospital-san-juan-de-dios-de-santurtzi-el-mercado-se-ubica-en-el-salon-de-actos-del-hospital-la-asistencia-es-libre-y-gratuita-y-se-mantendra-abierto-de-10-00-a-17-00-horas-de-lunes-a-jueves-y-de-10-00-a-14-00-h-los-viernes-todo-lo-recaudado-se-mandara-integramente-al-new-kru-town-a-traves-de-juan-ciudad-ongd\"><p>Eukaristiaren ostean, <strong><a href=\"https:\/\/www.hospital-sanjuandedios.es\/cas\/\" target=\"_blank\" rel=\"noreferrer noopener\">Santurtziko San Juan de Dios ospitaleak <\/a>New Kru Town\u00a0<\/strong>auzoaren (Monrovia, Liberia) alde antolatzen dauan <strong>Artisau-lanen Alkartasunezko Azokaren<\/strong> hamaseigarren ekitaldiari hasiera emon jakon.<\/p><\/p>\n\n<p id=\"h-tras-la-eucaristia-se-inauguro-la-decimosexta-edicion-de-su-mercado-artesanal-solidario-a-favor-de-new-kru-town-monrovia-liberia-organizado-por-el-hospital-san-juan-de-dios-de-santurtzi-el-mercado-se-ubica-en-el-salon-de-actos-del-hospital-la-asistencia-es-libre-y-gratuita-y-se-mantendra-abierto-de-10-00-a-17-00-horas-de-lunes-a-jueves-y-de-10-00-a-14-00-h-los-viernes-todo-lo-recaudado-se-mandara-integramente-al-new-kru-town-a-traves-de-juan-ciudad-ongd\"><p>Azoka hau ospitaleko areto nagusian dago. Sarrera aske eta doakoa da eta 10:00etatik 17:00etara egongo da zabalik, astelehenetik eguenera, eta 10:00etatik 14:00etara, barikuz. Batu daiten diru guztia <strong>New Kru Townera<\/strong> bialduko da.\u00a0<\/p><\/p>\n\n<p><\/p>\n\n<figure class=\"wp-block-image size-large\"><img decoding=\"async\" width=\"1024\" height=\"768\" src=\"https:\/\/bizkeliza.org\/wp-content\/uploads\/2026\/03\/648193146_18312838513284858_5793413176640829183_n-1024x768.jpg\" alt=\"San Juan de Dios. Santurtzi\" class=\"wp-image-184779\" srcset=\"https:\/\/bizkeliza.org\/wp-content\/uploads\/2026\/03\/648193146_18312838513284858_5793413176640829183_n-980x735.jpg 980w, https:\/\/bizkeliza.org\/wp-content\/uploads\/2026\/03\/648193146_18312838513284858_5793413176640829183_n-480x360.jpg 480w\" sizes=\"(min-width: 0px) and (max-width: 480px) 480px, (min-width: 481px) and (max-width: 980px) 980px, (min-width: 981px) 1024px, 100vw\" \/><\/figure>\n\n<figure class=\"wp-block-image size-large\"><img decoding=\"async\" width=\"1024\" height=\"768\" src=\"https:\/\/bizkeliza.org\/wp-content\/uploads\/2026\/03\/648230240_18312838558284858_1445556232849026264_n-1024x768.jpg\" alt=\"San Juan de Dios. Santurtzi\" class=\"wp-image-184761\" srcset=\"https:\/\/bizkeliza.org\/wp-content\/uploads\/2026\/03\/648230240_18312838558284858_1445556232849026264_n-980x735.jpg 980w, https:\/\/bizkeliza.org\/wp-content\/uploads\/2026\/03\/648230240_18312838558284858_1445556232849026264_n-480x360.jpg 480w\" sizes=\"(min-width: 0px) and (max-width: 480px) 480px, (min-width: 481px) and (max-width: 980px) 980px, (min-width: 981px) 1024px, 100vw\" \/><\/figure>\n\n<figure class=\"wp-block-image size-large\"><img decoding=\"async\" width=\"1024\" height=\"768\" src=\"https:\/\/bizkeliza.org\/wp-content\/uploads\/2026\/03\/648758181_18312838576284858_1493495442142916691_n-1024x768.jpg\" alt=\"San Juan de Dios. Santurtzi\" class=\"wp-image-184776\" srcset=\"https:\/\/bizkeliza.org\/wp-content\/uploads\/2026\/03\/648758181_18312838576284858_1493495442142916691_n-980x735.jpg 980w, https:\/\/bizkeliza.org\/wp-content\/uploads\/2026\/03\/648758181_18312838576284858_1493495442142916691_n-480x360.jpg 480w\" sizes=\"(min-width: 0px) and (max-width: 480px) 480px, (min-width: 481px) and (max-width: 980px) 980px, (min-width: 981px) 1024px, 100vw\" \/><\/figure>\n","protected":false},"excerpt":{"rendered":"<p>Anai Mariano Bernabe\u00a0komunitateko nagusiak boluntarioen lana autortu eban:\u00a0&#8220;Gure ordenak boluntarioen egitekoa autortu gura dau 2026 honetan, Boluntarioen Nazinoarteko Urteagaz bat eginez, &#8216;Boluntario San Juan de Dios erara&#8217; goiburuaren haritik&#8221;.\u00a0Bernabek\u00a0euren\u00a0&#8220;denpora, hurkotasun eta agerpen hain mesedegarriak&#8221;\u00a0eskertu ebazan.\u00a0 Gotzainak, homilian, San Juan de Diosen bizitza gogoratu eban, Granadan Avilako Joanen sermoia entzun ondoren gertatutakoa aitatuz: \u00abencontr\u00f3 a Cristo. [&hellip;]<\/p>\n","protected":false},"author":20,"featured_media":184774,"comment_status":"closed","ping_status":"closed","sticky":false,"template":"","format":"standard","meta":{"_acf_changed":false,"_et_pb_use_builder":"off","_et_pb_old_content":"","_et_gb_content_width":"","footnotes":""},"categories":[506],"tags":[],"class_list":["post-184943","post","type-post","status-publish","format-standard","has-post-thumbnail","hentry","category-lehenengo-orrialdea"],"acf":[],"yoast_head":"<!-- This site is optimized with the Yoast SEO Premium plugin v27.5 (Yoast SEO v27.5) - https:\/\/yoast.com\/product\/yoast-seo-premium-wordpress\/ -->\n<title>San Juan de Dios hospitalitatea: &quot;gizatasuna dakarren sentimentuak berresteko ekintzak&quot;<\/title>\n<meta name=\"description\" content=\"San Juan de Dios hospitalitatea: &quot;gizatasuna dakarren sentimentuak berresteko ekintzak&quot;\" \/>\n<meta name=\"robots\" content=\"index, follow, max-snippet:-1, max-image-preview:large, max-video-preview:-1\" \/>\n<link rel=\"canonical\" href=\"https:\/\/bizkeliza.org\/eu\/noticia\/san-juan-de-dios-hospitalitatea-gizatasuna-dakarren-sentimentuak-berresteko-ekintzak\/\" \/>\n<meta property=\"og:locale\" content=\"eu_ES\" \/>\n<meta property=\"og:type\" content=\"article\" \/>\n<meta property=\"og:title\" content=\"San Juan de Dios hospitalitatea: &quot;gizatasuna dakarren sentimentuak berresteko ekintzak&quot;\" \/>\n<meta property=\"og:description\" content=\"San Juan de Dios hospitalitatea: &quot;gizatasuna dakarren sentimentuak berresteko ekintzak&quot;\" \/>\n<meta property=\"og:url\" content=\"https:\/\/bizkeliza.org\/eu\/noticia\/san-juan-de-dios-hospitalitatea-gizatasuna-dakarren-sentimentuak-berresteko-ekintzak\/\" \/>\n<meta property=\"og:site_name\" content=\"Bilboko Elizbarrutia - Di\u00f3cesis de Bilbao\" \/>\n<meta property=\"article:publisher\" content=\"https:\/\/www.facebook.com\/DiocesisBilbao\/\" \/>\n<meta property=\"article:published_time\" content=\"2026-03-09T09:00:00+00:00\" \/>\n<meta property=\"article:modified_time\" content=\"2026-03-09T09:15:28+00:00\" \/>\n<meta property=\"og:image\" content=\"https:\/\/bizkeliza.org\/wp-content\/uploads\/2026\/03\/648740787_18312833950284858_1476044303128519935_n.jpg\" \/>\n\t<meta property=\"og:image:width\" content=\"1440\" \/>\n\t<meta property=\"og:image:height\" content=\"1085\" \/>\n\t<meta property=\"og:image:type\" content=\"image\/jpeg\" \/>\n<meta name=\"author\" content=\"bkareaga\" \/>\n<meta name=\"twitter:card\" content=\"summary_large_image\" \/>\n<meta name=\"twitter:creator\" content=\"@DiocesisBilbao\" \/>\n<meta name=\"twitter:site\" content=\"@DiocesisBilbao\" \/>\n<script type=\"application\/ld+json\" class=\"yoast-schema-graph\">{\"@context\":\"https:\\\/\\\/schema.org\",\"@graph\":[{\"@type\":\"Article\",\"@id\":\"https:\\\/\\\/bizkeliza.org\\\/eu\\\/noticia\\\/san-juan-de-dios-hospitalitatea-gizatasuna-dakarren-sentimentuak-berresteko-ekintzak\\\/#article\",\"isPartOf\":{\"@id\":\"https:\\\/\\\/bizkeliza.org\\\/eu\\\/noticia\\\/san-juan-de-dios-hospitalitatea-gizatasuna-dakarren-sentimentuak-berresteko-ekintzak\\\/\"},\"author\":{\"name\":\"bkareaga\",\"@id\":\"https:\\\/\\\/bizkeliza.org\\\/eu\\\/#\\\/schema\\\/person\\\/1f27c53156256531056d48959c2f2008\"},\"headline\":\"San Juan de Dios hospitalitatea: &#8220;gizatasuna dakarren sentimentuak berresteko ekintzak&#8221;\",\"datePublished\":\"2026-03-09T09:00:00+00:00\",\"dateModified\":\"2026-03-09T09:15:28+00:00\",\"mainEntityOfPage\":{\"@id\":\"https:\\\/\\\/bizkeliza.org\\\/eu\\\/noticia\\\/san-juan-de-dios-hospitalitatea-gizatasuna-dakarren-sentimentuak-berresteko-ekintzak\\\/\"},\"wordCount\":245,\"publisher\":{\"@id\":\"https:\\\/\\\/bizkeliza.org\\\/eu\\\/#organization\"},\"image\":{\"@id\":\"https:\\\/\\\/bizkeliza.org\\\/eu\\\/noticia\\\/san-juan-de-dios-hospitalitatea-gizatasuna-dakarren-sentimentuak-berresteko-ekintzak\\\/#primaryimage\"},\"thumbnailUrl\":\"https:\\\/\\\/bizkeliza.org\\\/wp-content\\\/uploads\\\/2026\\\/03\\\/648740787_18312833950284858_1476044303128519935_n.jpg\",\"articleSection\":[\"Lehenengo Orrialdea\"],\"inLanguage\":\"eu-ES\"},{\"@type\":\"WebPage\",\"@id\":\"https:\\\/\\\/bizkeliza.org\\\/eu\\\/noticia\\\/san-juan-de-dios-hospitalitatea-gizatasuna-dakarren-sentimentuak-berresteko-ekintzak\\\/\",\"url\":\"https:\\\/\\\/bizkeliza.org\\\/eu\\\/noticia\\\/san-juan-de-dios-hospitalitatea-gizatasuna-dakarren-sentimentuak-berresteko-ekintzak\\\/\",\"name\":\"San Juan de Dios hospitalitatea: \\\"gizatasuna dakarren sentimentuak berresteko ekintzak\\\"\",\"isPartOf\":{\"@id\":\"https:\\\/\\\/bizkeliza.org\\\/eu\\\/#website\"},\"primaryImageOfPage\":{\"@id\":\"https:\\\/\\\/bizkeliza.org\\\/eu\\\/noticia\\\/san-juan-de-dios-hospitalitatea-gizatasuna-dakarren-sentimentuak-berresteko-ekintzak\\\/#primaryimage\"},\"image\":{\"@id\":\"https:\\\/\\\/bizkeliza.org\\\/eu\\\/noticia\\\/san-juan-de-dios-hospitalitatea-gizatasuna-dakarren-sentimentuak-berresteko-ekintzak\\\/#primaryimage\"},\"thumbnailUrl\":\"https:\\\/\\\/bizkeliza.org\\\/wp-content\\\/uploads\\\/2026\\\/03\\\/648740787_18312833950284858_1476044303128519935_n.jpg\",\"datePublished\":\"2026-03-09T09:00:00+00:00\",\"dateModified\":\"2026-03-09T09:15:28+00:00\",\"description\":\"San Juan de Dios hospitalitatea: \\\"gizatasuna dakarren sentimentuak berresteko ekintzak\\\"\",\"breadcrumb\":{\"@id\":\"https:\\\/\\\/bizkeliza.org\\\/eu\\\/noticia\\\/san-juan-de-dios-hospitalitatea-gizatasuna-dakarren-sentimentuak-berresteko-ekintzak\\\/#breadcrumb\"},\"inLanguage\":\"eu-ES\",\"potentialAction\":[{\"@type\":\"ReadAction\",\"target\":[\"https:\\\/\\\/bizkeliza.org\\\/eu\\\/noticia\\\/san-juan-de-dios-hospitalitatea-gizatasuna-dakarren-sentimentuak-berresteko-ekintzak\\\/\"]}]},{\"@type\":\"ImageObject\",\"inLanguage\":\"eu-ES\",\"@id\":\"https:\\\/\\\/bizkeliza.org\\\/eu\\\/noticia\\\/san-juan-de-dios-hospitalitatea-gizatasuna-dakarren-sentimentuak-berresteko-ekintzak\\\/#primaryimage\",\"url\":\"https:\\\/\\\/bizkeliza.org\\\/wp-content\\\/uploads\\\/2026\\\/03\\\/648740787_18312833950284858_1476044303128519935_n.jpg\",\"contentUrl\":\"https:\\\/\\\/bizkeliza.org\\\/wp-content\\\/uploads\\\/2026\\\/03\\\/648740787_18312833950284858_1476044303128519935_n.jpg\",\"width\":1440,\"height\":1085,\"caption\":\"Un momento de la Eucarist\u00eda,\"},{\"@type\":\"BreadcrumbList\",\"@id\":\"https:\\\/\\\/bizkeliza.org\\\/eu\\\/noticia\\\/san-juan-de-dios-hospitalitatea-gizatasuna-dakarren-sentimentuak-berresteko-ekintzak\\\/#breadcrumb\",\"itemListElement\":[{\"@type\":\"ListItem\",\"position\":1,\"name\":\"Portada\",\"item\":\"https:\\\/\\\/bizkeliza.org\\\/eu\\\/\"},{\"@type\":\"ListItem\",\"position\":2,\"name\":\"San Juan de Dios hospitalitatea: &#8220;gizatasuna dakarren sentimentuak berresteko ekintzak&#8221;\"}]},{\"@type\":\"WebSite\",\"@id\":\"https:\\\/\\\/bizkeliza.org\\\/eu\\\/#website\",\"url\":\"https:\\\/\\\/bizkeliza.org\\\/eu\\\/\",\"name\":\"Bilboko Elizbarrutia - Di\u00f3cesis de Bilbao\",\"description\":\"Di\u00f3cesis de Bilbao\",\"publisher\":{\"@id\":\"https:\\\/\\\/bizkeliza.org\\\/eu\\\/#organization\"},\"alternateName\":\"Di\u00f3cesis de Bilbao\",\"potentialAction\":[{\"@type\":\"SearchAction\",\"target\":{\"@type\":\"EntryPoint\",\"urlTemplate\":\"https:\\\/\\\/bizkeliza.org\\\/eu\\\/?s={search_term_string}\"},\"query-input\":{\"@type\":\"PropertyValueSpecification\",\"valueRequired\":true,\"valueName\":\"search_term_string\"}}],\"inLanguage\":\"eu-ES\"},{\"@type\":\"Organization\",\"@id\":\"https:\\\/\\\/bizkeliza.org\\\/eu\\\/#organization\",\"name\":\"Di\u00f3cesis de Bilbao\",\"alternateName\":\"Di\u00f3cesis de Bilbao\",\"url\":\"https:\\\/\\\/bizkeliza.org\\\/eu\\\/\",\"logo\":{\"@type\":\"ImageObject\",\"inLanguage\":\"eu-ES\",\"@id\":\"https:\\\/\\\/bizkeliza.org\\\/eu\\\/#\\\/schema\\\/logo\\\/image\\\/\",\"url\":\"https:\\\/\\\/bizkeliza.org\\\/wp-content\\\/uploads\\\/2022\\\/06\\\/Logo-nuevo_2024-1-scaled.jpg\",\"contentUrl\":\"https:\\\/\\\/bizkeliza.org\\\/wp-content\\\/uploads\\\/2022\\\/06\\\/Logo-nuevo_2024-1-scaled.jpg\",\"width\":2560,\"height\":1024,\"caption\":\"Di\u00f3cesis de Bilbao\"},\"image\":{\"@id\":\"https:\\\/\\\/bizkeliza.org\\\/eu\\\/#\\\/schema\\\/logo\\\/image\\\/\"},\"sameAs\":[\"https:\\\/\\\/www.facebook.com\\\/DiocesisBilbao\\\/\",\"https:\\\/\\\/x.com\\\/DiocesisBilbao\",\"https:\\\/\\\/www.instagram.com\\\/obispadobilbao\\\/\",\"https:\\\/\\\/www.youtube.com\\\/user\\\/bilbokoelizbarrutia\"],\"description\":\"Iglesia local de Bilbao perteneciente a la Iglesia Cat\u00f3lica\"},{\"@type\":\"Person\",\"@id\":\"https:\\\/\\\/bizkeliza.org\\\/eu\\\/#\\\/schema\\\/person\\\/1f27c53156256531056d48959c2f2008\",\"name\":\"bkareaga\"}]}<\/script>\n<!-- \/ Yoast SEO Premium plugin. -->","yoast_head_json":{"title":"San Juan de Dios hospitalitatea: \"gizatasuna dakarren sentimentuak berresteko ekintzak\"","description":"San Juan de Dios hospitalitatea: \"gizatasuna dakarren sentimentuak berresteko ekintzak\"","robots":{"index":"index","follow":"follow","max-snippet":"max-snippet:-1","max-image-preview":"max-image-preview:large","max-video-preview":"max-video-preview:-1"},"canonical":"https:\/\/bizkeliza.org\/eu\/noticia\/san-juan-de-dios-hospitalitatea-gizatasuna-dakarren-sentimentuak-berresteko-ekintzak\/","og_locale":"eu_ES","og_type":"article","og_title":"San Juan de Dios hospitalitatea: \"gizatasuna dakarren sentimentuak berresteko ekintzak\"","og_description":"San Juan de Dios hospitalitatea: \"gizatasuna dakarren sentimentuak berresteko ekintzak\"","og_url":"https:\/\/bizkeliza.org\/eu\/noticia\/san-juan-de-dios-hospitalitatea-gizatasuna-dakarren-sentimentuak-berresteko-ekintzak\/","og_site_name":"Bilboko Elizbarrutia - Di\u00f3cesis de Bilbao","article_publisher":"https:\/\/www.facebook.com\/DiocesisBilbao\/","article_published_time":"2026-03-09T09:00:00+00:00","article_modified_time":"2026-03-09T09:15:28+00:00","og_image":[{"width":1440,"height":1085,"url":"https:\/\/bizkeliza.org\/wp-content\/uploads\/2026\/03\/648740787_18312833950284858_1476044303128519935_n.jpg","type":"image\/jpeg"}],"author":"bkareaga","twitter_card":"summary_large_image","twitter_creator":"@DiocesisBilbao","twitter_site":"@DiocesisBilbao","schema":{"@context":"https:\/\/schema.org","@graph":[{"@type":"Article","@id":"https:\/\/bizkeliza.org\/eu\/noticia\/san-juan-de-dios-hospitalitatea-gizatasuna-dakarren-sentimentuak-berresteko-ekintzak\/#article","isPartOf":{"@id":"https:\/\/bizkeliza.org\/eu\/noticia\/san-juan-de-dios-hospitalitatea-gizatasuna-dakarren-sentimentuak-berresteko-ekintzak\/"},"author":{"name":"bkareaga","@id":"https:\/\/bizkeliza.org\/eu\/#\/schema\/person\/1f27c53156256531056d48959c2f2008"},"headline":"San Juan de Dios hospitalitatea: &#8220;gizatasuna dakarren sentimentuak berresteko ekintzak&#8221;","datePublished":"2026-03-09T09:00:00+00:00","dateModified":"2026-03-09T09:15:28+00:00","mainEntityOfPage":{"@id":"https:\/\/bizkeliza.org\/eu\/noticia\/san-juan-de-dios-hospitalitatea-gizatasuna-dakarren-sentimentuak-berresteko-ekintzak\/"},"wordCount":245,"publisher":{"@id":"https:\/\/bizkeliza.org\/eu\/#organization"},"image":{"@id":"https:\/\/bizkeliza.org\/eu\/noticia\/san-juan-de-dios-hospitalitatea-gizatasuna-dakarren-sentimentuak-berresteko-ekintzak\/#primaryimage"},"thumbnailUrl":"https:\/\/bizkeliza.org\/wp-content\/uploads\/2026\/03\/648740787_18312833950284858_1476044303128519935_n.jpg","articleSection":["Lehenengo Orrialdea"],"inLanguage":"eu-ES"},{"@type":"WebPage","@id":"https:\/\/bizkeliza.org\/eu\/noticia\/san-juan-de-dios-hospitalitatea-gizatasuna-dakarren-sentimentuak-berresteko-ekintzak\/","url":"https:\/\/bizkeliza.org\/eu\/noticia\/san-juan-de-dios-hospitalitatea-gizatasuna-dakarren-sentimentuak-berresteko-ekintzak\/","name":"San Juan de Dios hospitalitatea: \"gizatasuna dakarren sentimentuak berresteko ekintzak\"","isPartOf":{"@id":"https:\/\/bizkeliza.org\/eu\/#website"},"primaryImageOfPage":{"@id":"https:\/\/bizkeliza.org\/eu\/noticia\/san-juan-de-dios-hospitalitatea-gizatasuna-dakarren-sentimentuak-berresteko-ekintzak\/#primaryimage"},"image":{"@id":"https:\/\/bizkeliza.org\/eu\/noticia\/san-juan-de-dios-hospitalitatea-gizatasuna-dakarren-sentimentuak-berresteko-ekintzak\/#primaryimage"},"thumbnailUrl":"https:\/\/bizkeliza.org\/wp-content\/uploads\/2026\/03\/648740787_18312833950284858_1476044303128519935_n.jpg","datePublished":"2026-03-09T09:00:00+00:00","dateModified":"2026-03-09T09:15:28+00:00","description":"San Juan de Dios hospitalitatea: \"gizatasuna dakarren sentimentuak berresteko ekintzak\"","breadcrumb":{"@id":"https:\/\/bizkeliza.org\/eu\/noticia\/san-juan-de-dios-hospitalitatea-gizatasuna-dakarren-sentimentuak-berresteko-ekintzak\/#breadcrumb"},"inLanguage":"eu-ES","potentialAction":[{"@type":"ReadAction","target":["https:\/\/bizkeliza.org\/eu\/noticia\/san-juan-de-dios-hospitalitatea-gizatasuna-dakarren-sentimentuak-berresteko-ekintzak\/"]}]},{"@type":"ImageObject","inLanguage":"eu-ES","@id":"https:\/\/bizkeliza.org\/eu\/noticia\/san-juan-de-dios-hospitalitatea-gizatasuna-dakarren-sentimentuak-berresteko-ekintzak\/#primaryimage","url":"https:\/\/bizkeliza.org\/wp-content\/uploads\/2026\/03\/648740787_18312833950284858_1476044303128519935_n.jpg","contentUrl":"https:\/\/bizkeliza.org\/wp-content\/uploads\/2026\/03\/648740787_18312833950284858_1476044303128519935_n.jpg","width":1440,"height":1085,"caption":"Un momento de la Eucarist\u00eda,"},{"@type":"BreadcrumbList","@id":"https:\/\/bizkeliza.org\/eu\/noticia\/san-juan-de-dios-hospitalitatea-gizatasuna-dakarren-sentimentuak-berresteko-ekintzak\/#breadcrumb","itemListElement":[{"@type":"ListItem","position":1,"name":"Portada","item":"https:\/\/bizkeliza.org\/eu\/"},{"@type":"ListItem","position":2,"name":"San Juan de Dios hospitalitatea: &#8220;gizatasuna dakarren sentimentuak berresteko ekintzak&#8221;"}]},{"@type":"WebSite","@id":"https:\/\/bizkeliza.org\/eu\/#website","url":"https:\/\/bizkeliza.org\/eu\/","name":"Bilboko Elizbarrutia - Di\u00f3cesis de Bilbao","description":"Di\u00f3cesis de Bilbao","publisher":{"@id":"https:\/\/bizkeliza.org\/eu\/#organization"},"alternateName":"Di\u00f3cesis de Bilbao","potentialAction":[{"@type":"SearchAction","target":{"@type":"EntryPoint","urlTemplate":"https:\/\/bizkeliza.org\/eu\/?s={search_term_string}"},"query-input":{"@type":"PropertyValueSpecification","valueRequired":true,"valueName":"search_term_string"}}],"inLanguage":"eu-ES"},{"@type":"Organization","@id":"https:\/\/bizkeliza.org\/eu\/#organization","name":"Di\u00f3cesis de Bilbao","alternateName":"Di\u00f3cesis de Bilbao","url":"https:\/\/bizkeliza.org\/eu\/","logo":{"@type":"ImageObject","inLanguage":"eu-ES","@id":"https:\/\/bizkeliza.org\/eu\/#\/schema\/logo\/image\/","url":"https:\/\/bizkeliza.org\/wp-content\/uploads\/2022\/06\/Logo-nuevo_2024-1-scaled.jpg","contentUrl":"https:\/\/bizkeliza.org\/wp-content\/uploads\/2022\/06\/Logo-nuevo_2024-1-scaled.jpg","width":2560,"height":1024,"caption":"Di\u00f3cesis de Bilbao"},"image":{"@id":"https:\/\/bizkeliza.org\/eu\/#\/schema\/logo\/image\/"},"sameAs":["https:\/\/www.facebook.com\/DiocesisBilbao\/","https:\/\/x.com\/DiocesisBilbao","https:\/\/www.instagram.com\/obispadobilbao\/","https:\/\/www.youtube.com\/user\/bilbokoelizbarrutia"],"description":"Iglesia local de Bilbao perteneciente a la Iglesia Cat\u00f3lica"},{"@type":"Person","@id":"https:\/\/bizkeliza.org\/eu\/#\/schema\/person\/1f27c53156256531056d48959c2f2008","name":"bkareaga"}]}},"jetpack_featured_media_url":"https:\/\/bizkeliza.org\/wp-content\/uploads\/2026\/03\/648740787_18312833950284858_1476044303128519935_n.jpg","_links":{"self":[{"href":"https:\/\/bizkeliza.org\/eu\/wp-json\/wp\/v2\/posts\/184943","targetHints":{"allow":["GET"]}}],"collection":[{"href":"https:\/\/bizkeliza.org\/eu\/wp-json\/wp\/v2\/posts"}],"about":[{"href":"https:\/\/bizkeliza.org\/eu\/wp-json\/wp\/v2\/types\/post"}],"author":[{"embeddable":true,"href":"https:\/\/bizkeliza.org\/eu\/wp-json\/wp\/v2\/users\/20"}],"replies":[{"embeddable":true,"href":"https:\/\/bizkeliza.org\/eu\/wp-json\/wp\/v2\/comments?post=184943"}],"version-history":[{"count":0,"href":"https:\/\/bizkeliza.org\/eu\/wp-json\/wp\/v2\/posts\/184943\/revisions"}],"wp:featuredmedia":[{"embeddable":true,"href":"https:\/\/bizkeliza.org\/eu\/wp-json\/wp\/v2\/media\/184774"}],"wp:attachment":[{"href":"https:\/\/bizkeliza.org\/eu\/wp-json\/wp\/v2\/media?parent=184943"}],"wp:term":[{"taxonomy":"category","embeddable":true,"href":"https:\/\/bizkeliza.org\/eu\/wp-json\/wp\/v2\/categories?post=184943"},{"taxonomy":"post_tag","embeddable":true,"href":"https:\/\/bizkeliza.org\/eu\/wp-json\/wp\/v2\/tags?post=184943"}],"curies":[{"name":"wp","href":"https:\/\/api.w.org\/{rel}","templated":true}]}}