{"id":185134,"date":"2026-03-11T11:30:00","date_gmt":"2026-03-11T10:30:00","guid":{"rendered":"https:\/\/bizkeliza.org\/noticia\/erlejino-askatasunak-atzera-egin-dau-5-400-lagunek-jazarpena-edo-bereizkeria-jasaten-dabe\/"},"modified":"2026-03-12T11:21:32","modified_gmt":"2026-03-12T10:21:32","slug":"erlejino-askatasunak-atzera-egin-dau-5-400-lagunek-jazarpena-edo-bereizkeria-jasaten-dabe","status":"publish","type":"post","link":"https:\/\/bizkeliza.org\/eu\/noticia\/erlejino-askatasunak-atzera-egin-dau-5-400-lagunek-jazarpena-edo-bereizkeria-jasaten-dabe\/","title":{"rendered":"&#8220;Erlejino-askatasunak atzera egin dau: 5.400 lagunek jazarpena edo bereizkeria jasaten dabe&#8221;"},"content":{"rendered":"\n<p><p>Munduko 196 herrialdetan erlejino-askatasunerako eskubidea zertan datzan aztertzen dauan txostenean jasotzen danez, <strong>5.400 lagun eskubide hau larriki bortxatzen dan herrialdeetan bizi dira.\u00a0<\/strong><\/p><\/p>\n\n<p>Ikerketaren arabera, 62 herrialdetan bortxaketa nabarmenak dagoz. 24tan, jazarpen larri eta sistematikoa nabarmendu da eta 38tan erlejino arrazoiengaitiko bereizkeriazko egoerak izaten dira. <\/p>\n\n<blockquote class=\"twitter-tweet\"><p lang=\"eu\" dir=\"ltr\">Bilbon Erlijino jazarpenaren inguruko txostenaren aurkezpena. <br\/><br\/>Presentaci\u00f3n Informe Libertad Religiosa en el mundo <a href=\"https:\/\/twitter.com\/AyudaIglesNeces?ref_src=twsrc%5Etfw\">@AyudaIglesNeces<\/a> <a href=\"https:\/\/t.co\/pPBCITSvkL\">pic.twitter.com\/pPBCITSvkL<\/a><\/p>\u2014 @DiocesisBilbao (@DiocesisBilbao) <a href=\"https:\/\/twitter.com\/DiocesisBilbao\/status\/2031443589599736266?ref_src=twsrc%5Etfw\">March 10, 2026<\/a><\/blockquote> <script async=\"\" src=\"https:\/\/platform.twitter.com\/widgets.js\" charset=\"utf-8\"><\/script>\r\n\n<h3 class=\"wp-block-heading\" id=\"h-algunos-ejemplos\"><p><strong>Adibideak<\/strong><\/p><\/h3>\n\n<p><p>Aurkezpenean Jose Fernandez Crespok\u00a0 aza\u00f1di ebamez. honako egoeren hedapen larria atzeman daiteke munduko mapan. Bere esanetan, \u201ce<em><strong>s sintom\u00e1tico ver todo el Sahel coloreado de rojo y gran parte de Asia en la misma <em>situaci\u00f3n<\/em><\/strong><strong>\u201d.<\/strong><\/em> Hego Amerikan bizi daben egoeraz be ohartarazo eban:\u00a0<em>\u201cEs sorprendente ver c\u00f3mo cada vez m\u00e1s Am\u00e9rica Latina empieza a ser coloreada. Nicaragua hace dos a\u00f1os se pint\u00f3 por primera vez de rojo<\/em>\u201d, txosteneko kolorearen kodea aitatuz, gorriak muturreko jazarpena adierazoten daualarik.\u00a0<\/p><\/p>\n\n<p><p>ACNko arduradunaren esanetan, bortxaketa askoren atzean nagusikeria dago, izan be, <em><strong>\u201cel poder suele ir en contra de la libertad<\/strong><\/em>\u201d, esan eban. Honen haritik, gobernu askok egundoko kontrola ezartzen deutse alkarte erlijiosoei, kultua mugatu egiten dabe edo disidentzia espirituala zigortu.<\/p><\/p>\n\n<p><p>Eta kezka-iturri dan beste leku bat gehitu eban, Mexiko, lehenengo aldiz kolore laranjaz (bereizkeria) agertzen dana, drogaren kartelen indarkeriaren eraginez. &#8220;<em><strong>Empiezan a asesinar a sacerdotes religiosos y laicos solo por el mismo hecho de intentar que sus j\u00f3venes no accedan a este mercado<\/strong><\/em>&#8220;, azaldu eban.<\/p><\/p>\n\n<figure class=\"wp-block-image size-full\"><img decoding=\"async\" width=\"800\" height=\"757\" src=\"https:\/\/bizkeliza.org\/wp-content\/uploads\/2026\/03\/Testimonios.jpg\" alt=\"Erlejino-askatasunaren inguruko lekukotasunak\" class=\"wp-image-185059\" srcset=\"https:\/\/bizkeliza.org\/wp-content\/uploads\/2026\/03\/Testimonios.jpg 800w, https:\/\/bizkeliza.org\/wp-content\/uploads\/2026\/03\/Testimonios-480x454.jpg 480w\" sizes=\"(min-width: 0px) and (max-width: 480px) 480px, (min-width: 481px) 800px, 100vw\" \/><figcaption class=\"wp-element-caption\">Ekitaldian, grabatutako lekukotasunak be entzun ziran<\/figcaption><\/figure>\n\n<p>Beste hainbat mehatxu be nabarmentzen da txostenean: erlejino-estremismoa, nazionalismo etniko-erlijiosoa edo gatazka armatuen ondorioak. Afrikako zenbait herrialdetan, Crespok azaldu ebanez, jazarpenak jentetza handien desplazamenduak eragiten ditu.<\/p>\n\n<p><p>Eta gertakari barriak be aitatu ebazan, esate baterako,<strong> jazarpen digitala,<\/strong> non adimen artifizialaren algoritmo edo sistemek erabiltzaileen kontzientzia-askatasunean eragina izan leikien.<\/p><\/p>\n\n<h3 class=\"wp-block-heading\" id=\"h-testimonio-desde-nigeria\"><p><strong>Lekukotasuna Nigeriatik<\/strong><\/p><\/h3>\n\n<p><p><strong>Patrick Akpablo<\/strong> nigeriar abadeak lekukotasun hunkigarria emon eban. Salatu ebanez, bere herrialdeko erlejino-jazarpena askotan oharkabe pasatzen da. \u201c<em><strong>Para los que no quieren hablar del tema de persecuci\u00f3n, eso tambi\u00e9n es persecuci\u00f3n<\/strong><\/em>\u201d, adierazo eban.<\/p><\/p>\n\n<p><p>Egoera agertzera emotea ezinbesteko dala esan eban abadeak: \u201cL<em>o que no se comunica, muere. Lo que no se ve, no existe\u201d<\/em>. Esker ona adierazo eutsen Laguntasuna Preminan dan Eleizari lako erakundeei kristau alkarte askotan bizi daben errealitatea ezagutzera emoteagaitik.\u00a0<\/p><\/p>\n\n<p><p><strong>Akpablok<\/strong> gogoratu ebanez, Eleizarentzat alkartasuna funtsezkoa dal: \u201c<em><strong>La Iglesia, seg\u00fan san Pablo, es como un cuerpo. Cuando una parte sufre, todo el cuerpo lo siente\u201d.<\/strong><\/em><\/p><\/p>\n\n<h3 class=\"wp-block-heading\" id=\"h-llamamiento-a-la-colaboracion-interreligiosa\"><p><strong>Deialdia erlejinoen arteko lankidetzarako<\/strong><\/p><\/h3>\n\n<p><p>Bere aldetik,<strong> Bilboko gotzainak,<\/strong> erlejino-jazarpena errealitate nabaria dala esan eban. \u201c<em>Es real, concreta. Es persecuci\u00f3n\u201d<\/em>, afirm\u00f3. Honen haritik, eskubide hau erlejino sinismenek batera jagon behar dabela azpimarratu eban.<\/p><\/p>\n\n<p><p>\u201c<em><strong>Me parece muy importante que esta defensa del derecho la hagamos en unidad interreligiosa\u201d<\/strong><\/em>, azpimarratu eban <strong>Segurak,<\/strong> judu, musulman eta kristauek kultu-askatasunaren aldeko baterako adierazpenak behin baino gehiagotan egin dabezala gogoratuz.<\/p><\/p>\n\n<p><p><b>Laguntasuna Preminan dan Eleizari\u00a0<\/b>erakundeari laguntzeko be eskatu eban gotzainak, erlejino-askatasunaren alde lan egiten dauan erakundeetako bat dalako. Eta zenbait arlotan, esate baterako osasun-arloan, kontzientzia-askatasuna babestea be garrantzitsua dala esan eban, holan profesionalek euren uste sendoen arabera jarduteko aukera izan dagien.\u00a0<\/p><\/p>\n\n<p><p>Aurton lehenengo aldiz argitaratu zanetik 25 urte bete dituan txostenean azaltzen danez, <em>&#8220;la libertad religiosa<\/em><em>se encuentra en serio peligro de desaparecer en varias regiones del mundo<\/em>\u201d. Sentiberatasuna biztu gura dau jentearen artean, oinarrizko eskubide honen alde egin dagian.<\/p><\/p>\n","protected":false},"excerpt":{"rendered":"<p>Munduko 196 herrialdetan erlejino-askatasunerako eskubidea zertan datzan aztertzen dauan txostenean jasotzen danez, 5.400 lagun eskubide hau larriki bortxatzen dan herrialdeetan bizi dira.\u00a0 Ikerketaren arabera, 62 herrialdetan bortxaketa nabarmenak dagoz. 24tan, jazarpen larri eta sistematikoa nabarmendu da eta 38tan erlejino arrazoiengaitiko bereizkeriazko egoerak izaten dira. Bilbon Erlijino jazarpenaren inguruko txostenaren aurkezpena. Presentaci\u00f3n Informe Libertad Religiosa en [&hellip;]<\/p>\n","protected":false},"author":19,"featured_media":185049,"comment_status":"closed","ping_status":"closed","sticky":false,"template":"","format":"standard","meta":{"_acf_changed":false,"_et_pb_use_builder":"off","_et_pb_old_content":"","_et_gb_content_width":"","footnotes":""},"categories":[505,506],"tags":[1306],"class_list":["post-185134","post","type-post","status-publish","format-standard","has-post-thumbnail","hentry","category-gotzaina","category-lehenengo-orrialdea","tag-acn"],"acf":[],"yoast_head":"<!-- This site is optimized with the Yoast SEO Premium plugin v27.5 (Yoast SEO v27.5) - https:\/\/yoast.com\/product\/yoast-seo-premium-wordpress\/ -->\n<title>&quot;Erlejino-askatasunak atzera egin dau: 5.400 lagunek jazarpena edo bereizkeria jasaten dabe&quot;<\/title>\n<meta name=\"description\" content=\"Atzo, Laguntasuna Preminan dan Eleizari&quot; aita santuaren fundazionoak erlejino-askatasunaren inguruko 2025eko txostena aurkeztu eban BIlbon\" \/>\n<meta name=\"robots\" content=\"index, follow, max-snippet:-1, max-image-preview:large, max-video-preview:-1\" \/>\n<link rel=\"canonical\" href=\"https:\/\/bizkeliza.org\/eu\/noticia\/erlejino-askatasunak-atzera-egin-dau-5-400-lagunek-jazarpena-edo-bereizkeria-jasaten-dabe\/\" \/>\n<meta property=\"og:locale\" content=\"eu_ES\" \/>\n<meta property=\"og:type\" content=\"article\" \/>\n<meta property=\"og:title\" content=\"&quot;Erlejino-askatasunak atzera egin dau: 5.400 lagunek jazarpena edo bereizkeria jasaten dabe&quot;\" \/>\n<meta property=\"og:description\" content=\"Atzo, Laguntasuna Preminan dan Eleizari&quot; aita santuaren fundazionoak erlejino-askatasunaren inguruko 2025eko txostena aurkeztu eban BIlbon\" \/>\n<meta property=\"og:url\" content=\"https:\/\/bizkeliza.org\/eu\/noticia\/erlejino-askatasunak-atzera-egin-dau-5-400-lagunek-jazarpena-edo-bereizkeria-jasaten-dabe\/\" \/>\n<meta property=\"og:site_name\" content=\"Bilboko Elizbarrutia - Di\u00f3cesis de Bilbao\" \/>\n<meta property=\"article:publisher\" content=\"https:\/\/www.facebook.com\/DiocesisBilbao\/\" \/>\n<meta property=\"article:published_time\" content=\"2026-03-11T10:30:00+00:00\" \/>\n<meta property=\"article:modified_time\" content=\"2026-03-12T10:21:32+00:00\" \/>\n<meta property=\"og:image\" content=\"https:\/\/bizkeliza.org\/wp-content\/uploads\/2026\/03\/Presentacion-Informe-Libertad-Religiosa.jpg\" \/>\n\t<meta property=\"og:image:width\" content=\"800\" \/>\n\t<meta property=\"og:image:height\" content=\"600\" \/>\n\t<meta property=\"og:image:type\" content=\"image\/jpeg\" \/>\n<meta name=\"author\" content=\"dalberdi\" \/>\n<meta name=\"twitter:card\" content=\"summary_large_image\" \/>\n<meta name=\"twitter:creator\" content=\"@DiocesisBilbao\" \/>\n<meta name=\"twitter:site\" content=\"@DiocesisBilbao\" \/>\n<script type=\"application\/ld+json\" class=\"yoast-schema-graph\">{\"@context\":\"https:\\\/\\\/schema.org\",\"@graph\":[{\"@type\":\"Article\",\"@id\":\"https:\\\/\\\/bizkeliza.org\\\/eu\\\/noticia\\\/erlejino-askatasunak-atzera-egin-dau-5-400-lagunek-jazarpena-edo-bereizkeria-jasaten-dabe\\\/#article\",\"isPartOf\":{\"@id\":\"https:\\\/\\\/bizkeliza.org\\\/eu\\\/noticia\\\/erlejino-askatasunak-atzera-egin-dau-5-400-lagunek-jazarpena-edo-bereizkeria-jasaten-dabe\\\/\"},\"author\":{\"name\":\"dalberdi\",\"@id\":\"https:\\\/\\\/bizkeliza.org\\\/eu\\\/#\\\/schema\\\/person\\\/acc5e302cb1997bd56026a6980544228\"},\"headline\":\"&#8220;Erlejino-askatasunak atzera egin dau: 5.400 lagunek jazarpena edo bereizkeria jasaten dabe&#8221;\",\"datePublished\":\"2026-03-11T10:30:00+00:00\",\"dateModified\":\"2026-03-12T10:21:32+00:00\",\"mainEntityOfPage\":{\"@id\":\"https:\\\/\\\/bizkeliza.org\\\/eu\\\/noticia\\\/erlejino-askatasunak-atzera-egin-dau-5-400-lagunek-jazarpena-edo-bereizkeria-jasaten-dabe\\\/\"},\"wordCount\":541,\"publisher\":{\"@id\":\"https:\\\/\\\/bizkeliza.org\\\/eu\\\/#organization\"},\"image\":{\"@id\":\"https:\\\/\\\/bizkeliza.org\\\/eu\\\/noticia\\\/erlejino-askatasunak-atzera-egin-dau-5-400-lagunek-jazarpena-edo-bereizkeria-jasaten-dabe\\\/#primaryimage\"},\"thumbnailUrl\":\"https:\\\/\\\/bizkeliza.org\\\/wp-content\\\/uploads\\\/2026\\\/03\\\/Presentacion-Informe-Libertad-Religiosa.jpg\",\"keywords\":[\"ACN\"],\"articleSection\":[\"Gotzaina\",\"Lehenengo Orrialdea\"],\"inLanguage\":\"eu-ES\"},{\"@type\":\"WebPage\",\"@id\":\"https:\\\/\\\/bizkeliza.org\\\/eu\\\/noticia\\\/erlejino-askatasunak-atzera-egin-dau-5-400-lagunek-jazarpena-edo-bereizkeria-jasaten-dabe\\\/\",\"url\":\"https:\\\/\\\/bizkeliza.org\\\/eu\\\/noticia\\\/erlejino-askatasunak-atzera-egin-dau-5-400-lagunek-jazarpena-edo-bereizkeria-jasaten-dabe\\\/\",\"name\":\"\\\"Erlejino-askatasunak atzera egin dau: 5.400 lagunek jazarpena edo bereizkeria jasaten dabe\\\"\",\"isPartOf\":{\"@id\":\"https:\\\/\\\/bizkeliza.org\\\/eu\\\/#website\"},\"primaryImageOfPage\":{\"@id\":\"https:\\\/\\\/bizkeliza.org\\\/eu\\\/noticia\\\/erlejino-askatasunak-atzera-egin-dau-5-400-lagunek-jazarpena-edo-bereizkeria-jasaten-dabe\\\/#primaryimage\"},\"image\":{\"@id\":\"https:\\\/\\\/bizkeliza.org\\\/eu\\\/noticia\\\/erlejino-askatasunak-atzera-egin-dau-5-400-lagunek-jazarpena-edo-bereizkeria-jasaten-dabe\\\/#primaryimage\"},\"thumbnailUrl\":\"https:\\\/\\\/bizkeliza.org\\\/wp-content\\\/uploads\\\/2026\\\/03\\\/Presentacion-Informe-Libertad-Religiosa.jpg\",\"datePublished\":\"2026-03-11T10:30:00+00:00\",\"dateModified\":\"2026-03-12T10:21:32+00:00\",\"description\":\"Atzo, Laguntasuna Preminan dan Eleizari\\\" aita santuaren fundazionoak erlejino-askatasunaren inguruko 2025eko txostena aurkeztu eban BIlbon\",\"breadcrumb\":{\"@id\":\"https:\\\/\\\/bizkeliza.org\\\/eu\\\/noticia\\\/erlejino-askatasunak-atzera-egin-dau-5-400-lagunek-jazarpena-edo-bereizkeria-jasaten-dabe\\\/#breadcrumb\"},\"inLanguage\":\"eu-ES\",\"potentialAction\":[{\"@type\":\"ReadAction\",\"target\":[\"https:\\\/\\\/bizkeliza.org\\\/eu\\\/noticia\\\/erlejino-askatasunak-atzera-egin-dau-5-400-lagunek-jazarpena-edo-bereizkeria-jasaten-dabe\\\/\"]}]},{\"@type\":\"ImageObject\",\"inLanguage\":\"eu-ES\",\"@id\":\"https:\\\/\\\/bizkeliza.org\\\/eu\\\/noticia\\\/erlejino-askatasunak-atzera-egin-dau-5-400-lagunek-jazarpena-edo-bereizkeria-jasaten-dabe\\\/#primaryimage\",\"url\":\"https:\\\/\\\/bizkeliza.org\\\/wp-content\\\/uploads\\\/2026\\\/03\\\/Presentacion-Informe-Libertad-Religiosa.jpg\",\"contentUrl\":\"https:\\\/\\\/bizkeliza.org\\\/wp-content\\\/uploads\\\/2026\\\/03\\\/Presentacion-Informe-Libertad-Religiosa.jpg\",\"width\":800,\"height\":600,\"caption\":\"Un momento de la presentaci\u00f3n ayer\"},{\"@type\":\"BreadcrumbList\",\"@id\":\"https:\\\/\\\/bizkeliza.org\\\/eu\\\/noticia\\\/erlejino-askatasunak-atzera-egin-dau-5-400-lagunek-jazarpena-edo-bereizkeria-jasaten-dabe\\\/#breadcrumb\",\"itemListElement\":[{\"@type\":\"ListItem\",\"position\":1,\"name\":\"Portada\",\"item\":\"https:\\\/\\\/bizkeliza.org\\\/eu\\\/\"},{\"@type\":\"ListItem\",\"position\":2,\"name\":\"&#8220;Erlejino-askatasunak atzera egin dau: 5.400 lagunek jazarpena edo bereizkeria jasaten dabe&#8221;\"}]},{\"@type\":\"WebSite\",\"@id\":\"https:\\\/\\\/bizkeliza.org\\\/eu\\\/#website\",\"url\":\"https:\\\/\\\/bizkeliza.org\\\/eu\\\/\",\"name\":\"Bilboko Elizbarrutia - Di\u00f3cesis de Bilbao\",\"description\":\"Di\u00f3cesis de Bilbao\",\"publisher\":{\"@id\":\"https:\\\/\\\/bizkeliza.org\\\/eu\\\/#organization\"},\"alternateName\":\"Di\u00f3cesis de Bilbao\",\"potentialAction\":[{\"@type\":\"SearchAction\",\"target\":{\"@type\":\"EntryPoint\",\"urlTemplate\":\"https:\\\/\\\/bizkeliza.org\\\/eu\\\/?s={search_term_string}\"},\"query-input\":{\"@type\":\"PropertyValueSpecification\",\"valueRequired\":true,\"valueName\":\"search_term_string\"}}],\"inLanguage\":\"eu-ES\"},{\"@type\":\"Organization\",\"@id\":\"https:\\\/\\\/bizkeliza.org\\\/eu\\\/#organization\",\"name\":\"Di\u00f3cesis de Bilbao\",\"alternateName\":\"Di\u00f3cesis de Bilbao\",\"url\":\"https:\\\/\\\/bizkeliza.org\\\/eu\\\/\",\"logo\":{\"@type\":\"ImageObject\",\"inLanguage\":\"eu-ES\",\"@id\":\"https:\\\/\\\/bizkeliza.org\\\/eu\\\/#\\\/schema\\\/logo\\\/image\\\/\",\"url\":\"https:\\\/\\\/bizkeliza.org\\\/wp-content\\\/uploads\\\/2022\\\/06\\\/Logo-nuevo_2024-1-scaled.jpg\",\"contentUrl\":\"https:\\\/\\\/bizkeliza.org\\\/wp-content\\\/uploads\\\/2022\\\/06\\\/Logo-nuevo_2024-1-scaled.jpg\",\"width\":2560,\"height\":1024,\"caption\":\"Di\u00f3cesis de Bilbao\"},\"image\":{\"@id\":\"https:\\\/\\\/bizkeliza.org\\\/eu\\\/#\\\/schema\\\/logo\\\/image\\\/\"},\"sameAs\":[\"https:\\\/\\\/www.facebook.com\\\/DiocesisBilbao\\\/\",\"https:\\\/\\\/x.com\\\/DiocesisBilbao\",\"https:\\\/\\\/www.instagram.com\\\/obispadobilbao\\\/\",\"https:\\\/\\\/www.youtube.com\\\/user\\\/bilbokoelizbarrutia\"],\"description\":\"Iglesia local de Bilbao perteneciente a la Iglesia Cat\u00f3lica\"},{\"@type\":\"Person\",\"@id\":\"https:\\\/\\\/bizkeliza.org\\\/eu\\\/#\\\/schema\\\/person\\\/acc5e302cb1997bd56026a6980544228\",\"name\":\"dalberdi\"}]}<\/script>\n<!-- \/ Yoast SEO Premium plugin. -->","yoast_head_json":{"title":"\"Erlejino-askatasunak atzera egin dau: 5.400 lagunek jazarpena edo bereizkeria jasaten dabe\"","description":"Atzo, Laguntasuna Preminan dan Eleizari\" aita santuaren fundazionoak erlejino-askatasunaren inguruko 2025eko txostena aurkeztu eban BIlbon","robots":{"index":"index","follow":"follow","max-snippet":"max-snippet:-1","max-image-preview":"max-image-preview:large","max-video-preview":"max-video-preview:-1"},"canonical":"https:\/\/bizkeliza.org\/eu\/noticia\/erlejino-askatasunak-atzera-egin-dau-5-400-lagunek-jazarpena-edo-bereizkeria-jasaten-dabe\/","og_locale":"eu_ES","og_type":"article","og_title":"\"Erlejino-askatasunak atzera egin dau: 5.400 lagunek jazarpena edo bereizkeria jasaten dabe\"","og_description":"Atzo, Laguntasuna Preminan dan Eleizari\" aita santuaren fundazionoak erlejino-askatasunaren inguruko 2025eko txostena aurkeztu eban BIlbon","og_url":"https:\/\/bizkeliza.org\/eu\/noticia\/erlejino-askatasunak-atzera-egin-dau-5-400-lagunek-jazarpena-edo-bereizkeria-jasaten-dabe\/","og_site_name":"Bilboko Elizbarrutia - Di\u00f3cesis de Bilbao","article_publisher":"https:\/\/www.facebook.com\/DiocesisBilbao\/","article_published_time":"2026-03-11T10:30:00+00:00","article_modified_time":"2026-03-12T10:21:32+00:00","og_image":[{"width":800,"height":600,"url":"https:\/\/bizkeliza.org\/wp-content\/uploads\/2026\/03\/Presentacion-Informe-Libertad-Religiosa.jpg","type":"image\/jpeg"}],"author":"dalberdi","twitter_card":"summary_large_image","twitter_creator":"@DiocesisBilbao","twitter_site":"@DiocesisBilbao","schema":{"@context":"https:\/\/schema.org","@graph":[{"@type":"Article","@id":"https:\/\/bizkeliza.org\/eu\/noticia\/erlejino-askatasunak-atzera-egin-dau-5-400-lagunek-jazarpena-edo-bereizkeria-jasaten-dabe\/#article","isPartOf":{"@id":"https:\/\/bizkeliza.org\/eu\/noticia\/erlejino-askatasunak-atzera-egin-dau-5-400-lagunek-jazarpena-edo-bereizkeria-jasaten-dabe\/"},"author":{"name":"dalberdi","@id":"https:\/\/bizkeliza.org\/eu\/#\/schema\/person\/acc5e302cb1997bd56026a6980544228"},"headline":"&#8220;Erlejino-askatasunak atzera egin dau: 5.400 lagunek jazarpena edo bereizkeria jasaten dabe&#8221;","datePublished":"2026-03-11T10:30:00+00:00","dateModified":"2026-03-12T10:21:32+00:00","mainEntityOfPage":{"@id":"https:\/\/bizkeliza.org\/eu\/noticia\/erlejino-askatasunak-atzera-egin-dau-5-400-lagunek-jazarpena-edo-bereizkeria-jasaten-dabe\/"},"wordCount":541,"publisher":{"@id":"https:\/\/bizkeliza.org\/eu\/#organization"},"image":{"@id":"https:\/\/bizkeliza.org\/eu\/noticia\/erlejino-askatasunak-atzera-egin-dau-5-400-lagunek-jazarpena-edo-bereizkeria-jasaten-dabe\/#primaryimage"},"thumbnailUrl":"https:\/\/bizkeliza.org\/wp-content\/uploads\/2026\/03\/Presentacion-Informe-Libertad-Religiosa.jpg","keywords":["ACN"],"articleSection":["Gotzaina","Lehenengo Orrialdea"],"inLanguage":"eu-ES"},{"@type":"WebPage","@id":"https:\/\/bizkeliza.org\/eu\/noticia\/erlejino-askatasunak-atzera-egin-dau-5-400-lagunek-jazarpena-edo-bereizkeria-jasaten-dabe\/","url":"https:\/\/bizkeliza.org\/eu\/noticia\/erlejino-askatasunak-atzera-egin-dau-5-400-lagunek-jazarpena-edo-bereizkeria-jasaten-dabe\/","name":"\"Erlejino-askatasunak atzera egin dau: 5.400 lagunek jazarpena edo bereizkeria jasaten dabe\"","isPartOf":{"@id":"https:\/\/bizkeliza.org\/eu\/#website"},"primaryImageOfPage":{"@id":"https:\/\/bizkeliza.org\/eu\/noticia\/erlejino-askatasunak-atzera-egin-dau-5-400-lagunek-jazarpena-edo-bereizkeria-jasaten-dabe\/#primaryimage"},"image":{"@id":"https:\/\/bizkeliza.org\/eu\/noticia\/erlejino-askatasunak-atzera-egin-dau-5-400-lagunek-jazarpena-edo-bereizkeria-jasaten-dabe\/#primaryimage"},"thumbnailUrl":"https:\/\/bizkeliza.org\/wp-content\/uploads\/2026\/03\/Presentacion-Informe-Libertad-Religiosa.jpg","datePublished":"2026-03-11T10:30:00+00:00","dateModified":"2026-03-12T10:21:32+00:00","description":"Atzo, Laguntasuna Preminan dan Eleizari\" aita santuaren fundazionoak erlejino-askatasunaren inguruko 2025eko txostena aurkeztu eban BIlbon","breadcrumb":{"@id":"https:\/\/bizkeliza.org\/eu\/noticia\/erlejino-askatasunak-atzera-egin-dau-5-400-lagunek-jazarpena-edo-bereizkeria-jasaten-dabe\/#breadcrumb"},"inLanguage":"eu-ES","potentialAction":[{"@type":"ReadAction","target":["https:\/\/bizkeliza.org\/eu\/noticia\/erlejino-askatasunak-atzera-egin-dau-5-400-lagunek-jazarpena-edo-bereizkeria-jasaten-dabe\/"]}]},{"@type":"ImageObject","inLanguage":"eu-ES","@id":"https:\/\/bizkeliza.org\/eu\/noticia\/erlejino-askatasunak-atzera-egin-dau-5-400-lagunek-jazarpena-edo-bereizkeria-jasaten-dabe\/#primaryimage","url":"https:\/\/bizkeliza.org\/wp-content\/uploads\/2026\/03\/Presentacion-Informe-Libertad-Religiosa.jpg","contentUrl":"https:\/\/bizkeliza.org\/wp-content\/uploads\/2026\/03\/Presentacion-Informe-Libertad-Religiosa.jpg","width":800,"height":600,"caption":"Un momento de la presentaci\u00f3n ayer"},{"@type":"BreadcrumbList","@id":"https:\/\/bizkeliza.org\/eu\/noticia\/erlejino-askatasunak-atzera-egin-dau-5-400-lagunek-jazarpena-edo-bereizkeria-jasaten-dabe\/#breadcrumb","itemListElement":[{"@type":"ListItem","position":1,"name":"Portada","item":"https:\/\/bizkeliza.org\/eu\/"},{"@type":"ListItem","position":2,"name":"&#8220;Erlejino-askatasunak atzera egin dau: 5.400 lagunek jazarpena edo bereizkeria jasaten dabe&#8221;"}]},{"@type":"WebSite","@id":"https:\/\/bizkeliza.org\/eu\/#website","url":"https:\/\/bizkeliza.org\/eu\/","name":"Bilboko Elizbarrutia - Di\u00f3cesis de Bilbao","description":"Di\u00f3cesis de Bilbao","publisher":{"@id":"https:\/\/bizkeliza.org\/eu\/#organization"},"alternateName":"Di\u00f3cesis de Bilbao","potentialAction":[{"@type":"SearchAction","target":{"@type":"EntryPoint","urlTemplate":"https:\/\/bizkeliza.org\/eu\/?s={search_term_string}"},"query-input":{"@type":"PropertyValueSpecification","valueRequired":true,"valueName":"search_term_string"}}],"inLanguage":"eu-ES"},{"@type":"Organization","@id":"https:\/\/bizkeliza.org\/eu\/#organization","name":"Di\u00f3cesis de Bilbao","alternateName":"Di\u00f3cesis de Bilbao","url":"https:\/\/bizkeliza.org\/eu\/","logo":{"@type":"ImageObject","inLanguage":"eu-ES","@id":"https:\/\/bizkeliza.org\/eu\/#\/schema\/logo\/image\/","url":"https:\/\/bizkeliza.org\/wp-content\/uploads\/2022\/06\/Logo-nuevo_2024-1-scaled.jpg","contentUrl":"https:\/\/bizkeliza.org\/wp-content\/uploads\/2022\/06\/Logo-nuevo_2024-1-scaled.jpg","width":2560,"height":1024,"caption":"Di\u00f3cesis de Bilbao"},"image":{"@id":"https:\/\/bizkeliza.org\/eu\/#\/schema\/logo\/image\/"},"sameAs":["https:\/\/www.facebook.com\/DiocesisBilbao\/","https:\/\/x.com\/DiocesisBilbao","https:\/\/www.instagram.com\/obispadobilbao\/","https:\/\/www.youtube.com\/user\/bilbokoelizbarrutia"],"description":"Iglesia local de Bilbao perteneciente a la Iglesia Cat\u00f3lica"},{"@type":"Person","@id":"https:\/\/bizkeliza.org\/eu\/#\/schema\/person\/acc5e302cb1997bd56026a6980544228","name":"dalberdi"}]}},"jetpack_featured_media_url":"https:\/\/bizkeliza.org\/wp-content\/uploads\/2026\/03\/Presentacion-Informe-Libertad-Religiosa.jpg","_links":{"self":[{"href":"https:\/\/bizkeliza.org\/eu\/wp-json\/wp\/v2\/posts\/185134","targetHints":{"allow":["GET"]}}],"collection":[{"href":"https:\/\/bizkeliza.org\/eu\/wp-json\/wp\/v2\/posts"}],"about":[{"href":"https:\/\/bizkeliza.org\/eu\/wp-json\/wp\/v2\/types\/post"}],"author":[{"embeddable":true,"href":"https:\/\/bizkeliza.org\/eu\/wp-json\/wp\/v2\/users\/19"}],"replies":[{"embeddable":true,"href":"https:\/\/bizkeliza.org\/eu\/wp-json\/wp\/v2\/comments?post=185134"}],"version-history":[{"count":0,"href":"https:\/\/bizkeliza.org\/eu\/wp-json\/wp\/v2\/posts\/185134\/revisions"}],"wp:featuredmedia":[{"embeddable":true,"href":"https:\/\/bizkeliza.org\/eu\/wp-json\/wp\/v2\/media\/185049"}],"wp:attachment":[{"href":"https:\/\/bizkeliza.org\/eu\/wp-json\/wp\/v2\/media?parent=185134"}],"wp:term":[{"taxonomy":"category","embeddable":true,"href":"https:\/\/bizkeliza.org\/eu\/wp-json\/wp\/v2\/categories?post=185134"},{"taxonomy":"post_tag","embeddable":true,"href":"https:\/\/bizkeliza.org\/eu\/wp-json\/wp\/v2\/tags?post=185134"}],"curies":[{"name":"wp","href":"https:\/\/api.w.org\/{rel}","templated":true}]}}