{"id":187904,"date":"2026-04-23T06:00:00","date_gmt":"2026-04-23T04:00:00","guid":{"rendered":"https:\/\/bizkeliza.org\/?p=187904"},"modified":"2026-04-22T15:27:06","modified_gmt":"2026-04-22T13:27:06","slug":"liburuaren-eta-egile-eskubideen-nazinoarteko-eguna","status":"publish","type":"post","link":"https:\/\/bizkeliza.org\/eu\/noticia\/liburuaren-eta-egile-eskubideen-nazinoarteko-eguna\/","title":{"rendered":"Liburuaren eta egile-eskubideen nazinoarteko eguna"},"content":{"rendered":"\n<p>Urte bete honetan Institutuan gehien eskatu diran 10 liburuak.<\/p>\n\n<figure class=\"wp-block-image size-large\"><img decoding=\"async\" width=\"1024\" height=\"989\" src=\"https:\/\/bizkeliza.org\/wp-content\/uploads\/2026\/04\/Dia-Internacional-del-Libro-1024x989.jpg\" alt=\"\" class=\"wp-image-187913\" srcset=\"https:\/\/bizkeliza.org\/wp-content\/uploads\/2026\/04\/Dia-Internacional-del-Libro-980x947.jpg 980w, https:\/\/bizkeliza.org\/wp-content\/uploads\/2026\/04\/Dia-Internacional-del-Libro-480x464.jpg 480w\" sizes=\"(min-width: 0px) and (max-width: 480px) 480px, (min-width: 481px) and (max-width: 980px) 980px, (min-width: 981px) 1024px, 100vw\" \/><\/figure>\n\n<h3 class=\"wp-block-heading\" id=\"h-\"><\/h3>\n\n<p><p><strong>(2025-4-23 \/ 2026-4-23)<\/strong><\/p><\/p>\n\n<ul class=\"wp-block-list\">\n<li>Franz JALICS, <strong>Manual de oraci\u00f3n. Nueve propuestas para el entrenamiento espiritual<\/strong>, S\u00edgueme, Salamanca, 2022.<\/li>\n\n\n\n<li>C\u00e9sar KUZMA, ed., <strong>El laicado en una Iglesia sinodal. Corresponsabilidad, participaci\u00f3n y misi\u00f3n<\/strong>, San Pablo, Madrid, 2024.<\/li>\n\n\n\n<li>Dacia MARAINI, <strong>Clara de As\u00eds. Elogio de la desobediencia<\/strong>, Altamarea, Madrid, 2021.<\/li>\n\n\n\n<li>KARRAM, Margaret, ETC., <strong>Sembrar la paz. Una paz desarmada y desarmante<\/strong>, Ciudad Nueva, Madrid, 2025.<\/li>\n\n\n\n<li>Byung-Chul HAN, <strong>Sobre Dios. Pensar con Simone Weil<\/strong>, Paid\u00f3s, Barcelona, 2025.<\/li>\n\n\n\n<li>J.B. WELLS, etc., <strong>Mujeres y ministerios en la Iglesia sinodal. Un di\u00e1logo abierto<\/strong>, Paulinas, Madrid, 2025.<\/li>\n\n\n\n<li>Javier CERCAS, <strong>El loco de Dios en el fin del mundo<\/strong>, Random House, Barcelona, 2025.<\/li>\n\n\n\n<li>Mikel AYESTAR\u00c1N, <strong>Historias de Gaza. La vida entre guerras<\/strong>, Pen\u00ednsula, Barcelona, 2025.<\/li>\n\n\n\n<li>Ignacio SEP\u00daLVEDA DEL R\u00cdO y \u00c1ngel VI\u00d1AS, eds., <strong>Repensando la espiritualidad, la religi\u00f3n y el cristianismo en un mundo postsecular,<\/strong>\u00a0Tirant Humanidades, Valencia, 2024.<\/li>\n\n\n\n<li>Rom\u00e1n \u00c1ngel PARDO MANRIQUE, coord., <strong>Cuidar la creaci\u00f3n. Retos para una ecoteolog\u00eda. LII Jornadas de la Facultad de Teolog\u00eda de la UPSA<\/strong>, PPC, Universidad Pontificia de Salamanca, Boadilla del Monte (Madrid), 2022.<\/li>\n<\/ul>\n\n<h3 class=\"wp-block-heading\" id=\"h-presentacion-de-un-libro-esta-tarde-en-begona\"><p><strong>Liburu baten aurkezpena, arratsaldez, Bego\u00f1an<\/strong><\/p><\/h3>\n\n<p><p>Liburuaren Egunagaz bat, gaur arratsaldez, Bilboko ikastola baten filosofia-, historia-, psikologia- eta erlejino-irakasle dan <strong>Emilio Ma\u00f1as Ruizen\u00a0<\/strong><em>&#8220;<strong>El Santuario de Bego\u00f1a (Bilbao) y el nacionalismo vasco en la Historia Contempor\u00e1nea y Actual vasca (1792-2026)&#8221; <\/strong><\/em>liburua aurkeztuko da Bego\u00f1ako basilikan. <strong>Nestor Artola<\/strong> Teologia eta Filosofian lizentziaduna eta Portugaleteko Andra Mari ikastetxeko irakasleak egingo dau aurkezpena.\u00a0<\/p><\/p>\n\n<p id=\"h-el-libro-esta-disponible-en-la-libreria-diocesana-jakinbide-emilio-manas-publica-el-santuario-de-begona-bilbao-y-el-nacionalismo-vasco-en-la-historia-contemporanea-y-actual-vasca-1792-2026-https-radiopopular-com-podcast-emilio-manas-publica-el-santuario-de-begona-bilbao-y-el-nacionalismo-vasco-en-la-historia-contemporanea-y-actual-vasca-1792-2026\"><p><strong>Liburu hau, Jakinbide eleizbarrutiko liburu-dendan erosi daiteke<\/strong><\/p><\/p>\n\n<p id=\"h-el-libro-esta-disponible-en-la-libreria-diocesana-jakinbide-emilio-manas-publica-el-santuario-de-begona-bilbao-y-el-nacionalismo-vasco-en-la-historia-contemporanea-y-actual-vasca-1792-2026-https-radiopopular-com-podcast-emilio-manas-publica-el-santuario-de-begona-bilbao-y-el-nacionalismo-vasco-en-la-historia-contemporanea-y-actual-vasca-1792-2026\"><p><i>Alkarrizketa Radio Popular\/Herri Irratian:<\/i><\/p><\/p>\n\n<p id=\"h-el-libro-esta-disponible-en-la-libreria-diocesana-jakinbide-emilio-manas-publica-el-santuario-de-begona-bilbao-y-el-nacionalismo-vasco-en-la-historia-contemporanea-y-actual-vasca-1792-2026-https-radiopopular-com-podcast-emilio-manas-publica-el-santuario-de-begona-bilbao-y-el-nacionalismo-vasco-en-la-historia-contemporanea-y-actual-vasca-1792-2026\"><strong><a href=\"https:\/\/radiopopular.com\/podcast\/emilio-manas-publica-el-santuario-de-begona-bilbao-y-el-nacionalismo-vasco-en-la-historia-contemporanea-y-actual-vasca-1792-2026\">https:\/\/radiopopular.com\/podcast\/emilio-manas-publica-el-santuario-de-begona-bilbao-y-el-nacionalismo-vasco-en-la-historia-contemporanea-y-actual-vasca-1792-2026<\/a><\/strong><\/p>\n","protected":false},"excerpt":{"rendered":"<p>Urte bete honetan Institutuan gehien eskatu diran 10 liburuak. (2025-4-23 \/ 2026-4-23) Liburu baten aurkezpena, arratsaldez, Bego\u00f1an Liburuaren Egunagaz bat, gaur arratsaldez, Bilboko ikastola baten filosofia-, historia-, psikologia- eta erlejino-irakasle dan Emilio Ma\u00f1as Ruizen\u00a0&#8220;El Santuario de Bego\u00f1a (Bilbao) y el nacionalismo vasco en la Historia Contempor\u00e1nea y Actual vasca (1792-2026)&#8221; liburua aurkeztuko da Bego\u00f1ako basilikan. [&hellip;]<\/p>\n","protected":false},"author":20,"featured_media":89682,"comment_status":"closed","ping_status":"closed","sticky":false,"template":"","format":"standard","meta":{"_acf_changed":false,"_et_pb_use_builder":"off","_et_pb_old_content":"","_et_gb_content_width":"","footnotes":""},"categories":[506],"tags":[1040],"class_list":["post-187904","post","type-post","status-publish","format-standard","has-post-thumbnail","hentry","category-lehenengo-orrialdea","tag-liburutegia"],"acf":[],"yoast_head":"<!-- This site is optimized with the Yoast SEO Premium plugin v27.2 (Yoast SEO v27.2) - https:\/\/yoast.com\/product\/yoast-seo-premium-wordpress\/ -->\n<title>Liburuaren eta egile-eskubideen nazinoarteko eguna<\/title>\n<meta name=\"description\" content=\"bidean gidatzeko. Oraingoan, baliagarri izan daiteke Liburuaren aurreko egunetik hona maileguz gehien itzitako liburuen zerrenda.\" \/>\n<meta name=\"robots\" content=\"index, follow, max-snippet:-1, max-image-preview:large, max-video-preview:-1\" \/>\n<link rel=\"canonical\" href=\"https:\/\/bizkeliza.org\/eu\/noticia\/liburuaren-eta-egile-eskubideen-nazinoarteko-eguna\/\" \/>\n<meta property=\"og:locale\" content=\"eu_ES\" \/>\n<meta property=\"og:type\" content=\"article\" \/>\n<meta property=\"og:title\" content=\"Liburuaren eta egile-eskubideen nazinoarteko eguna\" \/>\n<meta property=\"og:description\" content=\"bidean gidatzeko. Oraingoan, baliagarri izan daiteke Liburuaren aurreko egunetik hona maileguz gehien itzitako liburuen zerrenda.\" \/>\n<meta property=\"og:url\" content=\"https:\/\/bizkeliza.org\/eu\/noticia\/liburuaren-eta-egile-eskubideen-nazinoarteko-eguna\/\" \/>\n<meta property=\"og:site_name\" content=\"Bilboko Elizbarrutia - Di\u00f3cesis de Bilbao\" \/>\n<meta property=\"article:publisher\" content=\"https:\/\/www.facebook.com\/DiocesisBilbao\/\" \/>\n<meta property=\"article:published_time\" content=\"2026-04-23T04:00:00+00:00\" \/>\n<meta property=\"og:image\" content=\"https:\/\/bizkeliza.org\/wp-content\/uploads\/060529conocidos-5.jpg\" \/>\n\t<meta property=\"og:image:width\" content=\"270\" \/>\n\t<meta property=\"og:image:height\" content=\"250\" \/>\n\t<meta property=\"og:image:type\" content=\"image\/jpeg\" \/>\n<meta name=\"author\" content=\"bkareaga\" \/>\n<meta name=\"twitter:card\" content=\"summary_large_image\" \/>\n<meta name=\"twitter:creator\" content=\"@DiocesisBilbao\" \/>\n<meta name=\"twitter:site\" content=\"@DiocesisBilbao\" \/>\n<script type=\"application\/ld+json\" class=\"yoast-schema-graph\">{\"@context\":\"https:\/\/schema.org\",\"@graph\":[{\"@type\":\"Article\",\"@id\":\"https:\/\/bizkeliza.org\/eu\/noticia\/liburuaren-eta-egile-eskubideen-nazinoarteko-eguna\/#article\",\"isPartOf\":{\"@id\":\"https:\/\/bizkeliza.org\/eu\/noticia\/liburuaren-eta-egile-eskubideen-nazinoarteko-eguna\/\"},\"author\":{\"name\":\"bkareaga\",\"@id\":\"https:\/\/bizkeliza.org\/eu\/#\/schema\/person\/1f27c53156256531056d48959c2f2008\"},\"headline\":\"Liburuaren eta egile-eskubideen nazinoarteko eguna\",\"datePublished\":\"2026-04-23T04:00:00+00:00\",\"mainEntityOfPage\":{\"@id\":\"https:\/\/bizkeliza.org\/eu\/noticia\/liburuaren-eta-egile-eskubideen-nazinoarteko-eguna\/\"},\"wordCount\":276,\"publisher\":{\"@id\":\"https:\/\/bizkeliza.org\/eu\/#organization\"},\"image\":{\"@id\":\"https:\/\/bizkeliza.org\/eu\/noticia\/liburuaren-eta-egile-eskubideen-nazinoarteko-eguna\/#primaryimage\"},\"thumbnailUrl\":\"https:\/\/bizkeliza.org\/wp-content\/uploads\/060529conocidos-5.jpg\",\"keywords\":[\"Liburutegia\"],\"articleSection\":[\"Lehenengo Orrialdea\"],\"inLanguage\":\"eu-ES\"},{\"@type\":\"WebPage\",\"@id\":\"https:\/\/bizkeliza.org\/eu\/noticia\/liburuaren-eta-egile-eskubideen-nazinoarteko-eguna\/\",\"url\":\"https:\/\/bizkeliza.org\/eu\/noticia\/liburuaren-eta-egile-eskubideen-nazinoarteko-eguna\/\",\"name\":\"Liburuaren eta egile-eskubideen nazinoarteko eguna\",\"isPartOf\":{\"@id\":\"https:\/\/bizkeliza.org\/eu\/#website\"},\"primaryImageOfPage\":{\"@id\":\"https:\/\/bizkeliza.org\/eu\/noticia\/liburuaren-eta-egile-eskubideen-nazinoarteko-eguna\/#primaryimage\"},\"image\":{\"@id\":\"https:\/\/bizkeliza.org\/eu\/noticia\/liburuaren-eta-egile-eskubideen-nazinoarteko-eguna\/#primaryimage\"},\"thumbnailUrl\":\"https:\/\/bizkeliza.org\/wp-content\/uploads\/060529conocidos-5.jpg\",\"datePublished\":\"2026-04-23T04:00:00+00:00\",\"description\":\"bidean gidatzeko. Oraingoan, baliagarri izan daiteke Liburuaren aurreko egunetik hona maileguz gehien itzitako liburuen zerrenda.\",\"breadcrumb\":{\"@id\":\"https:\/\/bizkeliza.org\/eu\/noticia\/liburuaren-eta-egile-eskubideen-nazinoarteko-eguna\/#breadcrumb\"},\"inLanguage\":\"eu-ES\",\"potentialAction\":[{\"@type\":\"ReadAction\",\"target\":[\"https:\/\/bizkeliza.org\/eu\/noticia\/liburuaren-eta-egile-eskubideen-nazinoarteko-eguna\/\"]}]},{\"@type\":\"ImageObject\",\"inLanguage\":\"eu-ES\",\"@id\":\"https:\/\/bizkeliza.org\/eu\/noticia\/liburuaren-eta-egile-eskubideen-nazinoarteko-eguna\/#primaryimage\",\"url\":\"https:\/\/bizkeliza.org\/wp-content\/uploads\/060529conocidos-5.jpg\",\"contentUrl\":\"https:\/\/bizkeliza.org\/wp-content\/uploads\/060529conocidos-5.jpg\",\"width\":270,\"height\":250},{\"@type\":\"BreadcrumbList\",\"@id\":\"https:\/\/bizkeliza.org\/eu\/noticia\/liburuaren-eta-egile-eskubideen-nazinoarteko-eguna\/#breadcrumb\",\"itemListElement\":[{\"@type\":\"ListItem\",\"position\":1,\"name\":\"Portada\",\"item\":\"https:\/\/bizkeliza.org\/eu\/\"},{\"@type\":\"ListItem\",\"position\":2,\"name\":\"Liburuaren eta egile-eskubideen nazinoarteko eguna\"}]},{\"@type\":\"WebSite\",\"@id\":\"https:\/\/bizkeliza.org\/eu\/#website\",\"url\":\"https:\/\/bizkeliza.org\/eu\/\",\"name\":\"Bilboko Elizbarrutia - Di\u00f3cesis de Bilbao\",\"description\":\"Di\u00f3cesis de Bilbao\",\"publisher\":{\"@id\":\"https:\/\/bizkeliza.org\/eu\/#organization\"},\"alternateName\":\"Di\u00f3cesis de Bilbao\",\"potentialAction\":[{\"@type\":\"SearchAction\",\"target\":{\"@type\":\"EntryPoint\",\"urlTemplate\":\"https:\/\/bizkeliza.org\/eu\/?s={search_term_string}\"},\"query-input\":{\"@type\":\"PropertyValueSpecification\",\"valueRequired\":true,\"valueName\":\"search_term_string\"}}],\"inLanguage\":\"eu-ES\"},{\"@type\":\"Organization\",\"@id\":\"https:\/\/bizkeliza.org\/eu\/#organization\",\"name\":\"Di\u00f3cesis de Bilbao\",\"alternateName\":\"Di\u00f3cesis de Bilbao\",\"url\":\"https:\/\/bizkeliza.org\/eu\/\",\"logo\":{\"@type\":\"ImageObject\",\"inLanguage\":\"eu-ES\",\"@id\":\"https:\/\/bizkeliza.org\/eu\/#\/schema\/logo\/image\/\",\"url\":\"https:\/\/bizkeliza.org\/wp-content\/uploads\/2022\/06\/Logo-nuevo_2024-1-scaled.jpg\",\"contentUrl\":\"https:\/\/bizkeliza.org\/wp-content\/uploads\/2022\/06\/Logo-nuevo_2024-1-scaled.jpg\",\"width\":2560,\"height\":1024,\"caption\":\"Di\u00f3cesis de Bilbao\"},\"image\":{\"@id\":\"https:\/\/bizkeliza.org\/eu\/#\/schema\/logo\/image\/\"},\"sameAs\":[\"https:\/\/www.facebook.com\/DiocesisBilbao\/\",\"https:\/\/x.com\/DiocesisBilbao\",\"https:\/\/www.instagram.com\/obispadobilbao\/\",\"https:\/\/www.youtube.com\/user\/bilbokoelizbarrutia\"],\"description\":\"Iglesia local de Bilbao perteneciente a la Iglesia Cat\u00f3lica\"},{\"@type\":\"Person\",\"@id\":\"https:\/\/bizkeliza.org\/eu\/#\/schema\/person\/1f27c53156256531056d48959c2f2008\",\"name\":\"bkareaga\"}]}<\/script>\n<!-- \/ Yoast SEO Premium plugin. -->","yoast_head_json":{"title":"Liburuaren eta egile-eskubideen nazinoarteko eguna","description":"bidean gidatzeko. Oraingoan, baliagarri izan daiteke Liburuaren aurreko egunetik hona maileguz gehien itzitako liburuen zerrenda.","robots":{"index":"index","follow":"follow","max-snippet":"max-snippet:-1","max-image-preview":"max-image-preview:large","max-video-preview":"max-video-preview:-1"},"canonical":"https:\/\/bizkeliza.org\/eu\/noticia\/liburuaren-eta-egile-eskubideen-nazinoarteko-eguna\/","og_locale":"eu_ES","og_type":"article","og_title":"Liburuaren eta egile-eskubideen nazinoarteko eguna","og_description":"bidean gidatzeko. Oraingoan, baliagarri izan daiteke Liburuaren aurreko egunetik hona maileguz gehien itzitako liburuen zerrenda.","og_url":"https:\/\/bizkeliza.org\/eu\/noticia\/liburuaren-eta-egile-eskubideen-nazinoarteko-eguna\/","og_site_name":"Bilboko Elizbarrutia - Di\u00f3cesis de Bilbao","article_publisher":"https:\/\/www.facebook.com\/DiocesisBilbao\/","article_published_time":"2026-04-23T04:00:00+00:00","og_image":[{"width":270,"height":250,"url":"https:\/\/bizkeliza.org\/wp-content\/uploads\/060529conocidos-5.jpg","type":"image\/jpeg"}],"author":"bkareaga","twitter_card":"summary_large_image","twitter_creator":"@DiocesisBilbao","twitter_site":"@DiocesisBilbao","schema":{"@context":"https:\/\/schema.org","@graph":[{"@type":"Article","@id":"https:\/\/bizkeliza.org\/eu\/noticia\/liburuaren-eta-egile-eskubideen-nazinoarteko-eguna\/#article","isPartOf":{"@id":"https:\/\/bizkeliza.org\/eu\/noticia\/liburuaren-eta-egile-eskubideen-nazinoarteko-eguna\/"},"author":{"name":"bkareaga","@id":"https:\/\/bizkeliza.org\/eu\/#\/schema\/person\/1f27c53156256531056d48959c2f2008"},"headline":"Liburuaren eta egile-eskubideen nazinoarteko eguna","datePublished":"2026-04-23T04:00:00+00:00","mainEntityOfPage":{"@id":"https:\/\/bizkeliza.org\/eu\/noticia\/liburuaren-eta-egile-eskubideen-nazinoarteko-eguna\/"},"wordCount":276,"publisher":{"@id":"https:\/\/bizkeliza.org\/eu\/#organization"},"image":{"@id":"https:\/\/bizkeliza.org\/eu\/noticia\/liburuaren-eta-egile-eskubideen-nazinoarteko-eguna\/#primaryimage"},"thumbnailUrl":"https:\/\/bizkeliza.org\/wp-content\/uploads\/060529conocidos-5.jpg","keywords":["Liburutegia"],"articleSection":["Lehenengo Orrialdea"],"inLanguage":"eu-ES"},{"@type":"WebPage","@id":"https:\/\/bizkeliza.org\/eu\/noticia\/liburuaren-eta-egile-eskubideen-nazinoarteko-eguna\/","url":"https:\/\/bizkeliza.org\/eu\/noticia\/liburuaren-eta-egile-eskubideen-nazinoarteko-eguna\/","name":"Liburuaren eta egile-eskubideen nazinoarteko eguna","isPartOf":{"@id":"https:\/\/bizkeliza.org\/eu\/#website"},"primaryImageOfPage":{"@id":"https:\/\/bizkeliza.org\/eu\/noticia\/liburuaren-eta-egile-eskubideen-nazinoarteko-eguna\/#primaryimage"},"image":{"@id":"https:\/\/bizkeliza.org\/eu\/noticia\/liburuaren-eta-egile-eskubideen-nazinoarteko-eguna\/#primaryimage"},"thumbnailUrl":"https:\/\/bizkeliza.org\/wp-content\/uploads\/060529conocidos-5.jpg","datePublished":"2026-04-23T04:00:00+00:00","description":"bidean gidatzeko. Oraingoan, baliagarri izan daiteke Liburuaren aurreko egunetik hona maileguz gehien itzitako liburuen zerrenda.","breadcrumb":{"@id":"https:\/\/bizkeliza.org\/eu\/noticia\/liburuaren-eta-egile-eskubideen-nazinoarteko-eguna\/#breadcrumb"},"inLanguage":"eu-ES","potentialAction":[{"@type":"ReadAction","target":["https:\/\/bizkeliza.org\/eu\/noticia\/liburuaren-eta-egile-eskubideen-nazinoarteko-eguna\/"]}]},{"@type":"ImageObject","inLanguage":"eu-ES","@id":"https:\/\/bizkeliza.org\/eu\/noticia\/liburuaren-eta-egile-eskubideen-nazinoarteko-eguna\/#primaryimage","url":"https:\/\/bizkeliza.org\/wp-content\/uploads\/060529conocidos-5.jpg","contentUrl":"https:\/\/bizkeliza.org\/wp-content\/uploads\/060529conocidos-5.jpg","width":270,"height":250},{"@type":"BreadcrumbList","@id":"https:\/\/bizkeliza.org\/eu\/noticia\/liburuaren-eta-egile-eskubideen-nazinoarteko-eguna\/#breadcrumb","itemListElement":[{"@type":"ListItem","position":1,"name":"Portada","item":"https:\/\/bizkeliza.org\/eu\/"},{"@type":"ListItem","position":2,"name":"Liburuaren eta egile-eskubideen nazinoarteko eguna"}]},{"@type":"WebSite","@id":"https:\/\/bizkeliza.org\/eu\/#website","url":"https:\/\/bizkeliza.org\/eu\/","name":"Bilboko Elizbarrutia - Di\u00f3cesis de Bilbao","description":"Di\u00f3cesis de Bilbao","publisher":{"@id":"https:\/\/bizkeliza.org\/eu\/#organization"},"alternateName":"Di\u00f3cesis de Bilbao","potentialAction":[{"@type":"SearchAction","target":{"@type":"EntryPoint","urlTemplate":"https:\/\/bizkeliza.org\/eu\/?s={search_term_string}"},"query-input":{"@type":"PropertyValueSpecification","valueRequired":true,"valueName":"search_term_string"}}],"inLanguage":"eu-ES"},{"@type":"Organization","@id":"https:\/\/bizkeliza.org\/eu\/#organization","name":"Di\u00f3cesis de Bilbao","alternateName":"Di\u00f3cesis de Bilbao","url":"https:\/\/bizkeliza.org\/eu\/","logo":{"@type":"ImageObject","inLanguage":"eu-ES","@id":"https:\/\/bizkeliza.org\/eu\/#\/schema\/logo\/image\/","url":"https:\/\/bizkeliza.org\/wp-content\/uploads\/2022\/06\/Logo-nuevo_2024-1-scaled.jpg","contentUrl":"https:\/\/bizkeliza.org\/wp-content\/uploads\/2022\/06\/Logo-nuevo_2024-1-scaled.jpg","width":2560,"height":1024,"caption":"Di\u00f3cesis de Bilbao"},"image":{"@id":"https:\/\/bizkeliza.org\/eu\/#\/schema\/logo\/image\/"},"sameAs":["https:\/\/www.facebook.com\/DiocesisBilbao\/","https:\/\/x.com\/DiocesisBilbao","https:\/\/www.instagram.com\/obispadobilbao\/","https:\/\/www.youtube.com\/user\/bilbokoelizbarrutia"],"description":"Iglesia local de Bilbao perteneciente a la Iglesia Cat\u00f3lica"},{"@type":"Person","@id":"https:\/\/bizkeliza.org\/eu\/#\/schema\/person\/1f27c53156256531056d48959c2f2008","name":"bkareaga"}]}},"jetpack_featured_media_url":"https:\/\/bizkeliza.org\/wp-content\/uploads\/060529conocidos-5.jpg","_links":{"self":[{"href":"https:\/\/bizkeliza.org\/eu\/wp-json\/wp\/v2\/posts\/187904","targetHints":{"allow":["GET"]}}],"collection":[{"href":"https:\/\/bizkeliza.org\/eu\/wp-json\/wp\/v2\/posts"}],"about":[{"href":"https:\/\/bizkeliza.org\/eu\/wp-json\/wp\/v2\/types\/post"}],"author":[{"embeddable":true,"href":"https:\/\/bizkeliza.org\/eu\/wp-json\/wp\/v2\/users\/20"}],"replies":[{"embeddable":true,"href":"https:\/\/bizkeliza.org\/eu\/wp-json\/wp\/v2\/comments?post=187904"}],"version-history":[{"count":1,"href":"https:\/\/bizkeliza.org\/eu\/wp-json\/wp\/v2\/posts\/187904\/revisions"}],"predecessor-version":[{"id":187992,"href":"https:\/\/bizkeliza.org\/eu\/wp-json\/wp\/v2\/posts\/187904\/revisions\/187992"}],"wp:featuredmedia":[{"embeddable":true,"href":"https:\/\/bizkeliza.org\/eu\/wp-json\/wp\/v2\/media\/89682"}],"wp:attachment":[{"href":"https:\/\/bizkeliza.org\/eu\/wp-json\/wp\/v2\/media?parent=187904"}],"wp:term":[{"taxonomy":"category","embeddable":true,"href":"https:\/\/bizkeliza.org\/eu\/wp-json\/wp\/v2\/categories?post=187904"},{"taxonomy":"post_tag","embeddable":true,"href":"https:\/\/bizkeliza.org\/eu\/wp-json\/wp\/v2\/tags?post=187904"}],"curies":[{"name":"wp","href":"https:\/\/api.w.org\/{rel}","templated":true}]}}