{"id":188234,"date":"2026-04-27T06:00:00","date_gmt":"2026-04-27T04:00:00","guid":{"rendered":"https:\/\/bizkeliza.org\/noticia\/inaki-serrano-abadea-hil-da-bere-balioek-pertsona-lehenesten-eben\/"},"modified":"2026-04-27T09:55:34","modified_gmt":"2026-04-27T07:55:34","slug":"inaki-serrano-abadea-hil-da-bere-balioek-pertsona-lehenesten-eben","status":"publish","type":"post","link":"https:\/\/bizkeliza.org\/eu\/noticia\/inaki-serrano-abadea-hil-da-bere-balioek-pertsona-lehenesten-eben\/","title":{"rendered":"I\u00f1aki Serrano abadea hil da: &#8220;Bere balioek pertsona lehenesten eben&#8221;"},"content":{"rendered":"\n<p><\/p>\n\n<p><p><strong>I\u00f1aki Serrano<\/strong> 1941eko uztailaren 25ean jsio zan eta 1967ko irailaren 10ean egin zan abade. Lehenengo eta behin <strong>Etxebarriko San Esteban parrokian<\/strong> jardun eban (1967-1970) abade lagunkide lez. 1970ean, parrokia bereko ekonomo izendatu eben.<\/p><\/p>\n\n<p><p>1973 eta 1978 bitartean, filosofia-ikasketak egin ebazan <strong>Erroman<\/strong> eta, handik bueltan, <strong>Mamarigan (Santurtzi)<\/strong> jardun eban pastoralgintzan eta hartu-emon estua izan eban herriko komunitate erlijiosoakaz. Gainera, urte luzez izan zan legeria eta etikako irakasle <strong>Euskal Herriko Unibertsitateko Erizaintza-eskolan<\/strong> eta <strong>Bizkaiko Foru Aldundiko gizarte ongizaterako sailean<\/strong> lan egin eban.<\/p><\/p>\n\n<h3 class=\"wp-block-heading\" id=\"h-aspaldiko\"><strong>Aspaldiko<\/strong><strong><\/strong><\/h3>\n\n<p><p><strong>I\u00f1aki Serrano <\/strong><strong><a href=\"https:\/\/www.aspaldiko.org\/\">Aspaldiko<\/a> Fundazinoko <\/strong><strong>Patronatu-batzordeko<\/strong> kide izan zan sortu zanetik, bertan 25 urte iraunez (1999tik 2024ra).\u00a0<\/p><\/p>\n\n<p><p>Gaur egun Patronatu-batzordeko presidente dan <strong>Eneritz Gomez de Segura Etxebarriak,<\/strong> honako berbok eskaini deutsoz:<\/p><\/p>\n\n<p><em><strong>\u201cLa junta de Patronato de la Fundaci\u00f3n <a href=\"https:\/\/www.aspaldiko.org\/\">Aspaldiko<\/a><\/strong> quiere reconocer y agradecer profundamente el tiempo y cari\u00f1o que <strong>I\u00f1aki Serrano <\/strong>ha regalado a <strong><a href=\"https:\/\/www.aspaldiko.org\/\">Aspaldiko <\/a><\/strong>durante toda su vida. Sus valores pon\u00edan en el centro a la persona, y lo hac\u00eda valer en cada di\u00e1logo, debate y decisi\u00f3n compartida durante todos estos a\u00f1os.<\/em><\/p>\n\n<p><em>Muchas personas en esta casa han sido testigos de su entrega y han podido compartir desde lo cotidiano mucho mas de lo que lo hemos podido hacer desde esta junta de patronato, por eso, sus testimonios hoy son el tesoro que <strong>I\u00f1aki <\/strong>ha dejado sembrado en <strong>Aspaldiko<\/strong>.\u00a0Eskerrik asko bihotzez <strong>I\u00f1aki<\/strong>\u201d.<\/em><\/p>\n\n<p><p><strong>Carlos Bargos, <\/strong>gaur egun eleizbarrutiko idazkari nagusi dan eta aurretik <strong><a href=\"https:\/\/www.caritasbi.org\/\">C\u00e1ritas Bizkaia<\/a><\/strong> erakundeko zuzendari izan zana be <a href=\"https:\/\/www.aspaldiko.org\/\"><strong>Aspaldiko<\/strong> <\/a><strong>Patronatu-batzordeko <\/strong>kide izan zan 11 urtez, <strong>I\u00f1aki Serranogaz<\/strong> batera lan eginez, eta hauxe dino hari buruz: <em>\u201csacerdote comprometido, persona entra\u00f1able y figura esencial en la historia de la Fundaci\u00f3n\u201d.<\/em>\u00a0<strong>Bargosek<\/strong> nabarmendu dauanez, I\u00f1aki <strong><a href=\"https:\/\/www.aspaldiko.org\/\">Aspaldikoren <\/a><\/strong>sorrera ekarri eban lehenengo patronatuko kide izan zan,<em>\u00a0\u201ccontribuyendo desde sus or\u00edgenes con entrega y compromiso\u201d <\/em> y que durante m\u00e1s de 25 a\u00f1os mantuvo vivo ese v\u00ednculo, <em>&#8220;acompa\u00f1ando a la fundaci\u00f3n con la misma generosidad y convicci\u00f3n con que habia comenzado\u201d.<\/em><\/p><\/p>\n\n<h3 class=\"wp-block-heading\" id=\"h-salud\"><p><strong>Osasuna<\/strong><\/p><\/h3>\n\n<p><p><em>\u201cSu vocaci\u00f3n por la salud fue algo m\u00e1s que una formaci\u00f3n: era una pasi\u00f3n <\/em>-nabarmendu dau <strong>Bargosek<\/strong>-. <em>Con estudios en enfermer\u00eda y una permanente curiosidad intelectual, nunca dej\u00f3 de aprender ni de crecer en ese campo, porque <strong>para I\u00f1aki el servicio de las personas era siempre una tarea inacabada y urgente.<\/strong><\/em><\/p><\/p>\n\n<p><em>Quienes tuvieron la suerte de tratarle recordar\u00e1n a un hombre inteligente, de mirada aguda y humor fino, capaz de destilar en una sola frase la iron\u00eda justa y la calidez necesaria. Disfrutaba del encuentro con las personas \u2014del di\u00e1logo sincero, de la conversaci\u00f3n que nutre\u2014 y eso se notaba en cada reuni\u00f3n, en cada gesto.<\/em><\/p>\n\n<p><em>Nos deja una huella dif\u00edcil de borrar: la de alguien que supo combinar fe, cuidado y humanidad con una coherencia admirable.\u00a0Descanse en paz, <strong>I\u00f1aki<\/strong>\u201d<\/em>.<\/p>\n","protected":false},"excerpt":{"rendered":"<p>I\u00f1aki Serrano 1941eko uztailaren 25ean jsio zan eta 1967ko irailaren 10ean egin zan abade. Lehenengo eta behin Etxebarriko San Esteban parrokian jardun eban (1967-1970) abade lagunkide lez. 1970ean, parrokia bereko ekonomo izendatu eben. 1973 eta 1978 bitartean, filosofia-ikasketak egin ebazan Erroman eta, handik bueltan, Mamarigan (Santurtzi) jardun eban pastoralgintzan eta hartu-emon estua izan eban herriko [&hellip;]<\/p>\n","protected":false},"author":20,"featured_media":188113,"comment_status":"closed","ping_status":"closed","sticky":false,"template":"","format":"standard","meta":{"_acf_changed":false,"_et_pb_use_builder":"off","_et_pb_old_content":"","_et_gb_content_width":"","footnotes":""},"categories":[506],"tags":[141],"class_list":["post-188234","post","type-post","status-publish","format-standard","has-post-thumbnail","hentry","category-lehenengo-orrialdea","tag-obituario"],"acf":[],"yoast_head":"<!-- This site is optimized with the Yoast SEO Premium plugin v27.5 (Yoast SEO v27.5) - https:\/\/yoast.com\/product\/yoast-seo-premium-wordpress\/ -->\n<title>I\u00f1aki Serrano abadea hil da: &quot;Bere balioek pertsona lehenesten eben&quot;<\/title>\n<meta name=\"description\" content=\"I\u00f1aki Serrano abadea hil da: &quot;Bere balioek pertsona lehenesten eben&quot;\" \/>\n<meta name=\"robots\" content=\"index, follow, max-snippet:-1, max-image-preview:large, max-video-preview:-1\" \/>\n<link rel=\"canonical\" href=\"https:\/\/bizkeliza.org\/eu\/noticia\/inaki-serrano-abadea-hil-da-bere-balioek-pertsona-lehenesten-eben\/\" \/>\n<meta property=\"og:locale\" content=\"eu_ES\" \/>\n<meta property=\"og:type\" content=\"article\" \/>\n<meta property=\"og:title\" content=\"I\u00f1aki Serrano abadea hil da: &quot;Bere balioek pertsona lehenesten eben&quot;\" \/>\n<meta property=\"og:description\" content=\"I\u00f1aki Serrano abadea hil da: &quot;Bere balioek pertsona lehenesten eben&quot;\" \/>\n<meta property=\"og:url\" content=\"https:\/\/bizkeliza.org\/eu\/noticia\/inaki-serrano-abadea-hil-da-bere-balioek-pertsona-lehenesten-eben\/\" \/>\n<meta property=\"og:site_name\" content=\"Bilboko Elizbarrutia - Di\u00f3cesis de Bilbao\" \/>\n<meta property=\"article:publisher\" content=\"https:\/\/www.facebook.com\/DiocesisBilbao\/\" \/>\n<meta property=\"article:published_time\" content=\"2026-04-27T04:00:00+00:00\" \/>\n<meta property=\"article:modified_time\" content=\"2026-04-27T07:55:34+00:00\" \/>\n<meta property=\"og:image\" content=\"https:\/\/bizkeliza.org\/wp-content\/uploads\/2026\/04\/35.-Bodas-de-diamante-oro-y-plata-sacerdotales-2017--scaled.jpg\" \/>\n\t<meta property=\"og:image:width\" content=\"1920\" \/>\n\t<meta property=\"og:image:height\" content=\"2880\" \/>\n\t<meta property=\"og:image:type\" content=\"image\/jpeg\" \/>\n<meta name=\"author\" content=\"bkareaga\" \/>\n<meta name=\"twitter:card\" content=\"summary_large_image\" \/>\n<meta name=\"twitter:creator\" content=\"@DiocesisBilbao\" \/>\n<meta name=\"twitter:site\" content=\"@DiocesisBilbao\" \/>\n<script type=\"application\/ld+json\" class=\"yoast-schema-graph\">{\"@context\":\"https:\\\/\\\/schema.org\",\"@graph\":[{\"@type\":\"Article\",\"@id\":\"https:\\\/\\\/bizkeliza.org\\\/eu\\\/noticia\\\/inaki-serrano-abadea-hil-da-bere-balioek-pertsona-lehenesten-eben\\\/#article\",\"isPartOf\":{\"@id\":\"https:\\\/\\\/bizkeliza.org\\\/eu\\\/noticia\\\/inaki-serrano-abadea-hil-da-bere-balioek-pertsona-lehenesten-eben\\\/\"},\"author\":{\"name\":\"bkareaga\",\"@id\":\"https:\\\/\\\/bizkeliza.org\\\/eu\\\/#\\\/schema\\\/person\\\/1f27c53156256531056d48959c2f2008\"},\"headline\":\"I\u00f1aki Serrano abadea hil da: &#8220;Bere balioek pertsona lehenesten eben&#8221;\",\"datePublished\":\"2026-04-27T04:00:00+00:00\",\"dateModified\":\"2026-04-27T07:55:34+00:00\",\"mainEntityOfPage\":{\"@id\":\"https:\\\/\\\/bizkeliza.org\\\/eu\\\/noticia\\\/inaki-serrano-abadea-hil-da-bere-balioek-pertsona-lehenesten-eben\\\/\"},\"wordCount\":482,\"publisher\":{\"@id\":\"https:\\\/\\\/bizkeliza.org\\\/eu\\\/#organization\"},\"image\":{\"@id\":\"https:\\\/\\\/bizkeliza.org\\\/eu\\\/noticia\\\/inaki-serrano-abadea-hil-da-bere-balioek-pertsona-lehenesten-eben\\\/#primaryimage\"},\"thumbnailUrl\":\"https:\\\/\\\/bizkeliza.org\\\/wp-content\\\/uploads\\\/2026\\\/04\\\/35.-Bodas-de-diamante-oro-y-plata-sacerdotales-2017--scaled.jpg\",\"keywords\":[\"Heriotza-oharra\"],\"articleSection\":[\"Lehenengo Orrialdea\"],\"inLanguage\":\"eu-ES\"},{\"@type\":\"WebPage\",\"@id\":\"https:\\\/\\\/bizkeliza.org\\\/eu\\\/noticia\\\/inaki-serrano-abadea-hil-da-bere-balioek-pertsona-lehenesten-eben\\\/\",\"url\":\"https:\\\/\\\/bizkeliza.org\\\/eu\\\/noticia\\\/inaki-serrano-abadea-hil-da-bere-balioek-pertsona-lehenesten-eben\\\/\",\"name\":\"I\u00f1aki Serrano abadea hil da: \\\"Bere balioek pertsona lehenesten eben\\\"\",\"isPartOf\":{\"@id\":\"https:\\\/\\\/bizkeliza.org\\\/eu\\\/#website\"},\"primaryImageOfPage\":{\"@id\":\"https:\\\/\\\/bizkeliza.org\\\/eu\\\/noticia\\\/inaki-serrano-abadea-hil-da-bere-balioek-pertsona-lehenesten-eben\\\/#primaryimage\"},\"image\":{\"@id\":\"https:\\\/\\\/bizkeliza.org\\\/eu\\\/noticia\\\/inaki-serrano-abadea-hil-da-bere-balioek-pertsona-lehenesten-eben\\\/#primaryimage\"},\"thumbnailUrl\":\"https:\\\/\\\/bizkeliza.org\\\/wp-content\\\/uploads\\\/2026\\\/04\\\/35.-Bodas-de-diamante-oro-y-plata-sacerdotales-2017--scaled.jpg\",\"datePublished\":\"2026-04-27T04:00:00+00:00\",\"dateModified\":\"2026-04-27T07:55:34+00:00\",\"description\":\"I\u00f1aki Serrano abadea hil da: \\\"Bere balioek pertsona lehenesten eben\\\"\",\"breadcrumb\":{\"@id\":\"https:\\\/\\\/bizkeliza.org\\\/eu\\\/noticia\\\/inaki-serrano-abadea-hil-da-bere-balioek-pertsona-lehenesten-eben\\\/#breadcrumb\"},\"inLanguage\":\"eu-ES\",\"potentialAction\":[{\"@type\":\"ReadAction\",\"target\":[\"https:\\\/\\\/bizkeliza.org\\\/eu\\\/noticia\\\/inaki-serrano-abadea-hil-da-bere-balioek-pertsona-lehenesten-eben\\\/\"]}]},{\"@type\":\"ImageObject\",\"inLanguage\":\"eu-ES\",\"@id\":\"https:\\\/\\\/bizkeliza.org\\\/eu\\\/noticia\\\/inaki-serrano-abadea-hil-da-bere-balioek-pertsona-lehenesten-eben\\\/#primaryimage\",\"url\":\"https:\\\/\\\/bizkeliza.org\\\/wp-content\\\/uploads\\\/2026\\\/04\\\/35.-Bodas-de-diamante-oro-y-plata-sacerdotales-2017--scaled.jpg\",\"contentUrl\":\"https:\\\/\\\/bizkeliza.org\\\/wp-content\\\/uploads\\\/2026\\\/04\\\/35.-Bodas-de-diamante-oro-y-plata-sacerdotales-2017--scaled.jpg\",\"width\":1920,\"height\":2880,\"caption\":\"I\u00f1aki Se\"},{\"@type\":\"BreadcrumbList\",\"@id\":\"https:\\\/\\\/bizkeliza.org\\\/eu\\\/noticia\\\/inaki-serrano-abadea-hil-da-bere-balioek-pertsona-lehenesten-eben\\\/#breadcrumb\",\"itemListElement\":[{\"@type\":\"ListItem\",\"position\":1,\"name\":\"Portada\",\"item\":\"https:\\\/\\\/bizkeliza.org\\\/eu\\\/\"},{\"@type\":\"ListItem\",\"position\":2,\"name\":\"I\u00f1aki Serrano abadea hil da: \u00abBere balioek pertsona lehenesten eben\u00bb\"}]},{\"@type\":\"WebSite\",\"@id\":\"https:\\\/\\\/bizkeliza.org\\\/eu\\\/#website\",\"url\":\"https:\\\/\\\/bizkeliza.org\\\/eu\\\/\",\"name\":\"Bilboko Elizbarrutia - Di\u00f3cesis de Bilbao\",\"description\":\"Di\u00f3cesis de Bilbao\",\"publisher\":{\"@id\":\"https:\\\/\\\/bizkeliza.org\\\/eu\\\/#organization\"},\"alternateName\":\"Di\u00f3cesis de Bilbao\",\"potentialAction\":[{\"@type\":\"SearchAction\",\"target\":{\"@type\":\"EntryPoint\",\"urlTemplate\":\"https:\\\/\\\/bizkeliza.org\\\/eu\\\/?s={search_term_string}\"},\"query-input\":{\"@type\":\"PropertyValueSpecification\",\"valueRequired\":true,\"valueName\":\"search_term_string\"}}],\"inLanguage\":\"eu-ES\"},{\"@type\":\"Organization\",\"@id\":\"https:\\\/\\\/bizkeliza.org\\\/eu\\\/#organization\",\"name\":\"Di\u00f3cesis de Bilbao\",\"alternateName\":\"Di\u00f3cesis de Bilbao\",\"url\":\"https:\\\/\\\/bizkeliza.org\\\/eu\\\/\",\"logo\":{\"@type\":\"ImageObject\",\"inLanguage\":\"eu-ES\",\"@id\":\"https:\\\/\\\/bizkeliza.org\\\/eu\\\/#\\\/schema\\\/logo\\\/image\\\/\",\"url\":\"https:\\\/\\\/bizkeliza.org\\\/wp-content\\\/uploads\\\/2022\\\/06\\\/Logo-nuevo_2024-1-scaled.jpg\",\"contentUrl\":\"https:\\\/\\\/bizkeliza.org\\\/wp-content\\\/uploads\\\/2022\\\/06\\\/Logo-nuevo_2024-1-scaled.jpg\",\"width\":2560,\"height\":1024,\"caption\":\"Di\u00f3cesis de Bilbao\"},\"image\":{\"@id\":\"https:\\\/\\\/bizkeliza.org\\\/eu\\\/#\\\/schema\\\/logo\\\/image\\\/\"},\"sameAs\":[\"https:\\\/\\\/www.facebook.com\\\/DiocesisBilbao\\\/\",\"https:\\\/\\\/x.com\\\/DiocesisBilbao\",\"https:\\\/\\\/www.instagram.com\\\/obispadobilbao\\\/\",\"https:\\\/\\\/www.youtube.com\\\/user\\\/bilbokoelizbarrutia\"],\"description\":\"Iglesia local de Bilbao perteneciente a la Iglesia Cat\u00f3lica\"},{\"@type\":\"Person\",\"@id\":\"https:\\\/\\\/bizkeliza.org\\\/eu\\\/#\\\/schema\\\/person\\\/1f27c53156256531056d48959c2f2008\",\"name\":\"bkareaga\"}]}<\/script>\n<!-- \/ Yoast SEO Premium plugin. -->","yoast_head_json":{"title":"I\u00f1aki Serrano abadea hil da: \"Bere balioek pertsona lehenesten eben\"","description":"I\u00f1aki Serrano abadea hil da: \"Bere balioek pertsona lehenesten eben\"","robots":{"index":"index","follow":"follow","max-snippet":"max-snippet:-1","max-image-preview":"max-image-preview:large","max-video-preview":"max-video-preview:-1"},"canonical":"https:\/\/bizkeliza.org\/eu\/noticia\/inaki-serrano-abadea-hil-da-bere-balioek-pertsona-lehenesten-eben\/","og_locale":"eu_ES","og_type":"article","og_title":"I\u00f1aki Serrano abadea hil da: \"Bere balioek pertsona lehenesten eben\"","og_description":"I\u00f1aki Serrano abadea hil da: \"Bere balioek pertsona lehenesten eben\"","og_url":"https:\/\/bizkeliza.org\/eu\/noticia\/inaki-serrano-abadea-hil-da-bere-balioek-pertsona-lehenesten-eben\/","og_site_name":"Bilboko Elizbarrutia - Di\u00f3cesis de Bilbao","article_publisher":"https:\/\/www.facebook.com\/DiocesisBilbao\/","article_published_time":"2026-04-27T04:00:00+00:00","article_modified_time":"2026-04-27T07:55:34+00:00","og_image":[{"width":1920,"height":2880,"url":"https:\/\/bizkeliza.org\/wp-content\/uploads\/2026\/04\/35.-Bodas-de-diamante-oro-y-plata-sacerdotales-2017--scaled.jpg","type":"image\/jpeg"}],"author":"bkareaga","twitter_card":"summary_large_image","twitter_creator":"@DiocesisBilbao","twitter_site":"@DiocesisBilbao","schema":{"@context":"https:\/\/schema.org","@graph":[{"@type":"Article","@id":"https:\/\/bizkeliza.org\/eu\/noticia\/inaki-serrano-abadea-hil-da-bere-balioek-pertsona-lehenesten-eben\/#article","isPartOf":{"@id":"https:\/\/bizkeliza.org\/eu\/noticia\/inaki-serrano-abadea-hil-da-bere-balioek-pertsona-lehenesten-eben\/"},"author":{"name":"bkareaga","@id":"https:\/\/bizkeliza.org\/eu\/#\/schema\/person\/1f27c53156256531056d48959c2f2008"},"headline":"I\u00f1aki Serrano abadea hil da: &#8220;Bere balioek pertsona lehenesten eben&#8221;","datePublished":"2026-04-27T04:00:00+00:00","dateModified":"2026-04-27T07:55:34+00:00","mainEntityOfPage":{"@id":"https:\/\/bizkeliza.org\/eu\/noticia\/inaki-serrano-abadea-hil-da-bere-balioek-pertsona-lehenesten-eben\/"},"wordCount":482,"publisher":{"@id":"https:\/\/bizkeliza.org\/eu\/#organization"},"image":{"@id":"https:\/\/bizkeliza.org\/eu\/noticia\/inaki-serrano-abadea-hil-da-bere-balioek-pertsona-lehenesten-eben\/#primaryimage"},"thumbnailUrl":"https:\/\/bizkeliza.org\/wp-content\/uploads\/2026\/04\/35.-Bodas-de-diamante-oro-y-plata-sacerdotales-2017--scaled.jpg","keywords":["Heriotza-oharra"],"articleSection":["Lehenengo Orrialdea"],"inLanguage":"eu-ES"},{"@type":"WebPage","@id":"https:\/\/bizkeliza.org\/eu\/noticia\/inaki-serrano-abadea-hil-da-bere-balioek-pertsona-lehenesten-eben\/","url":"https:\/\/bizkeliza.org\/eu\/noticia\/inaki-serrano-abadea-hil-da-bere-balioek-pertsona-lehenesten-eben\/","name":"I\u00f1aki Serrano abadea hil da: \"Bere balioek pertsona lehenesten eben\"","isPartOf":{"@id":"https:\/\/bizkeliza.org\/eu\/#website"},"primaryImageOfPage":{"@id":"https:\/\/bizkeliza.org\/eu\/noticia\/inaki-serrano-abadea-hil-da-bere-balioek-pertsona-lehenesten-eben\/#primaryimage"},"image":{"@id":"https:\/\/bizkeliza.org\/eu\/noticia\/inaki-serrano-abadea-hil-da-bere-balioek-pertsona-lehenesten-eben\/#primaryimage"},"thumbnailUrl":"https:\/\/bizkeliza.org\/wp-content\/uploads\/2026\/04\/35.-Bodas-de-diamante-oro-y-plata-sacerdotales-2017--scaled.jpg","datePublished":"2026-04-27T04:00:00+00:00","dateModified":"2026-04-27T07:55:34+00:00","description":"I\u00f1aki Serrano abadea hil da: \"Bere balioek pertsona lehenesten eben\"","breadcrumb":{"@id":"https:\/\/bizkeliza.org\/eu\/noticia\/inaki-serrano-abadea-hil-da-bere-balioek-pertsona-lehenesten-eben\/#breadcrumb"},"inLanguage":"eu-ES","potentialAction":[{"@type":"ReadAction","target":["https:\/\/bizkeliza.org\/eu\/noticia\/inaki-serrano-abadea-hil-da-bere-balioek-pertsona-lehenesten-eben\/"]}]},{"@type":"ImageObject","inLanguage":"eu-ES","@id":"https:\/\/bizkeliza.org\/eu\/noticia\/inaki-serrano-abadea-hil-da-bere-balioek-pertsona-lehenesten-eben\/#primaryimage","url":"https:\/\/bizkeliza.org\/wp-content\/uploads\/2026\/04\/35.-Bodas-de-diamante-oro-y-plata-sacerdotales-2017--scaled.jpg","contentUrl":"https:\/\/bizkeliza.org\/wp-content\/uploads\/2026\/04\/35.-Bodas-de-diamante-oro-y-plata-sacerdotales-2017--scaled.jpg","width":1920,"height":2880,"caption":"I\u00f1aki Se"},{"@type":"BreadcrumbList","@id":"https:\/\/bizkeliza.org\/eu\/noticia\/inaki-serrano-abadea-hil-da-bere-balioek-pertsona-lehenesten-eben\/#breadcrumb","itemListElement":[{"@type":"ListItem","position":1,"name":"Portada","item":"https:\/\/bizkeliza.org\/eu\/"},{"@type":"ListItem","position":2,"name":"I\u00f1aki Serrano abadea hil da: \u00abBere balioek pertsona lehenesten eben\u00bb"}]},{"@type":"WebSite","@id":"https:\/\/bizkeliza.org\/eu\/#website","url":"https:\/\/bizkeliza.org\/eu\/","name":"Bilboko Elizbarrutia - Di\u00f3cesis de Bilbao","description":"Di\u00f3cesis de Bilbao","publisher":{"@id":"https:\/\/bizkeliza.org\/eu\/#organization"},"alternateName":"Di\u00f3cesis de Bilbao","potentialAction":[{"@type":"SearchAction","target":{"@type":"EntryPoint","urlTemplate":"https:\/\/bizkeliza.org\/eu\/?s={search_term_string}"},"query-input":{"@type":"PropertyValueSpecification","valueRequired":true,"valueName":"search_term_string"}}],"inLanguage":"eu-ES"},{"@type":"Organization","@id":"https:\/\/bizkeliza.org\/eu\/#organization","name":"Di\u00f3cesis de Bilbao","alternateName":"Di\u00f3cesis de Bilbao","url":"https:\/\/bizkeliza.org\/eu\/","logo":{"@type":"ImageObject","inLanguage":"eu-ES","@id":"https:\/\/bizkeliza.org\/eu\/#\/schema\/logo\/image\/","url":"https:\/\/bizkeliza.org\/wp-content\/uploads\/2022\/06\/Logo-nuevo_2024-1-scaled.jpg","contentUrl":"https:\/\/bizkeliza.org\/wp-content\/uploads\/2022\/06\/Logo-nuevo_2024-1-scaled.jpg","width":2560,"height":1024,"caption":"Di\u00f3cesis de Bilbao"},"image":{"@id":"https:\/\/bizkeliza.org\/eu\/#\/schema\/logo\/image\/"},"sameAs":["https:\/\/www.facebook.com\/DiocesisBilbao\/","https:\/\/x.com\/DiocesisBilbao","https:\/\/www.instagram.com\/obispadobilbao\/","https:\/\/www.youtube.com\/user\/bilbokoelizbarrutia"],"description":"Iglesia local de Bilbao perteneciente a la Iglesia Cat\u00f3lica"},{"@type":"Person","@id":"https:\/\/bizkeliza.org\/eu\/#\/schema\/person\/1f27c53156256531056d48959c2f2008","name":"bkareaga"}]}},"jetpack_featured_media_url":"https:\/\/bizkeliza.org\/wp-content\/uploads\/2026\/04\/35.-Bodas-de-diamante-oro-y-plata-sacerdotales-2017--scaled.jpg","_links":{"self":[{"href":"https:\/\/bizkeliza.org\/eu\/wp-json\/wp\/v2\/posts\/188234","targetHints":{"allow":["GET"]}}],"collection":[{"href":"https:\/\/bizkeliza.org\/eu\/wp-json\/wp\/v2\/posts"}],"about":[{"href":"https:\/\/bizkeliza.org\/eu\/wp-json\/wp\/v2\/types\/post"}],"author":[{"embeddable":true,"href":"https:\/\/bizkeliza.org\/eu\/wp-json\/wp\/v2\/users\/20"}],"replies":[{"embeddable":true,"href":"https:\/\/bizkeliza.org\/eu\/wp-json\/wp\/v2\/comments?post=188234"}],"version-history":[{"count":0,"href":"https:\/\/bizkeliza.org\/eu\/wp-json\/wp\/v2\/posts\/188234\/revisions"}],"wp:featuredmedia":[{"embeddable":true,"href":"https:\/\/bizkeliza.org\/eu\/wp-json\/wp\/v2\/media\/188113"}],"wp:attachment":[{"href":"https:\/\/bizkeliza.org\/eu\/wp-json\/wp\/v2\/media?parent=188234"}],"wp:term":[{"taxonomy":"category","embeddable":true,"href":"https:\/\/bizkeliza.org\/eu\/wp-json\/wp\/v2\/categories?post=188234"},{"taxonomy":"post_tag","embeddable":true,"href":"https:\/\/bizkeliza.org\/eu\/wp-json\/wp\/v2\/tags?post=188234"}],"curies":[{"name":"wp","href":"https:\/\/api.w.org\/{rel}","templated":true}]}}