{"id":195143,"date":"2026-07-23T06:00:00","date_gmt":"2026-07-23T04:00:00","guid":{"rendered":"https:\/\/bizkeliza.org\/?p=195143"},"modified":"2026-07-23T08:21:58","modified_gmt":"2026-07-23T06:21:58","slug":"eleizbarrutiko-30-lagun-inguru-laikotzaren-biltzarrean-malagan","status":"publish","type":"post","link":"https:\/\/bizkeliza.org\/eu\/noticia\/eleizbarrutiko-30-lagun-inguru-laikotzaren-biltzarrean-malagan\/","title":{"rendered":"Eleizbarrutiko 30 lagun inguru laikotzaren biltzarrean, Malagan"},"content":{"rendered":"\n<p class=\"wp-block-paragraph\"><\/p>\n\n<p class=\"wp-block-paragraph\"><p><strong>Malagako<\/strong> <strong><a href=\"https:\/\/www.accioncatolicageneral.es\/malaga-2026\">biltzarrean, <\/a><\/strong>Ekintza Katoliko Orokorraren estatutu barriak eta datozan lau urteetarako helburuak landu eta berretsiko dabez.\u00a0<\/p><\/p>\n\n<figure class=\"wp-block-video\"><video height=\"720\" style=\"aspect-ratio: 1280 \/ 720;\" width=\"1280\" controls=\"\" src=\"https:\/\/bizkeliza.org\/wp-content\/uploads\/2026\/07\/ACG_Malaga.mp4\"><\/video><\/figure>\n\n<p class=\"wp-block-paragraph\"><p>Gainera, <strong>Bruno Bonnet<\/strong> Bilboko eleizbarrutiko EKO-ACG mobimentuko presidenteak azaldu dauanez, datozan lau urteetarako presidente orokor izateko aukeratutako <strong>Javier Ramos<\/strong> eta <em><strong>Cuatro40,<\/strong><\/em>\u00a0<em>&#8220;lehen iragarpenerako egitasmoaren&#8221;\u00a0<\/em>arduradun barria berretsiko dabez.<\/p><\/p>\n\n<p class=\"wp-block-paragraph\"><p><strong>Bonnetek <\/strong>azaldu dauanez, &#8220;a <strong><em>M\u00e1laga <\/em><\/strong><em>vamos 33 personas en Infancia, j\u00f3venes y personas adultas. No todo el mundo son miembros. Participaremos en la parte de la asamblea 19 personas. Hemos cuidado que haya representaci\u00f3n de los tres sectores. La parte del encuentro de laicado de parroquia que est\u00e1 abierto a todas las personas y ah\u00ed participaremos todas y todos. Trabajaremos sobre el acompa\u00f1amiento con varios talleres a elegir entre el viernes a la tarde y el s\u00e1bado a la ma\u00f1ana&#8221;.<\/em><\/p><\/p>\n\n<figure class=\"wp-block-image size-large\"><img decoding=\"async\" width=\"1024\" height=\"421\" src=\"https:\/\/bizkeliza.org\/wp-content\/uploads\/2026\/07\/IMG-20260721-WA0008-1024x421.jpg\" alt=\"Laikotzaren biltzarra Malagan\" class=\"wp-image-195114\" srcset=\"https:\/\/bizkeliza.org\/wp-content\/uploads\/2026\/07\/IMG-20260721-WA0008-980x403.jpg 980w, https:\/\/bizkeliza.org\/wp-content\/uploads\/2026\/07\/IMG-20260721-WA0008-480x197.jpg 480w\" sizes=\"(min-width: 0px) and (max-width: 480px) 480px, (min-width: 481px) and (max-width: 980px) 980px, (min-width: 981px) 1024px, 100vw\" \/><\/figure>\n\n<figure class=\"wp-block-pullquote\"><blockquote><p>Gazte- eta haur-jenteari dagokionez, adinaren araberako dinamikak landuko dira. <\/p><\/blockquote><\/figure>\n\n<figure class=\"wp-block-embed is-type-wp-embed is-provider-bilboko-elizbarrutia-di-cesis-de-bilbao wp-block-embed-bilboko-elizbarrutia-di-cesis-de-bilbao\"><div class=\"wp-block-embed__wrapper\">\r\n<blockquote class=\"wp-embedded-content\" data-secret=\"sMcBkecema\"><a href=\"https:\/\/bizkeliza.org\/noticia\/190161\/\">Abierta la inscripci\u00f3n para el Encuentro de Laicado de parroquias<\/a><\/blockquote><iframe loading=\"lazy\" class=\"wp-embedded-content\" sandbox=\"allow-scripts\" security=\"restricted\" style=\"position: absolute; visibility: hidden;\" title=\"\u00abAbierta la inscripci\u00f3n para el Encuentro de Laicado de parroquias\u00bb \u2014 Bilboko Elizbarrutia - Di\u00f3cesis de Bilbao\" src=\"https:\/\/bizkeliza.org\/noticia\/190161\/embed\/#?secret=7WYI4DIr1y#?secret=sMcBkecema\" data-secret=\"sMcBkecema\" width=\"600\" height=\"338\" frameborder=\"0\" marginwidth=\"0\" marginheight=\"0\" scrolling=\"no\"><\/iframe>\r\n<\/div><\/figure><br>\n\n<p class=\"wp-block-paragraph\"><strong><a href=\"https:\/\/bizkeliza.org\/eu\/\">www.bizkeliza.org<\/a><\/strong><\/p>\n","protected":false},"excerpt":{"rendered":"<p>Uztailaren 24tik 26ra -barikutik domekara- parrokietako laikotzaren biltzarra ospatuko da Malagan.<\/p>\n","protected":false},"author":20,"featured_media":195141,"comment_status":"closed","ping_status":"closed","sticky":false,"template":"","format":"standard","meta":{"_acf_changed":false,"_et_pb_use_builder":"off","_et_pb_old_content":"","_et_gb_content_width":"","footnotes":""},"categories":[506],"tags":[508,640],"class_list":["post-195143","post","type-post","status-publish","format-standard","has-post-thumbnail","hentry","category-lehenengo-orrialdea","tag-ekintza-katolikoa","tag-laikotza"],"acf":[],"yoast_head":"<!-- This site is optimized with the Yoast SEO Premium plugin v28.1 (Yoast SEO v28.1) - https:\/\/yoast.com\/product\/yoast-seo-premium-wordpress\/ -->\n<title>Eleizbarrutiko 30 lagun inguru laikotzaren biltzarrean, Malagan<\/title>\n<meta name=\"description\" content=\"Malagako biltzarrean, Ekintza Katoliko Orokorraren estatutu barriak eta datozan lau urteetarako helburuak landu eta berretsiko dabez.\" \/>\n<meta name=\"robots\" content=\"index, follow, max-snippet:-1, max-image-preview:large, max-video-preview:-1\" \/>\n<link rel=\"canonical\" href=\"https:\/\/bizkeliza.org\/eu\/noticia\/eleizbarrutiko-30-lagun-inguru-laikotzaren-biltzarrean-malagan\/\" \/>\n<meta property=\"og:locale\" content=\"eu_ES\" \/>\n<meta property=\"og:type\" content=\"article\" \/>\n<meta property=\"og:title\" content=\"Eleizbarrutiko 30 lagun inguru laikotzaren biltzarrean, Malagan\" \/>\n<meta property=\"og:description\" content=\"Malagako biltzarrean, Ekintza Katoliko Orokorraren estatutu barriak eta datozan lau urteetarako helburuak landu eta berretsiko dabez.\" \/>\n<meta property=\"og:url\" content=\"https:\/\/bizkeliza.org\/eu\/noticia\/eleizbarrutiko-30-lagun-inguru-laikotzaren-biltzarrean-malagan\/\" \/>\n<meta property=\"og:site_name\" content=\"Bilboko Elizbarrutia - Di\u00f3cesis de Bilbao\" \/>\n<meta property=\"article:publisher\" content=\"https:\/\/www.facebook.com\/DiocesisBilbao\/\" \/>\n<meta property=\"article:published_time\" content=\"2026-07-23T04:00:00+00:00\" \/>\n<meta property=\"article:modified_time\" content=\"2026-07-23T06:21:58+00:00\" \/>\n<meta property=\"og:image\" content=\"https:\/\/bizkeliza.org\/wp-content\/uploads\/2026\/07\/cabecera2026C.webp\" \/>\n\t<meta property=\"og:image:width\" content=\"1080\" \/>\n\t<meta property=\"og:image:height\" content=\"677\" \/>\n\t<meta property=\"og:image:type\" content=\"image\/webp\" \/>\n<meta name=\"author\" content=\"bkareaga\" \/>\n<meta name=\"twitter:card\" content=\"summary_large_image\" \/>\n<meta name=\"twitter:creator\" content=\"@DiocesisBilbao\" \/>\n<meta name=\"twitter:site\" content=\"@DiocesisBilbao\" \/>\n<script type=\"application\/ld+json\" class=\"yoast-schema-graph\">{\"@context\":\"https:\\\/\\\/schema.org\",\"@graph\":[{\"@type\":\"Article\",\"@id\":\"https:\\\/\\\/bizkeliza.org\\\/eu\\\/noticia\\\/eleizbarrutiko-30-lagun-inguru-laikotzaren-biltzarrean-malagan\\\/#article\",\"isPartOf\":{\"@id\":\"https:\\\/\\\/bizkeliza.org\\\/eu\\\/noticia\\\/eleizbarrutiko-30-lagun-inguru-laikotzaren-biltzarrean-malagan\\\/\"},\"author\":{\"name\":\"bkareaga\",\"@id\":\"https:\\\/\\\/bizkeliza.org\\\/eu\\\/#\\\/schema\\\/person\\\/1f27c53156256531056d48959c2f2008\"},\"headline\":\"Eleizbarrutiko 30 lagun inguru laikotzaren biltzarrean, Malagan\",\"datePublished\":\"2026-07-23T04:00:00+00:00\",\"dateModified\":\"2026-07-23T06:21:58+00:00\",\"mainEntityOfPage\":{\"@id\":\"https:\\\/\\\/bizkeliza.org\\\/eu\\\/noticia\\\/eleizbarrutiko-30-lagun-inguru-laikotzaren-biltzarrean-malagan\\\/\"},\"wordCount\":150,\"publisher\":{\"@id\":\"https:\\\/\\\/bizkeliza.org\\\/eu\\\/#organization\"},\"image\":{\"@id\":\"https:\\\/\\\/bizkeliza.org\\\/eu\\\/noticia\\\/eleizbarrutiko-30-lagun-inguru-laikotzaren-biltzarrean-malagan\\\/#primaryimage\"},\"thumbnailUrl\":\"https:\\\/\\\/bizkeliza.org\\\/wp-content\\\/uploads\\\/2026\\\/07\\\/cabecera2026C.webp\",\"keywords\":[\"Ekintza Katolikoa\",\"Laikotza\"],\"articleSection\":[\"Lehenengo Orrialdea\"],\"inLanguage\":\"eu-ES\"},{\"@type\":\"WebPage\",\"@id\":\"https:\\\/\\\/bizkeliza.org\\\/eu\\\/noticia\\\/eleizbarrutiko-30-lagun-inguru-laikotzaren-biltzarrean-malagan\\\/\",\"url\":\"https:\\\/\\\/bizkeliza.org\\\/eu\\\/noticia\\\/eleizbarrutiko-30-lagun-inguru-laikotzaren-biltzarrean-malagan\\\/\",\"name\":\"Eleizbarrutiko 30 lagun inguru laikotzaren biltzarrean, Malagan\",\"isPartOf\":{\"@id\":\"https:\\\/\\\/bizkeliza.org\\\/eu\\\/#website\"},\"primaryImageOfPage\":{\"@id\":\"https:\\\/\\\/bizkeliza.org\\\/eu\\\/noticia\\\/eleizbarrutiko-30-lagun-inguru-laikotzaren-biltzarrean-malagan\\\/#primaryimage\"},\"image\":{\"@id\":\"https:\\\/\\\/bizkeliza.org\\\/eu\\\/noticia\\\/eleizbarrutiko-30-lagun-inguru-laikotzaren-biltzarrean-malagan\\\/#primaryimage\"},\"thumbnailUrl\":\"https:\\\/\\\/bizkeliza.org\\\/wp-content\\\/uploads\\\/2026\\\/07\\\/cabecera2026C.webp\",\"datePublished\":\"2026-07-23T04:00:00+00:00\",\"dateModified\":\"2026-07-23T06:21:58+00:00\",\"description\":\"Malagako biltzarrean, Ekintza Katoliko Orokorraren estatutu barriak eta datozan lau urteetarako helburuak landu eta berretsiko dabez.\",\"breadcrumb\":{\"@id\":\"https:\\\/\\\/bizkeliza.org\\\/eu\\\/noticia\\\/eleizbarrutiko-30-lagun-inguru-laikotzaren-biltzarrean-malagan\\\/#breadcrumb\"},\"inLanguage\":\"eu-ES\",\"potentialAction\":[{\"@type\":\"ReadAction\",\"target\":[\"https:\\\/\\\/bizkeliza.org\\\/eu\\\/noticia\\\/eleizbarrutiko-30-lagun-inguru-laikotzaren-biltzarrean-malagan\\\/\"]}]},{\"@type\":\"ImageObject\",\"inLanguage\":\"eu-ES\",\"@id\":\"https:\\\/\\\/bizkeliza.org\\\/eu\\\/noticia\\\/eleizbarrutiko-30-lagun-inguru-laikotzaren-biltzarrean-malagan\\\/#primaryimage\",\"url\":\"https:\\\/\\\/bizkeliza.org\\\/wp-content\\\/uploads\\\/2026\\\/07\\\/cabecera2026C.webp\",\"contentUrl\":\"https:\\\/\\\/bizkeliza.org\\\/wp-content\\\/uploads\\\/2026\\\/07\\\/cabecera2026C.webp\",\"width\":1080,\"height\":677},{\"@type\":\"BreadcrumbList\",\"@id\":\"https:\\\/\\\/bizkeliza.org\\\/eu\\\/noticia\\\/eleizbarrutiko-30-lagun-inguru-laikotzaren-biltzarrean-malagan\\\/#breadcrumb\",\"itemListElement\":[{\"@type\":\"ListItem\",\"position\":1,\"name\":\"Portada\",\"item\":\"https:\\\/\\\/bizkeliza.org\\\/eu\\\/\"},{\"@type\":\"ListItem\",\"position\":2,\"name\":\"Eleizbarrutiko 30 lagun inguru laikotzaren biltzarrean, Malagan\"}]},{\"@type\":\"WebSite\",\"@id\":\"https:\\\/\\\/bizkeliza.org\\\/eu\\\/#website\",\"url\":\"https:\\\/\\\/bizkeliza.org\\\/eu\\\/\",\"name\":\"Di\u00f3cesis de Bilbao - Web oficial del Obispado\",\"description\":\"Di\u00f3cesis de Bilbao\",\"publisher\":{\"@id\":\"https:\\\/\\\/bizkeliza.org\\\/eu\\\/#organization\"},\"alternateName\":\"Di\u00f3cesis de Bilbao\",\"potentialAction\":[{\"@type\":\"SearchAction\",\"target\":{\"@type\":\"EntryPoint\",\"urlTemplate\":\"https:\\\/\\\/bizkeliza.org\\\/eu\\\/?s={search_term_string}\"},\"query-input\":{\"@type\":\"PropertyValueSpecification\",\"valueRequired\":true,\"valueName\":\"search_term_string\"}}],\"inLanguage\":\"eu-ES\"},{\"@type\":\"Organization\",\"@id\":\"https:\\\/\\\/bizkeliza.org\\\/eu\\\/#organization\",\"name\":\"Di\u00f3cesis de Bilbao - Web oficial del Obispado\",\"alternateName\":\"Di\u00f3cesis de Bilbao\",\"url\":\"https:\\\/\\\/bizkeliza.org\\\/eu\\\/\",\"logo\":{\"@type\":\"ImageObject\",\"inLanguage\":\"eu-ES\",\"@id\":\"https:\\\/\\\/bizkeliza.org\\\/eu\\\/#\\\/schema\\\/logo\\\/image\\\/\",\"url\":\"https:\\\/\\\/bizkeliza.org\\\/wp-content\\\/uploads\\\/2022\\\/06\\\/Logo-nuevo_2024-1-scaled.jpg\",\"contentUrl\":\"https:\\\/\\\/bizkeliza.org\\\/wp-content\\\/uploads\\\/2022\\\/06\\\/Logo-nuevo_2024-1-scaled.jpg\",\"width\":2560,\"height\":1024,\"caption\":\"Di\u00f3cesis de Bilbao - Web oficial del Obispado\"},\"image\":{\"@id\":\"https:\\\/\\\/bizkeliza.org\\\/eu\\\/#\\\/schema\\\/logo\\\/image\\\/\"},\"sameAs\":[\"https:\\\/\\\/www.facebook.com\\\/DiocesisBilbao\\\/\",\"https:\\\/\\\/x.com\\\/DiocesisBilbao\",\"https:\\\/\\\/www.instagram.com\\\/obispadobilbao\\\/\",\"https:\\\/\\\/www.youtube.com\\\/user\\\/bilbokoelizbarrutia\"],\"description\":\"Iglesia local de Bilbao perteneciente a la Iglesia Cat\u00f3lica\"},{\"@type\":\"Person\",\"@id\":\"https:\\\/\\\/bizkeliza.org\\\/eu\\\/#\\\/schema\\\/person\\\/1f27c53156256531056d48959c2f2008\",\"name\":\"bkareaga\"}]}<\/script>\n<!-- \/ Yoast SEO Premium plugin. -->","yoast_head_json":{"title":"Eleizbarrutiko 30 lagun inguru laikotzaren biltzarrean, Malagan","description":"Malagako biltzarrean, Ekintza Katoliko Orokorraren estatutu barriak eta datozan lau urteetarako helburuak landu eta berretsiko dabez.","robots":{"index":"index","follow":"follow","max-snippet":"max-snippet:-1","max-image-preview":"max-image-preview:large","max-video-preview":"max-video-preview:-1"},"canonical":"https:\/\/bizkeliza.org\/eu\/noticia\/eleizbarrutiko-30-lagun-inguru-laikotzaren-biltzarrean-malagan\/","og_locale":"eu_ES","og_type":"article","og_title":"Eleizbarrutiko 30 lagun inguru laikotzaren biltzarrean, Malagan","og_description":"Malagako biltzarrean, Ekintza Katoliko Orokorraren estatutu barriak eta datozan lau urteetarako helburuak landu eta berretsiko dabez.","og_url":"https:\/\/bizkeliza.org\/eu\/noticia\/eleizbarrutiko-30-lagun-inguru-laikotzaren-biltzarrean-malagan\/","og_site_name":"Bilboko Elizbarrutia - Di\u00f3cesis de Bilbao","article_publisher":"https:\/\/www.facebook.com\/DiocesisBilbao\/","article_published_time":"2026-07-23T04:00:00+00:00","article_modified_time":"2026-07-23T06:21:58+00:00","og_image":[{"width":1080,"height":677,"url":"https:\/\/bizkeliza.org\/wp-content\/uploads\/2026\/07\/cabecera2026C.webp","type":"image\/webp"}],"author":"bkareaga","twitter_card":"summary_large_image","twitter_creator":"@DiocesisBilbao","twitter_site":"@DiocesisBilbao","schema":{"@context":"https:\/\/schema.org","@graph":[{"@type":"Article","@id":"https:\/\/bizkeliza.org\/eu\/noticia\/eleizbarrutiko-30-lagun-inguru-laikotzaren-biltzarrean-malagan\/#article","isPartOf":{"@id":"https:\/\/bizkeliza.org\/eu\/noticia\/eleizbarrutiko-30-lagun-inguru-laikotzaren-biltzarrean-malagan\/"},"author":{"name":"bkareaga","@id":"https:\/\/bizkeliza.org\/eu\/#\/schema\/person\/1f27c53156256531056d48959c2f2008"},"headline":"Eleizbarrutiko 30 lagun inguru laikotzaren biltzarrean, Malagan","datePublished":"2026-07-23T04:00:00+00:00","dateModified":"2026-07-23T06:21:58+00:00","mainEntityOfPage":{"@id":"https:\/\/bizkeliza.org\/eu\/noticia\/eleizbarrutiko-30-lagun-inguru-laikotzaren-biltzarrean-malagan\/"},"wordCount":150,"publisher":{"@id":"https:\/\/bizkeliza.org\/eu\/#organization"},"image":{"@id":"https:\/\/bizkeliza.org\/eu\/noticia\/eleizbarrutiko-30-lagun-inguru-laikotzaren-biltzarrean-malagan\/#primaryimage"},"thumbnailUrl":"https:\/\/bizkeliza.org\/wp-content\/uploads\/2026\/07\/cabecera2026C.webp","keywords":["Ekintza Katolikoa","Laikotza"],"articleSection":["Lehenengo Orrialdea"],"inLanguage":"eu-ES"},{"@type":"WebPage","@id":"https:\/\/bizkeliza.org\/eu\/noticia\/eleizbarrutiko-30-lagun-inguru-laikotzaren-biltzarrean-malagan\/","url":"https:\/\/bizkeliza.org\/eu\/noticia\/eleizbarrutiko-30-lagun-inguru-laikotzaren-biltzarrean-malagan\/","name":"Eleizbarrutiko 30 lagun inguru laikotzaren biltzarrean, Malagan","isPartOf":{"@id":"https:\/\/bizkeliza.org\/eu\/#website"},"primaryImageOfPage":{"@id":"https:\/\/bizkeliza.org\/eu\/noticia\/eleizbarrutiko-30-lagun-inguru-laikotzaren-biltzarrean-malagan\/#primaryimage"},"image":{"@id":"https:\/\/bizkeliza.org\/eu\/noticia\/eleizbarrutiko-30-lagun-inguru-laikotzaren-biltzarrean-malagan\/#primaryimage"},"thumbnailUrl":"https:\/\/bizkeliza.org\/wp-content\/uploads\/2026\/07\/cabecera2026C.webp","datePublished":"2026-07-23T04:00:00+00:00","dateModified":"2026-07-23T06:21:58+00:00","description":"Malagako biltzarrean, Ekintza Katoliko Orokorraren estatutu barriak eta datozan lau urteetarako helburuak landu eta berretsiko dabez.","breadcrumb":{"@id":"https:\/\/bizkeliza.org\/eu\/noticia\/eleizbarrutiko-30-lagun-inguru-laikotzaren-biltzarrean-malagan\/#breadcrumb"},"inLanguage":"eu-ES","potentialAction":[{"@type":"ReadAction","target":["https:\/\/bizkeliza.org\/eu\/noticia\/eleizbarrutiko-30-lagun-inguru-laikotzaren-biltzarrean-malagan\/"]}]},{"@type":"ImageObject","inLanguage":"eu-ES","@id":"https:\/\/bizkeliza.org\/eu\/noticia\/eleizbarrutiko-30-lagun-inguru-laikotzaren-biltzarrean-malagan\/#primaryimage","url":"https:\/\/bizkeliza.org\/wp-content\/uploads\/2026\/07\/cabecera2026C.webp","contentUrl":"https:\/\/bizkeliza.org\/wp-content\/uploads\/2026\/07\/cabecera2026C.webp","width":1080,"height":677},{"@type":"BreadcrumbList","@id":"https:\/\/bizkeliza.org\/eu\/noticia\/eleizbarrutiko-30-lagun-inguru-laikotzaren-biltzarrean-malagan\/#breadcrumb","itemListElement":[{"@type":"ListItem","position":1,"name":"Portada","item":"https:\/\/bizkeliza.org\/eu\/"},{"@type":"ListItem","position":2,"name":"Eleizbarrutiko 30 lagun inguru laikotzaren biltzarrean, Malagan"}]},{"@type":"WebSite","@id":"https:\/\/bizkeliza.org\/eu\/#website","url":"https:\/\/bizkeliza.org\/eu\/","name":"Di\u00f3cesis de Bilbao - Web oficial del Obispado","description":"Di\u00f3cesis de Bilbao","publisher":{"@id":"https:\/\/bizkeliza.org\/eu\/#organization"},"alternateName":"Di\u00f3cesis de Bilbao","potentialAction":[{"@type":"SearchAction","target":{"@type":"EntryPoint","urlTemplate":"https:\/\/bizkeliza.org\/eu\/?s={search_term_string}"},"query-input":{"@type":"PropertyValueSpecification","valueRequired":true,"valueName":"search_term_string"}}],"inLanguage":"eu-ES"},{"@type":"Organization","@id":"https:\/\/bizkeliza.org\/eu\/#organization","name":"Di\u00f3cesis de Bilbao - Web oficial del Obispado","alternateName":"Di\u00f3cesis de Bilbao","url":"https:\/\/bizkeliza.org\/eu\/","logo":{"@type":"ImageObject","inLanguage":"eu-ES","@id":"https:\/\/bizkeliza.org\/eu\/#\/schema\/logo\/image\/","url":"https:\/\/bizkeliza.org\/wp-content\/uploads\/2022\/06\/Logo-nuevo_2024-1-scaled.jpg","contentUrl":"https:\/\/bizkeliza.org\/wp-content\/uploads\/2022\/06\/Logo-nuevo_2024-1-scaled.jpg","width":2560,"height":1024,"caption":"Di\u00f3cesis de Bilbao - Web oficial del Obispado"},"image":{"@id":"https:\/\/bizkeliza.org\/eu\/#\/schema\/logo\/image\/"},"sameAs":["https:\/\/www.facebook.com\/DiocesisBilbao\/","https:\/\/x.com\/DiocesisBilbao","https:\/\/www.instagram.com\/obispadobilbao\/","https:\/\/www.youtube.com\/user\/bilbokoelizbarrutia"],"description":"Iglesia local de Bilbao perteneciente a la Iglesia Cat\u00f3lica"},{"@type":"Person","@id":"https:\/\/bizkeliza.org\/eu\/#\/schema\/person\/1f27c53156256531056d48959c2f2008","name":"bkareaga"}]}},"_links":{"self":[{"href":"https:\/\/bizkeliza.org\/eu\/wp-json\/wp\/v2\/posts\/195143","targetHints":{"allow":["GET"]}}],"collection":[{"href":"https:\/\/bizkeliza.org\/eu\/wp-json\/wp\/v2\/posts"}],"about":[{"href":"https:\/\/bizkeliza.org\/eu\/wp-json\/wp\/v2\/types\/post"}],"author":[{"embeddable":true,"href":"https:\/\/bizkeliza.org\/eu\/wp-json\/wp\/v2\/users\/20"}],"replies":[{"embeddable":true,"href":"https:\/\/bizkeliza.org\/eu\/wp-json\/wp\/v2\/comments?post=195143"}],"version-history":[{"count":2,"href":"https:\/\/bizkeliza.org\/eu\/wp-json\/wp\/v2\/posts\/195143\/revisions"}],"predecessor-version":[{"id":195221,"href":"https:\/\/bizkeliza.org\/eu\/wp-json\/wp\/v2\/posts\/195143\/revisions\/195221"}],"wp:featuredmedia":[{"embeddable":true,"href":"https:\/\/bizkeliza.org\/eu\/wp-json\/wp\/v2\/media\/195141"}],"wp:attachment":[{"href":"https:\/\/bizkeliza.org\/eu\/wp-json\/wp\/v2\/media?parent=195143"}],"wp:term":[{"taxonomy":"category","embeddable":true,"href":"https:\/\/bizkeliza.org\/eu\/wp-json\/wp\/v2\/categories?post=195143"},{"taxonomy":"post_tag","embeddable":true,"href":"https:\/\/bizkeliza.org\/eu\/wp-json\/wp\/v2\/tags?post=195143"}],"curies":[{"name":"wp","href":"https:\/\/api.w.org\/{rel}","templated":true}]}}