{"id":195895,"date":"2026-08-05T06:00:00","date_gmt":"2026-08-05T04:00:00","guid":{"rendered":"https:\/\/bizkeliza.org\/?p=195895"},"modified":"2026-08-06T09:46:18","modified_gmt":"2026-08-06T07:46:18","slug":"benantzi-bilbao-oso-pozik-gagoz-urdaibaiko-jentearen-erantzunagaz","status":"publish","type":"post","link":"https:\/\/bizkeliza.org\/eu\/noticia\/benantzi-bilbao-oso-pozik-gagoz-urdaibaiko-jentearen-erantzunagaz\/","title":{"rendered":"Benantzi Bilbao: &#8220;Oso pozik gagoz Urdaibaiko jentearen erantzunagaz&#8221;"},"content":{"rendered":"\n<p class=\"wp-block-paragraph\">Con motivo de la actuaci\u00f3n del primer s\u00e1bado de agosto en Arratzu \u2014una cita marcada por el fallecimiento del organista titular del templo,<strong> Juan Bilbao- ,<\/strong> a quien se dedic\u00f3 la actuaci\u00f3n, <strong>Benantzi Bilbao,<\/strong> organizador del ciclo, realiza un balance de esta edici\u00f3n.<\/p>\n\n<figure class=\"wp-block-image size-full\"><img decoding=\"async\" width=\"878\" height=\"517\" src=\"https:\/\/bizkeliza.org\/wp-content\/uploads\/2026\/08\/Be.jpg\" alt=\"\" class=\"wp-image-195886\" srcset=\"https:\/\/bizkeliza.org\/wp-content\/uploads\/2026\/08\/Be.jpg 878w, https:\/\/bizkeliza.org\/wp-content\/uploads\/2026\/08\/Be-480x283.jpg 480w\" sizes=\"(min-width: 0px) and (max-width: 480px) 480px, (min-width: 481px) 878px, 100vw\" \/><figcaption class=\"wp-element-caption\">Benantzi Bilbao present\u00f3 la actuaci\u00f3n que se dedic\u00f3 al organista arratzutarra Juan Bilbao<\/figcaption><\/figure>\n\n<h3 id=\"h-22-ediciones-y-con-un-gran-exito-de-publico\" class=\"wp-block-heading\">22 ekitaldi jentearen erantzun bikainagaz<\/h3>\n\n<p class=\"wp-block-paragraph\"><p><em>Oso pozik gagoz. Publiko ugari egon da kontzertu guztietan eta edizinoz edizino gero eta jente gehiago dator. Aurton, ganera, Euskal Herria Museoan jarri dogun erakusketea dala-ta publikoa gehiago animau da. Izan be, ez da ohikoa holako erakusketa bat museo baten.<\/em><\/p><\/p>\n\n<h3 id=\"h-este-ano-ademas-se-estan-recogiendo-fondos-para-ayudar-a-las-parroquias\" class=\"wp-block-heading\">Aurton, gainera, dirua batzen ari dira parrokiei laguntzeko<\/h3>\n\n<p class=\"wp-block-paragraph\">Bai. Eskabidea Eleizbarrutitik etorri zan eta ontzat hartu genduan ekimena. Otzarea jarri dogu kontzertuak dagozan eleiza guztietan. Aurkezpenetan publikoari diru laguntzea emoteko kom\u00a1nbitea egiten deutsagu. Herrietako eleizak mantentzeko modu egokia dala deritxot. Jentearen erantzuna, ganera, ona da orain arte.<\/p>\n\n<h3 id=\"h-los-organistas-y-musicos-son-de-primer-nivel-cuesta-cerrar-el-programa\" class=\"wp-block-heading\">Punta-puntako organista eta musikariak. Gatxa da egitaraua osotzea?<\/h3>\n\n<p class=\"wp-block-paragraph\">Bai, uztailean eta abuztuan mundu osoan dagozalako kontzertuak. Datak ez badira askoz lehenagotik ixten arazoak egoten dira. Urtarrilean eta batzuetan lehenago be, hasten gara kontaktuak egiten. <\/p>\n\n<figure class=\"wp-block-image size-large\"><img decoding=\"async\" width=\"1024\" height=\"640\" src=\"https:\/\/bizkeliza.org\/wp-content\/uploads\/2026\/08\/actuacion-2-1024x640.webp\" alt=\"Concierto en Arratzu\" class=\"wp-image-195881\" srcset=\"https:\/\/bizkeliza.org\/wp-content\/uploads\/2026\/08\/actuacion-2-1024x640.webp 1024w, https:\/\/bizkeliza.org\/wp-content\/uploads\/2026\/08\/actuacion-2-980x613.webp 980w, https:\/\/bizkeliza.org\/wp-content\/uploads\/2026\/08\/actuacion-2-480x300.webp 480w\" sizes=\"(min-width: 0px) and (max-width: 480px) 480px, (min-width: 481px) and (max-width: 980px) 980px, (min-width: 981px) 1024px, 100vw\" \/><figcaption class=\"wp-element-caption\">Un momento del concierto de Arratzu muy aclamado por el p\u00fablico asistente<\/figcaption><\/figure>\n\n<h3 id=\"h-teneis-algo-ya-para-la-proxima-edicion\" class=\"wp-block-heading\">\u00bfTen\u00e9is algo ya para la pr\u00f3xima edici\u00f3n?<\/h3>\n\n<p class=\"wp-block-paragraph\">Oraindino ez dogu gaia hautatu. Oraingoz erakusketea da gure ardura nagusia. Ibiltari bihurtu gura dogu eta Gernikatik Bermeora eroan. Handik Gautegiz Arteagara eta Etxalarrera be eroateko asmoa daukagu. Ia lortzen dogun.<\/p>\n\n<h3 id=\"h-un-organo-especial-para-el-concierto-de-arratzu\" class=\"wp-block-heading\">                                      Organo &#8216;berezia&#8217; Arratzuko kontzerturako<\/h3>\n\n<p class=\"wp-block-paragraph\">El armonio de Arratzu est\u00e1 en proceso de reparaci\u00f3n. Por ello, en el concierto del s\u00e1bado en el templo de Santo Tom\u00e1s, se utiliz\u00f3 un \u00f3rgano especial: un instrumento pensado para acompa\u00f1ar a agrupaciones orquestales y vocales, con los registros b\u00e1sicos necesarios para ese trabajo.<\/p>\n\n<figure class=\"wp-block-image size-full\"><img decoding=\"async\" width=\"1024\" height=\"683\" src=\"https:\/\/bizkeliza.org\/wp-content\/uploads\/25-Juan_Bilbao.jpg\" alt=\"\" class=\"wp-image-102665\" srcset=\"https:\/\/bizkeliza.org\/wp-content\/uploads\/25-Juan_Bilbao.jpg 1024w, https:\/\/bizkeliza.org\/wp-content\/uploads\/25-Juan_Bilbao-980x654.jpg 980w, https:\/\/bizkeliza.org\/wp-content\/uploads\/25-Juan_Bilbao-480x320.jpg 480w\" sizes=\"(min-width: 0px) and (max-width: 480px) 480px, (min-width: 481px) and (max-width: 980px) 980px, (min-width: 981px) 1024px, 100vw\" \/><figcaption class=\"wp-element-caption\">Juan Bilbao (QEPD) tocando el armonio de Arratzu.<\/figcaption><\/figure>\n\n<figure class=\"wp-block-pullquote\"><blockquote><p><br\/>El \u00f3rgano que son\u00f3 en el concierto del s\u00e1bado pasado en Arratzu, fue construido hace ocho a\u00f1os por <strong>Sergio del Campo<\/strong> en su taller de Otxandio. En su momento construy\u00f3 dos ejemplares gemelos a la vez, uno de los cuales es el que son\u00f3 en la localidad de Busturialdea. Del Campo se dedica principalmente a la restauraci\u00f3n de \u00f3rganos hist\u00f3ricos, por lo que la construcci\u00f3n de instrumentos nuevos ocupa una parte menor de su actividad.<br\/><\/p><\/blockquote><\/figure>\n\n<figure class=\"wp-block-image size-large\"><img decoding=\"async\" width=\"1024\" height=\"640\" src=\"https:\/\/bizkeliza.org\/wp-content\/uploads\/2026\/08\/organo-2-1024x640.webp\" alt=\"\" class=\"wp-image-195906\" srcset=\"https:\/\/bizkeliza.org\/wp-content\/uploads\/2026\/08\/organo-2-1024x640.webp 1024w, https:\/\/bizkeliza.org\/wp-content\/uploads\/2026\/08\/organo-2-980x613.webp 980w, https:\/\/bizkeliza.org\/wp-content\/uploads\/2026\/08\/organo-2-480x300.webp 480w\" sizes=\"(min-width: 0px) and (max-width: 480px) 480px, (min-width: 481px) and (max-width: 980px) 980px, (min-width: 981px) 1024px, 100vw\" \/><figcaption class=\"wp-element-caption\">Detalle del \u00f3rgano que se utiliz\u00f3 para el concierto de Arratzu<\/figcaption><\/figure>\n","protected":false},"excerpt":{"rendered":"<p>Alkarrizketa Urdaibaiko jaialdiaren bultzatzaile eta koordinatzaileari<\/p>\n","protected":false},"author":19,"featured_media":195872,"comment_status":"closed","ping_status":"closed","sticky":false,"template":"","format":"standard","meta":{"_acf_changed":false,"_et_pb_use_builder":"off","_et_pb_old_content":"","_et_gb_content_width":"","footnotes":""},"categories":[503,506],"tags":[],"class_list":["post-195895","post","type-post","status-publish","format-standard","has-post-thumbnail","hentry","category-kultura","category-lehenengo-orrialdea"],"acf":[],"yoast_head":"<!-- This site is optimized with the Yoast SEO Premium plugin v28.1 (Yoast SEO v28.1) - https:\/\/yoast.com\/product\/yoast-seo-premium-wordpress\/ -->\n<title>Benantzi Bilbao: &quot;Oso pozik gagoz Urdaibaiko jentearen erantzunagaz&quot; - Bilboko Elizbarrutia - Di\u00f3cesis de Bilbao<\/title>\n<meta name=\"robots\" content=\"index, follow, max-snippet:-1, max-image-preview:large, max-video-preview:-1\" \/>\n<link rel=\"canonical\" href=\"https:\/\/bizkeliza.org\/eu\/noticia\/benantzi-bilbao-oso-pozik-gagoz-urdaibaiko-jentearen-erantzunagaz\/\" \/>\n<meta property=\"og:locale\" content=\"eu_ES\" \/>\n<meta property=\"og:type\" content=\"article\" \/>\n<meta property=\"og:title\" content=\"Benantzi Bilbao: &quot;Oso pozik gagoz Urdaibaiko jentearen erantzunagaz&quot;\" \/>\n<meta property=\"og:description\" content=\"Alkarrizketa Urdaibaiko jaialdiaren bultzatzaile eta koordinatzaileari\" \/>\n<meta property=\"og:url\" content=\"https:\/\/bizkeliza.org\/eu\/noticia\/benantzi-bilbao-oso-pozik-gagoz-urdaibaiko-jentearen-erantzunagaz\/\" \/>\n<meta property=\"og:site_name\" content=\"Bilboko Elizbarrutia - Di\u00f3cesis de Bilbao\" \/>\n<meta property=\"article:publisher\" content=\"https:\/\/www.facebook.com\/DiocesisBilbao\/\" \/>\n<meta property=\"article:published_time\" content=\"2026-08-05T04:00:00+00:00\" \/>\n<meta property=\"article:modified_time\" content=\"2026-08-06T07:46:18+00:00\" \/>\n<meta property=\"og:image\" content=\"https:\/\/bizkeliza.org\/wp-content\/uploads\/2026\/08\/Benantzi-e1786002363244.jpg\" \/>\n\t<meta property=\"og:image:width\" content=\"845\" \/>\n\t<meta property=\"og:image:height\" content=\"675\" \/>\n\t<meta property=\"og:image:type\" content=\"image\/jpeg\" \/>\n<meta name=\"author\" content=\"dalberdi\" \/>\n<meta name=\"twitter:card\" content=\"summary_large_image\" \/>\n<meta name=\"twitter:creator\" content=\"@DiocesisBilbao\" \/>\n<meta name=\"twitter:site\" content=\"@DiocesisBilbao\" \/>\n<script type=\"application\/ld+json\" class=\"yoast-schema-graph\">{\"@context\":\"https:\\\/\\\/schema.org\",\"@graph\":[{\"@type\":\"Article\",\"@id\":\"https:\\\/\\\/bizkeliza.org\\\/eu\\\/noticia\\\/benantzi-bilbao-oso-pozik-gagoz-urdaibaiko-jentearen-erantzunagaz\\\/#article\",\"isPartOf\":{\"@id\":\"https:\\\/\\\/bizkeliza.org\\\/eu\\\/noticia\\\/benantzi-bilbao-oso-pozik-gagoz-urdaibaiko-jentearen-erantzunagaz\\\/\"},\"author\":{\"name\":\"dalberdi\",\"@id\":\"https:\\\/\\\/bizkeliza.org\\\/eu\\\/#\\\/schema\\\/person\\\/acc5e302cb1997bd56026a6980544228\"},\"headline\":\"Benantzi Bilbao: &#8220;Oso pozik gagoz Urdaibaiko jentearen erantzunagaz&#8221;\",\"datePublished\":\"2026-08-05T04:00:00+00:00\",\"dateModified\":\"2026-08-06T07:46:18+00:00\",\"mainEntityOfPage\":{\"@id\":\"https:\\\/\\\/bizkeliza.org\\\/eu\\\/noticia\\\/benantzi-bilbao-oso-pozik-gagoz-urdaibaiko-jentearen-erantzunagaz\\\/\"},\"wordCount\":401,\"publisher\":{\"@id\":\"https:\\\/\\\/bizkeliza.org\\\/eu\\\/#organization\"},\"image\":{\"@id\":\"https:\\\/\\\/bizkeliza.org\\\/eu\\\/noticia\\\/benantzi-bilbao-oso-pozik-gagoz-urdaibaiko-jentearen-erantzunagaz\\\/#primaryimage\"},\"thumbnailUrl\":\"https:\\\/\\\/bizkeliza.org\\\/wp-content\\\/uploads\\\/2026\\\/08\\\/Benantzi-e1786002363244.jpg\",\"articleSection\":[\"Kultura\",\"Lehenengo Orrialdea\"],\"inLanguage\":\"eu-ES\"},{\"@type\":\"WebPage\",\"@id\":\"https:\\\/\\\/bizkeliza.org\\\/eu\\\/noticia\\\/benantzi-bilbao-oso-pozik-gagoz-urdaibaiko-jentearen-erantzunagaz\\\/\",\"url\":\"https:\\\/\\\/bizkeliza.org\\\/eu\\\/noticia\\\/benantzi-bilbao-oso-pozik-gagoz-urdaibaiko-jentearen-erantzunagaz\\\/\",\"name\":\"Benantzi Bilbao: \\\"Oso pozik gagoz Urdaibaiko jentearen erantzunagaz\\\" - Bilboko Elizbarrutia - Di\u00f3cesis de Bilbao\",\"isPartOf\":{\"@id\":\"https:\\\/\\\/bizkeliza.org\\\/eu\\\/#website\"},\"primaryImageOfPage\":{\"@id\":\"https:\\\/\\\/bizkeliza.org\\\/eu\\\/noticia\\\/benantzi-bilbao-oso-pozik-gagoz-urdaibaiko-jentearen-erantzunagaz\\\/#primaryimage\"},\"image\":{\"@id\":\"https:\\\/\\\/bizkeliza.org\\\/eu\\\/noticia\\\/benantzi-bilbao-oso-pozik-gagoz-urdaibaiko-jentearen-erantzunagaz\\\/#primaryimage\"},\"thumbnailUrl\":\"https:\\\/\\\/bizkeliza.org\\\/wp-content\\\/uploads\\\/2026\\\/08\\\/Benantzi-e1786002363244.jpg\",\"datePublished\":\"2026-08-05T04:00:00+00:00\",\"dateModified\":\"2026-08-06T07:46:18+00:00\",\"breadcrumb\":{\"@id\":\"https:\\\/\\\/bizkeliza.org\\\/eu\\\/noticia\\\/benantzi-bilbao-oso-pozik-gagoz-urdaibaiko-jentearen-erantzunagaz\\\/#breadcrumb\"},\"inLanguage\":\"eu-ES\",\"potentialAction\":[{\"@type\":\"ReadAction\",\"target\":[\"https:\\\/\\\/bizkeliza.org\\\/eu\\\/noticia\\\/benantzi-bilbao-oso-pozik-gagoz-urdaibaiko-jentearen-erantzunagaz\\\/\"]}]},{\"@type\":\"ImageObject\",\"inLanguage\":\"eu-ES\",\"@id\":\"https:\\\/\\\/bizkeliza.org\\\/eu\\\/noticia\\\/benantzi-bilbao-oso-pozik-gagoz-urdaibaiko-jentearen-erantzunagaz\\\/#primaryimage\",\"url\":\"https:\\\/\\\/bizkeliza.org\\\/wp-content\\\/uploads\\\/2026\\\/08\\\/Benantzi-e1786002363244.jpg\",\"contentUrl\":\"https:\\\/\\\/bizkeliza.org\\\/wp-content\\\/uploads\\\/2026\\\/08\\\/Benantzi-e1786002363244.jpg\",\"width\":845,\"height\":675,\"caption\":\"Benantzi Bilbao flanqueado por el organista Fabio Frigato y el bar\u00edtono V\u00edctor Cruz\"},{\"@type\":\"BreadcrumbList\",\"@id\":\"https:\\\/\\\/bizkeliza.org\\\/eu\\\/noticia\\\/benantzi-bilbao-oso-pozik-gagoz-urdaibaiko-jentearen-erantzunagaz\\\/#breadcrumb\",\"itemListElement\":[{\"@type\":\"ListItem\",\"position\":1,\"name\":\"Portada\",\"item\":\"https:\\\/\\\/bizkeliza.org\\\/eu\\\/\"},{\"@type\":\"ListItem\",\"position\":2,\"name\":\"Benantzi Bilbao: \u00abOso pozik gagoz Urdaibaiko jentearen erantzunagaz\u00bb\"}]},{\"@type\":\"WebSite\",\"@id\":\"https:\\\/\\\/bizkeliza.org\\\/eu\\\/#website\",\"url\":\"https:\\\/\\\/bizkeliza.org\\\/eu\\\/\",\"name\":\"Di\u00f3cesis de Bilbao - Web oficial del Obispado\",\"description\":\"Di\u00f3cesis de Bilbao\",\"publisher\":{\"@id\":\"https:\\\/\\\/bizkeliza.org\\\/eu\\\/#organization\"},\"alternateName\":\"Di\u00f3cesis de Bilbao\",\"potentialAction\":[{\"@type\":\"SearchAction\",\"target\":{\"@type\":\"EntryPoint\",\"urlTemplate\":\"https:\\\/\\\/bizkeliza.org\\\/eu\\\/?s={search_term_string}\"},\"query-input\":{\"@type\":\"PropertyValueSpecification\",\"valueRequired\":true,\"valueName\":\"search_term_string\"}}],\"inLanguage\":\"eu-ES\"},{\"@type\":\"Organization\",\"@id\":\"https:\\\/\\\/bizkeliza.org\\\/eu\\\/#organization\",\"name\":\"Di\u00f3cesis de Bilbao - Web oficial del Obispado\",\"alternateName\":\"Di\u00f3cesis de Bilbao\",\"url\":\"https:\\\/\\\/bizkeliza.org\\\/eu\\\/\",\"logo\":{\"@type\":\"ImageObject\",\"inLanguage\":\"eu-ES\",\"@id\":\"https:\\\/\\\/bizkeliza.org\\\/eu\\\/#\\\/schema\\\/logo\\\/image\\\/\",\"url\":\"https:\\\/\\\/bizkeliza.org\\\/wp-content\\\/uploads\\\/2022\\\/06\\\/Logo-nuevo_2024-1-scaled.jpg\",\"contentUrl\":\"https:\\\/\\\/bizkeliza.org\\\/wp-content\\\/uploads\\\/2022\\\/06\\\/Logo-nuevo_2024-1-scaled.jpg\",\"width\":2560,\"height\":1024,\"caption\":\"Di\u00f3cesis de Bilbao - Web oficial del Obispado\"},\"image\":{\"@id\":\"https:\\\/\\\/bizkeliza.org\\\/eu\\\/#\\\/schema\\\/logo\\\/image\\\/\"},\"sameAs\":[\"https:\\\/\\\/www.facebook.com\\\/DiocesisBilbao\\\/\",\"https:\\\/\\\/x.com\\\/DiocesisBilbao\",\"https:\\\/\\\/www.instagram.com\\\/obispadobilbao\\\/\",\"https:\\\/\\\/www.youtube.com\\\/user\\\/bilbokoelizbarrutia\"],\"description\":\"Iglesia local de Bilbao perteneciente a la Iglesia Cat\u00f3lica\"},{\"@type\":\"Person\",\"@id\":\"https:\\\/\\\/bizkeliza.org\\\/eu\\\/#\\\/schema\\\/person\\\/acc5e302cb1997bd56026a6980544228\",\"name\":\"dalberdi\"}]}<\/script>\n<!-- \/ Yoast SEO Premium plugin. -->","yoast_head_json":{"title":"Benantzi Bilbao: \"Oso pozik gagoz Urdaibaiko jentearen erantzunagaz\" - Bilboko Elizbarrutia - Di\u00f3cesis de Bilbao","robots":{"index":"index","follow":"follow","max-snippet":"max-snippet:-1","max-image-preview":"max-image-preview:large","max-video-preview":"max-video-preview:-1"},"canonical":"https:\/\/bizkeliza.org\/eu\/noticia\/benantzi-bilbao-oso-pozik-gagoz-urdaibaiko-jentearen-erantzunagaz\/","og_locale":"eu_ES","og_type":"article","og_title":"Benantzi Bilbao: \"Oso pozik gagoz Urdaibaiko jentearen erantzunagaz\"","og_description":"Alkarrizketa Urdaibaiko jaialdiaren bultzatzaile eta koordinatzaileari","og_url":"https:\/\/bizkeliza.org\/eu\/noticia\/benantzi-bilbao-oso-pozik-gagoz-urdaibaiko-jentearen-erantzunagaz\/","og_site_name":"Bilboko Elizbarrutia - Di\u00f3cesis de Bilbao","article_publisher":"https:\/\/www.facebook.com\/DiocesisBilbao\/","article_published_time":"2026-08-05T04:00:00+00:00","article_modified_time":"2026-08-06T07:46:18+00:00","og_image":[{"width":845,"height":675,"url":"https:\/\/bizkeliza.org\/wp-content\/uploads\/2026\/08\/Benantzi-e1786002363244.jpg","type":"image\/jpeg"}],"author":"dalberdi","twitter_card":"summary_large_image","twitter_creator":"@DiocesisBilbao","twitter_site":"@DiocesisBilbao","schema":{"@context":"https:\/\/schema.org","@graph":[{"@type":"Article","@id":"https:\/\/bizkeliza.org\/eu\/noticia\/benantzi-bilbao-oso-pozik-gagoz-urdaibaiko-jentearen-erantzunagaz\/#article","isPartOf":{"@id":"https:\/\/bizkeliza.org\/eu\/noticia\/benantzi-bilbao-oso-pozik-gagoz-urdaibaiko-jentearen-erantzunagaz\/"},"author":{"name":"dalberdi","@id":"https:\/\/bizkeliza.org\/eu\/#\/schema\/person\/acc5e302cb1997bd56026a6980544228"},"headline":"Benantzi Bilbao: &#8220;Oso pozik gagoz Urdaibaiko jentearen erantzunagaz&#8221;","datePublished":"2026-08-05T04:00:00+00:00","dateModified":"2026-08-06T07:46:18+00:00","mainEntityOfPage":{"@id":"https:\/\/bizkeliza.org\/eu\/noticia\/benantzi-bilbao-oso-pozik-gagoz-urdaibaiko-jentearen-erantzunagaz\/"},"wordCount":401,"publisher":{"@id":"https:\/\/bizkeliza.org\/eu\/#organization"},"image":{"@id":"https:\/\/bizkeliza.org\/eu\/noticia\/benantzi-bilbao-oso-pozik-gagoz-urdaibaiko-jentearen-erantzunagaz\/#primaryimage"},"thumbnailUrl":"https:\/\/bizkeliza.org\/wp-content\/uploads\/2026\/08\/Benantzi-e1786002363244.jpg","articleSection":["Kultura","Lehenengo Orrialdea"],"inLanguage":"eu-ES"},{"@type":"WebPage","@id":"https:\/\/bizkeliza.org\/eu\/noticia\/benantzi-bilbao-oso-pozik-gagoz-urdaibaiko-jentearen-erantzunagaz\/","url":"https:\/\/bizkeliza.org\/eu\/noticia\/benantzi-bilbao-oso-pozik-gagoz-urdaibaiko-jentearen-erantzunagaz\/","name":"Benantzi Bilbao: \"Oso pozik gagoz Urdaibaiko jentearen erantzunagaz\" - Bilboko Elizbarrutia - Di\u00f3cesis de Bilbao","isPartOf":{"@id":"https:\/\/bizkeliza.org\/eu\/#website"},"primaryImageOfPage":{"@id":"https:\/\/bizkeliza.org\/eu\/noticia\/benantzi-bilbao-oso-pozik-gagoz-urdaibaiko-jentearen-erantzunagaz\/#primaryimage"},"image":{"@id":"https:\/\/bizkeliza.org\/eu\/noticia\/benantzi-bilbao-oso-pozik-gagoz-urdaibaiko-jentearen-erantzunagaz\/#primaryimage"},"thumbnailUrl":"https:\/\/bizkeliza.org\/wp-content\/uploads\/2026\/08\/Benantzi-e1786002363244.jpg","datePublished":"2026-08-05T04:00:00+00:00","dateModified":"2026-08-06T07:46:18+00:00","breadcrumb":{"@id":"https:\/\/bizkeliza.org\/eu\/noticia\/benantzi-bilbao-oso-pozik-gagoz-urdaibaiko-jentearen-erantzunagaz\/#breadcrumb"},"inLanguage":"eu-ES","potentialAction":[{"@type":"ReadAction","target":["https:\/\/bizkeliza.org\/eu\/noticia\/benantzi-bilbao-oso-pozik-gagoz-urdaibaiko-jentearen-erantzunagaz\/"]}]},{"@type":"ImageObject","inLanguage":"eu-ES","@id":"https:\/\/bizkeliza.org\/eu\/noticia\/benantzi-bilbao-oso-pozik-gagoz-urdaibaiko-jentearen-erantzunagaz\/#primaryimage","url":"https:\/\/bizkeliza.org\/wp-content\/uploads\/2026\/08\/Benantzi-e1786002363244.jpg","contentUrl":"https:\/\/bizkeliza.org\/wp-content\/uploads\/2026\/08\/Benantzi-e1786002363244.jpg","width":845,"height":675,"caption":"Benantzi Bilbao flanqueado por el organista Fabio Frigato y el bar\u00edtono V\u00edctor Cruz"},{"@type":"BreadcrumbList","@id":"https:\/\/bizkeliza.org\/eu\/noticia\/benantzi-bilbao-oso-pozik-gagoz-urdaibaiko-jentearen-erantzunagaz\/#breadcrumb","itemListElement":[{"@type":"ListItem","position":1,"name":"Portada","item":"https:\/\/bizkeliza.org\/eu\/"},{"@type":"ListItem","position":2,"name":"Benantzi Bilbao: \u00abOso pozik gagoz Urdaibaiko jentearen erantzunagaz\u00bb"}]},{"@type":"WebSite","@id":"https:\/\/bizkeliza.org\/eu\/#website","url":"https:\/\/bizkeliza.org\/eu\/","name":"Di\u00f3cesis de Bilbao - Web oficial del Obispado","description":"Di\u00f3cesis de Bilbao","publisher":{"@id":"https:\/\/bizkeliza.org\/eu\/#organization"},"alternateName":"Di\u00f3cesis de Bilbao","potentialAction":[{"@type":"SearchAction","target":{"@type":"EntryPoint","urlTemplate":"https:\/\/bizkeliza.org\/eu\/?s={search_term_string}"},"query-input":{"@type":"PropertyValueSpecification","valueRequired":true,"valueName":"search_term_string"}}],"inLanguage":"eu-ES"},{"@type":"Organization","@id":"https:\/\/bizkeliza.org\/eu\/#organization","name":"Di\u00f3cesis de Bilbao - Web oficial del Obispado","alternateName":"Di\u00f3cesis de Bilbao","url":"https:\/\/bizkeliza.org\/eu\/","logo":{"@type":"ImageObject","inLanguage":"eu-ES","@id":"https:\/\/bizkeliza.org\/eu\/#\/schema\/logo\/image\/","url":"https:\/\/bizkeliza.org\/wp-content\/uploads\/2022\/06\/Logo-nuevo_2024-1-scaled.jpg","contentUrl":"https:\/\/bizkeliza.org\/wp-content\/uploads\/2022\/06\/Logo-nuevo_2024-1-scaled.jpg","width":2560,"height":1024,"caption":"Di\u00f3cesis de Bilbao - Web oficial del Obispado"},"image":{"@id":"https:\/\/bizkeliza.org\/eu\/#\/schema\/logo\/image\/"},"sameAs":["https:\/\/www.facebook.com\/DiocesisBilbao\/","https:\/\/x.com\/DiocesisBilbao","https:\/\/www.instagram.com\/obispadobilbao\/","https:\/\/www.youtube.com\/user\/bilbokoelizbarrutia"],"description":"Iglesia local de Bilbao perteneciente a la Iglesia Cat\u00f3lica"},{"@type":"Person","@id":"https:\/\/bizkeliza.org\/eu\/#\/schema\/person\/acc5e302cb1997bd56026a6980544228","name":"dalberdi"}]}},"_links":{"self":[{"href":"https:\/\/bizkeliza.org\/eu\/wp-json\/wp\/v2\/posts\/195895","targetHints":{"allow":["GET"]}}],"collection":[{"href":"https:\/\/bizkeliza.org\/eu\/wp-json\/wp\/v2\/posts"}],"about":[{"href":"https:\/\/bizkeliza.org\/eu\/wp-json\/wp\/v2\/types\/post"}],"author":[{"embeddable":true,"href":"https:\/\/bizkeliza.org\/eu\/wp-json\/wp\/v2\/users\/19"}],"replies":[{"embeddable":true,"href":"https:\/\/bizkeliza.org\/eu\/wp-json\/wp\/v2\/comments?post=195895"}],"version-history":[{"count":4,"href":"https:\/\/bizkeliza.org\/eu\/wp-json\/wp\/v2\/posts\/195895\/revisions"}],"predecessor-version":[{"id":195917,"href":"https:\/\/bizkeliza.org\/eu\/wp-json\/wp\/v2\/posts\/195895\/revisions\/195917"}],"wp:featuredmedia":[{"embeddable":true,"href":"https:\/\/bizkeliza.org\/eu\/wp-json\/wp\/v2\/media\/195872"}],"wp:attachment":[{"href":"https:\/\/bizkeliza.org\/eu\/wp-json\/wp\/v2\/media?parent=195895"}],"wp:term":[{"taxonomy":"category","embeddable":true,"href":"https:\/\/bizkeliza.org\/eu\/wp-json\/wp\/v2\/categories?post=195895"},{"taxonomy":"post_tag","embeddable":true,"href":"https:\/\/bizkeliza.org\/eu\/wp-json\/wp\/v2\/tags?post=195895"}],"curies":[{"name":"wp","href":"https:\/\/api.w.org\/{rel}","templated":true}]}}