{"id":195943,"date":"2026-08-06T06:00:00","date_gmt":"2026-08-06T04:00:00","guid":{"rendered":"https:\/\/bizkeliza.org\/?p=195943"},"modified":"2026-08-06T06:52:39","modified_gmt":"2026-08-06T04:52:39","slug":"ama-birjinaren-bederatziurrena-bizkaiko-parrokietan","status":"publish","type":"post","link":"https:\/\/bizkeliza.org\/eu\/noticia\/ama-birjinaren-bederatziurrena-bizkaiko-parrokietan\/","title":{"rendered":"Ama Birjinaren bederatziurrena Bizkaiko parrokietan"},"content":{"rendered":"\n<p class=\"wp-block-paragraph\">Basilika prest dago abuztuko hitzordu handirako. Bego\u00f1ako Ama Birjinaren irudiak mantu zuria erakusten dau, Jasokundeari lotutako liturgia kolorea, eta bederatziurrena egunero errezauko da 11:00etako eta 19:00etako mezetan.<\/p>\n\n<h3 id=\"h-tres-mantos-tres-momentos-del-ano\" class=\"wp-block-heading\">Hiru soineko, urteko hiru une<\/h3>\n\n<p class=\"wp-block-paragraph\">Bego\u00f1ako Ama Birjinak urte osoan ez dau soineko bera janzten. Irudia hiru aldiz apaintzen da: soineko zuria, garai honetan abuztuko Jasokundeari begira agiri dana; gorria, Mendekoste egunerako gordeta dagoena; eta urdina, Sortzez Garbiaren egunean, gabonilaren 8an, daroana.<\/p>\n\n<figure class=\"wp-block-image size-large\"><img decoding=\"async\" width=\"768\" height=\"1024\" src=\"https:\/\/bizkeliza.org\/wp-content\/uploads\/2026\/08\/Amatxu-2-768x1024.jpg\" alt=\"\" class=\"wp-image-195926\"\/><\/figure>\n\n<h3 id=\"h-una-costumbre-que-se-remonta-al-s-xiii\" class=\"wp-block-heading\">XIII. mendeko ohiturea<\/h3>\n\n<p class=\"wp-block-paragraph\"><p>Mariaren irudiak jantziekin estaltzeko praktika, aspaldikoa da. Andr\u00e9s E. de Ma\u00f1aric\u00faa historialariak Bego\u00f1ako Andra Maria bere lanean Bizkaiko historia espiritualean jasotzen dauenez, ohitura beluenez XIII. mendean hasi zan eta XIV. mendean orokortu zan.<\/p><\/p>\n\n<p class=\"wp-block-paragraph\">Bego\u00f1ako Amatxuren kasuan, itxura guztien arabera, irudia XVI. mendearen hasieran hasi zan janzten, garai hatako inbentarioetan jasotako mantuen dohaintzek islatzen daben lez.<\/p>\n\n<p class=\"wp-block-paragraph\"><p>Halanda guztiz be, eta ehungintzako tradizino hori aberatsa izan arren, &#8220;Jantzien azpian ezkutuan dagoan irudi gotiko originalean datza benetako balio artistikoa&#8221;, parrokiatik autortzen daben legez.<\/p><\/p>\n\n<h3 id=\"h-la-talla-original-bajo-el-manto\" class=\"wp-block-heading\">Jatorrizko irudia soinekoaren azpian<\/h3>\n\n<p class=\"wp-block-paragraph\">Ama Birjinak eta Haurrak \u2014 amaren ezkerreko hankaren gainean jesarrita \u2014 berezko tunika eta mantua janzten dabe jatorrizko eskulturan, urtean zehar gainjartzen jakozan oihalekin zerikusirik ez dabenak. Horri dagokionez, aita Lizarralderen idazkiak jasotzen dauz Ma\u00f1aricuak. Aita Lizarraldek zehetasunez deskribidu eban irudiaren dekorazino-prozesua: egurraren gainean, igeltsuzko geruza fin batez estalitako arpillera oihal bat jarri zan, eta, ondoren, haren gainean margotu zan. XV. mendean irudia polikromatu eben: urdin argia barruko erroparen agiriko zatientzat, zuria beloarentzat, baltza ulearentzat eta urdin iluna mantuarentzat. XVIII. mendean zehar zaharbarritze ikutu txiki batzuk jaso ebazan.&#13;\n<\/p>\n\n<figure class=\"wp-block-image aligncenter size-full is-resized\"><img decoding=\"async\" width=\"298\" height=\"447\" src=\"https:\/\/bizkeliza.org\/wp-content\/uploads\/2026\/08\/begona.jpg\" alt=\"Bego&#xF1;ako Amaren jatorrizko irudia\" class=\"wp-image-195933\" style=\"width:461px;height:auto\" srcset=\"https:\/\/bizkeliza.org\/wp-content\/uploads\/2026\/08\/begona.jpg 298w, https:\/\/bizkeliza.org\/wp-content\/uploads\/2026\/08\/begona-200x300.jpg 200w\" sizes=\"(max-width: 298px) 100vw, 298px\" \/><figcaption class=\"wp-element-caption\">Bego\u00f1ako Amaren jatorrizko irudia<\/figcaption><\/figure>\n\n<h3 id=\"h-las-huellas-del-tiempo\" class=\"wp-block-heading\">Denporaren aztarnak<\/h3>\n\n<p class=\"wp-block-paragraph\">Amatxuren historia ez da gaur egun deigarriak diran hitzaldietatik salbuetsita egon. Tailaren buruaren goikaldea moztu egin eben bere historiako uneren batean, kasko mehe bat jarri ahal izateko, antza danez, koroa solte bati eusteko egokitua. Eskoiko eskua be moztu eutsien, jatorrian lora bati eusten eutsana \u2014 halan dokumentetan da oindino XVIII. mendearen bigarren erdian \u2014. Gaur egun, Ama Birjinak sagar bat daroa esku horretan.<\/p>\n\n<h3 id=\"h-la-amatxu-mas-alla-de-bizkaia\" class=\"wp-block-heading\">Amatxu, mundutik zehar<\/h3>\n\n<p class=\"wp-block-paragraph\">Bego\u00f1ako Amabirjinarenganako  debozinoa bere bizkaitar jatorriek iradoki leikien baino askoz be urrunago joan da. Euren lurraldetik kanpo ezarri ziran bizkaitarren belaunaldiek Amatxuren ama-babesa ekarri eben, eta gaur egun munduko leku askotan ikus daiteke:&#13;\n<\/p>\n\n<ul class=\"wp-block-list\">\n<li>Gaztelugatxeko Doniene (Bermeo)<\/li>\n\n\n\n<li>Almaziga (Tenerife)<\/li>\n\n\n\n<li>Gijon<\/li>\n\n\n\n<li>Madril<\/li>\n\n\n\n<li>Florida (Miami)<\/li>\n\n\n\n<li>Miraflores de la Sierra (Madril)<\/li>\n\n\n\n<li>Sagunt (Valentzia)<\/li>\n\n\n\n<li>Naguanagua (Venezuela)<\/li>\n\n\n\n<li>Bilboko uria (Mexiko)<\/li>\n<\/ul>\n\n<p class=\"wp-block-paragraph\"><p>Azken kasu hori apartekoa da. Debozinoa garai kolonialean iritsi zan Mexikoko herrira, eta gaur egun XVIII. mendeko pintura historiko baten bidez kontserbetan da, Bilbo Hiria Ejidoan zaharbarritua eta zaindua, Viescako udalerrian, Coahuila estaduan (Mexiko). Jatorriz Espainiatik ekarritako mihisea balio kultural handiko pieza da komunidadearentzat, bere sorreraren jatorria marketan dau-eta..<\/p><\/p>\n\n<figure class=\"wp-block-embed is-type-wp-embed is-provider-bilboko-elizbarrutia-di-cesis-de-bilbao wp-block-embed-bilboko-elizbarrutia-di-cesis-de-bilbao\"><div class=\"wp-block-embed__wrapper\">\r\n<blockquote class=\"wp-embedded-content\" data-secret=\"KzQbIsHYJa\"><a href=\"https:\/\/bizkeliza.org\/noticia\/la-almaciga-celebra-el-75-aniversario-de-la-llegada-de-una-botella-con-la-imagen-de-la-virgen-de-begona\/\">75 a\u00f1os de la llegada de la botella con la imagen de la Amatxu a Tenerife<\/a><\/blockquote><iframe loading=\"lazy\" class=\"wp-embedded-content\" sandbox=\"allow-scripts\" security=\"restricted\" style=\"position: absolute; visibility: hidden;\" title=\"\u00ab75 a\u00f1os de la llegada de la botella con la imagen de la Amatxu a Tenerife\u00bb \u2014 Bilboko Elizbarrutia - Di\u00f3cesis de Bilbao\" src=\"https:\/\/bizkeliza.org\/noticia\/la-almaciga-celebra-el-75-aniversario-de-la-llegada-de-una-botella-con-la-imagen-de-la-virgen-de-begona\/embed\/#?secret=xm50mhAVXL#?secret=KzQbIsHYJa\" data-secret=\"KzQbIsHYJa\" width=\"600\" height=\"338\" frameborder=\"0\" marginwidth=\"0\" marginheight=\"0\" scrolling=\"no\"><\/iframe>\r\n<\/div><\/figure><br>\n","protected":false},"excerpt":{"rendered":"<p>Amatxuk jantzita daroa sasoi honetako soineko zuria. Bederatziurrena 11:00etako eta 19:00etako mezetan errezauko da.<\/p>\n","protected":false},"author":19,"featured_media":195924,"comment_status":"closed","ping_status":"closed","sticky":false,"template":"","format":"standard","meta":{"_acf_changed":false,"_et_pb_use_builder":"off","_et_pb_old_content":"","_et_gb_content_width":"","footnotes":""},"categories":[506],"tags":[517],"class_list":["post-195943","post","type-post","status-publish","format-standard","has-post-thumbnail","hentry","category-lehenengo-orrialdea","tag-amatxu-eu"],"acf":[],"yoast_head":"<!-- This site is optimized with the Yoast SEO Premium plugin v28.1 (Yoast SEO v28.1) - https:\/\/yoast.com\/product\/yoast-seo-premium-wordpress\/ -->\n<title>Virgen de Bego\u00f1a: La Tradici\u00f3n del Manto Blanco - Bilboko Elizbarrutia - Di\u00f3cesis de Bilbao<\/title>\n<meta name=\"robots\" content=\"index, follow, max-snippet:-1, max-image-preview:large, max-video-preview:-1\" \/>\n<link rel=\"canonical\" href=\"https:\/\/bizkeliza.org\/eu\/noticia\/ama-birjinaren-bederatziurrena-bizkaiko-parrokietan\/\" \/>\n<meta property=\"og:locale\" content=\"eu_ES\" \/>\n<meta property=\"og:type\" content=\"article\" \/>\n<meta property=\"og:title\" content=\"Ama Birjinaren bederatziurrena Bizkaiko parrokietan\" \/>\n<meta property=\"og:description\" content=\"Amatxuk jantzita daroa sasoi honetako soineko zuria. Bederatziurrena 11:00etako eta 19:00etako mezetan errezauko da.\" \/>\n<meta property=\"og:url\" content=\"https:\/\/bizkeliza.org\/eu\/noticia\/ama-birjinaren-bederatziurrena-bizkaiko-parrokietan\/\" \/>\n<meta property=\"og:site_name\" content=\"Bilboko Elizbarrutia - Di\u00f3cesis de Bilbao\" \/>\n<meta property=\"article:publisher\" content=\"https:\/\/www.facebook.com\/DiocesisBilbao\/\" \/>\n<meta property=\"article:published_time\" content=\"2026-08-06T04:00:00+00:00\" \/>\n<meta property=\"article:modified_time\" content=\"2026-08-06T04:52:39+00:00\" \/>\n<meta property=\"og:image\" content=\"https:\/\/bizkeliza.org\/wp-content\/uploads\/2026\/08\/Amatxu.webp\" \/>\n\t<meta property=\"og:image:width\" content=\"1080\" \/>\n\t<meta property=\"og:image:height\" content=\"675\" \/>\n\t<meta property=\"og:image:type\" content=\"image\/webp\" \/>\n<meta name=\"author\" content=\"dalberdi\" \/>\n<meta name=\"twitter:card\" content=\"summary_large_image\" \/>\n<meta name=\"twitter:creator\" content=\"@DiocesisBilbao\" \/>\n<meta name=\"twitter:site\" content=\"@DiocesisBilbao\" \/>\n<script type=\"application\/ld+json\" class=\"yoast-schema-graph\">{\"@context\":\"https:\\\/\\\/schema.org\",\"@graph\":[{\"@type\":\"Article\",\"@id\":\"https:\\\/\\\/bizkeliza.org\\\/eu\\\/noticia\\\/ama-birjinaren-bederatziurrena-bizkaiko-parrokietan\\\/#article\",\"isPartOf\":{\"@id\":\"https:\\\/\\\/bizkeliza.org\\\/eu\\\/noticia\\\/ama-birjinaren-bederatziurrena-bizkaiko-parrokietan\\\/\"},\"author\":{\"name\":\"dalberdi\",\"@id\":\"https:\\\/\\\/bizkeliza.org\\\/eu\\\/#\\\/schema\\\/person\\\/acc5e302cb1997bd56026a6980544228\"},\"headline\":\"Ama Birjinaren bederatziurrena Bizkaiko parrokietan\",\"datePublished\":\"2026-08-06T04:00:00+00:00\",\"dateModified\":\"2026-08-06T04:52:39+00:00\",\"mainEntityOfPage\":{\"@id\":\"https:\\\/\\\/bizkeliza.org\\\/eu\\\/noticia\\\/ama-birjinaren-bederatziurrena-bizkaiko-parrokietan\\\/\"},\"wordCount\":436,\"publisher\":{\"@id\":\"https:\\\/\\\/bizkeliza.org\\\/eu\\\/#organization\"},\"image\":{\"@id\":\"https:\\\/\\\/bizkeliza.org\\\/eu\\\/noticia\\\/ama-birjinaren-bederatziurrena-bizkaiko-parrokietan\\\/#primaryimage\"},\"thumbnailUrl\":\"https:\\\/\\\/bizkeliza.org\\\/wp-content\\\/uploads\\\/2026\\\/08\\\/Amatxu.webp\",\"keywords\":[\"Amatxu\"],\"articleSection\":[\"Lehenengo Orrialdea\"],\"inLanguage\":\"eu-ES\"},{\"@type\":\"WebPage\",\"@id\":\"https:\\\/\\\/bizkeliza.org\\\/eu\\\/noticia\\\/ama-birjinaren-bederatziurrena-bizkaiko-parrokietan\\\/\",\"url\":\"https:\\\/\\\/bizkeliza.org\\\/eu\\\/noticia\\\/ama-birjinaren-bederatziurrena-bizkaiko-parrokietan\\\/\",\"name\":\"Virgen de Bego\u00f1a: La Tradici\u00f3n del Manto Blanco - Bilboko Elizbarrutia - Di\u00f3cesis de Bilbao\",\"isPartOf\":{\"@id\":\"https:\\\/\\\/bizkeliza.org\\\/eu\\\/#website\"},\"primaryImageOfPage\":{\"@id\":\"https:\\\/\\\/bizkeliza.org\\\/eu\\\/noticia\\\/ama-birjinaren-bederatziurrena-bizkaiko-parrokietan\\\/#primaryimage\"},\"image\":{\"@id\":\"https:\\\/\\\/bizkeliza.org\\\/eu\\\/noticia\\\/ama-birjinaren-bederatziurrena-bizkaiko-parrokietan\\\/#primaryimage\"},\"thumbnailUrl\":\"https:\\\/\\\/bizkeliza.org\\\/wp-content\\\/uploads\\\/2026\\\/08\\\/Amatxu.webp\",\"datePublished\":\"2026-08-06T04:00:00+00:00\",\"dateModified\":\"2026-08-06T04:52:39+00:00\",\"breadcrumb\":{\"@id\":\"https:\\\/\\\/bizkeliza.org\\\/eu\\\/noticia\\\/ama-birjinaren-bederatziurrena-bizkaiko-parrokietan\\\/#breadcrumb\"},\"inLanguage\":\"eu-ES\",\"potentialAction\":[{\"@type\":\"ReadAction\",\"target\":[\"https:\\\/\\\/bizkeliza.org\\\/eu\\\/noticia\\\/ama-birjinaren-bederatziurrena-bizkaiko-parrokietan\\\/\"]}]},{\"@type\":\"ImageObject\",\"inLanguage\":\"eu-ES\",\"@id\":\"https:\\\/\\\/bizkeliza.org\\\/eu\\\/noticia\\\/ama-birjinaren-bederatziurrena-bizkaiko-parrokietan\\\/#primaryimage\",\"url\":\"https:\\\/\\\/bizkeliza.org\\\/wp-content\\\/uploads\\\/2026\\\/08\\\/Amatxu.webp\",\"contentUrl\":\"https:\\\/\\\/bizkeliza.org\\\/wp-content\\\/uploads\\\/2026\\\/08\\\/Amatxu.webp\",\"width\":1080,\"height\":675,\"caption\":\"Revistiendo a la Virgen\"},{\"@type\":\"BreadcrumbList\",\"@id\":\"https:\\\/\\\/bizkeliza.org\\\/eu\\\/noticia\\\/ama-birjinaren-bederatziurrena-bizkaiko-parrokietan\\\/#breadcrumb\",\"itemListElement\":[{\"@type\":\"ListItem\",\"position\":1,\"name\":\"Portada\",\"item\":\"https:\\\/\\\/bizkeliza.org\\\/eu\\\/\"},{\"@type\":\"ListItem\",\"position\":2,\"name\":\"Ama Birjinaren bederatziurrena Bizkaiko parrokietan\"}]},{\"@type\":\"WebSite\",\"@id\":\"https:\\\/\\\/bizkeliza.org\\\/eu\\\/#website\",\"url\":\"https:\\\/\\\/bizkeliza.org\\\/eu\\\/\",\"name\":\"Di\u00f3cesis de Bilbao - Web oficial del Obispado\",\"description\":\"Di\u00f3cesis de Bilbao\",\"publisher\":{\"@id\":\"https:\\\/\\\/bizkeliza.org\\\/eu\\\/#organization\"},\"alternateName\":\"Di\u00f3cesis de Bilbao\",\"potentialAction\":[{\"@type\":\"SearchAction\",\"target\":{\"@type\":\"EntryPoint\",\"urlTemplate\":\"https:\\\/\\\/bizkeliza.org\\\/eu\\\/?s={search_term_string}\"},\"query-input\":{\"@type\":\"PropertyValueSpecification\",\"valueRequired\":true,\"valueName\":\"search_term_string\"}}],\"inLanguage\":\"eu-ES\"},{\"@type\":\"Organization\",\"@id\":\"https:\\\/\\\/bizkeliza.org\\\/eu\\\/#organization\",\"name\":\"Di\u00f3cesis de Bilbao - Web oficial del Obispado\",\"alternateName\":\"Di\u00f3cesis de Bilbao\",\"url\":\"https:\\\/\\\/bizkeliza.org\\\/eu\\\/\",\"logo\":{\"@type\":\"ImageObject\",\"inLanguage\":\"eu-ES\",\"@id\":\"https:\\\/\\\/bizkeliza.org\\\/eu\\\/#\\\/schema\\\/logo\\\/image\\\/\",\"url\":\"https:\\\/\\\/bizkeliza.org\\\/wp-content\\\/uploads\\\/2022\\\/06\\\/Logo-nuevo_2024-1-scaled.jpg\",\"contentUrl\":\"https:\\\/\\\/bizkeliza.org\\\/wp-content\\\/uploads\\\/2022\\\/06\\\/Logo-nuevo_2024-1-scaled.jpg\",\"width\":2560,\"height\":1024,\"caption\":\"Di\u00f3cesis de Bilbao - Web oficial del Obispado\"},\"image\":{\"@id\":\"https:\\\/\\\/bizkeliza.org\\\/eu\\\/#\\\/schema\\\/logo\\\/image\\\/\"},\"sameAs\":[\"https:\\\/\\\/www.facebook.com\\\/DiocesisBilbao\\\/\",\"https:\\\/\\\/x.com\\\/DiocesisBilbao\",\"https:\\\/\\\/www.instagram.com\\\/obispadobilbao\\\/\",\"https:\\\/\\\/www.youtube.com\\\/user\\\/bilbokoelizbarrutia\"],\"description\":\"Iglesia local de Bilbao perteneciente a la Iglesia Cat\u00f3lica\"},{\"@type\":\"Person\",\"@id\":\"https:\\\/\\\/bizkeliza.org\\\/eu\\\/#\\\/schema\\\/person\\\/acc5e302cb1997bd56026a6980544228\",\"name\":\"dalberdi\"}]}<\/script>\n<!-- \/ Yoast SEO Premium plugin. -->","yoast_head_json":{"title":"Virgen de Bego\u00f1a: La Tradici\u00f3n del Manto Blanco - Bilboko Elizbarrutia - Di\u00f3cesis de Bilbao","robots":{"index":"index","follow":"follow","max-snippet":"max-snippet:-1","max-image-preview":"max-image-preview:large","max-video-preview":"max-video-preview:-1"},"canonical":"https:\/\/bizkeliza.org\/eu\/noticia\/ama-birjinaren-bederatziurrena-bizkaiko-parrokietan\/","og_locale":"eu_ES","og_type":"article","og_title":"Ama Birjinaren bederatziurrena Bizkaiko parrokietan","og_description":"Amatxuk jantzita daroa sasoi honetako soineko zuria. Bederatziurrena 11:00etako eta 19:00etako mezetan errezauko da.","og_url":"https:\/\/bizkeliza.org\/eu\/noticia\/ama-birjinaren-bederatziurrena-bizkaiko-parrokietan\/","og_site_name":"Bilboko Elizbarrutia - Di\u00f3cesis de Bilbao","article_publisher":"https:\/\/www.facebook.com\/DiocesisBilbao\/","article_published_time":"2026-08-06T04:00:00+00:00","article_modified_time":"2026-08-06T04:52:39+00:00","og_image":[{"width":1080,"height":675,"url":"https:\/\/bizkeliza.org\/wp-content\/uploads\/2026\/08\/Amatxu.webp","type":"image\/webp"}],"author":"dalberdi","twitter_card":"summary_large_image","twitter_creator":"@DiocesisBilbao","twitter_site":"@DiocesisBilbao","schema":{"@context":"https:\/\/schema.org","@graph":[{"@type":"Article","@id":"https:\/\/bizkeliza.org\/eu\/noticia\/ama-birjinaren-bederatziurrena-bizkaiko-parrokietan\/#article","isPartOf":{"@id":"https:\/\/bizkeliza.org\/eu\/noticia\/ama-birjinaren-bederatziurrena-bizkaiko-parrokietan\/"},"author":{"name":"dalberdi","@id":"https:\/\/bizkeliza.org\/eu\/#\/schema\/person\/acc5e302cb1997bd56026a6980544228"},"headline":"Ama Birjinaren bederatziurrena Bizkaiko parrokietan","datePublished":"2026-08-06T04:00:00+00:00","dateModified":"2026-08-06T04:52:39+00:00","mainEntityOfPage":{"@id":"https:\/\/bizkeliza.org\/eu\/noticia\/ama-birjinaren-bederatziurrena-bizkaiko-parrokietan\/"},"wordCount":436,"publisher":{"@id":"https:\/\/bizkeliza.org\/eu\/#organization"},"image":{"@id":"https:\/\/bizkeliza.org\/eu\/noticia\/ama-birjinaren-bederatziurrena-bizkaiko-parrokietan\/#primaryimage"},"thumbnailUrl":"https:\/\/bizkeliza.org\/wp-content\/uploads\/2026\/08\/Amatxu.webp","keywords":["Amatxu"],"articleSection":["Lehenengo Orrialdea"],"inLanguage":"eu-ES"},{"@type":"WebPage","@id":"https:\/\/bizkeliza.org\/eu\/noticia\/ama-birjinaren-bederatziurrena-bizkaiko-parrokietan\/","url":"https:\/\/bizkeliza.org\/eu\/noticia\/ama-birjinaren-bederatziurrena-bizkaiko-parrokietan\/","name":"Virgen de Bego\u00f1a: La Tradici\u00f3n del Manto Blanco - Bilboko Elizbarrutia - Di\u00f3cesis de Bilbao","isPartOf":{"@id":"https:\/\/bizkeliza.org\/eu\/#website"},"primaryImageOfPage":{"@id":"https:\/\/bizkeliza.org\/eu\/noticia\/ama-birjinaren-bederatziurrena-bizkaiko-parrokietan\/#primaryimage"},"image":{"@id":"https:\/\/bizkeliza.org\/eu\/noticia\/ama-birjinaren-bederatziurrena-bizkaiko-parrokietan\/#primaryimage"},"thumbnailUrl":"https:\/\/bizkeliza.org\/wp-content\/uploads\/2026\/08\/Amatxu.webp","datePublished":"2026-08-06T04:00:00+00:00","dateModified":"2026-08-06T04:52:39+00:00","breadcrumb":{"@id":"https:\/\/bizkeliza.org\/eu\/noticia\/ama-birjinaren-bederatziurrena-bizkaiko-parrokietan\/#breadcrumb"},"inLanguage":"eu-ES","potentialAction":[{"@type":"ReadAction","target":["https:\/\/bizkeliza.org\/eu\/noticia\/ama-birjinaren-bederatziurrena-bizkaiko-parrokietan\/"]}]},{"@type":"ImageObject","inLanguage":"eu-ES","@id":"https:\/\/bizkeliza.org\/eu\/noticia\/ama-birjinaren-bederatziurrena-bizkaiko-parrokietan\/#primaryimage","url":"https:\/\/bizkeliza.org\/wp-content\/uploads\/2026\/08\/Amatxu.webp","contentUrl":"https:\/\/bizkeliza.org\/wp-content\/uploads\/2026\/08\/Amatxu.webp","width":1080,"height":675,"caption":"Revistiendo a la Virgen"},{"@type":"BreadcrumbList","@id":"https:\/\/bizkeliza.org\/eu\/noticia\/ama-birjinaren-bederatziurrena-bizkaiko-parrokietan\/#breadcrumb","itemListElement":[{"@type":"ListItem","position":1,"name":"Portada","item":"https:\/\/bizkeliza.org\/eu\/"},{"@type":"ListItem","position":2,"name":"Ama Birjinaren bederatziurrena Bizkaiko parrokietan"}]},{"@type":"WebSite","@id":"https:\/\/bizkeliza.org\/eu\/#website","url":"https:\/\/bizkeliza.org\/eu\/","name":"Di\u00f3cesis de Bilbao - Web oficial del Obispado","description":"Di\u00f3cesis de Bilbao","publisher":{"@id":"https:\/\/bizkeliza.org\/eu\/#organization"},"alternateName":"Di\u00f3cesis de Bilbao","potentialAction":[{"@type":"SearchAction","target":{"@type":"EntryPoint","urlTemplate":"https:\/\/bizkeliza.org\/eu\/?s={search_term_string}"},"query-input":{"@type":"PropertyValueSpecification","valueRequired":true,"valueName":"search_term_string"}}],"inLanguage":"eu-ES"},{"@type":"Organization","@id":"https:\/\/bizkeliza.org\/eu\/#organization","name":"Di\u00f3cesis de Bilbao - Web oficial del Obispado","alternateName":"Di\u00f3cesis de Bilbao","url":"https:\/\/bizkeliza.org\/eu\/","logo":{"@type":"ImageObject","inLanguage":"eu-ES","@id":"https:\/\/bizkeliza.org\/eu\/#\/schema\/logo\/image\/","url":"https:\/\/bizkeliza.org\/wp-content\/uploads\/2022\/06\/Logo-nuevo_2024-1-scaled.jpg","contentUrl":"https:\/\/bizkeliza.org\/wp-content\/uploads\/2022\/06\/Logo-nuevo_2024-1-scaled.jpg","width":2560,"height":1024,"caption":"Di\u00f3cesis de Bilbao - Web oficial del Obispado"},"image":{"@id":"https:\/\/bizkeliza.org\/eu\/#\/schema\/logo\/image\/"},"sameAs":["https:\/\/www.facebook.com\/DiocesisBilbao\/","https:\/\/x.com\/DiocesisBilbao","https:\/\/www.instagram.com\/obispadobilbao\/","https:\/\/www.youtube.com\/user\/bilbokoelizbarrutia"],"description":"Iglesia local de Bilbao perteneciente a la Iglesia Cat\u00f3lica"},{"@type":"Person","@id":"https:\/\/bizkeliza.org\/eu\/#\/schema\/person\/acc5e302cb1997bd56026a6980544228","name":"dalberdi"}]}},"_links":{"self":[{"href":"https:\/\/bizkeliza.org\/eu\/wp-json\/wp\/v2\/posts\/195943","targetHints":{"allow":["GET"]}}],"collection":[{"href":"https:\/\/bizkeliza.org\/eu\/wp-json\/wp\/v2\/posts"}],"about":[{"href":"https:\/\/bizkeliza.org\/eu\/wp-json\/wp\/v2\/types\/post"}],"author":[{"embeddable":true,"href":"https:\/\/bizkeliza.org\/eu\/wp-json\/wp\/v2\/users\/19"}],"replies":[{"embeddable":true,"href":"https:\/\/bizkeliza.org\/eu\/wp-json\/wp\/v2\/comments?post=195943"}],"version-history":[{"count":1,"href":"https:\/\/bizkeliza.org\/eu\/wp-json\/wp\/v2\/posts\/195943\/revisions"}],"predecessor-version":[{"id":195944,"href":"https:\/\/bizkeliza.org\/eu\/wp-json\/wp\/v2\/posts\/195943\/revisions\/195944"}],"wp:featuredmedia":[{"embeddable":true,"href":"https:\/\/bizkeliza.org\/eu\/wp-json\/wp\/v2\/media\/195924"}],"wp:attachment":[{"href":"https:\/\/bizkeliza.org\/eu\/wp-json\/wp\/v2\/media?parent=195943"}],"wp:term":[{"taxonomy":"category","embeddable":true,"href":"https:\/\/bizkeliza.org\/eu\/wp-json\/wp\/v2\/categories?post=195943"},{"taxonomy":"post_tag","embeddable":true,"href":"https:\/\/bizkeliza.org\/eu\/wp-json\/wp\/v2\/tags?post=195943"}],"curies":[{"name":"wp","href":"https:\/\/api.w.org\/{rel}","templated":true}]}}